{"id":2041414,"date":"2026-07-13T08:59:52","date_gmt":"2026-07-13T05:59:52","guid":{"rendered":"https:\/\/analyse.optim.biz\/?p=2041414"},"modified":"2026-07-13T08:59:52","modified_gmt":"2026-07-13T05:59:52","slug":"bolsevism-in-spania-guvernul-spaniol-vrea-sa-demoleze-monumentul-legionar-de-la-majadahonda","status":"publish","type":"post","link":"https:\/\/analyse.optim.biz\/?p=2041414","title":{"rendered":"BOL\u0218EVISM \u00ceN SPANIA! Guvernul spaniol vrea s\u0103 demoleze monumentul legionar de la Majadahonda"},"content":{"rendered":"<p>[analyse_image type=&#8221;featured&#8221; src=&#8221;https:\/\/www.incorectpolitic.com\/wp-content\/uploads\/2020\/03\/Monumentul_de_la_Majadahonda.jpg&#8221;]<\/p>\n<div class=\"entry\">\n<p>Vlad Voicu<strong><br \/>\nIncorect Politic<\/strong><br \/>\nIulie 13, 2026<\/p>\n<p><a href=\"https:\/\/www.incorectpolitic.com\/adrian-dohotaru-saboteaza-conferinta-dedicata-victimelor-inchisorilor-comuniste\/monumentul_de_la_majadahonda\/\" rel=\"attachment wp-att-34124\"><img loading=\"lazy\" decoding=\"async\" class=\"size-full wp-image-34124 aligncenter lazyload\" alt width=\"684\" height=\"466\" src=\"https:\/\/www.incorectpolitic.com\/wp-content\/uploads\/2020\/03\/Monumentul_de_la_Majadahonda.jpg\"><\/a><\/p>\n<p><img loading=\"lazy\" decoding=\"async\" class=\"size-full wp-image-34124 aligncenter\" src=\"https:\/\/www.incorectpolitic.com\/wp-content\/uploads\/2020\/03\/Monumentul_de_la_Majadahonda.jpg\" alt width=\"684\" height=\"466\" data-eio=\"l\"><\/p>\n<h2><strong>BOL\u0218EVISM \u00ceN SPANIA! Guvernul spaniol vrea s\u0103 demoleze monumentul legionar de la Majadahonda<\/strong><\/h2>\n<p>Fascismul italian a ap\u0103rut ca reac\u021bie la bol\u0219evismul jidovesc. Ast\u0103zi vedem cum bol\u0219evismul se a\u0219terne iar asupra Europei. Astfel c\u0103 vom vedea o nou\u0103 ascensiune a Fascismului, Na\u021bional-Socialismului \u0219i Na\u021bionalismului specific fiec\u0103rei \u021b\u0103ri sub asediu.<\/p>\n<p>Desigur c\u0103 un guvern neobol\u0219evic consider\u0103 c\u0103 trebuie demolat un monument ridicat \u00een cinstea celor care au luptat \u00een Spania \u00eempotriva bol\u0219evismului interna\u021bional.<\/p>\n<p>Bol\u0219evicii sunt cei care voiau s\u0103 distrug\u0103 toate valorile tradi\u021bionale \u0219i spirituale din Spania, cum era divizia Ana Pauker condus\u0103 de comisarul politic Walter Neulander. Ardeau bisericile \u0219i m\u0103n\u0103stirile catolice. Executau preo\u021bii catolici \u0219i violau m\u0103icu\u021bele din m\u0103n\u0103stiri. Cei care au luptat \u00eempotriva acestor trupe ro\u0219ii satanice au fost, desigur, ni\u0219te \u201ebandi\u021bi fasci\u0219ti \u0219i legionari\u201d, cum au fost \u0219i Mo\u021ba \u0219i Marin. Desigur c\u0103 guvernul spaniol, \u00een locul monumentului de la Majadahonda, ridicat \u00een omagierea \u201cbandi\u021bilor\u201d Mo\u021ba \u0219i Marin, ar prefera un monument \u00een cinstea celor care au luptat \u00een slujba Satanei, pentru distrugerea Spaniei \u0219i a poporului spaniol!<\/p>\n<p>Din p\u0103cate, \u0103sta este nivelul de vibra\u021bie spiritual\u0103 din Spania. Spaniolii \u0219i portughezii au fost popoare minunate, cu o vibra\u021bie spiritual\u0103 foarte \u00eenalt\u0103. Dar oculta \u0219i U.E. i-au distrus \u0219i i-au rupt de Dumnezeu. \u0218i asta este o \u201epoluare\u201d duhovniceasc\u0103, metafizic\u0103, care intoxic\u0103 orice suflet care tr\u0103ie\u0219te acolo. Cam asta este situa\u021bia \u00een toat\u0103 lumea occidental\u0103.<\/p>\n<p><a href=\"https:\/\/www.libertatea.ro\/stiri\/monument-spania-dedicat-romani-ion-mota-vasile-marin-demolat-5812658\">LIBERTATEA<\/a>:<\/p>\n<p>\u00a0<\/p>\n<blockquote>\n<p>Ministerul Politicii Teritoriale \u0219i Memoriei Democratice din Spania a decis includerea Monumentului dedicat rom\u00e2nilor c\u0103zu\u021bi \u00een lupt\u0103 din Majadahonda \u00een catalogul simbolurilor considerate contrare Memoriei Democratice. Drept urmare, acesta va fi demolat, anun\u021b\u0103 ziarul spaniol Noticias de Majadahonda.<\/p>\n<p>M\u0103sura a fost anun\u021bat\u0103 mar\u021bi la Madrid, de ministrul \u00c1ngel V\u00edctor Torres, \u00eempreun\u0103 cu includerea \u00een acela\u0219i catalog a altor trei vestigii ale regimului franchist din Tenerife, Murcia \u0219i Almer\u00eda.<\/p>\n<p>\u201e\u00cenl\u0103turarea acestor vestigii reprezint\u0103 un act de demnitate democratic\u0103 \u0219i o garan\u021bie c\u0103 noile genera\u021bii nu vor mo\u0219teni spa\u021bii publice marcate de glorificarea urii \u0219i a dictaturii\u201d, a declarat ministrul.<\/p>\n<p>\u201e\u00cendep\u0103rtarea sau reinterpretarea simbolurilor care glorific\u0103 regimul franchist r\u0103spunde unei obliga\u021bii legale de a le oferi un context adecvat, \u00een conformitate cu principiile democratice \u0219i cu respectul datorat victimelor R\u0103zboiului Civil Spaniol, ale dictaturii \u0219i ale leg\u0103turilor acesteia cu regimurile totalitare ale secolului al XX-lea\u201d, a ad\u0103ugat ministrul.<\/p>\n<p>Potrivit ministerului, Garda de Fier a fost \u201eo organiza\u021bie de ideologie fascist\u0103, ultrana\u021bionalist\u0103 \u0219i antisemit\u0103, colaboratoare a regimului nazist \u0219i responsabil\u0103 pentru persecutarea \u0219i violen\u021bele \u00eempotriva minorit\u0103\u021bilor \u0219i a opozan\u021bilor politici din Rom\u00e2nia\u201d. Comisia Tehnic\u0103 de Exper\u021bi a concluzionat c\u0103 monumentul \u201ereprezint\u0103 o glorificare a fascismului european \u0219i a franchismului\u201d \u0219i c\u0103, timp de decenii, a fost loc de reuniune pentru grup\u0103ri de extrem\u0103 dreapta.<\/p>\n<\/blockquote>\n<blockquote>\n<p><strong>M\u0103sura demol\u0103rii, adoptat\u0103 din 2015<\/strong>, nu a fost pus\u0103 \u00een aplicare. Reprezentan\u021bii filialei locale a forma\u021biunii Izquierda Unida (St\u00e2nga Unit\u0103) din Majadahonda au amintit c\u0103, de mai multe decenii, au ini\u021biat numeroase demersuri, at\u00e2t \u00een Consiliul Local, c\u00e2t \u0219i \u00een afara acestuia, pentru demolarea monumentului, pe care \u00eel consider\u0103 un vestigiu al regimului franchist ce \u00eencalc\u0103 Legea Memoriei Democratice.<\/p>\n<p>\u00cen 2015, Consiliul Local a aprobat \u00eendep\u0103rtarea monumentului, la propunerea Partidului Socialist Muncitoresc Spaniol (PSOE), cu voturile favorabile ale Izquierda Unida, Somos Majadahonda \u0219i Ciudadanos, \u00eens\u0103 m\u0103sura nu a fost pus\u0103 niciodat\u0103 \u00een aplicare. Reprezentan\u021bii Izquierda Unida au salutat acum decizia Guvernului central, afirm\u00e2nd c\u0103 aceasta reprezint\u0103 \u201eun pas necesar pentru eliminarea unui simbol de glorificare a fascismului din localitatea noastr\u0103 \u0219i, \u00een acela\u0219i timp, o contribu\u021bie la respectarea memoriei victimelor franchismului care au luptat pentru ap\u0103rarea valorilor republicane bazate pe libertate, egalitate \u0219i drepturile omului\u201d.<\/p>\n<p>Forma\u021biunea a cerut autorit\u0103\u021bilor locale s\u0103 faciliteze aplicarea c\u00e2t mai rapid\u0103 a deciziei. Partidul Comunist Spaniol \u0219i St\u00e2nga Unit\u0103 salut\u0103 decizia demol\u0103rii monumentului \u201eVom continua s\u0103 lucr\u0103m pentru ca \u00een Majadahonda s\u0103 fie respectat\u0103 \u00een totalitate Legea Memoriei Democratice, \u00eencep\u00e2nd cu recunoa\u0219terea tuturor victimelor franchismului legate de localitatea noastr\u0103, precum Mariano Escribano Valero, care a fost \u00eenchis \u00een lag\u0103rul de concentrare de la Mauthausen, sau Marcelino Camacho \u0219i Josefina Samper, care au fost victime ale represiunii franchiste \u0219i au locuit \u00een Majadahonda \u00een ultimii ani ai vie\u021bii\u201d, au transmis reprezentan\u021bii Izquierda Unida.<\/p>\n<\/blockquote>\n<p>Monumentul este situat pe o proprietate privat\u0103, nu sunt sigur cum reu\u0219e\u0219te guvernul spaniol s\u0103 fac\u0103 ce \u00ee\u0219i propune c\u00e2t\u0103 vreme proprietatea este \u00eenc\u0103 privat\u0103.<\/p>\n<p>Dar dup\u0103 t\u0103ierea Troi\u021bei de la T\u00e2nc\u0103be\u0219ti nu ne mai surprinde nimic, orice se poate \u00eent\u00e2mpla. De ce? Pentru c\u0103 popoarele europene dorm sau asist\u0103 pasivi la propria dispari\u021bie.<\/p>\n<p>Treze\u0219te-te.<\/p>\n<h2>ORIGINILE CULTULUI DE LA MAJADAHONDA<\/h2>\n<p><em>Via <a href=\"https:\/\/www.miscarea.net\/1-cultul-dela-majadahonda.htm\">Miscarea.net<\/a>:<\/em><\/p>\n<p>\u00a0<\/p>\n<p><strong>1) Jertfa lui Mota si Marin<\/strong><\/p>\n<p>\u00a0<\/p>\n<p><strong>Totul \u00eencepe cu sosirea unei echipe legionare \u00een Spania pentru a lupta \u00een armata national\u00e3 contra hoardelor bolsevice cari au invadat acest sanctuar al Crestin\u00e3t\u00e3tii.<\/strong><\/p>\n<p><strong>Inrolati An Tercio, Bandera 6, compania 21, legionarii particip\u00e3 la operatiile din jurul Madridului, disting\u00e2ndu-se in luptele dela Boadilla del Monte,\u00a0Las Rozas, Pozuelo si Aravaca. Dusmanul primeste \u00eent\u00e3rituri si opreste \u00eenaintarea spre Madrid a fortelor nationaliste. Luptele cari urmeaz\u00e3 sunt de fixare a frontului si Bandera a 6-a a fost retras\u00e3 pentru a \u00eent\u00e3ri un punct amenintat, unde inamicul preseaz\u00e3 pentru a produce o ruptur\u00e3. E sectorul Las Rozas-Majadahonda.<\/strong><\/p>\n<p><strong>In Majadahonda, frontul serpueste chiar dealungul localit\u00e3tii. Dup\u00e3 o groaznic\u00e3 inclestare, satul a r\u00e3mas in posesiunea nationalistilor, dar comunistii primesc noi int\u00e3rituri si se preg\u00e3tesc pentru atac. In aceste imprejur\u00e3ri, intr\u00e3 in transee compania 21 pe o muche de delusor, cu fata spre inamicul care se g\u00e3sea mai in vale. Acolo s\u2019a \u00eent\u00e2mplat marea jertf\u00e3, in ziua de 13 Ianuarie 1937.<\/strong><\/p>\n<p><strong>Iat\u00e3 cum descrie Alexandru Cantacuzino acest moment de r\u00e3scruce in istoria Legiunii si a neamului \u00eentreg:<\/strong><\/p>\n<p><strong>\u00abImi dau seama c\u00e3 pusca mitralier\u00e3 r\u00e3m\u00e3sese f\u00e3r\u00e3 servanti. Trec s\u2019o \u00eentrebuintez eu. Inamicul, dup\u00e3 primul asalt, se ad\u00e3postise \u00eentr\u2019o v\u00e2lcea si tr\u00e3gea cu mare risip\u00e3 de munitii. Bulg\u00e3rii de p\u00e3m\u00e2nt, ridicati de obuze, m\u00e3 loveau in obraz, fumul si praful exploziilor \u00eemi usturau ochii. Fac \u00eencerc\u00e3ri zadarnice, nu pot pune in miscare mitraliera.<\/strong><\/p>\n<p><strong>Strig ofiterului care se ad\u00e3postise si el, culc\u00e2ndu-se in transee, c\u00e3 mitraliera nu mai functioneaz\u00e3, c\u00e3 suntem in toiul atacului inamic f\u00e3r\u00e3 mitralier\u00e3. O detun\u00e3tur\u00e3 dobor\u00eetoare ma forteaz\u00e3 s\u00e3 \u00eenchid ochii. C\u00e2nd \u00eei deschid o clip\u00e3 dup\u00e3 aceea, privirea imi cade la un metru si jum\u00e3tate de mine, asupra unui corp \u00eentins cu fata la p\u00e3m\u00e2nt.<\/strong><\/p>\n<p><strong>Ingenunchiu si \u00eei ridic capul. E Ionel Mota. Ii tin capul in m\u00e2ini, privindu-l \u00eendelung pierdut in nu stiu ce lume departe. La un metru zace Vasile Marin, cu spatele proptit de peretele transeii. Ma \u00eentorc s\u00e3 urlu lui Clime si p\u00e3rintelui Dumitrescu, peste vuetul gloantelor si al obuzelor: \u201cIonel si Marin sunt morti\u201d. Peste haina cu stropi de s\u00e2nge ne\u00eenchegat, ceasul lui Ionel Mota at\u00e2rn\u00e3 de lant, cu geamul spart. S\u2019a oprit. E cinci f\u00e3r\u00e3 un sfert.<\/strong><\/p>\n<p><strong>Prin haina str\u00e3puns\u00e3 si sf\u00e2rtecat\u00e3 a lui Ionel Mota se v\u00e3d culorile Drapelului Rom\u00e2nesc. E drapelul nostru pe care era scris : Legiunea Arhanghelului Mihail, Garda de Fier, cu care ne-am prezentat Generalului Moscardo. Ionel Mota era \u00eencins cu acest drapel, pe care \u00eel luase ca s\u00e3-l poarte cu el pentru a-l pune in v\u00e2rful baionetei la atac sau la defilare c\u00e2nd cuceream un oras. Cu el speram s\u00e3 intr\u00e3m si in Madrid. Desfac drapelul si \u00eel \u00eentind peste trupurile lor.\u00bb<\/strong><\/p>\n<p><strong>2) Anii trec\u2026<\/strong><\/p>\n<p>\u00a0<\/p>\n<p><strong>Peste aceast\u00e3 jertf\u00e3 s\u2019au ad\u00e3ugat altele. Dusmanii din afar\u00e3 si acei ascunsi in cele mai \u00eenalte functiuni ale Statului, p\u00e2ndeau momentul ca s\u00e3 distrug\u00e3 miscarea.<\/strong><\/p>\n<p><strong>Anul 1937 aduce triumful G\u00e3rzii de Fier in alegeri. Anul 1938 aduce o nou\u00e3 prigoan\u00e3, cu arestarea C\u00e3pitanului si a sute de fruntasi legionari, cu procese nedrepte, sf\u00e2rsind cu crima din p\u00e3durea T\u00e2nc\u00e3besti si groapa dela Jilava.<\/strong><\/p>\n<p><strong>Anul 1939 aduce o nou\u00e3 hecatomb\u00e3 de legionari : masacrele din Septembrie.<\/strong><\/p>\n<p><strong>Anul 1940 e anul victoriei legionare. 6 Septembrie. Trupurile martirilor, \u00eentre cari C\u00e3pitanul, Nicadorii si Decemvirii, sunt scoase din gropile unde au fost asv\u00e2rlite de c\u00e3l\u00e3i si re\u00eenhumate, cu participarea \u00eendurerat\u00e3 a \u00eentregei t\u00e3ri, la \u00abCasa Verde\u00bb si in cimitirul dela Predeal.<\/strong><\/p>\n<p>\u00a0<\/p>\n<p><strong>3) Se aseaz\u00e3 temeliile<\/strong><\/p>\n<p>\u00a0<\/p>\n<p><strong>In Madrid e numit ministru al Rom\u00e2niei Legionare, camaradul Radu Ghenea. Una din primele lui griji a fost s\u00e3 mearg\u00e3 la Majadahonda si s\u00e3 descopere locul unde au murit sf\u00e3r\u00e2mati de acelasi obuz, Ion Mota si Vasile Marin.<\/strong><\/p>\n<p><strong>Orient\u00e2ndu-se dup\u00e3 c\u00e3rtile scrise de ceilalti legionari din echip\u00e3, Totu, Cantacuzino, B\u00e3nic\u00e3 Dobre, si dup\u00e3 m\u00e3rturiile locuitorilor din sat cari au tr\u00e3it acele momente,\u00a0Radu Ghenea a isbutit s\u00e3 identifice transeea in care Mota si-a tinut \u00abultimul si cel mai mare discurs\u00bb al s\u00e3u.<\/strong><\/p>\n<p><strong>In 13 Ianuarie 1941, organizeaz\u00e3 cel dint\u00e2iu pelerinaj la Majadahonda si pune bazele cultului eroilor Mota si Marin. La aceast\u00e3 prim\u00e3. ceremonie au participat falangistii spanioli, cari, prin prezenta lor, au voit s\u00e3 perpetueze fr\u00e3tia de arme \u00eentre cele dou\u00e3 misc\u00e3ri si s\u00e2ngele v\u00e3rsat \u00eempreun\u00e3 pentru ap\u00e3rarea Crucii si a Crestin\u00e3t\u00e3tii.<\/strong><\/p>\n<p><strong>Din acest an, desi Legiunea c\u00e3zuse dela putere, legionarii afl\u00e3tori in Spania s\u2019au recules in fiecare 13 Ianuarie, an de an, in fata transeii dela Majadahonda, si m\u00e2ini pioase au pres\u00e3rat flori pe locurile \u00eembibate de s\u00e2ngele martirilor.<\/strong><\/p>\n<p>\u00a0<\/p>\n<p><strong>4) Se \u00eenalt\u00e3 o cruce<\/strong><\/p>\n<p>\u00a0<\/p>\n<p><strong>Anii trec\u2026 In anul in care Radu Ghenea p\u00e3r\u00e3seste Spania, pentru a emigra in Argentina, isi fixeaz\u00e3 resedinta la Madrid camaradul Traian Popescu, atasat comercial.<\/strong><\/p>\n<p><strong>Cultul dela Majadahonda nu sufere nicio \u00eentrerupere. In anul 1947, Traian Popescu ia initiativa s\u00e3 se ridice o cruce pe locul unde au c\u00e3zut cei doi eroi. Crucea a fost comandat\u00e3 la un pietrar, iar lucr\u00e3rile de amenajare ale terenului si de asezare ale Crucii au fost executate de legionarii depe atunci din garnizoana Madrid.<\/strong><\/p>\n<p><strong>Crucea a fost asezat\u00e3 exact pe d\u00e2mbul unde, in cursul luptelor, se afla postul de mitralier\u00e3, incadrat de cele dou\u00e3 escuadre de legionari. Din acest punct, cel mai \u00eenalt din partea locului, serpuiau apoi in st\u00e2nga si in dreapta transeele, cari, in 1947, erau \u00eenc\u00e3 bine p\u00e3strate.<\/strong><\/p>\n<p><strong>Din 1947, cultul dela Majadahonda ia proportii, adun\u00e2nd in jurul Crucii tot mai mult\u00e3 lume. Intre numeroasele personalit\u00e3ti spaniole cari au participat la solemnit\u00e3tile dela Majadahonda a fost si venerabila figur\u00e3 a Generalului Moscardo, eroul dela Alcazar, in anul 1952.<\/strong><\/p>\n<p>\u00a0<\/p>\n<p><strong>5) Achizitia terenului<\/strong><\/p>\n<p>\u00a0<\/p>\n<p><strong>Locul pe care era \u00eenfipt\u00e3 Crucea se afla la intersectia a dou\u00e3 propriet\u00e3ti. Cum veneai spre Cruce, terenul apartinea \u00eentreprinderii de telecomunicatii \u00abEntel\u00bb ; terenul din laturile Crucii si in spatele ei era proprietatea Doamnei Hermenegilda Labrandero, din satul Majadahonda.<\/strong><\/p>\n<p><strong>Initiativa achizition\u00e3rii terenului a avut-o inginerul Petre Sorici, in cadrul unei sedinte a cuibului \u00abIc\u00e3 T\u00e3nase\u00bb, din Madrid. S\u2019a luat mai \u00eent\u00e2iu contact cu Dl. Heliodoro Sanz, un nepot al proprietarei terenului si acesta a prezentat pe legionari Doamnei Labrandero. In Martie 1954, camarazii Tuliu Basiu, Ovidiu T\u00e2rlea si Petre Sorici viziteaz\u00e3 pe Doamna Labrandero, solicit\u00e2ndu-i v\u00e2nzarea terenului din spatele Crucii, pentru eventuala construire a unui monument sau a unei ermite. Doamna nu numai c\u00e3 a fost dispus\u00e3 s\u00e3 cedeze terenul, dar a declarat delegatiei legionare c\u00e3 \u00eel face donatie in amintirea unui fiu al ei, ucis de comunisti chiar in poarta casei ei. Nici nu a acceptat s\u00e3 trimit\u00e3 pe cineva pentru m\u00e3surarea locului, l\u00e3s\u00e2nd toat\u00e3 latitudinea legionarilor s\u00e3 ia c\u00e2t teren le trebuie in spatele Crucii si s\u00e3 fac\u00e3 ei m\u00e3sur\u00e3torile. Peste c\u00e2teva zile, Ovidiu T\u00e2rlea, Ilie Sturdza si Ovidiu St\u00e3nescu se duc la Cruce, unde m\u00e3soar\u00e3 o suprafat\u00e3 de 200 metri patrati.<\/strong><\/p>\n<p><strong>La 1 Noembrie 1954, incep lucr\u00e3rile de amenajare si consolidare ale terenului, sub conducerea lui Traian Puiu, pe baza principiului de tab\u00e3r\u00e3. S\u2019a remarcat prezenta aproape constant\u00e3 timp de o lun\u00e3 a camarazilor Nicolae Borca, Tuliu Basiu, Ion Baicu, Ion Bozosan, Petre Sorici, Ion Tolescu si Ovidiu T\u00e2rlea. Nivelarea terenului a fost foarte grea., fiind constituit de straturi de st\u00e2nci. A fost necesar de \u00eentrebuintat aproape tot timpul t\u00e2rn\u00e3copul. O lun\u00e3 de zile a durat lucrul p\u00e2n\u00e3 ce terenul a fost nivelat si in spatele Crucii s\u2019a ridicat un platou. Locul a fost apoi \u00eenfrumusetat cu arbusti si alte plante, cari au format un gard viu at\u00e2t in jurul platoului c\u00e2t si al Crucii.<\/strong><\/p>\n<p><strong>In luna Mai 1955, \u00eentreaga garnizoan\u00e3 Madrid se deplaseaz\u00e3 la Majadahonda si lucreaz\u00e3 la cur\u00e3tirea drumului si a platoului de ierburi, reusind s\u00e3 dea un aspect frumos ansamblului \u00eenconjur\u00e3tor al Crucii. La aceast\u00e3 initiativ\u00e3. a participat si Doamna Zoe Sturdza.<\/strong><\/p>\n<p>\u00a0<\/p>\n<p><strong>6) O schimbare fundamental\u00e3<\/strong><\/p>\n<p>\u00a0<\/p>\n<p><strong>In anul 1955, se petrece o schimbare fundamental\u00e3 in desf\u00e3surarea actelor dela Majadahonda. Gratie actiunii \u00eentreprinse de Dl. Sergio Cifuentes, pe atunci Seful Serviciului Exterior al Falangei, Ministrul Secretar General al Misc\u00e3rii hot\u00e3r\u00e3ste ca la solemnit\u00e3tile dela Majadahonda s\u00e3 participe in mod oficial autorit\u00e3tile spaniole.<\/strong><\/p>\n<p><strong>De aici \u00eenainte organizarea exterioar\u00e3 a ceremoniei intr\u00e3 in protocolul Statului Spaniol. In fiecare an, in Biserica satului dela Majadahonda se aseaz\u00e3 covoare, fotolii si alte embleme oficiale, iar drumul p\u00e2n\u00e3 la Cruce este \u00eempodobit cu drapele spaniole si rom\u00e2nesti. Chiar deasupra Crucii f\u00e2lf\u00e2ie drapelul G\u00e3rzii de Fier, \u00eenconjurat de o multime de drapele ale celor dou\u00e3 natiuni.<\/strong><\/p>\n<p><strong>La ceremonie sunt reprezentate, in mod oficial, Ministerul de Externe, Ministerul Armatei si Secretariatul General al Misc\u00e3rii. Se depun coroane in numele acestor institutii. Mai particip\u00e3 apoi autorit\u00e3tile guvernamentale locale si reprezentantii diverselor corpuri falangiste. Se tin discursuri, in numele ministrilor si a organizatiilor falangiste. Actele sunt difuzate prin emisiunile oficiale de Radio si adeseori prin Televiziunea Spaniol\u00e3.<\/strong><\/p>\n<p>\u00a0<\/p>\n<p><strong>7) Institutionalizarea cultului<\/strong><\/p>\n<p>\u00a0<\/p>\n<p><strong>Indat\u00e3 dup\u00e3 acest pas inainte, din mai multe sectoare de prieteni ai Legiunii se propune crearea unei institutii hispano-rom\u00e2ne, care s\u00e3 asigure perpetuarea cultului. Din partea rom\u00e2neasc\u00e3, cel ce si-a dat mai mare interes pentru realizarea unei asociatii mixte de prieteni ai Majadahondei, a fost George Demetrescu, Presedintele Comunitatii Rom\u00e2nilor din Spania. Dintre spanioli, Marchizul de Vivel, Dl. Luis Beneyto si Sergio Cifuentes.<\/strong><\/p>\n<p><strong>In urma unor eforturi de doi ani, se obtin adeziunile a aproape una sut\u00e3 de personalit\u00e3ti spaniole si rom\u00e2ne si in anul 1959 se fundeaz\u00e3 Asociatia \u00abAmigos de Maja dahonda\u00bb, sub presidentia Generalului Ricardo Villalba Rubio, av\u00e2nd ca vice-presedinti pe Dl. Luis Beneyto si pe George Demetrescu, iar ca secretar general pe marele prieten al Legiunii, Dl. Sergio Cifuentes. Restul Comitetului este format din ilustre personalit\u00e3ti spaniole si eminenti membri ai comunit\u00e3tii rom\u00e2nesti.<\/strong><\/p>\n<p><strong>Asociatia \u00abAmigos de Majadahonda\u00bb si-a schimbat mai t\u00e2rziu numele in \u00abHermandad Hispano-Rumana Majadahonda\u00bb.<\/strong><\/p>\n<p><strong>Odat\u00e3 cu \u00eenfiintarea asociatiei, organizarea actelor dela Majadahonda trece in sarcina non institutii. Invitatiile de participare la ceremonie se fac in numele presedintelui acestei asociatii, Generalul Ricardo Villalba Rubio, care si pronunt\u00e3 in fiecare an discursul omagial.<\/strong><\/p>\n<p><strong>In afar\u00e3 de membri afl\u00e3tori in Spania, Asociatia Majadahonda admite si membri afiliati din str\u00e3in\u00e3tate. In modul acesta un mare num\u00e3r de legionari si prieteni, din afar\u00e3 de Spania, s\u2019au \u00eenscris in Asociatie.<\/strong><\/p>\n<p>\u00a0<\/p>\n<p><strong>8) Initiativa Monumentului<\/strong><\/p>\n<p>\u00a0<\/p>\n<p><strong>Cu prilejul anivers\u00e3rii dela Majadahonda din 1963, Dl. Beneyto a propus participantilor si acestia au acceptat cu entuziasm ideea construirii unui Monument pe locul unde au c\u00e3zut cei doi eroi.<\/strong><\/p>\n<p><strong>In acelasi timp s\u2019au str\u00e2ns si primele donatii, p\u00e3strate de Dl. Beneyto, cari au constituit fondul initial de constructie al Monumentului.<\/strong><\/p>\n<p><strong>Dl. Sergio Cifuentes, \u00eensufletit de aceeasi idee, si-a luat sarcina de a imagina viitorul Monument: el este autorul proiectului pe baza c\u00e3ruia s\u2019a construit apoi aceast\u00e3 oper\u00e3.<\/strong><\/p>\n<p><strong>Diverse \u00eemprejur\u00e3ri, independente de vointa initiatorilor, au impiedicat \u00eens\u00e3 ca ideea s\u00e3 ajung\u00e3 la realizare p\u00e2n\u00e3 in anul 1970.<\/strong><\/p>\n<p>\u00a0<\/p>\n<ol>\n<li><strong> APELUL SI STR\u00c2NGEREA FONDULUI<\/strong><\/li>\n<\/ol>\n<p>\u00a0<\/p>\n<p><strong>1) Apelul Misc\u00e3rii Legionare<\/strong><\/p>\n<p>\u00a0<\/p>\n<p><strong>In 10 Decembrie 1969, Comandantul Misc\u00e3rii Legionare, Dl. Horia Sima, a lansat un apel c\u00e3tre toti Rom\u00e2nii din exil pentru a contribui la str\u00e2ngerea fondurilor necesare pentru ridicarea Monumentului Mota-Marin. Suma prev\u00e3zut\u00e3, dup\u00e3 o prim\u00e3 apreciere, se ridica la 10.000 dolari U.S. Romanii din exil erau solicitati s\u00e3 subscrie, dup\u00e3 posibilit\u00e3ti si capacitatea lor de sacrificiu, c\u00e3r\u00e3mizi de valori diferite, cari vor servi si ca chitant\u00e3 de primirea banilor.<\/strong><\/p>\n<p><strong>Apelul a fost publicat in \u00abTara si Exilul\u00bb, din Noembrie-Decembrie 1969, av\u00e2nd urm\u00e3torul continut:<\/strong><\/p>\n<p>\u00a0<\/p>\n<p><strong>MONUMENTUL MOTA-MARIN<\/strong><\/p>\n<p><strong>Chemare c\u00e3tre toti Rom\u00e2nii<\/strong><\/p>\n<p><strong>Frati Rom\u00e2ni,<\/strong><\/p>\n<p>\u00a0<\/p>\n<p><strong>\u00abTranseea dela Majadahonda, unde in 13 Ianuarie 1937 au c\u00e3zut cu arma \u00een m\u00e2n\u00e3 Ion Mota si Vasile Marin, ap\u00e3r\u00e2nd Spania, Europa si Crestin\u00e3tatea de armatele Antichristului, este strajuit\u00e3 de o cruce ridicat\u00e3 in anul 1947, din evlavia unui camarad.<\/strong><\/p>\n<p><strong>A sosit momentul ca s\u00e3 in\u00e3lt\u00e3m pe acest loc un monument de granit care s\u00e3 d\u00e3inuiasc\u00e3 peste veacuri, infrunt\u00e2nd intemperiile vremii si vestind generatiilor de m\u00e2ine m\u00e3retia jertfei lor.<\/strong><\/p>\n<p><strong>In acest scop am pus in circulatie, cu semn\u00e3tura mea, mai multe serii de bonuri-c\u00e3r\u00e3mizi de valori diferite, destinate a servi ca dovad\u00e3 acelor pribegi cari \u00eesi vor da obolul lor pentru constructia monumentului. Suma de care avem nevoie este de aproximativ 10.000 (zece mii) dolari U.S.<\/strong><\/p>\n<p><strong>Emisiunea de c\u00e3ramizi este format\u00e3 din urm\u00e3toarele valori: 5, 10, 20, 50 si 100 dolari U.S. In modul acesta, fiecare dispune de latitudinea de a contribui dup\u00e3 posibilit\u00e3tile lui si dup\u00e3 puterea lui de sacrificiu.<\/strong><\/p>\n<p><strong>Subscriptiunea se \u00eencheie la 15 Iunie 1970. Persoanele \u00eencredintate s\u00e3 str\u00e2ng\u00e3 contributiile destinate ridic\u00e3rii monumentului vor poseda o \u00eemputernicire dela mine si vor semna pe bonuri in calitate de casieri.<\/strong><\/p>\n<p><strong>Sumele adunate pentru ridicarea monumentului vor fi centralizate la Madrid de c\u00e3tre Dl. Inginer Tuliu Basiu, care va indeplini functiunea de casier central si administrator al fondului.<\/strong><\/p>\n<p><strong>Persoanele izolate pot trimite direct contributia lor la Madrid, la Centru, de unde vor priori bonul-chitant\u00e3 corespunz\u00e3tor.<\/strong><\/p>\n<p><strong>Constructia va incepe in prim\u00e3vara acestui an si, cu ajutorul lui Dumnezeu, sfintirea va avea loc in 13 Septembrie 1970, implinindu-se in acest an 33 de ani dela glorioasa lor c\u00e3dere.<\/strong><\/p>\n<p><strong>Comitetul de Constructie al Monumentului va fi alc\u00e3tuit din toate acele persoane cari au contribuit la ducerea la bun sf\u00e2rsit a lucr\u00e3rii, fie prin actiunea de colectare a fondurilor fie in alte forme. Numele lor se vor bucura de o atentie special\u00e3. Nu astept\u00e3m nicio contributie dela anti-rom\u00e2ni, dela acei cari si-au schimbat dimensiunile sufletesti, si nici nu le accept\u00e3m pentru a nu ofensa marea jertf\u00e3.<\/strong><\/p>\n<p><strong>Pentru actul sfintirii voiu constitui un comitet de patronaj alc\u00e3tuit din vechea gard\u00e3 legionar\u00e3, din reprezentanti ai Asociatiei \u00abHermandad Hispano-Rumana Majadahonda\u00bb, din notabilit\u00e3tile comunale si din alte personalit\u00e3ti rom\u00e2ne si str\u00e3ine.<\/strong><\/p>\n<p><strong>\u00abSunt convins c\u00e3 cercurile rom\u00e2nesti din exil vor r\u00e3spunde la acest apel si la aceast\u00e3 b\u00e3t\u00e3lie, pentruca, in termenul prev\u00e3zut, s\u00e3 \u00eemplinim lucrarea care va perpetua memoria celor doi Cruciati ai Neamului nostru. In \u00eemprejur\u00e3rile tragice de ast\u00e3zi, aceast\u00e3 constructie va deveni un monument al rezistentei nationale contra cutropitorului si o chez\u00e3sie a biruintei de m\u00e2ine. O c\u00e3r\u00e3mid\u00e3 pentru Majadahonda este o c\u00e3r\u00e3mid\u00e3 pentru \u00een\u00e3ltarea Neamului din \u00eentunericul si ruina de ast\u00e3zi\u00bb.<\/strong><\/p>\n<p><strong>HORIA SIMA<\/strong><\/p>\n<p><strong>Madrid, 10 Decembrie 1969<\/strong><\/p>\n<p>\u00a0<\/p>\n<p><strong>La scurt interval dup\u00e3 publicarea apelului, Comandantul Misc\u00e3rii trimite si o circular\u00e3 legionarilor din exil, cu scopul de a le explica importanta lucr\u00e3rii si a-i \u00eendemna la un efort maxim in str\u00e2ngerea fondurilor. Circulara dateaz\u00e3 din 13 Ianuarie 1970 si are urm\u00e3torul continut:<\/strong><\/p>\n<p>\u00a0<\/p>\n<p><strong>MONUMENTUL MOTA-MARIN<\/strong><\/p>\n<p><strong>\u2013 Circular\u00e3 \u2013<\/strong><\/p>\n<p>\u00a0<\/p>\n<p><strong>\u00abCamarazi,<\/strong><\/p>\n<p><strong>Cum veti avea prilejul s\u00e3 cititi in \u00abTara si Exilul\u00bb, am f\u00e3cut un apel c\u00e3tre Rom\u00e2nii din Exil, legionari si prieteni, ca s\u00e3 contribue le str\u00e2ngerea unui fond de constructie pentru \u00een\u00e3ltarea Monumentului Mota-Marin.\u00a0<\/strong><\/p>\n<p><strong>Modalit\u00e3tile de subscriere la acest fond le veti g\u00e3si in Buletin.<\/strong><\/p>\n<p><strong>Dup\u00e3cum veti vedea din apel,\u00a0lucrarea e prev\u00e3zut\u00e3 s\u00e3 se termine in acest an si am fixat si data sfintirii monumentului. In momentul c\u00e2nd v\u00e3 scriu aceste r\u00e2nduri, nu dispunem de nicio sum\u00e3 mai important\u00e3 care s\u00e3 garanteze realizarea acestui obiectiv. Dar am o \u00eencredere nem\u00e3rginit\u00e3 in voi toti, hind sigur ca nu v\u00e3 veti precupeti niciun sacrificiu si veti r\u00e3spunde cu elan acestui apel.<\/strong><\/p>\n<p><strong>Suma, aparent mare de care avem nevoie, 10.000 dolari, e determinat\u00e3 de faptul ca si in Spania, intre timp, s\u2019au scumpit enorm at\u00e2t materialul de constructie c\u00e2t si m\u00e2na de lucru. Dac\u00e3 cumva va prisosi ceva, o voiu folosi pentru editarea in spaniol\u00e3 a c\u00e3rtii lui Nicolae Totu, Insermn\u00e3ri de pe Front.<\/strong><\/p>\n<p><strong>Tin\u00e2nd seama de importanta. acestui realiz\u00e3ri pentru destinele Legiunii, pe plan istoric si spiritual, tin\u00e2nd apoi seama de timpul scurt ce ne st\u00e3 le dispozitie, cer tuturor camarazilor un efort maxim in ce priveste jertfa fiec\u00e3ruia c\u00e2t si in actiunea de colectare de fonduri din cercul de prieteni si cunoscuti. Greut\u00e3tile materiale vor fi larg compensate de onoarea si bucuria de a fi pus o c\u00e3r\u00e3mid\u00e3 la zidirea acestui monument.<\/strong><\/p>\n<p><strong>La sf\u00e2rsitul lucr\u00e3rii, Inginerul Tuliu Basiu, casierul central si presedintele Comitetului de Constructie, va face o dare de seam\u00e3 asupra situatiei fondului si felul cum a fost \u00eentrebuintat, pentru cunostinta tuturor. Anul 1970 s\u00e3 v\u00e3 aduc\u00e3 s\u00e3n\u00e3tate si s\u00e3 dea Dumnezeu s\u00e3 ne \u00eent\u00e2lnim cu totii la Majadahonda pentru a saluta desvelirea monumentului.<\/strong><\/p>\n<p><strong>Cu fr\u00e3teasc\u00e3 dragoste,<\/strong><\/p>\n<p><strong>Tr\u00e3iasc\u00e3 Legiunea si C\u00e3pitanul !\u00a0<\/strong><\/p>\n<p><strong>Horia Sima\u00a0<\/strong><\/p>\n<p><strong>Comandantul Misc\u00e3rii Legionare<\/strong><\/p>\n<p>\u00a0<\/p>\n<p><strong>2) Casieria Central\u00e3<\/strong><\/p>\n<p>\u00a0<\/p>\n<p><strong>Sistemul de str\u00e2ngere al fondurilor s\u2019a imaginat pe baza emiterii unor c\u00e3r\u00e3mizi de valoare diferit\u00e3, destinate a servi in acelasi timp si ca chitante pentru banii primiti dela donatori.<\/strong><\/p>\n<p><strong>C\u00e3r\u00e3mizile au fost desemnate, dup\u00e3 indicatiile Comandantului Miscarii, de c\u00e3tre camaradul Nicu Iancu, inc\u00e3 din vara anului 1969. Dup\u00e3 o serie de corecturi si adapt\u00e3ri, proiectul a fost adoptat definitiv si dat la tipar, in asa fel inc\u00e2t \u00eenainte de a fi publicat manifestul Comandantului, in Decembrie 1969, c\u00e3r\u00e3mizile erau imprimate si gata de a fi distribuite. Cheltuielile pentru confectionarea si expedierea carnetelor de c\u00e3r\u00e3mizi au fost suportate, ca o prim\u00e3 contributie la Monument, de c\u00e3tre garnizoana Sao Paulo.<\/strong><\/p>\n<p><strong>S\u2019au emis urm\u00e3toarele valori : de 5, 10, 20, 50 si 100 dolari U.S., cari s\u2019au prins apoi in carnete, dup\u00e3 valoarea lor. C\u00e3r\u00e3mizile erau semnate de Seful Legiunii, dar pentru a fi valabile, mai trebuia s\u00e3 poarte si semn\u00e3tura persoanei ins\u00e3rcina.te dela Centru de a str\u00e2nge contributiile si care functiona in calitate de casier. Pentru fiecare centru rom\u00e2nesc din exil s\u2019a designat un casier local, care avea misiunea s\u00e3 primeasc\u00e3 carnetele Mota-Marin, s\u00e3 le desfac\u00e3 in raza lui de actiune, emit\u00e2nd, sub semn\u00e3tur\u00e3 proprie, bonurile-c\u00e3r\u00e3mizi la persoanele cari au contribuit. Pe m\u00e3sura ce se adunau sume mai importante, casierul local avea grij\u00e3 s\u00e3 le trimit\u00e3 la Centru, tin\u00e2nd permanent evidenta bonurilor distribuite si a celor r\u00e3mase, in vederea socotelii finale.<\/strong><\/p>\n<p><strong>S\u2019a fixat ca termen maxim de \u00eenchidere a subscrierilor data de 15 Iunie 1970, pentru a se putea face fat\u00e3 primelor cheltuieli. Intr\u2019adev\u00e3r, cum sfintirea Monumentului a fost fixat\u00e3 pentru 13 Septembrie, lucr\u00e3rile preliminare trebuia s\u00e3 \u00eenceap\u00e3 foarte de timpuriu. Chiar inainte de 15 Iunie, au \u00eenceput s\u00e3 soseasc\u00e3 primele contributii din mai toate centrele rom\u00e2nesti, inc\u00e2t casieria central\u00e3 a dispus de sumele necesare pentru a contracta lucr\u00e3rile initiale.<\/strong><\/p>\n<p><strong>Casieria Central\u00e3 a fost incredintat\u00e3, prin apelul adresat de Comandant tuturor Rom\u00e2nilor din exil, inginerului Tuliu Basiu din Madrid, \u00eens\u00e3rcinat in acelasi timp si cu administratia general\u00e3 a fondului de constructie.<\/strong><\/p>\n<p><strong>Casierii locali trimiteau sumele adunate camaradului Tuliu Basiu. Tot inginerului Basiu trebuia s\u00e3 i se trimit\u00e3 si socotelile finale, dup\u00e3 implinirea misiunii lor.<\/strong><\/p>\n<p>\u00a0<\/p>\n<p><strong>3) Comitetul de Constructie<\/strong><\/p>\n<p>\u00a0<\/p>\n<p><strong>Paralel cu organizarea sistemului financiar, s\u2019a dispus constituirea Comitetului de Constructie al Monumentului. El a fost conceput a fi format din toate acele persoane cari vor aduce un aport de important\u00e3 la constructia Monumentului, fie prin munca direct\u00e3 fie prin str\u00e2ngerea de fonduri fie prin alte prestatii.<\/strong><\/p>\n<p><strong>Acum, trebuie s\u00e3 deosebim intre Comitetul de Constructie in sens restr\u00e2ns, format din acele persoane cari s\u2019au ingrijit pe teren de ridicarea Monumentului, dirij\u00e2nd lucr\u00e3rile si Comitetul in sens larg, care a inglobat, cum se arat\u00e3 mai sus, totalitatea persoanelor cari au f\u00e3cut eforturi remarcabile de alt\u00e3 natur\u00e3.<\/strong><\/p>\n<p><strong>Comitetul de Constructie, in sens de constructori ai Monumentului, a fost format numai din urm\u00e3torii legionari:<\/strong><\/p>\n<p><strong>Inginer Tuliu Basiu, ca presedinte, Petru Sorici si Ovidiu T\u00e2rlea, ca auxiliari.<\/strong><\/p>\n<p><strong>In mod special s\u2019a urm\u00e3rit ca functiunea de administrator al fondului si aceea de presedinte al Comitetului de Constructie s\u00e3 fie exercitat\u00e3 de una si aceeasi persoan\u00e3, pentru a nu se pierde timp si a nu se crea complicatii inutile. Pentru a \u00eenainta lucr\u00e3rile in ritmul prev\u00e3zut, era absolut necesar ca persoana care trata cu diversii antreprenori s\u00e3 dispun\u00e3 imediat si de fondurile adunate, pentru a pune in miscare repede \u00eentregul angrenaj al lucr\u00e3rii.<\/strong><\/p>\n<p><strong>Din aceast\u00e3 epoc\u00e3, Martie 1970, c\u00e2nd s\u2019au pus bazele Comitetului de Constructie, dateaz\u00e3 Comunicatul Nr. 1, depe c\u00e2mpul de b\u00e3t\u00e3lie al Monumentului:<\/strong><\/p>\n<p>\u00a0<\/p>\n<p><strong>B\u00e3t\u00e3lia pentru \u00een\u00e3ltarea Monumentului Mota-Marin<\/strong><\/p>\n<p><strong>Comunicat Nr. 1<\/strong><\/p>\n<p>\u00a0<\/p>\n<p><strong>\u00abAbia \u00eenceput\u00e3, b\u00e3t\u00e3lia pentru ridicarea Monumentului se desf\u00e3soar\u00e3 cu mare entuziasm in toate centrele rom\u00e2nesti.<\/strong><\/p>\n<p><strong>Avem bucuria s\u00e3 constat\u00e3m, c\u00e3, in afar\u00e3 de legionari, multi alti Rom\u00e2ni, \u00eentre cari si noi veniti, s\u2019au inscris cu obolul lor.<\/strong><\/p>\n<p><strong>Dar e lung drumul p\u00e2n\u00e3 la adunarea celor 10.000 dolari. S\u00e3riti cu totii in ajutor, pentru a umplea aceast\u00e3 sum\u00e3. Timpul e scurt si ziua inaugur\u00e3rii se apropie.\u00a0<\/strong><\/p>\n<p><strong>S\u2019au \u00eencorporat p\u00e2n\u00e3 acuma Comitetului de Constructie prin realiz\u00e3ri exceptionale, sub presidentia inginerului Basiu, urm\u00e3torii camarazi: inginer Petru Sorici si Ovidiu T\u00e2rlea, coproprietari ai terenului de constructie. Apoi:<\/strong><\/p>\n<p><strong>\u00a0Nicu Iancu<\/strong><\/p>\n<p><strong>Traian Golea\u00a0<\/strong><\/p>\n<p><strong>Sandu Marin<\/strong><\/p>\n<p><strong>Dumitru Leonties\u00a0<\/strong><\/p>\n<p><strong>Ion M\u00e3rii<\/strong><\/p>\n<p><strong>Vasile Mailat.<\/strong><\/p>\n<p><strong>Notez c\u00e3 nu eu formez Comitetul de Constructie, ci iau numai act de exceptionalele contributii ale unor camarazi si \u00eei trec in acest Comitet. Astept ca alte nume s\u00e3 se adauge acelor de mai sus, formele de contributie put\u00e2nd fi de cea mai variata spet\u00e3.<\/strong><\/p>\n<p><strong>Comitetul de patronaj va fi prezitat in comun de Generalul Villalba, presedintele Asociatiei \u00abAmigos de Majadahonda\u00bb si de Dl Mihail R. Sturdza, care va re prezenta Miscarea si va fi oratorul nostru principal la actui sfintirii. Vor mai fi si alti oratori cari vor fi desemnati mai t\u00e2rziu.<\/strong><\/p>\n<p><strong>Amintesc cu acest prilej c\u00e3 primul g\u00e2nd al ridic\u00e3rii unui monument la Majadahonda a fost al Dlui Luis Beneyto, care a si \u00eenceput str\u00e2ngerea primului fond. O importanta sum\u00e3 de bani a fost pus\u00e3 de Dl Beneyto la dispozitia Comitetului de Constructie, fiind predat\u00e3 inginerului Tuliu Basiu.<\/strong><\/p>\n<p><strong>Dragi camarazi, e vorba de un sacrificiu deosebit, care apoi se va rev\u00e3rsa \u00eensutit si \u00eenmiit asupra fiec\u00e3ruia, prin Binecuv\u00e2ntarea lui Dumnezeu.<\/strong><\/p>\n<p><strong>Cu o fr\u00e3teasc\u00e3 \u00eembr\u00e3tisare,<\/strong><\/p>\n<p><strong>Tr\u00e3iasc\u00e3 Legiunea si C\u00e3pitanul !\u00a0<\/strong><\/p>\n<p><strong>Horia Sima\u00a0<\/strong><\/p>\n<p><strong>Comandantul Misc\u00e3rii Legionare<\/strong><\/p>\n<p>\u00a0<\/p>\n<p><strong>4) Difuzarea proectului de Monument<\/strong><\/p>\n<p>\u00a0<\/p>\n<p><strong>Pentru a putea intensifica actiunea de str\u00e2ngere a fondurilor, camarazi din mai multe t\u00e3ri au cerut Centrului s\u00e3 li se trimit\u00e3 fotografii cu proectul de Monument, pentruca. lumea s\u00e3 vad\u00e3 despre ce este vorba.<\/strong><\/p>\n<p><strong>Inginerul Tuliu Basiu a ajuns in posesiunea schitei Monumentului. Dl Sergio Cifuentes, ad\u00e3nc emotionat de hot\u00e3r\u00eerea Misc\u00e3rii de a relansa campania de str\u00e2ngere a fondurilor, cu mult\u00e3 bun\u00e3voint\u00e3 i-a pus la. dispozitie desenul original. Inginerul Basiu a 1\u00e3sat s\u00e3 se fac\u00e3 mai multe fotocopii, pe cari apoi Comandantul le-a expediat la toate garnizoanele, insotite de Comunica.tul Nr. 2, al c\u00e3_rui text urmeaz\u00e3:<\/strong><\/p>\n<p>\u00a0<\/p>\n<p><strong>B\u00e3t\u00e3lia pentru In\u00e3ltarea Monumentului Mota-Marin\u00a0<\/strong><\/p>\n<p><strong>Comunicat Nr. 2<\/strong><\/p>\n<p>\u00a0<\/p>\n<p><strong>1)\u00a0Al\u00e3turat veti g\u00e3si o copie a proiectului de Monument Mota-Marin, care, cu mici modific\u00e3ri, va fi turnat in granit.<\/strong><\/p>\n<p><strong>Proectul este opera marelui nostru prieten, Sergio Cifuentes, Secretarul General al Asociatiei \u00abHispanoRumana Majadahonda\u00bb.<\/strong><\/p>\n<p><strong>Este o lucrare evocatoare si inspirat\u00e3, in care se imbin\u00e3 asprimea vietii ost\u00e3sesti a Castiliei cu conceptia de viat\u00e3 a lui Ion Mota, bazat\u00e3 in energia si hot\u00e3rirea cu care ap\u00e3ra adev\u00e3rurile fundamentale ale Natiunii si Crestin\u00e3t\u00e3tii.<\/strong><\/p>\n<p><strong>2)\u00a0S\u2019a incorporat Comitetului de Constructie camaradul Pavel Onciu.<\/strong><\/p>\n<p><strong>3)\u00a0Adresa Inginerului Tuliu Basiu, unde se vor trimite toate sumele de \u00eemputernicitlor nostri, este urm\u00e3toarea: Don Tuliu Basiu, Cale Virgen del Coro, Nr. 7-7, (Barrio dela Concepcion) Madrid-17.<\/strong><\/p>\n<p><strong>Cu bine si s\u00e3n\u00e3tate,<\/strong><\/p>\n<p><strong>Tr\u00e3iasc\u00e3 Legiunea si C\u00e3pitanul !\u00a0<\/strong><\/p>\n<p><strong>Horia Sima\u00a0<\/strong><\/p>\n<p><strong>Comandantul Miscarii Legionare<\/strong><\/p>\n<p>\u00a0<\/p>\n<p><strong>Efectul provocat de fotografia viitorului Monument a fost extraordinar in toate cercurile rom\u00e2nesti din exil. Nu numai legionarii, ci toti Rom\u00e2nii cari l-au contemplat in imagine au r\u00e3mas \u00eenm\u00e3rmuriti de m\u00e3retia si frumusetea lui. Se credea c\u00e3 va fi un monument funerar, o troit\u00e3 de o anumit\u00e3 m\u00e3rime, c\u00e2nd in realitate era vorba de un Monument care-si merita cu des\u00e3v\u00e2rsire numele si care putea face cinste oric\u00e3rei t\u00e3ri.<\/strong><\/p>\n<p><strong>Din acel moment, pungile s\u2019au deschis mai generos si c\u00e3r\u00e3mizile au putut fi plasate cu mai mare usurint\u00e3. Dar s\u2019a mai petrecut si altceva. In mai multe centre rom\u00e2nesti, schita Monumentului a fost reprodus\u00e3 si difuzat\u00e3. Cit\u00e3m ziarul \u201cAmerica\u201d, din 3 Mai 1970, care, \u00eempreun\u00e3 cu fotografia proectului de Monument, a publicat si urm\u00e3torul apel al Dlui Chiril\u00e3 Ciuntu, ins\u00e3rcinatul principal cu str\u00e2ngerea fondurilor din USA si Canada:<\/strong><\/p>\n<p><strong>\u00abFrate Rom\u00e2n:<\/strong><\/p>\n<p><strong>Rogu-te frumos, priveste aceast\u00e3 fotografie si \u00eencearc\u00e3 s\u00e3 prinzi cu g\u00e2ndul si inima de Rom\u00e2n m\u00e3retia acestui Monument.<\/strong><\/p>\n<p><strong>Este vorba de o inf\u00e3ptuire de o valoare imens\u00e3 pentru urm\u00e3rile ce pot s\u00e3 influenteze evenimentele imediate sau mai \u00eendep\u00e3rtate ale neamului nostru.<\/strong><\/p>\n<p><strong>Este vorba de un monument, care va deveni piatra de hotar \u00eentre noi -Rom\u00e2nii anticomunisti-, si cavalerii \u00eentunericului (comunistii).<\/strong><\/p>\n<p><strong>Este vorba de doi Rom\u00e2ni, cari, acum 32 de ani, au murit cu arma in m\u00e2n\u00e3 pe c\u00e2mpul de b\u00e3taie, lupt\u00e2nd impotriva comunismului. Este vorba de Ion Mota si Vasile Marin, cari au \u00eencercat din toate puterile lor s\u00e3 arate pericolul comunist, dar pe cari prea putini i-au \u00eenteles atunci. Desigur, era prea de vreme.<\/strong><\/p>\n<p><strong>De aceea, Frate Rom\u00e2n, \u00eemi iau permisiunea s\u00e3 n\u00e3d\u00e3jduiesc, c\u00e3 vei r\u00e3spunde din toat\u00e3 inima la aceast\u00e3 chemare, contribuind cu jertfa Dtale b\u00e3neasc\u00e3 la ridicarea acestui m\u00e3ret monument.\u00bb<\/strong><\/p>\n<p><strong>Cu sincere multumiri,\u00a0<\/strong><\/p>\n<p><strong>Chiril\u00e3 Ciuntu.<\/strong><\/p>\n<p>\u00a0<\/p>\n<p><strong>Apelul Dlui Chiril\u00e3 Ciuntu a fost reprodus si de Dl. George Boian in gazeta \u00abPorunca Vremii\u00bb, num\u00e3rul din Mai-Iunie, 1970, impreun\u00e3 cu proectul Monumentului si o splendid\u00e3 vedere dela Majadahonda, \u00eencadrat\u00e3 de chipurile celor doi eroi, Ion Mota si Vasile Marin.<\/strong><\/p>\n<p><strong>Un grup de Rom\u00e2ni inimosi din New York au reprodus si difuzat pe patru pagini volante Chemarea Comandantului, Apelul Dlui Chiril\u00e3 Ciuntu, tipurile de c\u00e3r\u00e3mizi puse in circulatie, av\u00e2nd pe frontispiciu proectul Monumentului Mota-Marin.<\/strong><\/p>\n<p><strong>Gratie acestor initiative, toti Rom\u00e2nii din America si Canada au putut s\u00e3 ia act de lucrarea ce se \u00een\u00e3lta la Majadahonda, contribuind la realizarea ei.<\/strong><\/p>\n<p><strong>In Germania s\u2019a petrecut un fenomen asem\u00e3n\u00e3tor.<\/strong><\/p>\n<p><strong>Asociatia Rom\u00e2nilor din Sudul Germaniei, de sub presidentia Dlui Dr. Gheorghe Tase, a distribuit \u00eentre membrii Asociatiei si in alte cercuri rom\u00e2nesti schita Monumentului, solicit\u00e2ndu-le s\u00e3 contribuie la fondul de constructie. In al doilea r\u00e2nd, Dl. Dr. Dumitru Leonties a lansat un apel c\u00e3tre Germanii originari din Rom\u00e2nia si c\u00e3tre Rom\u00e2nii refugiati, s\u00e3-si ofere obolul pentru in\u00e3ltarea Monumentului. Apelul a fost \u00eensotit de fotografia viitorului Monument. Insf\u00e2rsit, Dl. Vasile Mailat a adresat o chemare in limba german\u00e3, insotit\u00e3 de traducerea apelului Comandantului Legiunii.<\/strong><\/p>\n<p><strong>In urma acestor initiative, apelul pentru \u00een\u00e3ltarea Monumentului a avut un larg r\u00e3sunet in Germania, care s\u2019a verificat apoi si prin importantele sume de bani colectate din aceast\u00e3 tar\u00e3.<\/strong><\/p>\n<p>\u00a0<\/p>\n<p><strong>III. CONSTRUIREA MONUMENTULUI<\/strong><\/p>\n<p>\u00a0<\/p>\n<p><strong>1) Lucr\u00e3rile preliminare<\/strong><\/p>\n<p>\u00a0<\/p>\n<p><strong>Lucr\u00e3rile preliminare pentru construirea Monumentului au \u00eenceput foarte de timpuriu. Inc\u00e3 din luna Martie 1970, inginerul Basiu a intreprins primii pasi pentru solutionarea a o multime de chestiuni cari interesau ridicarea lui.<\/strong><\/p>\n<p><strong>In primul r\u00e2nd, proectul de Monument nu reprezenta dec\u00e2t o schit\u00e3 exterioar\u00e3 a lui, care trebuia pus\u00e3 in form\u00e3, adic\u00e3 transformat\u00e3 de un arhitect autorizat intr\u2019un plan prev\u00e3zut cu toate m\u00e3sur\u00e3torile lui, pentruca, pe bazele acestui plan, s\u00e3 inceap\u00e3 zidarii constructia. Proectul definitivat trebuia apoi s\u00e3 obtin\u00e3 dou\u00e3 aprob\u00e3ri : una a Colegiului Arhitectilor din Madrid si alta a Prim\u00e3riei din Majadahonda.<\/strong><\/p>\n<p><strong>Camaradul Basiu a avut norocul s\u00e3 int\u00e2lneasc\u00e3 chiar in localitate pe arhitectul Luciano Diez-Canedo, considerat oarecum arhitectul satului, pentruc\u00e3 avea la activul lui numeroase lucr\u00e3ri oficiale si particulare executate in Majadahonda. Solicit\u00e2ndu-l s\u00e3 colaboreze la realizarea definitiv\u00e3 a proectului si s\u00e3-l semneze pentru a fi inaintat autorit\u00e3tilor competente pentru aprobare, a binevoit s\u00e3 fac\u00e3 acest serviciu cu cel mai mare entuziasm.<\/strong><\/p>\n<p><strong>Proectul a obtinut aprobarea Colegiului Arhitectilor pe ziua de 8 Iunie 1970, iar aprobarea Prim\u00e3riei s\u2019a dat ceva mai t\u00e2rziu. Era un pas important f\u00e3cut inainte si care permitea trecerea la faza de constructie propriu zis\u00e3.<\/strong><\/p>\n<p><strong>A doua chestiune care trebuia rezolvat\u00e3 \u00eenainte de a se \u00eencepe lucrarea, era asezarea Monumentului. Dup\u00e3 cum stiu toti cei ce au v\u00e3zut locul din spatele Crucii \u00eenainte de ridicarea Monumentului -singurul loc unde se putea face amplasarea lui-, acesta era abrupt. Chiar micul platou din spate a trebuit s\u00e3 fie nivelat. Aveam nevoie de o suprafata plan\u00e3 de 25 m. pe 25 m., si cum in\u00e3ltimea Monumentului era iar\u00e3si de 15 metri, trebuia asezat suficient de departe, pentru a avea perspectiv\u00e3. Groapa care se deschidea in spate trebuia umplut\u00e3 cu c\u00e2teva mii de m3 de p\u00e3m\u00e2nt, adus din alt\u00e3. parte.<\/strong><\/p>\n<p><strong>Inginerul Basiu a rezolvat aceast\u00e3 chestiune tehnic\u00e3, f\u00e3c\u00e2nd toate m\u00e3sur\u00e3torile necesare, iar in problema orient\u00e3rii Monumentului a fost ajutat de Ovidiu T\u00e2rlea.<\/strong><\/p>\n<p><strong>Dar terenul ce-l primiser\u00e3m ca donatie dela Doamna Hermenegilda Labrandero nu era \u00eendestul\u00e3tor pentru a servi la asezarea Monumentului. Se punea problema achizition\u00e3rii unei portiuni de teren de 3-4 ori mai mare. Mai era nevoie de cca. 15 metri in profunzime si in l\u00e3time. Doamna Hermenegilda, donatoarea terenului din imediata apropiere a Crucii, murise. Terenul de care aveam nevoie, in continuarea celui donat, fusese mostenit de nepotii ei, Arturo Sanz Millan, actualul primar, si de v\u00e3rul lui, Heliodoro Sanz Millan.<\/strong><\/p>\n<p><strong>In Aprilie 1970, Comandantul Misc\u00e3rii Legionare, \u00eempreun\u00e3 cu camarazii Costea si T\u00e2rlea, se deplaseaz\u00e3 la Majadahonda si fac o vizit\u00e3 primarului, cu scopul de a rezolva chestiunea terenului suplimentar de care aveam nevoie. Bine inteles c\u00e3 reprezentantii Legiumi, av\u00e2nd in vedere donatia precedent\u00e3, nu au vroit s\u00e3 reclame o nou\u00e3 donatie, ci au solicitat pe Dl. Arturo Sanz Millan s\u00e3 le v\u00e2nd\u00e3 parcela necesar\u00e3, oferindu-i a o pl\u00e3ti, la pretul in curs. Dl. Arturo Sanz Millan nici nu a vroit s\u00e3 aud\u00e3 de asa ceva, ci a declarat c\u00e3 se consider\u00e3 legat de donatia precedent\u00e3 si ne pune la dispozitie, tot cu caracter de donatie, terenul de care mai aveam nevoie pentru zidirea Monumentului. Aceast\u00e3 ofert\u00e3 neasteptat\u00e3 nu numai c\u00e3 ne-a surprins prin generositatea ei, dar a \u00eensemnat in acelasi timp o important\u00e3 economie in resursele de cari dispuneam pentru construirea Monumentului. Intre timp, pretul p\u00e3m\u00e2ntului crescuse mult la Majadahonda, din cauza numeroaselor constructii, prin faptul c\u00e3 localitatea devenise un centru de descongestionare al Copitalei, \u00eenc\u00e2t donatia suplimentar\u00e3 reprezenta o usurare considerabil\u00e3. Indata primarul, impreun\u00e3 cu persoanele susnumite, au plecat la fata locului si au facut m\u00e3sur\u00e3torile necesare. A fost un moment de mare bucurie.<\/strong><\/p>\n<p><strong>La inceputul lui Iunie 1970, toate aceste chestiuni preliminare erau rezolvate: dispuneam de terenul necesar, planul era definitivat si aprobat, iar asezarea Monumentului fusese f\u00e3cut\u00e3 dup\u00e3 criteriile cele mai rezonabile, tin\u00e2nd seama de coracteristicile locului.<\/strong><\/p>\n<p>\u00a0<\/p>\n<p><strong>2) Contractarea constructiei<\/strong><\/p>\n<p>\u00a0<\/p>\n<p><strong>Inca din luna Aprilie, Inginerul Basiu, \u00eensotit uneori de alti camarazi (Costea, T\u00e2rlea), a colindat carierele de granit din \u00eemprejurimi p\u00e2n\u00e3 la Escorial, pentru a descoperi o piatr\u00e3 frumoas\u00e3 si pentru a se interesa de pret. La inceput ne-am g\u00e2ndit\u00a0 s\u00e3 realiz\u00e3m Monumentul din blocuri masive de granit, dar \u00eencur\u00e2nd am renuntat la aceast\u00e3 idee, deoarece ar fi costat dublu dec\u00e2t bugetul prev\u00e3zut si nu s\u2019ar fi inf\u00e3ptuit dec\u00e2t in doi ani. Ne-am oprit la solutia pl\u00e3cilor de granit, aplicate pe un schelet de beton. Dealtminteri e un procedeu curent. Insusi Arcul de Triumf din Madrid e construit in acelasi fel. Dup\u00e3 lungi si obositoare drumuri, inginerul Basiu s\u2019a fixat asupra granitului de Becerril, o comun\u00e3 din muntii Guadarrama. In genere, celelalte granituri aveau multe pete, in timp ce granitul de Becerril, mult mai putine. Granit de cea mai bun\u00e3 calitate din punct de vedere al purit\u00e3tii nu se g\u00e3sea dec\u00e2t la Segovia. Nu numai c\u00e3 era foarte stump, dar si transportul ar fi fost enorm. Dar, cum spuneau cunoscatorii, dac\u00e3 pl\u00e3cile sunt bine potrivite, usoarele dungi din granitul de Becerril nici nu se observ\u00e3.<\/strong><\/p>\n<p><strong>Zidirea Monumentului se desf\u00e3cea de fapt in dou\u00e3 lucr\u00e3ri diferite<\/strong><\/p>\n<p><strong>-Constructia propriu zis\u00e3 a Monumentului c\u00e3dea pe seama pietrarilor. Acestia trebuiau s\u00e3 prelucreze granitul, transform\u00e2ndu-l in pl\u00e3ci si apoi s\u00e3 le fixeze pe scheletul de beton. Tot pietrarii vor construi si treptele Monumentului.<\/strong><\/p>\n<p><strong>-Miscarea de p\u00e3m\u00e2nt, umplerea depresiunii, nivelarea terenului si construirea fundamentului si a scheletului, c\u00e3deau in seama zidarilor.<\/strong><\/p>\n<p><strong>Printr\u2019o fericit\u00e3 coincidenta, s\u2019au g\u00e3sit antreprenori pentru aceste lucr\u00e3ri chiar in Majadahonda. Constructia Monumentului a fost \u00eencredintat\u00e2 antreprenorului de carier\u00e3. de piatr\u00e3, Manuel Vidal, iar lucr\u00e3rile de teren si zidarie (miezul de beton si leg\u00e3turile de fier), unor echipe de zidari, tot din Majadahonda, av\u00e2nd ca sefi pe Berlana, Martin si Alfonso Montero.<\/strong><\/p>\n<p><strong>In prima s\u00e3pt\u00e3m\u00e2n\u00e3 din luna Iunie 1970, Inginerul Basiu si Ovidiu T\u00e2rlea au semnat contractele cu acesti antreprenori. Pietrarul Vidal, chiar in cursul s\u00e3pt\u00e3m\u00e2nii urm\u00e3toare, 8-15 Iunie, a inceput cioplirea pietrii la Becerril, iar zidarii au adus uneltele necesare si au \u00eenceput miscarea p\u00e3m\u00e2ntului intre 15-22 Iunie.<\/strong><\/p>\n<p><strong>Trebue ad\u00e3ugat c\u00e3 apa necesar\u00e3 pentru facerea cimentului si a betonului armat a fost pus\u00e3 la dispozitie de intreprinderea \u00abEntel\u00bb, proprietara cl\u00e3dirii din vecin\u00e3tatea Crucii. Ovidiu T\u00e2rlea a f\u00e3cut o cerere Directorului Societ\u00e3tii de Comunicatii \u00abEntel\u00bb si acesta a dat aprobarea in cateva ore ca s\u00e3 se utilizeze apa necesar\u00e3 din depozitul \u00eentreprinderii si intreaga cladire sa poat\u00e3 fi folosit\u00e3 pentru depozitarea materialului.<\/strong><\/p>\n<p>\u00a0<\/p>\n<p><strong>3) O data memorabil\u00e3<\/strong><\/p>\n<p>\u00a0<\/p>\n<p><strong>Insf\u00e2rsit, a venit un moment de multumire, dup\u00e3 at\u00e2tea alerg\u00e3turi, oboseli, nelinisti si indoieli. La 1 Iulie 1970 s\u2019a dat semnalul pentru \u00eenceperea constructiei propriu zise. Placile de granit se lucrau de zor la Becerril si o parte din ele au fost deja aduse la Majadahonda, iar zidarii erau pe teren.<\/strong><\/p>\n<p><strong>Parohul din sat, Pablo Alobera del Rio, a binecuv\u00e2ntat \u00eenceputul lucr\u00e3rilor, in prezenta camarazilor Gheorghe Costea si Ovidiu T\u00e2rlea. Inginerul Basiu, fiind la serviciu, nu a putut participa la solemnitate.<\/strong><\/p>\n<p><strong>Cu acest prilej, Comandantul Misc\u00e3rii a dat al treilea Comunicat depe c\u00e2mpul de b\u00e3t\u00e3lie al realiz\u00e3rii Monumentului, pentru a \u00eencunostiinta pe legionari de stadiul lucr\u00e3rilor.<\/strong><\/p>\n<p>\u00a0<\/p>\n<p><strong>B\u00e3t\u00e3lia pentru \u00een\u00e3ltarea Monumentului Mota-Marin<\/strong><\/p>\n<p><strong>Comunicat Nr. 3<\/strong><\/p>\n<p>\u00a0<\/p>\n<p><strong>\u00abCu ajutorul lui Dumnezeu, in ziua de 1 Iulie 1970, au \u00eenceput la Majadahonda, lucr\u00e3rile pentru ridicarea Monumentului.<\/strong><\/p>\n<p><strong>\u00abSlujba de binecuv\u00e2ntare a lucr\u00e3rilor a fost oficiat de parohul local,\u00a0R. P. Don Pablo Alobero del Rio, in prezenta camarazilor Gheorghe Costea si Ovidiu T\u00e2rlea, si a echipei de lucr\u00e3tori. Imediat a intrat in functiune excavatoarea pentru s\u00e3parea terenului, unde se va turna fundamentul. Pl\u00e3cile de granit cari vor \u00eenv\u00e3lui Monumentul sunt in lucru mai de mult.<\/strong><\/p>\n<ol>\n<li><strong>l)Cele dou\u00e3 luni cari s\u2019au scurs dela ultimul comunicat (Nr. 2, 29 Martie 1970), au fost deosebit de inc\u00e3rcate si laborioase. Proectul de monument, asa cum l-ati v\u00e3zut, nu reprezenta dec\u00e2t o schit\u00e3. El a trebuit s\u00e3 fie dat unui arhitect, pentru a-l pune in form\u00e3, in vederea executiei. S\u2019au \u00eendeplinit apoi toate formalit\u00e3tile necesare at\u00e2t la Colegiel Arhitectilor c\u00e2t si la autorit\u00e3tile administrative. S\u2019au contractat, \u00eensf\u00e2rsit, dou\u00e3 \u00eentreprinderi din Majadahonda pentru executarea lucr\u00e3rilor, una care ciopleste granitul si alta care realizeaz\u00e3 partea intern\u00e3 a Monementului. Gratie apoi unei donatii a aceleiasi familii, s\u2019a m\u00e3rit lotul initial, care era numai de 200 m2 cu \u00eenc\u00e3 700 m2, \u00eenc\u00e2t at\u00e2t Monumentul c\u00e2t si platforma lui se vor cl\u00e3di pe terenul nostru.<\/strong><\/li>\n<\/ol>\n<p><strong>In toat\u00e3 aceast\u00e3 perioad\u00e3 dificila si incert\u00e3 ne-am bucurat de sprijinul cald al familiilor fruntase din Majadahonda, al preotelui si al autorit\u00e3tilor locale.<\/strong><\/p>\n<p><strong>2)\u00a0C\u00e2t priveste pretul lucr\u00e3rilor, el va dep\u00e3si prevederile initiale. Numai pl\u00e3cile de granit cost\u00e3 450.000 de pesete. Dup\u00e3 socotelile provizorii ale camaradului Basiu, cheltuielile se vor ridica la 900.000 de pesete, adic\u00e3 cu 3.000 dolari mai mult dec\u00e2t suma fixata in apel.<\/strong><\/p>\n<p><strong>Suma adunat\u00e3 p\u00e2n\u00e3 acum se apropie de o jumatate de milion. Av\u00e2nd in vedere necesitatea unui efort suplimentar, prelungesc p\u00e2n\u00e3 la 15 August 1970 actiunea de colectare a fondurilor. Orice sum\u00e3 mai important\u00e3 trebue expediat\u00e3 imediat la Centre.<\/strong><\/p>\n<p><strong>3)\u00a0S\u2019au incorporal Comitetului de Constructie:<\/strong><\/p>\n<p><strong>Traian Borobaru<\/strong><\/p>\n<p><strong>Faust Br\u00e3descu\u00a0<\/strong><\/p>\n<p><strong>Radu Ghenea\u00a0<\/strong><\/p>\n<p><strong>Elena Popescu\u00a0<\/strong><\/p>\n<p><strong>Alexandru Suga\u00a0<\/strong><\/p>\n<p><strong>Lucia Trandafir<\/strong><\/p>\n<p><strong>4)\u00a0Dup\u00e3 p\u00e3rerea sefului Comitetului de Constructie, inginerul Basiu, nu avem niciun motiv s\u00e3 credem ca ar putea interveni vreo am\u00e2nare a actului sfintirii.<\/strong><\/p>\n<p><strong>In orice caz, cu o lun\u00e3 de zile \u00eenainte, veti primi con((5) datei.<\/strong><\/p>\n<p><strong>5)\u00a0Imnul rezistentei legionare, de Faust Br\u00e3descu, a fost pus pe note chiar de autor. Camaradul Br\u00e3descu va trimite imnul, cu melodia \u00eensotitoare, tuturor garnizoanelor, pentru a fi \u00eenv\u00e3tat. Se va c\u00e2nta la desvelirea Monumentului.<\/strong><\/p>\n<p><strong>Inc\u00e3 un efort, camarazi, si suntem sus pe creste. Monumentul va deveni realitate.<\/strong><\/p>\n<p><strong>Cu toat\u00e3 dragostea,<\/strong><\/p>\n<p><strong>Tr\u00e3iasc\u00e3 Legiunea si C\u00e3pitanul !\u00a0<\/strong><\/p>\n<p><strong>Horia Sima\u00a0<\/strong><\/p>\n<p><strong>Comandantul Misc\u00e3rii Legionare<\/strong><\/p>\n<p><strong>Madrid, 3 Iulie 1970<\/strong><\/p>\n<p>\u00a0<\/p>\n<p><strong>4) Luna Iulie<\/strong><\/p>\n<p>\u00a0<\/p>\n<p><strong>In aceast\u00e3 lun\u00e3, lucrarile au mers aparent destul de \u00eencet. In realitate, s\u2019a lucrat in ad\u00e2ncime, termin\u00e2ndu-se fundamentul, ceeace a durat dou\u00e3 sapt\u00e3m\u00e2ni. La 15 Iulie, baza Monumentului a fost terminat\u00e3 si abia in a doua jum\u00e3tate a aceleiasi luni,\u00a0s\u2019a inceput construirea partii vizibile a lui.<\/strong><\/p>\n<p><strong>Tot in aceast\u00e3 lun\u00e3, inginerul Basiu a comandat crucea la intreprinderea \u00abCointra\u00bb, unde lucreaz\u00e3 el. Crucea e din fier, \u00eembr\u00e3cat\u00e3 cu pl\u00e3ci de alam\u00e3, un aliaj care rezist\u00e3 intemperiilor. Crucea va fi gata in luna August, dar nu va putea fi fixat\u00e3 decat 7 zile dupa terminarea Monumentului, c\u00e2nd cimentul s\u2019a \u00eenchegat bine.<\/strong><\/p>\n<p><strong>In a doua jum\u00e3tate a lunii Iulie, Comandantul Legiunii a inspectat lucr\u00e3rile, r\u00e3m\u00e2n\u00e2nd multumit de progresele lor. Se \u00eencepuse punerea placilor, ridic\u00e2ndu-se constrnstructia la 2-2,50 m. Partea central\u00e3, in apropiere de baz\u00e3, a dat multa b\u00e3taie de cap si asa se explic\u00e3 incetineala aparent\u00e3 cu care se lucra. Dar odat\u00e3 terminat\u00e3 faza aceasta, ne asigurau antreprenorii, progrele vor fi mult mai mari, iar Monumentul va fi terminat, conform contractului, p\u00e2n\u00e3 la 25 August. C\u00e2t riveste treptele, fixarea lor va merge foarte repede, inc\u00e2t nu vor produce nicio int\u00e2rziere.<\/strong><\/p>\n<p>\u00a0<\/p>\n<p><strong>5) Monumentul se \u00eenalt\u00e3 \u00een z\u00e3ri<\/strong><\/p>\n<p>\u00a0<\/p>\n<p><strong>Pe c\u00e2t de incet p\u00e3reau c\u00e3 merg lucr\u00e3rile in luna Iulie, pe at\u00e2t de repede au inaintat in luna August. De fapt, luna Iulie a fost tot at\u00e2t de laborioas\u00e3, dar cum constructorii lucrau atunci la fundament si la baza Monumentului, nou\u00e3 ni se parea c\u00e3 nu se fac progrese, penntruca nu vedeam coloanele in\u00e3lt\u00e2ndu-se.<\/strong><\/p>\n<p><strong>La \u00eenceputul lunii August, camaradul Tuliu Basiu pleac\u00e3 in concediu, pentru a-si reface s\u00e3n\u00e3tatea, dupa un efort epuizant de peste patru luni. In locul lui ramane s\u00e3 supravegheze lucr\u00e3rile Ovidiu T\u00e2rlea. Cum problemele principale erau rezolvate, nu mai r\u00e2m\u00e2neau acum decat s\u00e3 se intensifice ritmul lucr\u00e3rilor, pentruca\u00a0Monumentul s\u00e3 fie gata pentru sfintire, in 13 Septembrie 1970, asa cum anuntase Comandantul.<\/strong><\/p>\n<p><strong>Toti legionarii din \u00eentreaga lume stateau cu inima str\u00e2ns\u00e3 de emotie, tem\u00e2ndu-se fie de o am\u00e2nare fie chiar de o intrerupere. Chiar si Comandantul Misc\u00e3rii, in\u00a0Comunicatul Nr. 3, lasase o portit\u00e3 \u00eentredeschis\u00e3 si posibilit\u00e3tii ca data sfintirii s\u00e3 se am\u00e2ne.<\/strong><\/p>\n<p><strong>Se puteau ivi dou\u00e3 contra-timpuri : fie c\u00e3, constructorii nu ar fi putut razbi cu lucrarea, asa cum \u00eesi luaser\u00e3 angajamentul; fie ca nu ar fi ajuns banii adunati p\u00e2n\u00e3 atunci.\u00a0<\/strong><\/p>\n<p><strong>Intr\u2019adev\u00e3r situatia fondului era destul de critic\u00e3 la inceputul lunii August. La plecarea lui in concediu, inginerul Basiu a f\u00e3cut calculul provizoriu al \u00eencas\u00e3rilor si al cheltuielilor contractate. Cei 10.000 dolari prev\u00e3zuti fuseser\u00e3 dep\u00e3siti, dispun\u00e2nd de 750.000 pesete, dar fuseser\u00e3 dep\u00e3site si cheltuielile, in jurul sumei de un milion. Deci, ne lipseau 250.000 pesete, pentru a acoperi cheltuielile angajate p\u00e2n\u00e3 la acea dat\u00e3.<\/strong><\/p>\n<p><strong>Din fericire, chiar dela sf\u00e2rsitul lui Iulie lucr\u00e3rile au luat un av\u00e2nt considerabil, ceeace demonstra ca Monumentul putea fi terminat p\u00e2n\u00e3 la 13 Septembrie 1970.<\/strong><\/p>\n<p><strong>Bazat pe aceast\u00e3 certitudine, Comandantul Misc\u00e3rii Legionare, la data de 1 August 1970, a lansat un apel c\u00e3tre Rom\u00e2nii pribegi, cer\u00e2nd o contributie suplimentara de 3.000 dolari. El asigura pe toti Rom\u00e2nii din exil ca Monumentul se va sfinti la data prev\u00e3zut\u00e3. In continuare, textul acestui nou apel:<\/strong><\/p>\n<p>\u00a0<\/p>\n<p><strong>MONUMENTUL MOTA-MARIN<\/strong><\/p>\n<p>\u00a0<\/p>\n<p><strong>\u00abFrati Rom\u00e2ni,<\/strong><\/p>\n<p><strong>Sfintirea Monumentului Mota-Marin se va s\u00e3v\u00e2rsi, cu ajutorul lui Dumnezeu, la data prevazut\u00e3, Dumineca, 13 Septembrie 1970, la Majadahonda.<\/strong><\/p>\n<p><strong>Gratie elanului cu care au r\u00e3spuns la apelul nostru Rom\u00e2nii pribegi, risipiti in toate t\u00e3rile si continentele, lucr\u00e3rile inainteaz\u00e3 repede. Suma prev\u00e3zut\u00e3 de 10.000 de dolari e pe punctul s\u00e3 fie acoperit\u00e3, dar mai avem nevoie de \u00eenc\u00e3 3.000 de dolari, cari reprezint\u00e3 diferente de cost si lucr\u00e3ri complimentare.<\/strong><\/p>\n<p><strong>Adres\u00e3m un cald apel tuturor Rom\u00e3nilor din exil, pentru a ne ajuta s\u00e3 acoperim si aceast\u00e3 sum\u00e3 destinat\u00e3 in mare parte lucr\u00e3rilor de amenajare ale terenului, care se g\u00e3seste pe o \u00een\u00e3ltime abrupt\u00e3, pe locul unde odinioar\u00e3 serpuiau transeele.<\/strong><\/p>\n<p><strong>Cu bucurie semnal\u00e3m c\u00e3 la subscrierea fondului de constructie au aderat nu numai legionarii, ci si masele largi ale exilului. Deasemenea si-au dat contributia for si frati separati, neascult\u00e2nd \u00eendemnuri r\u00e3uvoitoare. E un gest care onoreaz\u00e3 exilul si-l ridic\u00e3 in ochii tarii si ai posterit\u00e3tii.<\/strong><\/p>\n<p><strong>Raspunz\u00e2nd acestei atitudini nobile, care stie s\u00e3 disting\u00e3 intre fr\u00e3m\u00e2nt\u00e3rile unui exil prelungit si masele scop al m\u00e2ntuirii neamului, invit\u00e3m cu toat\u00e3, dragostea pe toti Rom\u00e2nii pribegi s\u00e3 participe la actul sfintirii si s\u00e3-si aduc\u00e3 omagiul lor eroilor c\u00e3zuti la Majadahonda. Cei cari nu pot s\u00e3 participe, isi pot exprima sentimentele lor de adeziune, prin mesagii trimise inainte de data sfintirii.<\/strong><\/p>\n<p><strong>Ion Mota si Vasile Marin sunt precursorii unei lupte in care e angajat \u00eentreg poporul rom\u00e2nesc de peste treizeci de ani. Pe urmele acestor vizionari ai destinului national, au pornit trupele rom\u00e2nesti la asaltul imperiului negru al Antichristului, ajung\u00e2nd p\u00e2n\u00e3 pe crestele muntilor Caucaz. Inspirat\u00e3 de duhul lor, s\u2019a organizat rezistenta noastr\u00e3 contra cutropitorului din r\u00e3s\u00e3rit si iluminat si int\u00e3rit de aceeasi mare jertf\u00e3, poporul rom\u00e2n \u00eesi mentine ast\u00e3zi intact\u00e3 speranta eliber\u00e3rii, d\u00e2nd dovad\u00e3 de o rezistent\u00e3 supraomeneasc\u00e3.<\/strong><\/p>\n<p><strong>Ion Mota si Vasile Marin nu sunt numai o glorie rom\u00e2neasc\u00e3. Existenta si sacrificiul lor au luat dimensiuni universale. Ei au devenit ast\u00e3zi indrum\u00e3torii spirituali ai unei omeniri ce b\u00e2jb\u00e3ie in intuneric, care isi caut\u00e3 salvarea pe alte c\u00e3i dec\u00e2t prin \u00abhot\u00e3r\u00eerea aspr\u00e3 a faptei\u00bb. Ei ne \u00eenvat\u00e3 c\u00e3 nu exist\u00e3 alternativ\u00e3 la amenintarea comunist\u00e3 dec\u00e2t \u00eenfruntarea ei eroica. Ei au scris cu s\u00e2ngele lor adev\u00e3rul c\u00e3 omenirea nu poate evita tragicul destin al robiei si al mortii, dac\u00e3 nu iese \u00een \u00eent\u00e2mpinarea inamicului si nu-l \u00eenvinge.<\/strong><\/p>\n<p><strong>In acest spirit ne d\u00e3m \u00eent\u00e2lnire la Majadahonda.\u00bb<\/strong><\/p>\n<p><strong>HORIA SIMA<\/strong><\/p>\n<p><strong>Madrid, 1 August 1970.<\/strong><\/p>\n<p>\u00a0<\/p>\n<p><strong>6) Noi forte se incorporeaz\u00e3 Comitetului de Constructie<\/strong><\/p>\n<p>\u00a0<\/p>\n<p><strong>In 13 August 1970, Comandantul Misc\u00e3rii Legionare d\u00e3 Comunicatul Nr. 4, prin care anunt\u00e3 incorporarea de noi forte in Comitetul de Constructie :<\/strong><\/p>\n<p>\u00a0<\/p>\n<p><strong>Monumentul \u201cMota-Marin\u201d<\/strong><\/p>\n<p><strong>Comunicat Nr. 4<\/strong><\/p>\n<p>\u00a0<\/p>\n<p><strong>1)\u00a0S\u2019au incorporat Comitetului de Constructie urm\u00e3torii camarazi:<\/strong><\/p>\n<p><strong>Dan Boghiu<\/strong><\/p>\n<p><strong>Victor Car\u00e2p\u00a0<\/strong><\/p>\n<p><strong>Chiril\u00e3 Ciuntu\u00a0<\/strong><\/p>\n<p><strong>Gheorghe Costea<\/strong><\/p>\n<p><strong>Nicolae Teban<\/strong><\/p>\n<p><strong>2)\u00a0Dup\u00e3 sfintirea si terminarea ultimelor lucrari, se va publica o brosur\u00e3 cu istoricul Majadahondei si al realiz\u00e3rii Monumentului. Textul va fi \u00eensotit de fotografii.<\/strong><\/p>\n<p><strong>HORIA SIMA<\/strong><\/p>\n<p><strong>Madrid, 13 August 1970<\/strong><\/p>\n<p>\u00a0<\/p>\n<p><strong>7) Problema platformei<\/strong><\/p>\n<p>\u00a0<\/p>\n<p><strong>Constructia Monumentului, dupa calculele inginerului Basiu, se apropia de un milion de pesete. Aceasta sum\u00e3 putea fi acoperit\u00e3, dupa stirile primite dela camarazii \u00eens\u00e3rcinati cu str\u00e2ngerea fondului. Ultimul apel al Comandantului a dat un nou impuls contributiilor. Dar in niciun caz nu dispuneam de banii pentru facerea platformei. Inginerul Basiu, f\u00e3cand o nota provizorie de situatia fondului, la plecare, arata ca nu exista bani pentru platform\u00e3 si recomanda prudenta.<\/strong><\/p>\n<p><strong>Comandantul Legiunii se afla intr\u2019o teribila dilema:\u00a0a nu face platforma, \u00eensemna a priva Monumentul de un element esential pentru a-l pune in valoare; a angaja si aceast\u00e3 lucrare, \u00eensemna aproape 200.000 pesete cheltuieli in plus, cari nu puteau fi obtinute de nicaieri, toate rezervele fiind epuizate.<\/strong><\/p>\n<p><strong>Aceast\u00e3 fr\u00e3m\u00e2ntare a durat p\u00e2n\u00e3 la mijlocul lunii August, c\u00e2nd Seful Legiunii i-a dat deslegare lui Ovidiu T\u00e2rlea s\u00e3 angajeze si lucrarea pentru platforma. A fost o decizie grea. Cum nu mai existau alte resurse, Dl. Horia Sima s\u2019a hot\u00e3r\u00eet s\u00e3 recurga la \u00eemprumuturi. Aceste inprumuturi s\u2019au contractat in Septembrie 1970, dupa terminarea inaugur\u00e3rii si, cu ajutorul lor, au putut fi\u00a0platiti antreprenorul si bravii lucr\u00e3tori.<\/strong><\/p>\n<p>\u00a0<\/p>\n<p><strong>8) Progrese spectaculare<\/strong><\/p>\n<p>\u00a0<\/p>\n<p><strong>In prima jum\u00e3tate a lunii August, constructia a f\u00e3cut progrese spectaculare. Mai bine de 2\/3 se terminase si, in ajunul Sfintei M\u00e3rii, a \u00eenceput lucrul la arcade (bolti). Mai trebuia un metru si jum\u00e3tate in sus pentruca Monumentul s\u00e3 fie \u00eencheiat.<\/strong><\/p>\n<p><strong>Paralel cu constructia principal\u00e3, s\u2019au realizat lucr\u00e3ri de consolidare a terenului din jurul Monumentului. S\u2019a adus o excavatoare si terenul din spatele Monumentului a fost l\u00e3tit cu \u00eenc\u00e3 5 metri, iar pe l\u00e3turi cu 4 metri. S\u2019a nivelat apoi terenul din fata Crucii. S\u2019a scos Crucea pentru a o fixa in acelasi loc, dar cu o orientare paralel\u00e3 cu fata Monumentului. Cu aceast\u00e3 amenajare general\u00e3, locul a luat o alt\u00e3 inf\u00e3tisare, oferind o frumoas\u00e3 perspectiv\u00e3.<\/strong><\/p>\n<p><strong>In a doua jum\u00e3tate a lunii August, au inceput lucr\u00e3rile preg\u00e3titoare pentru fixarea pl\u00e3cilor viitoarei platforme, care trebuia s\u00e3 inconjoare Monumentul din toate p\u00e3rtile. Dar exista un inconvenient. In partea dreapta, cum priveai Monumentul, se ridica un st\u00e2lp-anten\u00e3 de 15 metri \u00een\u00e3ltime. Acel st\u00e2lp nu numai c\u00e3, constituia un obstacol pentru amenajarea platformei, dar strica esteticei Monumentului. Ovidiu T\u00e2rlea invit\u00e3 pe inginerul Ajo, dela societatea \u00abEntel\u00bb, la Majadahonda, \u00eei arat\u00e3 lucrarea si, la fata locului, \u00eei cere permisiunea s\u00e3 fie \u00eendep\u00e3rtat acel st\u00e2lp, care si asa nu mai servea la nimic. Acesta isi d\u00e3 consimt\u00e3m\u00e2ntul imediat si st\u00e2lpul a fost indep\u00e3rtat cu toate cablurile care il sustineau.<\/strong><\/p>\n<p>\u00a0<\/p>\n<p><strong>9) Aducerea si fixarea Crucii<\/strong><\/p>\n<p>\u00a0<\/p>\n<p><strong>Crucea destinat\u00e3 s\u00e3 fie infipt\u00e3 in v\u00e2rful Monumentului, f\u00e3cut\u00e3 in atelierele \u00abCointra\u00bb, din Alcal\u00e2 de Henares, a fost adus\u00e3 de Ovidiu T\u00e2rlea, cu un camion, la locul de constructie, pe ziua de 19 August.<\/strong><\/p>\n<p><strong>Pentru fixarea ei in centrul coloanei principale, a trebuit s\u00e3 se astepte terminarea Monumentului si perfecta uscare a betonului.<\/strong><\/p>\n<p><strong>Aceast\u00e3 operatie s\u2019a realizat la sf\u00e2rsitul lunii August. Pentru ridicarea Crucii la \u00een\u00e3ltimea p\u00e3rtii superioare a Monumentului (mai bine de 10 metri ), a trebuit s\u00e3 intre in functie o gru\u00e3, dat fiind greutatea ei.<\/strong><\/p>\n<p><strong>Cu o pricepere des\u00e3v\u00e2rsit\u00e3, constructorii au realizat si aceast\u00e3 operatie. Crucea a fost in\u00e3ltat\u00e3 pe parapetul Monumentului, d\u00e2ndu-i maiestate si simboliz\u00e2nd triumful crestin\u00e3t\u00e3tii contra puterilor \u00eentunericului.<\/strong><\/p>\n<p><strong>Dat fiind c\u00e3 fixarea Crucii pe coloana central\u00e3 insemna culminarea realiz\u00e3rii Monumentului, conform traditiei din Spania, s\u2019au ridicat dou\u00e3 drapele, unul spaniol si altul rom\u00e2nesc, pe ambele brate ale Crucii. A fost un moment de profund\u00e3 emotie pentru toti cei ce au asistat la asezarea celor dou\u00e3 drapele, cari f\u00e2lf\u00e3iau in suava b\u00e3taie a, brizei ce venea din Muntii Guadarrama. Lucrul s\u2019a oprit in acea zi memorabil\u00e3 si inginerul Sorici a invitat pe toti lucr\u00e3torii la o mas\u00e3, la care au participat si notabilit\u00e3tile satului, \u00eempreun\u00e3 cu camarazii T\u00e2rlea si Costea.<\/strong><\/p>\n<p>\u00a0<\/p>\n<p><strong>10) Se public\u00e3 opera lui Totu<\/strong><\/p>\n<p>\u00a0<\/p>\n<p><strong>Paralel cu construirea accelerat\u00e3 a Monumentului, s\u2019a dat zor ca s\u00e3 ias\u00e3 de sub tipar si cartea lui Neculai Totu, \u201cInsemn\u00e3ri depe Front\u201d, in traducere spaniol\u00e3.<\/strong><\/p>\n<p><strong>Traducerea acestei c\u00e3rti, f\u00e3cut\u00e3 de Ovidiu T\u00e2rlea, exista de mult\u00e3 vreme in cartoane, dar, din lips\u00e3 de mijloace materiale, n\u2019a putut vedea lumina zilei.<\/strong><\/p>\n<p><strong>Odat\u00e3 cu realizarea Monumentului, s\u2019a pus din nou problema tip\u00e3ririi acestei c\u00e3rti. Intr\u2019adev\u00e3r \u201cInsemn\u00e3rile\u201d lui Totu constituiau complementul firesc al Monumentului. Publicul spaniol trebuia s\u00e3 cunoasc\u00e3 dintr\u2019o voce autorizat\u00e3 epopeea echipei legionare ce-a luptat in Spania. Acest Monument nu putea g\u00e3si un mai bun interpret dec\u00e2t pe Neculai Totu.<\/strong><\/p>\n<p><strong>Desi tip\u00e3rirea acestei lucr\u00e3ri reprezenta o nou\u00e3 greutate financiara, care nu se stia de unde putea fi acoperit\u00e3, Comandantul Misc\u00e3rii Legionare a decis grabnica ei publicare, pentruca s\u00e3 ias\u00e3 de sub teasc \u00eenainte de 13 Septembrie, pentru a fi distribuit\u00e3 participantilor la actul sfintirii.<\/strong><\/p>\n<p><strong>Valoarea acestei carti era cu at\u00e2t mai mare cu c\u00e2t \u00eensusi Generalul Villalba, care a insotit echipa legionar\u00e3 in Spania, a binevoit s\u00e3-i scrie prologul.<\/strong><\/p>\n<p><strong>Cartea a fost terminat\u00e3 \u00eentr\u2019o luna de zile. Pe ziua de 10 August 1970, a iesit dela tipografie si se afla depozitat\u00e3, gata s\u00e3 fie distribuit\u00e3.<\/strong><\/p>\n<p>\u00a0<\/p>\n<p><strong>11) Nu se uit\u00e3 nici invitatiile<\/strong><\/p>\n<p>\u00a0<\/p>\n<p><strong>Grija de Monument, de \u00een\u00e3ltarea lui, febra care a cuprins pe toti, pentru a-l vedea terminat in termenul prev\u00e3zut, n\u2019a \u00eempiedicat s\u00e3 se aib\u00e3 in vedere si preg\u00e3tirile pentru inaugurarea Monumentului. 13 Septembrie se apropia.<\/strong><\/p>\n<p><strong>Primul lucru care trebuia f\u00e3cut era tip\u00e3rirea invitatiilor. Dup\u00e3 o serie de consult\u00e3ri, ne-am oprit la un model simplu, de culoare alb\u00e3 si cu o dung\u00e3 verde in interior. Pe prima pagina era reprodus proectul de Monument, iar in interior se anunta inaugurarea lui pe ziua de 13 Septembrie 1970. Invitatia era f\u00e3cut\u00e3 in comun de \u00abHermandad Hispano-Rumana Majadahonda\u00bb si de Miscarea Legionar\u00e3.<\/strong><\/p>\n<p><strong>Pe ziua de 25 August, Ovidiu T\u00e2rlea a predat modelul de invitatie la tipografie si, dup\u00e3 mai multe probe, au fost executate in num\u00e3r de o mie, la inceputul lunii Septembrie.<\/strong><\/p>\n<p>\u00a0<\/p>\n<p><strong>12) Intrecerea cu timpul<\/strong><\/p>\n<p>\u00a0<\/p>\n<p><strong>13 Septembrie se apropia cu pasi gigantici. Momentul str\u00e3lucea in b\u00e3taia soarelui, dar mai erau multe de f\u00e3cut in jurul lui. Treptele nu erau \u00eenca terminate, nici platforma nici Crucea nu era fixat\u00e3 si nici locul \u00eemprejmuit. Lipseau si literile depe coloana principal\u00e3, cu dedicatia Monumentului. Toate aceste lucr\u00e3ri trebuiau f\u00e3cute in scurtul interval de timp ce mai r\u00e3m\u00e2nea disponibil p\u00e2n\u00e3 la inaugurare, in total 12 zile.<\/strong><\/p>\n<p><strong>Cu toate aceste contra-timpuri nimeni nu se indoia de rezultatul final. Fetele tuturor str\u00e3luceau de bucurie. Ovidiu T\u00e2rlea lucra \u00eentr\u2019un ritm trepidant, de dimineata p\u00e2n\u00e3 seara, al\u00e3turi de muncitori. Lucr\u00e3torii insisi p\u00e3reau cuprinsi de o sf\u00e2nt\u00e3 pasiune. Pe locul jertfei iluminate se miscau niste oameni de o mare credint\u00e3. Unii fixau blocurile de granit ale treptelor; altii turnau betonul, care va servi ca fundament la prinderea pl\u00e3cilor marginale ale terenului ; altii scobeau granitul cu uneltele, pentruca in g\u00e3urile f\u00e3cute s\u00e3 prind\u00e3 literile. Si c\u00e2te alte lucr\u00e3ri mai mici, dar tot at\u00e2t de importante, pentru a da o \u00eenf\u00e3tisare pl\u00e3cut\u00e3 ansamblului.<\/strong><\/p>\n<p><strong>In dup\u00e3 masa zilei de S\u00e2mb\u00e3t\u00e3, 12 Septembrie 1970, s\u2019au prins ultimele litere pe piatra de jos a coloanei centrale, intruchip\u00e2nd cuvintele cari exprimau dorintele testamentare cele mai caracteristice ale lui Mota si Marin. Cu aceasta, constructia era incheiat\u00e3 si ceremonia inaugur\u00e3rii putea incepe a doua zi.<\/strong><\/p>\n<p><strong>Legionarii si-au tinut cuv\u00e2ntul !<\/strong><\/p>\n<p>\u00a0<\/p>\n<ol>\n<li><strong> SFINTIREA SI INAUGURAREA MONUMENTULUI<\/strong><\/li>\n<\/ol>\n<p>\u00a0<\/p>\n<p><strong>1)\u00a06 Septembrie 1970<\/strong><\/p>\n<p><strong>Aceast\u00e3 dat\u00e3 iar\u00e3si trebue \u00eensemnat\u00e3 in calendar, c\u00e3ci reprezint\u00e3 momentul c\u00e2nd au inceput preg\u00e3tirile pentru inaugurare.<\/strong><\/p>\n<p><strong>La Madrid sosesc, r\u00e2nd pe r\u00e2nd, legionari si prieteni ai Misc\u00e3rii, din diverse p\u00e3rti ale lumii. Nu at\u00e2t de multi ca la aniversarea a 40 de ani dela Intemeierea Misc\u00e3rii, deoarece eforturile financiare f\u00e3cute pentru Monument au \u00eempiedicat pe multi s\u00e3 participe.<\/strong><\/p>\n<p><strong>Primul lucru ce s\u2019a f\u00e3cut a fost expedierea invitatiilor,\u00a0cu c\u00e3rtile de vizit\u00e3 ale Generalului Villalba si ale Dlui Horia Sima.<\/strong><\/p>\n<p><strong>Apoi s\u2019au f\u00e3cut vizite la diverse personalit\u00e3ti spaniole, pentru a le invita la solemnitate.<\/strong><\/p>\n<p><strong>In zilele premerg\u00e3toare desvelirii, camarazii sositi \u00eempreun\u00e3 cu cei din Madrid, au f\u00e3cut exercitii de cor. Duc\u00e2ndu-se apoi la Majadahonda, cei alesi s\u00e3 figureze in Garda de Onoare a Monumentului, au f\u00e3cut o repetitie, pentru a-si cunoaste exact locul in momentul ceremoniei.<\/strong><\/p>\n<p><strong>S\u2019a \u00eenchiriat apoi serviciul unei \u00eentreprinderi ca s\u00e3 instaleze o echip\u00e3 de megafoane, deoarece ceremonia desf\u00e3sur\u00e2ndu-se in c\u00e2mp deschis, sunetele s\u2019ar fi pierdut.<\/strong><\/p>\n<p><strong>Dat fiind apoi lungimea ceremoniei -era prev\u00e3zut cel putin dou\u00e3 ore-, tot dela o \u00eentreprindere particular\u00e3 s\u2019au \u00eenchiriat scaune pentru participanti, cari au fost aduse cu o camionet\u00e3 dela Madrid.<\/strong><\/p>\n<p><strong>Pentru impodobirea Monumentului, s\u2019au ridicat trei st\u00e2lpi, deoparte si de alta a lui, p\u00e2n\u00e3 la \u00een\u00e3ltimea boltilor. Pe acesti st\u00e2lpi urma s\u00e3 se ridice, in ziua sfintirii, drapele spaniole si rom\u00e2ne.<\/strong><\/p>\n<p><strong>S\u2019a acoperit apoi partea central\u00e3 a Monumentului, unde era inscriptia, cu o p\u00e2nz\u00e3 alb\u00e3, care, in momentul desvelirii, putea fi tras\u00e3 la o parte cu niste sfori.<\/strong><\/p>\n<p><strong>2)\u00a0Programul serb\u00e3rii<\/strong><\/p>\n<p><strong>Programul serb\u00e3rii a fost intocmit de Dl. Sergio Cifuentes, secretarul general al Asociatiei \u00abHermandad Hispano-Rumana Majadahonda\u00bb. Insotit de Dl. Horia Sima, Dl. Sergio Cifuentes s\u2019a deplasat la Majadahonda, S\u00e2mb\u00e3t\u00e3, 12 Septembrie, si la fata locului a intocmit ordinea de desf\u00e3surare a ceremoniei.<\/strong><\/p>\n<p>\u00a0<\/p>\n<p><strong>PROGRAMUL PENTRU INAUGURAREA MONUMENTULUI MOTA-MARIN<\/strong><\/p>\n<p><strong>13 Septembrie 1970<\/strong><\/p>\n<p>\u00a0<\/p>\n<ol>\n<li><strong> Plasarea deoparte si de alta a Altarului a legionarilor cari vor forma Garda de Onoare.<\/strong><\/li>\n<li><strong> Dl. General Ricardo Villalba Rubio si Primarul din Majadahonda, Dl. Arturo Sanz Mill\u00e3n, vor proceda la desvelirea Monumentului, afl\u00e2ndu-se Dl. Sturdza mai jos in fata Altarului. Ajunsi in fata Monumentului aceste persoane, se va c\u00e2nta Imnul Legiunii Spaniole.<\/strong><\/li>\n<li><strong> Binecuv\u00e2ntarea Monumentului de c\u00e3tre preoti.<\/strong><\/li>\n<li><strong> Cuv\u00e2ntul parohului din Majadahonda, R. P. D. Pablo Alobera del Rio.<\/strong><\/li>\n<li><strong> Cuv\u00e2ntarea Rev. P. D. Amalio Orduna, capelanul Comunit\u00e3tii Rom\u00e2nilor din Spania.<\/strong><\/li>\n<li><strong> Cuv\u00e2ntarea Dlui Arturo Sanz Millan, Primarul din Majadahonda.<\/strong><\/li>\n<li><strong> \u00abImnul eroilor Mota si Marin\u00bb.\u00a0<\/strong><\/li>\n<li><strong> Discursul Dlui Horia Sima.<\/strong><\/li>\n<li><strong> Discursul Dlui Radu Ghenea, fost ministru al Rom\u00e2niei in Spania.<\/strong><\/li>\n<li><strong> Cuv\u00e2ntarea Dlui Traian Popescu, fost atasat comercial al Rom\u00e2niei.<\/strong><\/li>\n<li><strong> Discursul Dlui George Demetrescu, Presedintele Comunit\u00e3tii Rom\u00e2nilor din Spania.<\/strong><\/li>\n<li><strong> Interventia reprezentantilor rom\u00e2ni si str\u00e3ini cari au venit in Spania pentru a asista la inaugurarea Monumentului.<\/strong><\/li>\n<li><strong>a) Dr. Nicolae C\u00e2rja, Presedintele Uniunii Rom\u00e2nilor Deportati in Rusia, cu sediul in New York, Statele Unite.<\/strong><\/li>\n<li><strong>b) Dl. Chiril\u00e3 Ciuntu, Presedintele Comitetului National American, Sectia din Canada..<\/strong><\/li>\n<li><strong>c) Dl. John Simicin, reprezentantul Rom\u00e2nilor Liberi din Statele Unite.<\/strong><\/li>\n<li><strong>d) Dr. Faust Br\u00e3descu, reprezentantul Comunit\u00e3tii Rom\u00e2ne din Brazilia. Va vorba in limba portughez\u00e3.<\/strong><\/li>\n<li><strong>e) Dr. Demetrius Leonties, reprezentantul Legionarilor din Germania si Presedinte al Asociatiei Culturale \u00abGrupul Germano-Rom\u00e2n de Studii\u00bb, cu sediul in Miinchen.<\/strong><\/li>\n<li><strong>f) Dl. Pavel Onciu, reprezentantul cari se afl\u00e3 sub ocupatie str\u00e3in\u00e3.<\/strong><\/li>\n<li><strong>g) Dl. Gheorghe Costea, reprezentantul Vechei G\u00e3rzi a Misc\u00e3rii Legionare.<\/strong><\/li>\n<li><strong>h) Dl. Saverio Castaldo, avocat din Napole.<\/strong><\/li>\n<\/ol>\n<p><strong>13) Discursul Dlui Blas Pinar Lopez.<\/strong><\/p>\n<p><strong>14)Discursul Dlui Mihail R. Sturdza, fost ministru de externe al Rom\u00e2niei.<\/strong><\/p>\n<p><strong>15) Discursul Dlui General Ricardo Villalba Rubio.<\/strong><\/p>\n<p><strong>16) In continuare Dl. General Ricardo Villalba Rubio, acompaniat de Comitetul Directiv al Asociatiei \u00abHermandad Hispano-Rumana Majadahonda\u00bb, va proceda. la depozitarea unui buchet simbolic de cinci trandafiri la Crucea unde, in sf\u00e2nt\u00e3 si eroic\u00e3 ap\u00e3rare a civilizatiei crestine, a Spaniei si a Rom\u00e2niei, au c\u00e3zut legionarii rom\u00e2ni, Mota si Marin. Se roag\u00e3 persoanele cari asist\u00e3 la ceremonie s\u00e3 r\u00e3m\u00e2n\u00e3 in locurile pe cari le ocup\u00e3, deoarece, in continuare, se va c\u00e2nta Imnul Misc\u00e3rii Legionare si \u00abCara al Sol\u00bb.<\/strong><\/p>\n<p><strong>Cum toti camarazii doreau ca actul sfintirii sa se realizeze impecabil, dup\u00e3 masa de S\u00e2mb\u00e3t\u00e3 si noaptea de Duminec\u00e3 au fost cele mai \u00eenc\u00e3rcate, lucr\u00e2ndu-se intens p\u00e2n\u00e3 in zorii zilei.<\/strong><\/p>\n<p><strong>La Monument s\u2019au \u00eendep\u00e3rtat ultimele resturi ale constructiei, s\u2019a m\u00e3turat si udat platforma si s\u2019a cur\u00e3tat drumul care duce p\u00e2n\u00e3 la Cruce.<\/strong><\/p>\n<p><strong>Mai lipsea \u00eens\u00e3 ceva. Florile. Cum nu se puteau depune nici coroane si nici buchete, c\u00e3ci nu se desf\u00e3sura aniversarea mortii lui Mota si Marin, s\u2019a recurs la sistemul unor vaze mari de flori cari s\u2019au asezat sub cele patru bolti principale. P\u00e3rtile de jos ale Monumentului nu mai erau goale, ci din mijlocul lor se ridicau flori\u00a0frumoase. Vazele de flori au fost cumparate din dania camarazilor de peste Ocean.<\/strong><\/p>\n<p><strong>Tot in grab\u00e3, in chiar dupa masa zilei, s\u2019au confectionat si steagurile, cele dou\u00e3 steaguri rom\u00e2nesti destinate s\u00e3 prezideze ceremonia.<\/strong><\/p>\n<p><strong>In locuinta din General Mola 277, a lui Costea, s\u2019a petrecut o noapte alb\u00e3. Ovidiu T\u00e2rlea, Pavel Onciu, Costea si alti camarazi, au lucrat p\u00e2n\u00e3 la 5 diminea pentru a pune la punct ultimele amanunte ale serb\u00e3rii. S\u2019au b\u00e3tut la masin\u00e3 unele discursuri, iar altele au fost traduse in spaniol\u00e3.<\/strong><\/p>\n<p><strong>Nu s\u2019a l\u00e3sat nimic la \u00eent\u00e2mplare at\u00e2t c\u00e2t omeneste a fost posibil. Preg\u00e2tirile erau \u00eencheiate. Acuma, numai Dumnezeu s\u00e3 dea o zi frumoas\u00e3 si ceremonia s\u00e3 se desf\u00e3soare \u00een ordine.<\/strong><\/p>\n<p>\u00a0<\/p>\n<p><strong>4) Desvelirea Monumentului<\/strong><\/p>\n<p>\u00a0<\/p>\n<p><strong>Duminec\u00e3, 13 Septembrie 1970. O zi splendid\u00e3. O de vara t\u00e2rzie. Soarele b\u00e3tea puternic si chiar devenise spre amiaz\u00e3 dogoritor.<\/strong><\/p>\n<p><strong>Indat\u00e3 dup\u00e3 ora zece, si-au f\u00e3cut aparitia primele masini in fata Bisericii din Majadahonda. Un autobus \u00eenchiriat la o \u00eentreprindere din Madrid, a adus pe r\u00e3zleti, persoane cari nu posedau mijloace proprii de locomotiune.<\/strong><\/p>\n<p><strong>Legionarii veniser\u00e3 mai de dimineat\u00e3 si d\u00e3deau m\u00e2n\u00e3 de ajutor la preg\u00e3tiri. Megafoanele erau instalate, scaunele asezate. Steagurile, la fiecare parte a Monumentului, unul rom\u00e2nesc, flancat de dou\u00e3 spaniole, f\u00e2lf\u00e2iau in boarea lina a diminetii. Monumentul se ridica svelt si radios in aierul transparent. Nu numai oamenii dar pare c\u00e3 si natura se preg\u00e3tise de s\u00e3rb\u00e3toare. Coroana Muntilor Guadarrama servea ca fond impun\u00e3tor.<\/strong><\/p>\n<p><strong>In ce decor superb au murit Mota si Marin ! Par\u2019c\u00e3 era peisagiul evocat de ciobanul mioritic.<\/strong><\/p>\n<p><strong>La ora 11, publicul venit s\u00e3 asiste la solemnitate, isi face intrarea in Biseric\u00e3\u2026 Nu era o slujb\u00e3 special\u00e3, ci slujba obisnuit\u00e3 a satului, fiind zi de Duminec\u00e3. Oaspetii se amestec\u00e3 cu localnicii \u00eentr\u2019o biseric\u00e3 arhiplin\u00e3. O multime de lume venise la Majadahonda din satele imprejmuitoare, in vederea s\u00e3rb\u00e3torii satului (hramul bisericii sau ruga depe la noi).<\/strong><\/p>\n<p><strong>La sf\u00e2rsitul slujbei, preotul a rostit c\u00e2teva cuvinte anunt\u00e2nd solemnitatea ce va avea loc la Cruce. Indat\u00e3 dup\u00e3 iesirea din Biseric\u00e3, lumea se \u00eendreapt\u00e3 spre Monument. Circulatia se \u00eengreuiaz\u00e3 din cauza multimii de masini care invadase Majadahonda, cu acest prilej. Cu mare greutate masinile noastre se strecoar\u00e3 prin str\u00e3dutele \u00eenguste p\u00e2n\u00e3 la Monument. C\u00e2nd ajung in fata Monumentului, toti cei ce nu l-au v\u00e3zut, \u00eel privesc cu admiratie mut\u00e3. La o astfel de realizare m\u00e3reata nu se asteptau din partea unor refugiati. Aparatele intr\u00e3 \u00een functiune pentru a fixa pe plac\u00e3 Monumentul. Serviciul de protocol indreapt\u00e3 oaspetii spre locurile ce li s\u2019au rezervat : pe r\u00e2ndul de scaune din dreapta, oaspetii spanioli, la st\u00e2nga iau loc Rom\u00e2nii, iar in fund Doamnele. In spatele scaunelor din toate p\u00e3rtile, cel\u00e3lalt public.<\/strong><\/p>\n<p><strong>Microfonul este asezat in partea st\u00e2nga, cum privesti Monumentul. Tot in st\u00e2nga, pe platform\u00e3, se adun\u00e3 membrii corului legionar si camarazii cari formeaz\u00e3 garda de onoare. Ceremonia \u00eencepe cu asezarea legionarilor in dou\u00e3 grupe de c\u00e2te trei, deoparte si de alta a coloanei principale. Fiecare grup\u00e3 are un steag rom\u00e2nesc. Garda de onoare este format\u00e3 din camarazii Simicin, Leonties, Simian, Ciuntu, Onciu si M\u00e3rii.<\/strong><\/p>\n<p><strong>Dup\u00e3 ce Garda a luat pozitie de drepti si a ridicat drapelul, Generalul Villalba, presedintele Asociatiei, \u00eensotit de vice-primarul din Majadahonda, procedeaz\u00e3 la desvelirea Monumentului. P\u00e2nza se trage laoparte si apare coloana central\u00e3 liber\u00e3, cu inscriptia dedicat\u00e3 lui Ion Mota si Vasile Marin. In acel moment, megafoanele revars\u00e3 melodia \u00abSoy valiente y leal legionario\u00bb, Imnul Legiunii Str\u00e3ine Spaniole. Lumea se ridic\u00e3 in picioare si aplaud\u00e3.<\/strong><\/p>\n<p><strong>Imediat un preot din imprejurimi (parohul satului fiind retinut in cas\u00e3 din cauza unui accident), procedeaz\u00e3 la sfintirea Monumentului.<\/strong><\/p>\n<p><strong>\u00abVom proceda acum la Binecuv\u00e2ntarea acestui monument<\/strong><\/p>\n<p><strong>In numele Tat\u00e3lui si-al Fiului si-al Sf\u00e2ntului Duh. Amin.<\/strong><\/p>\n<p><strong>Te rug\u00e3m Tat\u00e3 Atotputernic si Etern Dumnezeu s\u00e3 binecuv\u00e2ntezi acest monument dedicat lui Ion Mota si Vasile Marin, Monument cu semnul Crucei, pentruca:<\/strong><\/p>\n<p><strong>S\u00e3 r\u00e3m\u00e2n\u00e3 exemplu si indemn pentru toat\u00e3 lumea crestin\u00e3.<\/strong><\/p>\n<p><strong>Aceasta o facem pentru ap\u00e3rarea credintei noastre pe care ei au pecetluit-o cu s\u00e2ngele lor. Amin.\u00bb\u00a0<\/strong><\/p>\n<p><strong>Urmeaz\u00e3 apoi seria oratorilor.<\/strong><\/p>\n<p><strong>Primul care ia cuv\u00e2ntul este P\u00e3rintele Amalio Orduna, capelanul Rom\u00e2nilor din Spania, care, in cuvinte simtite, evoc\u00e3 jertfa celor doi eroi si arata c\u00e3 Monumentul ce s\u2019a ridicat onoreaz\u00e3 amintirea lor:<\/strong><\/p>\n<p><strong>\u00ab\u2026 Sunt numele glorioase ale lui Ion Mota si Vasile Marin. Din acest fapt simplu se pot scoate at\u00e2tea consecinte. At\u00e2tea meditatii personale se pot trezi in noi, c\u00e2nd contempl\u00e3m acest Monument. E suficient s\u00e3 \u00eenchidem pentru un moment ochii, s\u00e3 ne aplec\u00e3m peste noi insine, pentru a da nastere la multe g\u00e2nduri binef\u00e3c\u00e3toare pentru sufletul nostru. Eu propun una simpl\u00e3. Nu este cea mai bun\u00e3 desigur. Fiecare dintre Dvoastr\u00e3 puteti face alte reflexiuni, probabil mai profunde, alte\u00a0consideratii, probabil de nivel mai \u00eenalt. Eu v\u00e3d, in a mea, pe Ion Mota si Vasile Marin, sub aceast\u00e3 Cruce. Ins\u00e3 \u00eei v\u00e3d sustin\u00e2nd Crucea. Pentruce au venit ei in Spania? Ei au auzit c\u00e3 aici era atacat\u00e3 Crucea. Au auzit c\u00e3 dusmanii Crucii doborau in toate p\u00e3rtile crucile ce se ridicau pe clopotnitele bisericilor noastre, pentruc\u00e3 voiau s\u00e3 le d\u00e3r\u00e2me. Unele au c\u00e3zut. Au c\u00e3zut multe. Intentia era s\u00e3 fie d\u00e3r\u00e2mate toate.\u00bb<\/strong><\/p>\n<p><strong>Dup\u00e3 cuvintele P\u00e3rintelui Amalio Orduna, corul legionar, sub conducerea lui Faust Br\u00e3descu, \u00eentoneaz\u00e3 \u00abImnul Mota-Marin\u00bb. Legionarii din garda de onoare \u00eencruciseaz\u00e3 steagurile in fata coloanei principale, rezem\u00e2ndu-le de aceasta, si trec in grupul corului. Indat\u00e3, in continuare, urc\u00e3 la tribun\u00e3 Dl. Horia Sima, care rosteste urm\u00e3toarea cuv\u00e2ntare:<\/strong><\/p>\n<p><strong>\u00abExcelente, Doamnelor si Domnilor, Camarazi Spanioli si Rom\u00e2ni,<\/strong><\/p>\n<p><strong>Monumentul ce-l inaugur\u00e3m ast\u00e3zi, ridicat pe locul unde au c\u00e3zut legionarii rom\u00e2ni, Mota si Marin, pentru ap\u00e3rarea Crucii si a Crestin\u00e3t\u00e3tii, nu este un fapt izolat, ci expresia unui lung sir de acte pioase, al unui adev\u00e3rat cult care s\u2019a creat la Majadahonda inc\u00e3 de acum 30 de ani si care, n\u00e3d\u00e3jduim, c\u00e3 se va mentine tot at\u00e2t de viu si puternic si in generatiile viitoare.<\/strong><\/p>\n<p><strong>Fundamentele acestui cult au fost puse la 13 Ianuarie 1941, c\u00e2nd camaradul nostru Radu Ghenea, pe atunci ministru al Rom\u00e2niei la Madrid, a organizat primul pelerinaj la locul marelui sacrificiu, la care au participat camarazi spanioli si rom\u00e2ni.<\/strong><\/p>\n<p><strong>In 1947, un grup de camarazi, in frunte cu Dl. Traian Popescu, fost atasat comercial al Rom\u00e2niei, au ridicat Crucea pe care Dumneavoastr\u00e3 o cunoasteti si in fata c\u00e3reia ne-am rugat an de an in timpul ceremoniilor aniversare. Aceast\u00e3 Cruce a constituit punctul de convergent\u00e3 spiritual\u00e3 al Rom\u00e2nilor pribegi din \u00eentreaga lume.<\/strong><\/p>\n<p><strong>In 1955 s\u2019a produs o mare schimbare in celebrarea actelor dela Majadahonda.\u00a0Pentru \u00eent\u00e2ia oar\u00e2, \u00eenaltele autorit\u00e3ti spaniole au participat la mentionatele acte si si-au oferit sprijinul oficial.<\/strong><\/p>\n<p><strong>Din anul 1959, cultul eroilor dela Majadahonda \u00eembrac\u00e3 un caracter institutional, prin crearea Asociatiei \u201cAmigos de Majadahonda\u201d, denumit\u00e3 mai t\u00e2rziu \u201cHermandad Hispano-Rumana Majadahonda\u201d, de sub presidentia Dlui General Ricardo Villalba Rubio, actiune in care s\u2019a distins, cu entuziasmul si eficacitatea sa, camaradul nostru George Demetrescu, Presedintele Comunit\u00e3tii Rom\u00e2nilor din Spania.<\/strong><\/p>\n<p><strong>Ideea si initiativa ridicarii unui Monument la Majadahonda apartin Dlui Luis Beneyto, vice-presedintele Asociatiei, care a colectat si primele fonduri. Dl. Luis Beneyto, fost consul general al Spaniei la Bucuresti, a participat la toate actele dedicate lui Mota si Marin, \u00eencep\u00e2nd cu \u00eenmorm\u00e2ntarea eroilor si p\u00e2n\u00e3 in acest moment, al inaugur\u00e3rii Monumentului.<\/strong><\/p>\n<p><strong>Proectul Monumentului este opera Dlui Sergio Cifuentes, fost sef al Departamentului Relatiilor Externe ale Misc\u00e3rii Spaniole, si actual secretar general al Asociatiei. Valoarea acestui Monument nu const\u00e3 numai in puritatea liniilor lui, ci si in profundul s\u00e3u simbolism. Coloanele exterioare reprezint\u00e3 initialele numelor celor doi eroi. Coloana central\u00e3 de sus in jos formeaz\u00e3 un intr\u00e2nd rom\u00e2nesc, care p\u00e3trunde in inima p\u00e3m\u00e2ntului spaniol. Piatra dela baza Coloanei, unde se pot citi cele mai caracteristice cuvinte din Testamentele lui Mota si Marin, simbolizeaz\u00e3 un altar, casicum \u00eens\u00e3si materia greoaie s\u2019ar transfigura si si-ar \u00een\u00e3lta rug\u00e3ciunile spre Cel Prea Inalt, pentru a bine primi jertfa celor doi eroi.<\/strong><\/p>\n<p><strong>C\u00e2nd proectul acestui Monument a fost trimis centrelor rom\u00e2nesti din \u00eentreaga lume, a avut un efect sguduitor, care s\u2019a verificat si in repeziciunea cu care s\u2019au str\u00e2ns fondurile.<\/strong><\/p>\n<p><strong>Dar cu toate sfort\u00e3rile si dorintele noastre de a construi Monumentul, nu am fi ajuns la acest rezultat f\u00e3r\u00e3 sprijinul si colaborarea autorit\u00e3tilor si a populatiei din Majadahonda.<\/strong><\/p>\n<p><strong>In primul r\u00e2nd, evoc\u00e3m neuitatul gest de generositate si intelegere al Doamnei Hermenegilda Labrandero, care ne-a donat terenul unde s\u2019a ridicat Monumentul. Dup\u00e3 moartea sa, in aceeasi linie, au continuat s\u00e3 ne ajute Dl. Arturo Sanz Millan, actualul primar, si Heliodoro Sanz, precum si ceilalti membri ai familiei.<\/strong><\/p>\n<p><strong>Nu putem s\u00e3 uit\u00e3m exceptionalul concurs si sprijin, in realizarea in form\u00e3 definitiv\u00e3 a proectului al Dlui Luciano Diez-Canedo, Arhitect.<\/strong><\/p>\n<p><strong>Deasemenea, gratitudinea si dragostea noastr\u00e3 se \u00eendreapt\u00e3 spre maestrii in cioplirea pietrii de granit, dela \u00eentreprinderea Vidal, precum si a grupurilor de zidari, in frunte cu Domnii Berlana, Martin, Alfonso Montero, pentru \u00eendem\u00e2narea si entuziasmul puse in realizarea lucr\u00e3rilor Monumentului.<\/strong><\/p>\n<p><strong>Deasemenea, animati de aceleasi sentimente de recunostint\u00e3, mention\u00e3m extraordinara colaborare a Dlui Jacinto Castillo, care a depus toat\u00e3 str\u00e3duinta, misc\u00e2ndu-ne p\u00e2n\u00e3 in ad\u00e2ncul sufletelor noastre.<\/strong><\/p>\n<p><strong>Intreprinderii Entel, care ne-a oferit toate usurintele posibile pentru realizarea lucr\u00e3rilor, \u00eei exprim\u00e3m infinita noastr\u00e3 gratitudine.<\/strong><\/p>\n<p><strong>Din partea rom\u00e2neasc\u00e3, multumim tuturor compatriotilor nostri cari au contribuit cu sacrificiul lor material si cu \u00eencurajarea lor permanent\u00e3 la realizarea proectului.<\/strong><\/p>\n<p><strong>In mod deosebit, trebue s\u00e3 mentionez Comitetul de Constructie al Monumentului, format din camarazii Tuliu Basiu, Petru Sorici si Ovidiu T\u00e2rlea, cari, neobositi, au s\u00e3v\u00e2rsit un efort extraordinar pentru a duce la bun sf\u00e2rsit lucr\u00e3rile si a le termina in timp util.<\/strong><\/p>\n<p><strong>O natiune nu are nevoie numai de fabrici, de b\u00e3nci, de mari centrale electrice, de drumuri, ci si de locuri de meditatie spiritual\u00e3, de sanctuare si Alcazaruri. F\u00e3r\u00e3 de prezenta constant\u00e3 a lui Dumnezeu in viata cotidian\u00e3, o natiune se descompune si moare. Nu suntem tari prin ceeace am izbutit s\u00e3 realiz\u00e3m pe plan material, ci prin energia cu care ap\u00e3r\u00e3m idealurile noastre. Bun\u00e3starea material\u00e3 e ca o cas\u00e3 cl\u00e3dit\u00e3 pe nisip, cum se spune in Evanghelie, dac\u00e3 nu e intov\u00e3r\u00e3sit\u00e3 de o tensiune creatoare de valori nationale, culturale si religioase.<\/strong><\/p>\n<p><strong>Acesta e \u00eentelesul Monumentului ce-l ridic\u00e3m ast\u00e3zi.\u00a0<\/strong><\/p>\n<p><strong>Dup\u00e3ce ne-am pierdut Patria, absorbit\u00e3 in Imperiul lui Antichrist, rug\u00e3ciunile lui Mota se indreapt\u00e3 cu aceeasi dragoste c\u00e3tre popoarele libere ale lumii si in particular c\u00e3tre dragii spanioli. Ascultati vocea si avertismentul lui, cuprinse intr\u2019o scrisoare trimis\u00e3 in tar\u00e3, in ajunul Cr\u00e3ciunului din anul 1936:<\/strong><\/p>\n<p><strong>\u201cCeasul de azi e un ceas greu. De implinirea datoriilor noastre in acest ceas, at\u00e2rn\u00e3 faptul ca r\u00e3ndurile viitoare de oameni s\u00e3 se bucure ori apoi s\u00e3 pl\u00e3ng\u00e3 in ziua Nasterii Domnului.<\/strong><\/p>\n<p><strong>S\u00e3 nu l\u00e3s\u00e3m urmasilor nostri o tar\u00e3 f\u00e3r\u00e3 Biserici, f\u00e3r\u00e3 icoane si f\u00e3r\u00e3 ocrotirea m\u00e2nii lui Dumnezeu. S\u00e3 nu l\u00e3s\u00e3m copiiilor nostri o viat\u00e3 in care vor fi pierdut pe Christos\u00bb.<\/strong><\/p>\n<p><strong>Dup\u00e3 Comandantul Misc\u00e3rii, ia cuv\u00e3ntul Dl. Radu Ghenea, fost Ministru al Rom\u00e2niei la Madrid, care evoc\u00e3 momentul c\u00e2nd a initiat cultul dela Majadahonda, in 13 Ianuarie 1941, impreun\u00e3 cu camarazii spanioli:<\/strong><\/p>\n<p><strong>\u00abExcelente, Doamnelor si Domnilor, prieteni si camarazi,<\/strong><\/p>\n<p><strong>Imi permit s\u00e3 pronunt aceste c\u00e2teva cuvinte, ca unul care a avat onoarea s\u00e3 localizez pe aceste locuri punctul unde au c\u00e3zut Mota si Marin, c\u00e2nd, in lana Noembrie 1940, am ajans aici. Eram primul Rom\u00e2n ce sosea in tara Dvoastr\u00e3, dup\u00e3 sf\u00e2rsitul r\u00e3zboiului de aici.<\/strong><\/p>\n<p><strong>Am g\u00e3sit atunci, cam toti stiti, un sat devastat, cu putine case r\u00e3mase in picioare, cu c\u00e2mpul care p\u00e3stra \u00eenc\u00e3 profundele r\u00e3ni ale r\u00e3zboiului. Cu ajatorul unui plan adus din Rom\u00e2nia si acel al unor locuitori din sat, dintre putinii cari r\u00e3m\u00e3seser\u00e3, am patut localiza,\u00a0aici, transeea in care au c\u00e3zut ei.<\/strong><\/p>\n<p><strong>Au trecut 30 de ani. Majadahonda este acum un sat \u00eenfloritor. Europa \u00eens\u00e3si, care a suferit al doilea r\u00e3zboi mondial, foarte crud, s\u2019a ref\u00e3cut deasemeni. S\u2019a construit, situatia economic\u00e3 s\u2019a imbun\u00e3t\u00e3tit si in toate p\u00e3rtile se vede prosperitate general\u00e3. Ins\u00e3 in acesti 30 de ani s\u2019a pierdut adev\u00e3ratul spirit. S\u2019a ajuns ast\u00e3zi, in multe puncte ale lumii, si din nenorocire chiar si in sferele spirituale cele mai inalte, s\u00e3 se considere ca lucruri retrograde, credinta in Christos, nationalismul, respectul drapelului respectiv, patriotismul, respectul pentru cuv\u00e2ntul de onoare. Suntem intr\u2019un moment de incrucisare de drumuri. C\u00e2nd s\u2019a produs r\u00e3zboiul din Spania, s\u2019a spus, si pe drept cuv\u00e3nt, c\u00e3 el ar fi putut sehimba in r\u00e3u situatia lumei. Din fericire, cu victoria national\u00e3 din Spania, s\u2019a salvat un moment greu. Ast\u00e3zi, la 30 de ani de la acea epoc\u00e3 eroic\u00e3, se repet\u00e3 acelasi pericol. Cred c\u00e3 intr\u00e3m \u00eentr\u2019o decad\u00e3 decisiv\u00e3 pentru viitorul lumii noastre. C\u00e2nd asist\u00e3m ast\u00e3zi, la o propagand\u00e3 foarte abil\u00e3, \u00eendreptat\u00e3 at\u00e2t spre p\u00e3turile intelectuale c\u00e2t si spre cele populare, prin care se denigreaz\u00e3 aceste sentimente tari, aceste sentimente cari onoreaz\u00e3 f\u00e3ptura omeneasc\u00e3 si cari justific\u00e3 pecetea de\u00a0creaturi ale lui Dumnezeu, ne apuca o profund\u00e3 intristare. Deaceea c\u00e2nd ne reunim in fata acestui monument, odat\u00e3 pe an, prietenii leali, recunosc\u00e3tori sacrificiilor lor, si Rom\u00e2ni, cari, cu toate greut\u00e3tile, r\u00e3manem pe pozitie si vom r\u00e3m\u00e2nea p\u00e2n\u00e3 la moarte, simtim totusi o multumire pentruc\u00e3 vedem c\u00e3 r\u00e3m\u00e2n totusi grupuri minoritare, oameni cari nu depun armele, cari se arunc\u00e3 pe pov\u00e2rnisul renunt\u00e3rilor, cari conserv\u00e3 inca singurele lucruri cari dau sens vietii individului: credinta in Christos, iubirea de Patrie si onoarea.<\/strong><\/p>\n<p><strong>In anul 1940, c\u00e2nd a ap\u00e3rut o mic\u00e3 carte asupra lui Mota si Marin, un mare scriitor spaniol ne-a f\u00e3cut onoarea de a scrie prologul. Imi aduc aminte c\u00e3 se referea, \u00eentre altele, la faptele de vitejie ale Dacilor si crearea poporului Daco-Roman si spunea, mai mult sau mai putin, urm\u00e3toarele : \u00abCel ce contempl\u00e3 ast\u00e3zi statuia lui Traian din Forul dela Roma si pe Dacii \u00eenvinsi din secolul II, cari au ins\u00e3 o postur\u00e3 m\u00e2ndr\u00e3, orgolioasa, \u00eentelege c\u00e3 ei nu au murit. Spiritul lor nu a murit. Si prin aceast\u00e3 m\u00e2ndrie, prin acest demn orgoliu, \u00eesi pastreaza permanenta ca o f\u00e3clie care va clarifica si va conduce pasii tuturor celor ce vor s\u00e3 urmeze pe drumul onoarei. Si mai spunea el, referitor la Mota si Marin, ca trebuia s\u00e3 cad\u00e3 pentruca s\u00e3 p\u00e3streze puternic\u00e3 Crucea. Pentru aceasta au acceptat cu bucurie moartea si sacrificiul suprem. O c\u00e3utau chiar\u00bb. Cu s\u00e2ngele lor varsat pe p\u00e3m\u00e2ntul Spaniei, se desminte, \u00eentre altele si acea absurd\u00e3 idee, care se accentuiaz\u00e3 in fiecare zi ca nationalismele sunt retrograde, c\u00e3 sunt obstacole pentru unitatea lumii si c\u00e3 reprezint\u00e3 cel mai mare pericol pentru crearea unei lumi mai bune. Ce vreti mai mare desmintire a acestei absurde afirmatii dec\u00e2t moartea lor ca voluntari aici, c\u00e2nd s\u2019ar fi putut trimite din Rom\u00e2nia 10.000 de lupt\u00e3tori, spre exemplu, cari ar fi adaugat fortei spirituale ce reprezentau forta material\u00e3\u00a0a 10.000 de piepturi, lupt\u00e2nd. Si c\u00e2nd, din cauza circumstantelor politice de atunci, la fel de contrarii cum sunt astazi in multe p\u00e3rti din lume, nu a fost posibil, au venit cei mai buni. Cei mai buni, cei mai iubiti, cei mai respectati si cei mai admirati dintre sefii nostrii. Si dintre ei, Mota si Marin, s\u2019au sacrificat aici.<\/strong><\/p>\n<p><strong>Si acum, Domnilor, amintindu-ne ast\u00e3zi de acele cuvinte ale lui Juan Aparicio, din anul. 1940, spunem si noi: \u201cpentruc\u00e3 n\u2019au temut moartea, nu au murit si nu vor muri niciodat\u00e3. Vor r\u00e3m\u00e2ne permanent \u00eentre noi\u201d.\u00a0<\/strong><\/p>\n<p><strong>Dumnezeu s\u00e3 ne ajute ca s\u00e3 putem conserva spiritul\u00a0Majadahondei, care dep\u00e3seste \u00eens\u00e3si Majadahonda, si pe Mota si Marin, si care este spiritul de demnitate omeneasc\u00e3, de rezistent\u00e3 contra Antichristului si de conservare de ceeace ne-a l\u00e3sat in mostenire Crestinismul si civilizatia greco-roman\u00e3\u00bb.<\/strong><\/p>\n<p><strong>In continuare vorbeste camaradul Traian Popescu, fost atasat comercial, care reaminteste un alt moment din cultul dela Majadahonda, c\u00e2nd s\u2019a ridicat si sfintit Crucea depe locul unde au c\u00e3zut cei doi eroi:<\/strong><\/p>\n<p><strong>\u00abExcelente, Doamnelor, Domnilor, Camarazi,<\/strong><\/p>\n<p><strong>Acum 23 de ani, c\u00e2nd am ajuns in Spania, am c\u00e3lcat pentru prima oar\u00e3 p\u00e3m\u00e2ntul Majadahondei, cu dorinta a \u00eengenunchia pe locul acesta binecuv\u00e2ntat cu s\u00e3ngele Spaniolilor si al lui Mota si Marin, cari au c\u00e3zut\u00a0aici,\u00a0comb\u00e3t\u00e2nd Comunismul.\u00a0Se vedeau \u00eenca in Majadahonda transeele si postul de mitralier\u00e3 servit de camarazii nostrii.<\/strong><\/p>\n<p><strong>Cu un grup de tineri studenti rom\u00e2ni ce ne \u00eentovar\u00e3seau, am venit in 13 Ianuarie 1948, era o Duminec\u00e3 si acum, pentru a ne onora mortii nostrii. Urm\u00e2nd indicatiile unuia dintre studentii care se g\u00e3seau in Spania\u00a0de c\u00e2tiva ani, ne-am strecurat cu grij\u00e3 pela marginea satului pentruca s\u00e3 nu atragem luarea aminte. La intoarcere spre Las Rozas, urmand acelasi drum ca si la venire, am fost opriti, spre surprinderea noastra de parohul satului, P\u00e3rintele Sardinas, fie-i tarana usoar\u00e3, si de primarul de atunci, cari ne-au certat pritenos pentruce nu am fost la Biseric\u00e3 si, \u00eempreun\u00e3 cu ei, s\u00e3 ridic\u00e3m cerului o rug\u00e3ciune pentru c\u00e3zutii nostri.<\/strong><\/p>\n<p><strong>Traduc\u00e2ndu-ni-se ceeace spunea preotul, am rugat pe unul din tinerii ce ne c\u00e3l\u00e3uzeau s\u00e3 comunice Parintelui Sardinas c\u00e3 vom reveni, pe ziua de 13 Februarie a aceluiasi an, pentru a pune pe locul sacrificiului camarazilor nostri si pentru a binecuv\u00e2nta apoi, o Cruce pentru ap\u00e3rarea c\u00e3reia au murit ei. A ridica o cruce locul unde c\u00e3zuser\u00e3 ei, devenise o obsesie pentru noi, pentruc\u00e3 in tara noastr\u00e3 rom\u00e2neasc\u00e3, comunistii nu numai ca le-au negat acest simbol crestinesc, dar chiar le-au desgropat r\u00e3m\u00e3sitele, le-au ars si le-au aruncat la gunoaie, cenusa.<\/strong><\/p>\n<p><strong>Astfel se n\u00e3scu acel simplu monument in jurul caruia, an dup\u00e3 an, ne-am adunat cu totii apoi, d\u00e2nd dovad\u00e3 de o fidelitate continu\u00e3 pentru a aduce omagiul nostru eroilor si pentru a multumi lui Dumnezeu pentru pacea si bun\u00e3starea pe care le-au dat-o poporul spaniol, drept recompens\u00e3 pentru imensele sale sacrificii.<\/strong><\/p>\n<p><strong>Pe data de 13 Ianuarie din acest an, Comandantul nostru, Dl. Horia Sima, si toti camarazii legionari r\u00e3sfirati pe tot p\u00e3m\u00e2ntul, au g\u00e2ndit c\u00e3 sosise momentul\u00a0pentru a ridica pe acest loc Monumentul pe care-l vedeti si care are misiunea de a perpetua, dealungul secolelor, memoria lui Mota si Marin si a tuturor Spaniolilor, Rom\u00e2nilor si Europenilor in general, cari au c\u00e3zut prin stepele rusesti, lupt\u00e2nd contra barbariei comuniste si urm\u00e3nd astfel exemplul marilor Cruciati\u00a0ai Crestin\u00e3t\u00e3tii.<\/strong><\/p>\n<p><strong>Dumnezeu a ales Spania ca s\u00e3 dea prima lectie Comunismului agresiv, aruncandu-l afar\u00e3 din tar\u00e3. Si\u00a0a\u00a0ales-o, deasemenea, pentru a conduce aceast\u00e3 lupt\u00e3 p\u00e2n\u00e3 la victoria final\u00e3. S\u00e3 dea Domnul s\u00e3 se int\u00e2mple asa. Tr\u00e3iasc\u00e3 Spania.\u00bb<\/strong><\/p>\n<p><strong>La microfon trec apoi oaspetii si camarazii veniti din alte t\u00e3ri. Primul care \u00eesi face aparitia, este Dl. Dr. Nicolae C\u00e2rja, Presedintele Uniunii Rom\u00e2nilor Deportati in Rusia, venit din New York, USA:<\/strong><\/p>\n<p><strong>\u00abDoamnelor si Domnilor, Distinsi Oaspeti,<\/strong><\/p>\n<p><strong>In numele Consiliului National Rom\u00e2n al fostilor detinuti politici din \u00eenchisorile comuniste din Rom\u00e2nia si al deportatilor in Uniunea Sovietic\u00e3, aduc un cald omagiu memoriei eroismului si jertfei lui Ionel Mota si Vasile Marin.<\/strong><\/p>\n<p><strong>Ast\u00e3zi, pe locul unde acum 33 de ani acesti doi fii alesi ai natiunii rom\u00e2ne si-au dat viata nu numai pentru ap\u00e3rarea si salvarea minunatei si grandioasei Spanii, ci si pentru libertatea si independenta intregei Europe, se \u00eenalt\u00e3 acest monument de granit evocator spre a marca lumina sacrificiului lor in istorie.<\/strong><\/p>\n<p><strong>De atunci fata vremurilor nu s\u2019a schimbat.\u00a0Ba, dimpotriv\u00e3. Primejdia pe care Mota si Marin au intuit-o acum 33 de ani a cuprins intreg globul. Tr\u00e3im vremuri de ad\u00e2nci sv\u00e2rcoliri sociale, c\u00e2nd spiritele sunt asmutite de Internationala Comunist\u00e3, care a \u00eenceput ofensiva de subminare a actualei or\u00e2nduiri a lumii libere si crestine, exploat\u00e2nd cele mai josnice instincte de ur\u00e3 de clas\u00e3, de ras\u00e3 si de credint\u00e3.<\/strong><\/p>\n<p><strong>O treime din populatia p\u00e3m\u00e2ntului, aproximativ un miliard de oameni, se afl\u00e3 in lanturile robiei si e exploatat\u00e3 crunt de cel mai diabolic sistem conceput vreodat\u00e3.<\/strong><\/p>\n<p><strong>Situatia international\u00e3, in clipa c\u00e2nd se inalt\u00e3 Monumentul Mota-Marin pe p\u00e3m\u00e2ntul glorioasei Spanii, platos\u00e3 de ap\u00e3rare si bastionul stabilit\u00e3tii politice a\u00a0Europei Occidentale, este cum nu se poate mai confuza si \u00eengrijor\u00e3toare.<\/strong><\/p>\n<p><strong>Monumentul Mota-Marin ce se \u00eenalta la extrema de apus a Europei este mai mult dec\u00e2t un simbol. Este perpetuarea strig\u00e3tului de alarm\u00e3 de acum 33 de ani si pentru viitorime.<\/strong><\/p>\n<p><strong>Comunismul amenint\u00e3 lumea!<\/strong><\/p>\n<p><strong>Acesta este si ast\u00e3zi strig\u00e3tul de dincolo de morm\u00e2nt al lui Ionel Mota si Vasile Marin.<\/strong><\/p>\n<p><strong>Jertfa lui Mota si Marin dep\u00e3seste limitele unei ideologii politice care le-a format structura spirituala si cap\u00e3t\u00e3 dimensiuni universale in eforturile acestui secol de a-si c\u00e3uta salvarea si echilibrul.<\/strong><\/p>\n<p><strong>Noi suntem aici ca s\u00e3 afirm\u00e3m credinta si speranta noastr\u00e3 in valorile umane eterne si prezenta noastr\u00e3 l\u00e2ng\u00e3 acest Monument trebuie considerata ca un leg\u00e3m\u00e2nt de continuare a luptei ne\u00eenfricate in spiritul jertfei lui Mota si Marin, p\u00e2n\u00e3 la sdrobirea definitiv\u00e3 a tiraniei comuniste atee si pan\u00e3 la eliberarea si \u00eentregirea scumpei noastre Rom\u00e2nii.<\/strong><\/p>\n<p><strong>Statornici in credinta in Dumnezeu si sub inspiratia permanent\u00e3 a martirilor nostri c\u00e3zuti in Spania, mergem \u00eenainte pe drumul fraternit\u00e3tii de aspiratii hispano-rom\u00e2ne!\u00bb<\/strong><\/p>\n<p><strong>Urmatorul orator este Dl. Chiril\u00e3 Ciuntu, Presedintele Comitetului Rom\u00e2no-American, sectiunea Canada:<\/strong><\/p>\n<p><strong>\u00a0\u00abIn calitate de Presedinte al Comitetului National Rom\u00e2n-American, Sectia Canada, sunt autorizat s\u00e3 si salutul din partea Dlui George Roman, Presedintele General al numitului comitet pe intreaga America de Nord, care, din motive neprev\u00e3zute, nu poate participa personal la acest m\u00e3ret eveniment al tuturor rom\u00e2nilor anticomunisti din exil.<\/strong><\/p>\n<p><strong>Personal, in calitate de camarad al eroilor si martirilor Mota si Marin, tin s\u00e3 multumesc din suflet tuturor legionarilor si prietenilor lor, c\u00e2t si altor rom\u00e2ni Statele Unite ale Americei si din Canada, cari n\u2019au precupetit jertfa lor pentru \u00een\u00e3ltarea acestui simbol de lupt\u00e3 la r\u00e3scrucea de drumuri dintre fortele luminei si ale \u00eentunericului.<\/strong><\/p>\n<p><strong>Rom\u00e2nii din Statele Unite ale Americii si din Canada, cari in prezent se g\u00e3sesc pe linia de destin a neamului rom\u00e2nesc, ce sufere sub jurul unui sistem inuman,\u00a0dau\u00a0prin jertfa lor dovada c\u00e3 neamul rom\u00e2nesc nu va pieri niciodat\u00e3.<\/strong><\/p>\n<p><strong>Fie ca jertfele aduse s\u00e3, fie pentru noi toti un simbol de continuare a luptei p\u00e2n\u00e3 la eliberarea si biruinta final\u00e3 a neamului rom\u00e2nesc.\u00bb<\/strong><\/p>\n<p><strong>Urm\u00e3torul orator este Dl. Faust Br\u00e3descu, reprezentul Comunit\u00e3tii Rom\u00e2nilor din Brazilia, care vorbeste in portughez\u00e3:<\/strong><\/p>\n<p><strong>\u00abExcelente,<\/strong><\/p>\n<p><strong>Doamnelor si Domnilor,<\/strong><\/p>\n<p><strong>Imi permit s\u00e3 vorbesc in limba portughez\u00e3, limb\u00e3 care, cu sigurant\u00e3, va fi inteleas\u00e3 bine de ilustra asistenta, reunit\u00e3 azi in jurul acestei cruci, la baza acestui simbolic monument.<\/strong><\/p>\n<p><strong>Reprezent\u00e3nd pe Rom\u00e3nii Liberi si pe legionarii stabiliti in Brazilia,\u00a0aduc cu aceast\u00e3 ocazie salutul fraternal din partea acelora cari, aflati in \u00eendep\u00e3rtata Americ\u00e3 Latin\u00e3, f\u00e3r\u00e3 reticente, sunt legati prin spiritul de lupt\u00e3 si de sacrificiu cu Alcazarul spaniol, al cruci ilustru reprezentant se afl\u00e3 in mijlocul nostru: Generalul Vialba Rubio.<\/strong><\/p>\n<p><strong>Pl\u00e3mada de s\u00e2nge rom\u00e3nesc c\u00e3zut\u00e3 pe p\u00e3m\u00e2ntul Majadahondei constituie cea mai puternic\u00e3 si semnificativ\u00e3 leg\u00e3tur\u00e3 pentru prietenia dintre cele dou\u00e3 popoare, de aceeasi origine si miscati de aceleasi aspiratii spirituale.<\/strong><\/p>\n<p><strong>In aceast\u00e3 lume agitat\u00e3 si pedepsit\u00e3 de violente, evocarea permanent\u00e3 a celor cari au venit de asa departe pentru a lupta al\u00e3turi de fratii lor spanioli, contra celui mai groaznic flagel al Umanit\u00e3tii, \u00eent\u00e3reste in noi convingerea c\u00e3 fiind uniti, se va asigura totdeauna victoria Binelui contra R\u00e3ului.<\/strong><\/p>\n<p><strong>In leg\u00e3tur\u00e3 cu acest fapt, imi permit s\u00e3 v\u00e3 comunic un caz semnificativ int\u00e2mplat in Brazilia.<\/strong><\/p>\n<p><strong>In 1964, hoardele comuniste c\u00e2ntau deja victoria lor pe str\u00e3zile din Rio de Janeiro. Lumea modest\u00e3 simtea in jurul ei amenintarea revolutiei rosii. In acel moment de panic\u00e3, sub strig\u00e3tele multimei inconstiente, a loc una din cele mai impresionante manifestatii de credint\u00e3 crestina. Femeile braziliene, fiinte fizicamente f\u00e3r\u00e3 ap\u00e3rare, ins\u00e3 \u00eenarmate cu forta rug\u00e3ciunii, au organizat o imens\u00e3 defilare pe principalele str\u00e3zi ale orasului.<\/strong><\/p>\n<p><strong>Contra acestui val de credinta in Dumnezeu, hoardele progresiste, adunate pe trotuare, au lansat cele mai abjecte si obscene cuvinte, cu un gest de dispret si de umilint\u00e3.<\/strong><\/p>\n<p><strong>Unicul r\u00e3spuns dat de c\u00e3tre aceast\u00e3 multime, unita, a acestor admirabile femei, a fost acela de a ridica cu un gest patetic, in m\u00e2inile lor tremur\u00e2nde, micile cruci ce le aveau cu ele.<\/strong><\/p>\n<p><strong>Nimic mai mult !<\/strong><\/p>\n<p><strong>Crucea lui Christos in fata ofenselor perversilor si a spurcatilor.<\/strong><\/p>\n<p><strong>Dar a fost deajuns !<\/strong><\/p>\n<p><strong>Trei zile mai t\u00e3rziu, guvernul pro-comunist a fost m\u00e3turat si, cu el, pericolul ce se ab\u00e3tea asupra poporului brazilian si asupra Americii Latine.<\/strong><\/p>\n<p><strong>Aceeasi Cruce a ap\u00e3rat si a salvat si Spania!\u00a0<\/strong><\/p>\n<p><strong>In numele aceleiasi Cruci pentru care si-au dat viata cei doi legionari rom\u00e2ni, nu trebuie s\u00e3 uit\u00e3m dou\u00e3 lucruri foarte importante:<\/strong><\/p>\n<p><strong>In primul r\u00e2nd: NUMAI sacrificiul inalt\u00e3 fiinta uman\u00e3.<\/strong><\/p>\n<p><strong>In al doilea r\u00e2nd: In lupta contra distrug\u00e3torilor civilizatiei, NUMAI sub protectia Crucii vom putea obtine victoria.<\/strong><\/p>\n<p><strong>Sa fac\u00e3 Divinitatea ca acest monument, care reprezint\u00e3 ambele lucruri, s\u00e3 constituie etern cea mai pur\u00e3 leg\u00e3tur\u00e3 de fr\u00e3tie \u00eentre poporul rom\u00e2n si poporul spaniol.\u00bb<\/strong><\/p>\n<p><strong>La microfon trece apoi Dl. Dr. Dumitru Leonties, care vorbeste in numele legionarilor din spatiul austrogerman si in numele asociatiei culturale \u00abRumdnische Studiengruppe\u00bb, cu sediul in Munchen, al c\u00e3rui presedinte este:<\/strong><\/p>\n<p><strong>\u00abExcelente, Doamnelor si Domnilor<\/strong><\/p>\n<p><strong>Legionarri si amicii Misc\u00e3rii Legionare din Germania si Austria, Rom\u00e2ni si Germani, se \u00eenclin\u00e3 in fata acestui Monument, ridicat prin numeroase c\u00e3r\u00e3mizi materiale si, mai presus, c\u00e3r\u00e3mizi spirituale, pe p\u00e3m\u00e2ntul sf\u00e2nt al fratilor spanioli.<\/strong><\/p>\n<p><strong>Odat\u00e3 in plus, in istoria Misc\u00e3rii Legionare, urmasii Testamentului C\u00e3pitanului nostru, Corneliu Zelea Codreanu, confirm\u00e3m prin acest act c\u00e3 nu este ratiunea si materia, ci fortele invincibile ale spiritului cari reprezint\u00e3 arm\u00e3tura esential\u00e3 a lumii.<\/strong><\/p>\n<p><strong>Acest maiestuios Monument de granit, edificat pe dimensiunile eroismului si martiriului lui Mota si Marin, va \u00eensemna, la r\u00e3scrucea istoriei umanit\u00e3tii, nu numai pentru Miscarea Legionar\u00e3 si pentru neamul rom\u00e2nesc, ci pentru toat\u00e3 miscarea de renastere in lume, un far luminos, str\u00e3lucitor in mijlocul apelor tulburi ale \u00eentunericului.<\/strong><\/p>\n<p><strong>Fie ca lumina ce radiaz\u00e3 din acest simbol al fortelui binelui s\u00e3 \u00eenving\u00e3 pe acelea ale \u00eentunericului, care, de acum un sfert de secol, s\u2019au intins peste popoarele din spatele cortinei de fier.<\/strong><\/p>\n<p><strong>Dup\u00e3 aceste cuvinte ale mele, voiu indeplini o mare si pl\u00e3cut\u00e3 datorie de a citi un mesagiu al Monseniorului Dr. D. Vasile Z\u00e3p\u00e2rtan, Seful Misiunii Catolice Rom\u00e2ne din Germania Federal\u00e3:<\/strong><\/p>\n<p>\u00a0<\/p>\n<p><strong>\u00abAm pl\u00e3cuta obligatie de a propune pe Ionel Mota si Vasile Marin, Congregatiei Riturilor in vederea BEATIFICARII SI CANONIZARII, pentruc\u00e3 Ionel Mota, cu toate c\u00e3 era fiu de preot ortodox, a fost mai presus de toate un autentic crestin, care n\u2019a tinut in seam\u00e3 frontierele confesionale si nu a stat la \u00eendoial\u00e3 pentru a lupta pentru Spania catolic\u00e3 si a plecat s\u00e3 lupte, fiindc\u00e3 acolo \u201cse tr\u00e3gea cu mitraliera in obrazul lui Christos\u201d. Pentru el, Christos si Biserica era o unitate, indiferent c\u00e3 era catolic\u00e3 sau ortodox\u00e3. A murit cu aceeasi satisfactie spiritual\u00e3, cu care ar fi avut-o dac\u00e3 ar fi c\u00e3zut pe r\u00e2ul Don in Rusia in lupta contra acelora f\u00e3r\u00e3 Dumnezeu, \u00eenainte ca hoardele atee s\u00e3 fi atacat sanctuarele ortodoxiei rom\u00e2nesti.<\/strong><\/p>\n<p><strong>Dup\u00e3 binecuv\u00e2ntarea Monumentului, ridicat in memoria lor in Majadahonda, trebuie s\u00e3 prepar\u00e3m toate sufletele noastre inainte de a prezenta cererea de beatificare la Roma\u00bb.<\/strong><\/p>\n<p><strong>Urmeaz\u00e3 la cuv\u00e2nt camaradul Pavel Onciu, care vorbeste in numele Rom\u00e2nilor aflati sub ocupatia str\u00e3in\u00e3:<\/strong><\/p>\n<p><strong>\u00abIon Mota si Vasile Marin, voi ati refuzat rationamentele si socotelile omenesti.<\/strong><\/p>\n<p><strong>Voi n\u2019ati pus conditii si n\u2019ati cerut favoruri c\u00e2nd ati s\u00e3rit in ajutorul lui Dumnezeu si ap\u00e3rarea lui Hristos.<\/strong><\/p>\n<p><strong>Voi n\u2019ati r\u00e3mas indiferenti fat\u00e3 de lupta cr\u00e2ncen\u00e3 ce se \u00eenclestase pe p\u00e3m\u00e2ntul Spaniei, intre ostirile coalitiei ateiste si cele ce ap\u00e3rau pe Dumnezeu si Hristos.<\/strong><\/p>\n<p><strong>Singura favoare pe care ati cerut-o, a fost s\u00e3 luptati ca soldati in prima linie. Voi ati simtit si ar\u00e3tat lumii c\u00e3, mai presus de toate, este jertfirea total\u00e3 pentru Dumnezeu.<\/strong><\/p>\n<p><strong>Jertfa voastr\u00e3, prin m\u00e3retia ei, asigur\u00e3 Rom\u00e2niei si Legiunii martirizate, Biruinta si Libertatea de m\u00e2ine, \u00eempotriva coalitiilor cari calc\u00e3 si p\u00e3r\u00e3sesc pe Dumnezeu si inv\u00e3taturile lui Hristos.<\/strong><\/p>\n<p><strong>Cu credint\u00e3 si plini de hot\u00e3r\u00eere, \u00eesi \u00eendreapt\u00e3 inima si mintea lor spre Majadahonda, rom\u00e2nii si legionarii r\u00e3masi in afara granitelor noastre.<\/strong><\/p>\n<p><strong>Monumentul MOTA-MARIN, pe care \u00eel sfintim azi, l-am ridicat in semn de onoare si glorie vou\u00e3, Ion Mota si Vasile Marin, care ne-ati concretizat, prin viata si\u00a0jertfa voastr\u00e3, care este calea si ce avem de \u00eendeplinit de acum \u00eenainte, pentru Dumnezeu si Neamul Rom\u00e2nesc.\u00bb<\/strong><\/p>\n<p><strong>Proximul orator este Dl. Gheorghe Costea, care vorbeste in numele Vechei G\u00e3rzi a Misc\u00e3rii Legionare:\u00a0<\/strong><\/p>\n<p><strong>\u00abInainte au luat cuv\u00e2ntul o serie de camarazi cari au venit din toate colturile lumii, aducand cu sine salutul Rom\u00e2nilor cari tr\u00e3iesc in tari str\u00e3ine. Eu voiu vorbi in numele Vechei G\u00e3rzi a Misc\u00e3rii Legionare, a acelor camarazi cari ast\u00e3zi nu mai sunt, pentruc\u00e3 au c\u00e3zut in lupte si persecutii.<\/strong><\/p>\n<p><strong>A<\/strong><strong>m cunoscut pe Ion Mota din anul 1925, pe c\u00e2nd era sef al primelor nuclee ale organizatiei tineretului rom\u00e2n, constituit\u00e3 in noul spirit al timpului. Eram \u00eenc\u00e3\u00a0un adolescent c\u00e2nd i-am urmat chemarea si m\u2019am \u00eenrolat in Fr\u00e3tiile de Cruce. Pe atunci tara era liber\u00e3 si noi nu avam preg\u00e3tirea necesar\u00e3 pentru a \u00eentelege chestiunile politice. Dar simteam instinctiv c\u00e3 Mota doria binele poporului rom\u00e2n si ne chema pe toti la lupt\u00e3 pentru a o ap\u00e3ra de dusmani.<\/strong><\/p>\n<p><strong>Abia mai t\u00e2rziu, dup\u00e3ce deasupra t\u00e3rii noastre s\u2019au precipitat hoardele barbare, ne-am dat seama c\u00e2t\u00e3 drep tate avea si c\u00e2t de departe vedea lucrurile.<\/strong><\/p>\n<p><strong>Ast\u00e3zi, c\u00e2nd se ridic\u00e3 acest Monument pe p\u00e3m\u00e2ntul Spaniei si in acest loc unde s\u2019au dat lupte \u00eenversunate pentru ap\u00e3rarea independentei acestui popor, poate m\u00e3rturisi oricine c\u00e3 sacrificiul lui Mota si Marin nu fost zadarnic.<\/strong><\/p>\n<p><strong>Din suferint\u00e3 si din sacrificiu, se nasc noi forte care vor continua lupta pentru Cristos, Neam si Legiune.\u00bb<\/strong><\/p>\n<p><strong>Urmeaz\u00e3 la cuv\u00e2nt ultimul grup de oratori, format din personalit\u00e3ti str\u00e3ine, cu exceptia Dlui Sturdza.<\/strong><\/p>\n<p>\u00a0<\/p>\n<p><strong>Primul ia cuv\u00e2ntul Dl. Saverio Castaldo, avocatul Napoli, ziarist, care vorbeste in limba italian\u00e3. Saveri Castaldo evoc\u00e3 paralelismul de desvoltare \u00eentre cele doua misc\u00e3ri nationaliste, fascismul si legionarismul, jertfele f\u00e3cute in numele acelorasi idealuri si \u00eencheie strig\u00e2nd:<\/strong><\/p>\n<p><strong>Tr\u00e3iasc\u00e3 Legiunea si C\u00e3pitanul !<\/strong><\/p>\n<p>\u00a0<\/p>\n<p><strong>Urmeaz\u00e3 Dl. Leo Negrelli, ziarist, care aduce salutul fostilor combatanti italieni cari au luptat pe p\u00e3m\u00e2ntul Spaniei.<\/strong><\/p>\n<p><strong>Urc\u00e3 apoi la tribun\u00e3 Dl. Blas Pinar, consilier national si seful organizatiei nationaliste \u00abFuerza Nueva\u00bb :\u00a0<\/strong><\/p>\n<p><strong>\u00abFuerza Nueva\u00bb se uneste actului care se celebreaza aici si acuma. Mota si Marin au c\u00e3zut pentru Rom\u00e2ni si Spania. Patriile nu se ap\u00e3r\u00e3 numai \u00een\u00e3untrul fron tierelor lor. Ele se ap\u00e3r\u00e3 deasemeni in afara lor. R\u00e3z boaiele conventionale si clasice s\u2019au terminat. Acelea care se desf\u00e3soar\u00e3 ast\u00e3zi in fata ochilor nostri nu sunt altce va decat simple manifestatii, capitole si episoade al r\u00e3zboiului civil Universal, al c\u00e3rui prim capitol a avut loc chiar aici in Spania.<\/strong><\/p>\n<p><strong>Noi, Spaniolii, suntem deasemeni martori si spectatori \u00eenm\u00e3rmuriti de felul cum se calc\u00e3 in picioare un\u00a0popor intreg, cum se calc\u00e3 in picioare at\u00e3ti s i at\u00e2ti oam eni cari, pe deasupra unui spatiu delimitat de niste frontiere, au crezut in Dumnezeu, au crezut in Christos si a u crezut in propriile lor Patrii. Monumentul de piatr\u00e3 este simbol si realizare material\u00e3 a spiritului Europei autentice, a acestei Europe noui, a acestei ordine social mai juste, pe care, \u00eentr\u2019o zi, au vrut s\u00e3-l impun\u00e3 acestui continent al nostru, leag\u00e3n al civilizatiei, marile revolutii nat ionale de atunci. Si mai serveste Monumentul acesta pen truca s\u00e3 se rectifice unele erori ce au fost comise, poate, de c\u00e3tre misc\u00e3rile nationale. Si mai serveste deasemeni pent ru a indrepta groaznicele consecinte ale r\u00e3zboiului. Si mai serveste \u00eenc\u00e3 pentruca triumfalistii celui de-al doil ea r\u00e3zboi mondial s\u00e3 nu poat\u00e3 s\u00e3 ne \u00eentunece mintile si sa ne orbeasc\u00e3 ochii.<\/strong><\/p>\n<p><strong>S\u00e3 realiz\u00e3m spiritul Majadahondei pentruc\u00e3,\u00a0Domnilor, este spirit pur aici, c\u00e3ci nu avem sub aceast\u00e3 cruce nici m\u00e3car oasele acelor eroi si ai acelor martiri, ci\u00a0numai spirit pur, spirit ce creaz\u00e3 locuri de \u00eengeri si de arhangheli, cum vroia Jose Antonio al nostru sau cum voia C\u00e3pitanul, c\u00e2nd a \u00eenfiintat miscarea national\u00e3 romana, cu numele Sf\u00e2ntului Arhanghel Mihail.<\/strong><\/p>\n<p><strong>Pentruc\u00e3 nici Jose Antonio nici Codreanu nu ignorau c\u00e3 nu se luptau atunci contra unor inamici materiali, contra unor inamici ai c\u00e3rnii. Se luptau contra spiritului r\u00e3ului insusi.<\/strong><\/p>\n<p><strong>Si cine pierde aceast\u00e3 viziune clar\u00e3 a luptei pe viat\u00e3 si pe moarte ce se d\u00e3 intre Comunism si Libertate, intre crest inism si ateism, \u00eentre tiranie si libertate, intre \u00eenger si bestie, se \u00eenseal\u00e3 groaznic.<\/strong><\/p>\n<p><strong>Noi, in aceast\u00e3 or\u00e3 grea, in aceast\u00e3 or\u00e3 de pitici, in aceast\u00e3 or\u00e3 de intuneric, in aceast\u00e3 or\u00e3 de dezertori, de fugiti si de bine acomodatti, ridic\u00e3m aici, pe aceast\u00e3 t\u00e3r\u00e2n\u00e3 maternal\u00e3 a Castiliei, pe s\u00e2ngele mortilor Spaniei, pe s\u00e2ngele mortilor Rom\u00e2ni, Italieni, Germani,\u00a0Portughezi, Irlandezi, steagul acestei Europei noui, lea g\u00e3n al civilizatiei, si izvor de lupt\u00e3 decis\u00e3, orgolioasa contra acestei lumi care se descompune.<\/strong><\/p>\n<p><strong>Noi venim aici si promitem in fata acestui altar, in fata acestei cruci, in fata s\u00e2ngelui lui Mota si Marin, c\u00e3 Spaniolii, multi sau putini, vom r\u00e3m\u00e2nea credinci Spiritului lor.<\/strong><\/p>\n<p><strong>Mota si Marin ! Prezenti !<\/strong><\/p>\n<p><strong>\u00abTr\u00e3iasc\u00e3 Romania liber\u00e3, \u00eenfloritoare si suverana!\u00a0<\/strong><\/p>\n<p><strong>Tr\u00e3iasc\u00e3 Spania!\u00bb<\/strong><\/p>\n<p><strong>Dup\u00e3 Blas Pinar, vorbeste Dl. Mihail Sturdza, fost ministru de externe al Rom\u00e2niei:<\/strong><\/p>\n<p><strong>\u00abPentruce au luptat si au murit Mota si Marin la Majadahonda? Dac\u00e3 un r\u00e3spuns satisf\u00e3c\u00e3tor nu s\u2019ar fi putut da in acele timpuri, ast\u00e3zi, dup\u00e3 33 de ani dela sacrificiul lor, el este evident si celor mai putin clarva z\u00e3tori dintre noi. Puterile diabolice, contra c\u00e3rora ei si camarazii lor legionari luptau cot la cot cu legendara armata spaniol\u00e3, au invadat aproape tot globul, cu te meri serioase pentru viitorul omenirii.<\/strong><\/p>\n<p><strong>Cu puterea de prevedere care la era caracteristic\u00e3 ca niste inspirati, Mota si Marin, ca si seful lor Codreanu, au avertizat in ce ad\u00e2ncuri de lasitate, opor tunism si tr\u00e3dare se va scufunda Civilizatia Crestina in fata comunismului triumf\u00e3tor, \u00eenainte ca Roose velt s\u00e3 fi predat jum\u00e3tate din Europa la Teheran si Yalta.<\/strong><\/p>\n<p><strong>Ei nu au fost cu noi pentru a auzi cuvintele Generalisimului Franco, pronuntate 25 de ani dup\u00e3 data c\u00e2nd ei luptar\u00e3 si c\u00e3zur\u00e3: \u201cTrebue s\u00e3 c\u00e3ut\u00e3m comu nismului p\u00e3rtile lui debile. Trebue s\u00e3 plec\u00e3m dela faptul c\u00e3 t\u00e3rile ocupate, cu fiecare zi ce trece, ur\u00e3sc mai mult pe n\u00e3v\u00e3litori, cari sunt st\u00e3p\u00e2ni numai ai terenului ma terial ce \u00eel calc\u00e3\u2026 Partea religioas\u00e3, nationalitatea, dorul de libertate si desperarea, totul impinge la ruperea lanturilor\u2026 Iat\u00e3 arma in potent\u00e3 ce Occidentul posed\u00e3 ; pentru asta trebue s\u00e3 fii fidel idealurilor occidentale, sa n u se abandoneze popoarele oprimate dinapoia cortinei de fier, s\u00e3 nu fie tr\u00e3date, cu consecinte rusinoase, agresorilor\u201d.<\/strong><\/p>\n<p><strong>Si nu sunt cu noi, pentru a privi cu indignare si revolta c\u00e3 lumea de dup\u00e3 r\u00e3zboiu nu este imp\u00e3rtit\u00e3 intre Lumea dominatiei comuniste si Lumea libert\u00e3tii, solid ar\u00e3 cu natiunile robite si prepar\u00e2nd momentul eliberarii, ci o lume in care domin\u00e3 o asociatie infam\u00e3 si ocul t\u00e3 \u00eentre Lumea occidental\u00e3 si Lumea comunist\u00e3 deop arte, iar, de alt\u00e3 parte, natiunile captive, uitate si aban donate de toti, cu exceptia Spaniei.<\/strong><\/p>\n<p><strong>F\u00e3r\u00e3 indoial\u00e3, ca si C\u00e3pitanul, ca si \u00eentreaga lume legionar\u00e3, ca sutele si miile ce au pierit in masacrele carliste, in inchisorile Anticristului, au prefigurat nu num ai lupta implacabil\u00e3 si Calvarul, dar si Ceasul Invierii !<\/strong><\/p>\n<p><strong>In acest spirit inaugur\u00e3m ast\u00e3zi acest Monument maret, care simbolizeaz\u00e3 gloria acestui sacrificiu si prevestirea vremurilor viitoare ale libert\u00e3tii si indepentei nationale.\u00bb<\/strong><\/p>\n<p><strong>Seria cuv\u00e2nt\u00e3rilor o incheie presedintele Asociatiei \u00abHermandad Hispano-Rumana Majadahonda\u00bb, Generalul Ricardo Villalba Rubio, care evoc\u00e3 lupta legionar\u00e3\u00a0din Spania si figura Generalului Cantacuzino. Fiind destinat s\u00e3 \u00eensoteasc\u00e3 pe legionari la Soria si la Toledo p\u00e2n \u00e3 la \u00eencorporarea in Tercio, a cunoscut bine pe Mota si M arin si si-a dat seama de in\u00e3ltimea lor moral\u00e3 si spiritual\u00e3.<\/strong><\/p>\n<p><strong>La sf\u00e2rsitul cuv\u00e2nt\u00e3rii sale, impreun\u00e3 cu \u00eentregul Comitet Directiv al Asociatiei, se \u00eendreapt\u00e3 spre Crucea care str\u00e3jueste locul unde au c\u00e3zut cei doi eroi si depune cei cinci trandafiri simbolici ai misc\u00e3rii falangiste.<\/strong><\/p>\n<p><strong>Odat\u00e3 intorsi la locurile lor, corul legionar \u00eentoneaz\u00e3\u00a0\u00abSf\u00e2nt\u00e3 Tinerete Legionar\u00e3\u00bb, care e ascultat in picioare si cu m\u00e2na spre cer de c\u00e3tre asistent\u00e3. Imediat, in continuare, \u00eentreaga asistent\u00e3 intoneaz\u00e3 imnul falangist \u00abCara al Sol\u00bb, dup\u00e3 care Generalul Villalba d\u00e3 strig\u00e3tele pentru Spania : Una, Grande, Libre !<\/strong><\/p>\n<p><strong>Ceremonia s\u2019a incheiat. O imens\u00e3 satisfactie se citeste in ochii tuturor. Spaniolii felicit\u00e3 pe Rom\u00e2ni pentru m\u00e3retul Monument ridicat eroilor. Megafoanele c\u00e2nta f\u00e3r\u00e3 intrerupere \u00abSoy valiente y leal legionario\u00bb, in timp ce lumea incepe s\u00e3 se risipeasc\u00e3. Par\u2019c\u00e3 nu se indura s\u00e3 se deslipeasc\u00e3. Aparatele de fotografiat \u00eentr\u00e3 din nou in functiune. Se iau ultimele fotografii. E prea frumos ! Pe c\u00e3rarea care duce la masini, lumea sta p\u00e2lcuri, p\u00e2lcuri. Comenteaz\u00e3 si se imbr\u00e3tiseaz\u00e3.<\/strong><\/p>\n<p><strong>E o apoteoz\u00e3. Toat\u00e3 lumea care a participat la aces efort urias ridic\u00e3 o privire de multumire spre cer, ros tind in g\u00e2nd o rug\u00e3ciune. Mota si Marin pare c\u00e3 \u00eesi trimit binecuv\u00e2ntarea din v\u00e3zduhul tainic, multumiti c\u00e3 nu au fost uitati\u2026<\/strong><\/p>\n<p><strong>Biblioteca Documentar\u00e3 \u201cGeneratia Nou\u00e3\u201d, Madrid, 1976 (pag. 1-70)<\/strong><\/p>\n<p>\u00a0<\/p>\n<\/div>\n<div class=\"entry\">\n<p>Vlad Voicu<strong><br \/>\nIncorect Politic<\/strong><br \/>\nIulie 13, 2026<\/p>\n<p><a href=\"https:\/\/www.incorectpolitic.com\/adrian-dohotaru-saboteaza-conferinta-dedicata-victimelor-inchisorilor-comuniste\/monumentul_de_la_majadahonda\/\" rel=\"attachment wp-att-34124\"><img loading=\"lazy\" decoding=\"async\" class=\"size-full wp-image-34124 aligncenter lazyload\" alt width=\"684\" height=\"466\" src=\"https:\/\/www.incorectpolitic.com\/wp-content\/uploads\/2020\/03\/Monumentul_de_la_Majadahonda.jpg\"><\/a><\/p>\n<p><img loading=\"lazy\" decoding=\"async\" class=\"size-full wp-image-34124 aligncenter\" src=\"https:\/\/www.incorectpolitic.com\/wp-content\/uploads\/2020\/03\/Monumentul_de_la_Majadahonda.jpg\" alt width=\"684\" height=\"466\" data-eio=\"l\"><\/p>\n<h2><strong>BOL\u0218EVISM \u00ceN SPANIA! Guvernul spaniol vrea s\u0103 demoleze monumentul legionar de la Majadahonda<\/strong><\/h2>\n<p>Fascismul italian a ap\u0103rut ca reac\u021bie la bol\u0219evismul jidovesc. Ast\u0103zi vedem cum bol\u0219evismul se a\u0219terne iar asupra Europei. Astfel c\u0103 vom vedea o nou\u0103 ascensiune a Fascismului, Na\u021bional-Socialismului \u0219i Na\u021bionalismului specific fiec\u0103rei \u021b\u0103ri sub asediu.<\/p>\n<p>Desigur c\u0103 un guvern neobol\u0219evic consider\u0103 c\u0103 trebuie demolat un monument ridicat \u00een cinstea celor care au luptat \u00een Spania \u00eempotriva bol\u0219evismului interna\u021bional.<\/p>\n<p>Bol\u0219evicii sunt cei care voiau s\u0103 distrug\u0103 toate valorile tradi\u021bionale \u0219i spirituale din Spania, cum era divizia Ana Pauker condus\u0103 de comisarul politic Walter Neulander. Ardeau bisericile \u0219i m\u0103n\u0103stirile catolice. Executau preo\u021bii catolici \u0219i violau m\u0103icu\u021bele din m\u0103n\u0103stiri. Cei care au luptat \u00eempotriva acestor trupe ro\u0219ii satanice au fost, desigur, ni\u0219te \u201ebandi\u021bi fasci\u0219ti \u0219i legionari\u201d, cum au fost \u0219i Mo\u021ba \u0219i Marin. Desigur c\u0103 guvernul spaniol, \u00een locul monumentului de la Majadahonda, ridicat \u00een omagierea \u201cbandi\u021bilor\u201d Mo\u021ba \u0219i Marin, ar prefera un monument \u00een cinstea celor care au luptat \u00een slujba Satanei, pentru distrugerea Spaniei \u0219i a poporului spaniol!<\/p>\n<p>Din p\u0103cate, \u0103sta este nivelul de vibra\u021bie spiritual\u0103 din Spania. Spaniolii \u0219i portughezii au fost popoare minunate, cu o vibra\u021bie spiritual\u0103 foarte \u00eenalt\u0103. Dar oculta \u0219i U.E. i-au distrus \u0219i i-au rupt de Dumnezeu. \u0218i asta este o \u201epoluare\u201d duhovniceasc\u0103, metafizic\u0103, care intoxic\u0103 orice suflet care tr\u0103ie\u0219te acolo. Cam asta este situa\u021bia \u00een toat\u0103 lumea occidental\u0103.<\/p>\n<p><a href=\"https:\/\/www.libertatea.ro\/stiri\/monument-spania-dedicat-romani-ion-mota-vasile-marin-demolat-5812658\">LIBERTATEA<\/a>:<\/p>\n<p>\u00a0<\/p>\n<blockquote>\n<p>Ministerul Politicii Teritoriale \u0219i Memoriei Democratice din Spania a decis includerea Monumentului dedicat rom\u00e2nilor c\u0103zu\u021bi \u00een lupt\u0103 din Majadahonda \u00een catalogul simbolurilor considerate contrare Memoriei Democratice. Drept urmare, acesta va fi demolat, anun\u021b\u0103 ziarul spaniol Noticias de Majadahonda.<\/p>\n<p>M\u0103sura a fost anun\u021bat\u0103 mar\u021bi la Madrid, de ministrul \u00c1ngel V\u00edctor Torres, \u00eempreun\u0103 cu includerea \u00een acela\u0219i catalog a altor trei vestigii ale regimului franchist din Tenerife, Murcia \u0219i Almer\u00eda.<\/p>\n<p>\u201e\u00cenl\u0103turarea acestor vestigii reprezint\u0103 un act de demnitate democratic\u0103 \u0219i o garan\u021bie c\u0103 noile genera\u021bii nu vor mo\u0219teni spa\u021bii publice marcate de glorificarea urii \u0219i a dictaturii\u201d, a declarat ministrul.<\/p>\n<p>\u201e\u00cendep\u0103rtarea sau reinterpretarea simbolurilor care glorific\u0103 regimul franchist r\u0103spunde unei obliga\u021bii legale de a le oferi un context adecvat, \u00een conformitate cu principiile democratice \u0219i cu respectul datorat victimelor R\u0103zboiului Civil Spaniol, ale dictaturii \u0219i ale leg\u0103turilor acesteia cu regimurile totalitare ale secolului al XX-lea\u201d, a ad\u0103ugat ministrul.<\/p>\n<p>Potrivit ministerului, Garda de Fier a fost \u201eo organiza\u021bie de ideologie fascist\u0103, ultrana\u021bionalist\u0103 \u0219i antisemit\u0103, colaboratoare a regimului nazist \u0219i responsabil\u0103 pentru persecutarea \u0219i violen\u021bele \u00eempotriva minorit\u0103\u021bilor \u0219i a opozan\u021bilor politici din Rom\u00e2nia\u201d. Comisia Tehnic\u0103 de Exper\u021bi a concluzionat c\u0103 monumentul \u201ereprezint\u0103 o glorificare a fascismului european \u0219i a franchismului\u201d \u0219i c\u0103, timp de decenii, a fost loc de reuniune pentru grup\u0103ri de extrem\u0103 dreapta.<\/p>\n<\/blockquote>\n<blockquote>\n<p><strong>M\u0103sura demol\u0103rii, adoptat\u0103 din 2015<\/strong>, nu a fost pus\u0103 \u00een aplicare. Reprezentan\u021bii filialei locale a forma\u021biunii Izquierda Unida (St\u00e2nga Unit\u0103) din Majadahonda au amintit c\u0103, de mai multe decenii, au ini\u021biat numeroase demersuri, at\u00e2t \u00een Consiliul Local, c\u00e2t \u0219i \u00een afara acestuia, pentru demolarea monumentului, pe care \u00eel consider\u0103 un vestigiu al regimului franchist ce \u00eencalc\u0103 Legea Memoriei Democratice.<\/p>\n<p>\u00cen 2015, Consiliul Local a aprobat \u00eendep\u0103rtarea monumentului, la propunerea Partidului Socialist Muncitoresc Spaniol (PSOE), cu voturile favorabile ale Izquierda Unida, Somos Majadahonda \u0219i Ciudadanos, \u00eens\u0103 m\u0103sura nu a fost pus\u0103 niciodat\u0103 \u00een aplicare. Reprezentan\u021bii Izquierda Unida au salutat acum decizia Guvernului central, afirm\u00e2nd c\u0103 aceasta reprezint\u0103 \u201eun pas necesar pentru eliminarea unui simbol de glorificare a fascismului din localitatea noastr\u0103 \u0219i, \u00een acela\u0219i timp, o contribu\u021bie la respectarea memoriei victimelor franchismului care au luptat pentru ap\u0103rarea valorilor republicane bazate pe libertate, egalitate \u0219i drepturile omului\u201d.<\/p>\n<p>Forma\u021biunea a cerut autorit\u0103\u021bilor locale s\u0103 faciliteze aplicarea c\u00e2t mai rapid\u0103 a deciziei. Partidul Comunist Spaniol \u0219i St\u00e2nga Unit\u0103 salut\u0103 decizia demol\u0103rii monumentului \u201eVom continua s\u0103 lucr\u0103m pentru ca \u00een Majadahonda s\u0103 fie respectat\u0103 \u00een totalitate Legea Memoriei Democratice, \u00eencep\u00e2nd cu recunoa\u0219terea tuturor victimelor franchismului legate de localitatea noastr\u0103, precum Mariano Escribano Valero, care a fost \u00eenchis \u00een lag\u0103rul de concentrare de la Mauthausen, sau Marcelino Camacho \u0219i Josefina Samper, care au fost victime ale represiunii franchiste \u0219i au locuit \u00een Majadahonda \u00een ultimii ani ai vie\u021bii\u201d, au transmis reprezentan\u021bii Izquierda Unida.<\/p>\n<\/blockquote>\n<p>Monumentul este situat pe o proprietate privat\u0103, nu sunt sigur cum reu\u0219e\u0219te guvernul spaniol s\u0103 fac\u0103 ce \u00ee\u0219i propune c\u00e2t\u0103 vreme proprietatea este \u00eenc\u0103 privat\u0103.<\/p>\n<p>Dar dup\u0103 t\u0103ierea Troi\u021bei de la T\u00e2nc\u0103be\u0219ti nu ne mai surprinde nimic, orice se poate \u00eent\u00e2mpla. De ce? Pentru c\u0103 popoarele europene dorm sau asist\u0103 pasivi la propria dispari\u021bie.<\/p>\n<p>Treze\u0219te-te.<\/p>\n<h2>ORIGINILE CULTULUI DE LA MAJADAHONDA<\/h2>\n<p><em>Via <a href=\"https:\/\/www.miscarea.net\/1-cultul-dela-majadahonda.htm\">Miscarea.net<\/a>:<\/em><\/p>\n<p>\u00a0<\/p>\n<p><strong>1) Jertfa lui Mota si Marin<\/strong><\/p>\n<p>\u00a0<\/p>\n<p><strong>Totul \u00eencepe cu sosirea unei echipe legionare \u00een Spania pentru a lupta \u00een armata national\u00e3 contra hoardelor bolsevice cari au invadat acest sanctuar al Crestin\u00e3t\u00e3tii.<\/strong><\/p>\n<p><strong>Inrolati An Tercio, Bandera 6, compania 21, legionarii particip\u00e3 la operatiile din jurul Madridului, disting\u00e2ndu-se in luptele dela Boadilla del Monte,\u00a0Las Rozas, Pozuelo si Aravaca. Dusmanul primeste \u00eent\u00e3rituri si opreste \u00eenaintarea spre Madrid a fortelor nationaliste. Luptele cari urmeaz\u00e3 sunt de fixare a frontului si Bandera a 6-a a fost retras\u00e3 pentru a \u00eent\u00e3ri un punct amenintat, unde inamicul preseaz\u00e3 pentru a produce o ruptur\u00e3. E sectorul Las Rozas-Majadahonda.<\/strong><\/p>\n<p><strong>In Majadahonda, frontul serpueste chiar dealungul localit\u00e3tii. Dup\u00e3 o groaznic\u00e3 inclestare, satul a r\u00e3mas in posesiunea nationalistilor, dar comunistii primesc noi int\u00e3rituri si se preg\u00e3tesc pentru atac. In aceste imprejur\u00e3ri, intr\u00e3 in transee compania 21 pe o muche de delusor, cu fata spre inamicul care se g\u00e3sea mai in vale. Acolo s\u2019a \u00eent\u00e2mplat marea jertf\u00e3, in ziua de 13 Ianuarie 1937.<\/strong><\/p>\n<p><strong>Iat\u00e3 cum descrie Alexandru Cantacuzino acest moment de r\u00e3scruce in istoria Legiunii si a neamului \u00eentreg:<\/strong><\/p>\n<p><strong>\u00abImi dau seama c\u00e3 pusca mitralier\u00e3 r\u00e3m\u00e3sese f\u00e3r\u00e3 servanti. Trec s\u2019o \u00eentrebuintez eu. Inamicul, dup\u00e3 primul asalt, se ad\u00e3postise \u00eentr\u2019o v\u00e2lcea si tr\u00e3gea cu mare risip\u00e3 de munitii. Bulg\u00e3rii de p\u00e3m\u00e2nt, ridicati de obuze, m\u00e3 loveau in obraz, fumul si praful exploziilor \u00eemi usturau ochii. Fac \u00eencerc\u00e3ri zadarnice, nu pot pune in miscare mitraliera.<\/strong><\/p>\n<p><strong>Strig ofiterului care se ad\u00e3postise si el, culc\u00e2ndu-se in transee, c\u00e3 mitraliera nu mai functioneaz\u00e3, c\u00e3 suntem in toiul atacului inamic f\u00e3r\u00e3 mitralier\u00e3. O detun\u00e3tur\u00e3 dobor\u00eetoare ma forteaz\u00e3 s\u00e3 \u00eenchid ochii. C\u00e2nd \u00eei deschid o clip\u00e3 dup\u00e3 aceea, privirea imi cade la un metru si jum\u00e3tate de mine, asupra unui corp \u00eentins cu fata la p\u00e3m\u00e2nt.<\/strong><\/p>\n<p><strong>Ingenunchiu si \u00eei ridic capul. E Ionel Mota. Ii tin capul in m\u00e2ini, privindu-l \u00eendelung pierdut in nu stiu ce lume departe. La un metru zace Vasile Marin, cu spatele proptit de peretele transeii. Ma \u00eentorc s\u00e3 urlu lui Clime si p\u00e3rintelui Dumitrescu, peste vuetul gloantelor si al obuzelor: \u201cIonel si Marin sunt morti\u201d. Peste haina cu stropi de s\u00e2nge ne\u00eenchegat, ceasul lui Ionel Mota at\u00e2rn\u00e3 de lant, cu geamul spart. S\u2019a oprit. E cinci f\u00e3r\u00e3 un sfert.<\/strong><\/p>\n<p><strong>Prin haina str\u00e3puns\u00e3 si sf\u00e2rtecat\u00e3 a lui Ionel Mota se v\u00e3d culorile Drapelului Rom\u00e2nesc. E drapelul nostru pe care era scris : Legiunea Arhanghelului Mihail, Garda de Fier, cu care ne-am prezentat Generalului Moscardo. Ionel Mota era \u00eencins cu acest drapel, pe care \u00eel luase ca s\u00e3-l poarte cu el pentru a-l pune in v\u00e2rful baionetei la atac sau la defilare c\u00e2nd cuceream un oras. Cu el speram s\u00e3 intr\u00e3m si in Madrid. Desfac drapelul si \u00eel \u00eentind peste trupurile lor.\u00bb<\/strong><\/p>\n<p><strong>2) Anii trec\u2026<\/strong><\/p>\n<p>\u00a0<\/p>\n<p><strong>Peste aceast\u00e3 jertf\u00e3 s\u2019au ad\u00e3ugat altele. Dusmanii din afar\u00e3 si acei ascunsi in cele mai \u00eenalte functiuni ale Statului, p\u00e2ndeau momentul ca s\u00e3 distrug\u00e3 miscarea.<\/strong><\/p>\n<p><strong>Anul 1937 aduce triumful G\u00e3rzii de Fier in alegeri. Anul 1938 aduce o nou\u00e3 prigoan\u00e3, cu arestarea C\u00e3pitanului si a sute de fruntasi legionari, cu procese nedrepte, sf\u00e2rsind cu crima din p\u00e3durea T\u00e2nc\u00e3besti si groapa dela Jilava.<\/strong><\/p>\n<p><strong>Anul 1939 aduce o nou\u00e3 hecatomb\u00e3 de legionari : masacrele din Septembrie.<\/strong><\/p>\n<p><strong>Anul 1940 e anul victoriei legionare. 6 Septembrie. Trupurile martirilor, \u00eentre cari C\u00e3pitanul, Nicadorii si Decemvirii, sunt scoase din gropile unde au fost asv\u00e2rlite de c\u00e3l\u00e3i si re\u00eenhumate, cu participarea \u00eendurerat\u00e3 a \u00eentregei t\u00e3ri, la \u00abCasa Verde\u00bb si in cimitirul dela Predeal.<\/strong><\/p>\n<p>\u00a0<\/p>\n<p><strong>3) Se aseaz\u00e3 temeliile<\/strong><\/p>\n<p>\u00a0<\/p>\n<p><strong>In Madrid e numit ministru al Rom\u00e2niei Legionare, camaradul Radu Ghenea. Una din primele lui griji a fost s\u00e3 mearg\u00e3 la Majadahonda si s\u00e3 descopere locul unde au murit sf\u00e3r\u00e2mati de acelasi obuz, Ion Mota si Vasile Marin.<\/strong><\/p>\n<p><strong>Orient\u00e2ndu-se dup\u00e3 c\u00e3rtile scrise de ceilalti legionari din echip\u00e3, Totu, Cantacuzino, B\u00e3nic\u00e3 Dobre, si dup\u00e3 m\u00e3rturiile locuitorilor din sat cari au tr\u00e3it acele momente,\u00a0Radu Ghenea a isbutit s\u00e3 identifice transeea in care Mota si-a tinut \u00abultimul si cel mai mare discurs\u00bb al s\u00e3u.<\/strong><\/p>\n<p><strong>In 13 Ianuarie 1941, organizeaz\u00e3 cel dint\u00e2iu pelerinaj la Majadahonda si pune bazele cultului eroilor Mota si Marin. La aceast\u00e3 prim\u00e3. ceremonie au participat falangistii spanioli, cari, prin prezenta lor, au voit s\u00e3 perpetueze fr\u00e3tia de arme \u00eentre cele dou\u00e3 misc\u00e3ri si s\u00e2ngele v\u00e3rsat \u00eempreun\u00e3 pentru ap\u00e3rarea Crucii si a Crestin\u00e3t\u00e3tii.<\/strong><\/p>\n<p><strong>Din acest an, desi Legiunea c\u00e3zuse dela putere, legionarii afl\u00e3tori in Spania s\u2019au recules in fiecare 13 Ianuarie, an de an, in fata transeii dela Majadahonda, si m\u00e2ini pioase au pres\u00e3rat flori pe locurile \u00eembibate de s\u00e2ngele martirilor.<\/strong><\/p>\n<p>\u00a0<\/p>\n<p><strong>4) Se \u00eenalt\u00e3 o cruce<\/strong><\/p>\n<p>\u00a0<\/p>\n<p><strong>Anii trec\u2026 In anul in care Radu Ghenea p\u00e3r\u00e3seste Spania, pentru a emigra in Argentina, isi fixeaz\u00e3 resedinta la Madrid camaradul Traian Popescu, atasat comercial.<\/strong><\/p>\n<p><strong>Cultul dela Majadahonda nu sufere nicio \u00eentrerupere. In anul 1947, Traian Popescu ia initiativa s\u00e3 se ridice o cruce pe locul unde au c\u00e3zut cei doi eroi. Crucea a fost comandat\u00e3 la un pietrar, iar lucr\u00e3rile de amenajare ale terenului si de asezare ale Crucii au fost executate de legionarii depe atunci din garnizoana Madrid.<\/strong><\/p>\n<p><strong>Crucea a fost asezat\u00e3 exact pe d\u00e2mbul unde, in cursul luptelor, se afla postul de mitralier\u00e3, incadrat de cele dou\u00e3 escuadre de legionari. Din acest punct, cel mai \u00eenalt din partea locului, serpuiau apoi in st\u00e2nga si in dreapta transeele, cari, in 1947, erau \u00eenc\u00e3 bine p\u00e3strate.<\/strong><\/p>\n<p><strong>Din 1947, cultul dela Majadahonda ia proportii, adun\u00e2nd in jurul Crucii tot mai mult\u00e3 lume. Intre numeroasele personalit\u00e3ti spaniole cari au participat la solemnit\u00e3tile dela Majadahonda a fost si venerabila figur\u00e3 a Generalului Moscardo, eroul dela Alcazar, in anul 1952.<\/strong><\/p>\n<p>\u00a0<\/p>\n<p><strong>5) Achizitia terenului<\/strong><\/p>\n<p>\u00a0<\/p>\n<p><strong>Locul pe care era \u00eenfipt\u00e3 Crucea se afla la intersectia a dou\u00e3 propriet\u00e3ti. Cum veneai spre Cruce, terenul apartinea \u00eentreprinderii de telecomunicatii \u00abEntel\u00bb ; terenul din laturile Crucii si in spatele ei era proprietatea Doamnei Hermenegilda Labrandero, din satul Majadahonda.<\/strong><\/p>\n<p><strong>Initiativa achizition\u00e3rii terenului a avut-o inginerul Petre Sorici, in cadrul unei sedinte a cuibului \u00abIc\u00e3 T\u00e3nase\u00bb, din Madrid. S\u2019a luat mai \u00eent\u00e2iu contact cu Dl. Heliodoro Sanz, un nepot al proprietarei terenului si acesta a prezentat pe legionari Doamnei Labrandero. In Martie 1954, camarazii Tuliu Basiu, Ovidiu T\u00e2rlea si Petre Sorici viziteaz\u00e3 pe Doamna Labrandero, solicit\u00e2ndu-i v\u00e2nzarea terenului din spatele Crucii, pentru eventuala construire a unui monument sau a unei ermite. Doamna nu numai c\u00e3 a fost dispus\u00e3 s\u00e3 cedeze terenul, dar a declarat delegatiei legionare c\u00e3 \u00eel face donatie in amintirea unui fiu al ei, ucis de comunisti chiar in poarta casei ei. Nici nu a acceptat s\u00e3 trimit\u00e3 pe cineva pentru m\u00e3surarea locului, l\u00e3s\u00e2nd toat\u00e3 latitudinea legionarilor s\u00e3 ia c\u00e2t teren le trebuie in spatele Crucii si s\u00e3 fac\u00e3 ei m\u00e3sur\u00e3torile. Peste c\u00e2teva zile, Ovidiu T\u00e2rlea, Ilie Sturdza si Ovidiu St\u00e3nescu se duc la Cruce, unde m\u00e3soar\u00e3 o suprafat\u00e3 de 200 metri patrati.<\/strong><\/p>\n<p><strong>La 1 Noembrie 1954, incep lucr\u00e3rile de amenajare si consolidare ale terenului, sub conducerea lui Traian Puiu, pe baza principiului de tab\u00e3r\u00e3. S\u2019a remarcat prezenta aproape constant\u00e3 timp de o lun\u00e3 a camarazilor Nicolae Borca, Tuliu Basiu, Ion Baicu, Ion Bozosan, Petre Sorici, Ion Tolescu si Ovidiu T\u00e2rlea. Nivelarea terenului a fost foarte grea., fiind constituit de straturi de st\u00e2nci. A fost necesar de \u00eentrebuintat aproape tot timpul t\u00e2rn\u00e3copul. O lun\u00e3 de zile a durat lucrul p\u00e2n\u00e3 ce terenul a fost nivelat si in spatele Crucii s\u2019a ridicat un platou. Locul a fost apoi \u00eenfrumusetat cu arbusti si alte plante, cari au format un gard viu at\u00e2t in jurul platoului c\u00e2t si al Crucii.<\/strong><\/p>\n<p><strong>In luna Mai 1955, \u00eentreaga garnizoan\u00e3 Madrid se deplaseaz\u00e3 la Majadahonda si lucreaz\u00e3 la cur\u00e3tirea drumului si a platoului de ierburi, reusind s\u00e3 dea un aspect frumos ansamblului \u00eenconjur\u00e3tor al Crucii. La aceast\u00e3 initiativ\u00e3. a participat si Doamna Zoe Sturdza.<\/strong><\/p>\n<p>\u00a0<\/p>\n<p><strong>6) O schimbare fundamental\u00e3<\/strong><\/p>\n<p>\u00a0<\/p>\n<p><strong>In anul 1955, se petrece o schimbare fundamental\u00e3 in desf\u00e3surarea actelor dela Majadahonda. Gratie actiunii \u00eentreprinse de Dl. Sergio Cifuentes, pe atunci Seful Serviciului Exterior al Falangei, Ministrul Secretar General al Misc\u00e3rii hot\u00e3r\u00e3ste ca la solemnit\u00e3tile dela Majadahonda s\u00e3 participe in mod oficial autorit\u00e3tile spaniole.<\/strong><\/p>\n<p><strong>De aici \u00eenainte organizarea exterioar\u00e3 a ceremoniei intr\u00e3 in protocolul Statului Spaniol. In fiecare an, in Biserica satului dela Majadahonda se aseaz\u00e3 covoare, fotolii si alte embleme oficiale, iar drumul p\u00e2n\u00e3 la Cruce este \u00eempodobit cu drapele spaniole si rom\u00e2nesti. Chiar deasupra Crucii f\u00e2lf\u00e2ie drapelul G\u00e3rzii de Fier, \u00eenconjurat de o multime de drapele ale celor dou\u00e3 natiuni.<\/strong><\/p>\n<p><strong>La ceremonie sunt reprezentate, in mod oficial, Ministerul de Externe, Ministerul Armatei si Secretariatul General al Misc\u00e3rii. Se depun coroane in numele acestor institutii. Mai particip\u00e3 apoi autorit\u00e3tile guvernamentale locale si reprezentantii diverselor corpuri falangiste. Se tin discursuri, in numele ministrilor si a organizatiilor falangiste. Actele sunt difuzate prin emisiunile oficiale de Radio si adeseori prin Televiziunea Spaniol\u00e3.<\/strong><\/p>\n<p>\u00a0<\/p>\n<p><strong>7) Institutionalizarea cultului<\/strong><\/p>\n<p>\u00a0<\/p>\n<p><strong>Indat\u00e3 dup\u00e3 acest pas inainte, din mai multe sectoare de prieteni ai Legiunii se propune crearea unei institutii hispano-rom\u00e2ne, care s\u00e3 asigure perpetuarea cultului. Din partea rom\u00e2neasc\u00e3, cel ce si-a dat mai mare interes pentru realizarea unei asociatii mixte de prieteni ai Majadahondei, a fost George Demetrescu, Presedintele Comunitatii Rom\u00e2nilor din Spania. Dintre spanioli, Marchizul de Vivel, Dl. Luis Beneyto si Sergio Cifuentes.<\/strong><\/p>\n<p><strong>In urma unor eforturi de doi ani, se obtin adeziunile a aproape una sut\u00e3 de personalit\u00e3ti spaniole si rom\u00e2ne si in anul 1959 se fundeaz\u00e3 Asociatia \u00abAmigos de Maja dahonda\u00bb, sub presidentia Generalului Ricardo Villalba Rubio, av\u00e2nd ca vice-presedinti pe Dl. Luis Beneyto si pe George Demetrescu, iar ca secretar general pe marele prieten al Legiunii, Dl. Sergio Cifuentes. Restul Comitetului este format din ilustre personalit\u00e3ti spaniole si eminenti membri ai comunit\u00e3tii rom\u00e2nesti.<\/strong><\/p>\n<p><strong>Asociatia \u00abAmigos de Majadahonda\u00bb si-a schimbat mai t\u00e2rziu numele in \u00abHermandad Hispano-Rumana Majadahonda\u00bb.<\/strong><\/p>\n<p><strong>Odat\u00e3 cu \u00eenfiintarea asociatiei, organizarea actelor dela Majadahonda trece in sarcina non institutii. Invitatiile de participare la ceremonie se fac in numele presedintelui acestei asociatii, Generalul Ricardo Villalba Rubio, care si pronunt\u00e3 in fiecare an discursul omagial.<\/strong><\/p>\n<p><strong>In afar\u00e3 de membri afl\u00e3tori in Spania, Asociatia Majadahonda admite si membri afiliati din str\u00e3in\u00e3tate. In modul acesta un mare num\u00e3r de legionari si prieteni, din afar\u00e3 de Spania, s\u2019au \u00eenscris in Asociatie.<\/strong><\/p>\n<p>\u00a0<\/p>\n<p><strong>8) Initiativa Monumentului<\/strong><\/p>\n<p>\u00a0<\/p>\n<p><strong>Cu prilejul anivers\u00e3rii dela Majadahonda din 1963, Dl. Beneyto a propus participantilor si acestia au acceptat cu entuziasm ideea construirii unui Monument pe locul unde au c\u00e3zut cei doi eroi.<\/strong><\/p>\n<p><strong>In acelasi timp s\u2019au str\u00e2ns si primele donatii, p\u00e3strate de Dl. Beneyto, cari au constituit fondul initial de constructie al Monumentului.<\/strong><\/p>\n<p><strong>Dl. Sergio Cifuentes, \u00eensufletit de aceeasi idee, si-a luat sarcina de a imagina viitorul Monument: el este autorul proiectului pe baza c\u00e3ruia s\u2019a construit apoi aceast\u00e3 oper\u00e3.<\/strong><\/p>\n<p><strong>Diverse \u00eemprejur\u00e3ri, independente de vointa initiatorilor, au impiedicat \u00eens\u00e3 ca ideea s\u00e3 ajung\u00e3 la realizare p\u00e2n\u00e3 in anul 1970.<\/strong><\/p>\n<p>\u00a0<\/p>\n<ol>\n<li><strong> APELUL SI STR\u00c2NGEREA FONDULUI<\/strong><\/li>\n<\/ol>\n<p>\u00a0<\/p>\n<p><strong>1) Apelul Misc\u00e3rii Legionare<\/strong><\/p>\n<p>\u00a0<\/p>\n<p><strong>In 10 Decembrie 1969, Comandantul Misc\u00e3rii Legionare, Dl. Horia Sima, a lansat un apel c\u00e3tre toti Rom\u00e2nii din exil pentru a contribui la str\u00e2ngerea fondurilor necesare pentru ridicarea Monumentului Mota-Marin. Suma prev\u00e3zut\u00e3, dup\u00e3 o prim\u00e3 apreciere, se ridica la 10.000 dolari U.S. Romanii din exil erau solicitati s\u00e3 subscrie, dup\u00e3 posibilit\u00e3ti si capacitatea lor de sacrificiu, c\u00e3r\u00e3mizi de valori diferite, cari vor servi si ca chitant\u00e3 de primirea banilor.<\/strong><\/p>\n<p><strong>Apelul a fost publicat in \u00abTara si Exilul\u00bb, din Noembrie-Decembrie 1969, av\u00e2nd urm\u00e3torul continut:<\/strong><\/p>\n<p>\u00a0<\/p>\n<p><strong>MONUMENTUL MOTA-MARIN<\/strong><\/p>\n<p><strong>Chemare c\u00e3tre toti Rom\u00e2nii<\/strong><\/p>\n<p><strong>Frati Rom\u00e2ni,<\/strong><\/p>\n<p>\u00a0<\/p>\n<p><strong>\u00abTranseea dela Majadahonda, unde in 13 Ianuarie 1937 au c\u00e3zut cu arma \u00een m\u00e2n\u00e3 Ion Mota si Vasile Marin, ap\u00e3r\u00e2nd Spania, Europa si Crestin\u00e3tatea de armatele Antichristului, este strajuit\u00e3 de o cruce ridicat\u00e3 in anul 1947, din evlavia unui camarad.<\/strong><\/p>\n<p><strong>A sosit momentul ca s\u00e3 in\u00e3lt\u00e3m pe acest loc un monument de granit care s\u00e3 d\u00e3inuiasc\u00e3 peste veacuri, infrunt\u00e2nd intemperiile vremii si vestind generatiilor de m\u00e2ine m\u00e3retia jertfei lor.<\/strong><\/p>\n<p><strong>In acest scop am pus in circulatie, cu semn\u00e3tura mea, mai multe serii de bonuri-c\u00e3r\u00e3mizi de valori diferite, destinate a servi ca dovad\u00e3 acelor pribegi cari \u00eesi vor da obolul lor pentru constructia monumentului. Suma de care avem nevoie este de aproximativ 10.000 (zece mii) dolari U.S.<\/strong><\/p>\n<p><strong>Emisiunea de c\u00e3ramizi este format\u00e3 din urm\u00e3toarele valori: 5, 10, 20, 50 si 100 dolari U.S. In modul acesta, fiecare dispune de latitudinea de a contribui dup\u00e3 posibilit\u00e3tile lui si dup\u00e3 puterea lui de sacrificiu.<\/strong><\/p>\n<p><strong>Subscriptiunea se \u00eencheie la 15 Iunie 1970. Persoanele \u00eencredintate s\u00e3 str\u00e2ng\u00e3 contributiile destinate ridic\u00e3rii monumentului vor poseda o \u00eemputernicire dela mine si vor semna pe bonuri in calitate de casieri.<\/strong><\/p>\n<p><strong>Sumele adunate pentru ridicarea monumentului vor fi centralizate la Madrid de c\u00e3tre Dl. Inginer Tuliu Basiu, care va indeplini functiunea de casier central si administrator al fondului.<\/strong><\/p>\n<p><strong>Persoanele izolate pot trimite direct contributia lor la Madrid, la Centru, de unde vor priori bonul-chitant\u00e3 corespunz\u00e3tor.<\/strong><\/p>\n<p><strong>Constructia va incepe in prim\u00e3vara acestui an si, cu ajutorul lui Dumnezeu, sfintirea va avea loc in 13 Septembrie 1970, implinindu-se in acest an 33 de ani dela glorioasa lor c\u00e3dere.<\/strong><\/p>\n<p><strong>Comitetul de Constructie al Monumentului va fi alc\u00e3tuit din toate acele persoane cari au contribuit la ducerea la bun sf\u00e2rsit a lucr\u00e3rii, fie prin actiunea de colectare a fondurilor fie in alte forme. Numele lor se vor bucura de o atentie special\u00e3. Nu astept\u00e3m nicio contributie dela anti-rom\u00e2ni, dela acei cari si-au schimbat dimensiunile sufletesti, si nici nu le accept\u00e3m pentru a nu ofensa marea jertf\u00e3.<\/strong><\/p>\n<p><strong>Pentru actul sfintirii voiu constitui un comitet de patronaj alc\u00e3tuit din vechea gard\u00e3 legionar\u00e3, din reprezentanti ai Asociatiei \u00abHermandad Hispano-Rumana Majadahonda\u00bb, din notabilit\u00e3tile comunale si din alte personalit\u00e3ti rom\u00e2ne si str\u00e3ine.<\/strong><\/p>\n<p><strong>\u00abSunt convins c\u00e3 cercurile rom\u00e2nesti din exil vor r\u00e3spunde la acest apel si la aceast\u00e3 b\u00e3t\u00e3lie, pentruca, in termenul prev\u00e3zut, s\u00e3 \u00eemplinim lucrarea care va perpetua memoria celor doi Cruciati ai Neamului nostru. In \u00eemprejur\u00e3rile tragice de ast\u00e3zi, aceast\u00e3 constructie va deveni un monument al rezistentei nationale contra cutropitorului si o chez\u00e3sie a biruintei de m\u00e2ine. O c\u00e3r\u00e3mid\u00e3 pentru Majadahonda este o c\u00e3r\u00e3mid\u00e3 pentru \u00een\u00e3ltarea Neamului din \u00eentunericul si ruina de ast\u00e3zi\u00bb.<\/strong><\/p>\n<p><strong>HORIA SIMA<\/strong><\/p>\n<p><strong>Madrid, 10 Decembrie 1969<\/strong><\/p>\n<p>\u00a0<\/p>\n<p><strong>La scurt interval dup\u00e3 publicarea apelului, Comandantul Misc\u00e3rii trimite si o circular\u00e3 legionarilor din exil, cu scopul de a le explica importanta lucr\u00e3rii si a-i \u00eendemna la un efort maxim in str\u00e2ngerea fondurilor. Circulara dateaz\u00e3 din 13 Ianuarie 1970 si are urm\u00e3torul continut:<\/strong><\/p>\n<p>\u00a0<\/p>\n<p><strong>MONUMENTUL MOTA-MARIN<\/strong><\/p>\n<p><strong>\u2013 Circular\u00e3 \u2013<\/strong><\/p>\n<p>\u00a0<\/p>\n<p><strong>\u00abCamarazi,<\/strong><\/p>\n<p><strong>Cum veti avea prilejul s\u00e3 cititi in \u00abTara si Exilul\u00bb, am f\u00e3cut un apel c\u00e3tre Rom\u00e2nii din Exil, legionari si prieteni, ca s\u00e3 contribue le str\u00e2ngerea unui fond de constructie pentru \u00een\u00e3ltarea Monumentului Mota-Marin.\u00a0<\/strong><\/p>\n<p><strong>Modalit\u00e3tile de subscriere la acest fond le veti g\u00e3si in Buletin.<\/strong><\/p>\n<p><strong>Dup\u00e3cum veti vedea din apel,\u00a0lucrarea e prev\u00e3zut\u00e3 s\u00e3 se termine in acest an si am fixat si data sfintirii monumentului. In momentul c\u00e2nd v\u00e3 scriu aceste r\u00e2nduri, nu dispunem de nicio sum\u00e3 mai important\u00e3 care s\u00e3 garanteze realizarea acestui obiectiv. Dar am o \u00eencredere nem\u00e3rginit\u00e3 in voi toti, hind sigur ca nu v\u00e3 veti precupeti niciun sacrificiu si veti r\u00e3spunde cu elan acestui apel.<\/strong><\/p>\n<p><strong>Suma, aparent mare de care avem nevoie, 10.000 dolari, e determinat\u00e3 de faptul ca si in Spania, intre timp, s\u2019au scumpit enorm at\u00e2t materialul de constructie c\u00e2t si m\u00e2na de lucru. Dac\u00e3 cumva va prisosi ceva, o voiu folosi pentru editarea in spaniol\u00e3 a c\u00e3rtii lui Nicolae Totu, Insermn\u00e3ri de pe Front.<\/strong><\/p>\n<p><strong>Tin\u00e2nd seama de importanta. acestui realiz\u00e3ri pentru destinele Legiunii, pe plan istoric si spiritual, tin\u00e2nd apoi seama de timpul scurt ce ne st\u00e3 le dispozitie, cer tuturor camarazilor un efort maxim in ce priveste jertfa fiec\u00e3ruia c\u00e2t si in actiunea de colectare de fonduri din cercul de prieteni si cunoscuti. Greut\u00e3tile materiale vor fi larg compensate de onoarea si bucuria de a fi pus o c\u00e3r\u00e3mid\u00e3 la zidirea acestui monument.<\/strong><\/p>\n<p><strong>La sf\u00e2rsitul lucr\u00e3rii, Inginerul Tuliu Basiu, casierul central si presedintele Comitetului de Constructie, va face o dare de seam\u00e3 asupra situatiei fondului si felul cum a fost \u00eentrebuintat, pentru cunostinta tuturor. Anul 1970 s\u00e3 v\u00e3 aduc\u00e3 s\u00e3n\u00e3tate si s\u00e3 dea Dumnezeu s\u00e3 ne \u00eent\u00e2lnim cu totii la Majadahonda pentru a saluta desvelirea monumentului.<\/strong><\/p>\n<p><strong>Cu fr\u00e3teasc\u00e3 dragoste,<\/strong><\/p>\n<p><strong>Tr\u00e3iasc\u00e3 Legiunea si C\u00e3pitanul !\u00a0<\/strong><\/p>\n<p><strong>Horia Sima\u00a0<\/strong><\/p>\n<p><strong>Comandantul Misc\u00e3rii Legionare<\/strong><\/p>\n<p>\u00a0<\/p>\n<p><strong>2) Casieria Central\u00e3<\/strong><\/p>\n<p>\u00a0<\/p>\n<p><strong>Sistemul de str\u00e2ngere al fondurilor s\u2019a imaginat pe baza emiterii unor c\u00e3r\u00e3mizi de valoare diferit\u00e3, destinate a servi in acelasi timp si ca chitante pentru banii primiti dela donatori.<\/strong><\/p>\n<p><strong>C\u00e3r\u00e3mizile au fost desemnate, dup\u00e3 indicatiile Comandantului Miscarii, de c\u00e3tre camaradul Nicu Iancu, inc\u00e3 din vara anului 1969. Dup\u00e3 o serie de corecturi si adapt\u00e3ri, proiectul a fost adoptat definitiv si dat la tipar, in asa fel inc\u00e2t \u00eenainte de a fi publicat manifestul Comandantului, in Decembrie 1969, c\u00e3r\u00e3mizile erau imprimate si gata de a fi distribuite. Cheltuielile pentru confectionarea si expedierea carnetelor de c\u00e3r\u00e3mizi au fost suportate, ca o prim\u00e3 contributie la Monument, de c\u00e3tre garnizoana Sao Paulo.<\/strong><\/p>\n<p><strong>S\u2019au emis urm\u00e3toarele valori : de 5, 10, 20, 50 si 100 dolari U.S., cari s\u2019au prins apoi in carnete, dup\u00e3 valoarea lor. C\u00e3r\u00e3mizile erau semnate de Seful Legiunii, dar pentru a fi valabile, mai trebuia s\u00e3 poarte si semn\u00e3tura persoanei ins\u00e3rcina.te dela Centru de a str\u00e2nge contributiile si care functiona in calitate de casier. Pentru fiecare centru rom\u00e2nesc din exil s\u2019a designat un casier local, care avea misiunea s\u00e3 primeasc\u00e3 carnetele Mota-Marin, s\u00e3 le desfac\u00e3 in raza lui de actiune, emit\u00e2nd, sub semn\u00e3tur\u00e3 proprie, bonurile-c\u00e3r\u00e3mizi la persoanele cari au contribuit. Pe m\u00e3sura ce se adunau sume mai importante, casierul local avea grij\u00e3 s\u00e3 le trimit\u00e3 la Centru, tin\u00e2nd permanent evidenta bonurilor distribuite si a celor r\u00e3mase, in vederea socotelii finale.<\/strong><\/p>\n<p><strong>S\u2019a fixat ca termen maxim de \u00eenchidere a subscrierilor data de 15 Iunie 1970, pentru a se putea face fat\u00e3 primelor cheltuieli. Intr\u2019adev\u00e3r, cum sfintirea Monumentului a fost fixat\u00e3 pentru 13 Septembrie, lucr\u00e3rile preliminare trebuia s\u00e3 \u00eenceap\u00e3 foarte de timpuriu. Chiar inainte de 15 Iunie, au \u00eenceput s\u00e3 soseasc\u00e3 primele contributii din mai toate centrele rom\u00e2nesti, inc\u00e2t casieria central\u00e3 a dispus de sumele necesare pentru a contracta lucr\u00e3rile initiale.<\/strong><\/p>\n<p><strong>Casieria Central\u00e3 a fost incredintat\u00e3, prin apelul adresat de Comandant tuturor Rom\u00e2nilor din exil, inginerului Tuliu Basiu din Madrid, \u00eens\u00e3rcinat in acelasi timp si cu administratia general\u00e3 a fondului de constructie.<\/strong><\/p>\n<p><strong>Casierii locali trimiteau sumele adunate camaradului Tuliu Basiu. Tot inginerului Basiu trebuia s\u00e3 i se trimit\u00e3 si socotelile finale, dup\u00e3 implinirea misiunii lor.<\/strong><\/p>\n<p>\u00a0<\/p>\n<p><strong>3) Comitetul de Constructie<\/strong><\/p>\n<p>\u00a0<\/p>\n<p><strong>Paralel cu organizarea sistemului financiar, s\u2019a dispus constituirea Comitetului de Constructie al Monumentului. El a fost conceput a fi format din toate acele persoane cari vor aduce un aport de important\u00e3 la constructia Monumentului, fie prin munca direct\u00e3 fie prin str\u00e2ngerea de fonduri fie prin alte prestatii.<\/strong><\/p>\n<p><strong>Acum, trebuie s\u00e3 deosebim intre Comitetul de Constructie in sens restr\u00e2ns, format din acele persoane cari s\u2019au ingrijit pe teren de ridicarea Monumentului, dirij\u00e2nd lucr\u00e3rile si Comitetul in sens larg, care a inglobat, cum se arat\u00e3 mai sus, totalitatea persoanelor cari au f\u00e3cut eforturi remarcabile de alt\u00e3 natur\u00e3.<\/strong><\/p>\n<p><strong>Comitetul de Constructie, in sens de constructori ai Monumentului, a fost format numai din urm\u00e3torii legionari:<\/strong><\/p>\n<p><strong>Inginer Tuliu Basiu, ca presedinte, Petru Sorici si Ovidiu T\u00e2rlea, ca auxiliari.<\/strong><\/p>\n<p><strong>In mod special s\u2019a urm\u00e3rit ca functiunea de administrator al fondului si aceea de presedinte al Comitetului de Constructie s\u00e3 fie exercitat\u00e3 de una si aceeasi persoan\u00e3, pentru a nu se pierde timp si a nu se crea complicatii inutile. Pentru a \u00eenainta lucr\u00e3rile in ritmul prev\u00e3zut, era absolut necesar ca persoana care trata cu diversii antreprenori s\u00e3 dispun\u00e3 imediat si de fondurile adunate, pentru a pune in miscare repede \u00eentregul angrenaj al lucr\u00e3rii.<\/strong><\/p>\n<p><strong>Din aceast\u00e3 epoc\u00e3, Martie 1970, c\u00e2nd s\u2019au pus bazele Comitetului de Constructie, dateaz\u00e3 Comunicatul Nr. 1, depe c\u00e2mpul de b\u00e3t\u00e3lie al Monumentului:<\/strong><\/p>\n<p>\u00a0<\/p>\n<p><strong>B\u00e3t\u00e3lia pentru \u00een\u00e3ltarea Monumentului Mota-Marin<\/strong><\/p>\n<p><strong>Comunicat Nr. 1<\/strong><\/p>\n<p>\u00a0<\/p>\n<p><strong>\u00abAbia \u00eenceput\u00e3, b\u00e3t\u00e3lia pentru ridicarea Monumentului se desf\u00e3soar\u00e3 cu mare entuziasm in toate centrele rom\u00e2nesti.<\/strong><\/p>\n<p><strong>Avem bucuria s\u00e3 constat\u00e3m, c\u00e3, in afar\u00e3 de legionari, multi alti Rom\u00e2ni, \u00eentre cari si noi veniti, s\u2019au inscris cu obolul lor.<\/strong><\/p>\n<p><strong>Dar e lung drumul p\u00e2n\u00e3 la adunarea celor 10.000 dolari. S\u00e3riti cu totii in ajutor, pentru a umplea aceast\u00e3 sum\u00e3. Timpul e scurt si ziua inaugur\u00e3rii se apropie.\u00a0<\/strong><\/p>\n<p><strong>S\u2019au \u00eencorporat p\u00e2n\u00e3 acuma Comitetului de Constructie prin realiz\u00e3ri exceptionale, sub presidentia inginerului Basiu, urm\u00e3torii camarazi: inginer Petru Sorici si Ovidiu T\u00e2rlea, coproprietari ai terenului de constructie. Apoi:<\/strong><\/p>\n<p><strong>\u00a0Nicu Iancu<\/strong><\/p>\n<p><strong>Traian Golea\u00a0<\/strong><\/p>\n<p><strong>Sandu Marin<\/strong><\/p>\n<p><strong>Dumitru Leonties\u00a0<\/strong><\/p>\n<p><strong>Ion M\u00e3rii<\/strong><\/p>\n<p><strong>Vasile Mailat.<\/strong><\/p>\n<p><strong>Notez c\u00e3 nu eu formez Comitetul de Constructie, ci iau numai act de exceptionalele contributii ale unor camarazi si \u00eei trec in acest Comitet. Astept ca alte nume s\u00e3 se adauge acelor de mai sus, formele de contributie put\u00e2nd fi de cea mai variata spet\u00e3.<\/strong><\/p>\n<p><strong>Comitetul de patronaj va fi prezitat in comun de Generalul Villalba, presedintele Asociatiei \u00abAmigos de Majadahonda\u00bb si de Dl Mihail R. Sturdza, care va re prezenta Miscarea si va fi oratorul nostru principal la actui sfintirii. Vor mai fi si alti oratori cari vor fi desemnati mai t\u00e2rziu.<\/strong><\/p>\n<p><strong>Amintesc cu acest prilej c\u00e3 primul g\u00e2nd al ridic\u00e3rii unui monument la Majadahonda a fost al Dlui Luis Beneyto, care a si \u00eenceput str\u00e2ngerea primului fond. O importanta sum\u00e3 de bani a fost pus\u00e3 de Dl Beneyto la dispozitia Comitetului de Constructie, fiind predat\u00e3 inginerului Tuliu Basiu.<\/strong><\/p>\n<p><strong>Dragi camarazi, e vorba de un sacrificiu deosebit, care apoi se va rev\u00e3rsa \u00eensutit si \u00eenmiit asupra fiec\u00e3ruia, prin Binecuv\u00e2ntarea lui Dumnezeu.<\/strong><\/p>\n<p><strong>Cu o fr\u00e3teasc\u00e3 \u00eembr\u00e3tisare,<\/strong><\/p>\n<p><strong>Tr\u00e3iasc\u00e3 Legiunea si C\u00e3pitanul !\u00a0<\/strong><\/p>\n<p><strong>Horia Sima\u00a0<\/strong><\/p>\n<p><strong>Comandantul Misc\u00e3rii Legionare<\/strong><\/p>\n<p>\u00a0<\/p>\n<p><strong>4) Difuzarea proectului de Monument<\/strong><\/p>\n<p>\u00a0<\/p>\n<p><strong>Pentru a putea intensifica actiunea de str\u00e2ngere a fondurilor, camarazi din mai multe t\u00e3ri au cerut Centrului s\u00e3 li se trimit\u00e3 fotografii cu proectul de Monument, pentruca. lumea s\u00e3 vad\u00e3 despre ce este vorba.<\/strong><\/p>\n<p><strong>Inginerul Tuliu Basiu a ajuns in posesiunea schitei Monumentului. Dl Sergio Cifuentes, ad\u00e3nc emotionat de hot\u00e3r\u00eerea Misc\u00e3rii de a relansa campania de str\u00e2ngere a fondurilor, cu mult\u00e3 bun\u00e3voint\u00e3 i-a pus la. dispozitie desenul original. Inginerul Basiu a 1\u00e3sat s\u00e3 se fac\u00e3 mai multe fotocopii, pe cari apoi Comandantul le-a expediat la toate garnizoanele, insotite de Comunica.tul Nr. 2, al c\u00e3_rui text urmeaz\u00e3:<\/strong><\/p>\n<p>\u00a0<\/p>\n<p><strong>B\u00e3t\u00e3lia pentru In\u00e3ltarea Monumentului Mota-Marin\u00a0<\/strong><\/p>\n<p><strong>Comunicat Nr. 2<\/strong><\/p>\n<p>\u00a0<\/p>\n<p><strong>1)\u00a0Al\u00e3turat veti g\u00e3si o copie a proiectului de Monument Mota-Marin, care, cu mici modific\u00e3ri, va fi turnat in granit.<\/strong><\/p>\n<p><strong>Proectul este opera marelui nostru prieten, Sergio Cifuentes, Secretarul General al Asociatiei \u00abHispanoRumana Majadahonda\u00bb.<\/strong><\/p>\n<p><strong>Este o lucrare evocatoare si inspirat\u00e3, in care se imbin\u00e3 asprimea vietii ost\u00e3sesti a Castiliei cu conceptia de viat\u00e3 a lui Ion Mota, bazat\u00e3 in energia si hot\u00e3rirea cu care ap\u00e3ra adev\u00e3rurile fundamentale ale Natiunii si Crestin\u00e3t\u00e3tii.<\/strong><\/p>\n<p><strong>2)\u00a0S\u2019a incorporat Comitetului de Constructie camaradul Pavel Onciu.<\/strong><\/p>\n<p><strong>3)\u00a0Adresa Inginerului Tuliu Basiu, unde se vor trimite toate sumele de \u00eemputernicitlor nostri, este urm\u00e3toarea: Don Tuliu Basiu, Cale Virgen del Coro, Nr. 7-7, (Barrio dela Concepcion) Madrid-17.<\/strong><\/p>\n<p><strong>Cu bine si s\u00e3n\u00e3tate,<\/strong><\/p>\n<p><strong>Tr\u00e3iasc\u00e3 Legiunea si C\u00e3pitanul !\u00a0<\/strong><\/p>\n<p><strong>Horia Sima\u00a0<\/strong><\/p>\n<p><strong>Comandantul Miscarii Legionare<\/strong><\/p>\n<p>\u00a0<\/p>\n<p><strong>Efectul provocat de fotografia viitorului Monument a fost extraordinar in toate cercurile rom\u00e2nesti din exil. Nu numai legionarii, ci toti Rom\u00e2nii cari l-au contemplat in imagine au r\u00e3mas \u00eenm\u00e3rmuriti de m\u00e3retia si frumusetea lui. Se credea c\u00e3 va fi un monument funerar, o troit\u00e3 de o anumit\u00e3 m\u00e3rime, c\u00e2nd in realitate era vorba de un Monument care-si merita cu des\u00e3v\u00e2rsire numele si care putea face cinste oric\u00e3rei t\u00e3ri.<\/strong><\/p>\n<p><strong>Din acel moment, pungile s\u2019au deschis mai generos si c\u00e3r\u00e3mizile au putut fi plasate cu mai mare usurint\u00e3. Dar s\u2019a mai petrecut si altceva. In mai multe centre rom\u00e2nesti, schita Monumentului a fost reprodus\u00e3 si difuzat\u00e3. Cit\u00e3m ziarul \u201cAmerica\u201d, din 3 Mai 1970, care, \u00eempreun\u00e3 cu fotografia proectului de Monument, a publicat si urm\u00e3torul apel al Dlui Chiril\u00e3 Ciuntu, ins\u00e3rcinatul principal cu str\u00e2ngerea fondurilor din USA si Canada:<\/strong><\/p>\n<p><strong>\u00abFrate Rom\u00e2n:<\/strong><\/p>\n<p><strong>Rogu-te frumos, priveste aceast\u00e3 fotografie si \u00eencearc\u00e3 s\u00e3 prinzi cu g\u00e2ndul si inima de Rom\u00e2n m\u00e3retia acestui Monument.<\/strong><\/p>\n<p><strong>Este vorba de o inf\u00e3ptuire de o valoare imens\u00e3 pentru urm\u00e3rile ce pot s\u00e3 influenteze evenimentele imediate sau mai \u00eendep\u00e3rtate ale neamului nostru.<\/strong><\/p>\n<p><strong>Este vorba de un monument, care va deveni piatra de hotar \u00eentre noi -Rom\u00e2nii anticomunisti-, si cavalerii \u00eentunericului (comunistii).<\/strong><\/p>\n<p><strong>Este vorba de doi Rom\u00e2ni, cari, acum 32 de ani, au murit cu arma in m\u00e2n\u00e3 pe c\u00e2mpul de b\u00e3taie, lupt\u00e2nd impotriva comunismului. Este vorba de Ion Mota si Vasile Marin, cari au \u00eencercat din toate puterile lor s\u00e3 arate pericolul comunist, dar pe cari prea putini i-au \u00eenteles atunci. Desigur, era prea de vreme.<\/strong><\/p>\n<p><strong>De aceea, Frate Rom\u00e2n, \u00eemi iau permisiunea s\u00e3 n\u00e3d\u00e3jduiesc, c\u00e3 vei r\u00e3spunde din toat\u00e3 inima la aceast\u00e3 chemare, contribuind cu jertfa Dtale b\u00e3neasc\u00e3 la ridicarea acestui m\u00e3ret monument.\u00bb<\/strong><\/p>\n<p><strong>Cu sincere multumiri,\u00a0<\/strong><\/p>\n<p><strong>Chiril\u00e3 Ciuntu.<\/strong><\/p>\n<p>\u00a0<\/p>\n<p><strong>Apelul Dlui Chiril\u00e3 Ciuntu a fost reprodus si de Dl. George Boian in gazeta \u00abPorunca Vremii\u00bb, num\u00e3rul din Mai-Iunie, 1970, impreun\u00e3 cu proectul Monumentului si o splendid\u00e3 vedere dela Majadahonda, \u00eencadrat\u00e3 de chipurile celor doi eroi, Ion Mota si Vasile Marin.<\/strong><\/p>\n<p><strong>Un grup de Rom\u00e2ni inimosi din New York au reprodus si difuzat pe patru pagini volante Chemarea Comandantului, Apelul Dlui Chiril\u00e3 Ciuntu, tipurile de c\u00e3r\u00e3mizi puse in circulatie, av\u00e2nd pe frontispiciu proectul Monumentului Mota-Marin.<\/strong><\/p>\n<p><strong>Gratie acestor initiative, toti Rom\u00e2nii din America si Canada au putut s\u00e3 ia act de lucrarea ce se \u00een\u00e3lta la Majadahonda, contribuind la realizarea ei.<\/strong><\/p>\n<p><strong>In Germania s\u2019a petrecut un fenomen asem\u00e3n\u00e3tor.<\/strong><\/p>\n<p><strong>Asociatia Rom\u00e2nilor din Sudul Germaniei, de sub presidentia Dlui Dr. Gheorghe Tase, a distribuit \u00eentre membrii Asociatiei si in alte cercuri rom\u00e2nesti schita Monumentului, solicit\u00e2ndu-le s\u00e3 contribuie la fondul de constructie. In al doilea r\u00e2nd, Dl. Dr. Dumitru Leonties a lansat un apel c\u00e3tre Germanii originari din Rom\u00e2nia si c\u00e3tre Rom\u00e2nii refugiati, s\u00e3-si ofere obolul pentru in\u00e3ltarea Monumentului. Apelul a fost \u00eensotit de fotografia viitorului Monument. Insf\u00e2rsit, Dl. Vasile Mailat a adresat o chemare in limba german\u00e3, insotit\u00e3 de traducerea apelului Comandantului Legiunii.<\/strong><\/p>\n<p><strong>In urma acestor initiative, apelul pentru \u00een\u00e3ltarea Monumentului a avut un larg r\u00e3sunet in Germania, care s\u2019a verificat apoi si prin importantele sume de bani colectate din aceast\u00e3 tar\u00e3.<\/strong><\/p>\n<p>\u00a0<\/p>\n<p><strong>III. CONSTRUIREA MONUMENTULUI<\/strong><\/p>\n<p>\u00a0<\/p>\n<p><strong>1) Lucr\u00e3rile preliminare<\/strong><\/p>\n<p>\u00a0<\/p>\n<p><strong>Lucr\u00e3rile preliminare pentru construirea Monumentului au \u00eenceput foarte de timpuriu. Inc\u00e3 din luna Martie 1970, inginerul Basiu a intreprins primii pasi pentru solutionarea a o multime de chestiuni cari interesau ridicarea lui.<\/strong><\/p>\n<p><strong>In primul r\u00e2nd, proectul de Monument nu reprezenta dec\u00e2t o schit\u00e3 exterioar\u00e3 a lui, care trebuia pus\u00e3 in form\u00e3, adic\u00e3 transformat\u00e3 de un arhitect autorizat intr\u2019un plan prev\u00e3zut cu toate m\u00e3sur\u00e3torile lui, pentruca, pe bazele acestui plan, s\u00e3 inceap\u00e3 zidarii constructia. Proectul definitivat trebuia apoi s\u00e3 obtin\u00e3 dou\u00e3 aprob\u00e3ri : una a Colegiului Arhitectilor din Madrid si alta a Prim\u00e3riei din Majadahonda.<\/strong><\/p>\n<p><strong>Camaradul Basiu a avut norocul s\u00e3 int\u00e2lneasc\u00e3 chiar in localitate pe arhitectul Luciano Diez-Canedo, considerat oarecum arhitectul satului, pentruc\u00e3 avea la activul lui numeroase lucr\u00e3ri oficiale si particulare executate in Majadahonda. Solicit\u00e2ndu-l s\u00e3 colaboreze la realizarea definitiv\u00e3 a proectului si s\u00e3-l semneze pentru a fi inaintat autorit\u00e3tilor competente pentru aprobare, a binevoit s\u00e3 fac\u00e3 acest serviciu cu cel mai mare entuziasm.<\/strong><\/p>\n<p><strong>Proectul a obtinut aprobarea Colegiului Arhitectilor pe ziua de 8 Iunie 1970, iar aprobarea Prim\u00e3riei s\u2019a dat ceva mai t\u00e2rziu. Era un pas important f\u00e3cut inainte si care permitea trecerea la faza de constructie propriu zis\u00e3.<\/strong><\/p>\n<p><strong>A doua chestiune care trebuia rezolvat\u00e3 \u00eenainte de a se \u00eencepe lucrarea, era asezarea Monumentului. Dup\u00e3 cum stiu toti cei ce au v\u00e3zut locul din spatele Crucii \u00eenainte de ridicarea Monumentului -singurul loc unde se putea face amplasarea lui-, acesta era abrupt. Chiar micul platou din spate a trebuit s\u00e3 fie nivelat. Aveam nevoie de o suprafata plan\u00e3 de 25 m. pe 25 m., si cum in\u00e3ltimea Monumentului era iar\u00e3si de 15 metri, trebuia asezat suficient de departe, pentru a avea perspectiv\u00e3. Groapa care se deschidea in spate trebuia umplut\u00e3 cu c\u00e2teva mii de m3 de p\u00e3m\u00e2nt, adus din alt\u00e3. parte.<\/strong><\/p>\n<p><strong>Inginerul Basiu a rezolvat aceast\u00e3 chestiune tehnic\u00e3, f\u00e3c\u00e2nd toate m\u00e3sur\u00e3torile necesare, iar in problema orient\u00e3rii Monumentului a fost ajutat de Ovidiu T\u00e2rlea.<\/strong><\/p>\n<p><strong>Dar terenul ce-l primiser\u00e3m ca donatie dela Doamna Hermenegilda Labrandero nu era \u00eendestul\u00e3tor pentru a servi la asezarea Monumentului. Se punea problema achizition\u00e3rii unei portiuni de teren de 3-4 ori mai mare. Mai era nevoie de cca. 15 metri in profunzime si in l\u00e3time. Doamna Hermenegilda, donatoarea terenului din imediata apropiere a Crucii, murise. Terenul de care aveam nevoie, in continuarea celui donat, fusese mostenit de nepotii ei, Arturo Sanz Millan, actualul primar, si de v\u00e3rul lui, Heliodoro Sanz Millan.<\/strong><\/p>\n<p><strong>In Aprilie 1970, Comandantul Misc\u00e3rii Legionare, \u00eempreun\u00e3 cu camarazii Costea si T\u00e2rlea, se deplaseaz\u00e3 la Majadahonda si fac o vizit\u00e3 primarului, cu scopul de a rezolva chestiunea terenului suplimentar de care aveam nevoie. Bine inteles c\u00e3 reprezentantii Legiumi, av\u00e2nd in vedere donatia precedent\u00e3, nu au vroit s\u00e3 reclame o nou\u00e3 donatie, ci au solicitat pe Dl. Arturo Sanz Millan s\u00e3 le v\u00e2nd\u00e3 parcela necesar\u00e3, oferindu-i a o pl\u00e3ti, la pretul in curs. Dl. Arturo Sanz Millan nici nu a vroit s\u00e3 aud\u00e3 de asa ceva, ci a declarat c\u00e3 se consider\u00e3 legat de donatia precedent\u00e3 si ne pune la dispozitie, tot cu caracter de donatie, terenul de care mai aveam nevoie pentru zidirea Monumentului. Aceast\u00e3 ofert\u00e3 neasteptat\u00e3 nu numai c\u00e3 ne-a surprins prin generositatea ei, dar a \u00eensemnat in acelasi timp o important\u00e3 economie in resursele de cari dispuneam pentru construirea Monumentului. Intre timp, pretul p\u00e3m\u00e2ntului crescuse mult la Majadahonda, din cauza numeroaselor constructii, prin faptul c\u00e3 localitatea devenise un centru de descongestionare al Copitalei, \u00eenc\u00e2t donatia suplimentar\u00e3 reprezenta o usurare considerabil\u00e3. Indata primarul, impreun\u00e3 cu persoanele susnumite, au plecat la fata locului si au facut m\u00e3sur\u00e3torile necesare. A fost un moment de mare bucurie.<\/strong><\/p>\n<p><strong>La inceputul lui Iunie 1970, toate aceste chestiuni preliminare erau rezolvate: dispuneam de terenul necesar, planul era definitivat si aprobat, iar asezarea Monumentului fusese f\u00e3cut\u00e3 dup\u00e3 criteriile cele mai rezonabile, tin\u00e2nd seama de coracteristicile locului.<\/strong><\/p>\n<p>\u00a0<\/p>\n<p><strong>2) Contractarea constructiei<\/strong><\/p>\n<p>\u00a0<\/p>\n<p><strong>Inca din luna Aprilie, Inginerul Basiu, \u00eensotit uneori de alti camarazi (Costea, T\u00e2rlea), a colindat carierele de granit din \u00eemprejurimi p\u00e2n\u00e3 la Escorial, pentru a descoperi o piatr\u00e3 frumoas\u00e3 si pentru a se interesa de pret. La inceput ne-am g\u00e2ndit\u00a0 s\u00e3 realiz\u00e3m Monumentul din blocuri masive de granit, dar \u00eencur\u00e2nd am renuntat la aceast\u00e3 idee, deoarece ar fi costat dublu dec\u00e2t bugetul prev\u00e3zut si nu s\u2019ar fi inf\u00e3ptuit dec\u00e2t in doi ani. Ne-am oprit la solutia pl\u00e3cilor de granit, aplicate pe un schelet de beton. Dealtminteri e un procedeu curent. Insusi Arcul de Triumf din Madrid e construit in acelasi fel. Dup\u00e3 lungi si obositoare drumuri, inginerul Basiu s\u2019a fixat asupra granitului de Becerril, o comun\u00e3 din muntii Guadarrama. In genere, celelalte granituri aveau multe pete, in timp ce granitul de Becerril, mult mai putine. Granit de cea mai bun\u00e3 calitate din punct de vedere al purit\u00e3tii nu se g\u00e3sea dec\u00e2t la Segovia. Nu numai c\u00e3 era foarte stump, dar si transportul ar fi fost enorm. Dar, cum spuneau cunoscatorii, dac\u00e3 pl\u00e3cile sunt bine potrivite, usoarele dungi din granitul de Becerril nici nu se observ\u00e3.<\/strong><\/p>\n<p><strong>Zidirea Monumentului se desf\u00e3cea de fapt in dou\u00e3 lucr\u00e3ri diferite<\/strong><\/p>\n<p><strong>-Constructia propriu zis\u00e3 a Monumentului c\u00e3dea pe seama pietrarilor. Acestia trebuiau s\u00e3 prelucreze granitul, transform\u00e2ndu-l in pl\u00e3ci si apoi s\u00e3 le fixeze pe scheletul de beton. Tot pietrarii vor construi si treptele Monumentului.<\/strong><\/p>\n<p><strong>-Miscarea de p\u00e3m\u00e2nt, umplerea depresiunii, nivelarea terenului si construirea fundamentului si a scheletului, c\u00e3deau in seama zidarilor.<\/strong><\/p>\n<p><strong>Printr\u2019o fericit\u00e3 coincidenta, s\u2019au g\u00e3sit antreprenori pentru aceste lucr\u00e3ri chiar in Majadahonda. Constructia Monumentului a fost \u00eencredintat\u00e2 antreprenorului de carier\u00e3. de piatr\u00e3, Manuel Vidal, iar lucr\u00e3rile de teren si zidarie (miezul de beton si leg\u00e3turile de fier), unor echipe de zidari, tot din Majadahonda, av\u00e2nd ca sefi pe Berlana, Martin si Alfonso Montero.<\/strong><\/p>\n<p><strong>In prima s\u00e3pt\u00e3m\u00e2n\u00e3 din luna Iunie 1970, Inginerul Basiu si Ovidiu T\u00e2rlea au semnat contractele cu acesti antreprenori. Pietrarul Vidal, chiar in cursul s\u00e3pt\u00e3m\u00e2nii urm\u00e3toare, 8-15 Iunie, a inceput cioplirea pietrii la Becerril, iar zidarii au adus uneltele necesare si au \u00eenceput miscarea p\u00e3m\u00e2ntului intre 15-22 Iunie.<\/strong><\/p>\n<p><strong>Trebue ad\u00e3ugat c\u00e3 apa necesar\u00e3 pentru facerea cimentului si a betonului armat a fost pus\u00e3 la dispozitie de intreprinderea \u00abEntel\u00bb, proprietara cl\u00e3dirii din vecin\u00e3tatea Crucii. Ovidiu T\u00e2rlea a f\u00e3cut o cerere Directorului Societ\u00e3tii de Comunicatii \u00abEntel\u00bb si acesta a dat aprobarea in cateva ore ca s\u00e3 se utilizeze apa necesar\u00e3 din depozitul \u00eentreprinderii si intreaga cladire sa poat\u00e3 fi folosit\u00e3 pentru depozitarea materialului.<\/strong><\/p>\n<p>\u00a0<\/p>\n<p><strong>3) O data memorabil\u00e3<\/strong><\/p>\n<p>\u00a0<\/p>\n<p><strong>Insf\u00e2rsit, a venit un moment de multumire, dup\u00e3 at\u00e2tea alerg\u00e3turi, oboseli, nelinisti si indoieli. La 1 Iulie 1970 s\u2019a dat semnalul pentru \u00eenceperea constructiei propriu zise. Placile de granit se lucrau de zor la Becerril si o parte din ele au fost deja aduse la Majadahonda, iar zidarii erau pe teren.<\/strong><\/p>\n<p><strong>Parohul din sat, Pablo Alobera del Rio, a binecuv\u00e2ntat \u00eenceputul lucr\u00e3rilor, in prezenta camarazilor Gheorghe Costea si Ovidiu T\u00e2rlea. Inginerul Basiu, fiind la serviciu, nu a putut participa la solemnitate.<\/strong><\/p>\n<p><strong>Cu acest prilej, Comandantul Misc\u00e3rii a dat al treilea Comunicat depe c\u00e2mpul de b\u00e3t\u00e3lie al realiz\u00e3rii Monumentului, pentru a \u00eencunostiinta pe legionari de stadiul lucr\u00e3rilor.<\/strong><\/p>\n<p>\u00a0<\/p>\n<p><strong>B\u00e3t\u00e3lia pentru \u00een\u00e3ltarea Monumentului Mota-Marin<\/strong><\/p>\n<p><strong>Comunicat Nr. 3<\/strong><\/p>\n<p>\u00a0<\/p>\n<p><strong>\u00abCu ajutorul lui Dumnezeu, in ziua de 1 Iulie 1970, au \u00eenceput la Majadahonda, lucr\u00e3rile pentru ridicarea Monumentului.<\/strong><\/p>\n<p><strong>\u00abSlujba de binecuv\u00e2ntare a lucr\u00e3rilor a fost oficiat de parohul local,\u00a0R. P. Don Pablo Alobero del Rio, in prezenta camarazilor Gheorghe Costea si Ovidiu T\u00e2rlea, si a echipei de lucr\u00e3tori. Imediat a intrat in functiune excavatoarea pentru s\u00e3parea terenului, unde se va turna fundamentul. Pl\u00e3cile de granit cari vor \u00eenv\u00e3lui Monumentul sunt in lucru mai de mult.<\/strong><\/p>\n<ol>\n<li><strong>l)Cele dou\u00e3 luni cari s\u2019au scurs dela ultimul comunicat (Nr. 2, 29 Martie 1970), au fost deosebit de inc\u00e3rcate si laborioase. Proectul de monument, asa cum l-ati v\u00e3zut, nu reprezenta dec\u00e2t o schit\u00e3. El a trebuit s\u00e3 fie dat unui arhitect, pentru a-l pune in form\u00e3, in vederea executiei. S\u2019au \u00eendeplinit apoi toate formalit\u00e3tile necesare at\u00e2t la Colegiel Arhitectilor c\u00e2t si la autorit\u00e3tile administrative. S\u2019au contractat, \u00eensf\u00e2rsit, dou\u00e3 \u00eentreprinderi din Majadahonda pentru executarea lucr\u00e3rilor, una care ciopleste granitul si alta care realizeaz\u00e3 partea intern\u00e3 a Monementului. Gratie apoi unei donatii a aceleiasi familii, s\u2019a m\u00e3rit lotul initial, care era numai de 200 m2 cu \u00eenc\u00e3 700 m2, \u00eenc\u00e2t at\u00e2t Monumentul c\u00e2t si platforma lui se vor cl\u00e3di pe terenul nostru.<\/strong><\/li>\n<\/ol>\n<p><strong>In toat\u00e3 aceast\u00e3 perioad\u00e3 dificila si incert\u00e3 ne-am bucurat de sprijinul cald al familiilor fruntase din Majadahonda, al preotelui si al autorit\u00e3tilor locale.<\/strong><\/p>\n<p><strong>2)\u00a0C\u00e2t priveste pretul lucr\u00e3rilor, el va dep\u00e3si prevederile initiale. Numai pl\u00e3cile de granit cost\u00e3 450.000 de pesete. Dup\u00e3 socotelile provizorii ale camaradului Basiu, cheltuielile se vor ridica la 900.000 de pesete, adic\u00e3 cu 3.000 dolari mai mult dec\u00e2t suma fixata in apel.<\/strong><\/p>\n<p><strong>Suma adunat\u00e3 p\u00e2n\u00e3 acum se apropie de o jumatate de milion. Av\u00e2nd in vedere necesitatea unui efort suplimentar, prelungesc p\u00e2n\u00e3 la 15 August 1970 actiunea de colectare a fondurilor. Orice sum\u00e3 mai important\u00e3 trebue expediat\u00e3 imediat la Centre.<\/strong><\/p>\n<p><strong>3)\u00a0S\u2019au incorporal Comitetului de Constructie:<\/strong><\/p>\n<p><strong>Traian Borobaru<\/strong><\/p>\n<p><strong>Faust Br\u00e3descu\u00a0<\/strong><\/p>\n<p><strong>Radu Ghenea\u00a0<\/strong><\/p>\n<p><strong>Elena Popescu\u00a0<\/strong><\/p>\n<p><strong>Alexandru Suga\u00a0<\/strong><\/p>\n<p><strong>Lucia Trandafir<\/strong><\/p>\n<p><strong>4)\u00a0Dup\u00e3 p\u00e3rerea sefului Comitetului de Constructie, inginerul Basiu, nu avem niciun motiv s\u00e3 credem ca ar putea interveni vreo am\u00e2nare a actului sfintirii.<\/strong><\/p>\n<p><strong>In orice caz, cu o lun\u00e3 de zile \u00eenainte, veti primi con((5) datei.<\/strong><\/p>\n<p><strong>5)\u00a0Imnul rezistentei legionare, de Faust Br\u00e3descu, a fost pus pe note chiar de autor. Camaradul Br\u00e3descu va trimite imnul, cu melodia \u00eensotitoare, tuturor garnizoanelor, pentru a fi \u00eenv\u00e3tat. Se va c\u00e2nta la desvelirea Monumentului.<\/strong><\/p>\n<p><strong>Inc\u00e3 un efort, camarazi, si suntem sus pe creste. Monumentul va deveni realitate.<\/strong><\/p>\n<p><strong>Cu toat\u00e3 dragostea,<\/strong><\/p>\n<p><strong>Tr\u00e3iasc\u00e3 Legiunea si C\u00e3pitanul !\u00a0<\/strong><\/p>\n<p><strong>Horia Sima\u00a0<\/strong><\/p>\n<p><strong>Comandantul Misc\u00e3rii Legionare<\/strong><\/p>\n<p><strong>Madrid, 3 Iulie 1970<\/strong><\/p>\n<p>\u00a0<\/p>\n<p><strong>4) Luna Iulie<\/strong><\/p>\n<p>\u00a0<\/p>\n<p><strong>In aceast\u00e3 lun\u00e3, lucrarile au mers aparent destul de \u00eencet. In realitate, s\u2019a lucrat in ad\u00e2ncime, termin\u00e2ndu-se fundamentul, ceeace a durat dou\u00e3 sapt\u00e3m\u00e2ni. La 15 Iulie, baza Monumentului a fost terminat\u00e3 si abia in a doua jum\u00e3tate a aceleiasi luni,\u00a0s\u2019a inceput construirea partii vizibile a lui.<\/strong><\/p>\n<p><strong>Tot in aceast\u00e3 lun\u00e3, inginerul Basiu a comandat crucea la intreprinderea \u00abCointra\u00bb, unde lucreaz\u00e3 el. Crucea e din fier, \u00eembr\u00e3cat\u00e3 cu pl\u00e3ci de alam\u00e3, un aliaj care rezist\u00e3 intemperiilor. Crucea va fi gata in luna August, dar nu va putea fi fixat\u00e3 decat 7 zile dupa terminarea Monumentului, c\u00e2nd cimentul s\u2019a \u00eenchegat bine.<\/strong><\/p>\n<p><strong>In a doua jum\u00e3tate a lunii Iulie, Comandantul Legiunii a inspectat lucr\u00e3rile, r\u00e3m\u00e2n\u00e2nd multumit de progresele lor. Se \u00eencepuse punerea placilor, ridic\u00e2ndu-se constrnstructia la 2-2,50 m. Partea central\u00e3, in apropiere de baz\u00e3, a dat multa b\u00e3taie de cap si asa se explic\u00e3 incetineala aparent\u00e3 cu care se lucra. Dar odat\u00e3 terminat\u00e3 faza aceasta, ne asigurau antreprenorii, progrele vor fi mult mai mari, iar Monumentul va fi terminat, conform contractului, p\u00e2n\u00e3 la 25 August. C\u00e2t riveste treptele, fixarea lor va merge foarte repede, inc\u00e2t nu vor produce nicio int\u00e2rziere.<\/strong><\/p>\n<p>\u00a0<\/p>\n<p><strong>5) Monumentul se \u00eenalt\u00e3 \u00een z\u00e3ri<\/strong><\/p>\n<p>\u00a0<\/p>\n<p><strong>Pe c\u00e2t de incet p\u00e3reau c\u00e3 merg lucr\u00e3rile in luna Iulie, pe at\u00e2t de repede au inaintat in luna August. De fapt, luna Iulie a fost tot at\u00e2t de laborioas\u00e3, dar cum constructorii lucrau atunci la fundament si la baza Monumentului, nou\u00e3 ni se parea c\u00e3 nu se fac progrese, penntruca nu vedeam coloanele in\u00e3lt\u00e2ndu-se.<\/strong><\/p>\n<p><strong>La \u00eenceputul lunii August, camaradul Tuliu Basiu pleac\u00e3 in concediu, pentru a-si reface s\u00e3n\u00e3tatea, dupa un efort epuizant de peste patru luni. In locul lui ramane s\u00e3 supravegheze lucr\u00e3rile Ovidiu T\u00e2rlea. Cum problemele principale erau rezolvate, nu mai r\u00e2m\u00e2neau acum decat s\u00e3 se intensifice ritmul lucr\u00e3rilor, pentruca\u00a0Monumentul s\u00e3 fie gata pentru sfintire, in 13 Septembrie 1970, asa cum anuntase Comandantul.<\/strong><\/p>\n<p><strong>Toti legionarii din \u00eentreaga lume stateau cu inima str\u00e2ns\u00e3 de emotie, tem\u00e2ndu-se fie de o am\u00e2nare fie chiar de o intrerupere. Chiar si Comandantul Misc\u00e3rii, in\u00a0Comunicatul Nr. 3, lasase o portit\u00e3 \u00eentredeschis\u00e3 si posibilit\u00e3tii ca data sfintirii s\u00e3 se am\u00e2ne.<\/strong><\/p>\n<p><strong>Se puteau ivi dou\u00e3 contra-timpuri : fie c\u00e3, constructorii nu ar fi putut razbi cu lucrarea, asa cum \u00eesi luaser\u00e3 angajamentul; fie ca nu ar fi ajuns banii adunati p\u00e2n\u00e3 atunci.\u00a0<\/strong><\/p>\n<p><strong>Intr\u2019adev\u00e3r situatia fondului era destul de critic\u00e3 la inceputul lunii August. La plecarea lui in concediu, inginerul Basiu a f\u00e3cut calculul provizoriu al \u00eencas\u00e3rilor si al cheltuielilor contractate. Cei 10.000 dolari prev\u00e3zuti fuseser\u00e3 dep\u00e3siti, dispun\u00e2nd de 750.000 pesete, dar fuseser\u00e3 dep\u00e3site si cheltuielile, in jurul sumei de un milion. Deci, ne lipseau 250.000 pesete, pentru a acoperi cheltuielile angajate p\u00e2n\u00e3 la acea dat\u00e3.<\/strong><\/p>\n<p><strong>Din fericire, chiar dela sf\u00e2rsitul lui Iulie lucr\u00e3rile au luat un av\u00e2nt considerabil, ceeace demonstra ca Monumentul putea fi terminat p\u00e2n\u00e3 la 13 Septembrie 1970.<\/strong><\/p>\n<p><strong>Bazat pe aceast\u00e3 certitudine, Comandantul Misc\u00e3rii Legionare, la data de 1 August 1970, a lansat un apel c\u00e3tre Rom\u00e2nii pribegi, cer\u00e2nd o contributie suplimentara de 3.000 dolari. El asigura pe toti Rom\u00e2nii din exil ca Monumentul se va sfinti la data prev\u00e3zut\u00e3. In continuare, textul acestui nou apel:<\/strong><\/p>\n<p>\u00a0<\/p>\n<p><strong>MONUMENTUL MOTA-MARIN<\/strong><\/p>\n<p>\u00a0<\/p>\n<p><strong>\u00abFrati Rom\u00e2ni,<\/strong><\/p>\n<p><strong>Sfintirea Monumentului Mota-Marin se va s\u00e3v\u00e2rsi, cu ajutorul lui Dumnezeu, la data prevazut\u00e3, Dumineca, 13 Septembrie 1970, la Majadahonda.<\/strong><\/p>\n<p><strong>Gratie elanului cu care au r\u00e3spuns la apelul nostru Rom\u00e2nii pribegi, risipiti in toate t\u00e3rile si continentele, lucr\u00e3rile inainteaz\u00e3 repede. Suma prev\u00e3zut\u00e3 de 10.000 de dolari e pe punctul s\u00e3 fie acoperit\u00e3, dar mai avem nevoie de \u00eenc\u00e3 3.000 de dolari, cari reprezint\u00e3 diferente de cost si lucr\u00e3ri complimentare.<\/strong><\/p>\n<p><strong>Adres\u00e3m un cald apel tuturor Rom\u00e3nilor din exil, pentru a ne ajuta s\u00e3 acoperim si aceast\u00e3 sum\u00e3 destinat\u00e3 in mare parte lucr\u00e3rilor de amenajare ale terenului, care se g\u00e3seste pe o \u00een\u00e3ltime abrupt\u00e3, pe locul unde odinioar\u00e3 serpuiau transeele.<\/strong><\/p>\n<p><strong>Cu bucurie semnal\u00e3m c\u00e3 la subscrierea fondului de constructie au aderat nu numai legionarii, ci si masele largi ale exilului. Deasemenea si-au dat contributia for si frati separati, neascult\u00e2nd \u00eendemnuri r\u00e3uvoitoare. E un gest care onoreaz\u00e3 exilul si-l ridic\u00e3 in ochii tarii si ai posterit\u00e3tii.<\/strong><\/p>\n<p><strong>Raspunz\u00e2nd acestei atitudini nobile, care stie s\u00e3 disting\u00e3 intre fr\u00e3m\u00e2nt\u00e3rile unui exil prelungit si masele scop al m\u00e2ntuirii neamului, invit\u00e3m cu toat\u00e3, dragostea pe toti Rom\u00e2nii pribegi s\u00e3 participe la actul sfintirii si s\u00e3-si aduc\u00e3 omagiul lor eroilor c\u00e3zuti la Majadahonda. Cei cari nu pot s\u00e3 participe, isi pot exprima sentimentele lor de adeziune, prin mesagii trimise inainte de data sfintirii.<\/strong><\/p>\n<p><strong>Ion Mota si Vasile Marin sunt precursorii unei lupte in care e angajat \u00eentreg poporul rom\u00e2nesc de peste treizeci de ani. Pe urmele acestor vizionari ai destinului national, au pornit trupele rom\u00e2nesti la asaltul imperiului negru al Antichristului, ajung\u00e2nd p\u00e2n\u00e3 pe crestele muntilor Caucaz. Inspirat\u00e3 de duhul lor, s\u2019a organizat rezistenta noastr\u00e3 contra cutropitorului din r\u00e3s\u00e3rit si iluminat si int\u00e3rit de aceeasi mare jertf\u00e3, poporul rom\u00e2n \u00eesi mentine ast\u00e3zi intact\u00e3 speranta eliber\u00e3rii, d\u00e2nd dovad\u00e3 de o rezistent\u00e3 supraomeneasc\u00e3.<\/strong><\/p>\n<p><strong>Ion Mota si Vasile Marin nu sunt numai o glorie rom\u00e2neasc\u00e3. Existenta si sacrificiul lor au luat dimensiuni universale. Ei au devenit ast\u00e3zi indrum\u00e3torii spirituali ai unei omeniri ce b\u00e2jb\u00e3ie in intuneric, care isi caut\u00e3 salvarea pe alte c\u00e3i dec\u00e2t prin \u00abhot\u00e3r\u00eerea aspr\u00e3 a faptei\u00bb. Ei ne \u00eenvat\u00e3 c\u00e3 nu exist\u00e3 alternativ\u00e3 la amenintarea comunist\u00e3 dec\u00e2t \u00eenfruntarea ei eroica. Ei au scris cu s\u00e2ngele lor adev\u00e3rul c\u00e3 omenirea nu poate evita tragicul destin al robiei si al mortii, dac\u00e3 nu iese \u00een \u00eent\u00e2mpinarea inamicului si nu-l \u00eenvinge.<\/strong><\/p>\n<p><strong>In acest spirit ne d\u00e3m \u00eent\u00e2lnire la Majadahonda.\u00bb<\/strong><\/p>\n<p><strong>HORIA SIMA<\/strong><\/p>\n<p><strong>Madrid, 1 August 1970.<\/strong><\/p>\n<p>\u00a0<\/p>\n<p><strong>6) Noi forte se incorporeaz\u00e3 Comitetului de Constructie<\/strong><\/p>\n<p>\u00a0<\/p>\n<p><strong>In 13 August 1970, Comandantul Misc\u00e3rii Legionare d\u00e3 Comunicatul Nr. 4, prin care anunt\u00e3 incorporarea de noi forte in Comitetul de Constructie :<\/strong><\/p>\n<p>\u00a0<\/p>\n<p><strong>Monumentul \u201cMota-Marin\u201d<\/strong><\/p>\n<p><strong>Comunicat Nr. 4<\/strong><\/p>\n<p>\u00a0<\/p>\n<p><strong>1)\u00a0S\u2019au incorporat Comitetului de Constructie urm\u00e3torii camarazi:<\/strong><\/p>\n<p><strong>Dan Boghiu<\/strong><\/p>\n<p><strong>Victor Car\u00e2p\u00a0<\/strong><\/p>\n<p><strong>Chiril\u00e3 Ciuntu\u00a0<\/strong><\/p>\n<p><strong>Gheorghe Costea<\/strong><\/p>\n<p><strong>Nicolae Teban<\/strong><\/p>\n<p><strong>2)\u00a0Dup\u00e3 sfintirea si terminarea ultimelor lucrari, se va publica o brosur\u00e3 cu istoricul Majadahondei si al realiz\u00e3rii Monumentului. Textul va fi \u00eensotit de fotografii.<\/strong><\/p>\n<p><strong>HORIA SIMA<\/strong><\/p>\n<p><strong>Madrid, 13 August 1970<\/strong><\/p>\n<p>\u00a0<\/p>\n<p><strong>7) Problema platformei<\/strong><\/p>\n<p>\u00a0<\/p>\n<p><strong>Constructia Monumentului, dupa calculele inginerului Basiu, se apropia de un milion de pesete. Aceasta sum\u00e3 putea fi acoperit\u00e3, dupa stirile primite dela camarazii \u00eens\u00e3rcinati cu str\u00e2ngerea fondului. Ultimul apel al Comandantului a dat un nou impuls contributiilor. Dar in niciun caz nu dispuneam de banii pentru facerea platformei. Inginerul Basiu, f\u00e3cand o nota provizorie de situatia fondului, la plecare, arata ca nu exista bani pentru platform\u00e3 si recomanda prudenta.<\/strong><\/p>\n<p><strong>Comandantul Legiunii se afla intr\u2019o teribila dilema:\u00a0a nu face platforma, \u00eensemna a priva Monumentul de un element esential pentru a-l pune in valoare; a angaja si aceast\u00e3 lucrare, \u00eensemna aproape 200.000 pesete cheltuieli in plus, cari nu puteau fi obtinute de nicaieri, toate rezervele fiind epuizate.<\/strong><\/p>\n<p><strong>Aceast\u00e3 fr\u00e3m\u00e2ntare a durat p\u00e2n\u00e3 la mijlocul lunii August, c\u00e2nd Seful Legiunii i-a dat deslegare lui Ovidiu T\u00e2rlea s\u00e3 angajeze si lucrarea pentru platforma. A fost o decizie grea. Cum nu mai existau alte resurse, Dl. Horia Sima s\u2019a hot\u00e3r\u00eet s\u00e3 recurga la \u00eemprumuturi. Aceste inprumuturi s\u2019au contractat in Septembrie 1970, dupa terminarea inaugur\u00e3rii si, cu ajutorul lor, au putut fi\u00a0platiti antreprenorul si bravii lucr\u00e3tori.<\/strong><\/p>\n<p>\u00a0<\/p>\n<p><strong>8) Progrese spectaculare<\/strong><\/p>\n<p>\u00a0<\/p>\n<p><strong>In prima jum\u00e3tate a lunii August, constructia a f\u00e3cut progrese spectaculare. Mai bine de 2\/3 se terminase si, in ajunul Sfintei M\u00e3rii, a \u00eenceput lucrul la arcade (bolti). Mai trebuia un metru si jum\u00e3tate in sus pentruca Monumentul s\u00e3 fie \u00eencheiat.<\/strong><\/p>\n<p><strong>Paralel cu constructia principal\u00e3, s\u2019au realizat lucr\u00e3ri de consolidare a terenului din jurul Monumentului. S\u2019a adus o excavatoare si terenul din spatele Monumentului a fost l\u00e3tit cu \u00eenc\u00e3 5 metri, iar pe l\u00e3turi cu 4 metri. S\u2019a nivelat apoi terenul din fata Crucii. S\u2019a scos Crucea pentru a o fixa in acelasi loc, dar cu o orientare paralel\u00e3 cu fata Monumentului. Cu aceast\u00e3 amenajare general\u00e3, locul a luat o alt\u00e3 inf\u00e3tisare, oferind o frumoas\u00e3 perspectiv\u00e3.<\/strong><\/p>\n<p><strong>In a doua jum\u00e3tate a lunii August, au inceput lucr\u00e3rile preg\u00e3titoare pentru fixarea pl\u00e3cilor viitoarei platforme, care trebuia s\u00e3 inconjoare Monumentul din toate p\u00e3rtile. Dar exista un inconvenient. In partea dreapta, cum priveai Monumentul, se ridica un st\u00e2lp-anten\u00e3 de 15 metri \u00een\u00e3ltime. Acel st\u00e2lp nu numai c\u00e3, constituia un obstacol pentru amenajarea platformei, dar strica esteticei Monumentului. Ovidiu T\u00e2rlea invit\u00e3 pe inginerul Ajo, dela societatea \u00abEntel\u00bb, la Majadahonda, \u00eei arat\u00e3 lucrarea si, la fata locului, \u00eei cere permisiunea s\u00e3 fie \u00eendep\u00e3rtat acel st\u00e2lp, care si asa nu mai servea la nimic. Acesta isi d\u00e3 consimt\u00e3m\u00e2ntul imediat si st\u00e2lpul a fost indep\u00e3rtat cu toate cablurile care il sustineau.<\/strong><\/p>\n<p>\u00a0<\/p>\n<p><strong>9) Aducerea si fixarea Crucii<\/strong><\/p>\n<p>\u00a0<\/p>\n<p><strong>Crucea destinat\u00e3 s\u00e3 fie infipt\u00e3 in v\u00e2rful Monumentului, f\u00e3cut\u00e3 in atelierele \u00abCointra\u00bb, din Alcal\u00e2 de Henares, a fost adus\u00e3 de Ovidiu T\u00e2rlea, cu un camion, la locul de constructie, pe ziua de 19 August.<\/strong><\/p>\n<p><strong>Pentru fixarea ei in centrul coloanei principale, a trebuit s\u00e3 se astepte terminarea Monumentului si perfecta uscare a betonului.<\/strong><\/p>\n<p><strong>Aceast\u00e3 operatie s\u2019a realizat la sf\u00e2rsitul lunii August. Pentru ridicarea Crucii la \u00een\u00e3ltimea p\u00e3rtii superioare a Monumentului (mai bine de 10 metri ), a trebuit s\u00e3 intre in functie o gru\u00e3, dat fiind greutatea ei.<\/strong><\/p>\n<p><strong>Cu o pricepere des\u00e3v\u00e2rsit\u00e3, constructorii au realizat si aceast\u00e3 operatie. Crucea a fost in\u00e3ltat\u00e3 pe parapetul Monumentului, d\u00e2ndu-i maiestate si simboliz\u00e2nd triumful crestin\u00e3t\u00e3tii contra puterilor \u00eentunericului.<\/strong><\/p>\n<p><strong>Dat fiind c\u00e3 fixarea Crucii pe coloana central\u00e3 insemna culminarea realiz\u00e3rii Monumentului, conform traditiei din Spania, s\u2019au ridicat dou\u00e3 drapele, unul spaniol si altul rom\u00e2nesc, pe ambele brate ale Crucii. A fost un moment de profund\u00e3 emotie pentru toti cei ce au asistat la asezarea celor dou\u00e3 drapele, cari f\u00e2lf\u00e3iau in suava b\u00e3taie a, brizei ce venea din Muntii Guadarrama. Lucrul s\u2019a oprit in acea zi memorabil\u00e3 si inginerul Sorici a invitat pe toti lucr\u00e3torii la o mas\u00e3, la care au participat si notabilit\u00e3tile satului, \u00eempreun\u00e3 cu camarazii T\u00e2rlea si Costea.<\/strong><\/p>\n<p>\u00a0<\/p>\n<p><strong>10) Se public\u00e3 opera lui Totu<\/strong><\/p>\n<p>\u00a0<\/p>\n<p><strong>Paralel cu construirea accelerat\u00e3 a Monumentului, s\u2019a dat zor ca s\u00e3 ias\u00e3 de sub tipar si cartea lui Neculai Totu, \u201cInsemn\u00e3ri depe Front\u201d, in traducere spaniol\u00e3.<\/strong><\/p>\n<p><strong>Traducerea acestei c\u00e3rti, f\u00e3cut\u00e3 de Ovidiu T\u00e2rlea, exista de mult\u00e3 vreme in cartoane, dar, din lips\u00e3 de mijloace materiale, n\u2019a putut vedea lumina zilei.<\/strong><\/p>\n<p><strong>Odat\u00e3 cu realizarea Monumentului, s\u2019a pus din nou problema tip\u00e3ririi acestei c\u00e3rti. Intr\u2019adev\u00e3r \u201cInsemn\u00e3rile\u201d lui Totu constituiau complementul firesc al Monumentului. Publicul spaniol trebuia s\u00e3 cunoasc\u00e3 dintr\u2019o voce autorizat\u00e3 epopeea echipei legionare ce-a luptat in Spania. Acest Monument nu putea g\u00e3si un mai bun interpret dec\u00e2t pe Neculai Totu.<\/strong><\/p>\n<p><strong>Desi tip\u00e3rirea acestei lucr\u00e3ri reprezenta o nou\u00e3 greutate financiara, care nu se stia de unde putea fi acoperit\u00e3, Comandantul Misc\u00e3rii Legionare a decis grabnica ei publicare, pentruca s\u00e3 ias\u00e3 de sub teasc \u00eenainte de 13 Septembrie, pentru a fi distribuit\u00e3 participantilor la actul sfintirii.<\/strong><\/p>\n<p><strong>Valoarea acestei carti era cu at\u00e2t mai mare cu c\u00e2t \u00eensusi Generalul Villalba, care a insotit echipa legionar\u00e3 in Spania, a binevoit s\u00e3-i scrie prologul.<\/strong><\/p>\n<p><strong>Cartea a fost terminat\u00e3 \u00eentr\u2019o luna de zile. Pe ziua de 10 August 1970, a iesit dela tipografie si se afla depozitat\u00e3, gata s\u00e3 fie distribuit\u00e3.<\/strong><\/p>\n<p>\u00a0<\/p>\n<p><strong>11) Nu se uit\u00e3 nici invitatiile<\/strong><\/p>\n<p>\u00a0<\/p>\n<p><strong>Grija de Monument, de \u00een\u00e3ltarea lui, febra care a cuprins pe toti, pentru a-l vedea terminat in termenul prev\u00e3zut, n\u2019a \u00eempiedicat s\u00e3 se aib\u00e3 in vedere si preg\u00e3tirile pentru inaugurarea Monumentului. 13 Septembrie se apropia.<\/strong><\/p>\n<p><strong>Primul lucru care trebuia f\u00e3cut era tip\u00e3rirea invitatiilor. Dup\u00e3 o serie de consult\u00e3ri, ne-am oprit la un model simplu, de culoare alb\u00e3 si cu o dung\u00e3 verde in interior. Pe prima pagina era reprodus proectul de Monument, iar in interior se anunta inaugurarea lui pe ziua de 13 Septembrie 1970. Invitatia era f\u00e3cut\u00e3 in comun de \u00abHermandad Hispano-Rumana Majadahonda\u00bb si de Miscarea Legionar\u00e3.<\/strong><\/p>\n<p><strong>Pe ziua de 25 August, Ovidiu T\u00e2rlea a predat modelul de invitatie la tipografie si, dup\u00e3 mai multe probe, au fost executate in num\u00e3r de o mie, la inceputul lunii Septembrie.<\/strong><\/p>\n<p>\u00a0<\/p>\n<p><strong>12) Intrecerea cu timpul<\/strong><\/p>\n<p>\u00a0<\/p>\n<p><strong>13 Septembrie se apropia cu pasi gigantici. Momentul str\u00e3lucea in b\u00e3taia soarelui, dar mai erau multe de f\u00e3cut in jurul lui. Treptele nu erau \u00eenca terminate, nici platforma nici Crucea nu era fixat\u00e3 si nici locul \u00eemprejmuit. Lipseau si literile depe coloana principal\u00e3, cu dedicatia Monumentului. Toate aceste lucr\u00e3ri trebuiau f\u00e3cute in scurtul interval de timp ce mai r\u00e3m\u00e2nea disponibil p\u00e2n\u00e3 la inaugurare, in total 12 zile.<\/strong><\/p>\n<p><strong>Cu toate aceste contra-timpuri nimeni nu se indoia de rezultatul final. Fetele tuturor str\u00e3luceau de bucurie. Ovidiu T\u00e2rlea lucra \u00eentr\u2019un ritm trepidant, de dimineata p\u00e2n\u00e3 seara, al\u00e3turi de muncitori. Lucr\u00e3torii insisi p\u00e3reau cuprinsi de o sf\u00e2nt\u00e3 pasiune. Pe locul jertfei iluminate se miscau niste oameni de o mare credint\u00e3. Unii fixau blocurile de granit ale treptelor; altii turnau betonul, care va servi ca fundament la prinderea pl\u00e3cilor marginale ale terenului ; altii scobeau granitul cu uneltele, pentruca in g\u00e3urile f\u00e3cute s\u00e3 prind\u00e3 literile. Si c\u00e2te alte lucr\u00e3ri mai mici, dar tot at\u00e2t de importante, pentru a da o \u00eenf\u00e3tisare pl\u00e3cut\u00e3 ansamblului.<\/strong><\/p>\n<p><strong>In dup\u00e3 masa zilei de S\u00e2mb\u00e3t\u00e3, 12 Septembrie 1970, s\u2019au prins ultimele litere pe piatra de jos a coloanei centrale, intruchip\u00e2nd cuvintele cari exprimau dorintele testamentare cele mai caracteristice ale lui Mota si Marin. Cu aceasta, constructia era incheiat\u00e3 si ceremonia inaugur\u00e3rii putea incepe a doua zi.<\/strong><\/p>\n<p><strong>Legionarii si-au tinut cuv\u00e2ntul !<\/strong><\/p>\n<p>\u00a0<\/p>\n<ol>\n<li><strong> SFINTIREA SI INAUGURAREA MONUMENTULUI<\/strong><\/li>\n<\/ol>\n<p>\u00a0<\/p>\n<p><strong>1)\u00a06 Septembrie 1970<\/strong><\/p>\n<p><strong>Aceast\u00e3 dat\u00e3 iar\u00e3si trebue \u00eensemnat\u00e3 in calendar, c\u00e3ci reprezint\u00e3 momentul c\u00e2nd au inceput preg\u00e3tirile pentru inaugurare.<\/strong><\/p>\n<p><strong>La Madrid sosesc, r\u00e2nd pe r\u00e2nd, legionari si prieteni ai Misc\u00e3rii, din diverse p\u00e3rti ale lumii. Nu at\u00e2t de multi ca la aniversarea a 40 de ani dela Intemeierea Misc\u00e3rii, deoarece eforturile financiare f\u00e3cute pentru Monument au \u00eempiedicat pe multi s\u00e3 participe.<\/strong><\/p>\n<p><strong>Primul lucru ce s\u2019a f\u00e3cut a fost expedierea invitatiilor,\u00a0cu c\u00e3rtile de vizit\u00e3 ale Generalului Villalba si ale Dlui Horia Sima.<\/strong><\/p>\n<p><strong>Apoi s\u2019au f\u00e3cut vizite la diverse personalit\u00e3ti spaniole, pentru a le invita la solemnitate.<\/strong><\/p>\n<p><strong>In zilele premerg\u00e3toare desvelirii, camarazii sositi \u00eempreun\u00e3 cu cei din Madrid, au f\u00e3cut exercitii de cor. Duc\u00e2ndu-se apoi la Majadahonda, cei alesi s\u00e3 figureze in Garda de Onoare a Monumentului, au f\u00e3cut o repetitie, pentru a-si cunoaste exact locul in momentul ceremoniei.<\/strong><\/p>\n<p><strong>S\u2019a \u00eenchiriat apoi serviciul unei \u00eentreprinderi ca s\u00e3 instaleze o echip\u00e3 de megafoane, deoarece ceremonia desf\u00e3sur\u00e2ndu-se in c\u00e2mp deschis, sunetele s\u2019ar fi pierdut.<\/strong><\/p>\n<p><strong>Dat fiind apoi lungimea ceremoniei -era prev\u00e3zut cel putin dou\u00e3 ore-, tot dela o \u00eentreprindere particular\u00e3 s\u2019au \u00eenchiriat scaune pentru participanti, cari au fost aduse cu o camionet\u00e3 dela Madrid.<\/strong><\/p>\n<p><strong>Pentru impodobirea Monumentului, s\u2019au ridicat trei st\u00e2lpi, deoparte si de alta a lui, p\u00e2n\u00e3 la \u00een\u00e3ltimea boltilor. Pe acesti st\u00e2lpi urma s\u00e3 se ridice, in ziua sfintirii, drapele spaniole si rom\u00e2ne.<\/strong><\/p>\n<p><strong>S\u2019a acoperit apoi partea central\u00e3 a Monumentului, unde era inscriptia, cu o p\u00e2nz\u00e3 alb\u00e3, care, in momentul desvelirii, putea fi tras\u00e3 la o parte cu niste sfori.<\/strong><\/p>\n<p><strong>2)\u00a0Programul serb\u00e3rii<\/strong><\/p>\n<p><strong>Programul serb\u00e3rii a fost intocmit de Dl. Sergio Cifuentes, secretarul general al Asociatiei \u00abHermandad Hispano-Rumana Majadahonda\u00bb. Insotit de Dl. Horia Sima, Dl. Sergio Cifuentes s\u2019a deplasat la Majadahonda, S\u00e2mb\u00e3t\u00e3, 12 Septembrie, si la fata locului a intocmit ordinea de desf\u00e3surare a ceremoniei.<\/strong><\/p>\n<p>\u00a0<\/p>\n<p><strong>PROGRAMUL PENTRU INAUGURAREA MONUMENTULUI MOTA-MARIN<\/strong><\/p>\n<p><strong>13 Septembrie 1970<\/strong><\/p>\n<p>\u00a0<\/p>\n<ol>\n<li><strong> Plasarea deoparte si de alta a Altarului a legionarilor cari vor forma Garda de Onoare.<\/strong><\/li>\n<li><strong> Dl. General Ricardo Villalba Rubio si Primarul din Majadahonda, Dl. Arturo Sanz Mill\u00e3n, vor proceda la desvelirea Monumentului, afl\u00e2ndu-se Dl. Sturdza mai jos in fata Altarului. Ajunsi in fata Monumentului aceste persoane, se va c\u00e2nta Imnul Legiunii Spaniole.<\/strong><\/li>\n<li><strong> Binecuv\u00e2ntarea Monumentului de c\u00e3tre preoti.<\/strong><\/li>\n<li><strong> Cuv\u00e2ntul parohului din Majadahonda, R. P. D. Pablo Alobera del Rio.<\/strong><\/li>\n<li><strong> Cuv\u00e2ntarea Rev. P. D. Amalio Orduna, capelanul Comunit\u00e3tii Rom\u00e2nilor din Spania.<\/strong><\/li>\n<li><strong> Cuv\u00e2ntarea Dlui Arturo Sanz Millan, Primarul din Majadahonda.<\/strong><\/li>\n<li><strong> \u00abImnul eroilor Mota si Marin\u00bb.\u00a0<\/strong><\/li>\n<li><strong> Discursul Dlui Horia Sima.<\/strong><\/li>\n<li><strong> Discursul Dlui Radu Ghenea, fost ministru al Rom\u00e2niei in Spania.<\/strong><\/li>\n<li><strong> Cuv\u00e2ntarea Dlui Traian Popescu, fost atasat comercial al Rom\u00e2niei.<\/strong><\/li>\n<li><strong> Discursul Dlui George Demetrescu, Presedintele Comunit\u00e3tii Rom\u00e2nilor din Spania.<\/strong><\/li>\n<li><strong> Interventia reprezentantilor rom\u00e2ni si str\u00e3ini cari au venit in Spania pentru a asista la inaugurarea Monumentului.<\/strong><\/li>\n<li><strong>a) Dr. Nicolae C\u00e2rja, Presedintele Uniunii Rom\u00e2nilor Deportati in Rusia, cu sediul in New York, Statele Unite.<\/strong><\/li>\n<li><strong>b) Dl. Chiril\u00e3 Ciuntu, Presedintele Comitetului National American, Sectia din Canada..<\/strong><\/li>\n<li><strong>c) Dl. John Simicin, reprezentantul Rom\u00e2nilor Liberi din Statele Unite.<\/strong><\/li>\n<li><strong>d) Dr. Faust Br\u00e3descu, reprezentantul Comunit\u00e3tii Rom\u00e2ne din Brazilia. Va vorba in limba portughez\u00e3.<\/strong><\/li>\n<li><strong>e) Dr. Demetrius Leonties, reprezentantul Legionarilor din Germania si Presedinte al Asociatiei Culturale \u00abGrupul Germano-Rom\u00e2n de Studii\u00bb, cu sediul in Miinchen.<\/strong><\/li>\n<li><strong>f) Dl. Pavel Onciu, reprezentantul cari se afl\u00e3 sub ocupatie str\u00e3in\u00e3.<\/strong><\/li>\n<li><strong>g) Dl. Gheorghe Costea, reprezentantul Vechei G\u00e3rzi a Misc\u00e3rii Legionare.<\/strong><\/li>\n<li><strong>h) Dl. Saverio Castaldo, avocat din Napole.<\/strong><\/li>\n<\/ol>\n<p><strong>13) Discursul Dlui Blas Pinar Lopez.<\/strong><\/p>\n<p><strong>14)Discursul Dlui Mihail R. Sturdza, fost ministru de externe al Rom\u00e2niei.<\/strong><\/p>\n<p><strong>15) Discursul Dlui General Ricardo Villalba Rubio.<\/strong><\/p>\n<p><strong>16) In continuare Dl. General Ricardo Villalba Rubio, acompaniat de Comitetul Directiv al Asociatiei \u00abHermandad Hispano-Rumana Majadahonda\u00bb, va proceda. la depozitarea unui buchet simbolic de cinci trandafiri la Crucea unde, in sf\u00e2nt\u00e3 si eroic\u00e3 ap\u00e3rare a civilizatiei crestine, a Spaniei si a Rom\u00e2niei, au c\u00e3zut legionarii rom\u00e2ni, Mota si Marin. Se roag\u00e3 persoanele cari asist\u00e3 la ceremonie s\u00e3 r\u00e3m\u00e2n\u00e3 in locurile pe cari le ocup\u00e3, deoarece, in continuare, se va c\u00e2nta Imnul Misc\u00e3rii Legionare si \u00abCara al Sol\u00bb.<\/strong><\/p>\n<p><strong>Cum toti camarazii doreau ca actul sfintirii sa se realizeze impecabil, dup\u00e3 masa de S\u00e2mb\u00e3t\u00e3 si noaptea de Duminec\u00e3 au fost cele mai \u00eenc\u00e3rcate, lucr\u00e2ndu-se intens p\u00e2n\u00e3 in zorii zilei.<\/strong><\/p>\n<p><strong>La Monument s\u2019au \u00eendep\u00e3rtat ultimele resturi ale constructiei, s\u2019a m\u00e3turat si udat platforma si s\u2019a cur\u00e3tat drumul care duce p\u00e2n\u00e3 la Cruce.<\/strong><\/p>\n<p><strong>Mai lipsea \u00eens\u00e3 ceva. Florile. Cum nu se puteau depune nici coroane si nici buchete, c\u00e3ci nu se desf\u00e3sura aniversarea mortii lui Mota si Marin, s\u2019a recurs la sistemul unor vaze mari de flori cari s\u2019au asezat sub cele patru bolti principale. P\u00e3rtile de jos ale Monumentului nu mai erau goale, ci din mijlocul lor se ridicau flori\u00a0frumoase. Vazele de flori au fost cumparate din dania camarazilor de peste Ocean.<\/strong><\/p>\n<p><strong>Tot in grab\u00e3, in chiar dupa masa zilei, s\u2019au confectionat si steagurile, cele dou\u00e3 steaguri rom\u00e2nesti destinate s\u00e3 prezideze ceremonia.<\/strong><\/p>\n<p><strong>In locuinta din General Mola 277, a lui Costea, s\u2019a petrecut o noapte alb\u00e3. Ovidiu T\u00e2rlea, Pavel Onciu, Costea si alti camarazi, au lucrat p\u00e2n\u00e3 la 5 diminea pentru a pune la punct ultimele amanunte ale serb\u00e3rii. S\u2019au b\u00e3tut la masin\u00e3 unele discursuri, iar altele au fost traduse in spaniol\u00e3.<\/strong><\/p>\n<p><strong>Nu s\u2019a l\u00e3sat nimic la \u00eent\u00e2mplare at\u00e2t c\u00e2t omeneste a fost posibil. Preg\u00e2tirile erau \u00eencheiate. Acuma, numai Dumnezeu s\u00e3 dea o zi frumoas\u00e3 si ceremonia s\u00e3 se desf\u00e3soare \u00een ordine.<\/strong><\/p>\n<p>\u00a0<\/p>\n<p><strong>4) Desvelirea Monumentului<\/strong><\/p>\n<p>\u00a0<\/p>\n<p><strong>Duminec\u00e3, 13 Septembrie 1970. O zi splendid\u00e3. O de vara t\u00e2rzie. Soarele b\u00e3tea puternic si chiar devenise spre amiaz\u00e3 dogoritor.<\/strong><\/p>\n<p><strong>Indat\u00e3 dup\u00e3 ora zece, si-au f\u00e3cut aparitia primele masini in fata Bisericii din Majadahonda. Un autobus \u00eenchiriat la o \u00eentreprindere din Madrid, a adus pe r\u00e3zleti, persoane cari nu posedau mijloace proprii de locomotiune.<\/strong><\/p>\n<p><strong>Legionarii veniser\u00e3 mai de dimineat\u00e3 si d\u00e3deau m\u00e2n\u00e3 de ajutor la preg\u00e3tiri. Megafoanele erau instalate, scaunele asezate. Steagurile, la fiecare parte a Monumentului, unul rom\u00e2nesc, flancat de dou\u00e3 spaniole, f\u00e2lf\u00e2iau in boarea lina a diminetii. Monumentul se ridica svelt si radios in aierul transparent. Nu numai oamenii dar pare c\u00e3 si natura se preg\u00e3tise de s\u00e3rb\u00e3toare. Coroana Muntilor Guadarrama servea ca fond impun\u00e3tor.<\/strong><\/p>\n<p><strong>In ce decor superb au murit Mota si Marin ! Par\u2019c\u00e3 era peisagiul evocat de ciobanul mioritic.<\/strong><\/p>\n<p><strong>La ora 11, publicul venit s\u00e3 asiste la solemnitate, isi face intrarea in Biseric\u00e3\u2026 Nu era o slujb\u00e3 special\u00e3, ci slujba obisnuit\u00e3 a satului, fiind zi de Duminec\u00e3. Oaspetii se amestec\u00e3 cu localnicii \u00eentr\u2019o biseric\u00e3 arhiplin\u00e3. O multime de lume venise la Majadahonda din satele imprejmuitoare, in vederea s\u00e3rb\u00e3torii satului (hramul bisericii sau ruga depe la noi).<\/strong><\/p>\n<p><strong>La sf\u00e2rsitul slujbei, preotul a rostit c\u00e2teva cuvinte anunt\u00e2nd solemnitatea ce va avea loc la Cruce. Indat\u00e3 dup\u00e3 iesirea din Biseric\u00e3, lumea se \u00eendreapt\u00e3 spre Monument. Circulatia se \u00eengreuiaz\u00e3 din cauza multimii de masini care invadase Majadahonda, cu acest prilej. Cu mare greutate masinile noastre se strecoar\u00e3 prin str\u00e3dutele \u00eenguste p\u00e2n\u00e3 la Monument. C\u00e2nd ajung in fata Monumentului, toti cei ce nu l-au v\u00e3zut, \u00eel privesc cu admiratie mut\u00e3. La o astfel de realizare m\u00e3reata nu se asteptau din partea unor refugiati. Aparatele intr\u00e3 \u00een functiune pentru a fixa pe plac\u00e3 Monumentul. Serviciul de protocol indreapt\u00e3 oaspetii spre locurile ce li s\u2019au rezervat : pe r\u00e2ndul de scaune din dreapta, oaspetii spanioli, la st\u00e2nga iau loc Rom\u00e2nii, iar in fund Doamnele. In spatele scaunelor din toate p\u00e3rtile, cel\u00e3lalt public.<\/strong><\/p>\n<p><strong>Microfonul este asezat in partea st\u00e2nga, cum privesti Monumentul. Tot in st\u00e2nga, pe platform\u00e3, se adun\u00e3 membrii corului legionar si camarazii cari formeaz\u00e3 garda de onoare. Ceremonia \u00eencepe cu asezarea legionarilor in dou\u00e3 grupe de c\u00e2te trei, deoparte si de alta a coloanei principale. Fiecare grup\u00e3 are un steag rom\u00e2nesc. Garda de onoare este format\u00e3 din camarazii Simicin, Leonties, Simian, Ciuntu, Onciu si M\u00e3rii.<\/strong><\/p>\n<p><strong>Dup\u00e3 ce Garda a luat pozitie de drepti si a ridicat drapelul, Generalul Villalba, presedintele Asociatiei, \u00eensotit de vice-primarul din Majadahonda, procedeaz\u00e3 la desvelirea Monumentului. P\u00e2nza se trage laoparte si apare coloana central\u00e3 liber\u00e3, cu inscriptia dedicat\u00e3 lui Ion Mota si Vasile Marin. In acel moment, megafoanele revars\u00e3 melodia \u00abSoy valiente y leal legionario\u00bb, Imnul Legiunii Str\u00e3ine Spaniole. Lumea se ridic\u00e3 in picioare si aplaud\u00e3.<\/strong><\/p>\n<p><strong>Imediat un preot din imprejurimi (parohul satului fiind retinut in cas\u00e3 din cauza unui accident), procedeaz\u00e3 la sfintirea Monumentului.<\/strong><\/p>\n<p><strong>\u00abVom proceda acum la Binecuv\u00e2ntarea acestui monument<\/strong><\/p>\n<p><strong>In numele Tat\u00e3lui si-al Fiului si-al Sf\u00e2ntului Duh. Amin.<\/strong><\/p>\n<p><strong>Te rug\u00e3m Tat\u00e3 Atotputernic si Etern Dumnezeu s\u00e3 binecuv\u00e2ntezi acest monument dedicat lui Ion Mota si Vasile Marin, Monument cu semnul Crucei, pentruca:<\/strong><\/p>\n<p><strong>S\u00e3 r\u00e3m\u00e2n\u00e3 exemplu si indemn pentru toat\u00e3 lumea crestin\u00e3.<\/strong><\/p>\n<p><strong>Aceasta o facem pentru ap\u00e3rarea credintei noastre pe care ei au pecetluit-o cu s\u00e2ngele lor. Amin.\u00bb\u00a0<\/strong><\/p>\n<p><strong>Urmeaz\u00e3 apoi seria oratorilor.<\/strong><\/p>\n<p><strong>Primul care ia cuv\u00e2ntul este P\u00e3rintele Amalio Orduna, capelanul Rom\u00e2nilor din Spania, care, in cuvinte simtite, evoc\u00e3 jertfa celor doi eroi si arata c\u00e3 Monumentul ce s\u2019a ridicat onoreaz\u00e3 amintirea lor:<\/strong><\/p>\n<p><strong>\u00ab\u2026 Sunt numele glorioase ale lui Ion Mota si Vasile Marin. Din acest fapt simplu se pot scoate at\u00e2tea consecinte. At\u00e2tea meditatii personale se pot trezi in noi, c\u00e2nd contempl\u00e3m acest Monument. E suficient s\u00e3 \u00eenchidem pentru un moment ochii, s\u00e3 ne aplec\u00e3m peste noi insine, pentru a da nastere la multe g\u00e2nduri binef\u00e3c\u00e3toare pentru sufletul nostru. Eu propun una simpl\u00e3. Nu este cea mai bun\u00e3 desigur. Fiecare dintre Dvoastr\u00e3 puteti face alte reflexiuni, probabil mai profunde, alte\u00a0consideratii, probabil de nivel mai \u00eenalt. Eu v\u00e3d, in a mea, pe Ion Mota si Vasile Marin, sub aceast\u00e3 Cruce. Ins\u00e3 \u00eei v\u00e3d sustin\u00e2nd Crucea. Pentruce au venit ei in Spania? Ei au auzit c\u00e3 aici era atacat\u00e3 Crucea. Au auzit c\u00e3 dusmanii Crucii doborau in toate p\u00e3rtile crucile ce se ridicau pe clopotnitele bisericilor noastre, pentruc\u00e3 voiau s\u00e3 le d\u00e3r\u00e2me. Unele au c\u00e3zut. Au c\u00e3zut multe. Intentia era s\u00e3 fie d\u00e3r\u00e2mate toate.\u00bb<\/strong><\/p>\n<p><strong>Dup\u00e3 cuvintele P\u00e3rintelui Amalio Orduna, corul legionar, sub conducerea lui Faust Br\u00e3descu, \u00eentoneaz\u00e3 \u00abImnul Mota-Marin\u00bb. Legionarii din garda de onoare \u00eencruciseaz\u00e3 steagurile in fata coloanei principale, rezem\u00e2ndu-le de aceasta, si trec in grupul corului. Indat\u00e3, in continuare, urc\u00e3 la tribun\u00e3 Dl. Horia Sima, care rosteste urm\u00e3toarea cuv\u00e2ntare:<\/strong><\/p>\n<p><strong>\u00abExcelente, Doamnelor si Domnilor, Camarazi Spanioli si Rom\u00e2ni,<\/strong><\/p>\n<p><strong>Monumentul ce-l inaugur\u00e3m ast\u00e3zi, ridicat pe locul unde au c\u00e3zut legionarii rom\u00e2ni, Mota si Marin, pentru ap\u00e3rarea Crucii si a Crestin\u00e3t\u00e3tii, nu este un fapt izolat, ci expresia unui lung sir de acte pioase, al unui adev\u00e3rat cult care s\u2019a creat la Majadahonda inc\u00e3 de acum 30 de ani si care, n\u00e3d\u00e3jduim, c\u00e3 se va mentine tot at\u00e2t de viu si puternic si in generatiile viitoare.<\/strong><\/p>\n<p><strong>Fundamentele acestui cult au fost puse la 13 Ianuarie 1941, c\u00e2nd camaradul nostru Radu Ghenea, pe atunci ministru al Rom\u00e2niei la Madrid, a organizat primul pelerinaj la locul marelui sacrificiu, la care au participat camarazi spanioli si rom\u00e2ni.<\/strong><\/p>\n<p><strong>In 1947, un grup de camarazi, in frunte cu Dl. Traian Popescu, fost atasat comercial al Rom\u00e2niei, au ridicat Crucea pe care Dumneavoastr\u00e3 o cunoasteti si in fata c\u00e3reia ne-am rugat an de an in timpul ceremoniilor aniversare. Aceast\u00e3 Cruce a constituit punctul de convergent\u00e3 spiritual\u00e3 al Rom\u00e2nilor pribegi din \u00eentreaga lume.<\/strong><\/p>\n<p><strong>In 1955 s\u2019a produs o mare schimbare in celebrarea actelor dela Majadahonda.\u00a0Pentru \u00eent\u00e2ia oar\u00e2, \u00eenaltele autorit\u00e3ti spaniole au participat la mentionatele acte si si-au oferit sprijinul oficial.<\/strong><\/p>\n<p><strong>Din anul 1959, cultul eroilor dela Majadahonda \u00eembrac\u00e3 un caracter institutional, prin crearea Asociatiei \u201cAmigos de Majadahonda\u201d, denumit\u00e3 mai t\u00e2rziu \u201cHermandad Hispano-Rumana Majadahonda\u201d, de sub presidentia Dlui General Ricardo Villalba Rubio, actiune in care s\u2019a distins, cu entuziasmul si eficacitatea sa, camaradul nostru George Demetrescu, Presedintele Comunit\u00e3tii Rom\u00e2nilor din Spania.<\/strong><\/p>\n<p><strong>Ideea si initiativa ridicarii unui Monument la Majadahonda apartin Dlui Luis Beneyto, vice-presedintele Asociatiei, care a colectat si primele fonduri. Dl. Luis Beneyto, fost consul general al Spaniei la Bucuresti, a participat la toate actele dedicate lui Mota si Marin, \u00eencep\u00e2nd cu \u00eenmorm\u00e2ntarea eroilor si p\u00e2n\u00e3 in acest moment, al inaugur\u00e3rii Monumentului.<\/strong><\/p>\n<p><strong>Proectul Monumentului este opera Dlui Sergio Cifuentes, fost sef al Departamentului Relatiilor Externe ale Misc\u00e3rii Spaniole, si actual secretar general al Asociatiei. Valoarea acestui Monument nu const\u00e3 numai in puritatea liniilor lui, ci si in profundul s\u00e3u simbolism. Coloanele exterioare reprezint\u00e3 initialele numelor celor doi eroi. Coloana central\u00e3 de sus in jos formeaz\u00e3 un intr\u00e2nd rom\u00e2nesc, care p\u00e3trunde in inima p\u00e3m\u00e2ntului spaniol. Piatra dela baza Coloanei, unde se pot citi cele mai caracteristice cuvinte din Testamentele lui Mota si Marin, simbolizeaz\u00e3 un altar, casicum \u00eens\u00e3si materia greoaie s\u2019ar transfigura si si-ar \u00een\u00e3lta rug\u00e3ciunile spre Cel Prea Inalt, pentru a bine primi jertfa celor doi eroi.<\/strong><\/p>\n<p><strong>C\u00e2nd proectul acestui Monument a fost trimis centrelor rom\u00e2nesti din \u00eentreaga lume, a avut un efect sguduitor, care s\u2019a verificat si in repeziciunea cu care s\u2019au str\u00e2ns fondurile.<\/strong><\/p>\n<p><strong>Dar cu toate sfort\u00e3rile si dorintele noastre de a construi Monumentul, nu am fi ajuns la acest rezultat f\u00e3r\u00e3 sprijinul si colaborarea autorit\u00e3tilor si a populatiei din Majadahonda.<\/strong><\/p>\n<p><strong>In primul r\u00e2nd, evoc\u00e3m neuitatul gest de generositate si intelegere al Doamnei Hermenegilda Labrandero, care ne-a donat terenul unde s\u2019a ridicat Monumentul. Dup\u00e3 moartea sa, in aceeasi linie, au continuat s\u00e3 ne ajute Dl. Arturo Sanz Millan, actualul primar, si Heliodoro Sanz, precum si ceilalti membri ai familiei.<\/strong><\/p>\n<p><strong>Nu putem s\u00e3 uit\u00e3m exceptionalul concurs si sprijin, in realizarea in form\u00e3 definitiv\u00e3 a proectului al Dlui Luciano Diez-Canedo, Arhitect.<\/strong><\/p>\n<p><strong>Deasemenea, gratitudinea si dragostea noastr\u00e3 se \u00eendreapt\u00e3 spre maestrii in cioplirea pietrii de granit, dela \u00eentreprinderea Vidal, precum si a grupurilor de zidari, in frunte cu Domnii Berlana, Martin, Alfonso Montero, pentru \u00eendem\u00e2narea si entuziasmul puse in realizarea lucr\u00e3rilor Monumentului.<\/strong><\/p>\n<p><strong>Deasemenea, animati de aceleasi sentimente de recunostint\u00e3, mention\u00e3m extraordinara colaborare a Dlui Jacinto Castillo, care a depus toat\u00e3 str\u00e3duinta, misc\u00e2ndu-ne p\u00e2n\u00e3 in ad\u00e2ncul sufletelor noastre.<\/strong><\/p>\n<p><strong>Intreprinderii Entel, care ne-a oferit toate usurintele posibile pentru realizarea lucr\u00e3rilor, \u00eei exprim\u00e3m infinita noastr\u00e3 gratitudine.<\/strong><\/p>\n<p><strong>Din partea rom\u00e2neasc\u00e3, multumim tuturor compatriotilor nostri cari au contribuit cu sacrificiul lor material si cu \u00eencurajarea lor permanent\u00e3 la realizarea proectului.<\/strong><\/p>\n<p><strong>In mod deosebit, trebue s\u00e3 mentionez Comitetul de Constructie al Monumentului, format din camarazii Tuliu Basiu, Petru Sorici si Ovidiu T\u00e2rlea, cari, neobositi, au s\u00e3v\u00e2rsit un efort extraordinar pentru a duce la bun sf\u00e2rsit lucr\u00e3rile si a le termina in timp util.<\/strong><\/p>\n<p><strong>O natiune nu are nevoie numai de fabrici, de b\u00e3nci, de mari centrale electrice, de drumuri, ci si de locuri de meditatie spiritual\u00e3, de sanctuare si Alcazaruri. F\u00e3r\u00e3 de prezenta constant\u00e3 a lui Dumnezeu in viata cotidian\u00e3, o natiune se descompune si moare. Nu suntem tari prin ceeace am izbutit s\u00e3 realiz\u00e3m pe plan material, ci prin energia cu care ap\u00e3r\u00e3m idealurile noastre. Bun\u00e3starea material\u00e3 e ca o cas\u00e3 cl\u00e3dit\u00e3 pe nisip, cum se spune in Evanghelie, dac\u00e3 nu e intov\u00e3r\u00e3sit\u00e3 de o tensiune creatoare de valori nationale, culturale si religioase.<\/strong><\/p>\n<p><strong>Acesta e \u00eentelesul Monumentului ce-l ridic\u00e3m ast\u00e3zi.\u00a0<\/strong><\/p>\n<p><strong>Dup\u00e3ce ne-am pierdut Patria, absorbit\u00e3 in Imperiul lui Antichrist, rug\u00e3ciunile lui Mota se indreapt\u00e3 cu aceeasi dragoste c\u00e3tre popoarele libere ale lumii si in particular c\u00e3tre dragii spanioli. Ascultati vocea si avertismentul lui, cuprinse intr\u2019o scrisoare trimis\u00e3 in tar\u00e3, in ajunul Cr\u00e3ciunului din anul 1936:<\/strong><\/p>\n<p><strong>\u201cCeasul de azi e un ceas greu. De implinirea datoriilor noastre in acest ceas, at\u00e2rn\u00e3 faptul ca r\u00e3ndurile viitoare de oameni s\u00e3 se bucure ori apoi s\u00e3 pl\u00e3ng\u00e3 in ziua Nasterii Domnului.<\/strong><\/p>\n<p><strong>S\u00e3 nu l\u00e3s\u00e3m urmasilor nostri o tar\u00e3 f\u00e3r\u00e3 Biserici, f\u00e3r\u00e3 icoane si f\u00e3r\u00e3 ocrotirea m\u00e2nii lui Dumnezeu. S\u00e3 nu l\u00e3s\u00e3m copiiilor nostri o viat\u00e3 in care vor fi pierdut pe Christos\u00bb.<\/strong><\/p>\n<p><strong>Dup\u00e3 Comandantul Misc\u00e3rii, ia cuv\u00e3ntul Dl. Radu Ghenea, fost Ministru al Rom\u00e2niei la Madrid, care evoc\u00e3 momentul c\u00e2nd a initiat cultul dela Majadahonda, in 13 Ianuarie 1941, impreun\u00e3 cu camarazii spanioli:<\/strong><\/p>\n<p><strong>\u00abExcelente, Doamnelor si Domnilor, prieteni si camarazi,<\/strong><\/p>\n<p><strong>Imi permit s\u00e3 pronunt aceste c\u00e2teva cuvinte, ca unul care a avat onoarea s\u00e3 localizez pe aceste locuri punctul unde au c\u00e3zut Mota si Marin, c\u00e2nd, in lana Noembrie 1940, am ajans aici. Eram primul Rom\u00e2n ce sosea in tara Dvoastr\u00e3, dup\u00e3 sf\u00e2rsitul r\u00e3zboiului de aici.<\/strong><\/p>\n<p><strong>Am g\u00e3sit atunci, cam toti stiti, un sat devastat, cu putine case r\u00e3mase in picioare, cu c\u00e2mpul care p\u00e3stra \u00eenc\u00e3 profundele r\u00e3ni ale r\u00e3zboiului. Cu ajatorul unui plan adus din Rom\u00e2nia si acel al unor locuitori din sat, dintre putinii cari r\u00e3m\u00e3seser\u00e3, am patut localiza,\u00a0aici, transeea in care au c\u00e3zut ei.<\/strong><\/p>\n<p><strong>Au trecut 30 de ani. Majadahonda este acum un sat \u00eenfloritor. Europa \u00eens\u00e3si, care a suferit al doilea r\u00e3zboi mondial, foarte crud, s\u2019a ref\u00e3cut deasemeni. S\u2019a construit, situatia economic\u00e3 s\u2019a imbun\u00e3t\u00e3tit si in toate p\u00e3rtile se vede prosperitate general\u00e3. Ins\u00e3 in acesti 30 de ani s\u2019a pierdut adev\u00e3ratul spirit. S\u2019a ajuns ast\u00e3zi, in multe puncte ale lumii, si din nenorocire chiar si in sferele spirituale cele mai inalte, s\u00e3 se considere ca lucruri retrograde, credinta in Christos, nationalismul, respectul drapelului respectiv, patriotismul, respectul pentru cuv\u00e2ntul de onoare. Suntem intr\u2019un moment de incrucisare de drumuri. C\u00e2nd s\u2019a produs r\u00e3zboiul din Spania, s\u2019a spus, si pe drept cuv\u00e3nt, c\u00e3 el ar fi putut sehimba in r\u00e3u situatia lumei. Din fericire, cu victoria national\u00e3 din Spania, s\u2019a salvat un moment greu. Ast\u00e3zi, la 30 de ani de la acea epoc\u00e3 eroic\u00e3, se repet\u00e3 acelasi pericol. Cred c\u00e3 intr\u00e3m \u00eentr\u2019o decad\u00e3 decisiv\u00e3 pentru viitorul lumii noastre. C\u00e2nd asist\u00e3m ast\u00e3zi, la o propagand\u00e3 foarte abil\u00e3, \u00eendreptat\u00e3 at\u00e2t spre p\u00e3turile intelectuale c\u00e2t si spre cele populare, prin care se denigreaz\u00e3 aceste sentimente tari, aceste sentimente cari onoreaz\u00e3 f\u00e3ptura omeneasc\u00e3 si cari justific\u00e3 pecetea de\u00a0creaturi ale lui Dumnezeu, ne apuca o profund\u00e3 intristare. Deaceea c\u00e2nd ne reunim in fata acestui monument, odat\u00e3 pe an, prietenii leali, recunosc\u00e3tori sacrificiilor lor, si Rom\u00e2ni, cari, cu toate greut\u00e3tile, r\u00e3manem pe pozitie si vom r\u00e3m\u00e2nea p\u00e2n\u00e3 la moarte, simtim totusi o multumire pentruc\u00e3 vedem c\u00e3 r\u00e3m\u00e2n totusi grupuri minoritare, oameni cari nu depun armele, cari se arunc\u00e3 pe pov\u00e2rnisul renunt\u00e3rilor, cari conserv\u00e3 inca singurele lucruri cari dau sens vietii individului: credinta in Christos, iubirea de Patrie si onoarea.<\/strong><\/p>\n<p><strong>In anul 1940, c\u00e2nd a ap\u00e3rut o mic\u00e3 carte asupra lui Mota si Marin, un mare scriitor spaniol ne-a f\u00e3cut onoarea de a scrie prologul. Imi aduc aminte c\u00e3 se referea, \u00eentre altele, la faptele de vitejie ale Dacilor si crearea poporului Daco-Roman si spunea, mai mult sau mai putin, urm\u00e3toarele : \u00abCel ce contempl\u00e3 ast\u00e3zi statuia lui Traian din Forul dela Roma si pe Dacii \u00eenvinsi din secolul II, cari au ins\u00e3 o postur\u00e3 m\u00e2ndr\u00e3, orgolioasa, \u00eentelege c\u00e3 ei nu au murit. Spiritul lor nu a murit. Si prin aceast\u00e3 m\u00e2ndrie, prin acest demn orgoliu, \u00eesi pastreaza permanenta ca o f\u00e3clie care va clarifica si va conduce pasii tuturor celor ce vor s\u00e3 urmeze pe drumul onoarei. Si mai spunea el, referitor la Mota si Marin, ca trebuia s\u00e3 cad\u00e3 pentruca s\u00e3 p\u00e3streze puternic\u00e3 Crucea. Pentru aceasta au acceptat cu bucurie moartea si sacrificiul suprem. O c\u00e3utau chiar\u00bb. Cu s\u00e2ngele lor varsat pe p\u00e3m\u00e2ntul Spaniei, se desminte, \u00eentre altele si acea absurd\u00e3 idee, care se accentuiaz\u00e3 in fiecare zi ca nationalismele sunt retrograde, c\u00e3 sunt obstacole pentru unitatea lumii si c\u00e3 reprezint\u00e3 cel mai mare pericol pentru crearea unei lumi mai bune. Ce vreti mai mare desmintire a acestei absurde afirmatii dec\u00e2t moartea lor ca voluntari aici, c\u00e2nd s\u2019ar fi putut trimite din Rom\u00e2nia 10.000 de lupt\u00e3tori, spre exemplu, cari ar fi adaugat fortei spirituale ce reprezentau forta material\u00e3\u00a0a 10.000 de piepturi, lupt\u00e2nd. Si c\u00e2nd, din cauza circumstantelor politice de atunci, la fel de contrarii cum sunt astazi in multe p\u00e3rti din lume, nu a fost posibil, au venit cei mai buni. Cei mai buni, cei mai iubiti, cei mai respectati si cei mai admirati dintre sefii nostrii. Si dintre ei, Mota si Marin, s\u2019au sacrificat aici.<\/strong><\/p>\n<p><strong>Si acum, Domnilor, amintindu-ne ast\u00e3zi de acele cuvinte ale lui Juan Aparicio, din anul. 1940, spunem si noi: \u201cpentruc\u00e3 n\u2019au temut moartea, nu au murit si nu vor muri niciodat\u00e3. Vor r\u00e3m\u00e2ne permanent \u00eentre noi\u201d.\u00a0<\/strong><\/p>\n<p><strong>Dumnezeu s\u00e3 ne ajute ca s\u00e3 putem conserva spiritul\u00a0Majadahondei, care dep\u00e3seste \u00eens\u00e3si Majadahonda, si pe Mota si Marin, si care este spiritul de demnitate omeneasc\u00e3, de rezistent\u00e3 contra Antichristului si de conservare de ceeace ne-a l\u00e3sat in mostenire Crestinismul si civilizatia greco-roman\u00e3\u00bb.<\/strong><\/p>\n<p><strong>In continuare vorbeste camaradul Traian Popescu, fost atasat comercial, care reaminteste un alt moment din cultul dela Majadahonda, c\u00e2nd s\u2019a ridicat si sfintit Crucea depe locul unde au c\u00e3zut cei doi eroi:<\/strong><\/p>\n<p><strong>\u00abExcelente, Doamnelor, Domnilor, Camarazi,<\/strong><\/p>\n<p><strong>Acum 23 de ani, c\u00e2nd am ajuns in Spania, am c\u00e3lcat pentru prima oar\u00e3 p\u00e3m\u00e2ntul Majadahondei, cu dorinta a \u00eengenunchia pe locul acesta binecuv\u00e2ntat cu s\u00e3ngele Spaniolilor si al lui Mota si Marin, cari au c\u00e3zut\u00a0aici,\u00a0comb\u00e3t\u00e2nd Comunismul.\u00a0Se vedeau \u00eenca in Majadahonda transeele si postul de mitralier\u00e3 servit de camarazii nostrii.<\/strong><\/p>\n<p><strong>Cu un grup de tineri studenti rom\u00e2ni ce ne \u00eentovar\u00e3seau, am venit in 13 Ianuarie 1948, era o Duminec\u00e3 si acum, pentru a ne onora mortii nostrii. Urm\u00e2nd indicatiile unuia dintre studentii care se g\u00e3seau in Spania\u00a0de c\u00e2tiva ani, ne-am strecurat cu grij\u00e3 pela marginea satului pentruca s\u00e3 nu atragem luarea aminte. La intoarcere spre Las Rozas, urmand acelasi drum ca si la venire, am fost opriti, spre surprinderea noastra de parohul satului, P\u00e3rintele Sardinas, fie-i tarana usoar\u00e3, si de primarul de atunci, cari ne-au certat pritenos pentruce nu am fost la Biseric\u00e3 si, \u00eempreun\u00e3 cu ei, s\u00e3 ridic\u00e3m cerului o rug\u00e3ciune pentru c\u00e3zutii nostri.<\/strong><\/p>\n<p><strong>Traduc\u00e2ndu-ni-se ceeace spunea preotul, am rugat pe unul din tinerii ce ne c\u00e3l\u00e3uzeau s\u00e3 comunice Parintelui Sardinas c\u00e3 vom reveni, pe ziua de 13 Februarie a aceluiasi an, pentru a pune pe locul sacrificiului camarazilor nostri si pentru a binecuv\u00e2nta apoi, o Cruce pentru ap\u00e3rarea c\u00e3reia au murit ei. A ridica o cruce locul unde c\u00e3zuser\u00e3 ei, devenise o obsesie pentru noi, pentruc\u00e3 in tara noastr\u00e3 rom\u00e2neasc\u00e3, comunistii nu numai ca le-au negat acest simbol crestinesc, dar chiar le-au desgropat r\u00e3m\u00e3sitele, le-au ars si le-au aruncat la gunoaie, cenusa.<\/strong><\/p>\n<p><strong>Astfel se n\u00e3scu acel simplu monument in jurul caruia, an dup\u00e3 an, ne-am adunat cu totii apoi, d\u00e2nd dovad\u00e3 de o fidelitate continu\u00e3 pentru a aduce omagiul nostru eroilor si pentru a multumi lui Dumnezeu pentru pacea si bun\u00e3starea pe care le-au dat-o poporul spaniol, drept recompens\u00e3 pentru imensele sale sacrificii.<\/strong><\/p>\n<p><strong>Pe data de 13 Ianuarie din acest an, Comandantul nostru, Dl. Horia Sima, si toti camarazii legionari r\u00e3sfirati pe tot p\u00e3m\u00e2ntul, au g\u00e2ndit c\u00e3 sosise momentul\u00a0pentru a ridica pe acest loc Monumentul pe care-l vedeti si care are misiunea de a perpetua, dealungul secolelor, memoria lui Mota si Marin si a tuturor Spaniolilor, Rom\u00e2nilor si Europenilor in general, cari au c\u00e3zut prin stepele rusesti, lupt\u00e2nd contra barbariei comuniste si urm\u00e3nd astfel exemplul marilor Cruciati\u00a0ai Crestin\u00e3t\u00e3tii.<\/strong><\/p>\n<p><strong>Dumnezeu a ales Spania ca s\u00e3 dea prima lectie Comunismului agresiv, aruncandu-l afar\u00e3 din tar\u00e3. Si\u00a0a\u00a0ales-o, deasemenea, pentru a conduce aceast\u00e3 lupt\u00e3 p\u00e2n\u00e3 la victoria final\u00e3. S\u00e3 dea Domnul s\u00e3 se int\u00e2mple asa. Tr\u00e3iasc\u00e3 Spania.\u00bb<\/strong><\/p>\n<p><strong>La microfon trec apoi oaspetii si camarazii veniti din alte t\u00e3ri. Primul care \u00eesi face aparitia, este Dl. Dr. Nicolae C\u00e2rja, Presedintele Uniunii Rom\u00e2nilor Deportati in Rusia, venit din New York, USA:<\/strong><\/p>\n<p><strong>\u00abDoamnelor si Domnilor, Distinsi Oaspeti,<\/strong><\/p>\n<p><strong>In numele Consiliului National Rom\u00e2n al fostilor detinuti politici din \u00eenchisorile comuniste din Rom\u00e2nia si al deportatilor in Uniunea Sovietic\u00e3, aduc un cald omagiu memoriei eroismului si jertfei lui Ionel Mota si Vasile Marin.<\/strong><\/p>\n<p><strong>Ast\u00e3zi, pe locul unde acum 33 de ani acesti doi fii alesi ai natiunii rom\u00e2ne si-au dat viata nu numai pentru ap\u00e3rarea si salvarea minunatei si grandioasei Spanii, ci si pentru libertatea si independenta intregei Europe, se \u00eenalt\u00e3 acest monument de granit evocator spre a marca lumina sacrificiului lor in istorie.<\/strong><\/p>\n<p><strong>De atunci fata vremurilor nu s\u2019a schimbat.\u00a0Ba, dimpotriv\u00e3. Primejdia pe care Mota si Marin au intuit-o acum 33 de ani a cuprins intreg globul. Tr\u00e3im vremuri de ad\u00e2nci sv\u00e2rcoliri sociale, c\u00e2nd spiritele sunt asmutite de Internationala Comunist\u00e3, care a \u00eenceput ofensiva de subminare a actualei or\u00e2nduiri a lumii libere si crestine, exploat\u00e2nd cele mai josnice instincte de ur\u00e3 de clas\u00e3, de ras\u00e3 si de credint\u00e3.<\/strong><\/p>\n<p><strong>O treime din populatia p\u00e3m\u00e2ntului, aproximativ un miliard de oameni, se afl\u00e3 in lanturile robiei si e exploatat\u00e3 crunt de cel mai diabolic sistem conceput vreodat\u00e3.<\/strong><\/p>\n<p><strong>Situatia international\u00e3, in clipa c\u00e2nd se inalt\u00e3 Monumentul Mota-Marin pe p\u00e3m\u00e2ntul glorioasei Spanii, platos\u00e3 de ap\u00e3rare si bastionul stabilit\u00e3tii politice a\u00a0Europei Occidentale, este cum nu se poate mai confuza si \u00eengrijor\u00e3toare.<\/strong><\/p>\n<p><strong>Monumentul Mota-Marin ce se \u00eenalta la extrema de apus a Europei este mai mult dec\u00e2t un simbol. Este perpetuarea strig\u00e3tului de alarm\u00e3 de acum 33 de ani si pentru viitorime.<\/strong><\/p>\n<p><strong>Comunismul amenint\u00e3 lumea!<\/strong><\/p>\n<p><strong>Acesta este si ast\u00e3zi strig\u00e3tul de dincolo de morm\u00e2nt al lui Ionel Mota si Vasile Marin.<\/strong><\/p>\n<p><strong>Jertfa lui Mota si Marin dep\u00e3seste limitele unei ideologii politice care le-a format structura spirituala si cap\u00e3t\u00e3 dimensiuni universale in eforturile acestui secol de a-si c\u00e3uta salvarea si echilibrul.<\/strong><\/p>\n<p><strong>Noi suntem aici ca s\u00e3 afirm\u00e3m credinta si speranta noastr\u00e3 in valorile umane eterne si prezenta noastr\u00e3 l\u00e2ng\u00e3 acest Monument trebuie considerata ca un leg\u00e3m\u00e2nt de continuare a luptei ne\u00eenfricate in spiritul jertfei lui Mota si Marin, p\u00e2n\u00e3 la sdrobirea definitiv\u00e3 a tiraniei comuniste atee si pan\u00e3 la eliberarea si \u00eentregirea scumpei noastre Rom\u00e2nii.<\/strong><\/p>\n<p><strong>Statornici in credinta in Dumnezeu si sub inspiratia permanent\u00e3 a martirilor nostri c\u00e3zuti in Spania, mergem \u00eenainte pe drumul fraternit\u00e3tii de aspiratii hispano-rom\u00e2ne!\u00bb<\/strong><\/p>\n<p><strong>Urmatorul orator este Dl. Chiril\u00e3 Ciuntu, Presedintele Comitetului Rom\u00e2no-American, sectiunea Canada:<\/strong><\/p>\n<p><strong>\u00a0\u00abIn calitate de Presedinte al Comitetului National Rom\u00e2n-American, Sectia Canada, sunt autorizat s\u00e3 si salutul din partea Dlui George Roman, Presedintele General al numitului comitet pe intreaga America de Nord, care, din motive neprev\u00e3zute, nu poate participa personal la acest m\u00e3ret eveniment al tuturor rom\u00e2nilor anticomunisti din exil.<\/strong><\/p>\n<p><strong>Personal, in calitate de camarad al eroilor si martirilor Mota si Marin, tin s\u00e3 multumesc din suflet tuturor legionarilor si prietenilor lor, c\u00e2t si altor rom\u00e2ni Statele Unite ale Americei si din Canada, cari n\u2019au precupetit jertfa lor pentru \u00een\u00e3ltarea acestui simbol de lupt\u00e3 la r\u00e3scrucea de drumuri dintre fortele luminei si ale \u00eentunericului.<\/strong><\/p>\n<p><strong>Rom\u00e2nii din Statele Unite ale Americii si din Canada, cari in prezent se g\u00e3sesc pe linia de destin a neamului rom\u00e2nesc, ce sufere sub jurul unui sistem inuman,\u00a0dau\u00a0prin jertfa lor dovada c\u00e3 neamul rom\u00e2nesc nu va pieri niciodat\u00e3.<\/strong><\/p>\n<p><strong>Fie ca jertfele aduse s\u00e3, fie pentru noi toti un simbol de continuare a luptei p\u00e2n\u00e3 la eliberarea si biruinta final\u00e3 a neamului rom\u00e2nesc.\u00bb<\/strong><\/p>\n<p><strong>Urm\u00e3torul orator este Dl. Faust Br\u00e3descu, reprezentul Comunit\u00e3tii Rom\u00e2nilor din Brazilia, care vorbeste in portughez\u00e3:<\/strong><\/p>\n<p><strong>\u00abExcelente,<\/strong><\/p>\n<p><strong>Doamnelor si Domnilor,<\/strong><\/p>\n<p><strong>Imi permit s\u00e3 vorbesc in limba portughez\u00e3, limb\u00e3 care, cu sigurant\u00e3, va fi inteleas\u00e3 bine de ilustra asistenta, reunit\u00e3 azi in jurul acestei cruci, la baza acestui simbolic monument.<\/strong><\/p>\n<p><strong>Reprezent\u00e3nd pe Rom\u00e3nii Liberi si pe legionarii stabiliti in Brazilia,\u00a0aduc cu aceast\u00e3 ocazie salutul fraternal din partea acelora cari, aflati in \u00eendep\u00e3rtata Americ\u00e3 Latin\u00e3, f\u00e3r\u00e3 reticente, sunt legati prin spiritul de lupt\u00e3 si de sacrificiu cu Alcazarul spaniol, al cruci ilustru reprezentant se afl\u00e3 in mijlocul nostru: Generalul Vialba Rubio.<\/strong><\/p>\n<p><strong>Pl\u00e3mada de s\u00e2nge rom\u00e3nesc c\u00e3zut\u00e3 pe p\u00e3m\u00e2ntul Majadahondei constituie cea mai puternic\u00e3 si semnificativ\u00e3 leg\u00e3tur\u00e3 pentru prietenia dintre cele dou\u00e3 popoare, de aceeasi origine si miscati de aceleasi aspiratii spirituale.<\/strong><\/p>\n<p><strong>In aceast\u00e3 lume agitat\u00e3 si pedepsit\u00e3 de violente, evocarea permanent\u00e3 a celor cari au venit de asa departe pentru a lupta al\u00e3turi de fratii lor spanioli, contra celui mai groaznic flagel al Umanit\u00e3tii, \u00eent\u00e3reste in noi convingerea c\u00e3 fiind uniti, se va asigura totdeauna victoria Binelui contra R\u00e3ului.<\/strong><\/p>\n<p><strong>In leg\u00e3tur\u00e3 cu acest fapt, imi permit s\u00e3 v\u00e3 comunic un caz semnificativ int\u00e2mplat in Brazilia.<\/strong><\/p>\n<p><strong>In 1964, hoardele comuniste c\u00e2ntau deja victoria lor pe str\u00e3zile din Rio de Janeiro. Lumea modest\u00e3 simtea in jurul ei amenintarea revolutiei rosii. In acel moment de panic\u00e3, sub strig\u00e3tele multimei inconstiente, a loc una din cele mai impresionante manifestatii de credint\u00e3 crestina. Femeile braziliene, fiinte fizicamente f\u00e3r\u00e3 ap\u00e3rare, ins\u00e3 \u00eenarmate cu forta rug\u00e3ciunii, au organizat o imens\u00e3 defilare pe principalele str\u00e3zi ale orasului.<\/strong><\/p>\n<p><strong>Contra acestui val de credinta in Dumnezeu, hoardele progresiste, adunate pe trotuare, au lansat cele mai abjecte si obscene cuvinte, cu un gest de dispret si de umilint\u00e3.<\/strong><\/p>\n<p><strong>Unicul r\u00e3spuns dat de c\u00e3tre aceast\u00e3 multime, unita, a acestor admirabile femei, a fost acela de a ridica cu un gest patetic, in m\u00e2inile lor tremur\u00e2nde, micile cruci ce le aveau cu ele.<\/strong><\/p>\n<p><strong>Nimic mai mult !<\/strong><\/p>\n<p><strong>Crucea lui Christos in fata ofenselor perversilor si a spurcatilor.<\/strong><\/p>\n<p><strong>Dar a fost deajuns !<\/strong><\/p>\n<p><strong>Trei zile mai t\u00e3rziu, guvernul pro-comunist a fost m\u00e3turat si, cu el, pericolul ce se ab\u00e3tea asupra poporului brazilian si asupra Americii Latine.<\/strong><\/p>\n<p><strong>Aceeasi Cruce a ap\u00e3rat si a salvat si Spania!\u00a0<\/strong><\/p>\n<p><strong>In numele aceleiasi Cruci pentru care si-au dat viata cei doi legionari rom\u00e2ni, nu trebuie s\u00e3 uit\u00e3m dou\u00e3 lucruri foarte importante:<\/strong><\/p>\n<p><strong>In primul r\u00e2nd: NUMAI sacrificiul inalt\u00e3 fiinta uman\u00e3.<\/strong><\/p>\n<p><strong>In al doilea r\u00e2nd: In lupta contra distrug\u00e3torilor civilizatiei, NUMAI sub protectia Crucii vom putea obtine victoria.<\/strong><\/p>\n<p><strong>Sa fac\u00e3 Divinitatea ca acest monument, care reprezint\u00e3 ambele lucruri, s\u00e3 constituie etern cea mai pur\u00e3 leg\u00e3tur\u00e3 de fr\u00e3tie \u00eentre poporul rom\u00e2n si poporul spaniol.\u00bb<\/strong><\/p>\n<p><strong>La microfon trece apoi Dl. Dr. Dumitru Leonties, care vorbeste in numele legionarilor din spatiul austrogerman si in numele asociatiei culturale \u00abRumdnische Studiengruppe\u00bb, cu sediul in Munchen, al c\u00e3rui presedinte este:<\/strong><\/p>\n<p><strong>\u00abExcelente, Doamnelor si Domnilor<\/strong><\/p>\n<p><strong>Legionarri si amicii Misc\u00e3rii Legionare din Germania si Austria, Rom\u00e2ni si Germani, se \u00eenclin\u00e3 in fata acestui Monument, ridicat prin numeroase c\u00e3r\u00e3mizi materiale si, mai presus, c\u00e3r\u00e3mizi spirituale, pe p\u00e3m\u00e2ntul sf\u00e2nt al fratilor spanioli.<\/strong><\/p>\n<p><strong>Odat\u00e3 in plus, in istoria Misc\u00e3rii Legionare, urmasii Testamentului C\u00e3pitanului nostru, Corneliu Zelea Codreanu, confirm\u00e3m prin acest act c\u00e3 nu este ratiunea si materia, ci fortele invincibile ale spiritului cari reprezint\u00e3 arm\u00e3tura esential\u00e3 a lumii.<\/strong><\/p>\n<p><strong>Acest maiestuios Monument de granit, edificat pe dimensiunile eroismului si martiriului lui Mota si Marin, va \u00eensemna, la r\u00e3scrucea istoriei umanit\u00e3tii, nu numai pentru Miscarea Legionar\u00e3 si pentru neamul rom\u00e2nesc, ci pentru toat\u00e3 miscarea de renastere in lume, un far luminos, str\u00e3lucitor in mijlocul apelor tulburi ale \u00eentunericului.<\/strong><\/p>\n<p><strong>Fie ca lumina ce radiaz\u00e3 din acest simbol al fortelui binelui s\u00e3 \u00eenving\u00e3 pe acelea ale \u00eentunericului, care, de acum un sfert de secol, s\u2019au intins peste popoarele din spatele cortinei de fier.<\/strong><\/p>\n<p><strong>Dup\u00e3 aceste cuvinte ale mele, voiu indeplini o mare si pl\u00e3cut\u00e3 datorie de a citi un mesagiu al Monseniorului Dr. D. Vasile Z\u00e3p\u00e2rtan, Seful Misiunii Catolice Rom\u00e2ne din Germania Federal\u00e3:<\/strong><\/p>\n<p>\u00a0<\/p>\n<p><strong>\u00abAm pl\u00e3cuta obligatie de a propune pe Ionel Mota si Vasile Marin, Congregatiei Riturilor in vederea BEATIFICARII SI CANONIZARII, pentruc\u00e3 Ionel Mota, cu toate c\u00e3 era fiu de preot ortodox, a fost mai presus de toate un autentic crestin, care n\u2019a tinut in seam\u00e3 frontierele confesionale si nu a stat la \u00eendoial\u00e3 pentru a lupta pentru Spania catolic\u00e3 si a plecat s\u00e3 lupte, fiindc\u00e3 acolo \u201cse tr\u00e3gea cu mitraliera in obrazul lui Christos\u201d. Pentru el, Christos si Biserica era o unitate, indiferent c\u00e3 era catolic\u00e3 sau ortodox\u00e3. A murit cu aceeasi satisfactie spiritual\u00e3, cu care ar fi avut-o dac\u00e3 ar fi c\u00e3zut pe r\u00e2ul Don in Rusia in lupta contra acelora f\u00e3r\u00e3 Dumnezeu, \u00eenainte ca hoardele atee s\u00e3 fi atacat sanctuarele ortodoxiei rom\u00e2nesti.<\/strong><\/p>\n<p><strong>Dup\u00e3 binecuv\u00e2ntarea Monumentului, ridicat in memoria lor in Majadahonda, trebuie s\u00e3 prepar\u00e3m toate sufletele noastre inainte de a prezenta cererea de beatificare la Roma\u00bb.<\/strong><\/p>\n<p><strong>Urmeaz\u00e3 la cuv\u00e2nt camaradul Pavel Onciu, care vorbeste in numele Rom\u00e2nilor aflati sub ocupatia str\u00e3in\u00e3:<\/strong><\/p>\n<p><strong>\u00abIon Mota si Vasile Marin, voi ati refuzat rationamentele si socotelile omenesti.<\/strong><\/p>\n<p><strong>Voi n\u2019ati pus conditii si n\u2019ati cerut favoruri c\u00e2nd ati s\u00e3rit in ajutorul lui Dumnezeu si ap\u00e3rarea lui Hristos.<\/strong><\/p>\n<p><strong>Voi n\u2019ati r\u00e3mas indiferenti fat\u00e3 de lupta cr\u00e2ncen\u00e3 ce se \u00eenclestase pe p\u00e3m\u00e2ntul Spaniei, intre ostirile coalitiei ateiste si cele ce ap\u00e3rau pe Dumnezeu si Hristos.<\/strong><\/p>\n<p><strong>Singura favoare pe care ati cerut-o, a fost s\u00e3 luptati ca soldati in prima linie. Voi ati simtit si ar\u00e3tat lumii c\u00e3, mai presus de toate, este jertfirea total\u00e3 pentru Dumnezeu.<\/strong><\/p>\n<p><strong>Jertfa voastr\u00e3, prin m\u00e3retia ei, asigur\u00e3 Rom\u00e2niei si Legiunii martirizate, Biruinta si Libertatea de m\u00e2ine, \u00eempotriva coalitiilor cari calc\u00e3 si p\u00e3r\u00e3sesc pe Dumnezeu si inv\u00e3taturile lui Hristos.<\/strong><\/p>\n<p><strong>Cu credint\u00e3 si plini de hot\u00e3r\u00eere, \u00eesi \u00eendreapt\u00e3 inima si mintea lor spre Majadahonda, rom\u00e2nii si legionarii r\u00e3masi in afara granitelor noastre.<\/strong><\/p>\n<p><strong>Monumentul MOTA-MARIN, pe care \u00eel sfintim azi, l-am ridicat in semn de onoare si glorie vou\u00e3, Ion Mota si Vasile Marin, care ne-ati concretizat, prin viata si\u00a0jertfa voastr\u00e3, care este calea si ce avem de \u00eendeplinit de acum \u00eenainte, pentru Dumnezeu si Neamul Rom\u00e2nesc.\u00bb<\/strong><\/p>\n<p><strong>Proximul orator este Dl. Gheorghe Costea, care vorbeste in numele Vechei G\u00e3rzi a Misc\u00e3rii Legionare:\u00a0<\/strong><\/p>\n<p><strong>\u00abInainte au luat cuv\u00e2ntul o serie de camarazi cari au venit din toate colturile lumii, aducand cu sine salutul Rom\u00e2nilor cari tr\u00e3iesc in tari str\u00e3ine. Eu voiu vorbi in numele Vechei G\u00e3rzi a Misc\u00e3rii Legionare, a acelor camarazi cari ast\u00e3zi nu mai sunt, pentruc\u00e3 au c\u00e3zut in lupte si persecutii.<\/strong><\/p>\n<p><strong>A<\/strong><strong>m cunoscut pe Ion Mota din anul 1925, pe c\u00e2nd era sef al primelor nuclee ale organizatiei tineretului rom\u00e2n, constituit\u00e3 in noul spirit al timpului. Eram \u00eenc\u00e3\u00a0un adolescent c\u00e2nd i-am urmat chemarea si m\u2019am \u00eenrolat in Fr\u00e3tiile de Cruce. Pe atunci tara era liber\u00e3 si noi nu avam preg\u00e3tirea necesar\u00e3 pentru a \u00eentelege chestiunile politice. Dar simteam instinctiv c\u00e3 Mota doria binele poporului rom\u00e2n si ne chema pe toti la lupt\u00e3 pentru a o ap\u00e3ra de dusmani.<\/strong><\/p>\n<p><strong>Abia mai t\u00e2rziu, dup\u00e3ce deasupra t\u00e3rii noastre s\u2019au precipitat hoardele barbare, ne-am dat seama c\u00e2t\u00e3 drep tate avea si c\u00e2t de departe vedea lucrurile.<\/strong><\/p>\n<p><strong>Ast\u00e3zi, c\u00e2nd se ridic\u00e3 acest Monument pe p\u00e3m\u00e2ntul Spaniei si in acest loc unde s\u2019au dat lupte \u00eenversunate pentru ap\u00e3rarea independentei acestui popor, poate m\u00e3rturisi oricine c\u00e3 sacrificiul lui Mota si Marin nu fost zadarnic.<\/strong><\/p>\n<p><strong>Din suferint\u00e3 si din sacrificiu, se nasc noi forte care vor continua lupta pentru Cristos, Neam si Legiune.\u00bb<\/strong><\/p>\n<p><strong>Urmeaz\u00e3 la cuv\u00e2nt ultimul grup de oratori, format din personalit\u00e3ti str\u00e3ine, cu exceptia Dlui Sturdza.<\/strong><\/p>\n<p>\u00a0<\/p>\n<p><strong>Primul ia cuv\u00e2ntul Dl. Saverio Castaldo, avocatul Napoli, ziarist, care vorbeste in limba italian\u00e3. Saveri Castaldo evoc\u00e3 paralelismul de desvoltare \u00eentre cele doua misc\u00e3ri nationaliste, fascismul si legionarismul, jertfele f\u00e3cute in numele acelorasi idealuri si \u00eencheie strig\u00e2nd:<\/strong><\/p>\n<p><strong>Tr\u00e3iasc\u00e3 Legiunea si C\u00e3pitanul !<\/strong><\/p>\n<p>\u00a0<\/p>\n<p><strong>Urmeaz\u00e3 Dl. Leo Negrelli, ziarist, care aduce salutul fostilor combatanti italieni cari au luptat pe p\u00e3m\u00e2ntul Spaniei.<\/strong><\/p>\n<p><strong>Urc\u00e3 apoi la tribun\u00e3 Dl. Blas Pinar, consilier national si seful organizatiei nationaliste \u00abFuerza Nueva\u00bb :\u00a0<\/strong><\/p>\n<p><strong>\u00abFuerza Nueva\u00bb se uneste actului care se celebreaza aici si acuma. Mota si Marin au c\u00e3zut pentru Rom\u00e2ni si Spania. Patriile nu se ap\u00e3r\u00e3 numai \u00een\u00e3untrul fron tierelor lor. Ele se ap\u00e3r\u00e3 deasemeni in afara lor. R\u00e3z boaiele conventionale si clasice s\u2019au terminat. Acelea care se desf\u00e3soar\u00e3 ast\u00e3zi in fata ochilor nostri nu sunt altce va decat simple manifestatii, capitole si episoade al r\u00e3zboiului civil Universal, al c\u00e3rui prim capitol a avut loc chiar aici in Spania.<\/strong><\/p>\n<p><strong>Noi, Spaniolii, suntem deasemeni martori si spectatori \u00eenm\u00e3rmuriti de felul cum se calc\u00e3 in picioare un\u00a0popor intreg, cum se calc\u00e3 in picioare at\u00e3ti s i at\u00e2ti oam eni cari, pe deasupra unui spatiu delimitat de niste frontiere, au crezut in Dumnezeu, au crezut in Christos si a u crezut in propriile lor Patrii. Monumentul de piatr\u00e3 este simbol si realizare material\u00e3 a spiritului Europei autentice, a acestei Europe noui, a acestei ordine social mai juste, pe care, \u00eentr\u2019o zi, au vrut s\u00e3-l impun\u00e3 acestui continent al nostru, leag\u00e3n al civilizatiei, marile revolutii nat ionale de atunci. Si mai serveste Monumentul acesta pen truca s\u00e3 se rectifice unele erori ce au fost comise, poate, de c\u00e3tre misc\u00e3rile nationale. Si mai serveste deasemeni pent ru a indrepta groaznicele consecinte ale r\u00e3zboiului. Si mai serveste \u00eenc\u00e3 pentruca triumfalistii celui de-al doil ea r\u00e3zboi mondial s\u00e3 nu poat\u00e3 s\u00e3 ne \u00eentunece mintile si sa ne orbeasc\u00e3 ochii.<\/strong><\/p>\n<p><strong>S\u00e3 realiz\u00e3m spiritul Majadahondei pentruc\u00e3,\u00a0Domnilor, este spirit pur aici, c\u00e3ci nu avem sub aceast\u00e3 cruce nici m\u00e3car oasele acelor eroi si ai acelor martiri, ci\u00a0numai spirit pur, spirit ce creaz\u00e3 locuri de \u00eengeri si de arhangheli, cum vroia Jose Antonio al nostru sau cum voia C\u00e3pitanul, c\u00e2nd a \u00eenfiintat miscarea national\u00e3 romana, cu numele Sf\u00e2ntului Arhanghel Mihail.<\/strong><\/p>\n<p><strong>Pentruc\u00e3 nici Jose Antonio nici Codreanu nu ignorau c\u00e3 nu se luptau atunci contra unor inamici materiali, contra unor inamici ai c\u00e3rnii. Se luptau contra spiritului r\u00e3ului insusi.<\/strong><\/p>\n<p><strong>Si cine pierde aceast\u00e3 viziune clar\u00e3 a luptei pe viat\u00e3 si pe moarte ce se d\u00e3 intre Comunism si Libertate, intre crest inism si ateism, \u00eentre tiranie si libertate, intre \u00eenger si bestie, se \u00eenseal\u00e3 groaznic.<\/strong><\/p>\n<p><strong>Noi, in aceast\u00e3 or\u00e3 grea, in aceast\u00e3 or\u00e3 de pitici, in aceast\u00e3 or\u00e3 de intuneric, in aceast\u00e3 or\u00e3 de dezertori, de fugiti si de bine acomodatti, ridic\u00e3m aici, pe aceast\u00e3 t\u00e3r\u00e2n\u00e3 maternal\u00e3 a Castiliei, pe s\u00e2ngele mortilor Spaniei, pe s\u00e2ngele mortilor Rom\u00e2ni, Italieni, Germani,\u00a0Portughezi, Irlandezi, steagul acestei Europei noui, lea g\u00e3n al civilizatiei, si izvor de lupt\u00e3 decis\u00e3, orgolioasa contra acestei lumi care se descompune.<\/strong><\/p>\n<p><strong>Noi venim aici si promitem in fata acestui altar, in fata acestei cruci, in fata s\u00e2ngelui lui Mota si Marin, c\u00e3 Spaniolii, multi sau putini, vom r\u00e3m\u00e2nea credinci Spiritului lor.<\/strong><\/p>\n<p><strong>Mota si Marin ! Prezenti !<\/strong><\/p>\n<p><strong>\u00abTr\u00e3iasc\u00e3 Romania liber\u00e3, \u00eenfloritoare si suverana!\u00a0<\/strong><\/p>\n<p><strong>Tr\u00e3iasc\u00e3 Spania!\u00bb<\/strong><\/p>\n<p><strong>Dup\u00e3 Blas Pinar, vorbeste Dl. Mihail Sturdza, fost ministru de externe al Rom\u00e2niei:<\/strong><\/p>\n<p><strong>\u00abPentruce au luptat si au murit Mota si Marin la Majadahonda? Dac\u00e3 un r\u00e3spuns satisf\u00e3c\u00e3tor nu s\u2019ar fi putut da in acele timpuri, ast\u00e3zi, dup\u00e3 33 de ani dela sacrificiul lor, el este evident si celor mai putin clarva z\u00e3tori dintre noi. Puterile diabolice, contra c\u00e3rora ei si camarazii lor legionari luptau cot la cot cu legendara armata spaniol\u00e3, au invadat aproape tot globul, cu te meri serioase pentru viitorul omenirii.<\/strong><\/p>\n<p><strong>Cu puterea de prevedere care la era caracteristic\u00e3 ca niste inspirati, Mota si Marin, ca si seful lor Codreanu, au avertizat in ce ad\u00e2ncuri de lasitate, opor tunism si tr\u00e3dare se va scufunda Civilizatia Crestina in fata comunismului triumf\u00e3tor, \u00eenainte ca Roose velt s\u00e3 fi predat jum\u00e3tate din Europa la Teheran si Yalta.<\/strong><\/p>\n<p><strong>Ei nu au fost cu noi pentru a auzi cuvintele Generalisimului Franco, pronuntate 25 de ani dup\u00e3 data c\u00e2nd ei luptar\u00e3 si c\u00e3zur\u00e3: \u201cTrebue s\u00e3 c\u00e3ut\u00e3m comu nismului p\u00e3rtile lui debile. Trebue s\u00e3 plec\u00e3m dela faptul c\u00e3 t\u00e3rile ocupate, cu fiecare zi ce trece, ur\u00e3sc mai mult pe n\u00e3v\u00e3litori, cari sunt st\u00e3p\u00e2ni numai ai terenului ma terial ce \u00eel calc\u00e3\u2026 Partea religioas\u00e3, nationalitatea, dorul de libertate si desperarea, totul impinge la ruperea lanturilor\u2026 Iat\u00e3 arma in potent\u00e3 ce Occidentul posed\u00e3 ; pentru asta trebue s\u00e3 fii fidel idealurilor occidentale, sa n u se abandoneze popoarele oprimate dinapoia cortinei de fier, s\u00e3 nu fie tr\u00e3date, cu consecinte rusinoase, agresorilor\u201d.<\/strong><\/p>\n<p><strong>Si nu sunt cu noi, pentru a privi cu indignare si revolta c\u00e3 lumea de dup\u00e3 r\u00e3zboiu nu este imp\u00e3rtit\u00e3 intre Lumea dominatiei comuniste si Lumea libert\u00e3tii, solid ar\u00e3 cu natiunile robite si prepar\u00e2nd momentul eliberarii, ci o lume in care domin\u00e3 o asociatie infam\u00e3 si ocul t\u00e3 \u00eentre Lumea occidental\u00e3 si Lumea comunist\u00e3 deop arte, iar, de alt\u00e3 parte, natiunile captive, uitate si aban donate de toti, cu exceptia Spaniei.<\/strong><\/p>\n<p><strong>F\u00e3r\u00e3 indoial\u00e3, ca si C\u00e3pitanul, ca si \u00eentreaga lume legionar\u00e3, ca sutele si miile ce au pierit in masacrele carliste, in inchisorile Anticristului, au prefigurat nu num ai lupta implacabil\u00e3 si Calvarul, dar si Ceasul Invierii !<\/strong><\/p>\n<p><strong>In acest spirit inaugur\u00e3m ast\u00e3zi acest Monument maret, care simbolizeaz\u00e3 gloria acestui sacrificiu si prevestirea vremurilor viitoare ale libert\u00e3tii si indepentei nationale.\u00bb<\/strong><\/p>\n<p><strong>Seria cuv\u00e2nt\u00e3rilor o incheie presedintele Asociatiei \u00abHermandad Hispano-Rumana Majadahonda\u00bb, Generalul Ricardo Villalba Rubio, care evoc\u00e3 lupta legionar\u00e3\u00a0din Spania si figura Generalului Cantacuzino. Fiind destinat s\u00e3 \u00eensoteasc\u00e3 pe legionari la Soria si la Toledo p\u00e2n \u00e3 la \u00eencorporarea in Tercio, a cunoscut bine pe Mota si M arin si si-a dat seama de in\u00e3ltimea lor moral\u00e3 si spiritual\u00e3.<\/strong><\/p>\n<p><strong>La sf\u00e2rsitul cuv\u00e2nt\u00e3rii sale, impreun\u00e3 cu \u00eentregul Comitet Directiv al Asociatiei, se \u00eendreapt\u00e3 spre Crucea care str\u00e3jueste locul unde au c\u00e3zut cei doi eroi si depune cei cinci trandafiri simbolici ai misc\u00e3rii falangiste.<\/strong><\/p>\n<p><strong>Odat\u00e3 intorsi la locurile lor, corul legionar \u00eentoneaz\u00e3\u00a0\u00abSf\u00e2nt\u00e3 Tinerete Legionar\u00e3\u00bb, care e ascultat in picioare si cu m\u00e2na spre cer de c\u00e3tre asistent\u00e3. Imediat, in continuare, \u00eentreaga asistent\u00e3 intoneaz\u00e3 imnul falangist \u00abCara al Sol\u00bb, dup\u00e3 care Generalul Villalba d\u00e3 strig\u00e3tele pentru Spania : Una, Grande, Libre !<\/strong><\/p>\n<p><strong>Ceremonia s\u2019a incheiat. O imens\u00e3 satisfactie se citeste in ochii tuturor. Spaniolii felicit\u00e3 pe Rom\u00e2ni pentru m\u00e3retul Monument ridicat eroilor. Megafoanele c\u00e2nta f\u00e3r\u00e3 intrerupere \u00abSoy valiente y leal legionario\u00bb, in timp ce lumea incepe s\u00e3 se risipeasc\u00e3. Par\u2019c\u00e3 nu se indura s\u00e3 se deslipeasc\u00e3. Aparatele de fotografiat \u00eentr\u00e3 din nou in functiune. Se iau ultimele fotografii. E prea frumos ! Pe c\u00e3rarea care duce la masini, lumea sta p\u00e2lcuri, p\u00e2lcuri. Comenteaz\u00e3 si se imbr\u00e3tiseaz\u00e3.<\/strong><\/p>\n<p><strong>E o apoteoz\u00e3. Toat\u00e3 lumea care a participat la aces efort urias ridic\u00e3 o privire de multumire spre cer, ros tind in g\u00e2nd o rug\u00e3ciune. Mota si Marin pare c\u00e3 \u00eesi trimit binecuv\u00e2ntarea din v\u00e3zduhul tainic, multumiti c\u00e3 nu au fost uitati\u2026<\/strong><\/p>\n<p><strong>Biblioteca Documentar\u00e3 \u201cGeneratia Nou\u00e3\u201d, Madrid, 1976 (pag. 1-70)<\/strong><\/p>\n<p>\u00a0<\/p>\n<\/div>\n<article class=\"post-81436 post type-post status-publish entry includes-feat-image\">\n<div class=\"featured-image alignleft\"><a class=\"featured_post_link\" href=\"https:\/\/www.incorectpolitic.com\/curaj-adevar-si-libertate-senatorul-miron-manega-s-o-s-a-propus-abrogarea-legilor-delictului-de-opinie\/\" title=\"CURAJ, ADEV\u0102R \u0218I LIBERTATE! Senatorul Miron Manega (S.O.S.) a propus abrogarea legilor delictului de opinie!\"><img loading=\"lazy\" decoding=\"async\" width=\"150\" height=\"150\" src=\"https:\/\/www.incorectpolitic.com\/wp-content\/uploads\/2019\/04\/manega-150x150.png\" class=\"attachment-thumbnail size-thumbnail wp-post-image lazyload\" alt><img loading=\"lazy\" decoding=\"async\" width=\"150\" height=\"150\" src=\"https:\/\/www.incorectpolitic.com\/wp-content\/uploads\/2019\/04\/manega-150x150.png\" class=\"attachment-thumbnail size-thumbnail wp-post-image\" alt data-eio=\"l\"><\/a><\/div>\n<div class=\"entry-title\"><a class=\"featured_post_link\" href=\"https:\/\/www.incorectpolitic.com\/curaj-adevar-si-libertate-senatorul-miron-manega-s-o-s-a-propus-abrogarea-legilor-delictului-de-opinie\/\" title=\"CURAJ, ADEV\u0102R \u0218I LIBERTATE! Senatorul Miron Manega (S.O.S.) a propus abrogarea legilor delictului de opinie!\">CURAJ, ADEV\u0102R \u0218I LIBERTATE! Senatorul Miron Manega (S.O.S.) a propus abrogarea legilor delictului de opinie!<\/a><\/div>\n<\/article>\n<article class=\"post-80361 post type-post status-publish entry includes-feat-image\">\n<div class=\"featured-image alignleft\"><a class=\"featured_post_link\" href=\"https:\/\/www.incorectpolitic.com\/ultimul-fiu-al-daciei\/\" title=\"Ultimul Fiu al Daciei\"><img loading=\"lazy\" decoding=\"async\" width=\"100\" height=\"150\" src=\"https:\/\/www.incorectpolitic.com\/wp-content\/uploads\/2025\/10\/dac.jpeg\" class=\"attachment-thumbnail size-thumbnail wp-post-image lazyload\" alt><img loading=\"lazy\" decoding=\"async\" width=\"100\" height=\"150\" src=\"https:\/\/www.incorectpolitic.com\/wp-content\/uploads\/2025\/10\/dac.jpeg\" class=\"attachment-thumbnail size-thumbnail wp-post-image\" alt data-eio=\"l\"><\/a><\/div>\n<div class=\"entry-title\"><a class=\"featured_post_link\" href=\"https:\/\/www.incorectpolitic.com\/ultimul-fiu-al-daciei\/\" title=\"Ultimul Fiu al Daciei\">Ultimul Fiu al Daciei<\/a><\/div>\n<\/article>\n<article class=\"post-73927 post type-post status-publish entry includes-feat-image\">\n<div class=\"featured-image alignleft\"><a class=\"featured_post_link\" href=\"https:\/\/www.incorectpolitic.com\/cauzele-si-dinamica-antisemitismului\/\" title=\"Cauzele \u0219i Dinamica Antisemitismului\"><img loading=\"lazy\" decoding=\"async\" width=\"150\" height=\"150\" src=\"https:\/\/www.incorectpolitic.com\/wp-content\/uploads\/2018\/09\/bolshevik-jews-150x150.jpg\" class=\"attachment-thumbnail size-thumbnail wp-post-image lazyload\" alt><img loading=\"lazy\" decoding=\"async\" width=\"150\" height=\"150\" src=\"https:\/\/www.incorectpolitic.com\/wp-content\/uploads\/2018\/09\/bolshevik-jews-150x150.jpg\" class=\"attachment-thumbnail size-thumbnail wp-post-image\" alt data-eio=\"l\"><\/a><\/div>\n<div class=\"entry-title\"><a class=\"featured_post_link\" href=\"https:\/\/www.incorectpolitic.com\/cauzele-si-dinamica-antisemitismului\/\" title=\"Cauzele \u0219i Dinamica Antisemitismului\">Cauzele \u0219i Dinamica Antisemitismului<\/a><\/div>\n<\/article>\n<article class=\"post-72974 post type-post status-publish entry includes-feat-image\">\n<div class=\"featured-image alignleft\"><a class=\"featured_post_link\" href=\"https:\/\/www.incorectpolitic.com\/navalirea-jidanilor-de-vasile-alecsandri-piesa-interzisa\/\" title=\"N\u0103v\u0103lirea Jidanilor \u2013 de Vasile Alecsandri (Pies\u0103 interzis\u0103)\"><img loading=\"lazy\" decoding=\"async\" width=\"150\" height=\"150\" src=\"https:\/\/www.incorectpolitic.com\/wp-content\/uploads\/2024\/02\/jidani-navalire-2.png\" class=\"attachment-thumbnail size-thumbnail wp-post-image lazyload\" alt><img loading=\"lazy\" decoding=\"async\" width=\"150\" height=\"150\" src=\"https:\/\/www.incorectpolitic.com\/wp-content\/uploads\/2024\/02\/jidani-navalire-2.png\" class=\"attachment-thumbnail size-thumbnail wp-post-image\" alt data-eio=\"l\"><\/a><\/div>\n<div class=\"entry-title\"><a class=\"featured_post_link\" href=\"https:\/\/www.incorectpolitic.com\/navalirea-jidanilor-de-vasile-alecsandri-piesa-interzisa\/\" title=\"N\u0103v\u0103lirea Jidanilor \u2013 de Vasile Alecsandri (Pies\u0103 interzis\u0103)\">N\u0103v\u0103lirea Jidanilor \u2013 de Vasile Alecsandri (Pies\u0103 interzis\u0103)<\/a><\/div>\n<\/article>\n<article class=\"post-71879 post type-post status-publish entry includes-feat-image\">\n<div class=\"featured-image alignleft\"><a class=\"featured_post_link\" href=\"https:\/\/www.incorectpolitic.com\/europa-si-romania-in-anul-2050\/\" title=\"Europa \u0219i Rom\u00e2nia \u00een anul 2050\"><img loading=\"lazy\" decoding=\"async\" width=\"147\" height=\"150\" src=\"https:\/\/www.incorectpolitic.com\/wp-content\/uploads\/2024\/01\/Romania-2050-2.png\" class=\"attachment-thumbnail size-thumbnail wp-post-image lazyload\" alt><img loading=\"lazy\" decoding=\"async\" width=\"147\" height=\"150\" src=\"https:\/\/www.incorectpolitic.com\/wp-content\/uploads\/2024\/01\/Romania-2050-2.png\" class=\"attachment-thumbnail size-thumbnail wp-post-image\" alt data-eio=\"l\"><\/a><\/div>\n<div class=\"entry-title\"><a class=\"featured_post_link\" href=\"https:\/\/www.incorectpolitic.com\/europa-si-romania-in-anul-2050\/\" title=\"Europa \u0219i Rom\u00e2nia \u00een anul 2050\">Europa \u0219i Rom\u00e2nia \u00een anul 2050<\/a><\/div>\n<\/article>\n<article class=\"post-23854 post type-post status-publish entry includes-feat-image\">\n<div class=\"featured-image alignleft\"><a class=\"featured_post_link\" href=\"https:\/\/www.incorectpolitic.com\/vizita-papei-autonomie-alternativa\/\" title=\"Vizita Papei \u2013 Autonomie Alternativ\u0103\"><img loading=\"lazy\" decoding=\"async\" width=\"150\" height=\"150\" class=\"attachment-thumbnail size-thumbnail wp-post-image lazyload\" alt src=\"https:\/\/www.incorectpolitic.com\/wp-content\/uploads\/2019\/06\/uI2HFtR-150x150.jpg\"><img loading=\"lazy\" decoding=\"async\" width=\"150\" height=\"150\" src=\"https:\/\/www.incorectpolitic.com\/wp-content\/uploads\/2019\/06\/uI2HFtR-150x150.jpg\" class=\"attachment-thumbnail size-thumbnail wp-post-image\" alt data-eio=\"l\"><\/a><\/div>\n<div class=\"entry-title\"><a class=\"featured_post_link\" href=\"https:\/\/www.incorectpolitic.com\/vizita-papei-autonomie-alternativa\/\" title=\"Vizita Papei \u2013 Autonomie Alternativ\u0103\">Vizita Papei \u2013 Autonomie Alternativ\u0103<\/a><\/div>\n<\/article>\n<article class=\"post-72111 post type-post status-publish entry includes-feat-image\">\n<div class=\"featured-image alignleft\"><a class=\"featured_post_link\" href=\"https:\/\/www.incorectpolitic.com\/revelion-2023-2024-vine-anul-biruintei\/\" title=\"Revelion 2023 \u2013 2024 vine ANUL BIRUIN\u021aEI\"><img loading=\"lazy\" decoding=\"async\" width=\"150\" height=\"150\" src=\"https:\/\/www.incorectpolitic.com\/wp-content\/uploads\/2023\/12\/anul-biruintei.png\" class=\"attachment-thumbnail size-thumbnail wp-post-image lazyload\" alt><img loading=\"lazy\" decoding=\"async\" width=\"150\" height=\"150\" src=\"https:\/\/www.incorectpolitic.com\/wp-content\/uploads\/2023\/12\/anul-biruintei.png\" class=\"attachment-thumbnail size-thumbnail wp-post-image\" alt data-eio=\"l\"><\/a><\/div>\n<div class=\"entry-title\"><a class=\"featured_post_link\" href=\"https:\/\/www.incorectpolitic.com\/revelion-2023-2024-vine-anul-biruintei\/\" title=\"Revelion 2023 \u2013 2024 vine ANUL BIRUIN\u021aEI\">Revelion 2023 \u2013 2024 vine ANUL BIRUIN\u021aEI<\/a><\/div>\n<\/article>\n<article class=\"post-50139 post type-post status-publish entry includes-feat-image\">\n<div class=\"featured-image alignleft\"><a class=\"featured_post_link\" href=\"https:\/\/www.incorectpolitic.com\/analiza-strategiei-adoptata-de-guvern-pentru-combaterea-antisemitismului-xenofobiei-si-discursului-instigator-la-ura-2021-2023\/\" title=\"Analiza Strategiei Adoptat\u0103 de Guvern Pentru Combaterea \u201cantisemitismului, xenofobiei \u0219i discursului instigator la ur\u0103 2021-2023\u201d\"><img loading=\"lazy\" decoding=\"async\" width=\"150\" height=\"150\" src=\"https:\/\/www.incorectpolitic.com\/wp-content\/uploads\/2019\/08\/Jewish-censorship-e1421273251759-2-150x150.jpg\" class=\"attachment-thumbnail size-thumbnail wp-post-image lazyload\" alt><img loading=\"lazy\" decoding=\"async\" width=\"150\" height=\"150\" src=\"https:\/\/www.incorectpolitic.com\/wp-content\/uploads\/2019\/08\/Jewish-censorship-e1421273251759-2-150x150.jpg\" class=\"attachment-thumbnail size-thumbnail wp-post-image\" alt data-eio=\"l\"><\/a><\/div>\n<div class=\"entry-title\"><a class=\"featured_post_link\" href=\"https:\/\/www.incorectpolitic.com\/analiza-strategiei-adoptata-de-guvern-pentru-combaterea-antisemitismului-xenofobiei-si-discursului-instigator-la-ura-2021-2023\/\" title=\"Analiza Strategiei Adoptat\u0103 de Guvern Pentru Combaterea \u201cantisemitismului, xenofobiei \u0219i discursului instigator la ur\u0103 2021-2023\u201d\">Analiza Strategiei Adoptat\u0103 de Guvern Pentru Combaterea \u201cantisemitismului, xenofobiei \u0219i discursului instigator la ur\u0103 2021-2023\u201d<\/a><\/div>\n<\/article>\n<article class=\"post-70829 post type-post status-publish entry includes-feat-image\">\n<div class=\"featured-image alignleft\"><a class=\"featured_post_link\" href=\"https:\/\/www.incorectpolitic.com\/pozitia-unilaterala-a-pseudo-politicienilor-din-romania-si-a-bor-in-sustinerea-israelului-singurul-stat-terorist-din-lume-arata-ca-acestia-nu-au-o-fibra-cu-adevarat-nationala\/\" title=\"Pozi\u021bia unilateral\u0103 a pseudo politicienilor din Rom\u00e2nia \u0219i a BOR \u00een sus\u021binerea Israelului, singurul stat terorist din lume, arat\u0103 c\u0103 ace\u0219tia nu au o fibr\u0103 cu adev\u0103rat na\u021bional\u0103\"><img loading=\"lazy\" decoding=\"async\" width=\"150\" height=\"89\" src=\"https:\/\/www.incorectpolitic.com\/wp-content\/uploads\/2023\/08\/circumcision.png\" class=\"attachment-thumbnail size-thumbnail wp-post-image lazyload\" alt><img loading=\"lazy\" decoding=\"async\" width=\"150\" height=\"89\" src=\"https:\/\/www.incorectpolitic.com\/wp-content\/uploads\/2023\/08\/circumcision.png\" class=\"attachment-thumbnail size-thumbnail wp-post-image\" alt data-eio=\"l\"><\/a><\/div>\n<div class=\"entry-title\"><a class=\"featured_post_link\" href=\"https:\/\/www.incorectpolitic.com\/pozitia-unilaterala-a-pseudo-politicienilor-din-romania-si-a-bor-in-sustinerea-israelului-singurul-stat-terorist-din-lume-arata-ca-acestia-nu-au-o-fibra-cu-adevarat-nationala\/\" title=\"Pozi\u021bia unilateral\u0103 a pseudo politicienilor din Rom\u00e2nia \u0219i a BOR \u00een sus\u021binerea Israelului, singurul stat terorist din lume, arat\u0103 c\u0103 ace\u0219tia nu au o fibr\u0103 cu adev\u0103rat na\u021bional\u0103\">Pozi\u021bia unilateral\u0103 a pseudo politicienilor din Rom\u00e2nia \u0219i a BOR \u00een sus\u021binerea Israelului, singurul stat terorist din lume, arat\u0103 c\u0103 ace\u0219tia nu au o fibr\u0103 cu adev\u0103rat na\u021bional\u0103<\/a><\/div>\n<\/article>\n<article class=\"post-66937 post type-post status-publish entry includes-feat-image\">\n<div class=\"featured-image alignleft\"><a class=\"featured_post_link\" href=\"https:\/\/www.incorectpolitic.com\/agresiunea-impotriva-revizionistilor-istorici-si-efectele-linsajului-judiciar-de-la-nuremberg\/\" title=\"Agresiunea \u00eempotriva Revizioni\u0219tilor Istorici \u0219i efectele lin\u0219ajului judiciar de la Nurnberg\"><img loading=\"lazy\" decoding=\"async\" width=\"150\" height=\"100\" src=\"https:\/\/www.incorectpolitic.com\/wp-content\/uploads\/2023\/04\/image_2023-04-30_134634134.png\" class=\"attachment-thumbnail size-thumbnail wp-post-image lazyload\" alt><img loading=\"lazy\" decoding=\"async\" width=\"150\" height=\"100\" src=\"https:\/\/www.incorectpolitic.com\/wp-content\/uploads\/2023\/04\/image_2023-04-30_134634134.png\" class=\"attachment-thumbnail size-thumbnail wp-post-image\" alt data-eio=\"l\"><\/a><\/div>\n<div class=\"entry-title\"><a class=\"featured_post_link\" href=\"https:\/\/www.incorectpolitic.com\/agresiunea-impotriva-revizionistilor-istorici-si-efectele-linsajului-judiciar-de-la-nuremberg\/\" title=\"Agresiunea \u00eempotriva Revizioni\u0219tilor Istorici \u0219i efectele lin\u0219ajului judiciar de la Nurnberg\">Agresiunea \u00eempotriva Revizioni\u0219tilor Istorici \u0219i efectele lin\u0219ajului judiciar de la Nurnberg<\/a><\/div>\n<\/article>\n<article class=\"post-19111 post type-post status-publish entry includes-feat-image\">\n<div class=\"featured-image alignleft\"><a class=\"featured_post_link\" href=\"https:\/\/www.incorectpolitic.com\/despre-adevar\/\" title=\"Despre Adev\u0103r\"><img loading=\"lazy\" decoding=\"async\" width=\"150\" height=\"150\" src=\"https:\/\/www.incorectpolitic.com\/wp-content\/uploads\/2019\/02\/freedomfromchain-150x150.jpg\" class=\"attachment-thumbnail size-thumbnail wp-post-image lazyload\" alt><img loading=\"lazy\" decoding=\"async\" width=\"150\" height=\"150\" src=\"https:\/\/www.incorectpolitic.com\/wp-content\/uploads\/2019\/02\/freedomfromchain-150x150.jpg\" class=\"attachment-thumbnail size-thumbnail wp-post-image\" alt data-eio=\"l\"><\/a><\/div>\n<div class=\"entry-title\"><a class=\"featured_post_link\" href=\"https:\/\/www.incorectpolitic.com\/despre-adevar\/\" title=\"Despre Adev\u0103r\">Despre Adev\u0103r<\/a><\/div>\n<\/article>\n<article class=\"post-53767 post type-post status-publish entry includes-feat-image\">\n<div class=\"featured-image alignleft\"><a class=\"featured_post_link\" href=\"https:\/\/www.incorectpolitic.com\/dictionarul-coincidentelor-cine-sunt-iudeii-care-ne-au-influentat-tara-in-istoria-recenta\/\" title=\"DIC\u021aIONARUL COINCIDEN\u021aELOR  \u2013 Cine sunt iudeii care ne-au influen\u021bat \u021bara \u00een istoria recent\u0103\"><img loading=\"lazy\" decoding=\"async\" width=\"150\" height=\"150\" src=\"https:\/\/www.incorectpolitic.com\/wp-content\/uploads\/2021\/09\/coinc-150x150.png\" class=\"attachment-thumbnail size-thumbnail wp-post-image lazyload\" alt><img loading=\"lazy\" decoding=\"async\" width=\"150\" height=\"150\" src=\"https:\/\/www.incorectpolitic.com\/wp-content\/uploads\/2021\/09\/coinc-150x150.png\" class=\"attachment-thumbnail size-thumbnail wp-post-image\" alt data-eio=\"l\"><\/a><\/div>\n<div class=\"entry-title\"><a class=\"featured_post_link\" href=\"https:\/\/www.incorectpolitic.com\/dictionarul-coincidentelor-cine-sunt-iudeii-care-ne-au-influentat-tara-in-istoria-recenta\/\" title=\"DIC\u021aIONARUL COINCIDEN\u021aELOR  \u2013 Cine sunt iudeii care ne-au influen\u021bat \u021bara \u00een istoria recent\u0103\">DIC\u021aIONARUL COINCIDEN\u021aELOR  \u2013 Cine sunt iudeii care ne-au influen\u021bat \u021bara \u00een istoria recent\u0103<\/a><\/div>\n<\/article>\n<article class=\"post-51156 post type-post status-publish entry includes-feat-image\">\n<div class=\"featured-image alignleft\"><a class=\"featured_post_link\" href=\"https:\/\/www.incorectpolitic.com\/desertaciune-nu-aparare\/\" title=\"DE\u0218ERT\u0102CIUNE?! Nu, AP\u0102RARE!\"><img loading=\"lazy\" decoding=\"async\" width=\"150\" height=\"150\" class=\"attachment-thumbnail size-thumbnail wp-post-image lazyload\" alt src=\"https:\/\/www.incorectpolitic.com\/wp-content\/uploads\/2021\/06\/desertaciune-nu-aparare-150x150.jpg\"><img loading=\"lazy\" decoding=\"async\" width=\"150\" height=\"150\" src=\"https:\/\/www.incorectpolitic.com\/wp-content\/uploads\/2021\/06\/desertaciune-nu-aparare-150x150.jpg\" class=\"attachment-thumbnail size-thumbnail wp-post-image\" alt data-eio=\"l\"><\/a><\/div>\n<div class=\"entry-title\"><a class=\"featured_post_link\" href=\"https:\/\/www.incorectpolitic.com\/desertaciune-nu-aparare\/\" title=\"DE\u0218ERT\u0102CIUNE?! Nu, AP\u0102RARE!\">DE\u0218ERT\u0102CIUNE?! Nu, AP\u0102RARE!<\/a><\/div>\n<\/article>\n<article class=\"post-44728 post type-post status-publish entry includes-feat-image\">\n<div class=\"featured-image alignleft\"><a class=\"featured_post_link\" href=\"https:\/\/www.incorectpolitic.com\/resetarea-medicinei-sau-resetarea-omenirii-prin-nanotehnologie\/\" title=\"Resetarea Medicinei sau Resetarea Omenirii prin Nanotehnologie\"><img loading=\"lazy\" decoding=\"async\" width=\"150\" height=\"150\" src=\"https:\/\/www.incorectpolitic.com\/wp-content\/uploads\/2020\/12\/ed8a914d6d236c9d231903a8b2e79f63-150x150.gif\" class=\"attachment-thumbnail size-thumbnail wp-post-image lazyload\" alt><img loading=\"lazy\" decoding=\"async\" width=\"150\" height=\"150\" src=\"https:\/\/www.incorectpolitic.com\/wp-content\/uploads\/2020\/12\/ed8a914d6d236c9d231903a8b2e79f63-150x150.gif\" class=\"attachment-thumbnail size-thumbnail wp-post-image\" alt data-eio=\"l\"><\/a><\/div>\n<div class=\"entry-title\"><a class=\"featured_post_link\" href=\"https:\/\/www.incorectpolitic.com\/resetarea-medicinei-sau-resetarea-omenirii-prin-nanotehnologie\/\" title=\"Resetarea Medicinei sau Resetarea Omenirii prin Nanotehnologie\">Resetarea Medicinei sau Resetarea Omenirii prin Nanotehnologie<\/a><\/div>\n<\/article>\n<article class=\"post-43837 post type-post status-publish entry includes-feat-image\">\n<div class=\"featured-image alignleft\"><a class=\"featured_post_link\" href=\"https:\/\/www.incorectpolitic.com\/noul-legamant\/\" title=\"Noul Leg\u0103m\u00e2nt\"><img loading=\"lazy\" decoding=\"async\" width=\"150\" height=\"150\" src=\"https:\/\/www.incorectpolitic.com\/wp-content\/uploads\/2020\/12\/NL-150x150.jpg\" class=\"attachment-thumbnail size-thumbnail wp-post-image lazyload\" alt><img loading=\"lazy\" decoding=\"async\" width=\"150\" height=\"150\" src=\"https:\/\/www.incorectpolitic.com\/wp-content\/uploads\/2020\/12\/NL-150x150.jpg\" class=\"attachment-thumbnail size-thumbnail wp-post-image\" alt data-eio=\"l\"><\/a><\/div>\n<div class=\"entry-title\"><a class=\"featured_post_link\" href=\"https:\/\/www.incorectpolitic.com\/noul-legamant\/\" title=\"Noul Leg\u0103m\u00e2nt\">Noul Leg\u0103m\u00e2nt<\/a><\/div>\n<\/article>\n<article class=\"post-42525 post type-post status-publish entry includes-feat-image\">\n<div class=\"featured-image alignleft\"><a class=\"featured_post_link\" href=\"https:\/\/www.incorectpolitic.com\/vaccinarea-inseamna-crima-un-atentat-la-sanatatea-personala-la-integritatea-corporala-si-intimitatea-oricarui-om-liber-medicul-ce-vaccineaza-cu-forta-un-om-liber-merita-sa-fie-pedepsit-de-acesta\/\" title=\"Vaccinarea \u00eenseamn\u0103 crim\u0103, un atentat la s\u0103n\u0103tatea personal\u0103, la integritatea corporal\u0103 \u0219i intimitatea oric\u0103rui om liber. Medicul ce vaccineaz\u0103 cu for\u021ba un om liber merit\u0103 s\u0103 fie pedepsit de acesta\"><img loading=\"lazy\" decoding=\"async\" width=\"150\" height=\"150\" src=\"https:\/\/www.incorectpolitic.com\/wp-content\/uploads\/2020\/11\/syringe_0-150x150.jpg\" class=\"attachment-thumbnail size-thumbnail wp-post-image lazyload\" alt><img loading=\"lazy\" decoding=\"async\" width=\"150\" height=\"150\" src=\"https:\/\/www.incorectpolitic.com\/wp-content\/uploads\/2020\/11\/syringe_0-150x150.jpg\" class=\"attachment-thumbnail size-thumbnail wp-post-image\" alt data-eio=\"l\"><\/a><\/div>\n<div class=\"entry-title\"><a class=\"featured_post_link\" href=\"https:\/\/www.incorectpolitic.com\/vaccinarea-inseamna-crima-un-atentat-la-sanatatea-personala-la-integritatea-corporala-si-intimitatea-oricarui-om-liber-medicul-ce-vaccineaza-cu-forta-un-om-liber-merita-sa-fie-pedepsit-de-acesta\/\" title=\"Vaccinarea \u00eenseamn\u0103 crim\u0103, un atentat la s\u0103n\u0103tatea personal\u0103, la integritatea corporal\u0103 \u0219i intimitatea oric\u0103rui om liber. Medicul ce vaccineaz\u0103 cu for\u021ba un om liber merit\u0103 s\u0103 fie pedepsit de acesta\">Vaccinarea \u00eenseamn\u0103 crim\u0103, un atentat la s\u0103n\u0103tatea personal\u0103, la integritatea corporal\u0103 \u0219i intimitatea oric\u0103rui om liber. Medicul ce vaccineaz\u0103 cu for\u021ba un om liber merit\u0103 s\u0103 fie pedepsit de acesta<\/a><\/div>\n<\/article>\n<article class=\"post-38338 post type-post status-publish entry includes-feat-image\">\n<div class=\"featured-image alignleft\"><a class=\"featured_post_link\" href=\"https:\/\/www.incorectpolitic.com\/trebuie-sa-distrugem-suprematia-jidoveasca\/\" title=\"Trebuie s\u0103 distrugem superma\u021bia jidoveasc\u0103!\"><img loading=\"lazy\" decoding=\"async\" width=\"150\" height=\"150\" src=\"https:\/\/www.incorectpolitic.com\/wp-content\/uploads\/2018\/11\/GunoiOPS-150x150.png\" class=\"attachment-thumbnail size-thumbnail wp-post-image lazyload\" alt><img loading=\"lazy\" decoding=\"async\" width=\"150\" height=\"150\" src=\"https:\/\/www.incorectpolitic.com\/wp-content\/uploads\/2018\/11\/GunoiOPS-150x150.png\" class=\"attachment-thumbnail size-thumbnail wp-post-image\" alt data-eio=\"l\"><\/a><\/div>\n<div class=\"entry-title\"><a class=\"featured_post_link\" href=\"https:\/\/www.incorectpolitic.com\/trebuie-sa-distrugem-suprematia-jidoveasca\/\" title=\"Trebuie s\u0103 distrugem superma\u021bia jidoveasc\u0103!\">Trebuie s\u0103 distrugem superma\u021bia jidoveasc\u0103!<\/a><\/div>\n<\/article>\n<article class=\"post-30776 post type-post status-publish entry includes-feat-image\">\n<div class=\"featured-image alignleft\"><a class=\"featured_post_link\" href=\"https:\/\/www.incorectpolitic.com\/da-ti-doua-palme-si-ridica-te\/\" title=\"D\u0103-\u021bi Dou\u0103 Palme \u0219i Ridic\u0103-te\"><img loading=\"lazy\" decoding=\"async\" width=\"150\" height=\"150\" src=\"https:\/\/www.incorectpolitic.com\/wp-content\/uploads\/2019\/11\/1-mai-620x350-150x150.jpg\" class=\"attachment-thumbnail size-thumbnail wp-post-image lazyload\" alt><img loading=\"lazy\" decoding=\"async\" width=\"150\" height=\"150\" src=\"https:\/\/www.incorectpolitic.com\/wp-content\/uploads\/2019\/11\/1-mai-620x350-150x150.jpg\" class=\"attachment-thumbnail size-thumbnail wp-post-image\" alt data-eio=\"l\"><\/a><\/div>\n<div class=\"entry-title\"><a class=\"featured_post_link\" href=\"https:\/\/www.incorectpolitic.com\/da-ti-doua-palme-si-ridica-te\/\" title=\"D\u0103-\u021bi Dou\u0103 Palme \u0219i Ridic\u0103-te\">D\u0103-\u021bi Dou\u0103 Palme \u0219i Ridic\u0103-te<\/a><\/div>\n<\/article>\n<article class=\"post-27862 post type-post status-publish entry includes-feat-image\">\n<div class=\"featured-image alignleft\"><a class=\"featured_post_link\" href=\"https:\/\/www.incorectpolitic.com\/scrisoare-deschisa-catre-neamul-romanesc\/\" title=\"Scrisoare Deschis\u0103 C\u0103tre Neamul Rom\u00e2nesc\"><img loading=\"lazy\" decoding=\"async\" width=\"150\" height=\"150\" src=\"https:\/\/www.incorectpolitic.com\/wp-content\/uploads\/2019\/09\/videoblocks-male-hand-reload-a-revolver-magnum-gun-without-bullets-magnum-revolver-and-empty-bullet-magnum-lead-round-nose-45-auto-rim-revolver-rounds_ha1focujz_thumbnail-full01-150x150.jpg\" class=\"attachment-thumbnail size-thumbnail wp-post-image lazyload\" alt><img loading=\"lazy\" decoding=\"async\" width=\"150\" height=\"150\" src=\"https:\/\/www.incorectpolitic.com\/wp-content\/uploads\/2019\/09\/videoblocks-male-hand-reload-a-revolver-magnum-gun-without-bullets-magnum-revolver-and-empty-bullet-magnum-lead-round-nose-45-auto-rim-revolver-rounds_ha1focujz_thumbnail-full01-150x150.jpg\" class=\"attachment-thumbnail size-thumbnail wp-post-image\" alt data-eio=\"l\"><\/a><\/div>\n<div class=\"entry-title\"><a class=\"featured_post_link\" href=\"https:\/\/www.incorectpolitic.com\/scrisoare-deschisa-catre-neamul-romanesc\/\" title=\"Scrisoare Deschis\u0103 C\u0103tre Neamul Rom\u00e2nesc\">Scrisoare Deschis\u0103 C\u0103tre Neamul Rom\u00e2nesc<\/a><\/div>\n<\/article>\n<article class=\"post-26255 post type-post status-publish entry includes-feat-image\">\n<div class=\"featured-image alignleft\"><a class=\"featured_post_link\" href=\"https:\/\/www.incorectpolitic.com\/sociologia-eliberarii-si-curentele-laterale-de-sedimentare-revolutionara\/\" title=\"Sociologia Eliber\u0103rii \u0219i Curentele Laterale de Sedimentare Revolu\u021bionar\u0103\"><img loading=\"lazy\" decoding=\"async\" width=\"150\" height=\"150\" src=\"https:\/\/www.incorectpolitic.com\/wp-content\/uploads\/2020\/12\/nm3-150x150.png\" class=\"attachment-thumbnail size-thumbnail wp-post-image lazyload\" alt><img loading=\"lazy\" decoding=\"async\" width=\"150\" height=\"150\" src=\"https:\/\/www.incorectpolitic.com\/wp-content\/uploads\/2020\/12\/nm3-150x150.png\" class=\"attachment-thumbnail size-thumbnail wp-post-image\" alt data-eio=\"l\"><\/a><\/div>\n<div class=\"entry-title\"><a class=\"featured_post_link\" href=\"https:\/\/www.incorectpolitic.com\/sociologia-eliberarii-si-curentele-laterale-de-sedimentare-revolutionara\/\" title=\"Sociologia Eliber\u0103rii \u0219i Curentele Laterale de Sedimentare Revolu\u021bionar\u0103\">Sociologia Eliber\u0103rii \u0219i Curentele Laterale de Sedimentare Revolu\u021bionar\u0103<\/a><\/div>\n<\/article>\n<article class=\"post-21977 post type-post status-publish entry includes-feat-image\">\n<div class=\"featured-image alignleft\"><a class=\"featured_post_link\" href=\"https:\/\/www.incorectpolitic.com\/impotriva-fatalismului\/\" title=\"\u00cempotriva Fatalismului\"><img loading=\"lazy\" decoding=\"async\" width=\"150\" height=\"150\" src=\"https:\/\/www.incorectpolitic.com\/wp-content\/uploads\/2019\/04\/thumb-150x150.jpg\" class=\"attachment-thumbnail size-thumbnail wp-post-image lazyload\" alt><img loading=\"lazy\" decoding=\"async\" width=\"150\" height=\"150\" src=\"https:\/\/www.incorectpolitic.com\/wp-content\/uploads\/2019\/04\/thumb-150x150.jpg\" class=\"attachment-thumbnail size-thumbnail wp-post-image\" alt data-eio=\"l\"><\/a><\/div>\n<div class=\"entry-title\"><a class=\"featured_post_link\" href=\"https:\/\/www.incorectpolitic.com\/impotriva-fatalismului\/\" title=\"\u00cempotriva Fatalismului\">\u00cempotriva Fatalismului<\/a><\/div>\n<\/article>\n<article class=\"post-20844 post type-post status-publish entry includes-feat-image\">\n<div class=\"featured-image alignleft\"><a class=\"featured_post_link\" href=\"https:\/\/www.incorectpolitic.com\/inceputul-etapei-post-globaliste-mass-media-ultimul-obstacol\/\" title=\"\u00cenceputul Etapei Post-Globaliste \u2013  Mass Media Ultimul Obstacol\"><img loading=\"lazy\" decoding=\"async\" width=\"150\" height=\"150\" src=\"https:\/\/www.incorectpolitic.com\/wp-content\/uploads\/2019\/03\/https___cdn.cnn_.com_cnnnext_dam_assets_181202123002-yellow-vest-protest-150x150.jpg\" class=\"attachment-thumbnail size-thumbnail wp-post-image lazyload\" alt><img loading=\"lazy\" decoding=\"async\" width=\"150\" height=\"150\" src=\"https:\/\/www.incorectpolitic.com\/wp-content\/uploads\/2019\/03\/https___cdn.cnn_.com_cnnnext_dam_assets_181202123002-yellow-vest-protest-150x150.jpg\" class=\"attachment-thumbnail size-thumbnail wp-post-image\" alt data-eio=\"l\"><\/a><\/div>\n<div class=\"entry-title\"><a class=\"featured_post_link\" href=\"https:\/\/www.incorectpolitic.com\/inceputul-etapei-post-globaliste-mass-media-ultimul-obstacol\/\" title=\"\u00cenceputul Etapei Post-Globaliste \u2013  Mass Media Ultimul Obstacol\">\u00cenceputul Etapei Post-Globaliste \u2013  Mass Media Ultimul Obstacol<\/a><\/div>\n<\/article>\n<article class=\"post-19704 post type-post status-publish entry includes-feat-image\">\n<div class=\"featured-image alignleft\"><a class=\"featured_post_link\" href=\"https:\/\/www.incorectpolitic.com\/mlastina-mass-media-serial-complet\/\" title=\"Mla\u0219tina Mass Media  \u2013 Serial Complet\"><img loading=\"lazy\" decoding=\"async\" width=\"150\" height=\"150\" src=\"https:\/\/www.incorectpolitic.com\/wp-content\/uploads\/2018\/06\/colaj-modificat-1-768x278-150x150.jpg\" class=\"attachment-thumbnail size-thumbnail wp-post-image lazyload\" alt><img loading=\"lazy\" decoding=\"async\" width=\"150\" height=\"150\" src=\"https:\/\/www.incorectpolitic.com\/wp-content\/uploads\/2018\/06\/colaj-modificat-1-768x278-150x150.jpg\" class=\"attachment-thumbnail size-thumbnail wp-post-image\" alt data-eio=\"l\"><\/a><\/div>\n<div class=\"entry-title\"><a class=\"featured_post_link\" href=\"https:\/\/www.incorectpolitic.com\/mlastina-mass-media-serial-complet\/\" title=\"Mla\u0219tina Mass Media  \u2013 Serial Complet\">Mla\u0219tina Mass Media  \u2013 Serial Complet<\/a><\/div>\n<\/article>\n<article class=\"post-5104 post type-post status-publish entry includes-feat-image\">\n<div class=\"featured-image alignleft\"><a class=\"featured_post_link\" href=\"https:\/\/www.incorectpolitic.com\/momentul-1937\/\" title=\"Momentul 1937\"><img loading=\"lazy\" decoding=\"async\" width=\"150\" height=\"150\" src=\"https:\/\/www.incorectpolitic.com\/wp-content\/uploads\/2018\/03\/capitanul-codreanu2003a-150x150.jpg\" class=\"attachment-thumbnail size-thumbnail wp-post-image lazyload\" alt><img loading=\"lazy\" decoding=\"async\" width=\"150\" height=\"150\" src=\"https:\/\/www.incorectpolitic.com\/wp-content\/uploads\/2018\/03\/capitanul-codreanu2003a-150x150.jpg\" class=\"attachment-thumbnail size-thumbnail wp-post-image\" alt data-eio=\"l\"><\/a><\/div>\n<div class=\"entry-title\"><a class=\"featured_post_link\" href=\"https:\/\/www.incorectpolitic.com\/momentul-1937\/\" title=\"Momentul 1937\">Momentul 1937<\/a><\/div>\n<\/article>\n<article class=\"post-16914 post type-post status-publish entry includes-feat-image\">\n<div class=\"featured-image alignleft\"><a class=\"featured_post_link\" href=\"https:\/\/www.incorectpolitic.com\/portretul-romanului-iudeo-crestin\/\" title=\"Portretul Rom\u00e2nului Iudeo-Cre\u0219tin Iubitor de Infanticid\"><img loading=\"lazy\" decoding=\"async\" width=\"150\" height=\"150\" src=\"https:\/\/www.incorectpolitic.com\/wp-content\/uploads\/2019\/01\/venn-150x150.jpg\" class=\"attachment-thumbnail size-thumbnail wp-post-image lazyload\" alt><img loading=\"lazy\" decoding=\"async\" width=\"150\" height=\"150\" src=\"https:\/\/www.incorectpolitic.com\/wp-content\/uploads\/2019\/01\/venn-150x150.jpg\" class=\"attachment-thumbnail size-thumbnail wp-post-image\" alt data-eio=\"l\"><\/a><\/div>\n<div class=\"entry-title\"><a class=\"featured_post_link\" href=\"https:\/\/www.incorectpolitic.com\/portretul-romanului-iudeo-crestin\/\" title=\"Portretul Rom\u00e2nului Iudeo-Cre\u0219tin Iubitor de Infanticid\">Portretul Rom\u00e2nului Iudeo-Cre\u0219tin Iubitor de Infanticid<\/a><\/div>\n<\/article>\n<article class=\"post-13899 post type-post status-publish entry includes-feat-image\">\n<div class=\"featured-image alignleft\"><a class=\"featured_post_link\" href=\"https:\/\/www.incorectpolitic.com\/manifest-impotriva-national-sionismului\/\" title=\"Manifest \u00cempotriva Na\u021bional-Sionismului din Rom\u00e2nia\"><img loading=\"lazy\" decoding=\"async\" width=\"150\" height=\"150\" src=\"https:\/\/www.incorectpolitic.com\/wp-content\/uploads\/2018\/10\/z1-150x150.png\" class=\"attachment-thumbnail size-thumbnail wp-post-image lazyload\" alt><img loading=\"lazy\" decoding=\"async\" width=\"150\" height=\"150\" src=\"https:\/\/www.incorectpolitic.com\/wp-content\/uploads\/2018\/10\/z1-150x150.png\" class=\"attachment-thumbnail size-thumbnail wp-post-image\" alt data-eio=\"l\"><\/a><\/div>\n<div class=\"entry-title\"><a class=\"featured_post_link\" href=\"https:\/\/www.incorectpolitic.com\/manifest-impotriva-national-sionismului\/\" title=\"Manifest \u00cempotriva Na\u021bional-Sionismului din Rom\u00e2nia\">Manifest \u00cempotriva Na\u021bional-Sionismului din Rom\u00e2nia<\/a><\/div>\n<\/article>\n<article class=\"post-7498 post type-post status-publish entry includes-feat-image\">\n<div class=\"featured-image alignleft\"><a class=\"featured_post_link\" href=\"https:\/\/www.incorectpolitic.com\/istorie-zydokomuna-cea-mai-completa-lista-a-nomenclaturii-iudeo-bolsevice-din-romania\/\" title=\"Istorie: \u017bYDOKOMUNA, Cea Mai Complet\u0103 List\u0103 a Nomenclaturii Iudeo-Bol\u0219evice din Rom\u00e2nia\"><img loading=\"lazy\" decoding=\"async\" width=\"150\" height=\"150\" src=\"https:\/\/www.incorectpolitic.com\/wp-content\/uploads\/2018\/06\/holocaustul-rosu-150x150.jpg\" class=\"attachment-thumbnail size-thumbnail wp-post-image lazyload\" alt><img loading=\"lazy\" decoding=\"async\" width=\"150\" height=\"150\" src=\"https:\/\/www.incorectpolitic.com\/wp-content\/uploads\/2018\/06\/holocaustul-rosu-150x150.jpg\" class=\"attachment-thumbnail size-thumbnail wp-post-image\" alt data-eio=\"l\"><\/a><\/div>\n<div class=\"entry-title\"><a class=\"featured_post_link\" href=\"https:\/\/www.incorectpolitic.com\/istorie-zydokomuna-cea-mai-completa-lista-a-nomenclaturii-iudeo-bolsevice-din-romania\/\" title=\"Istorie: \u017bYDOKOMUNA, Cea Mai Complet\u0103 List\u0103 a Nomenclaturii Iudeo-Bol\u0219evice din Rom\u00e2nia\">Istorie: \u017bYDOKOMUNA, Cea Mai Complet\u0103 List\u0103 a Nomenclaturii Iudeo-Bol\u0219evice din Rom\u00e2nia<\/a><\/div>\n<\/article>\n<article class=\"post-6413 post type-post status-publish entry includes-feat-image\">\n<div class=\"featured-image alignleft\"><a class=\"featured_post_link\" href=\"https:\/\/www.incorectpolitic.com\/iudaismul-este-un-proiect-politic\/\" title=\"Iudaismul Este Un Proiect Politic\"><img loading=\"lazy\" decoding=\"async\" width=\"150\" height=\"150\" src=\"https:\/\/www.incorectpolitic.com\/wp-content\/uploads\/2018\/05\/israelzionismjudaism5-150x150.jpeg\" class=\"attachment-thumbnail size-thumbnail wp-post-image lazyload\" alt><img loading=\"lazy\" decoding=\"async\" width=\"150\" height=\"150\" src=\"https:\/\/www.incorectpolitic.com\/wp-content\/uploads\/2018\/05\/israelzionismjudaism5-150x150.jpeg\" class=\"attachment-thumbnail size-thumbnail wp-post-image\" alt data-eio=\"l\"><\/a><\/div>\n<div class=\"entry-title\"><a class=\"featured_post_link\" href=\"https:\/\/www.incorectpolitic.com\/iudaismul-este-un-proiect-politic\/\" title=\"Iudaismul Este Un Proiect Politic\">Iudaismul Este Un Proiect Politic<\/a><\/div>\n<\/article>\n<article class=\"post-5089 post type-post status-publish entry includes-feat-image\">\n<div class=\"featured-image alignleft\"><a class=\"featured_post_link\" href=\"https:\/\/www.incorectpolitic.com\/exploziv-si-excluziv-interviul-interzis-in-presa-romaneasca\/\" title=\"EXPLOZIV \u0218I EXCLUSIV: Interviul INTERZIS \u00een Presa Rom\u00e2neasc\u0103\"><img loading=\"lazy\" decoding=\"async\" width=\"150\" height=\"150\" src=\"https:\/\/www.incorectpolitic.com\/wp-content\/uploads\/2018\/03\/gscz6z-150x150.gif\" class=\"attachment-thumbnail size-thumbnail wp-post-image lazyload\" alt><img loading=\"lazy\" decoding=\"async\" width=\"150\" height=\"150\" src=\"https:\/\/www.incorectpolitic.com\/wp-content\/uploads\/2018\/03\/gscz6z-150x150.gif\" class=\"attachment-thumbnail size-thumbnail wp-post-image\" alt data-eio=\"l\"><\/a><\/div>\n<div class=\"entry-title\"><a class=\"featured_post_link\" href=\"https:\/\/www.incorectpolitic.com\/exploziv-si-excluziv-interviul-interzis-in-presa-romaneasca\/\" title=\"EXPLOZIV \u0218I EXCLUSIV: Interviul INTERZIS \u00een Presa Rom\u00e2neasc\u0103\">EXPLOZIV \u0218I EXCLUSIV: Interviul INTERZIS \u00een Presa Rom\u00e2neasc\u0103<\/a><\/div>\n<\/article>\n<article class=\"post-1109 post type-post status-publish entry includes-feat-image\">\n<div class=\"featured-image alignleft\"><a class=\"featured_post_link\" href=\"https:\/\/www.incorectpolitic.com\/ofensiva-spirituala-poloniei\/\" title=\"Ofensiva Spiritual\u0103 a Poloniei\"><img loading=\"lazy\" decoding=\"async\" width=\"150\" height=\"150\" src=\"https:\/\/www.incorectpolitic.com\/wp-content\/uploads\/2017\/10\/jesus-with-whip3-150x150.jpg\" class=\"attachment-thumbnail size-thumbnail wp-post-image lazyload\" alt><img loading=\"lazy\" decoding=\"async\" width=\"150\" height=\"150\" src=\"https:\/\/www.incorectpolitic.com\/wp-content\/uploads\/2017\/10\/jesus-with-whip3-150x150.jpg\" class=\"attachment-thumbnail size-thumbnail wp-post-image\" alt data-eio=\"l\"><\/a><\/div>\n<div class=\"entry-title\"><a class=\"featured_post_link\" href=\"https:\/\/www.incorectpolitic.com\/ofensiva-spirituala-poloniei\/\" title=\"Ofensiva Spiritual\u0103 a Poloniei\">Ofensiva Spiritual\u0103 a Poloniei<\/a><\/div>\n<\/article>\n<article class=\"post-5673 post type-post status-publish entry includes-feat-image\">\n<div class=\"featured-image alignleft\"><a class=\"featured_post_link\" href=\"https:\/\/www.incorectpolitic.com\/biciul-prigonirii-romanilor-este-in-mana-jidanilor\/\" title=\"Biciul Prigonirii Rom\u00e2nilor Este \u00een M\u00e2na Jidanilor!\"><img loading=\"lazy\" decoding=\"async\" width=\"150\" height=\"150\" src=\"https:\/\/www.incorectpolitic.com\/wp-content\/uploads\/2018\/04\/S.-Vexler-si-B.-Netanyahu-150x150.jpg\" class=\"attachment-thumbnail size-thumbnail wp-post-image lazyload\" alt><img loading=\"lazy\" decoding=\"async\" width=\"150\" height=\"150\" src=\"https:\/\/www.incorectpolitic.com\/wp-content\/uploads\/2018\/04\/S.-Vexler-si-B.-Netanyahu-150x150.jpg\" class=\"attachment-thumbnail size-thumbnail wp-post-image\" alt data-eio=\"l\"><\/a><\/div>\n<div class=\"entry-title\"><a class=\"featured_post_link\" href=\"https:\/\/www.incorectpolitic.com\/biciul-prigonirii-romanilor-este-in-mana-jidanilor\/\" title=\"Biciul Prigonirii Rom\u00e2nilor Este \u00een M\u00e2na Jidanilor!\">Biciul Prigonirii Rom\u00e2nilor Este \u00een M\u00e2na Jidanilor!<\/a><\/div>\n<\/article>\n<article class=\"post-80464 post type-post status-publish entry includes-feat-image\">\n<div class=\"featured-image alignleft\"><a class=\"featured_post_link\" href=\"https:\/\/www.incorectpolitic.com\/talmudismul-este-esenta-satanismului\/\" title=\"TALMUDISMUL ESTE ESEN\u021aA SATANISMULUI\"><img loading=\"lazy\" decoding=\"async\" width=\"150\" height=\"150\" src=\"https:\/\/www.incorectpolitic.com\/wp-content\/uploads\/2020\/02\/vasile-zarnescu-150x150.png\" class=\"attachment-thumbnail size-thumbnail wp-post-image lazyload\" alt><img loading=\"lazy\" decoding=\"async\" width=\"150\" height=\"150\" src=\"https:\/\/www.incorectpolitic.com\/wp-content\/uploads\/2020\/02\/vasile-zarnescu-150x150.png\" class=\"attachment-thumbnail size-thumbnail wp-post-image\" alt data-eio=\"l\"><\/a><\/div>\n<div class=\"entry-title\"><a class=\"featured_post_link\" href=\"https:\/\/www.incorectpolitic.com\/talmudismul-este-esenta-satanismului\/\" title=\"TALMUDISMUL ESTE ESEN\u021aA SATANISMULUI\">TALMUDISMUL ESTE ESEN\u021aA SATANISMULUI<\/a><\/div>\n<\/article>\n<article class=\"post-20005 post type-post status-publish entry includes-feat-image\">\n<div class=\"featured-image alignleft\"><a class=\"featured_post_link\" href=\"https:\/\/www.incorectpolitic.com\/viciul-matematic-elementar-v-m-e-2\/\" title=\"Viciul Matematic Elementar (V.M.E.)\"><img loading=\"lazy\" decoding=\"async\" width=\"150\" height=\"150\" src=\"https:\/\/www.incorectpolitic.com\/wp-content\/uploads\/2017\/12\/tell-lie-vision-150x150.jpg\" class=\"attachment-thumbnail size-thumbnail wp-post-image lazyload\" alt><img loading=\"lazy\" decoding=\"async\" width=\"150\" height=\"150\" src=\"https:\/\/www.incorectpolitic.com\/wp-content\/uploads\/2017\/12\/tell-lie-vision-150x150.jpg\" class=\"attachment-thumbnail size-thumbnail wp-post-image\" alt data-eio=\"l\"><\/a><\/div>\n<div class=\"entry-title\"><a class=\"featured_post_link\" href=\"https:\/\/www.incorectpolitic.com\/viciul-matematic-elementar-v-m-e-2\/\" title=\"Viciul Matematic Elementar (V.M.E.)\">Viciul Matematic Elementar (V.M.E.)<\/a><\/div>\n<\/article>\n<p>[analyse_source url=&#8221;https:\/\/www.incorectpolitic.com\/bolsevism-in-spania-guvernul-spaniol-vrea-sa-demoleze-monumentul-legionar-de-la-majadahonda\/&#8221;]<\/p>\n","protected":false},"excerpt":{"rendered":"<p>[analyse_image type=&#8221;featured&#8221; src=&#8221;https:\/\/www.incorectpolitic.com\/wp-content\/uploads\/2020\/03\/Monumentul_de_la_Majadahonda.jpg&#8221;] Vlad Voicu Incorect Politic Iulie 13, 2026 BOL\u0218EVISM \u00ceN SPANIA! Guvernul spaniol vrea s\u0103 demoleze monumentul legionar de la Majadahonda Fascismul italian a ap\u0103rut ca reac\u021bie la bol\u0219evismul jidovesc. Ast\u0103zi vedem cum bol\u0219evismul se a\u0219terne iar asupra Europei. Astfel c\u0103 vom vedea o nou\u0103 ascensiune a Fascismului, Na\u021bional-Socialismului \u0219i Na\u021bionalismului specific fiec\u0103rei [&hellip;]<\/p>\n","protected":false},"author":1,"featured_media":0,"comment_status":"open","ping_status":"","sticky":false,"template":"","format":"standard","meta":{"footnotes":""},"categories":[89],"tags":[226,95],"class_list":["post-2041414","post","type-post","status-publish","format-standard","hentry","category-romania","tag-crawlmanager","tag-incorectpolitic-com"],"_links":{"self":[{"href":"https:\/\/analyse.optim.biz\/index.php?rest_route=\/wp\/v2\/posts\/2041414","targetHints":{"allow":["GET"]}}],"collection":[{"href":"https:\/\/analyse.optim.biz\/index.php?rest_route=\/wp\/v2\/posts"}],"about":[{"href":"https:\/\/analyse.optim.biz\/index.php?rest_route=\/wp\/v2\/types\/post"}],"author":[{"embeddable":true,"href":"https:\/\/analyse.optim.biz\/index.php?rest_route=\/wp\/v2\/users\/1"}],"replies":[{"embeddable":true,"href":"https:\/\/analyse.optim.biz\/index.php?rest_route=%2Fwp%2Fv2%2Fcomments&post=2041414"}],"version-history":[{"count":0,"href":"https:\/\/analyse.optim.biz\/index.php?rest_route=\/wp\/v2\/posts\/2041414\/revisions"}],"wp:attachment":[{"href":"https:\/\/analyse.optim.biz\/index.php?rest_route=%2Fwp%2Fv2%2Fmedia&parent=2041414"}],"wp:term":[{"taxonomy":"category","embeddable":true,"href":"https:\/\/analyse.optim.biz\/index.php?rest_route=%2Fwp%2Fv2%2Fcategories&post=2041414"},{"taxonomy":"post_tag","embeddable":true,"href":"https:\/\/analyse.optim.biz\/index.php?rest_route=%2Fwp%2Fv2%2Ftags&post=2041414"}],"curies":[{"name":"wp","href":"https:\/\/api.w.org\/{rel}","templated":true}]}}