{"id":2041200,"date":"2026-07-13T18:28:45","date_gmt":"2026-07-13T15:28:45","guid":{"rendered":"https:\/\/analyse.optim.biz\/?p=2041200"},"modified":"2026-07-13T18:28:45","modified_gmt":"2026-07-13T15:28:45","slug":"accident-la-oradea-un-barbat-aflat-pe-trotineta-electrica-a-lovit-un-copil","status":"publish","type":"post","link":"https:\/\/analyse.optim.biz\/?p=2041200","title":{"rendered":"Accident la Oradea: Un b\u0103rbat aflat pe trotineta electric\u0103 a lovit un copil"},"content":{"rendered":"<p>[analyse_image type=&#8221;featured&#8221; src=&#8221;https:\/\/r3media.ro\/wp-content\/uploads\/2024\/04\/explozie-iasi-trotineta-electrica-e1713283701430.pnghttps:\/\/r3media.ro\/wp-content\/uploads\/2024\/04\/explozie-iasi-trotineta-electrica-e1713283701430.png&#8221;]<\/p>\n<article id=\"template-id-109\" class=\"post-109 tdb_templates type-tdb_templates status-publish post\">\n<div id=\"tdi_2\" class=\"tdc-zone\">\n<div class=\"tdc_zone tdi_3  wpb_row td-pb-row\">\n<div id=\"tdi_4\" class=\"tdc-row\">\n<div class=\"vc_row tdi_5  wpb_row td-pb-row\">\n<div class=\"vc_column tdi_7  wpb_column vc_column_container tdc-column td-pb-span8\">\n<div class=\"wpb_wrapper\">\n<div class=\"td_block_wrap tdb_breadcrumbs tdi_8 td-pb-border-top td_block_template_1 tdb-breadcrumbs \" data-td-block-uid=\"tdi_8\">\n<div class=\"tdb-block-inner td-fix-index\"><span><a title=\"Vede\u021bi toate articolele \u00een PRIM PLAN\" class=\"tdb-entry-crumb\" href=\"https:\/\/r3media.ro\/category\/stiri-prim-plan\/\">PRIM PLAN<\/a><\/span><span class=\"tdb-bred-no-url-last\">Accident la Oradea: Un b\u0103rbat aflat pe trotineta electric\u0103 a lovit un&#8230;<\/span><\/div>\n<\/div>\n<div class=\"td_block_wrap tdb_single_categories tdi_9 td-pb-border-top td_block_template_1 \" data-td-block-uid=\"tdi_9\">\n<div class=\"tdb-category td-fix-index\"><a class=\"tdb-entry-category\" href=\"https:\/\/r3media.ro\/category\/stiri-prim-plan\/\">PRIM PLAN<\/a><a class=\"tdb-entry-category\" href=\"https:\/\/r3media.ro\/category\/stiri\/\">\u0218TIRI<\/a><\/div>\n<\/div>\n<div class=\"td_block_wrap tdb_title tdi_10 tdb-single-title td-pb-border-top td_block_template_1\" data-td-block-uid=\"tdi_10\">\n<div class=\"tdb-block-inner td-fix-index\">\n<h1 class=\"tdb-title-text\">Accident la Oradea: Un b\u0103rbat aflat pe trotineta electric\u0103 a lovit un copil<\/h1>\n<\/div>\n<\/div>\n<div class=\"vc_row_inner tdi_12  vc_row vc_inner wpb_row td-pb-row\">\n<div class=\"vc_column_inner tdi_14  wpb_column vc_column_container tdc-inner-column td-pb-span12\">\n<div class=\"vc_column-inner\">\n<div class=\"wpb_wrapper\">\n<div class=\"td_block_wrap tdb_single_author tdi_15 td-pb-border-top td_block_template_1 tdb-post-meta\" data-td-block-uid=\"tdi_15\">\n<div class=\"tdb-block-inner td-fix-index\">\n<div class=\"tdb-author-name-wrap\"><a class=\"tdb-author-name\" href=\"https:\/\/r3media.ro\/author\/oana\/\">Oana Ivan<\/a><\/div>\n<\/div>\n<\/div>\n<div class=\"td_block_wrap tdb_single_date tdi_16 td-pb-border-top td_block_template_1 tdb-post-meta\" data-td-block-uid=\"tdi_16\">\n<div class=\"tdb-block-inner td-fix-index\"><time class=\"entry-date updated td-module-date\" datetime=\"2026-07-13T21:28:45+03:00\">13\/07\/2026<\/time><\/div>\n<\/div>\n<\/div>\n<\/div>\n<\/div>\n<\/div>\n<div class=\"td_block_wrap tdb_single_featured_image tdi_17 tdb-content-horiz-left td-pb-border-top td_block_template_1\" data-td-block-uid=\"tdi_17\">\n<div class=\"tdb-block-inner td-fix-index\">\n<figure><figcaption class=\"tdb-caption-text\">Surs\u0103 &#8211; Unsplash<\/figcaption><\/figure>\n<\/div>\n<\/div>\n<div class=\"td_block_wrap tdb_single_content tdi_18 td-pb-border-top td_block_template_1 td-post-content tagdiv-type\" data-td-block-uid=\"tdi_18\">\n<div class=\"tdb-block-inner td-fix-index\">\n<p><strong>Un accident de circula\u021bie cu trotineta electric\u0103, eveniment care ar fi putut avea urm\u0103ri grave, s-a petrecut luni seara la Oradea. Potrivit IPJ Bihor, la ora 19:39, a fost semnalat printr-un apel la 112 lovirea unui minor care a fost transportat la spital.<\/strong><\/p>\n<p>Martorii sus\u021bin c\u0103 accidentul s-ar fi produs \u00een zona unui parc cu loc de joac\u0103. Potrivit acestora, parcul este frecventat \u00een fiecare sear\u0103 de numero\u0219i copii \u00eenso\u021bi\u021bi de p\u0103rin\u021bi.<\/p>\n<p>Se pare c\u0103 un b\u0103rbat aflat pe <strong><a href=\"https:\/\/r3media.ro\/tag\/trotinete-electrice\/\" target=\"_blank\" rel=\"noopener\">trotineta electric\u0103<\/a><\/strong> a lovit din plin un copil, conform <a href=\"https:\/\/www.bihon.ro\/stirile-judetului-bihor\/accident-pe-strada-fagarasului-din-oradea-un-minor-lovit-de-o-trotineta-electrica-a-fost-transportat-la-spital-5337180\/\" target=\"_blank\" rel=\"noopener\">Bihon<\/a>.<\/p>\n<p>Poli\u021bi\u0219tii Biroului Rutier Oradea efectueaz\u0103 cercet\u0103ri pentru stabilirea cauzei \u0219i a \u00eemprejur\u0103rilor \u00een care s-a produs evenimentul rutier.<\/p>\n<p>Nu este primul accident de acest fel din Rom\u00e2nia. \u00cen ultimii ani au existat sute de coliziuni, multe dintre acestea fatale.<\/p>\n<div class=\"crp_related     crp-masonry\">\n<h2>\u00ceN CONTEXT<\/h2>\n<ul>\n<li><a href=\"https:\/\/r3media.ro\/fara-tine-in-google-r3media-dispare-iata-ce-poti-face-in-10-secunde\/\" class=\"crp_link post-119031\"><span class=\"crp_title\">F\u0103r\u0103 tine \u00een Google, R3media dispare. Iat\u0103 ce po\u021bi face \u00een 10 secunde<\/span><\/a><\/li>\n<li><a href=\"https:\/\/r3media.ro\/video-jandarmii-scut-uman-mars-lgbt-oradea-ambasadoare-olanda-participanti-sanctionati\/\" class=\"crp_link post-111989\"><span class=\"crp_title\">VIDEO | Jandarmii au f\u0103cut un scut uman \u0219i au oprit mar\u0219ul LGBT din Oradea. La manifesta\u021bia\u2026<\/span><\/a><\/li>\n<\/ul>\n<\/div>\n<\/div>\n<\/div>\n<div class=\"td_block_wrap tdb_single_tags tdi_19 td-pb-border-top td_block_template_1\" data-td-block-uid=\"tdi_19\">\n<div class=\"tdb-block-inner td-fix-index\">\n<ul class=\"tdb-tags\">\n<li><span>SUBIECTE FIERBIN\u021aI<\/span><\/li>\n<li><a href=\"https:\/\/r3media.ro\/tag\/oradea\/\">oradea<\/a><\/li>\n<li><a href=\"https:\/\/r3media.ro\/tag\/trotinete-electrice\/\">trotinete electrice<\/a><\/li>\n<\/ul>\n<\/div>\n<\/div>\n<div class=\"td_block_wrap td_block_9 tdi_20 td_with_ajax_pagination td-pb-border-top td_block_template_1 td-column-2 td_block_padding td_block_bot_line\" data-td-block-uid=\"tdi_20\">\n<div class=\"td-block-title-wrap\">\n<h4 class=\"block-title td-block-title\"><span class=\"td-pulldown-size\">CITE\u0218TE MAI MULT<\/span><\/h4>\n<\/div>\n<div id=\"tdi_20\" class=\"td_block_inner\">\n<div class=\"td-block-row\">\n<div class=\"td-block-span6\">\n<div class=\"td_module_8 td_module_wrap\">\n<div class=\"item-details\">\n<h3 class=\"entry-title td-module-title\"><a href=\"https:\/\/r3media.ro\/sofer-surpriza-neplacuta-benzinarie-austria-oprit-apa-portbagaj\/\" rel=\"bookmark\" title=\"Un \u0219ofer a avut parte de o surpriz\u0103 nepl\u0103cut\u0103 la benzin\u0103rie dup\u0103 ce a oprit un minut \u0219i 28 de secunde pentru a scoate o sticl\u0103 de ap\u0103 din portbagaj\">Un \u0219ofer a avut parte de o surpriz\u0103 nepl\u0103cut\u0103 la benzin\u0103rie dup\u0103 ce a&#8230;<\/a><\/h3>\n<div class=\"td-module-meta-info\"><a href=\"https:\/\/r3media.ro\/category\/actualitate\/\" class=\"td-post-category\">ACTUALITATE<\/a><span class=\"td-post-author-name\"><a href=\"https:\/\/r3media.ro\/author\/oana\/\">Oana Ivan<\/a><span>&#8211;<\/span><\/span><span class=\"td-post-date\"><time class=\"entry-date updated td-module-date\" datetime=\"2026-07-11T13:00:01+03:00\">11\/07\/2026<\/time><\/span><\/div>\n<\/div>\n<\/div>\n<\/div>\n<div class=\"td-block-span6\">\n<div class=\"td_module_8 td_module_wrap\">\n<div class=\"item-details\">\n<h3 class=\"entry-title td-module-title\"><a href=\"https:\/\/r3media.ro\/guvernul-sanchez-demoleaza-monumentul-de-la-majadahonda-ion-mota-vasile-marin-lupta-rzaboiul-civil-spaniol-comunisti\/\" rel=\"bookmark\" title=\"Guvernul Sanchez demoleaz\u0103 Monumentul de la Majadahonda, dedicat lui Ion Mo\u021ba \u0219i Vasile Marin, rom\u00e2nii care au luptat \u00eempotriva comuni\u0219tilor \u00een R\u0103zboiul Civil Spaniol\">Guvernul Sanchez demoleaz\u0103 Monumentul de la Majadahonda, dedicat lui Ion Mo\u021ba \u0219i Vasile Marin,&#8230;<\/a><\/h3>\n<div class=\"td-module-meta-info\"><a href=\"https:\/\/r3media.ro\/category\/stiri-prim-plan\/\" class=\"td-post-category\">PRIM PLAN<\/a><span class=\"td-post-author-name\"><a href=\"https:\/\/r3media.ro\/author\/oana\/\">Oana Ivan<\/a><span>&#8211;<\/span><\/span><span class=\"td-post-date\"><time class=\"entry-date updated td-module-date\" datetime=\"2026-07-12T01:11:49+03:00\">12\/07\/2026<\/time><\/span><\/div>\n<\/div>\n<\/div>\n<\/div>\n<\/div>\n<div class=\"td-block-row\">\n<div class=\"td-block-span6\">\n<div class=\"td_module_8 td_module_wrap\">\n<div class=\"item-details\">\n<h3 class=\"entry-title td-module-title\"><a href=\"https:\/\/r3media.ro\/o-femeie-mentalitate-femei-moderne-printese-disney\/\" rel=\"bookmark\" title=\"VIDEO | O femeie critic\u0103 mentalitatea femeii moderne care distruge rela\u021bia cu b\u0103rbatul s\u0103u: Suntem crescute \u00een ideea de prin\u021bese, dar nu suntem la Disney\">VIDEO | O femeie critic\u0103 mentalitatea femeii moderne care distruge rela\u021bia cu b\u0103rbatul s\u0103u:&#8230;<\/a><\/h3>\n<div class=\"td-module-meta-info\"><a href=\"https:\/\/r3media.ro\/category\/actualitate\/\" class=\"td-post-category\">ACTUALITATE<\/a><span class=\"td-post-author-name\"><a href=\"https:\/\/r3media.ro\/author\/teodor_stan\/\">Teodor Stan<\/a><span>&#8211;<\/span><\/span><span class=\"td-post-date\"><time class=\"entry-date updated td-module-date\" datetime=\"2026-07-10T12:47:58+03:00\">10\/07\/2026<\/time><\/span><\/div>\n<\/div>\n<\/div>\n<\/div>\n<div class=\"td-block-span6\">\n<div class=\"td_module_8 td_module_wrap\">\n<div class=\"item-details\">\n<h3 class=\"entry-title td-module-title\"><a href=\"https:\/\/r3media.ro\/cutremur-5-5-grade-scara-richter-resimtit-cehia-slovacia\/\" rel=\"bookmark\" title=\"Cutremur de 5.5 grade pe scara Richter. S-a resim\u021bit \u00een Cehia \u0219i Slovacia\">Cutremur de 5.5 grade pe scara Richter. S-a resim\u021bit \u00een Cehia \u0219i Slovacia<\/a><\/h3>\n<div class=\"td-module-meta-info\"><a href=\"https:\/\/r3media.ro\/category\/actualitate\/\" class=\"td-post-category\">ACTUALITATE<\/a><span class=\"td-post-author-name\"><a href=\"https:\/\/r3media.ro\/author\/oana\/\">Oana Ivan<\/a><span>&#8211;<\/span><\/span><span class=\"td-post-date\"><time class=\"entry-date updated td-module-date\" datetime=\"2026-07-09T20:48:24+03:00\">09\/07\/2026<\/time><\/span><\/div>\n<\/div>\n<\/div>\n<\/div>\n<\/div>\n<div class=\"td-block-row\">\n<div class=\"td-block-span6\">\n<div class=\"td_module_8 td_module_wrap\">\n<div class=\"item-details\">\n<h3 class=\"entry-title td-module-title\"><a href=\"https:\/\/r3media.ro\/presedintele-croatiei-interesele-poporului-ursula-von-der-leyen\/\" rel=\"bookmark\" title=\"Pre\u0219edintele Croa\u021biei spune c\u0103 este obligat s\u0103 apere interesele poporului s\u0103u, \u201enu s\u0103 urmez orbe\u0219te trenduri sau s\u0103 repet ca un papagal frazele care \u00eei plac Ursulei von der Leyen\u201d\">Pre\u0219edintele Croa\u021biei spune c\u0103 este obligat s\u0103 apere interesele poporului s\u0103u, \u201enu s\u0103 urmez&#8230;<\/a><\/h3>\n<div class=\"td-module-meta-info\"><a href=\"https:\/\/r3media.ro\/category\/actualitate\/\" class=\"td-post-category\">ACTUALITATE<\/a><span class=\"td-post-author-name\"><a href=\"https:\/\/r3media.ro\/author\/radu_ursan\/\">Radu Ursan<\/a><span>&#8211;<\/span><\/span><span class=\"td-post-date\"><time class=\"entry-date updated td-module-date\" datetime=\"2026-07-08T22:42:08+03:00\">08\/07\/2026<\/time><\/span><\/div>\n<\/div>\n<\/div>\n<\/div>\n<div class=\"td-block-span6\">\n<div class=\"td_module_8 td_module_wrap\">\n<div class=\"item-details\">\n<h3 class=\"entry-title td-module-title\"><a href=\"https:\/\/r3media.ro\/femeie-cumparat-automobil-electric-mana-a-doua-surpriza-plecat-masina\/\" rel=\"bookmark\" title=\"O femeie care \u0219i-a achizi\u021bionat un automobil electric la m\u00e2na a doua a avut parte de o surpriz\u0103 imediat dup\u0103 ce a plecat cu ma\u0219ina\">O femeie care \u0219i-a achizi\u021bionat un automobil electric la m\u00e2na a doua a avut&#8230;<\/a><\/h3>\n<div class=\"td-module-meta-info\"><a href=\"https:\/\/r3media.ro\/category\/actualitate\/\" class=\"td-post-category\">ACTUALITATE<\/a><span class=\"td-post-author-name\"><a href=\"https:\/\/r3media.ro\/author\/oana\/\">Oana Ivan<\/a><span>&#8211;<\/span><\/span><span class=\"td-post-date\"><time class=\"entry-date updated td-module-date\" datetime=\"2026-07-08T19:56:23+03:00\">08\/07\/2026<\/time><\/span><\/div>\n<\/div>\n<\/div>\n<\/div>\n<\/div>\n<div class=\"td-block-row\">\n<div class=\"td-block-span6\">\n<div class=\"td_module_8 td_module_wrap\">\n<div class=\"item-details\">\n<h3 class=\"entry-title td-module-title\"><a href=\"https:\/\/r3media.ro\/lectii-de-inapoiere\/\" rel=\"bookmark\" title=\"Lec\u021bii de \u00eenapoiere\">Lec\u021bii de \u00eenapoiere<\/a><\/h3>\n<div class=\"td-module-meta-info\"><a href=\"https:\/\/r3media.ro\/category\/opinii\/\" class=\"td-post-category\">OPINII<\/a><span class=\"td-post-author-name\"><a href=\"https:\/\/r3media.ro\/author\/tru\/\">TRU (Traian Ungureanu)<\/a><span>&#8211;<\/span><\/span><span class=\"td-post-date\"><time class=\"entry-date updated td-module-date\" datetime=\"2026-07-07T14:50:09+03:00\">07\/07\/2026<\/time><\/span><\/div>\n<\/div>\n<\/div>\n<\/div>\n<div class=\"td-block-span6\">\n<div class=\"td_module_8 td_module_wrap\">\n<div class=\"item-details\">\n<h3 class=\"entry-title td-module-title\"><a href=\"https:\/\/r3media.ro\/dreptate-pentru-memoria-lui-mircea-vulcanescu\/\" rel=\"bookmark\" title=\"Dreptate pentru memoria lui Mircea Vulc\u0103nescu\">Dreptate pentru memoria lui Mircea Vulc\u0103nescu<\/a><\/h3>\n<div class=\"td-module-meta-info\"><a href=\"https:\/\/r3media.ro\/category\/opinii\/\" class=\"td-post-category\">OPINII<\/a><span class=\"td-post-author-name\"><a href=\"https:\/\/r3media.ro\/author\/bogdan-munteanu\/\">Bogdan Munteanu<\/a><span>&#8211;<\/span><\/span><span class=\"td-post-date\"><time class=\"entry-date updated td-module-date\" datetime=\"2026-07-03T15:27:06+03:00\">03\/07\/2026<\/time><\/span><\/div>\n<\/div>\n<\/div>\n<\/div>\n<\/div>\n<div class=\"td-block-row\">\n<div class=\"td-block-span6\">\n<div class=\"td_module_8 td_module_wrap\">\n<div class=\"item-details\">\n<h3 class=\"entry-title td-module-title\"><a href=\"https:\/\/r3media.ro\/un-baietel-de-10-ani-are-nevoie-urgent-de-930-000-de-euro-pentru-a-trai-apelul-parintelui-alexandru-lungu\/\" rel=\"bookmark\" title=\"Un b\u0103ie\u021bel de 10 ani are nevoie URGENT de 930.000 de euro pentru a tr\u0103i. Apelul p\u0103rintelui Alexandru Lungu\">Un b\u0103ie\u021bel de 10 ani are nevoie URGENT de 930.000 de euro pentru a&#8230;<\/a><\/h3>\n<div class=\"td-module-meta-info\"><a href=\"https:\/\/r3media.ro\/category\/actualitate\/\" class=\"td-post-category\">ACTUALITATE<\/a><span class=\"td-post-author-name\"><a href=\"https:\/\/r3media.ro\/author\/redactia\/\">Redac\u021bia<\/a><span>&#8211;<\/span><\/span><span class=\"td-post-date\"><time class=\"entry-date updated td-module-date\" datetime=\"2026-07-01T14:14:11+03:00\">01\/07\/2026<\/time><\/span><\/div>\n<\/div>\n<\/div>\n<\/div>\n<div class=\"td-block-span6\">\n<div class=\"td_module_8 td_module_wrap\">\n<div class=\"item-details\">\n<h3 class=\"entry-title td-module-title\"><a href=\"https:\/\/r3media.ro\/solutie-istorica-curtea-de-apel-bucuresti-mircea-vulcanescu-nu-e-criminal-de-razboi\/\" rel=\"bookmark\" title=\"Solu\u021bie istoric\u0103 a Cur\u021bii de Apel Bucure\u0219ti \u00een cazul \u201eMircea Vulc\u0103nescu\u201d\">Solu\u021bie istoric\u0103 a Cur\u021bii de Apel Bucure\u0219ti \u00een cazul \u201eMircea Vulc\u0103nescu\u201d<\/a><\/h3>\n<div class=\"td-module-meta-info\"><a href=\"https:\/\/r3media.ro\/category\/actualitate\/\" class=\"td-post-category\">ACTUALITATE<\/a><span class=\"td-post-author-name\"><a href=\"https:\/\/r3media.ro\/author\/redactia\/\">Redac\u021bia<\/a><span>&#8211;<\/span><\/span><span class=\"td-post-date\"><time class=\"entry-date updated td-module-date\" datetime=\"2026-07-02T16:26:05+03:00\">02\/07\/2026<\/time><\/span><\/div>\n<\/div>\n<\/div>\n<\/div>\n<\/div>\n<div class=\"td-block-row\">\n<div class=\"td-block-span6\">\n<div class=\"td_module_8 td_module_wrap\">\n<div class=\"item-details\">\n<h3 class=\"entry-title td-module-title\"><a href=\"https:\/\/r3media.ro\/nicusor-dan-articol-presa-americana-luptatori-munti-trump\/\" rel=\"bookmark\" title=\"Nicu\u0219or Dan a publicat un articol \u00een presa american\u0103, \u00een care laud\u0103 lupt\u0103torii din mun\u021bi para\u0219uta\u021bi de SUA \u0219i pe pre\u0219edintele Trump\">Nicu\u0219or Dan a publicat un articol \u00een presa american\u0103, \u00een care laud\u0103 lupt\u0103torii din&#8230;<\/a><\/h3>\n<div class=\"td-module-meta-info\"><a href=\"https:\/\/r3media.ro\/category\/actualitate\/\" class=\"td-post-category\">ACTUALITATE<\/a><span class=\"td-post-author-name\"><a href=\"https:\/\/r3media.ro\/author\/redactia\/\">Redac\u021bia<\/a><span>&#8211;<\/span><\/span><span class=\"td-post-date\"><time class=\"entry-date updated td-module-date\" datetime=\"2026-07-02T12:17:31+03:00\">02\/07\/2026<\/time><\/span><\/div>\n<\/div>\n<\/div>\n<\/div>\n<div class=\"td-block-span6\">\n<div class=\"td_module_8 td_module_wrap\">\n<div class=\"item-details\">\n<h3 class=\"entry-title td-module-title\"><a href=\"https:\/\/r3media.ro\/suc-cico-bautura-carbogazoasa-fructe-naturala\/\" rel=\"bookmark\" title=\"Sucul CICO, subiect de ironii azi, era singura b\u0103utura carbogazoas\u0103 f\u0103cut EXCLUSIV din fructe \u0219i f\u0103r\u0103 conservan\u021bi chimici\">Sucul CICO, subiect de ironii azi, era singura b\u0103utura carbogazoas\u0103 f\u0103cut EXCLUSIV din fructe&#8230;<\/a><\/h3>\n<div class=\"td-module-meta-info\"><a href=\"https:\/\/r3media.ro\/category\/actualitate\/\" class=\"td-post-category\">ACTUALITATE<\/a><span class=\"td-post-author-name\"><a href=\"https:\/\/r3media.ro\/author\/radu_ursan\/\">Radu Ursan<\/a><span>&#8211;<\/span><\/span><span class=\"td-post-date\"><time class=\"entry-date updated td-module-date\" datetime=\"2026-07-01T18:44:17+03:00\">01\/07\/2026<\/time><\/span><\/div>\n<\/div>\n<\/div>\n<\/div>\n<\/div>\n<\/div>\n<div class=\"td-load-more-wrap td-load-more-infinite-wrap\" id=\"infinite-lm-tdi_20\"><a href=\"https:\/\/r3media.ro\/trotineta-electrica-oradea-accident-copil\/\" class=\"td_ajax_load_more td_ajax_load_more_js\" aria-label=\"\u00cenc\u0103rca\u021bi mai multe\" id=\"next-page-tdi_20\" data-td_block_id=\"tdi_20\">\u00cenc\u0103rca\u021bi mai multe<\/a><\/div>\n<\/div>\n<div class=\"td_block_wrap tdb_single_comments tdi_21 tdb-comm-layout2 td-pb-border-top td_block_template_1\" data-td-block-uid=\"tdi_21\">\n<div class=\"tdb-block-inner td-fix-index\">\n<div class=\"comments\" id=\"comments\">\n<div id=\"respond\" class=\"comment-respond\">\n<h3 id=\"reply-title\" class=\"comment-reply-title\">AI CEVA DE SPUS? <small><a rel=\"nofollow\" id=\"cancel-comment-reply-link\" href=\"https:\/\/r3media.ro\/trotineta-electrica-oradea-accident-copil\/#respond\">Renun\u021ba\u021bi la r\u0103spuns<\/a><\/small><\/h3>\n<div class=\"comment-form-input-wrap td-form-comment\">\n<div class=\"td-warning-comment\">V\u0103 rug\u0103m s\u0103 introduce\u021bi comentariul dvs.!<\/div>\n<\/div>\n<div class=\"comment-form-input-wrap td-form-author\">\n<div class=\"td-warning-author\">Introduce\u021bi aici numele dvs.<\/div>\n<\/div>\n<div class=\"comment-form-input-wrap td-form-email\">\n<div class=\"td-warning-email-error\">A\u021bi introdus o adres\u0103 de e-mail incorect\u0103!<\/div>\n<div class=\"td-warning-email\">V\u0103 rug\u0103m s\u0103 introduce\u021bi adresa dvs. de e-mail aici<\/div>\n<\/div>\n<\/div>\n<\/div>\n<\/div>\n<\/div>\n<\/div>\n<\/div>\n<div class=\"vc_column tdi_23  wpb_column vc_column_container tdc-column td-pb-span4 td-is-sticky\">\n<div class=\"wpb_wrapper\" data-sticky-enabled-on=\"W3RydWUsdHJ1ZSx0cnVlLHRydWVd\" data-sticky-offset=\"20\" data-sticky-is-width-auto=\"W2ZhbHNlLGZhbHNlLGZhbHNlLGZhbHNlXQ==\">\n<div class=\"wpb_wrapper td_block_wrap vc_widget_sidebar tdi_25 \">\n<div class=\"td_block_wrap td_block_7 td_block_widget tdi_26 td-pb-border-top td_block_template_1 td-column-1 td_block_padding\" data-td-block-uid=\"tdi_26\">\n<div class=\"td-block-title-wrap\">\n<h4 class=\"block-title td-block-title\"><span class=\"td-pulldown-size\">Articole RELA\u021aIONATE<\/span><\/h4>\n<\/div>\n<div id=\"tdi_26\" class=\"td_block_inner\">\n<div class=\"td-block-span12\">\n<div class=\"td_module_6 td_module_wrap td-animation-stack\">\n<div class=\"td-module-thumb\"><a href=\"https:\/\/r3media.ro\/george-simion-pastreaza-consecventa-votam-guvern-aur-oameni-demni-electorat\/\" rel=\"bookmark\" class=\"td-image-wrap \" title=\"George Simion: Vot\u0103m doar un guvern din care AUR face parte. Noi suntem oameni demni care ne respect\u0103m electoratul\"><img loading=\"lazy\" decoding=\"async\" class=\"entry-thumb\" src=\"https:\/\/r3media.ro\/wp-content\/uploads\/2026\/06\/george-simion-100x70.jpeg\" alt title=\"George Simion: Vot\u0103m doar un guvern din care AUR face parte. Noi suntem oameni demni care ne respect\u0103m electoratul\" width=\"100\" height=\"70\"><\/a><\/div>\n<div class=\"item-details\">\n<h3 class=\"entry-title td-module-title\"><a href=\"https:\/\/r3media.ro\/george-simion-pastreaza-consecventa-votam-guvern-aur-oameni-demni-electorat\/\" rel=\"bookmark\" title=\"George Simion: Vot\u0103m doar un guvern din care AUR face parte. Noi suntem oameni demni care ne respect\u0103m electoratul\">George Simion: Vot\u0103m doar un guvern din care AUR face parte&#8230;.<\/a><\/h3>\n<div class=\"td-module-meta-info\"><span class=\"td-post-date\"><time class=\"entry-date updated td-module-date\" datetime=\"2026-07-13T21:12:55+03:00\">13\/07\/2026<\/time><\/span><\/div>\n<\/div>\n<\/div>\n<\/div>\n<div class=\"td-block-span12\">\n<div class=\"td_module_6 td_module_wrap td-animation-stack\">\n<div class=\"td-module-thumb\"><a href=\"https:\/\/r3media.ro\/ambasadorul-germaniei-la-chisinau-revine-nu-a-fost-intentia-mea-sa-pun-sub-semnul-intrebarii-unitatea-chestiunii-romanesti-sau-a-credintei-crestin-ortodoxe\/\" rel=\"bookmark\" class=\"td-image-wrap \" title=\"Ambasadorul Germaniei la Chi\u0219in\u0103u revine: Nu a fost inten\u0163ia mea s\u0103 pun sub semnul \u00eentreb\u0103rii unitatea chestiunii rom\u00e2ne\u015fti sau a credin\u0163ei cre\u015ftin ortodoxe\"><img loading=\"lazy\" decoding=\"async\" class=\"entry-thumb\" src=\"https:\/\/r3media.ro\/wp-content\/uploads\/2026\/07\/ambasador-germania-moldova-100x70.jpg\" alt title=\"Ambasadorul Germaniei la Chi\u0219in\u0103u revine: Nu a fost inten\u0163ia mea s\u0103 pun sub semnul \u00eentreb\u0103rii unitatea chestiunii rom\u00e2ne\u015fti sau a credin\u0163ei cre\u015ftin ortodoxe\" width=\"100\" height=\"70\"><\/a><\/div>\n<div class=\"item-details\">\n<h3 class=\"entry-title td-module-title\"><a href=\"https:\/\/r3media.ro\/ambasadorul-germaniei-la-chisinau-revine-nu-a-fost-intentia-mea-sa-pun-sub-semnul-intrebarii-unitatea-chestiunii-romanesti-sau-a-credintei-crestin-ortodoxe\/\" rel=\"bookmark\" title=\"Ambasadorul Germaniei la Chi\u0219in\u0103u revine: Nu a fost inten\u0163ia mea s\u0103 pun sub semnul \u00eentreb\u0103rii unitatea chestiunii rom\u00e2ne\u015fti sau a credin\u0163ei cre\u015ftin ortodoxe\">Ambasadorul Germaniei la Chi\u0219in\u0103u revine: Nu a fost inten\u0163ia mea s\u0103&#8230;<\/a><\/h3>\n<div class=\"td-module-meta-info\"><span class=\"td-post-date\"><time class=\"entry-date updated td-module-date\" datetime=\"2026-07-13T14:13:48+03:00\">13\/07\/2026<\/time><\/span><\/div>\n<\/div>\n<\/div>\n<\/div>\n<div class=\"td-block-span12\">\n<div class=\"td_module_6 td_module_wrap td-animation-stack\">\n<div class=\"td-module-thumb\"><a href=\"https:\/\/r3media.ro\/strainii-casatoriti-cu-romani-stabiliti-in-afara-tarii-ar-putea-deveni-cetateni-romani-desi-n-au-calcat-niciodata-in-romania\/\" rel=\"bookmark\" class=\"td-image-wrap \" title=\"Str\u0103inii c\u0103s\u0103tori\u021bi cu rom\u00e2ni stabili\u021bi \u00een afara \u021b\u0103rii ar putea deveni cet\u0103\u021beni rom\u00e2ni de\u0219i n-au c\u0103lcat niciodat\u0103 \u00een Rom\u00e2nia\"><img loading=\"lazy\" decoding=\"async\" class=\"entry-thumb\" src=\"https:\/\/r3media.ro\/wp-content\/uploads\/2026\/07\/stare-civila-100x70.jpg\" alt title=\"Str\u0103inii c\u0103s\u0103tori\u021bi cu rom\u00e2ni stabili\u021bi \u00een afara \u021b\u0103rii ar putea deveni cet\u0103\u021beni rom\u00e2ni de\u0219i n-au c\u0103lcat niciodat\u0103 \u00een Rom\u00e2nia\" width=\"100\" height=\"70\"><\/a><\/div>\n<div class=\"item-details\">\n<h3 class=\"entry-title td-module-title\"><a href=\"https:\/\/r3media.ro\/strainii-casatoriti-cu-romani-stabiliti-in-afara-tarii-ar-putea-deveni-cetateni-romani-desi-n-au-calcat-niciodata-in-romania\/\" rel=\"bookmark\" title=\"Str\u0103inii c\u0103s\u0103tori\u021bi cu rom\u00e2ni stabili\u021bi \u00een afara \u021b\u0103rii ar putea deveni cet\u0103\u021beni rom\u00e2ni de\u0219i n-au c\u0103lcat niciodat\u0103 \u00een Rom\u00e2nia\">Str\u0103inii c\u0103s\u0103tori\u021bi cu rom\u00e2ni stabili\u021bi \u00een afara \u021b\u0103rii ar putea deveni&#8230;<\/a><\/h3>\n<div class=\"td-module-meta-info\"><span class=\"td-post-date\"><time class=\"entry-date updated td-module-date\" datetime=\"2026-07-13T12:10:13+03:00\">13\/07\/2026<\/time><\/span><\/div>\n<\/div>\n<\/div>\n<\/div>\n<div class=\"td-block-span12\">\n<div class=\"td_module_6 td_module_wrap td-animation-stack\">\n<div class=\"td-module-thumb\"><a href=\"https:\/\/r3media.ro\/romania-si-slovenia-singurele-state-din-est-care-s-au-alaturat-sua-in-condamnarea-chinei-intr-o-speta-de-acum-10-ani\/\" rel=\"bookmark\" class=\"td-image-wrap \" title=\"Rom\u00e2nia \u0219i Slovenia, singurele state din Est care s-au al\u0103turat SUA \u00een condamnarea Chinei \u00eentr-o spe\u021b\u0103 de acum 10 ani\"><img loading=\"lazy\" decoding=\"async\" class=\"entry-thumb\" src=\"https:\/\/r3media.ro\/wp-content\/uploads\/2023\/06\/SUA-si-China--100x70.webp\" alt title=\"Rom\u00e2nia \u0219i Slovenia, singurele state din Est care s-au al\u0103turat SUA \u00een condamnarea Chinei \u00eentr-o spe\u021b\u0103 de acum 10 ani\" width=\"100\" height=\"70\"><\/a><\/div>\n<div class=\"item-details\">\n<h3 class=\"entry-title td-module-title\"><a href=\"https:\/\/r3media.ro\/romania-si-slovenia-singurele-state-din-est-care-s-au-alaturat-sua-in-condamnarea-chinei-intr-o-speta-de-acum-10-ani\/\" rel=\"bookmark\" title=\"Rom\u00e2nia \u0219i Slovenia, singurele state din Est care s-au al\u0103turat SUA \u00een condamnarea Chinei \u00eentr-o spe\u021b\u0103 de acum 10 ani\">Rom\u00e2nia \u0219i Slovenia, singurele state din Est care s-au al\u0103turat SUA&#8230;<\/a><\/h3>\n<div class=\"td-module-meta-info\"><span class=\"td-post-date\"><time class=\"entry-date updated td-module-date\" datetime=\"2026-07-13T11:16:19+03:00\">13\/07\/2026<\/time><\/span><\/div>\n<\/div>\n<\/div>\n<\/div>\n<div class=\"td-block-span12\">\n<div class=\"td_module_6 td_module_wrap td-animation-stack\">\n<div class=\"td-module-thumb\"><a href=\"https:\/\/r3media.ro\/ioan-aurel-pop-lege-vexler-razboi-istoria\/\" rel=\"bookmark\" class=\"td-image-wrap \" title=\"Ioan-Aurel Pop critic\u0103 legea Vexler \u00eentr-un articol de neratat: Nu putem s\u0103 ducem un r\u0103zboi cu istoria\"><img loading=\"lazy\" decoding=\"async\" class=\"entry-thumb\" src=\"https:\/\/r3media.ro\/wp-content\/uploads\/2021\/11\/ioan-aurel-pop-patriotism-e1783881771310-100x70.jpg\" alt title=\"Ioan-Aurel Pop critic\u0103 legea Vexler \u00eentr-un articol de neratat: Nu putem s\u0103 ducem un r\u0103zboi cu istoria\" width=\"100\" height=\"70\"><\/a><\/div>\n<div class=\"item-details\">\n<h3 class=\"entry-title td-module-title\"><a href=\"https:\/\/r3media.ro\/ioan-aurel-pop-lege-vexler-razboi-istoria\/\" rel=\"bookmark\" title=\"Ioan-Aurel Pop critic\u0103 legea Vexler \u00eentr-un articol de neratat: Nu putem s\u0103 ducem un r\u0103zboi cu istoria\">Ioan-Aurel Pop critic\u0103 legea Vexler \u00eentr-un articol de neratat: Nu putem&#8230;<\/a><\/h3>\n<div class=\"td-module-meta-info\"><span class=\"td-post-date\"><time class=\"entry-date updated td-module-date\" datetime=\"2026-07-12T21:42:54+03:00\">12\/07\/2026<\/time><\/span><\/div>\n<\/div>\n<\/div>\n<\/div>\n<div class=\"td-block-span12\">\n<div class=\"td_module_6 td_module_wrap td-animation-stack\">\n<div class=\"td-module-thumb\"><a href=\"https:\/\/r3media.ro\/video-ambasadorul-germaniei-in-r-moldova-as-pune-sub-semnul-intrebarii-limba-religie-romania\/\" rel=\"bookmark\" class=\"td-image-wrap \" title=\"VIDEO | Ambasadorul Germaniei \u00een R.Moldova: A\u0219 pune sub semnul \u00eentreb\u0103rii c\u0103 ave\u021bi aceea\u0219i limb\u0103 \u0219i aceea\u0219i religie cu Rom\u00e2nia\"><img loading=\"lazy\" decoding=\"async\" class=\"entry-thumb\" src=\"https:\/\/r3media.ro\/wp-content\/uploads\/2026\/07\/ambasador-germania-moldova-100x70.jpg\" alt title=\"VIDEO | Ambasadorul Germaniei \u00een R.Moldova: A\u0219 pune sub semnul \u00eentreb\u0103rii c\u0103 ave\u021bi aceea\u0219i limb\u0103 \u0219i aceea\u0219i religie cu Rom\u00e2nia\" width=\"100\" height=\"70\"><\/a><\/div>\n<div class=\"item-details\">\n<h3 class=\"entry-title td-module-title\"><a href=\"https:\/\/r3media.ro\/video-ambasadorul-germaniei-in-r-moldova-as-pune-sub-semnul-intrebarii-limba-religie-romania\/\" rel=\"bookmark\" title=\"VIDEO | Ambasadorul Germaniei \u00een R.Moldova: A\u0219 pune sub semnul \u00eentreb\u0103rii c\u0103 ave\u021bi aceea\u0219i limb\u0103 \u0219i aceea\u0219i religie cu Rom\u00e2nia\">VIDEO | Ambasadorul Germaniei \u00een R.Moldova: A\u0219 pune sub semnul \u00eentreb\u0103rii&#8230;<\/a><\/h3>\n<div class=\"td-module-meta-info\"><span class=\"td-post-date\"><time class=\"entry-date updated td-module-date\" datetime=\"2026-07-12T21:28:00+03:00\">12\/07\/2026<\/time><\/span><\/div>\n<\/div>\n<\/div>\n<\/div>\n<div class=\"td-block-span12\">\n<div class=\"td_module_6 td_module_wrap td-animation-stack\">\n<div class=\"td-module-thumb\"><a href=\"https:\/\/r3media.ro\/ips-antonie-intronizat-mitropolit-basarabia-nou-inceput\/\" rel=\"bookmark\" class=\"td-image-wrap \" title=\"VIDEO | \u00cePS Antonie a fost \u00eentronizat mitropolit al Basarabiei: Este un nou \u00eenceput\"><img loading=\"lazy\" decoding=\"async\" class=\"entry-thumb\" src=\"https:\/\/r3media.ro\/wp-content\/uploads\/2026\/07\/ips-antonie-mitropolitul-basarabiei-100x70.jpg\" alt title=\"VIDEO | \u00cePS Antonie a fost \u00eentronizat mitropolit al Basarabiei: Este un nou \u00eenceput\" width=\"100\" height=\"70\"><\/a><\/div>\n<div class=\"item-details\">\n<h3 class=\"entry-title td-module-title\"><a href=\"https:\/\/r3media.ro\/ips-antonie-intronizat-mitropolit-basarabia-nou-inceput\/\" rel=\"bookmark\" title=\"VIDEO | \u00cePS Antonie a fost \u00eentronizat mitropolit al Basarabiei: Este un nou \u00eenceput\">VIDEO | \u00cePS Antonie a fost \u00eentronizat mitropolit al Basarabiei: Este&#8230;<\/a><\/h3>\n<div class=\"td-module-meta-info\"><span class=\"td-post-date\"><time class=\"entry-date updated td-module-date\" datetime=\"2026-07-12T21:25:09+03:00\">12\/07\/2026<\/time><\/span><\/div>\n<\/div>\n<\/div>\n<\/div>\n<\/div>\n<\/div>\n<aside class=\"td_block_template_1 widget widget_recent_comments\">\n<h4 class=\"block-title\"><span>INTR\u0102 \u00ceN DISCU\u021aIE!<\/span><\/h4>\n<ul id=\"recentcomments\">\n<li class=\"recentcomments\"><span class=\"comment-author-link\">Haleu<\/span> la <a href=\"https:\/\/r3media.ro\/romania-si-slovenia-singurele-state-din-est-care-s-au-alaturat-sua-in-condamnarea-chinei-intr-o-speta-de-acum-10-ani\/#comment-40268\">Rom\u00e2nia \u0219i Slovenia, singurele state din Est care s-au al\u0103turat SUA \u00een condamnarea Chinei \u00eentr-o spe\u021b\u0103 de acum 10 ani<\/a><\/li>\n<li class=\"recentcomments\"><span class=\"comment-author-link\">Eu<\/span> la <a href=\"https:\/\/r3media.ro\/guvernul-sanchez-demoleaza-monumentul-de-la-majadahonda-ion-mota-vasile-marin-lupta-rzaboiul-civil-spaniol-comunisti\/#comment-40267\">Guvernul Sanchez demoleaz\u0103 Monumentul de la Majadahonda, dedicat lui Ion Mo\u021ba \u0219i Vasile Marin, rom\u00e2nii care au luptat \u00eempotriva comuni\u0219tilor \u00een R\u0103zboiul Civil Spaniol<\/a><\/li>\n<li class=\"recentcomments\"><span class=\"comment-author-link\">Constantin<\/span> la <a href=\"https:\/\/r3media.ro\/guvernul-sanchez-demoleaza-monumentul-de-la-majadahonda-ion-mota-vasile-marin-lupta-rzaboiul-civil-spaniol-comunisti\/#comment-40266\">Guvernul Sanchez demoleaz\u0103 Monumentul de la Majadahonda, dedicat lui Ion Mo\u021ba \u0219i Vasile Marin, rom\u00e2nii care au luptat \u00eempotriva comuni\u0219tilor \u00een R\u0103zboiul Civil Spaniol<\/a><\/li>\n<li class=\"recentcomments\"><span class=\"comment-author-link\">Redac\u021bia<\/span> la <a href=\"https:\/\/r3media.ro\/ins-migratia-internationala-a-reusit-sa-stabilizeze-populatia-rezidenta-a-romaniei\/#comment-40264\">Pre\u0219edintele Institutului Na\u021bional de Statistic\u0103 (INS): Migra\u021bia interna\u021bional\u0103 a reu\u0219it s\u0103 stabilizeze popula\u021bia rezident\u0103 a Rom\u00e2niei<\/a><\/li>\n<li class=\"recentcomments\"><span class=\"comment-author-link\">Redac\u021bia<\/span> la <a href=\"https:\/\/r3media.ro\/ins-migratia-internationala-a-reusit-sa-stabilizeze-populatia-rezidenta-a-romaniei\/#comment-40263\">Pre\u0219edintele Institutului Na\u021bional de Statistic\u0103 (INS): Migra\u021bia interna\u021bional\u0103 a reu\u0219it s\u0103 stabilizeze popula\u021bia rezident\u0103 a Rom\u00e2niei<\/a><\/li>\n<li class=\"recentcomments\"><span class=\"comment-author-link\">anonim<\/span> la <a href=\"https:\/\/r3media.ro\/guvernul-sanchez-demoleaza-monumentul-de-la-majadahonda-ion-mota-vasile-marin-lupta-rzaboiul-civil-spaniol-comunisti\/#comment-40262\">Guvernul Sanchez demoleaz\u0103 Monumentul de la Majadahonda, dedicat lui Ion Mo\u021ba \u0219i Vasile Marin, rom\u00e2nii care au luptat \u00eempotriva comuni\u0219tilor \u00een R\u0103zboiul Civil Spaniol<\/a><\/li>\n<li class=\"recentcomments\"><span class=\"comment-author-link\">Huhu<\/span> la <a href=\"https:\/\/r3media.ro\/sofer-surpriza-neplacuta-benzinarie-austria-oprit-apa-portbagaj\/#comment-40261\">Un \u0219ofer a avut parte de o surpriz\u0103 nepl\u0103cut\u0103 la benzin\u0103rie dup\u0103 ce a oprit un minut \u0219i 28 de secunde pentru a scoate o sticl\u0103 de ap\u0103 din portbagaj<\/a><\/li>\n<\/ul>\n<\/aside>\n<aside class=\"td_block_template_1 widget widget_search\">\n<h4 class=\"block-title\"><span>CAUT\u0102 \u0218I VEI G\u0102SI<\/span><\/h4>\n<\/aside>\n<\/div>\n<\/div>\n<\/div>\n<\/div>\n<\/div>\n<\/div>\n<\/div>\n<p><span class=\"td-page-meta\"><\/span><span class=\"td-page-meta\"><span class=\"td-page-meta\"><\/span><\/span><span class=\"td-page-meta\"><\/span><\/article>\n<\/p>\n<div class=\"td_block_wrap tdb_single_content tdi_18 td-pb-border-top td_block_template_1 td-post-content tagdiv-type\" data-td-block-uid=\"tdi_18\">\n<div class=\"tdb-block-inner td-fix-index\">\n<p><strong>Un accident de circula\u021bie cu trotineta electric\u0103, eveniment care ar fi putut avea urm\u0103ri grave, s-a petrecut luni seara la Oradea. Potrivit IPJ Bihor, la ora 19:39, a fost semnalat printr-un apel la 112 lovirea unui minor care a fost transportat la spital.<\/strong><\/p>\n<p>Martorii sus\u021bin c\u0103 accidentul s-ar fi produs \u00een zona unui parc cu loc de joac\u0103. Potrivit acestora, parcul este frecventat \u00een fiecare sear\u0103 de numero\u0219i copii \u00eenso\u021bi\u021bi de p\u0103rin\u021bi.<\/p>\n<p>Se pare c\u0103 un b\u0103rbat aflat pe <strong><a href=\"https:\/\/r3media.ro\/tag\/trotinete-electrice\/\" target=\"_blank\" rel=\"noopener\">trotineta electric\u0103<\/a><\/strong> a lovit din plin un copil, conform <a href=\"https:\/\/www.bihon.ro\/stirile-judetului-bihor\/accident-pe-strada-fagarasului-din-oradea-un-minor-lovit-de-o-trotineta-electrica-a-fost-transportat-la-spital-5337180\/\" target=\"_blank\" rel=\"noopener\">Bihon<\/a>.<\/p>\n<p>Poli\u021bi\u0219tii Biroului Rutier Oradea efectueaz\u0103 cercet\u0103ri pentru stabilirea cauzei \u0219i a \u00eemprejur\u0103rilor \u00een care s-a produs evenimentul rutier.<\/p>\n<p>Nu este primul accident de acest fel din Rom\u00e2nia. \u00cen ultimii ani au existat sute de coliziuni, multe dintre acestea fatale.<\/p>\n<div class=\"crp_related     crp-masonry\">\n<h2>\u00ceN CONTEXT<\/h2>\n<ul>\n<li><a href=\"https:\/\/r3media.ro\/fara-tine-in-google-r3media-dispare-iata-ce-poti-face-in-10-secunde\/\" class=\"crp_link post-119031\"><span class=\"crp_title\">F\u0103r\u0103 tine \u00een Google, R3media dispare. Iat\u0103 ce po\u021bi face \u00een 10 secunde<\/span><\/a><\/li>\n<li><a href=\"https:\/\/r3media.ro\/video-jandarmii-scut-uman-mars-lgbt-oradea-ambasadoare-olanda-participanti-sanctionati\/\" class=\"crp_link post-111989\"><span class=\"crp_title\">VIDEO | Jandarmii au f\u0103cut un scut uman \u0219i au oprit mar\u0219ul LGBT din Oradea. La manifesta\u021bia\u2026<\/span><\/a><\/li>\n<\/ul>\n<\/div>\n<\/div>\n<\/div>\n<p>[analyse_source url=&#8221;https:\/\/r3media.ro\/trotineta-electrica-oradea-accident-copil\/&#8221;]<\/p>\n","protected":false},"excerpt":{"rendered":"<p>[analyse_image type=&#8221;featured&#8221; src=&#8221;https:\/\/r3media.ro\/wp-content\/uploads\/2024\/04\/explozie-iasi-trotineta-electrica-e1713283701430.pnghttps:\/\/r3media.ro\/wp-content\/uploads\/2024\/04\/explozie-iasi-trotineta-electrica-e1713283701430.png&#8221;] PRIM PLANAccident la Oradea: Un b\u0103rbat aflat pe trotineta electric\u0103 a lovit un&#8230; PRIM PLAN\u0218TIRI Accident la Oradea: Un b\u0103rbat aflat pe trotineta electric\u0103 a lovit un copil Oana Ivan 13\/07\/2026 Surs\u0103 &#8211; Unsplash Un accident de circula\u021bie cu trotineta electric\u0103, eveniment care ar fi putut avea urm\u0103ri grave, s-a petrecut luni [&hellip;]<\/p>\n","protected":false},"author":1,"featured_media":0,"comment_status":"open","ping_status":"","sticky":false,"template":"","format":"standard","meta":{"footnotes":""},"categories":[89],"tags":[226,93],"class_list":["post-2041200","post","type-post","status-publish","format-standard","hentry","category-romania","tag-crawlmanager","tag-r3media-ro"],"_links":{"self":[{"href":"https:\/\/analyse.optim.biz\/index.php?rest_route=\/wp\/v2\/posts\/2041200","targetHints":{"allow":["GET"]}}],"collection":[{"href":"https:\/\/analyse.optim.biz\/index.php?rest_route=\/wp\/v2\/posts"}],"about":[{"href":"https:\/\/analyse.optim.biz\/index.php?rest_route=\/wp\/v2\/types\/post"}],"author":[{"embeddable":true,"href":"https:\/\/analyse.optim.biz\/index.php?rest_route=\/wp\/v2\/users\/1"}],"replies":[{"embeddable":true,"href":"https:\/\/analyse.optim.biz\/index.php?rest_route=%2Fwp%2Fv2%2Fcomments&post=2041200"}],"version-history":[{"count":0,"href":"https:\/\/analyse.optim.biz\/index.php?rest_route=\/wp\/v2\/posts\/2041200\/revisions"}],"wp:attachment":[{"href":"https:\/\/analyse.optim.biz\/index.php?rest_route=%2Fwp%2Fv2%2Fmedia&parent=2041200"}],"wp:term":[{"taxonomy":"category","embeddable":true,"href":"https:\/\/analyse.optim.biz\/index.php?rest_route=%2Fwp%2Fv2%2Fcategories&post=2041200"},{"taxonomy":"post_tag","embeddable":true,"href":"https:\/\/analyse.optim.biz\/index.php?rest_route=%2Fwp%2Fv2%2Ftags&post=2041200"}],"curies":[{"name":"wp","href":"https:\/\/api.w.org\/{rel}","templated":true}]}}