{"id":2041192,"date":"2026-07-13T17:40:54","date_gmt":"2026-07-13T14:40:54","guid":{"rendered":"https:\/\/analyse.optim.biz\/?p=2041192"},"modified":"2026-07-13T17:40:54","modified_gmt":"2026-07-13T14:40:54","slug":"deputatul-ioan-balan-considera-ca-dezvoltarea-unui-mediu-de-afaceri-puternic-trebuie-sa-reprezinte-una","status":"publish","type":"post","link":"https:\/\/analyse.optim.biz\/?p=2041192","title":{"rendered":"Deputatul Ioan Balan consider\u0103 c\u0103 dezvoltarea unui mediu de afaceri puternic trebuie s\u0103 reprezinte una"},"content":{"rendered":"<p>[analyse_image type=&#8221;featured&#8221; src=&#8221;https:\/\/www.informatiata.ro\/wp-content\/uploads\/2023\/02\/IMG-20230202-WA0023-1-e1676483242641.jpg&#8221;]<\/p>\n<div class=\"td-post-content tagdiv-type\">\n<div class=\"td-post-featured-image\"><a href=\"https:\/\/www.informatiata.ro\/wp-content\/uploads\/2023\/02\/IMG-20230202-WA0023-1-e1676483242641.jpg\" data-caption><img loading=\"lazy\" decoding=\"async\" width=\"696\" height=\"745\" class=\"entry-thumb td-modal-image\" src=\"https:\/\/www.informatiata.ro\/wp-content\/uploads\/2023\/02\/IMG-20230202-WA0023-1-696x745.jpg\" alt title=\"Ioan B\u0103lan\"><img loading=\"lazy\" decoding=\"async\" width=\"696\" height=\"745\" class=\"entry-thumb td-modal-image\" src=\"https:\/\/www.informatiata.ro\/wp-content\/uploads\/2023\/02\/IMG-20230202-WA0023-1-696x745.jpg\" alt title=\"Ioan B\u0103lan\"><\/a><\/div>\n<p>Deputatul Ioan Balan solicit\u0103 date despre finan\u021b\u0103rile pentru IMM-uri \u0219i micro\u00eenteprinderi \u0219i a trimis \u00een acest sens un documente scris c\u0103tre ministrului  Economiei, Digitaliz\u0103rii, Antreprenoriatului \u015fi Turismului, Ambrozie-Irineu Dar\u0103u. <\/p>\n<p>Deputatul PNL de Suceava arat\u0103 c\u0103 dezvoltarea accelerat\u0103 a infrastructurii rutiere din ultimii ani a f\u0103cut ca Bucovina s\u0103 devin\u0103 tot mai atractiv\u0103 pentru investitori dar, din p\u0103cate, Regiunea Nord-Est continu\u0103 s\u0103 \u00eenregistreze decalaje economice importante fa\u0163\u0103 de alte zone ale \u0163\u0103rii.<\/p>\n<div class=\"td-a-rec td-a-rec-id-content_inlineright  tdi_7 td_block_template_1\"><img loading=\"lazy\" decoding=\"async\" class=\"aligncenter size-full wp-image-65536\" src=\"https:\/\/www.informatiata.ro\/wp-content\/uploads\/2026\/07\/SAVCOM-4.gif\" alt width=\"299\" height=\"250\"><img loading=\"lazy\" decoding=\"async\" class=\"aligncenter size-full wp-image-65536\" src=\"https:\/\/www.informatiata.ro\/wp-content\/uploads\/2026\/07\/SAVCOM-4.gif\" alt width=\"299\" height=\"250\"><img loading=\"lazy\" decoding=\"async\" class=\"aligncenter size-full wp-image-65537\" src=\"https:\/\/www.informatiata.ro\/wp-content\/uploads\/2026\/07\/FACOS-3.gif\" alt width=\"300\" height=\"250\"><img loading=\"lazy\" decoding=\"async\" class=\"aligncenter size-full wp-image-65537\" src=\"https:\/\/www.informatiata.ro\/wp-content\/uploads\/2026\/07\/FACOS-3.gif\" alt width=\"300\" height=\"250\"><\/div>\n<p>Tocmai de aceea este nevoie de un sprijin constant din partea Guvernului \u015fi de o valorificare eficient\u0103 a fondurilor europene nerambursabile.<br \/><strong><br \/>\nIoan Balan consider\u0103 c\u0103 dezvoltarea unui mediu de afaceri puternic, capabil s\u0103 genereze produse competitive \u015fi locuri de munc\u0103 bine pl\u0103tite, trebuie s\u0103 reprezinte una dintre priorit\u0103\u0163ile anilor 2026 \u015fi 2027.<\/strong><\/p>\n<p>\u00cen acst context, deputatul PNL de Suceava solicit\u0103 ministrului Economiei s\u0103 prezinte calendarul sesiunilor de finan\u0163are care vor fi lansate \u00een a doua jum\u0103tate a anului 2026 \u015fi pe parcursul anului 2027 pentru IMM-uri \u015fi micro\u00eentreprinderi. <\/p>\n<p>Totodat\u0103, parlamentarul cere informa\u0163ii privind termenele de publicare a ghidurilor solicitantului, bugetele alocate fiec\u0103rui program \u015fi num\u0103rul estimat al beneficiarilor.<\/p>\n<p>Deputatul sucevean solicit\u0103, de asemenea, clarific\u0103ri privind criteriile de alocare a fondurilor, \u00eentreb\u00e2nd dac\u0103 Guvernul va continua s\u0103 acorde prioritate regiunilor mai pu\u0163in dezvoltate, \u00een spiritul politicii de coeziune economic\u0103 \u015fi social\u0103 a Uniunii Europene. <\/p>\n<p>Acesta spune c\u0103 Regiunea Nord-Est trebuie s\u0103 r\u0103m\u00e2n\u0103 printre principalele beneficiare ale acestor programe de finan\u0163are, pentru a recupera decalajele de dezvoltare existente.<\/p>\n<\/div>\n<p>[analyse_source url=&#8221;https:\/\/www.informatiata.ro\/ioan-balan-demersuri-dezvoltare-mediu-afaceri\/&#8221;]<\/p>\n","protected":false},"excerpt":{"rendered":"<p>[analyse_image type=&#8221;featured&#8221; src=&#8221;https:\/\/www.informatiata.ro\/wp-content\/uploads\/2023\/02\/IMG-20230202-WA0023-1-e1676483242641.jpg&#8221;] Deputatul Ioan Balan solicit\u0103 date despre finan\u021b\u0103rile pentru IMM-uri \u0219i micro\u00eenteprinderi \u0219i a trimis \u00een acest sens un documente scris c\u0103tre ministrului Economiei, Digitaliz\u0103rii, Antreprenoriatului \u015fi Turismului, Ambrozie-Irineu Dar\u0103u. Deputatul PNL de Suceava arat\u0103 c\u0103 dezvoltarea accelerat\u0103 a infrastructurii rutiere din ultimii ani a f\u0103cut ca Bucovina s\u0103 devin\u0103 tot mai atractiv\u0103 [&hellip;]<\/p>\n","protected":false},"author":1,"featured_media":0,"comment_status":"open","ping_status":"","sticky":false,"template":"","format":"standard","meta":{"footnotes":""},"categories":[89],"tags":[226,167],"class_list":["post-2041192","post","type-post","status-publish","format-standard","hentry","category-romania","tag-crawlmanager","tag-informatiata-ro"],"_links":{"self":[{"href":"https:\/\/analyse.optim.biz\/index.php?rest_route=\/wp\/v2\/posts\/2041192","targetHints":{"allow":["GET"]}}],"collection":[{"href":"https:\/\/analyse.optim.biz\/index.php?rest_route=\/wp\/v2\/posts"}],"about":[{"href":"https:\/\/analyse.optim.biz\/index.php?rest_route=\/wp\/v2\/types\/post"}],"author":[{"embeddable":true,"href":"https:\/\/analyse.optim.biz\/index.php?rest_route=\/wp\/v2\/users\/1"}],"replies":[{"embeddable":true,"href":"https:\/\/analyse.optim.biz\/index.php?rest_route=%2Fwp%2Fv2%2Fcomments&post=2041192"}],"version-history":[{"count":0,"href":"https:\/\/analyse.optim.biz\/index.php?rest_route=\/wp\/v2\/posts\/2041192\/revisions"}],"wp:attachment":[{"href":"https:\/\/analyse.optim.biz\/index.php?rest_route=%2Fwp%2Fv2%2Fmedia&parent=2041192"}],"wp:term":[{"taxonomy":"category","embeddable":true,"href":"https:\/\/analyse.optim.biz\/index.php?rest_route=%2Fwp%2Fv2%2Fcategories&post=2041192"},{"taxonomy":"post_tag","embeddable":true,"href":"https:\/\/analyse.optim.biz\/index.php?rest_route=%2Fwp%2Fv2%2Ftags&post=2041192"}],"curies":[{"name":"wp","href":"https:\/\/api.w.org\/{rel}","templated":true}]}}