{"id":2041080,"date":"2026-07-13T11:24:00","date_gmt":"2026-07-13T08:24:00","guid":{"rendered":"https:\/\/analyse.optim.biz\/?p=2041080"},"modified":"2026-07-13T11:24:00","modified_gmt":"2026-07-13T08:24:00","slug":"surse-nu-vom-avea-guvern-pana-la-finalul-lunii-iulie-scenariile-discutate-pentru-iesirea-din-criza","status":"publish","type":"post","link":"https:\/\/analyse.optim.biz\/?p=2041080","title":{"rendered":"Surse: Nu vom avea guvern p\u00e2n\u0103 la finalul lunii iulie. Scenariile discutate pentru ie\u0219irea din criza"},"content":{"rendered":"<p>[analyse_image type=&#8221;featured&#8221; src=&#8221;https:\/\/ivm.antenaplay.ro\/thumbs\/observatornews\/2026\/07\/13\/CD9r2ez4XuN_4O.jpg&#8221;]<\/p>\n<div class=\"articleBody\" data-key=\"articleBody\">Aproape dou\u0103 ore au durat negocierile purtate la Palatul Cotroceni, iar la finalul discu\u021biilor, liderii politici nu au ajuns la un consens\u00a0pentru c\u0103 principalele partide\u00a0\u0219i-au p\u0103strat pozi\u021biile de for\u021b\u0103.\u00a0Surse de la Palatul Cotroceni spun c\u0103 este exclus \u00een acest moment scenariul \u00een care am putea avea un guvern cu puteri depline instalat \u0219i trecut de votul Parlamentului p\u00e2n\u0103 la finalul lunii iulie.<\/p>\n<p>Scenariile pentru ie\u015firea din criza politic\u0103<\/p>\n<p>\u00cen discu\u0163iile de ast\u0103zi s-au pus pe mas\u0103 mai multe scenarii. S-a discutat, spun sursele Observator, inclusiv despre varianta unui guvern de armisti\u021biu.<\/p>\n<p>A fost o propunere f\u0103cut\u0103 de liderul UDMR Kelemen Hunor, cel care le-a spus liderilor politici c\u0103 ar fi cazul s\u0103 pun\u0103 conflictul politic \u00eentre paranteze \u0219i s\u0103 revin\u0103 la masa a negocierilor pentru a reface fosta coali\u021bie de guvernare. Varianta exclus\u0103 \u00eens\u0103 de liderii din PNL\u00a0\u0219i de cei din USR.<\/p>\n<p>S-a discutat \u0219i despre ideea unui guvern tehnocrat, din nou, pentru c\u0103 ne amintim, prima propunere f\u0103cut\u0103 de \u0219eful statului a fost Eugen Tomac. \u00cen\u021belegem pe surse c\u0103 \u0219i aceast\u0103 variant\u0103 a picat la negocierile de ast\u0103zi. Asta \u00een contextul \u00een care PSD \u0219i cei de la UDMR ar agrea aceast\u0103 variant\u0103 a refacerii fostei coali\u021bii de guvernare \u00een ideea unui guvern de armisti\u021biu.<\/p>\n<p>Doar c\u0103 Ilie Bolojan \u0219i Dominic Fritz,\u00a0spun surse politice, au anun\u021bat inclusiv la discu\u021biile purtate ast\u0103zi c\u0103 \u00ee\u0219i p\u0103streaz\u0103 aceea\u0219i pozi\u021bie, mai exact faptul c\u0103 cele dou\u0103 partide nu vor reface \u00een niciun caz o coali\u021bie de guvernare cu PSD\u00a0\u0219i nici nu vor sus\u021bine la votul din Parlament un guvern din care s\u0103 fac\u0103 parte mini\u0219tri social-democra\u0163i.<\/p>\n<p>Bolojan \u015fi Fritz nu vor coali\u0163ie cu PSD<\/p>\n<p>\u00cen acest context, surse politice spun c\u0103 s-a discutat ast\u0103zi inclusiv despre varianta alegerilor anticipate, o variant\u0103 pe care \u0219eful statului nu o mai exclude categoric \u00een acest moment, a\u0219a cum ne amintim c\u0103 spunea pre\u0219edintele Nicu\u0219or Dan \u00een urm\u0103 cu dou\u0103 luni, atunci c\u00e2nd guvernul Bolojan a fost demis prin mo\u021biunea de cenzur\u0103 votat\u0103 \u00een Parlament.<\/p>\n<p>E foarte posibil ca un guvern interimar cu Bolojan \u00een func\u021bia de premier interimar s\u0103 r\u0103m\u00e2n\u0103 totu\u0219i la Palatul Victoria cel pu\u021bin p\u00e2n\u0103 la \u00eenceputul sesiunii parlamentare din toamn\u0103 dac\u0103 p\u00e2n\u0103 atunci liderii politici nu vor ajunge la o concluzie.<\/p>\n<p>Pre\u0219edintele Nicu\u0219or Dan a spus de mai multe ori \u00een ultima vreme c\u0103 va desemna un premier abia atunci c\u00e2nd va fi sigur c\u0103 exist\u0103 o majoritate clar\u0103 \u00een Parlament pentru ca acesta s\u0103 treac\u0103 de votul Parlamentului.<\/p>\n<p>Nu e cazul \u00een acest moment, avem dou\u0103 luni \u0219i jum\u0103tate de criz\u0103 politic\u0103 iar p\u00e2n\u0103 \u00een acest moment nu s-a conturat nicio formul\u0103 clar\u0103 de majoritate \u00een urma negocierilor purtate cu \u0219eful statului la Cotroceni.\n<\/p><\/div>\n<p>[analyse_source url=&#8221;https:\/\/observatornews.ro\/politic\/surse-nu-vom-avea-guvern-pana-la-finalul-lunii-iulie-scenariile-discutate-pentru-iesirea-din-criza-politica-660091.html&#8221;]<\/p>\n","protected":false},"excerpt":{"rendered":"<p>[analyse_image type=&#8221;featured&#8221; src=&#8221;https:\/\/ivm.antenaplay.ro\/thumbs\/observatornews\/2026\/07\/13\/CD9r2ez4XuN_4O.jpg&#8221;] Aproape dou\u0103 ore au durat negocierile purtate la Palatul Cotroceni, iar la finalul discu\u021biilor, liderii politici nu au ajuns la un consens\u00a0pentru c\u0103 principalele partide\u00a0\u0219i-au p\u0103strat pozi\u021biile de for\u021b\u0103.\u00a0Surse de la Palatul Cotroceni spun c\u0103 este exclus \u00een acest moment scenariul \u00een care am putea avea un guvern cu puteri depline instalat [&hellip;]<\/p>\n","protected":false},"author":1,"featured_media":0,"comment_status":"open","ping_status":"","sticky":false,"template":"","format":"standard","meta":{"footnotes":""},"categories":[2],"tags":[226,30],"class_list":["post-2041080","post","type-post","status-publish","format-standard","hentry","category-politics","tag-crawlmanager","tag-observatornews-ro"],"_links":{"self":[{"href":"https:\/\/analyse.optim.biz\/index.php?rest_route=\/wp\/v2\/posts\/2041080","targetHints":{"allow":["GET"]}}],"collection":[{"href":"https:\/\/analyse.optim.biz\/index.php?rest_route=\/wp\/v2\/posts"}],"about":[{"href":"https:\/\/analyse.optim.biz\/index.php?rest_route=\/wp\/v2\/types\/post"}],"author":[{"embeddable":true,"href":"https:\/\/analyse.optim.biz\/index.php?rest_route=\/wp\/v2\/users\/1"}],"replies":[{"embeddable":true,"href":"https:\/\/analyse.optim.biz\/index.php?rest_route=%2Fwp%2Fv2%2Fcomments&post=2041080"}],"version-history":[{"count":0,"href":"https:\/\/analyse.optim.biz\/index.php?rest_route=\/wp\/v2\/posts\/2041080\/revisions"}],"wp:attachment":[{"href":"https:\/\/analyse.optim.biz\/index.php?rest_route=%2Fwp%2Fv2%2Fmedia&parent=2041080"}],"wp:term":[{"taxonomy":"category","embeddable":true,"href":"https:\/\/analyse.optim.biz\/index.php?rest_route=%2Fwp%2Fv2%2Fcategories&post=2041080"},{"taxonomy":"post_tag","embeddable":true,"href":"https:\/\/analyse.optim.biz\/index.php?rest_route=%2Fwp%2Fv2%2Ftags&post=2041080"}],"curies":[{"name":"wp","href":"https:\/\/api.w.org\/{rel}","templated":true}]}}