{"id":2041067,"date":"2026-07-12T12:27:00","date_gmt":"2026-07-12T09:27:00","guid":{"rendered":"https:\/\/analyse.optim.biz\/?p=2041067"},"modified":"2026-07-12T12:27:00","modified_gmt":"2026-07-12T09:27:00","slug":"bolojan-daca-nu-am-fi-risipit-fondurile-publice-am-fi-avut-sute-de-pasaje-sau-poduri-in-fiecare-an","status":"publish","type":"post","link":"https:\/\/analyse.optim.biz\/?p=2041067","title":{"rendered":"Bolojan: &#8220;Dac\u0103 nu am fi risipit fondurile publice, am fi avut sute de pasaje sau poduri \u00een fiecare an&#8221;"},"content":{"rendered":"<p>[analyse_image type=&#8221;featured&#8221; src=&#8221;https:\/\/img.observatornews.ro\/?u=https%3A%2F%2Fobservatornews.ro%2Fuploads%2Fmodules%2Fnews%2F0%2F2026%2F7%2F12%2F660027%2Ffotojet-2026-07-12t154254-471-4b915e9d.jpg&amp;w=1200&amp;h=630&amp;c=1&#8243;]<\/p>\n<div class=\"articleBody\" data-key=\"articleBody\">Premierul interimar Ilie Bolojan a afirmat, duminic\u0103 dup\u0103-amiaz\u0103, c\u0103 economiile f\u0103cute doar de c\u0103tre Cancelaria premierului \u00een 2025 \u015fi 2026 echivaleaz\u0103 cu valoarea unui pod cu o band\u0103 pe sens peste Cri\u015ful Repede sau valoarea unui pasaj rutier suprateran, scrie News.ro.<\/p>\n<p>&#8220;Ieri, colegul meu Mihai Jurca a publicat cheltuielile Cancelariei pe prima jum\u0103tate a acestui an, comparativ cu aceea\u015fi perioad\u0103 din anii anteriori. A\u015fa cum se vede, cheltuielile sunt cam la jum\u0103tate fa\u0163\u0103 de 2024, iar, extins\u0103 pe tot anul, economia este de peste 20 de milioane de lei, echivalentul a peste 4 milioane de euro. Asta era valoarea unui pod cu o band\u0103 pe sens peste Cri\u015ful Repede \u00een anii trecu\u0163i sau valoarea unui pasaj rutier suprateran. Unul subteran are un cost mai mare cu 30%&#8221;, a scris, duminic\u0103, pe Facebook, premierul interimar Ilie Bolojan.<\/p>\n<p>Acesta apreciaz\u0103 c\u0103 se puteau face sute de investi\u0163ii, dac\u0103 se reduceau cheltuielile statului.<\/p>\n<p>&#8220;Dac\u0103 nu am fi risipit fondurile publice \u015fi am fi extins, de-a lungul anilor, la sutele de autorit\u0103\u0163i centrale economiile ce pot fi realizate, am fi avut sute de pasaje sau poduri realizate \u00een fiecare an, \u00een multe localit\u0103\u0163i din \u0163ar\u0103. Sau alte investi\u0163ii publice pe care nu le vedem \u015fi de care rom\u00e2nii nu vor putea beneficia&#8221;, a mai transmis Bolojan.<\/p>\n<p>Acesta consider\u0103 c\u0103 &#8220;exist\u0103 loc de mai bine la multe autorit\u0103\u0163i sau companii publice \u015fi se pot face economii importante prin limitarea risipei, corecta dimensionare a num\u0103rului de angaja\u0163i \u015fi contractarea corect\u0103 a lucr\u0103rilor \u015fi serviciilor publice&#8221;.<\/p>\n<p>&#8220;Doar a\u015fa putem face mai mult, \u00een semn de respect pentru cet\u0103\u0163enii care-\u015fi pl\u0103tesc taxele \u015fi impozitele&#8221;, este de p\u0103rere premierul interimar.<\/p>\n<p>INFORMARESet\u0103rile tale privind cookie-urile nu permit afi\u0219area con\u021binutului din aceast\u0103 zon\u0103. E necesar s\u0103 accep\u021bi cookie-urile social media pentru afisarea acestui tip de con\u021binut. Modific\u0103 set\u0103rile<\/p>\n<p>\u015eeful Cancelariei premierului Ilie Bolojan, Mihai Jurca, a prezentat, s\u00e2mb\u0103t\u0103, cheltuielile Cancelariei premierului, comparativ 2024 &#8211; 2026, \u015fi a precizat c\u0103, pe baza cheltuielilor liniare din primele \u015fase luni, se estimeaz\u0103 o reducere cu peste 48% \u00een acest an, fa\u0163\u0103 de 2024.<\/p>\n<p>&#8220;Un guvern care administreaz\u0103 poate fi un bun administrator&#8221;, apreciaz\u0103 Mihai Jurca.\n<\/p><\/div>\n<p>[analyse_source url=&#8221;https:\/\/observatornews.ro\/politic\/bolojan-daca-nu-am-fi-risipit-fondurile-publice-am-fi-avut-sute-de-pasaje-sau-poduri-in-fiecare-an-660027.html&#8221;]<\/p>\n","protected":false},"excerpt":{"rendered":"<p>[analyse_image type=&#8221;featured&#8221; src=&#8221;https:\/\/img.observatornews.ro\/?u=https%3A%2F%2Fobservatornews.ro%2Fuploads%2Fmodules%2Fnews%2F0%2F2026%2F7%2F12%2F660027%2Ffotojet-2026-07-12t154254-471-4b915e9d.jpg&amp;w=1200&amp;h=630&amp;c=1&#8243;] Premierul interimar Ilie Bolojan a afirmat, duminic\u0103 dup\u0103-amiaz\u0103, c\u0103 economiile f\u0103cute doar de c\u0103tre Cancelaria premierului \u00een 2025 \u015fi 2026 echivaleaz\u0103 cu valoarea unui pod cu o band\u0103 pe sens peste Cri\u015ful Repede sau valoarea unui pasaj rutier suprateran, scrie News.ro. &#8220;Ieri, colegul meu Mihai Jurca a publicat cheltuielile Cancelariei pe prima [&hellip;]<\/p>\n","protected":false},"author":1,"featured_media":0,"comment_status":"open","ping_status":"","sticky":false,"template":"","format":"standard","meta":{"footnotes":""},"categories":[2],"tags":[30],"class_list":["post-2041067","post","type-post","status-publish","format-standard","hentry","category-politics","tag-observatornews-ro"],"_links":{"self":[{"href":"https:\/\/analyse.optim.biz\/index.php?rest_route=\/wp\/v2\/posts\/2041067","targetHints":{"allow":["GET"]}}],"collection":[{"href":"https:\/\/analyse.optim.biz\/index.php?rest_route=\/wp\/v2\/posts"}],"about":[{"href":"https:\/\/analyse.optim.biz\/index.php?rest_route=\/wp\/v2\/types\/post"}],"author":[{"embeddable":true,"href":"https:\/\/analyse.optim.biz\/index.php?rest_route=\/wp\/v2\/users\/1"}],"replies":[{"embeddable":true,"href":"https:\/\/analyse.optim.biz\/index.php?rest_route=%2Fwp%2Fv2%2Fcomments&post=2041067"}],"version-history":[{"count":0,"href":"https:\/\/analyse.optim.biz\/index.php?rest_route=\/wp\/v2\/posts\/2041067\/revisions"}],"wp:attachment":[{"href":"https:\/\/analyse.optim.biz\/index.php?rest_route=%2Fwp%2Fv2%2Fmedia&parent=2041067"}],"wp:term":[{"taxonomy":"category","embeddable":true,"href":"https:\/\/analyse.optim.biz\/index.php?rest_route=%2Fwp%2Fv2%2Fcategories&post=2041067"},{"taxonomy":"post_tag","embeddable":true,"href":"https:\/\/analyse.optim.biz\/index.php?rest_route=%2Fwp%2Fv2%2Ftags&post=2041067"}],"curies":[{"name":"wp","href":"https:\/\/api.w.org\/{rel}","templated":true}]}}