{"id":2041046,"date":"2026-07-11T10:13:00","date_gmt":"2026-07-11T07:13:00","guid":{"rendered":"https:\/\/analyse.optim.biz\/?p=2041046"},"modified":"2026-07-11T10:13:00","modified_gmt":"2026-07-11T07:13:00","slug":"nicusor-dan-la-paris-de-ziua-nationala-a-frantei-va-participa-si-la-reuniunea-coalitiei-de-vointa","status":"publish","type":"post","link":"https:\/\/analyse.optim.biz\/?p=2041046","title":{"rendered":"Nicu\u015for Dan, la Paris de Ziua Na\u0163ional\u0103 a Fran\u0163ei. Va participa \u015fi la reuniunea Coali\u0163iei de Voin\u0163\u0103"},"content":{"rendered":"<p>[analyse_image type=&#8221;featured&#8221; src=&#8221;https:\/\/img.observatornews.ro\/?u=https%3A%2F%2Fobservatornews.ro%2Fuploads%2Fmodules%2Fnews%2F0%2F2026%2F7%2F11%2F659950%2Fnicusor-dan-macron-fca15a0c.jpg&amp;w=1200&amp;h=630&amp;c=1&#8243;]<\/p>\n<div class=\"articleBody\" data-key=\"articleBody\">Vizita are loc la invita\u0163ia omologului francez, Emmanuel Macron, a informat s\u00e2mb\u0103t\u0103 Administra\u0163ia Preziden\u0163ial\u0103.<\/p>\n<p>Participarea \u015fefului statului la ceremoniile de la Paris confirm\u0103 consisten\u0163a Parteneriatului strategic dintre Rom\u00e2nia \u015fi Fran\u0163a, precum \u015fi rela\u0163ia privilegiat\u0103 dintre cele dou\u0103 \u0163\u0103ri \u015fi popoare. Anul 2026 marcheaz\u0103, de altfel, centenarul Tratatului de prietenie franco-rom\u00e2n, simbol al solidarit\u0103\u0163ii \u015fi al angajamentului comun \u00een sprijinul securit\u0103\u0163ii europene.<\/p>\n<p>Tema paradei militare de pe Champs-Elysees din acest an este &#8220;Rede\u015fteptarea strategic\u0103 a Europei&#8221;.\u00a0Rom\u00e2nia va fi reprezentat\u0103 de 22 de militari ai Brig\u0103zii 30 Gard\u0103 &#8220;Mihai Viteazul&#8221;, de garda Drapelului de Lupt\u0103 \u015fi de un pluton.<\/p>\n<p>Pe agend\u0103 \u0219i participarea la Coali\u0163ia de Voin\u0163\u0103 pentru Ucraina<\/p>\n<p>Pe agenda vizitei se afl\u0103 \u015fi participarea pre\u015fedintelui Nicu\u015for Dan la reuniunea Coali\u0163iei de Voin\u0163\u0103 pentru Ucraina, format lansat \u00een 2025 \u015fi coordonat de Republica Francez\u0103 \u015fi de Regatul Unit al Marii Britanii \u015fi al Irlandei de Nord, care reune\u015fte 35 de state angajate \u00een sprijinirea Ucrainei prin garan\u0163ii solide de securitate.<\/p>\n<p>Coali\u0163ia urm\u0103re\u015fte s\u0103 contribuie, dup\u0103 \u00eencheierea unui acord \u00eentre p\u0103r\u0163ile implicate \u00een conflict, la men\u0163inerea p\u0103cii \u015fi la prevenirea unei noi agresiuni \u00eempotriva Ucrainei.<\/p>\n<p>\u00cen interven\u0163ia sa, pre\u015fedintele Nicu\u015for Dan va eviden\u0163ia leg\u0103tura direct\u0103 dintre securitatea Ucrainei \u015fi securitatea Europei, cu accent asupra Flancului Estic al NATO \u015fi al Uniunii Europene, a precizat Administra\u0163ia Preziden\u0163ial\u0103.<\/p>\n<p>\u015eeful statului va reafirma c\u0103 sprijinul acordat Ucrainei pe toate palierele relevante r\u0103m\u00e2ne esen\u0163ial pentru stabilitatea \u015fi securitatea \u00eentregii regiuni.<\/p>\n<p>Totodat\u0103, pre\u015fedintele Rom\u00e2niei va sublinia necesitatea ca Ucraina s\u0103 poat\u0103 negocia \u00eencheierea r\u0103zboiului dintr-o pozi\u0163ie de for\u0163\u0103, astfel \u00eenc\u00e2t pacea ob\u0163inut\u0103 s\u0103 fie una durabil\u0103 \u015fi just\u0103. \u00cen acest context, Coali\u0163ia de Voin\u0163\u0103 este chemat\u0103 s\u0103 joace un rol esen\u0163ial \u00een implementarea unor garan\u0163ii de securitate cuprinz\u0103toare, menite s\u0103 consolideze securitatea regiunii extinse a M\u0103rii Negre, a Flancului Estic \u015fi a \u00eentregului spa\u0163iu euroatlantic, mai arat\u0103 sursa citat\u0103.\u00a0\n<\/p><\/div>\n<p>[analyse_source url=&#8221;https:\/\/observatornews.ro\/politic\/nicusor-dan-la-paris-de-ziua-nationala-a-frantei-va-participa-si-la-reuniunea-coalitiei-de-vointa-659950.html&#8221;]<\/p>\n","protected":false},"excerpt":{"rendered":"<p>[analyse_image type=&#8221;featured&#8221; src=&#8221;https:\/\/img.observatornews.ro\/?u=https%3A%2F%2Fobservatornews.ro%2Fuploads%2Fmodules%2Fnews%2F0%2F2026%2F7%2F11%2F659950%2Fnicusor-dan-macron-fca15a0c.jpg&amp;w=1200&amp;h=630&amp;c=1&#8243;] Vizita are loc la invita\u0163ia omologului francez, Emmanuel Macron, a informat s\u00e2mb\u0103t\u0103 Administra\u0163ia Preziden\u0163ial\u0103. Participarea \u015fefului statului la ceremoniile de la Paris confirm\u0103 consisten\u0163a Parteneriatului strategic dintre Rom\u00e2nia \u015fi Fran\u0163a, precum \u015fi rela\u0163ia privilegiat\u0103 dintre cele dou\u0103 \u0163\u0103ri \u015fi popoare. Anul 2026 marcheaz\u0103, de altfel, centenarul Tratatului de prietenie franco-rom\u00e2n, simbol al [&hellip;]<\/p>\n","protected":false},"author":1,"featured_media":0,"comment_status":"open","ping_status":"","sticky":false,"template":"","format":"standard","meta":{"footnotes":""},"categories":[2],"tags":[226,30],"class_list":["post-2041046","post","type-post","status-publish","format-standard","hentry","category-politics","tag-crawlmanager","tag-observatornews-ro"],"_links":{"self":[{"href":"https:\/\/analyse.optim.biz\/index.php?rest_route=\/wp\/v2\/posts\/2041046","targetHints":{"allow":["GET"]}}],"collection":[{"href":"https:\/\/analyse.optim.biz\/index.php?rest_route=\/wp\/v2\/posts"}],"about":[{"href":"https:\/\/analyse.optim.biz\/index.php?rest_route=\/wp\/v2\/types\/post"}],"author":[{"embeddable":true,"href":"https:\/\/analyse.optim.biz\/index.php?rest_route=\/wp\/v2\/users\/1"}],"replies":[{"embeddable":true,"href":"https:\/\/analyse.optim.biz\/index.php?rest_route=%2Fwp%2Fv2%2Fcomments&post=2041046"}],"version-history":[{"count":0,"href":"https:\/\/analyse.optim.biz\/index.php?rest_route=\/wp\/v2\/posts\/2041046\/revisions"}],"wp:attachment":[{"href":"https:\/\/analyse.optim.biz\/index.php?rest_route=%2Fwp%2Fv2%2Fmedia&parent=2041046"}],"wp:term":[{"taxonomy":"category","embeddable":true,"href":"https:\/\/analyse.optim.biz\/index.php?rest_route=%2Fwp%2Fv2%2Fcategories&post=2041046"},{"taxonomy":"post_tag","embeddable":true,"href":"https:\/\/analyse.optim.biz\/index.php?rest_route=%2Fwp%2Fv2%2Ftags&post=2041046"}],"curies":[{"name":"wp","href":"https:\/\/api.w.org\/{rel}","templated":true}]}}