{"id":2040924,"date":"2026-07-13T14:56:01","date_gmt":"2026-07-13T11:56:01","guid":{"rendered":"https:\/\/analyse.optim.biz\/?p=2040924"},"modified":"2026-07-13T14:56:01","modified_gmt":"2026-07-13T11:56:01","slug":"consiliul-judetean-suceava-aloca-2-milioane-de-lei-echipei-de-handbal-csu-suceava-stiri-suceava","status":"publish","type":"post","link":"https:\/\/analyse.optim.biz\/?p=2040924","title":{"rendered":"Consiliul Jude\u021bean Suceava aloc\u0103 2 milioane de lei echipei de handbal CSU Suceava &#8211; Stiri Suceava"},"content":{"rendered":"<p>[analyse_image type=&#8221;featured&#8221; src=&#8221;https:\/\/www.informatiata.ro\/wp-content\/uploads\/2026\/07\/Soldan-handbal-1017&#215;1024.jpg&#8221;]<\/p>\n<div class=\"td-post-content tagdiv-type\">\n<div class=\"td-post-featured-image\"><a href=\"https:\/\/www.informatiata.ro\/wp-content\/uploads\/2026\/07\/Soldan-handbal-scaled.jpg\" data-caption><img loading=\"lazy\" decoding=\"async\" width=\"696\" height=\"701\" class=\"entry-thumb td-modal-image\" src=\"https:\/\/www.informatiata.ro\/wp-content\/uploads\/2026\/07\/Soldan-handbal-696x701.jpg\" alt title=\"\u0218oldan handbal\"><img loading=\"lazy\" decoding=\"async\" width=\"696\" height=\"701\" class=\"entry-thumb td-modal-image\" src=\"https:\/\/www.informatiata.ro\/wp-content\/uploads\/2026\/07\/Soldan-handbal-696x701.jpg\" alt title=\"\u0218oldan handbal\"><\/a><\/div>\n<p>Consiliul Jude\u021bean Suceava aloc\u0103 2 milioane de lei echipei de handbal CSU Suceava. Anun\u021bul a fost f\u0103cut de pre\u0219edintele CJ Suceava, Gheorghe \u0218oldan, care a precizat c\u0103 a fost al\u0103turi de echipa de handbal a Sucevei \u00eenc\u0103 din primul an de mandat. <\/p>\n<p>Luni, acesta a semnat contractul de finan\u021bare prin programul de finan\u021b\u0103ri nerambursabile, \u00een valoare de 2.100.000 de lei. <\/p>\n<div class=\"td-a-rec td-a-rec-id-content_inlineright  tdi_7 td_block_template_1\"><img loading=\"lazy\" decoding=\"async\" class=\"aligncenter size-full wp-image-65536\" src=\"https:\/\/www.informatiata.ro\/wp-content\/uploads\/2026\/07\/SAVCOM-4.gif\" alt width=\"299\" height=\"250\"><img loading=\"lazy\" decoding=\"async\" class=\"aligncenter size-full wp-image-65536\" src=\"https:\/\/www.informatiata.ro\/wp-content\/uploads\/2026\/07\/SAVCOM-4.gif\" alt width=\"299\" height=\"250\"><img loading=\"lazy\" decoding=\"async\" class=\"aligncenter size-full wp-image-65537\" src=\"https:\/\/www.informatiata.ro\/wp-content\/uploads\/2026\/07\/FACOS-3.gif\" alt width=\"300\" height=\"250\"><img loading=\"lazy\" decoding=\"async\" class=\"aligncenter size-full wp-image-65537\" src=\"https:\/\/www.informatiata.ro\/wp-content\/uploads\/2026\/07\/FACOS-3.gif\" alt width=\"300\" height=\"250\"><\/div>\n<p>Din aceast\u0103 sum\u0103, 2 milioane de lei merg c\u0103tre echipa de handbal, iar 100.000 de lei c\u0103tre echipa de fotbal feminin a clubului universitar, promovat\u0103 \u00een Liga a II-a.<\/p>\n<p>\u201eCSU Suceava este una dintre cele mai frumoase pove\u0219ti ale sportului sucevean: o echip\u0103 t\u00e2n\u0103r\u0103, ambi\u021bioas\u0103, cu juc\u0103tori crescu\u021bi aici, acas\u0103, \u0219i cu rezultate care se v\u0103d inclusiv la nivel na\u021bional. Nu mai pu\u021bin de opt suceveni fac parte din selec\u021bionata de tineret a Rom\u00e2niei, care particip\u0103 la Campionatul European de handbal.<\/p>\n<p>\u0218tiu c\u00e2t de greu este s\u0103 rezi\u0219ti \u00een primul e\u0219alon al handbalului rom\u00e2nesc f\u0103r\u0103 sus\u021binere. Am fost la mai multe meciuri, am tr\u0103it atmosfera extraordinar\u0103 din sala Liceului cu Program Sportiv \u0219i am v\u0103zut c\u00e2t de mult \u00eenseamn\u0103 aceast\u0103 echip\u0103 pentru Suceava.<\/p>\n<p>Peste dou\u0103 zile, \u00een \u0219edin\u021ba Consiliului Jude\u021bean, vom premia \u0219i echipele de juniori ale CSU Suceava, care au ob\u021binut rezultate foarte bune \u00een campionatele na\u021bionale.<\/p>\n<p>Acesta este drumul corect: sprijinim performan\u021ba de ast\u0103zi \u0219i investim \u00een copiii care pot deveni campionii de m\u00e2ine\u201d, a declarat Gheorghe \u0218oldan. <\/p>\n<\/div>\n<p>[analyse_source url=&#8221;https:\/\/www.informatiata.ro\/cj-suceava-aloca-2-mioane-lei-pt-handbal-csu\/&#8221;]<\/p>\n","protected":false},"excerpt":{"rendered":"<p>[analyse_image type=&#8221;featured&#8221; src=&#8221;https:\/\/www.informatiata.ro\/wp-content\/uploads\/2026\/07\/Soldan-handbal-1017&#215;1024.jpg&#8221;] Consiliul Jude\u021bean Suceava aloc\u0103 2 milioane de lei echipei de handbal CSU Suceava. Anun\u021bul a fost f\u0103cut de pre\u0219edintele CJ Suceava, Gheorghe \u0218oldan, care a precizat c\u0103 a fost al\u0103turi de echipa de handbal a Sucevei \u00eenc\u0103 din primul an de mandat. Luni, acesta a semnat contractul de finan\u021bare prin programul de [&hellip;]<\/p>\n","protected":false},"author":1,"featured_media":0,"comment_status":"open","ping_status":"","sticky":false,"template":"","format":"standard","meta":{"footnotes":""},"categories":[89],"tags":[226,167],"class_list":["post-2040924","post","type-post","status-publish","format-standard","hentry","category-romania","tag-crawlmanager","tag-informatiata-ro"],"_links":{"self":[{"href":"https:\/\/analyse.optim.biz\/index.php?rest_route=\/wp\/v2\/posts\/2040924","targetHints":{"allow":["GET"]}}],"collection":[{"href":"https:\/\/analyse.optim.biz\/index.php?rest_route=\/wp\/v2\/posts"}],"about":[{"href":"https:\/\/analyse.optim.biz\/index.php?rest_route=\/wp\/v2\/types\/post"}],"author":[{"embeddable":true,"href":"https:\/\/analyse.optim.biz\/index.php?rest_route=\/wp\/v2\/users\/1"}],"replies":[{"embeddable":true,"href":"https:\/\/analyse.optim.biz\/index.php?rest_route=%2Fwp%2Fv2%2Fcomments&post=2040924"}],"version-history":[{"count":0,"href":"https:\/\/analyse.optim.biz\/index.php?rest_route=\/wp\/v2\/posts\/2040924\/revisions"}],"wp:attachment":[{"href":"https:\/\/analyse.optim.biz\/index.php?rest_route=%2Fwp%2Fv2%2Fmedia&parent=2040924"}],"wp:term":[{"taxonomy":"category","embeddable":true,"href":"https:\/\/analyse.optim.biz\/index.php?rest_route=%2Fwp%2Fv2%2Fcategories&post=2040924"},{"taxonomy":"post_tag","embeddable":true,"href":"https:\/\/analyse.optim.biz\/index.php?rest_route=%2Fwp%2Fv2%2Ftags&post=2040924"}],"curies":[{"name":"wp","href":"https:\/\/api.w.org\/{rel}","templated":true}]}}