{"id":204039,"date":"2014-05-29T16:26:09","date_gmt":"2014-05-29T13:26:09","guid":{"rendered":"https:\/\/analyse.optim.biz\/?p=204039"},"modified":"2014-05-29T16:26:09","modified_gmt":"2014-05-29T13:26:09","slug":"psd-da-liber-la-aliante-in-teritoriu","status":"publish","type":"post","link":"https:\/\/analyse.optim.biz\/?p=204039","title":{"rendered":"PSD d\u0103 liber la alian\u0163e \u00een teritoriu"},"content":{"rendered":"<div class=\"entry data-app-meta data-app-meta-article\" data-embed-base-url-canonical=\"https:\/\/www.digi24.ro\/embed\/stiri\/actualitate\/politica\/psd-da-liber-la-aliante-in-teritoriu-249599\">\n<p data-index=\"1\">\u201eAm auzit \u015fi eu c\u0103 domnul Antonescu nu mai vrea s\u0103 mai p\u0103str\u0103m alian\u0163ele \u00een teritoriu \u015fi atunci, sigur, fiecare la nivel comunal, municipal, jude\u0163ean trebuie s\u0103 \u00eencerce s\u0103-\u015fi fac\u0103 o majoritate, pentru c\u0103 avem un program cu care am candidat, programul USL, e adev\u0103rat, \u00een 2012, \u015fi acesta trebuie pus \u00een aplicare\u201d, a spus Ponta.<\/p>\n<p data-index=\"2\">El a ar\u0103tat c\u0103 nu exist\u0103 partide cu care social-democra\u0163ii din teritoriu s\u0103 aib\u0103 interdic\u0163ia de a colabora \u00een perspectiva form\u0103rii unor astfel de majorit\u0103\u0163i.<\/p>\n<p data-index=\"3\">\u00centrebat dac\u0103 \u00een aceste condi\u0163ii se mai poate spune c\u0103 USL tr\u0103ie\u015fte, Ponta a r\u0103spuns: \u201eCred c\u0103 l-a omor\u00e2t domnul Antonescu de tot, l-a sufocat&#8221;.<\/p>\n<p data-index=\"4\">\u201eNu are cum s\u0103 fie \u015fi Alian\u0163a D.A. \u015fi USL, e cam complicat\u201d, a ad\u0103ugat Ponta.<\/p>\n<\/div>\n<p> Source URL: https:\/\/www.digi24.ro\/stiri\/actualitate\/politica\/psd-da-liber-la-aliante-in-teritoriu-249599<\/p>\n","protected":false},"excerpt":{"rendered":"<p>\u201eAm auzit \u015fi eu c\u0103 domnul Antonescu nu mai vrea s\u0103 mai p\u0103str\u0103m alian\u0163ele \u00een teritoriu \u015fi atunci, sigur, fiecare la nivel comunal, municipal, jude\u0163ean trebuie s\u0103 \u00eencerce s\u0103-\u015fi fac\u0103 o majoritate, pentru c\u0103 avem un program cu care am candidat, programul USL, e adev\u0103rat, \u00een 2012, \u015fi acesta trebuie pus \u00een aplicare\u201d, a spus [&hellip;]<\/p>\n","protected":false},"author":1,"featured_media":204040,"comment_status":"open","ping_status":"","sticky":false,"template":"","format":"standard","meta":{"footnotes":""},"categories":[2],"tags":[11],"class_list":["post-204039","post","type-post","status-publish","format-standard","has-post-thumbnail","hentry","category-politics","tag-digi24"],"_links":{"self":[{"href":"https:\/\/analyse.optim.biz\/index.php?rest_route=\/wp\/v2\/posts\/204039","targetHints":{"allow":["GET"]}}],"collection":[{"href":"https:\/\/analyse.optim.biz\/index.php?rest_route=\/wp\/v2\/posts"}],"about":[{"href":"https:\/\/analyse.optim.biz\/index.php?rest_route=\/wp\/v2\/types\/post"}],"author":[{"embeddable":true,"href":"https:\/\/analyse.optim.biz\/index.php?rest_route=\/wp\/v2\/users\/1"}],"replies":[{"embeddable":true,"href":"https:\/\/analyse.optim.biz\/index.php?rest_route=%2Fwp%2Fv2%2Fcomments&post=204039"}],"version-history":[{"count":0,"href":"https:\/\/analyse.optim.biz\/index.php?rest_route=\/wp\/v2\/posts\/204039\/revisions"}],"wp:featuredmedia":[{"embeddable":true,"href":"https:\/\/analyse.optim.biz\/index.php?rest_route=\/wp\/v2\/media\/204040"}],"wp:attachment":[{"href":"https:\/\/analyse.optim.biz\/index.php?rest_route=%2Fwp%2Fv2%2Fmedia&parent=204039"}],"wp:term":[{"taxonomy":"category","embeddable":true,"href":"https:\/\/analyse.optim.biz\/index.php?rest_route=%2Fwp%2Fv2%2Fcategories&post=204039"},{"taxonomy":"post_tag","embeddable":true,"href":"https:\/\/analyse.optim.biz\/index.php?rest_route=%2Fwp%2Fv2%2Ftags&post=204039"}],"curies":[{"name":"wp","href":"https:\/\/api.w.org\/{rel}","templated":true}]}}