{"id":204028,"date":"2014-05-29T17:57:53","date_gmt":"2014-05-29T14:57:53","guid":{"rendered":"https:\/\/analyse.optim.biz\/?p=204028"},"modified":"2014-05-29T17:57:53","modified_gmt":"2014-05-29T14:57:53","slug":"europarlamentarii-si-au-primit-certificatele-mircea-diaconu-si-ramona-manescu-au-lipsit-de-la-ceremonie","status":"publish","type":"post","link":"https:\/\/analyse.optim.biz\/?p=204028","title":{"rendered":"Europarlamentarii \u0219i-au primit certificatele. Mircea Diaconu \u0219i Ramona M\u0103nescu au lipsit de la ceremonie"},"content":{"rendered":"<div class=\"entry data-app-meta data-app-meta-article\" data-embed-base-url-canonical=\"https:\/\/www.digi24.ro\/embed\/stiri\/actualitate\/politica\/europarlamentarii-si-au-primit-certificatele-mircea-diaconu-si-ramona-manescu-au-lipsit-de-la-ceremonie-249682\">\n<p data-index=\"1\">Ceremonia de \u00eenm\u00e2nare a mandatelor celor 32 de europarlamentari care vor reprezenta Rom\u00e2nia la Bruxelles a avut loc la Sala Palatului, unde a fost organizat\u0103 o festivitate de \u00eenm\u00e2nare a certificatelor.<\/p>\n<p data-index=\"2\">Prezen\u0163i la ceremonie, <a href=\"https:\/\/www.digi24.ro\/Stiri\/Digi24\/Actualitate\/Politica\/Crin+Antonescu+candidat+oficial+psd+presedintie+ironii\" target=\"_blank\" data-skip-linkfix=\"1\" rel=\"noopener\">Victor Ponta \u015fi Crin antonescu<\/a> s-au ironizat reciproc prin intermediul presei.<\/p>\n<\/div>\n<p> Source URL: https:\/\/www.digi24.ro\/stiri\/actualitate\/politica\/europarlamentarii-si-au-primit-certificatele-mircea-diaconu-si-ramona-manescu-au-lipsit-de-la-ceremonie-249682<\/p>\n","protected":false},"excerpt":{"rendered":"<p>Ceremonia de \u00eenm\u00e2nare a mandatelor celor 32 de europarlamentari care vor reprezenta Rom\u00e2nia la Bruxelles a avut loc la Sala Palatului, unde a fost organizat\u0103 o festivitate de \u00eenm\u00e2nare a certificatelor. Prezen\u0163i la ceremonie, Victor Ponta \u015fi Crin antonescu s-au ironizat reciproc prin intermediul presei. Source URL: https:\/\/www.digi24.ro\/stiri\/actualitate\/politica\/europarlamentarii-si-au-primit-certificatele-mircea-diaconu-si-ramona-manescu-au-lipsit-de-la-ceremonie-249682<\/p>\n","protected":false},"author":1,"featured_media":204029,"comment_status":"open","ping_status":"","sticky":false,"template":"","format":"standard","meta":{"footnotes":""},"categories":[2],"tags":[11],"class_list":["post-204028","post","type-post","status-publish","format-standard","has-post-thumbnail","hentry","category-politics","tag-digi24"],"_links":{"self":[{"href":"https:\/\/analyse.optim.biz\/index.php?rest_route=\/wp\/v2\/posts\/204028","targetHints":{"allow":["GET"]}}],"collection":[{"href":"https:\/\/analyse.optim.biz\/index.php?rest_route=\/wp\/v2\/posts"}],"about":[{"href":"https:\/\/analyse.optim.biz\/index.php?rest_route=\/wp\/v2\/types\/post"}],"author":[{"embeddable":true,"href":"https:\/\/analyse.optim.biz\/index.php?rest_route=\/wp\/v2\/users\/1"}],"replies":[{"embeddable":true,"href":"https:\/\/analyse.optim.biz\/index.php?rest_route=%2Fwp%2Fv2%2Fcomments&post=204028"}],"version-history":[{"count":0,"href":"https:\/\/analyse.optim.biz\/index.php?rest_route=\/wp\/v2\/posts\/204028\/revisions"}],"wp:featuredmedia":[{"embeddable":true,"href":"https:\/\/analyse.optim.biz\/index.php?rest_route=\/wp\/v2\/media\/204029"}],"wp:attachment":[{"href":"https:\/\/analyse.optim.biz\/index.php?rest_route=%2Fwp%2Fv2%2Fmedia&parent=204028"}],"wp:term":[{"taxonomy":"category","embeddable":true,"href":"https:\/\/analyse.optim.biz\/index.php?rest_route=%2Fwp%2Fv2%2Fcategories&post=204028"},{"taxonomy":"post_tag","embeddable":true,"href":"https:\/\/analyse.optim.biz\/index.php?rest_route=%2Fwp%2Fv2%2Ftags&post=204028"}],"curies":[{"name":"wp","href":"https:\/\/api.w.org\/{rel}","templated":true}]}}