{"id":2039937,"date":"2026-07-12T18:42:54","date_gmt":"2026-07-12T15:42:54","guid":{"rendered":"https:\/\/analyse.optim.biz\/?p=2039937"},"modified":"2026-07-12T18:42:54","modified_gmt":"2026-07-12T15:42:54","slug":"ioan-aurel-pop-critica-legea-vexler-intr-un-articol-de-neratat-nu-putem-sa-ducem-un-razboi-cu-istoria","status":"publish","type":"post","link":"https:\/\/analyse.optim.biz\/?p=2039937","title":{"rendered":"Ioan-Aurel Pop critic\u0103 legea Vexler \u00eentr-un articol de neratat: Nu putem s\u0103 ducem un r\u0103zboi cu istoria"},"content":{"rendered":"<p>[analyse_image type=&#8221;featured&#8221; src=&#8221;https:\/\/r3media.ro\/wp-content\/uploads\/2021\/11\/ioan-aurel-pop-patriotism-e1783881771310.jpghttps:\/\/r3media.ro\/wp-content\/uploads\/2021\/11\/ioan-aurel-pop-patriotism-e1783881771310.jpg&#8221;]<\/p>\n<article id=\"template-id-109\" class=\"post-109 tdb_templates type-tdb_templates status-publish post\">\n<div id=\"tdi_2\" class=\"tdc-zone\">\n<div class=\"tdc_zone tdi_3  wpb_row td-pb-row\">\n<div id=\"tdi_4\" class=\"tdc-row\">\n<div class=\"vc_row tdi_5  wpb_row td-pb-row\">\n<div class=\"vc_column tdi_7  wpb_column vc_column_container tdc-column td-pb-span8\">\n<div class=\"wpb_wrapper\">\n<div class=\"td_block_wrap tdb_breadcrumbs tdi_8 td-pb-border-top td_block_template_1 tdb-breadcrumbs \" data-td-block-uid=\"tdi_8\">\n<div class=\"tdb-block-inner td-fix-index\"><span><a title=\"Vede\u021bi toate articolele \u00een FEATURED\" class=\"tdb-entry-crumb\" href=\"https:\/\/r3media.ro\/category\/featured\/\">FEATURED<\/a><\/span><span class=\"tdb-bred-no-url-last\">Ioan-Aurel Pop critic\u0103 legea Vexler \u00eentr-un articol de neratat: Nu putem s\u0103&#8230;<\/span><\/div>\n<\/div>\n<div class=\"td_block_wrap tdb_single_categories tdi_9 td-pb-border-top td_block_template_1 \" data-td-block-uid=\"tdi_9\">\n<div class=\"tdb-category td-fix-index\"><a class=\"tdb-entry-category\" href=\"https:\/\/r3media.ro\/category\/featured\/\">FEATURED<\/a><a class=\"tdb-entry-category\" href=\"https:\/\/r3media.ro\/category\/stiri\/\">\u0218TIRI<\/a><\/div>\n<\/div>\n<div class=\"td_block_wrap tdb_title tdi_10 tdb-single-title td-pb-border-top td_block_template_1\" data-td-block-uid=\"tdi_10\">\n<div class=\"tdb-block-inner td-fix-index\">\n<h1 class=\"tdb-title-text\">Ioan-Aurel Pop critic\u0103 legea Vexler \u00eentr-un articol de neratat: Nu putem s\u0103 ducem un r\u0103zboi cu istoria<\/h1>\n<\/div>\n<\/div>\n<div class=\"vc_row_inner tdi_12  vc_row vc_inner wpb_row td-pb-row\">\n<div class=\"vc_column_inner tdi_14  wpb_column vc_column_container tdc-inner-column td-pb-span12\">\n<div class=\"vc_column-inner\">\n<div class=\"wpb_wrapper\">\n<div class=\"td_block_wrap tdb_single_author tdi_15 td-pb-border-top td_block_template_1 tdb-post-meta\" data-td-block-uid=\"tdi_15\">\n<div class=\"tdb-block-inner td-fix-index\">\n<div class=\"tdb-author-name-wrap\"><a class=\"tdb-author-name\" href=\"https:\/\/r3media.ro\/author\/radu_ursan\/\">Radu Ursan<\/a><\/div>\n<\/div>\n<\/div>\n<div class=\"td_block_wrap tdb_single_date tdi_16 td-pb-border-top td_block_template_1 tdb-post-meta\" data-td-block-uid=\"tdi_16\">\n<div class=\"tdb-block-inner td-fix-index\"><time class=\"entry-date updated td-module-date\" datetime=\"2026-07-12T21:42:54+03:00\">12\/07\/2026<\/time><\/div>\n<\/div>\n<\/div>\n<\/div>\n<\/div>\n<\/div>\n<div class=\"td_block_wrap tdb_single_content tdi_18 td-pb-border-top td_block_template_1 td-post-content tagdiv-type\" data-td-block-uid=\"tdi_18\">\n<div class=\"tdb-block-inner td-fix-index\">\n<p><strong>Academicianul Ioan-Aurel Pop a criticat, \u00eentr-un articol pentru <a href=\"https:\/\/gazetadecluj.ro\/ioan-aurel-pop-cum-trebuie-aplicata-legea-vexler\/\" target=\"_blank\" rel=\"noopener\">Gazeta de Cluj<\/a>, modul \u00een care este aplicat\u0103 Legea Vexler \u0219i cere ca numele \u0219i busturile lui <a href=\"https:\/\/r3media.ro\/ioan-aurel-pop-octavian-goga-istoria-romaniei\/\" target=\"_blank\" rel=\"noopener\">Octavian Goga<\/a> s\u0103 r\u0103m\u00e2n\u0103 \u00een spa\u021biul public. Argumentul central: principiul neretroactivit\u0103\u021bii legii.<\/strong><\/p>\n<p>Academicianul Ioan-Aurel Pop a formulat o critic\u0103 ampl\u0103 la adresa modului \u00een care este invocat\u0103 Legea Vexler pentru eliminarea din spa\u021biul public a unor figuri ale culturii rom\u00e2ne, \u00een special a poetului \u0219i fostului premier Octavian Goga.<\/p>\n<h2>\u201eTrecutul nu poate s\u0103 fie chemat la bar\u0103\u201d<\/h2>\n<p>Nucleul argumenta\u021biei istoricului este juridic: o lege intrat\u0103 \u00een vigoare la 23 decembrie 2025 nu poate judeca fapte petrecute cu un secol mai devreme.<\/p>\n<p>\u201eCei care invoc\u0103 legea Vexler pentru epurarea culturii rom\u00e2ne\u0219ti de valorile sale comit o mare eroare, fiindc\u0103 le cer acelor mari intelectuali s\u0103 se fi purtat \u00een epoca lor, adic\u0103 \u00een secolele al XIX-lea \u0219i al XX-lea, dup\u0103 prevederile unei legisla\u021bii din 2025\u2033, afirm\u0103 Ioan-Aurel Pop.<\/p>\n<p>Academicianul invoc\u0103 principiul neretroactivit\u0103\u021bii, garantat de Constitu\u021bie \u0219i de Codul Civil: \u201eo lege nu poate condamna oameni care au ac\u021bionat contrar ei \u00eenainte de existen\u021ba sa, fiindc\u0103 cet\u0103\u021benii de ieri nu puteau prevedea viitorul, nu erau dota\u021bi cu darul premoni\u021biei, nu aveau de unde s\u0103 \u0219tie c\u0103 o societate viitoare le va condamna conduita\u201d.<\/p>\n<p>El precizeaz\u0103 c\u0103 nu contest\u0103 legea \u00een sine pentru aplicarea ei de acum \u00eenainte: \u201eoricine face, de la 23 decembrie 2025 \u00eencolo, propagand\u0103 xenofob\u0103, antisemit\u0103, \u0219ovin\u0103 etc. este pasibil de pedeaps\u0103 \u0219i este bine s\u0103 fie a\u0219a\u201d. Extremele trecutului, spune academicianul, \u201eau condus la Holocaust, la genocid, la o serie de catastrofe \u00een lume \u0219i acestea nu trebuie s\u0103 se mai repete\u201d. Concluzia sa r\u0103m\u00e2ne \u00eens\u0103 tran\u0219ant\u0103: \u201eDar trecutul trebuie s\u0103 r\u0103m\u00e2n\u0103 trecut. El nu poate s\u0103 fie chemat la bar\u0103.\u201d<\/p>\n<h2>Cele 44 de zile ale guvernului Goga<\/h2>\n<p>Ioan-Aurel Pop trece \u00een revist\u0103 scurta guvernare a lui Goga (29 decembrie 1937 \u2013 14 februarie 1938), sus\u021bin\u00e2nd c\u0103 premierul \u201enu a putut s\u0103 fie \u00abcriminal de r\u0103zboi\u00bb, fiindc\u0103 a murit \u00een 1938 \u0219i nu a mai apucat r\u0103zboiul\u201d \u0219i c\u0103 \u201eel, ca individ, nu a f\u0103cut nicio lege antisemit\u0103, ci a promulgat una elaborat\u0103 de regele Carol al II-lea \u0219i camarila sa\u201d.<\/p>\n<p>Istoricul aminte\u0219te c\u0103, pe 7 februarie 1938, Goga \u201ele trimitea prefec\u021bilor o circular\u0103 prin care le cerea s\u0103 opreasc\u0103 orice excese, acolo unde sunt, fiindc\u0103 guvernul nu poate admite astfel de acte\u201d, \u0219i subliniaz\u0103: \u201eGoga nu a luat m\u0103suri de ucidere a nim\u0103nui.\u201d<\/p>\n<p>Antisemitismul poetului nu este negat de academician, ci \u00eencadrat \u00een epoc\u0103: \u201eFire\u0219te, atitudinea sa antisemit\u0103, ca \u0219i aceea a sute de mii de rom\u00e2ni din elita de atunci, exist\u0103 \u0219i ea este o realitate de necontestat.\u201d<\/p>\n<p>Pop ofer\u0103 \u0219i o explica\u021bie a ra\u021biunii pe care ar fi avut-o Goga \u00een spatele decretului privind cet\u0103\u021benia: \u201eGoga a \u00een\u021beles c\u0103 verificarea cet\u0103\u021beniei evreilor intra\u021bi \u00een Rom\u00e2nia dup\u0103 1918 (mai ales din Basarabia) va diminua presiunile comuniste dinspre Moscova (mul\u021bi evrei erau agen\u021bii bol\u0219evismului) \u0219i va putea men\u021bine statul rom\u00e2n ca pav\u0103z\u0103 contra extinderii spre vest a comunismului.\u201d<\/p>\n<p>Academicianul aminte\u0219te c\u0103 URSS promova atunci ideea c\u0103 Rom\u00e2nia era un \u201estat imperialist\u201d, unul \u201eformat din petice\u201d luate de la al\u021bii \u0219i c\u0103 trebuie destr\u0103mat.<\/p>\n<h2>Argumentul educa\u021biei de epoc\u0103<\/h2>\n<p>O parte consistent\u0103 a declara\u021biei este dedicat\u0103 educa\u021biei religioase \u0219i \u0219colare a genera\u021biilor secolelor al XIX-lea \u0219i al XX-lea, pe care Pop o consider\u0103 determinant\u0103. Cre\u0219tinii Europei, spune el, \u00eenv\u0103\u021bau din familie \u0219i de la biseric\u0103 c\u0103 evreii \u201eerau v\u00e2nz\u0103torii M\u00e2ntuitorului\u201d, iar \u0219coala \u201econtinua opera \u00eenceput\u0103 de familie\u201d.<\/p>\n<p>Academicianul sus\u021bine c\u0103 aceast\u0103 educa\u021bie era reciproc\u0103: \u201eLa fel de aspru \u0219i necru\u021b\u0103tor \u00eenv\u0103\u021bau atunci \u0219i evreii despre \u00abgoimi\u00bb (neevrei). \u00cen unele pasaje din Talmud scrie c\u0103 cre\u0219tinii \u2013 \u00een anumite \u00eemprejur\u0103ri \u2013 trebuiau s\u0103 fie uci\u0219i.\u201d Educa\u021bia reciproc negativ\u0103, adaug\u0103 el, \u201ea stat \u00een centrul vie\u021bii oamenilor secole la r\u00e2nd, fiindc\u0103 a\u0219a se credea atunci c\u0103 este bine, corect, cinstit, legal \u0219i moral\u201d.<\/p>\n<p>Concluzia sa: \u201eNici Eminescu, nici Goga, nici Mircea Eliade \u0219i nici Mircea Vulc\u0103nescu nu sunt vinova\u021bi pentru aceast\u0103 mentalitate, pentru acest fel de a vedea lumea, pentru orientarea pe care o luaser\u0103 regimurile politice la un moment dat.\u201d<\/p>\n<p>\u00centrebarea pe care o pune este retoric\u0103: \u201eOare sunt Goga, Eminescu \u0219i contemporanii lor vinova\u021bi de educa\u021bia care li s-a dat? S-au educat ei singuri \u00een manier\u0103 antisemit\u0103?\u201d<\/p>\n<h2>Opera, separat\u0103 de omul politic<\/h2>\n<p>Academicianul insist\u0103 asupra unei distinc\u021bii pe care o consider\u0103 esen\u021bial\u0103: \u201enu exist\u0103 nimic antisemit, rasist sau xenofob \u00een crea\u021bia lui Octavian Goga\u201d. Poetul, spune el, \u201ea reflectat sufletul rom\u00e2nesc \u00een rotunjimea lui \u0219i a descris la nivel poetic, literar sentimentul de a fi rom\u00e2n sau, altfel spus, identitatea rom\u00e2neasc\u0103\u201d.<\/p>\n<p>Pop aminte\u0219te c\u0103 Goga \u201ea tr\u0103it aproape patru decenii sub un regim asupritor \u0219i a fost discriminat ca rom\u00e2n \u00een \u021bara sa\u201d \u0219i c\u0103, dup\u0103 1918, a fost \u201econvins c\u0103 Rom\u00e2nia este a rom\u00e2nilor, a\u0219a cum Polonia trebuie s\u0103 fie a polonezilor, dup\u0103 cum Fran\u021ba e a francezilor \u0219i Anglia a englezilor\u201d.<\/p>\n<h2>\u201eDenun\u021buri culturale\u201d \u0219i liste de autori interzi\u0219i<\/h2>\n<p>Cea mai dur\u0103 parte a declara\u021biei vizeaz\u0103 ceea ce Pop nume\u0219te \u201edenun\u021buri culturale menite s\u0103 duc\u0103 la alc\u0103tuirea unor liste (indexuri) de lucr\u0103ri \u0219i de autori interzi\u0219i, \u00eentocmai cum au f\u0103cut Hitler \u0219i Stalin, precum \u0219i cei care le-au urmat ideile\u201d.<\/p>\n<p>Aplicat\u0103 retroactiv, spune el, legea ar putea scoate din spa\u021biul public \u201eMihai Eminescu, Nicolae Iorga, Mircea Eliade, Emil Cioran, Alexandru Vaida-Voevod, Petre \u021au\u021bea, Gheorghe I. Br\u0103tianu, Nicolae Paulescu, Radu Gyr, Sabin Manuil\u0103, dar \u0219i Vasile Alecsandri \u0219i Mihail Kog\u0103lniceanu \u0219i mul\u021bi al\u021bii\u201d. \u201eNici Ion Budai-Deleanu nu a fost corect politic, fiindc\u0103 a scris \u00ab\u021aiganiada\u00bb\u201d, adaug\u0103 academicianul.<\/p>\n<p>Invoc\u00e2nd \u201ecele trei filtre ale lui Socrate\u201d \u2013 adev\u0103rul, bun\u0103tatea \u0219i folosul \u2013, Pop \u00eentreab\u0103: \u201eCum s\u0103 cred eu, legiuitor sau executiv, c\u0103 dac\u0103 sparg cu ciocanul busturile lui Octavian Goga de la Ia\u0219i, de la Alba Iulia \u0219i de oriunde, voi aduce adev\u0103r, bun\u0103tate \u0219i folos \u00een societate? Cum s\u0103 cred c\u0103 voi eradica prin asta antisemitismul?\u201d<\/p>\n<p>Pozi\u021bia sa nu este o negare a antisemitismului poetului: \u201eFire\u0219te, trebuie s\u0103 \u0219tim c\u0103 poetul a fost antisemit, s\u0103 respingem azi ideile antisemite, dar s\u0103 p\u0103str\u0103m mo\u0219tenirea sa bun\u0103, opera sa poetic\u0103, marea sa lucrare de patriot rom\u00e2n c\u00e2nd a luptat pentru unirea Transilvaniei cu Rom\u00e2nia.\u201d<\/p>\n<p>Academicianul sus\u021bine c\u0103 efectul m\u0103surilor este invers celui declarat, invoc\u00e2nd vandalizarea sinagogii din Alba Iulia: \u201eAtacurile la adresa lui Octavian Goga nasc alte atacuri. Ele nu diminueaz\u0103 deloc antisemitismul, ci \u00eel sporesc.\u201d<\/p>\n<h2>Concluzia<\/h2>\n<p>\u201eCe am voit s\u0103 ar\u0103t prin toate aceste considera\u021bii? C\u0103 drumul pe care s-a pornit cu Legea Vexler este gre\u0219it, c\u0103 trebuie s\u0103 combatem excesele care se vor produce de-acum \u00eenainte, c\u0103 nu putem s\u0103 ducem un r\u0103zboi cu istoria. Vom pierde categoric un astfel de r\u0103zboi\u201d, conchide Ioan-Aurel Pop.<\/p>\n<p>Pozi\u021bia sa nu este o respingere total\u0103 a legii, ci a modului \u00een care este aplicat\u0103:<\/p>\n<p>\u201eDac\u0103 legea Vexler \u00een ansamblul ei nu este o provocare, atunci cu siguran\u021b\u0103 este o provocare modul \u00een care unele organiza\u021bii \u0219i, poate, instan\u021be au \u00een\u021beles s\u0103 o aplice. Legea Vexler nu poate justifica denun\u021burile culturale, iar ea nu poate s\u0103 fie invocat\u0103 pentru demolarea busturilor lui Goga.\u201d<\/p>\n<div class=\"crp_related     crp-masonry\">\n<h2>\u00ceN CONTEXT<\/h2>\n<ul>\n<li><a href=\"https:\/\/r3media.ro\/protest-ipj-prahova-legea-vexler\/\" class=\"crp_link post-119003\"><span class=\"crp_title\">Protest \u00eempotriva IPJ Prahova, dup\u0103 anchetarea unor panouri care cer abrogarea \u201elegii Vexler\u201d<\/span><\/a><\/li>\n<li><a href=\"https:\/\/r3media.ro\/ioan-aurel-pop-octavian-goga-istoria-romaniei\/\" class=\"crp_link post-116608\"><span class=\"crp_title\">Acad. Ioan-Aurel Pop \u00eel ap\u0103r\u0103 pe Octavian Goga: Face parte din istoria noastr\u0103 \u0219i a fost ca\u2026<\/span><\/a><\/li>\n<li><a href=\"https:\/\/r3media.ro\/stat-de-drept-sau-restaurare-mascata-a-comunismului\/\" class=\"crp_link post-112012\"><span class=\"crp_title\">Stat de drept sau restaurare mascat\u0103 a comunismului?<\/span><\/a><\/li>\n<li><a href=\"https:\/\/r3media.ro\/fiinta-nationala-a-romanilor-intre-simbol-si-adversitati\/\" class=\"crp_link post-114477\"><span class=\"crp_title\">Fiin\u0163a na\u0163ional\u0103 a rom\u00e2nilor \u2013 \u00eentre simbol \u015fi adversit\u0103\u0163i<\/span><\/a><\/li>\n<li><a href=\"https:\/\/r3media.ro\/ioan-aurel-pop-proiect-elevi-alegeri-materii-prostie-capcana\/\" class=\"crp_link post-118080\"><span class=\"crp_title\">Ioan-Aurel Pop critic\u0103 proiectul prin care elevii \u00ee\u0219i pot alege materiile: O imens\u0103 prostie\u2026<\/span><\/a><\/li>\n<li><a href=\"https:\/\/r3media.ro\/ioan-aurel-pop-discriminarea-lupta-cu-istoria-lupta-cu-viata\/\" class=\"crp_link post-117485\"><span class=\"crp_title\">Discriminarea, lupta cu istoria, lupta cu via\u021ba?<\/span><\/a><\/li>\n<li><a href=\"https:\/\/r3media.ro\/suveranismul-romanesc-o-carcasa-goala\/\" class=\"crp_link post-114740\"><span class=\"crp_title\">Suveranismul rom\u00e2nesc &#8211; o carcas\u0103 goal\u0103<\/span><\/a><\/li>\n<li><a href=\"https:\/\/r3media.ro\/calendarul-zilei-31-august-ziua-limbii-romane-ioan-aurel-pop\/\" class=\"crp_link post-27087\"><span class=\"crp_title\">Calendarul zilei 31 august: Ziua Limbii Rom\u00e2ne. Prof. Ioan-Aurel Pop: Nu po\u0163i fi rom\u00e2n dac\u0103\u2026<\/span><\/a><\/li>\n<\/ul>\n<\/div>\n<\/div>\n<\/div>\n<div class=\"td_block_wrap tdb_single_tags tdi_19 td-pb-border-top td_block_template_1\" data-td-block-uid=\"tdi_19\">\n<div class=\"tdb-block-inner td-fix-index\">\n<ul class=\"tdb-tags\">\n<li><span>SUBIECTE FIERBIN\u021aI<\/span><\/li>\n<li><a href=\"https:\/\/r3media.ro\/tag\/ioan-aurel-pop\/\">ioan aurel pop<\/a><\/li>\n<li><a href=\"https:\/\/r3media.ro\/tag\/istoria-romaniei\/\">istoria romaniei<\/a><\/li>\n<li><a href=\"https:\/\/r3media.ro\/tag\/istoria-romanilor\/\">istoria romanilor<\/a><\/li>\n<li><a href=\"https:\/\/r3media.ro\/tag\/legea-vexler\/\">legea vexler<\/a><\/li>\n<li><a href=\"https:\/\/r3media.ro\/tag\/octavian-goga\/\">octavian goga<\/a><\/li>\n<\/ul>\n<\/div>\n<\/div>\n<div class=\"td_block_wrap td_block_9 tdi_20 td_with_ajax_pagination td-pb-border-top td_block_template_1 td-column-2 td_block_padding td_block_bot_line\" data-td-block-uid=\"tdi_20\">\n<div class=\"td-block-title-wrap\">\n<h4 class=\"block-title td-block-title\"><span class=\"td-pulldown-size\">CITE\u0218TE MAI MULT<\/span><\/h4>\n<\/div>\n<div id=\"tdi_20\" class=\"td_block_inner\">\n<div class=\"td-block-row\">\n<div class=\"td-block-span6\">\n<div class=\"td_module_8 td_module_wrap\">\n<div class=\"item-details\">\n<h3 class=\"entry-title td-module-title\"><a href=\"https:\/\/r3media.ro\/o-femeie-mentalitate-femei-moderne-printese-disney\/\" rel=\"bookmark\" title=\"VIDEO | O femeie critic\u0103 mentalitatea femeii moderne care distruge rela\u021bia cu b\u0103rbatul s\u0103u: Suntem crescute \u00een ideea de prin\u021bese, dar nu suntem la Disney\">VIDEO | O femeie critic\u0103 mentalitatea femeii moderne care distruge rela\u021bia cu b\u0103rbatul s\u0103u:&#8230;<\/a><\/h3>\n<div class=\"td-module-meta-info\"><a href=\"https:\/\/r3media.ro\/category\/actualitate\/\" class=\"td-post-category\">ACTUALITATE<\/a><span class=\"td-post-author-name\"><a href=\"https:\/\/r3media.ro\/author\/teodor_stan\/\">Teodor Stan<\/a><span>&#8211;<\/span><\/span><span class=\"td-post-date\"><time class=\"entry-date updated td-module-date\" datetime=\"2026-07-10T12:47:58+03:00\">10\/07\/2026<\/time><\/span><\/div>\n<\/div>\n<\/div>\n<\/div>\n<div class=\"td-block-span6\">\n<div class=\"td_module_8 td_module_wrap\">\n<div class=\"item-details\">\n<h3 class=\"entry-title td-module-title\"><a href=\"https:\/\/r3media.ro\/sofer-surpriza-neplacuta-benzinarie-austria-oprit-apa-portbagaj\/\" rel=\"bookmark\" title=\"Un \u0219ofer a avut parte de o surpriz\u0103 nepl\u0103cut\u0103 la benzin\u0103rie dup\u0103 ce a oprit un minut \u0219i 28 de secunde pentru a scoate o sticl\u0103 de ap\u0103 din portbagaj\">Un \u0219ofer a avut parte de o surpriz\u0103 nepl\u0103cut\u0103 la benzin\u0103rie dup\u0103 ce a&#8230;<\/a><\/h3>\n<div class=\"td-module-meta-info\"><a href=\"https:\/\/r3media.ro\/category\/featured\/\" class=\"td-post-category\">FEATURED<\/a><span class=\"td-post-author-name\"><a href=\"https:\/\/r3media.ro\/author\/oana\/\">Oana Ivan<\/a><span>&#8211;<\/span><\/span><span class=\"td-post-date\"><time class=\"entry-date updated td-module-date\" datetime=\"2026-07-11T13:00:01+03:00\">11\/07\/2026<\/time><\/span><\/div>\n<\/div>\n<\/div>\n<\/div>\n<\/div>\n<div class=\"td-block-row\">\n<div class=\"td-block-span6\">\n<div class=\"td_module_8 td_module_wrap\">\n<div class=\"item-details\">\n<h3 class=\"entry-title td-module-title\"><a href=\"https:\/\/r3media.ro\/guvernul-sanchez-demoleaza-monumentul-de-la-majadahonda-ion-mota-vasile-marin-lupta-rzaboiul-civil-spaniol-comunisti\/\" rel=\"bookmark\" title=\"Guvernul Sanchez demoleaz\u0103 Monumentul de la Majadahonda, dedicat lui Ion Mo\u021ba \u0219i Vasile Marin, rom\u00e2nii care au luptat \u00eempotriva comuni\u0219tilor \u00een R\u0103zboiul Civil Spaniol\">Guvernul Sanchez demoleaz\u0103 Monumentul de la Majadahonda, dedicat lui Ion Mo\u021ba \u0219i Vasile Marin,&#8230;<\/a><\/h3>\n<div class=\"td-module-meta-info\"><a href=\"https:\/\/r3media.ro\/category\/featured\/\" class=\"td-post-category\">FEATURED<\/a><span class=\"td-post-author-name\"><a href=\"https:\/\/r3media.ro\/author\/oana\/\">Oana Ivan<\/a><span>&#8211;<\/span><\/span><span class=\"td-post-date\"><time class=\"entry-date updated td-module-date\" datetime=\"2026-07-12T01:11:49+03:00\">12\/07\/2026<\/time><\/span><\/div>\n<\/div>\n<\/div>\n<\/div>\n<div class=\"td-block-span6\">\n<div class=\"td_module_8 td_module_wrap\">\n<div class=\"item-details\">\n<h3 class=\"entry-title td-module-title\"><a href=\"https:\/\/r3media.ro\/cutremur-5-5-grade-scara-richter-resimtit-cehia-slovacia\/\" rel=\"bookmark\" title=\"Cutremur de 5.5 grade pe scara Richter. S-a resim\u021bit \u00een Cehia \u0219i Slovacia\">Cutremur de 5.5 grade pe scara Richter. S-a resim\u021bit \u00een Cehia \u0219i Slovacia<\/a><\/h3>\n<div class=\"td-module-meta-info\"><a href=\"https:\/\/r3media.ro\/category\/actualitate\/\" class=\"td-post-category\">ACTUALITATE<\/a><span class=\"td-post-author-name\"><a href=\"https:\/\/r3media.ro\/author\/oana\/\">Oana Ivan<\/a><span>&#8211;<\/span><\/span><span class=\"td-post-date\"><time class=\"entry-date updated td-module-date\" datetime=\"2026-07-09T20:48:24+03:00\">09\/07\/2026<\/time><\/span><\/div>\n<\/div>\n<\/div>\n<\/div>\n<\/div>\n<div class=\"td-block-row\">\n<div class=\"td-block-span6\">\n<div class=\"td_module_8 td_module_wrap\">\n<div class=\"item-details\">\n<h3 class=\"entry-title td-module-title\"><a href=\"https:\/\/r3media.ro\/presedintele-croatiei-interesele-poporului-ursula-von-der-leyen\/\" rel=\"bookmark\" title=\"Pre\u0219edintele Croa\u021biei spune c\u0103 este obligat s\u0103 apere interesele poporului s\u0103u, \u201enu s\u0103 urmez orbe\u0219te trenduri sau s\u0103 repet ca un papagal frazele care \u00eei plac Ursulei von der Leyen\u201d\">Pre\u0219edintele Croa\u021biei spune c\u0103 este obligat s\u0103 apere interesele poporului s\u0103u, \u201enu s\u0103 urmez&#8230;<\/a><\/h3>\n<div class=\"td-module-meta-info\"><a href=\"https:\/\/r3media.ro\/category\/actualitate\/\" class=\"td-post-category\">ACTUALITATE<\/a><span class=\"td-post-author-name\"><a href=\"https:\/\/r3media.ro\/author\/radu_ursan\/\">Radu Ursan<\/a><span>&#8211;<\/span><\/span><span class=\"td-post-date\"><time class=\"entry-date updated td-module-date\" datetime=\"2026-07-08T22:42:08+03:00\">08\/07\/2026<\/time><\/span><\/div>\n<\/div>\n<\/div>\n<\/div>\n<div class=\"td-block-span6\">\n<div class=\"td_module_8 td_module_wrap\">\n<div class=\"item-details\">\n<h3 class=\"entry-title td-module-title\"><a href=\"https:\/\/r3media.ro\/femeie-cumparat-automobil-electric-mana-a-doua-surpriza-plecat-masina\/\" rel=\"bookmark\" title=\"O femeie care \u0219i-a achizi\u021bionat un automobil electric la m\u00e2na a doua a avut parte de o surpriz\u0103 imediat dup\u0103 ce a plecat cu ma\u0219ina\">O femeie care \u0219i-a achizi\u021bionat un automobil electric la m\u00e2na a doua a avut&#8230;<\/a><\/h3>\n<div class=\"td-module-meta-info\"><a href=\"https:\/\/r3media.ro\/category\/actualitate\/\" class=\"td-post-category\">ACTUALITATE<\/a><span class=\"td-post-author-name\"><a href=\"https:\/\/r3media.ro\/author\/oana\/\">Oana Ivan<\/a><span>&#8211;<\/span><\/span><span class=\"td-post-date\"><time class=\"entry-date updated td-module-date\" datetime=\"2026-07-08T19:56:23+03:00\">08\/07\/2026<\/time><\/span><\/div>\n<\/div>\n<\/div>\n<\/div>\n<\/div>\n<div class=\"td-block-row\">\n<div class=\"td-block-span6\">\n<div class=\"td_module_8 td_module_wrap\">\n<div class=\"item-details\">\n<h3 class=\"entry-title td-module-title\"><a href=\"https:\/\/r3media.ro\/lectii-de-inapoiere\/\" rel=\"bookmark\" title=\"Lec\u021bii de \u00eenapoiere\">Lec\u021bii de \u00eenapoiere<\/a><\/h3>\n<div class=\"td-module-meta-info\"><a href=\"https:\/\/r3media.ro\/category\/opinii\/\" class=\"td-post-category\">OPINII<\/a><span class=\"td-post-author-name\"><a href=\"https:\/\/r3media.ro\/author\/tru\/\">TRU (Traian Ungureanu)<\/a><span>&#8211;<\/span><\/span><span class=\"td-post-date\"><time class=\"entry-date updated td-module-date\" datetime=\"2026-07-07T14:50:09+03:00\">07\/07\/2026<\/time><\/span><\/div>\n<\/div>\n<\/div>\n<\/div>\n<div class=\"td-block-span6\">\n<div class=\"td_module_8 td_module_wrap\">\n<div class=\"item-details\">\n<h3 class=\"entry-title td-module-title\"><a href=\"https:\/\/r3media.ro\/dreptate-pentru-memoria-lui-mircea-vulcanescu\/\" rel=\"bookmark\" title=\"Dreptate pentru memoria lui Mircea Vulc\u0103nescu\">Dreptate pentru memoria lui Mircea Vulc\u0103nescu<\/a><\/h3>\n<div class=\"td-module-meta-info\"><a href=\"https:\/\/r3media.ro\/category\/opinii\/\" class=\"td-post-category\">OPINII<\/a><span class=\"td-post-author-name\"><a href=\"https:\/\/r3media.ro\/author\/bogdan-munteanu\/\">Bogdan Munteanu<\/a><span>&#8211;<\/span><\/span><span class=\"td-post-date\"><time class=\"entry-date updated td-module-date\" datetime=\"2026-07-03T15:27:06+03:00\">03\/07\/2026<\/time><\/span><\/div>\n<\/div>\n<\/div>\n<\/div>\n<\/div>\n<div class=\"td-block-row\">\n<div class=\"td-block-span6\">\n<div class=\"td_module_8 td_module_wrap\">\n<div class=\"item-details\">\n<h3 class=\"entry-title td-module-title\"><a href=\"https:\/\/r3media.ro\/un-baietel-de-10-ani-are-nevoie-urgent-de-930-000-de-euro-pentru-a-trai-apelul-parintelui-alexandru-lungu\/\" rel=\"bookmark\" title=\"Un b\u0103ie\u021bel de 10 ani are nevoie URGENT de 930.000 de euro pentru a tr\u0103i. Apelul p\u0103rintelui Alexandru Lungu\">Un b\u0103ie\u021bel de 10 ani are nevoie URGENT de 930.000 de euro pentru a&#8230;<\/a><\/h3>\n<div class=\"td-module-meta-info\"><a href=\"https:\/\/r3media.ro\/category\/actualitate\/\" class=\"td-post-category\">ACTUALITATE<\/a><span class=\"td-post-author-name\"><a href=\"https:\/\/r3media.ro\/author\/redactia\/\">Redac\u021bia<\/a><span>&#8211;<\/span><\/span><span class=\"td-post-date\"><time class=\"entry-date updated td-module-date\" datetime=\"2026-07-01T14:14:11+03:00\">01\/07\/2026<\/time><\/span><\/div>\n<\/div>\n<\/div>\n<\/div>\n<div class=\"td-block-span6\">\n<div class=\"td_module_8 td_module_wrap\">\n<div class=\"item-details\">\n<h3 class=\"entry-title td-module-title\"><a href=\"https:\/\/r3media.ro\/solutie-istorica-curtea-de-apel-bucuresti-mircea-vulcanescu-nu-e-criminal-de-razboi\/\" rel=\"bookmark\" title=\"Solu\u021bie istoric\u0103 a Cur\u021bii de Apel Bucure\u0219ti \u00een cazul \u201eMircea Vulc\u0103nescu\u201d\">Solu\u021bie istoric\u0103 a Cur\u021bii de Apel Bucure\u0219ti \u00een cazul \u201eMircea Vulc\u0103nescu\u201d<\/a><\/h3>\n<div class=\"td-module-meta-info\"><a href=\"https:\/\/r3media.ro\/category\/actualitate\/\" class=\"td-post-category\">ACTUALITATE<\/a><span class=\"td-post-author-name\"><a href=\"https:\/\/r3media.ro\/author\/redactia\/\">Redac\u021bia<\/a><span>&#8211;<\/span><\/span><span class=\"td-post-date\"><time class=\"entry-date updated td-module-date\" datetime=\"2026-07-02T16:26:05+03:00\">02\/07\/2026<\/time><\/span><\/div>\n<\/div>\n<\/div>\n<\/div>\n<\/div>\n<div class=\"td-block-row\">\n<div class=\"td-block-span6\">\n<div class=\"td_module_8 td_module_wrap\">\n<div class=\"item-details\">\n<h3 class=\"entry-title td-module-title\"><a href=\"https:\/\/r3media.ro\/nicusor-dan-articol-presa-americana-luptatori-munti-trump\/\" rel=\"bookmark\" title=\"Nicu\u0219or Dan a publicat un articol \u00een presa american\u0103, \u00een care laud\u0103 lupt\u0103torii din mun\u021bi para\u0219uta\u021bi de SUA \u0219i pe pre\u0219edintele Trump\">Nicu\u0219or Dan a publicat un articol \u00een presa american\u0103, \u00een care laud\u0103 lupt\u0103torii din&#8230;<\/a><\/h3>\n<div class=\"td-module-meta-info\"><a href=\"https:\/\/r3media.ro\/category\/actualitate\/\" class=\"td-post-category\">ACTUALITATE<\/a><span class=\"td-post-author-name\"><a href=\"https:\/\/r3media.ro\/author\/redactia\/\">Redac\u021bia<\/a><span>&#8211;<\/span><\/span><span class=\"td-post-date\"><time class=\"entry-date updated td-module-date\" datetime=\"2026-07-02T12:17:31+03:00\">02\/07\/2026<\/time><\/span><\/div>\n<\/div>\n<\/div>\n<\/div>\n<div class=\"td-block-span6\">\n<div class=\"td_module_8 td_module_wrap\">\n<div class=\"item-details\">\n<h3 class=\"entry-title td-module-title\"><a href=\"https:\/\/r3media.ro\/suc-cico-bautura-carbogazoasa-fructe-naturala\/\" rel=\"bookmark\" title=\"Sucul CICO, subiect de ironii azi, era singura b\u0103utura carbogazoas\u0103 f\u0103cut EXCLUSIV din fructe \u0219i f\u0103r\u0103 conservan\u021bi chimici\">Sucul CICO, subiect de ironii azi, era singura b\u0103utura carbogazoas\u0103 f\u0103cut EXCLUSIV din fructe&#8230;<\/a><\/h3>\n<div class=\"td-module-meta-info\"><a href=\"https:\/\/r3media.ro\/category\/actualitate\/\" class=\"td-post-category\">ACTUALITATE<\/a><span class=\"td-post-author-name\"><a href=\"https:\/\/r3media.ro\/author\/radu_ursan\/\">Radu Ursan<\/a><span>&#8211;<\/span><\/span><span class=\"td-post-date\"><time class=\"entry-date updated td-module-date\" datetime=\"2026-07-01T18:44:17+03:00\">01\/07\/2026<\/time><\/span><\/div>\n<\/div>\n<\/div>\n<\/div>\n<\/div>\n<\/div>\n<div class=\"td-load-more-wrap td-load-more-infinite-wrap\" id=\"infinite-lm-tdi_20\"><a href=\"https:\/\/r3media.ro\/ioan-aurel-pop-lege-vexler-razboi-istoria\/\" class=\"td_ajax_load_more td_ajax_load_more_js\" aria-label=\"\u00cenc\u0103rca\u021bi mai multe\" id=\"next-page-tdi_20\" data-td_block_id=\"tdi_20\">\u00cenc\u0103rca\u021bi mai multe<\/a><\/div>\n<\/div>\n<div class=\"td_block_wrap tdb_single_comments tdi_21 tdb-comm-layout2 td-pb-border-top td_block_template_1\" data-td-block-uid=\"tdi_21\">\n<div class=\"tdb-block-inner td-fix-index\">\n<div class=\"comments\" id=\"comments\">\n<div id=\"respond\" class=\"comment-respond\">\n<h3 id=\"reply-title\" class=\"comment-reply-title\">AI CEVA DE SPUS? <small><a rel=\"nofollow\" id=\"cancel-comment-reply-link\" href=\"https:\/\/r3media.ro\/ioan-aurel-pop-lege-vexler-razboi-istoria\/#respond\">Renun\u021ba\u021bi la r\u0103spuns<\/a><\/small><\/h3>\n<div class=\"comment-form-input-wrap td-form-comment\">\n<div class=\"td-warning-comment\">V\u0103 rug\u0103m s\u0103 introduce\u021bi comentariul dvs.!<\/div>\n<\/div>\n<div class=\"comment-form-input-wrap td-form-author\">\n<div class=\"td-warning-author\">Introduce\u021bi aici numele dvs.<\/div>\n<\/div>\n<div class=\"comment-form-input-wrap td-form-email\">\n<div class=\"td-warning-email-error\">A\u021bi introdus o adres\u0103 de e-mail incorect\u0103!<\/div>\n<div class=\"td-warning-email\">V\u0103 rug\u0103m s\u0103 introduce\u021bi adresa dvs. de e-mail aici<\/div>\n<\/div>\n<\/div>\n<\/div>\n<\/div>\n<\/div>\n<\/div>\n<\/div>\n<div class=\"vc_column tdi_23  wpb_column vc_column_container tdc-column td-pb-span4 td-is-sticky\">\n<div class=\"wpb_wrapper\" data-sticky-enabled-on=\"W3RydWUsdHJ1ZSx0cnVlLHRydWVd\" data-sticky-offset=\"20\" data-sticky-is-width-auto=\"W2ZhbHNlLGZhbHNlLGZhbHNlLGZhbHNlXQ==\">\n<div class=\"wpb_wrapper td_block_wrap vc_widget_sidebar tdi_25 \">\n<div class=\"td_block_wrap td_block_7 td_block_widget tdi_26 td-pb-border-top td_block_template_1 td-column-1 td_block_padding\" data-td-block-uid=\"tdi_26\">\n<div class=\"td-block-title-wrap\">\n<h4 class=\"block-title td-block-title\"><span class=\"td-pulldown-size\">Articole RELA\u021aIONATE<\/span><\/h4>\n<\/div>\n<div id=\"tdi_26\" class=\"td_block_inner\">\n<div class=\"td-block-span12\">\n<div class=\"td_module_6 td_module_wrap td-animation-stack\">\n<div class=\"td-module-thumb\"><a href=\"https:\/\/r3media.ro\/13-iulie-sf-dimitrie-bucuresti-soborul-sfantului-arhanghel-gavriil\/\" rel=\"bookmark\" class=\"td-image-wrap \" title=\"Calendarul zilei 13 iulie: Aducerea moa\u0219telor Sf. Dimitrie cel Nou la Bucure\u0219ti. Soborul Sf\u00e2ntului Arhanghel Gavriil\"><img loading=\"lazy\" decoding=\"async\" class=\"entry-thumb\" src=\"https:\/\/r3media.ro\/wp-content\/uploads\/2022\/07\/sddefault-2-100x70.jpg\" alt title=\"Calendarul zilei 13 iulie: Aducerea moa\u0219telor Sf. Dimitrie cel Nou la Bucure\u0219ti. Soborul Sf\u00e2ntului Arhanghel Gavriil\" width=\"100\" height=\"70\"><\/a><\/div>\n<div class=\"item-details\">\n<h3 class=\"entry-title td-module-title\"><a href=\"https:\/\/r3media.ro\/13-iulie-sf-dimitrie-bucuresti-soborul-sfantului-arhanghel-gavriil\/\" rel=\"bookmark\" title=\"Calendarul zilei 13 iulie: Aducerea moa\u0219telor Sf. Dimitrie cel Nou la Bucure\u0219ti. Soborul Sf\u00e2ntului Arhanghel Gavriil\">Calendarul zilei 13 iulie: Aducerea moa\u0219telor Sf. Dimitrie cel Nou la&#8230;<\/a><\/h3>\n<div class=\"td-module-meta-info\"><span class=\"td-post-date\"><time class=\"entry-date updated td-module-date\" datetime=\"2026-07-12T21:13:13+03:00\">12\/07\/2026<\/time><\/span><\/div>\n<\/div>\n<\/div>\n<\/div>\n<div class=\"td-block-span12\">\n<div class=\"td_module_6 td_module_wrap td-animation-stack\">\n<div class=\"td-module-thumb\"><a href=\"https:\/\/r3media.ro\/scandalul-rachetelor-patriot-zguduie-polonia-varsovia-declasifica-tot-ajutorul-militar-acordat-ucrainei\/\" rel=\"bookmark\" class=\"td-image-wrap \" title=\"Scandalul rachetelor Patriot zguduie Polonia: Var\u0219ovia declasific\u0103 tot ajutorul militar acordat Ucrainei\"><img loading=\"lazy\" decoding=\"async\" class=\"entry-thumb\" src=\"https:\/\/r3media.ro\/wp-content\/uploads\/2026\/06\/nawrocki-zelenski-polonia-ucraina-100x70.jpg\" alt title=\"Scandalul rachetelor Patriot zguduie Polonia: Var\u0219ovia declasific\u0103 tot ajutorul militar acordat Ucrainei\" width=\"100\" height=\"70\"><\/a><\/div>\n<div class=\"item-details\">\n<h3 class=\"entry-title td-module-title\"><a href=\"https:\/\/r3media.ro\/scandalul-rachetelor-patriot-zguduie-polonia-varsovia-declasifica-tot-ajutorul-militar-acordat-ucrainei\/\" rel=\"bookmark\" title=\"Scandalul rachetelor Patriot zguduie Polonia: Var\u0219ovia declasific\u0103 tot ajutorul militar acordat Ucrainei\">Scandalul rachetelor Patriot zguduie Polonia: Var\u0219ovia declasific\u0103 tot ajutorul militar acordat&#8230;<\/a><\/h3>\n<div class=\"td-module-meta-info\"><span class=\"td-post-date\"><time class=\"entry-date updated td-module-date\" datetime=\"2026-07-12T20:43:04+03:00\">12\/07\/2026<\/time><\/span><\/div>\n<\/div>\n<\/div>\n<\/div>\n<div class=\"td-block-span12\">\n<div class=\"td_module_6 td_module_wrap td-animation-stack\">\n<div class=\"td-module-thumb\"><a href=\"https:\/\/r3media.ro\/senatorul-american-lindsey-graham-a-murit\/\" rel=\"bookmark\" class=\"td-image-wrap \" title=\"Senatorul american Lindsey Graham a murit la 71 de ani, dup\u0103 o \u201eboal\u0103 scurt\u0103 \u0219i brusc\u0103\u201d\"><img loading=\"lazy\" decoding=\"async\" class=\"entry-thumb\" src=\"https:\/\/r3media.ro\/wp-content\/uploads\/2024\/04\/graham-zelenski-100x70.jpeg\" alt title=\"Senatorul american Lindsey Graham a murit la 71 de ani, dup\u0103 o \u201eboal\u0103 scurt\u0103 \u0219i brusc\u0103\u201d\" width=\"100\" height=\"70\"><\/a><\/div>\n<div class=\"item-details\">\n<h3 class=\"entry-title td-module-title\"><a href=\"https:\/\/r3media.ro\/senatorul-american-lindsey-graham-a-murit\/\" rel=\"bookmark\" title=\"Senatorul american Lindsey Graham a murit la 71 de ani, dup\u0103 o \u201eboal\u0103 scurt\u0103 \u0219i brusc\u0103\u201d\">Senatorul american Lindsey Graham a murit la 71 de ani, dup\u0103&#8230;<\/a><\/h3>\n<div class=\"td-module-meta-info\"><span class=\"td-post-date\"><time class=\"entry-date updated td-module-date\" datetime=\"2026-07-12T20:22:23+03:00\">12\/07\/2026<\/time><\/span><\/div>\n<\/div>\n<\/div>\n<\/div>\n<div class=\"td-block-span12\">\n<div class=\"td_module_6 td_module_wrap td-animation-stack\">\n<div class=\"td-module-thumb\"><a href=\"https:\/\/r3media.ro\/ce-ne-facem-cu-atatia-prosti\/\" rel=\"bookmark\" class=\"td-image-wrap \" title=\"Ce ne facem cu at\u00e2\u021bia pro\u0219ti?\"><img loading=\"lazy\" decoding=\"async\" class=\"entry-thumb\" src=\"https:\/\/r3media.ro\/wp-content\/uploads\/2026\/07\/rascoala-1907-100x70.jpg\" alt title=\"Ce ne facem cu at\u00e2\u021bia pro\u0219ti?\" width=\"100\" height=\"70\"><\/a><\/div>\n<div class=\"item-details\">\n<h3 class=\"entry-title td-module-title\"><a href=\"https:\/\/r3media.ro\/ce-ne-facem-cu-atatia-prosti\/\" rel=\"bookmark\" title=\"Ce ne facem cu at\u00e2\u021bia pro\u0219ti?\">Ce ne facem cu at\u00e2\u021bia pro\u0219ti?<\/a><\/h3>\n<div class=\"td-module-meta-info\"><span class=\"td-post-date\"><time class=\"entry-date updated td-module-date\" datetime=\"2026-07-12T14:11:45+03:00\">12\/07\/2026<\/time><\/span><\/div>\n<\/div>\n<\/div>\n<\/div>\n<div class=\"td-block-span12\">\n<div class=\"td_module_6 td_module_wrap td-animation-stack\">\n<div class=\"td-module-thumb\"><a href=\"https:\/\/r3media.ro\/guvernul-sanchez-demoleaza-monumentul-de-la-majadahonda-ion-mota-vasile-marin-lupta-rzaboiul-civil-spaniol-comunisti\/\" rel=\"bookmark\" class=\"td-image-wrap \" title=\"Guvernul Sanchez demoleaz\u0103 Monumentul de la Majadahonda, dedicat lui Ion Mo\u021ba \u0219i Vasile Marin, rom\u00e2nii care au luptat \u00eempotriva comuni\u0219tilor \u00een R\u0103zboiul Civil Spaniol\"><img loading=\"lazy\" decoding=\"async\" class=\"entry-thumb\" src=\"https:\/\/r3media.ro\/wp-content\/uploads\/2023\/07\/pedro-sanchez-e1690449856110-100x70.jpg\" alt title=\"Guvernul Sanchez demoleaz\u0103 Monumentul de la Majadahonda, dedicat lui Ion Mo\u021ba \u0219i Vasile Marin, rom\u00e2nii care au luptat \u00eempotriva comuni\u0219tilor \u00een R\u0103zboiul Civil Spaniol\" width=\"100\" height=\"70\"><\/a><\/div>\n<div class=\"item-details\">\n<h3 class=\"entry-title td-module-title\"><a href=\"https:\/\/r3media.ro\/guvernul-sanchez-demoleaza-monumentul-de-la-majadahonda-ion-mota-vasile-marin-lupta-rzaboiul-civil-spaniol-comunisti\/\" rel=\"bookmark\" title=\"Guvernul Sanchez demoleaz\u0103 Monumentul de la Majadahonda, dedicat lui Ion Mo\u021ba \u0219i Vasile Marin, rom\u00e2nii care au luptat \u00eempotriva comuni\u0219tilor \u00een R\u0103zboiul Civil Spaniol\">Guvernul Sanchez demoleaz\u0103 Monumentul de la Majadahonda, dedicat lui Ion Mo\u021ba&#8230;<\/a><\/h3>\n<div class=\"td-module-meta-info\"><span class=\"td-post-date\"><time class=\"entry-date updated td-module-date\" datetime=\"2026-07-12T01:11:49+03:00\">12\/07\/2026<\/time><\/span><\/div>\n<\/div>\n<\/div>\n<\/div>\n<div class=\"td-block-span12\">\n<div class=\"td_module_6 td_module_wrap td-animation-stack\">\n<div class=\"td-module-thumb\"><a href=\"https:\/\/r3media.ro\/sofer-surpriza-neplacuta-benzinarie-austria-oprit-apa-portbagaj\/\" rel=\"bookmark\" class=\"td-image-wrap \" title=\"Un \u0219ofer a avut parte de o surpriz\u0103 nepl\u0103cut\u0103 la benzin\u0103rie dup\u0103 ce a oprit un minut \u0219i 28 de secunde pentru a scoate o sticl\u0103 de ap\u0103 din portbagaj\"><img loading=\"lazy\" decoding=\"async\" class=\"entry-thumb\" src=\"https:\/\/r3media.ro\/wp-content\/uploads\/2026\/07\/benzinarie-100x70.jpg\" alt title=\"Un \u0219ofer a avut parte de o surpriz\u0103 nepl\u0103cut\u0103 la benzin\u0103rie dup\u0103 ce a oprit un minut \u0219i 28 de secunde pentru a scoate o sticl\u0103 de ap\u0103 din portbagaj\" width=\"100\" height=\"70\"><\/a><\/div>\n<div class=\"item-details\">\n<h3 class=\"entry-title td-module-title\"><a href=\"https:\/\/r3media.ro\/sofer-surpriza-neplacuta-benzinarie-austria-oprit-apa-portbagaj\/\" rel=\"bookmark\" title=\"Un \u0219ofer a avut parte de o surpriz\u0103 nepl\u0103cut\u0103 la benzin\u0103rie dup\u0103 ce a oprit un minut \u0219i 28 de secunde pentru a scoate o sticl\u0103 de ap\u0103 din portbagaj\">Un \u0219ofer a avut parte de o surpriz\u0103 nepl\u0103cut\u0103 la benzin\u0103rie&#8230;<\/a><\/h3>\n<div class=\"td-module-meta-info\"><span class=\"td-post-date\"><time class=\"entry-date updated td-module-date\" datetime=\"2026-07-11T13:00:01+03:00\">11\/07\/2026<\/time><\/span><\/div>\n<\/div>\n<\/div>\n<\/div>\n<div class=\"td-block-span12\">\n<div class=\"td_module_6 td_module_wrap td-animation-stack\">\n<div class=\"td-module-thumb\"><a href=\"https:\/\/r3media.ro\/ministerul-apararii-nationale-detectare-tinte-aeriene-granita-ucraina\/\" rel=\"bookmark\" class=\"td-image-wrap \" title=\"Ministerul Ap\u0103r\u0103rii Na\u021bionale e detectat \u021binte aeriene la grani\u021ba cu Ucraina\"><img loading=\"lazy\" decoding=\"async\" class=\"entry-thumb\" src=\"https:\/\/r3media.ro\/wp-content\/uploads\/2023\/09\/drone-1-100x70.webp\" alt title=\"Ministerul Ap\u0103r\u0103rii Na\u021bionale e detectat \u021binte aeriene la grani\u021ba cu Ucraina\" width=\"100\" height=\"70\"><\/a><\/div>\n<div class=\"item-details\">\n<h3 class=\"entry-title td-module-title\"><a href=\"https:\/\/r3media.ro\/ministerul-apararii-nationale-detectare-tinte-aeriene-granita-ucraina\/\" rel=\"bookmark\" title=\"Ministerul Ap\u0103r\u0103rii Na\u021bionale e detectat \u021binte aeriene la grani\u021ba cu Ucraina\">Ministerul Ap\u0103r\u0103rii Na\u021bionale e detectat \u021binte aeriene la grani\u021ba cu Ucraina<\/a><\/h3>\n<div class=\"td-module-meta-info\"><span class=\"td-post-date\"><time class=\"entry-date updated td-module-date\" datetime=\"2026-07-11T11:50:15+03:00\">11\/07\/2026<\/time><\/span><\/div>\n<\/div>\n<\/div>\n<\/div>\n<\/div>\n<\/div>\n<aside class=\"td_block_template_1 widget widget_recent_comments\">\n<h4 class=\"block-title\"><span>INTR\u0102 \u00ceN DISCU\u021aIE!<\/span><\/h4>\n<ul id=\"recentcomments\">\n<li class=\"recentcomments\"><span class=\"comment-author-link\">Eu<\/span> la <a href=\"https:\/\/r3media.ro\/guvernul-sanchez-demoleaza-monumentul-de-la-majadahonda-ion-mota-vasile-marin-lupta-rzaboiul-civil-spaniol-comunisti\/#comment-40267\">Guvernul Sanchez demoleaz\u0103 Monumentul de la Majadahonda, dedicat lui Ion Mo\u021ba \u0219i Vasile Marin, rom\u00e2nii care au luptat \u00eempotriva comuni\u0219tilor \u00een R\u0103zboiul Civil Spaniol<\/a><\/li>\n<li class=\"recentcomments\"><span class=\"comment-author-link\">Constantin<\/span> la <a href=\"https:\/\/r3media.ro\/guvernul-sanchez-demoleaza-monumentul-de-la-majadahonda-ion-mota-vasile-marin-lupta-rzaboiul-civil-spaniol-comunisti\/#comment-40266\">Guvernul Sanchez demoleaz\u0103 Monumentul de la Majadahonda, dedicat lui Ion Mo\u021ba \u0219i Vasile Marin, rom\u00e2nii care au luptat \u00eempotriva comuni\u0219tilor \u00een R\u0103zboiul Civil Spaniol<\/a><\/li>\n<li class=\"recentcomments\"><span class=\"comment-author-link\">Redac\u021bia<\/span> la <a href=\"https:\/\/r3media.ro\/ins-migratia-internationala-a-reusit-sa-stabilizeze-populatia-rezidenta-a-romaniei\/#comment-40264\">Pre\u0219edintele Institutului Na\u021bional de Statistic\u0103 (INS): Migra\u021bia interna\u021bional\u0103 a reu\u0219it s\u0103 stabilizeze popula\u021bia rezident\u0103 a Rom\u00e2niei<\/a><\/li>\n<li class=\"recentcomments\"><span class=\"comment-author-link\">Redac\u021bia<\/span> la <a href=\"https:\/\/r3media.ro\/ins-migratia-internationala-a-reusit-sa-stabilizeze-populatia-rezidenta-a-romaniei\/#comment-40263\">Pre\u0219edintele Institutului Na\u021bional de Statistic\u0103 (INS): Migra\u021bia interna\u021bional\u0103 a reu\u0219it s\u0103 stabilizeze popula\u021bia rezident\u0103 a Rom\u00e2niei<\/a><\/li>\n<li class=\"recentcomments\"><span class=\"comment-author-link\">anonim<\/span> la <a href=\"https:\/\/r3media.ro\/guvernul-sanchez-demoleaza-monumentul-de-la-majadahonda-ion-mota-vasile-marin-lupta-rzaboiul-civil-spaniol-comunisti\/#comment-40262\">Guvernul Sanchez demoleaz\u0103 Monumentul de la Majadahonda, dedicat lui Ion Mo\u021ba \u0219i Vasile Marin, rom\u00e2nii care au luptat \u00eempotriva comuni\u0219tilor \u00een R\u0103zboiul Civil Spaniol<\/a><\/li>\n<li class=\"recentcomments\"><span class=\"comment-author-link\">Huhu<\/span> la <a href=\"https:\/\/r3media.ro\/sofer-surpriza-neplacuta-benzinarie-austria-oprit-apa-portbagaj\/#comment-40261\">Un \u0219ofer a avut parte de o surpriz\u0103 nepl\u0103cut\u0103 la benzin\u0103rie dup\u0103 ce a oprit un minut \u0219i 28 de secunde pentru a scoate o sticl\u0103 de ap\u0103 din portbagaj<\/a><\/li>\n<li class=\"recentcomments\"><span class=\"comment-author-link\">Gulagu&#8217;<\/span> la <a href=\"https:\/\/r3media.ro\/ins-migratia-internationala-a-reusit-sa-stabilizeze-populatia-rezidenta-a-romaniei\/#comment-40260\">Pre\u0219edintele Institutului Na\u021bional de Statistic\u0103 (INS): Migra\u021bia interna\u021bional\u0103 a reu\u0219it s\u0103 stabilizeze popula\u021bia rezident\u0103 a Rom\u00e2niei<\/a><\/li>\n<\/ul>\n<\/aside>\n<aside class=\"td_block_template_1 widget widget_search\">\n<h4 class=\"block-title\"><span>CAUT\u0102 \u0218I VEI G\u0102SI<\/span><\/h4>\n<\/aside>\n<\/div>\n<\/div>\n<\/div>\n<\/div>\n<\/div>\n<\/div>\n<\/div>\n<p><span class=\"td-page-meta\"><\/span><span class=\"td-page-meta\"><span class=\"td-page-meta\"><\/span><\/span><span class=\"td-page-meta\"><\/span><\/article>\n<\/p>\n<div class=\"td_block_wrap tdb_single_content tdi_18 td-pb-border-top td_block_template_1 td-post-content tagdiv-type\" data-td-block-uid=\"tdi_18\">\n<div class=\"tdb-block-inner td-fix-index\">\n<p><strong>Academicianul Ioan-Aurel Pop a criticat, \u00eentr-un articol pentru <a href=\"https:\/\/gazetadecluj.ro\/ioan-aurel-pop-cum-trebuie-aplicata-legea-vexler\/\" target=\"_blank\" rel=\"noopener\">Gazeta de Cluj<\/a>, modul \u00een care este aplicat\u0103 Legea Vexler \u0219i cere ca numele \u0219i busturile lui <a href=\"https:\/\/r3media.ro\/ioan-aurel-pop-octavian-goga-istoria-romaniei\/\" target=\"_blank\" rel=\"noopener\">Octavian Goga<\/a> s\u0103 r\u0103m\u00e2n\u0103 \u00een spa\u021biul public. Argumentul central: principiul neretroactivit\u0103\u021bii legii.<\/strong><\/p>\n<p>Academicianul Ioan-Aurel Pop a formulat o critic\u0103 ampl\u0103 la adresa modului \u00een care este invocat\u0103 Legea Vexler pentru eliminarea din spa\u021biul public a unor figuri ale culturii rom\u00e2ne, \u00een special a poetului \u0219i fostului premier Octavian Goga.<\/p>\n<h2>\u201eTrecutul nu poate s\u0103 fie chemat la bar\u0103\u201d<\/h2>\n<p>Nucleul argumenta\u021biei istoricului este juridic: o lege intrat\u0103 \u00een vigoare la 23 decembrie 2025 nu poate judeca fapte petrecute cu un secol mai devreme.<\/p>\n<p>\u201eCei care invoc\u0103 legea Vexler pentru epurarea culturii rom\u00e2ne\u0219ti de valorile sale comit o mare eroare, fiindc\u0103 le cer acelor mari intelectuali s\u0103 se fi purtat \u00een epoca lor, adic\u0103 \u00een secolele al XIX-lea \u0219i al XX-lea, dup\u0103 prevederile unei legisla\u021bii din 2025\u2033, afirm\u0103 Ioan-Aurel Pop.<\/p>\n<p>Academicianul invoc\u0103 principiul neretroactivit\u0103\u021bii, garantat de Constitu\u021bie \u0219i de Codul Civil: \u201eo lege nu poate condamna oameni care au ac\u021bionat contrar ei \u00eenainte de existen\u021ba sa, fiindc\u0103 cet\u0103\u021benii de ieri nu puteau prevedea viitorul, nu erau dota\u021bi cu darul premoni\u021biei, nu aveau de unde s\u0103 \u0219tie c\u0103 o societate viitoare le va condamna conduita\u201d.<\/p>\n<p>El precizeaz\u0103 c\u0103 nu contest\u0103 legea \u00een sine pentru aplicarea ei de acum \u00eenainte: \u201eoricine face, de la 23 decembrie 2025 \u00eencolo, propagand\u0103 xenofob\u0103, antisemit\u0103, \u0219ovin\u0103 etc. este pasibil de pedeaps\u0103 \u0219i este bine s\u0103 fie a\u0219a\u201d. Extremele trecutului, spune academicianul, \u201eau condus la Holocaust, la genocid, la o serie de catastrofe \u00een lume \u0219i acestea nu trebuie s\u0103 se mai repete\u201d. Concluzia sa r\u0103m\u00e2ne \u00eens\u0103 tran\u0219ant\u0103: \u201eDar trecutul trebuie s\u0103 r\u0103m\u00e2n\u0103 trecut. El nu poate s\u0103 fie chemat la bar\u0103.\u201d<\/p>\n<h2>Cele 44 de zile ale guvernului Goga<\/h2>\n<p>Ioan-Aurel Pop trece \u00een revist\u0103 scurta guvernare a lui Goga (29 decembrie 1937 \u2013 14 februarie 1938), sus\u021bin\u00e2nd c\u0103 premierul \u201enu a putut s\u0103 fie \u00abcriminal de r\u0103zboi\u00bb, fiindc\u0103 a murit \u00een 1938 \u0219i nu a mai apucat r\u0103zboiul\u201d \u0219i c\u0103 \u201eel, ca individ, nu a f\u0103cut nicio lege antisemit\u0103, ci a promulgat una elaborat\u0103 de regele Carol al II-lea \u0219i camarila sa\u201d.<\/p>\n<p>Istoricul aminte\u0219te c\u0103, pe 7 februarie 1938, Goga \u201ele trimitea prefec\u021bilor o circular\u0103 prin care le cerea s\u0103 opreasc\u0103 orice excese, acolo unde sunt, fiindc\u0103 guvernul nu poate admite astfel de acte\u201d, \u0219i subliniaz\u0103: \u201eGoga nu a luat m\u0103suri de ucidere a nim\u0103nui.\u201d<\/p>\n<p>Antisemitismul poetului nu este negat de academician, ci \u00eencadrat \u00een epoc\u0103: \u201eFire\u0219te, atitudinea sa antisemit\u0103, ca \u0219i aceea a sute de mii de rom\u00e2ni din elita de atunci, exist\u0103 \u0219i ea este o realitate de necontestat.\u201d<\/p>\n<p>Pop ofer\u0103 \u0219i o explica\u021bie a ra\u021biunii pe care ar fi avut-o Goga \u00een spatele decretului privind cet\u0103\u021benia: \u201eGoga a \u00een\u021beles c\u0103 verificarea cet\u0103\u021beniei evreilor intra\u021bi \u00een Rom\u00e2nia dup\u0103 1918 (mai ales din Basarabia) va diminua presiunile comuniste dinspre Moscova (mul\u021bi evrei erau agen\u021bii bol\u0219evismului) \u0219i va putea men\u021bine statul rom\u00e2n ca pav\u0103z\u0103 contra extinderii spre vest a comunismului.\u201d<\/p>\n<p>Academicianul aminte\u0219te c\u0103 URSS promova atunci ideea c\u0103 Rom\u00e2nia era un \u201estat imperialist\u201d, unul \u201eformat din petice\u201d luate de la al\u021bii \u0219i c\u0103 trebuie destr\u0103mat.<\/p>\n<h2>Argumentul educa\u021biei de epoc\u0103<\/h2>\n<p>O parte consistent\u0103 a declara\u021biei este dedicat\u0103 educa\u021biei religioase \u0219i \u0219colare a genera\u021biilor secolelor al XIX-lea \u0219i al XX-lea, pe care Pop o consider\u0103 determinant\u0103. Cre\u0219tinii Europei, spune el, \u00eenv\u0103\u021bau din familie \u0219i de la biseric\u0103 c\u0103 evreii \u201eerau v\u00e2nz\u0103torii M\u00e2ntuitorului\u201d, iar \u0219coala \u201econtinua opera \u00eenceput\u0103 de familie\u201d.<\/p>\n<p>Academicianul sus\u021bine c\u0103 aceast\u0103 educa\u021bie era reciproc\u0103: \u201eLa fel de aspru \u0219i necru\u021b\u0103tor \u00eenv\u0103\u021bau atunci \u0219i evreii despre \u00abgoimi\u00bb (neevrei). \u00cen unele pasaje din Talmud scrie c\u0103 cre\u0219tinii \u2013 \u00een anumite \u00eemprejur\u0103ri \u2013 trebuiau s\u0103 fie uci\u0219i.\u201d Educa\u021bia reciproc negativ\u0103, adaug\u0103 el, \u201ea stat \u00een centrul vie\u021bii oamenilor secole la r\u00e2nd, fiindc\u0103 a\u0219a se credea atunci c\u0103 este bine, corect, cinstit, legal \u0219i moral\u201d.<\/p>\n<p>Concluzia sa: \u201eNici Eminescu, nici Goga, nici Mircea Eliade \u0219i nici Mircea Vulc\u0103nescu nu sunt vinova\u021bi pentru aceast\u0103 mentalitate, pentru acest fel de a vedea lumea, pentru orientarea pe care o luaser\u0103 regimurile politice la un moment dat.\u201d<\/p>\n<p>\u00centrebarea pe care o pune este retoric\u0103: \u201eOare sunt Goga, Eminescu \u0219i contemporanii lor vinova\u021bi de educa\u021bia care li s-a dat? S-au educat ei singuri \u00een manier\u0103 antisemit\u0103?\u201d<\/p>\n<h2>Opera, separat\u0103 de omul politic<\/h2>\n<p>Academicianul insist\u0103 asupra unei distinc\u021bii pe care o consider\u0103 esen\u021bial\u0103: \u201enu exist\u0103 nimic antisemit, rasist sau xenofob \u00een crea\u021bia lui Octavian Goga\u201d. Poetul, spune el, \u201ea reflectat sufletul rom\u00e2nesc \u00een rotunjimea lui \u0219i a descris la nivel poetic, literar sentimentul de a fi rom\u00e2n sau, altfel spus, identitatea rom\u00e2neasc\u0103\u201d.<\/p>\n<p>Pop aminte\u0219te c\u0103 Goga \u201ea tr\u0103it aproape patru decenii sub un regim asupritor \u0219i a fost discriminat ca rom\u00e2n \u00een \u021bara sa\u201d \u0219i c\u0103, dup\u0103 1918, a fost \u201econvins c\u0103 Rom\u00e2nia este a rom\u00e2nilor, a\u0219a cum Polonia trebuie s\u0103 fie a polonezilor, dup\u0103 cum Fran\u021ba e a francezilor \u0219i Anglia a englezilor\u201d.<\/p>\n<h2>\u201eDenun\u021buri culturale\u201d \u0219i liste de autori interzi\u0219i<\/h2>\n<p>Cea mai dur\u0103 parte a declara\u021biei vizeaz\u0103 ceea ce Pop nume\u0219te \u201edenun\u021buri culturale menite s\u0103 duc\u0103 la alc\u0103tuirea unor liste (indexuri) de lucr\u0103ri \u0219i de autori interzi\u0219i, \u00eentocmai cum au f\u0103cut Hitler \u0219i Stalin, precum \u0219i cei care le-au urmat ideile\u201d.<\/p>\n<p>Aplicat\u0103 retroactiv, spune el, legea ar putea scoate din spa\u021biul public \u201eMihai Eminescu, Nicolae Iorga, Mircea Eliade, Emil Cioran, Alexandru Vaida-Voevod, Petre \u021au\u021bea, Gheorghe I. Br\u0103tianu, Nicolae Paulescu, Radu Gyr, Sabin Manuil\u0103, dar \u0219i Vasile Alecsandri \u0219i Mihail Kog\u0103lniceanu \u0219i mul\u021bi al\u021bii\u201d. \u201eNici Ion Budai-Deleanu nu a fost corect politic, fiindc\u0103 a scris \u00ab\u021aiganiada\u00bb\u201d, adaug\u0103 academicianul.<\/p>\n<p>Invoc\u00e2nd \u201ecele trei filtre ale lui Socrate\u201d \u2013 adev\u0103rul, bun\u0103tatea \u0219i folosul \u2013, Pop \u00eentreab\u0103: \u201eCum s\u0103 cred eu, legiuitor sau executiv, c\u0103 dac\u0103 sparg cu ciocanul busturile lui Octavian Goga de la Ia\u0219i, de la Alba Iulia \u0219i de oriunde, voi aduce adev\u0103r, bun\u0103tate \u0219i folos \u00een societate? Cum s\u0103 cred c\u0103 voi eradica prin asta antisemitismul?\u201d<\/p>\n<p>Pozi\u021bia sa nu este o negare a antisemitismului poetului: \u201eFire\u0219te, trebuie s\u0103 \u0219tim c\u0103 poetul a fost antisemit, s\u0103 respingem azi ideile antisemite, dar s\u0103 p\u0103str\u0103m mo\u0219tenirea sa bun\u0103, opera sa poetic\u0103, marea sa lucrare de patriot rom\u00e2n c\u00e2nd a luptat pentru unirea Transilvaniei cu Rom\u00e2nia.\u201d<\/p>\n<p>Academicianul sus\u021bine c\u0103 efectul m\u0103surilor este invers celui declarat, invoc\u00e2nd vandalizarea sinagogii din Alba Iulia: \u201eAtacurile la adresa lui Octavian Goga nasc alte atacuri. Ele nu diminueaz\u0103 deloc antisemitismul, ci \u00eel sporesc.\u201d<\/p>\n<h2>Concluzia<\/h2>\n<p>\u201eCe am voit s\u0103 ar\u0103t prin toate aceste considera\u021bii? C\u0103 drumul pe care s-a pornit cu Legea Vexler este gre\u0219it, c\u0103 trebuie s\u0103 combatem excesele care se vor produce de-acum \u00eenainte, c\u0103 nu putem s\u0103 ducem un r\u0103zboi cu istoria. Vom pierde categoric un astfel de r\u0103zboi\u201d, conchide Ioan-Aurel Pop.<\/p>\n<p>Pozi\u021bia sa nu este o respingere total\u0103 a legii, ci a modului \u00een care este aplicat\u0103:<\/p>\n<p>\u201eDac\u0103 legea Vexler \u00een ansamblul ei nu este o provocare, atunci cu siguran\u021b\u0103 este o provocare modul \u00een care unele organiza\u021bii \u0219i, poate, instan\u021be au \u00een\u021beles s\u0103 o aplice. Legea Vexler nu poate justifica denun\u021burile culturale, iar ea nu poate s\u0103 fie invocat\u0103 pentru demolarea busturilor lui Goga.\u201d<\/p>\n<div class=\"crp_related     crp-masonry\">\n<h2>\u00ceN CONTEXT<\/h2>\n<ul>\n<li><a href=\"https:\/\/r3media.ro\/protest-ipj-prahova-legea-vexler\/\" class=\"crp_link post-119003\"><span class=\"crp_title\">Protest \u00eempotriva IPJ Prahova, dup\u0103 anchetarea unor panouri care cer abrogarea \u201elegii Vexler\u201d<\/span><\/a><\/li>\n<li><a href=\"https:\/\/r3media.ro\/ioan-aurel-pop-octavian-goga-istoria-romaniei\/\" class=\"crp_link post-116608\"><span class=\"crp_title\">Acad. Ioan-Aurel Pop \u00eel ap\u0103r\u0103 pe Octavian Goga: Face parte din istoria noastr\u0103 \u0219i a fost ca\u2026<\/span><\/a><\/li>\n<li><a href=\"https:\/\/r3media.ro\/stat-de-drept-sau-restaurare-mascata-a-comunismului\/\" class=\"crp_link post-112012\"><span class=\"crp_title\">Stat de drept sau restaurare mascat\u0103 a comunismului?<\/span><\/a><\/li>\n<li><a href=\"https:\/\/r3media.ro\/fiinta-nationala-a-romanilor-intre-simbol-si-adversitati\/\" class=\"crp_link post-114477\"><span class=\"crp_title\">Fiin\u0163a na\u0163ional\u0103 a rom\u00e2nilor \u2013 \u00eentre simbol \u015fi adversit\u0103\u0163i<\/span><\/a><\/li>\n<li><a href=\"https:\/\/r3media.ro\/ioan-aurel-pop-proiect-elevi-alegeri-materii-prostie-capcana\/\" class=\"crp_link post-118080\"><span class=\"crp_title\">Ioan-Aurel Pop critic\u0103 proiectul prin care elevii \u00ee\u0219i pot alege materiile: O imens\u0103 prostie\u2026<\/span><\/a><\/li>\n<li><a href=\"https:\/\/r3media.ro\/ioan-aurel-pop-discriminarea-lupta-cu-istoria-lupta-cu-viata\/\" class=\"crp_link post-117485\"><span class=\"crp_title\">Discriminarea, lupta cu istoria, lupta cu via\u021ba?<\/span><\/a><\/li>\n<li><a href=\"https:\/\/r3media.ro\/suveranismul-romanesc-o-carcasa-goala\/\" class=\"crp_link post-114740\"><span class=\"crp_title\">Suveranismul rom\u00e2nesc &#8211; o carcas\u0103 goal\u0103<\/span><\/a><\/li>\n<li><a href=\"https:\/\/r3media.ro\/calendarul-zilei-31-august-ziua-limbii-romane-ioan-aurel-pop\/\" class=\"crp_link post-27087\"><span class=\"crp_title\">Calendarul zilei 31 august: Ziua Limbii Rom\u00e2ne. Prof. Ioan-Aurel Pop: Nu po\u0163i fi rom\u00e2n dac\u0103\u2026<\/span><\/a><\/li>\n<\/ul>\n<\/div>\n<\/div>\n<\/div>\n<p>[analyse_source url=&#8221;https:\/\/r3media.ro\/ioan-aurel-pop-lege-vexler-razboi-istoria\/&#8221;]<\/p>\n","protected":false},"excerpt":{"rendered":"<p>[analyse_image type=&#8221;featured&#8221; src=&#8221;https:\/\/r3media.ro\/wp-content\/uploads\/2021\/11\/ioan-aurel-pop-patriotism-e1783881771310.jpghttps:\/\/r3media.ro\/wp-content\/uploads\/2021\/11\/ioan-aurel-pop-patriotism-e1783881771310.jpg&#8221;] FEATUREDIoan-Aurel Pop critic\u0103 legea Vexler \u00eentr-un articol de neratat: Nu putem s\u0103&#8230; FEATURED\u0218TIRI Ioan-Aurel Pop critic\u0103 legea Vexler \u00eentr-un articol de neratat: Nu putem s\u0103 ducem un r\u0103zboi cu istoria Radu Ursan 12\/07\/2026 Academicianul Ioan-Aurel Pop a criticat, \u00eentr-un articol pentru Gazeta de Cluj, modul \u00een care este aplicat\u0103 Legea Vexler \u0219i [&hellip;]<\/p>\n","protected":false},"author":1,"featured_media":0,"comment_status":"open","ping_status":"","sticky":false,"template":"","format":"standard","meta":{"footnotes":""},"categories":[89],"tags":[226,93],"class_list":["post-2039937","post","type-post","status-publish","format-standard","hentry","category-romania","tag-crawlmanager","tag-r3media-ro"],"_links":{"self":[{"href":"https:\/\/analyse.optim.biz\/index.php?rest_route=\/wp\/v2\/posts\/2039937","targetHints":{"allow":["GET"]}}],"collection":[{"href":"https:\/\/analyse.optim.biz\/index.php?rest_route=\/wp\/v2\/posts"}],"about":[{"href":"https:\/\/analyse.optim.biz\/index.php?rest_route=\/wp\/v2\/types\/post"}],"author":[{"embeddable":true,"href":"https:\/\/analyse.optim.biz\/index.php?rest_route=\/wp\/v2\/users\/1"}],"replies":[{"embeddable":true,"href":"https:\/\/analyse.optim.biz\/index.php?rest_route=%2Fwp%2Fv2%2Fcomments&post=2039937"}],"version-history":[{"count":0,"href":"https:\/\/analyse.optim.biz\/index.php?rest_route=\/wp\/v2\/posts\/2039937\/revisions"}],"wp:attachment":[{"href":"https:\/\/analyse.optim.biz\/index.php?rest_route=%2Fwp%2Fv2%2Fmedia&parent=2039937"}],"wp:term":[{"taxonomy":"category","embeddable":true,"href":"https:\/\/analyse.optim.biz\/index.php?rest_route=%2Fwp%2Fv2%2Fcategories&post=2039937"},{"taxonomy":"post_tag","embeddable":true,"href":"https:\/\/analyse.optim.biz\/index.php?rest_route=%2Fwp%2Fv2%2Ftags&post=2039937"}],"curies":[{"name":"wp","href":"https:\/\/api.w.org\/{rel}","templated":true}]}}