{"id":2039935,"date":"2026-07-12T17:43:04","date_gmt":"2026-07-12T14:43:04","guid":{"rendered":"https:\/\/analyse.optim.biz\/?p=2039935"},"modified":"2026-07-12T17:43:04","modified_gmt":"2026-07-12T14:43:04","slug":"scandalul-rachetelor-patriot-zguduie-polonia-varsovia-declasifica-tot-ajutorul-militar-acordat-ucrainei","status":"publish","type":"post","link":"https:\/\/analyse.optim.biz\/?p=2039935","title":{"rendered":"Scandalul rachetelor Patriot zguduie Polonia: Var\u0219ovia declasific\u0103 tot ajutorul militar acordat Ucrainei"},"content":{"rendered":"<p>[analyse_image type=&#8221;featured&#8221; src=&#8221;https:\/\/r3media.ro\/wp-content\/uploads\/2026\/06\/nawrocki-zelenski-polonia-ucraina-e1781965607666.jpghttps:\/\/r3media.ro\/wp-content\/uploads\/2026\/06\/nawrocki-zelenski-polonia-ucraina-e1781965607666.jpg&#8221;]<\/p>\n<article id=\"template-id-109\" class=\"post-109 tdb_templates type-tdb_templates status-publish post\">\n<div id=\"tdi_2\" class=\"tdc-zone\">\n<div class=\"tdc_zone tdi_3  wpb_row td-pb-row\">\n<div id=\"tdi_4\" class=\"tdc-row\">\n<div class=\"vc_row tdi_5  wpb_row td-pb-row\">\n<div class=\"vc_column tdi_7  wpb_column vc_column_container tdc-column td-pb-span8\">\n<div class=\"wpb_wrapper\">\n<div class=\"td_block_wrap tdb_breadcrumbs tdi_8 td-pb-border-top td_block_template_1 tdb-breadcrumbs \" data-td-block-uid=\"tdi_8\">\n<div class=\"tdb-block-inner td-fix-index\"><span><a title=\"Vede\u021bi toate articolele \u00een PRIM PLAN\" class=\"tdb-entry-crumb\" href=\"https:\/\/r3media.ro\/category\/stiri-prim-plan\/\">PRIM PLAN<\/a><\/span><span class=\"tdb-bred-no-url-last\">Scandalul rachetelor Patriot zguduie Polonia: Var\u0219ovia declasific\u0103 tot ajutorul militar acordat Ucrainei<\/span><\/div>\n<\/div>\n<div class=\"td_block_wrap tdb_single_categories tdi_9 td-pb-border-top td_block_template_1 \" data-td-block-uid=\"tdi_9\">\n<div class=\"tdb-category td-fix-index\"><a class=\"tdb-entry-category\" href=\"https:\/\/r3media.ro\/category\/stiri-prim-plan\/\">PRIM PLAN<\/a><a class=\"tdb-entry-category\" href=\"https:\/\/r3media.ro\/category\/stiri\/\">\u0218TIRI<\/a><\/div>\n<\/div>\n<div class=\"td_block_wrap tdb_title tdi_10 tdb-single-title td-pb-border-top td_block_template_1\" data-td-block-uid=\"tdi_10\">\n<div class=\"tdb-block-inner td-fix-index\">\n<h1 class=\"tdb-title-text\">Scandalul rachetelor Patriot zguduie Polonia: Var\u0219ovia declasific\u0103 tot ajutorul militar acordat Ucrainei<\/h1>\n<\/div>\n<\/div>\n<div class=\"vc_row_inner tdi_12  vc_row vc_inner wpb_row td-pb-row\">\n<div class=\"vc_column_inner tdi_14  wpb_column vc_column_container tdc-inner-column td-pb-span12\">\n<div class=\"vc_column-inner\">\n<div class=\"wpb_wrapper\">\n<div class=\"td_block_wrap tdb_single_author tdi_15 td-pb-border-top td_block_template_1 tdb-post-meta\" data-td-block-uid=\"tdi_15\">\n<div class=\"tdb-block-inner td-fix-index\">\n<div class=\"tdb-author-name-wrap\"><a class=\"tdb-author-name\" href=\"https:\/\/r3media.ro\/author\/radu_ursan\/\">Radu Ursan<\/a><\/div>\n<\/div>\n<\/div>\n<div class=\"td_block_wrap tdb_single_date tdi_16 td-pb-border-top td_block_template_1 tdb-post-meta\" data-td-block-uid=\"tdi_16\">\n<div class=\"tdb-block-inner td-fix-index\"><time class=\"entry-date updated td-module-date\" datetime=\"2026-07-12T20:43:04+03:00\">12\/07\/2026<\/time><\/div>\n<\/div>\n<\/div>\n<\/div>\n<\/div>\n<\/div>\n<div class=\"td_block_wrap tdb_single_featured_image tdi_17 tdb-content-horiz-left td-pb-border-top td_block_template_1\" data-td-block-uid=\"tdi_17\">\n<div class=\"tdb-block-inner td-fix-index\">\n<figure><figcaption class=\"tdb-caption-text\">Sursa foto: Colaj<\/figcaption><\/figure>\n<\/div>\n<\/div>\n<div class=\"td_block_wrap tdb_single_content tdi_18 td-pb-border-top td_block_template_1 td-post-content tagdiv-type\" data-td-block-uid=\"tdi_18\">\n<div class=\"tdb-block-inner td-fix-index\">\n<p><strong>Acuzat de opozi\u021bie c\u0103 ar fi trimis \u00een secret Kievului rachete interceptoare esen\u021biale pentru ap\u0103rarea aerian\u0103 a \u021b\u0103rii, ministrul polonez al Ap\u0103r\u0103rii a dispus desecretizarea tuturor dona\u021biilor de armament f\u0103cute Ucrainei \u00eentre 2022 \u0219i 2026 \u0219i a cerut contrainforma\u021biilor militare s\u0103 afle cine a scurs informa\u021biile.<\/strong><\/p>\n<p>Scandalul politic declan\u0219at \u00een <a href=\"https:\/\/r3media.ro\/polonia-nu-mai-cedeaza-ucrainei-ultimele-sale-avioane-mig-29\/\" target=\"_blank\" rel=\"noopener\">Polonia<\/a> de presupusul transfer secret de rachete interceptoare pentru sistemele americane Patriot c\u0103tre Ucraina continu\u0103 s\u0103 produc\u0103 unde de \u0219oc la Var\u0219ovia, relateaz\u0103 publica\u021bia <a href=\"https:\/\/strana.today\/news\/508408-oppozitsija-v-polshe-obvinila-pravitelstvo-v-skrytykh-postavkakh-vooruzhenij-kievu.html\" target=\"_blank\" rel=\"noopener\">Strana<\/a>.<\/p>\n<p>Controversa a pornit dup\u0103 ce Krzysztof Bosak, vicepre\u0219edinte al Sejmului \u0219i copre\u0219edinte al partidului de extrem\u0103 dreapta Confedera\u021bia, a afirmat c\u0103 guvernul ar fi transferat \u00een secret, \u00een luna martie, rachete interceptoare PAC-3 c\u0103tre Kiev \u2014 muni\u021bii considerate esen\u021biale pentru ap\u0103rarea antibalistic\u0103 a Poloniei. Acuza\u021biile au fost preluate rapid de Lege \u0219i Justi\u021bie (PiS), aflat \u00een opozi\u021bie.<\/p>\n<p>Fostul ministru al Ap\u0103r\u0103rii, Mariusz B\u0142aszczak, a cerut guvernului explica\u021bii urgente, argument\u00e2nd c\u0103 rachetele Patriot sunt un element-cheie al scutului aerian polonez.<\/p>\n<h2>R\u0103spunsul guvernului: declasificare total\u0103<\/h2>\n<p>Ministrul Ap\u0103r\u0103rii, W\u0142adys\u0142aw Kosiniak-Kamysz, a respins acuza\u021biile \u0219i a anun\u021bat c\u0103, \u00een urma consult\u0103rilor cu premierul Donald Tusk, a dispus declasificarea informa\u021biilor privind \u00eentregul ajutor militar acordat de Polonia Ucrainei \u00een perioada 2022\u20132026, potrivit Strana.<\/p>\n<p>\u201eDup\u0103 consultarea cu premierul Donald Tusk, ac\u021bion\u00e2nd cu responsabilitate fa\u021b\u0103 de opinia public\u0103 \u0219i \u00een conformitate cu legea, am dispus declasificarea tuturor dona\u021biilor pentru Ucraina din anii 2022\u20132026\u201d, a scris ministrul pe platforma X.<\/p>\n<p>Potrivit \u0219efului Ministerului Ap\u0103r\u0103rii, livr\u0103rile de armament c\u0103tre for\u021bele ucrainene au \u00eenceput sub guvernul anterior al PiS, c\u00e2nd portofoliul Ap\u0103r\u0103rii era de\u021binut chiar de Mariusz B\u0142aszczak. Kosiniak-Kamysz a subliniat c\u0103 fiecare transfer a fost comunicat \u0219efului statului \u2014 mai \u00eent\u00e2i lui Andrzej Duda, iar \u00een prezent lui Karol Nawrocki.<\/p>\n<h2>Ancheta contrainforma\u021biilor<\/h2>\n<p>\u00cen paralel, ministrul a dat instruc\u021biuni Serviciului de Contrainforma\u021bii Militare (SKW) s\u0103 stabileasc\u0103 cine a \u00eencercat s\u0103 dezv\u0103luie \u00een mod deliberat secrete de stat \u2014 m\u0103sur\u0103 semnalat\u0103 tot de Strana.<\/p>\n<p>\u201eNe afl\u0103m \u00een condi\u021bii de r\u0103zboi \u00een apropierea frontierei noastre, iar orice ac\u021biune \u00eempotriva interesului na\u021bional al Poloniei pune \u00een pericol securitatea cet\u0103\u021benilor polonezi\u201d, a avertizat Kosiniak-Kamysz.<\/p>\n<h2>Tab\u0103ra preziden\u021bial\u0103 contraatac\u0103<\/h2>\n<p>Marcin Przydacz, \u0219eful Biroului de Politici Interna\u021bionale al Cancelariei preziden\u021biale, sus\u021bine c\u0103 Var\u0219ovia \u0219i-ar fi cedat locul pe lista de livr\u0103ri americane \u00een favoarea Kievului:<\/p>\n<p>\u201eAm continuat s\u0103 fim \u00een fruntea cozii, cu ucrainenii \u00een spatele nostru, iar guvernul \u0219i-a cedat locul Ucrainei, rezultatul fiind c\u0103 Polonia a trebuit s\u0103 a\u0219tepte mai mult\u201d, a declarat acesta.<\/p>\n<p>\u00centr-un interviu acordat postului TVN24 \u0219i relatat de <a href=\"https:\/\/www.pravda.com.ua\/eng\/news\/2026\/07\/10\/8043349\/\" target=\"_blank\" rel=\"noopener\">Ukrainska Pravda<\/a>, Kosiniak-Kamysz a ap\u0103rat ferm decizia, calific\u00e2nd drept iresponsabile criticile venite din anturajul preziden\u021bial.<\/p>\n<p>Ministrul a sus\u021binut c\u0103 sprijinul militar pentru Ucraina este \u00een interesul na\u021bional al Poloniei \u0219i a afirmat c\u0103 ar prefera ca rachetele poloneze Patriot s\u0103 intercepteze rachete ruse\u0219ti deasupra Kievului dec\u00e2t deasupra Var\u0219oviei.<\/p>\n<p>Tot Ukrainska Pravda relateaz\u0103 c\u0103 Przydacz afirmase, pe 9 iulie, c\u0103 ministrul adjunct al Ap\u0103r\u0103rii, Cezary Tomczyk, ar fi jucat un rol-cheie \u00een decizia de transfer.<\/p>\n<h2>Contextul<\/h2>\n<p>Disputa a izbucnit dup\u0103 ce pre\u0219edintele ucrainean Volodimir Zelenski a avertizat c\u0103 \u021bara sa r\u0103m\u00e2ne f\u0103r\u0103 rachete Patriot, singurele capabile s\u0103 intercepteze rachetele balistice ruse\u0219ti, pe fondul presiunii asupra stocurilor occidentale generate de conflictul din Orientul Mijlociu.<\/p>\n<p>\u00cen martie, ministrul german al Ap\u0103r\u0103rii, Boris Pistorius, a \u00eencercat s\u0103 mobilizeze \u00eempreun\u0103 cu alte state europene peste 30 de rachete Patriot pentru Ucraina, iar la reuniunea Grupului de Contact pentru Ap\u0103rarea Ucrainei de la Ramstein, din aprilie, partea ucrainean\u0103 a mul\u021bumit Germaniei, Olandei, Spaniei \u0219i Poloniei pentru livr\u0103rile suplimentare.<\/p>\n<p>Tensiunile survin \u00eentr-un moment delicat pentru rela\u021bia Var\u0219ovia\u2013Kiev, marcat\u0103 \u0219i de dispute pe teme istorice.<\/p>\n<p>Anterior, premierul Donald Tusk f\u0103cuse apel la pruden\u021b\u0103 \u00een exprimarea sprijinului pentru Ucraina \u00een cadrul summitului NATO, informa\u021bie relatat\u0103 de Strana.<\/p>\n<div class=\"crp_related     crp-masonry\">\n<h2>\u00ceN CONTEXT<\/h2>\n<ul>\n<li><a href=\"https:\/\/r3media.ro\/polonia-nu-mai-cedeaza-ucrainei-ultimele-sale-avioane-mig-29\/\" class=\"crp_link post-119243\"><span class=\"crp_title\">Polonia nu mai cedeaz\u0103 Ucrainei ultimele sale avioane MiG-29<\/span><\/a><\/li>\n<li><a href=\"https:\/\/r3media.ro\/owen-matthews-the-spectator-ucrainenii-si-au-pierdut-increderea-in-zelenski\/\" class=\"crp_link post-111839\"><span class=\"crp_title\">Owen Matthews, The Spectator: Ucrainenii \u0219i-au pierdut \u00eencrederea \u00een Zelenski<\/span><\/a><\/li>\n<li><a href=\"https:\/\/r3media.ro\/polonia-critici-dure-zelenski-grupari-masacru-lech-walesa\/\" class=\"crp_link post-117415\"><span class=\"crp_title\">Polonia \u00eel critic\u0103 dur pe Zelenski pentru onorarea unei grup\u0103ri acuzate c\u0103 a masacrat\u2026<\/span><\/a><\/li>\n<li><a href=\"https:\/\/r3media.ro\/polonezi-nemti-exasperati-beneficii-refugiati-ucraineni-ajutor-acordat-ucraina-tari-sprijin-kiev\/\" class=\"crp_link post-113757\"><span class=\"crp_title\">Polonezii \u0219i nem\u021bii sunt tot mai exaspera\u021bi de beneficiile pentru refugia\u021bii ucraineni \u0219i\u2026<\/span><\/a><\/li>\n<li><a href=\"https:\/\/r3media.ro\/romania-ar-trebui-sa-sustina-planul-trump-de-pace-pentru-ucraina\/\" class=\"crp_link post-114245\"><span class=\"crp_title\">Rom\u00e2nia ar trebui s\u0103 sus\u021bin\u0103 \u201eplanul Trump\u201d de pace pentru Ucraina<\/span><\/a><\/li>\n<li><a href=\"https:\/\/r3media.ro\/guvernul-tusk-bani-spitale-polonia-ucraina-polonezi-romani-fonduri-kiev\/\" class=\"crp_link post-114222\"><span class=\"crp_title\">Guvernul Tusk nu mai are bani pentru spitalele din Polonia, dar are pentru Ucraina.\u2026<\/span><\/a><\/li>\n<li><a href=\"https:\/\/r3media.ro\/discurs-fulminant-presedinte-polonia-karol-nawrocki-unitate-suveranitate-respingere-adoptare-moneda-euro-ue\/\" class=\"crp_link post-112181\"><span class=\"crp_title\">Discurs fulminant al noului pre\u0219edinte al Poloniei | Karol Nawrocki a promis unitate,\u2026<\/span><\/a><\/li>\n<li><a href=\"https:\/\/r3media.ro\/discursul-integral-al-premierului-ungariei-viktor-orban-de-la-baile-tusnad-bugetul-ue-este-un-buget-de-razboi-sper-sa-avem-o-alianta-pentru-pace-cu-romanii\/\" class=\"crp_link post-111993\"><span class=\"crp_title\">Discursul INTEGRAL al premierului Ungariei, Viktor Orban, de la B\u0103ile Tu\u0219nad: Bugetul UE\u2026<\/span><\/a><\/li>\n<\/ul>\n<\/div>\n<\/div>\n<\/div>\n<div class=\"td_block_wrap tdb_single_tags tdi_19 td-pb-border-top td_block_template_1\" data-td-block-uid=\"tdi_19\">\n<div class=\"tdb-block-inner td-fix-index\">\n<ul class=\"tdb-tags\">\n<li><span>SUBIECTE FIERBIN\u021aI<\/span><\/li>\n<li><a href=\"https:\/\/r3media.ro\/tag\/polonia\/\">polonia<\/a><\/li>\n<li><a href=\"https:\/\/r3media.ro\/tag\/razboi-rusia-ucraina\/\">razboi rusia ucraina<\/a><\/li>\n<\/ul>\n<\/div>\n<\/div>\n<div class=\"td_block_wrap td_block_9 tdi_20 td_with_ajax_pagination td-pb-border-top td_block_template_1 td-column-2 td_block_padding td_block_bot_line\" data-td-block-uid=\"tdi_20\">\n<div class=\"td-block-title-wrap\">\n<h4 class=\"block-title td-block-title\"><span class=\"td-pulldown-size\">CITE\u0218TE MAI MULT<\/span><\/h4>\n<\/div>\n<div id=\"tdi_20\" class=\"td_block_inner\">\n<div class=\"td-block-row\">\n<div class=\"td-block-span6\">\n<div class=\"td_module_8 td_module_wrap\">\n<div class=\"item-details\">\n<h3 class=\"entry-title td-module-title\"><a href=\"https:\/\/r3media.ro\/o-femeie-mentalitate-femei-moderne-printese-disney\/\" rel=\"bookmark\" title=\"VIDEO | O femeie critic\u0103 mentalitatea femeii moderne care distruge rela\u021bia cu b\u0103rbatul s\u0103u: Suntem crescute \u00een ideea de prin\u021bese, dar nu suntem la Disney\">VIDEO | O femeie critic\u0103 mentalitatea femeii moderne care distruge rela\u021bia cu b\u0103rbatul s\u0103u:&#8230;<\/a><\/h3>\n<div class=\"td-module-meta-info\"><a href=\"https:\/\/r3media.ro\/category\/actualitate\/\" class=\"td-post-category\">ACTUALITATE<\/a><span class=\"td-post-author-name\"><a href=\"https:\/\/r3media.ro\/author\/teodor_stan\/\">Teodor Stan<\/a><span>&#8211;<\/span><\/span><span class=\"td-post-date\"><time class=\"entry-date updated td-module-date\" datetime=\"2026-07-10T12:47:58+03:00\">10\/07\/2026<\/time><\/span><\/div>\n<\/div>\n<\/div>\n<\/div>\n<div class=\"td-block-span6\">\n<div class=\"td_module_8 td_module_wrap\">\n<div class=\"item-details\">\n<h3 class=\"entry-title td-module-title\"><a href=\"https:\/\/r3media.ro\/sofer-surpriza-neplacuta-benzinarie-austria-oprit-apa-portbagaj\/\" rel=\"bookmark\" title=\"Un \u0219ofer a avut parte de o surpriz\u0103 nepl\u0103cut\u0103 la benzin\u0103rie dup\u0103 ce a oprit un minut \u0219i 28 de secunde pentru a scoate o sticl\u0103 de ap\u0103 din portbagaj\">Un \u0219ofer a avut parte de o surpriz\u0103 nepl\u0103cut\u0103 la benzin\u0103rie dup\u0103 ce a&#8230;<\/a><\/h3>\n<div class=\"td-module-meta-info\"><a href=\"https:\/\/r3media.ro\/category\/featured\/\" class=\"td-post-category\">FEATURED<\/a><span class=\"td-post-author-name\"><a href=\"https:\/\/r3media.ro\/author\/oana\/\">Oana Ivan<\/a><span>&#8211;<\/span><\/span><span class=\"td-post-date\"><time class=\"entry-date updated td-module-date\" datetime=\"2026-07-11T13:00:01+03:00\">11\/07\/2026<\/time><\/span><\/div>\n<\/div>\n<\/div>\n<\/div>\n<\/div>\n<div class=\"td-block-row\">\n<div class=\"td-block-span6\">\n<div class=\"td_module_8 td_module_wrap\">\n<div class=\"item-details\">\n<h3 class=\"entry-title td-module-title\"><a href=\"https:\/\/r3media.ro\/guvernul-sanchez-demoleaza-monumentul-de-la-majadahonda-ion-mota-vasile-marin-lupta-rzaboiul-civil-spaniol-comunisti\/\" rel=\"bookmark\" title=\"Guvernul Sanchez demoleaz\u0103 Monumentul de la Majadahonda, dedicat lui Ion Mo\u021ba \u0219i Vasile Marin, rom\u00e2nii care au luptat \u00eempotriva comuni\u0219tilor \u00een R\u0103zboiul Civil Spaniol\">Guvernul Sanchez demoleaz\u0103 Monumentul de la Majadahonda, dedicat lui Ion Mo\u021ba \u0219i Vasile Marin,&#8230;<\/a><\/h3>\n<div class=\"td-module-meta-info\"><a href=\"https:\/\/r3media.ro\/category\/featured\/\" class=\"td-post-category\">FEATURED<\/a><span class=\"td-post-author-name\"><a href=\"https:\/\/r3media.ro\/author\/oana\/\">Oana Ivan<\/a><span>&#8211;<\/span><\/span><span class=\"td-post-date\"><time class=\"entry-date updated td-module-date\" datetime=\"2026-07-12T01:11:49+03:00\">12\/07\/2026<\/time><\/span><\/div>\n<\/div>\n<\/div>\n<\/div>\n<div class=\"td-block-span6\">\n<div class=\"td_module_8 td_module_wrap\">\n<div class=\"item-details\">\n<h3 class=\"entry-title td-module-title\"><a href=\"https:\/\/r3media.ro\/cutremur-5-5-grade-scara-richter-resimtit-cehia-slovacia\/\" rel=\"bookmark\" title=\"Cutremur de 5.5 grade pe scara Richter. S-a resim\u021bit \u00een Cehia \u0219i Slovacia\">Cutremur de 5.5 grade pe scara Richter. S-a resim\u021bit \u00een Cehia \u0219i Slovacia<\/a><\/h3>\n<div class=\"td-module-meta-info\"><a href=\"https:\/\/r3media.ro\/category\/actualitate\/\" class=\"td-post-category\">ACTUALITATE<\/a><span class=\"td-post-author-name\"><a href=\"https:\/\/r3media.ro\/author\/oana\/\">Oana Ivan<\/a><span>&#8211;<\/span><\/span><span class=\"td-post-date\"><time class=\"entry-date updated td-module-date\" datetime=\"2026-07-09T20:48:24+03:00\">09\/07\/2026<\/time><\/span><\/div>\n<\/div>\n<\/div>\n<\/div>\n<\/div>\n<div class=\"td-block-row\">\n<div class=\"td-block-span6\">\n<div class=\"td_module_8 td_module_wrap\">\n<div class=\"item-details\">\n<h3 class=\"entry-title td-module-title\"><a href=\"https:\/\/r3media.ro\/presedintele-croatiei-interesele-poporului-ursula-von-der-leyen\/\" rel=\"bookmark\" title=\"Pre\u0219edintele Croa\u021biei spune c\u0103 este obligat s\u0103 apere interesele poporului s\u0103u, \u201enu s\u0103 urmez orbe\u0219te trenduri sau s\u0103 repet ca un papagal frazele care \u00eei plac Ursulei von der Leyen\u201d\">Pre\u0219edintele Croa\u021biei spune c\u0103 este obligat s\u0103 apere interesele poporului s\u0103u, \u201enu s\u0103 urmez&#8230;<\/a><\/h3>\n<div class=\"td-module-meta-info\"><a href=\"https:\/\/r3media.ro\/category\/actualitate\/\" class=\"td-post-category\">ACTUALITATE<\/a><span class=\"td-post-author-name\"><a href=\"https:\/\/r3media.ro\/author\/radu_ursan\/\">Radu Ursan<\/a><span>&#8211;<\/span><\/span><span class=\"td-post-date\"><time class=\"entry-date updated td-module-date\" datetime=\"2026-07-08T22:42:08+03:00\">08\/07\/2026<\/time><\/span><\/div>\n<\/div>\n<\/div>\n<\/div>\n<div class=\"td-block-span6\">\n<div class=\"td_module_8 td_module_wrap\">\n<div class=\"item-details\">\n<h3 class=\"entry-title td-module-title\"><a href=\"https:\/\/r3media.ro\/femeie-cumparat-automobil-electric-mana-a-doua-surpriza-plecat-masina\/\" rel=\"bookmark\" title=\"O femeie care \u0219i-a achizi\u021bionat un automobil electric la m\u00e2na a doua a avut parte de o surpriz\u0103 imediat dup\u0103 ce a plecat cu ma\u0219ina\">O femeie care \u0219i-a achizi\u021bionat un automobil electric la m\u00e2na a doua a avut&#8230;<\/a><\/h3>\n<div class=\"td-module-meta-info\"><a href=\"https:\/\/r3media.ro\/category\/actualitate\/\" class=\"td-post-category\">ACTUALITATE<\/a><span class=\"td-post-author-name\"><a href=\"https:\/\/r3media.ro\/author\/oana\/\">Oana Ivan<\/a><span>&#8211;<\/span><\/span><span class=\"td-post-date\"><time class=\"entry-date updated td-module-date\" datetime=\"2026-07-08T19:56:23+03:00\">08\/07\/2026<\/time><\/span><\/div>\n<\/div>\n<\/div>\n<\/div>\n<\/div>\n<div class=\"td-block-row\">\n<div class=\"td-block-span6\">\n<div class=\"td_module_8 td_module_wrap\">\n<div class=\"item-details\">\n<h3 class=\"entry-title td-module-title\"><a href=\"https:\/\/r3media.ro\/lectii-de-inapoiere\/\" rel=\"bookmark\" title=\"Lec\u021bii de \u00eenapoiere\">Lec\u021bii de \u00eenapoiere<\/a><\/h3>\n<div class=\"td-module-meta-info\"><a href=\"https:\/\/r3media.ro\/category\/opinii\/\" class=\"td-post-category\">OPINII<\/a><span class=\"td-post-author-name\"><a href=\"https:\/\/r3media.ro\/author\/tru\/\">TRU (Traian Ungureanu)<\/a><span>&#8211;<\/span><\/span><span class=\"td-post-date\"><time class=\"entry-date updated td-module-date\" datetime=\"2026-07-07T14:50:09+03:00\">07\/07\/2026<\/time><\/span><\/div>\n<\/div>\n<\/div>\n<\/div>\n<div class=\"td-block-span6\">\n<div class=\"td_module_8 td_module_wrap\">\n<div class=\"item-details\">\n<h3 class=\"entry-title td-module-title\"><a href=\"https:\/\/r3media.ro\/dreptate-pentru-memoria-lui-mircea-vulcanescu\/\" rel=\"bookmark\" title=\"Dreptate pentru memoria lui Mircea Vulc\u0103nescu\">Dreptate pentru memoria lui Mircea Vulc\u0103nescu<\/a><\/h3>\n<div class=\"td-module-meta-info\"><a href=\"https:\/\/r3media.ro\/category\/opinii\/\" class=\"td-post-category\">OPINII<\/a><span class=\"td-post-author-name\"><a href=\"https:\/\/r3media.ro\/author\/bogdan-munteanu\/\">Bogdan Munteanu<\/a><span>&#8211;<\/span><\/span><span class=\"td-post-date\"><time class=\"entry-date updated td-module-date\" datetime=\"2026-07-03T15:27:06+03:00\">03\/07\/2026<\/time><\/span><\/div>\n<\/div>\n<\/div>\n<\/div>\n<\/div>\n<div class=\"td-block-row\">\n<div class=\"td-block-span6\">\n<div class=\"td_module_8 td_module_wrap\">\n<div class=\"item-details\">\n<h3 class=\"entry-title td-module-title\"><a href=\"https:\/\/r3media.ro\/un-baietel-de-10-ani-are-nevoie-urgent-de-930-000-de-euro-pentru-a-trai-apelul-parintelui-alexandru-lungu\/\" rel=\"bookmark\" title=\"Un b\u0103ie\u021bel de 10 ani are nevoie URGENT de 930.000 de euro pentru a tr\u0103i. Apelul p\u0103rintelui Alexandru Lungu\">Un b\u0103ie\u021bel de 10 ani are nevoie URGENT de 930.000 de euro pentru a&#8230;<\/a><\/h3>\n<div class=\"td-module-meta-info\"><a href=\"https:\/\/r3media.ro\/category\/actualitate\/\" class=\"td-post-category\">ACTUALITATE<\/a><span class=\"td-post-author-name\"><a href=\"https:\/\/r3media.ro\/author\/redactia\/\">Redac\u021bia<\/a><span>&#8211;<\/span><\/span><span class=\"td-post-date\"><time class=\"entry-date updated td-module-date\" datetime=\"2026-07-01T14:14:11+03:00\">01\/07\/2026<\/time><\/span><\/div>\n<\/div>\n<\/div>\n<\/div>\n<div class=\"td-block-span6\">\n<div class=\"td_module_8 td_module_wrap\">\n<div class=\"item-details\">\n<h3 class=\"entry-title td-module-title\"><a href=\"https:\/\/r3media.ro\/solutie-istorica-curtea-de-apel-bucuresti-mircea-vulcanescu-nu-e-criminal-de-razboi\/\" rel=\"bookmark\" title=\"Solu\u021bie istoric\u0103 a Cur\u021bii de Apel Bucure\u0219ti \u00een cazul \u201eMircea Vulc\u0103nescu\u201d\">Solu\u021bie istoric\u0103 a Cur\u021bii de Apel Bucure\u0219ti \u00een cazul \u201eMircea Vulc\u0103nescu\u201d<\/a><\/h3>\n<div class=\"td-module-meta-info\"><a href=\"https:\/\/r3media.ro\/category\/actualitate\/\" class=\"td-post-category\">ACTUALITATE<\/a><span class=\"td-post-author-name\"><a href=\"https:\/\/r3media.ro\/author\/redactia\/\">Redac\u021bia<\/a><span>&#8211;<\/span><\/span><span class=\"td-post-date\"><time class=\"entry-date updated td-module-date\" datetime=\"2026-07-02T16:26:05+03:00\">02\/07\/2026<\/time><\/span><\/div>\n<\/div>\n<\/div>\n<\/div>\n<\/div>\n<div class=\"td-block-row\">\n<div class=\"td-block-span6\">\n<div class=\"td_module_8 td_module_wrap\">\n<div class=\"item-details\">\n<h3 class=\"entry-title td-module-title\"><a href=\"https:\/\/r3media.ro\/nicusor-dan-articol-presa-americana-luptatori-munti-trump\/\" rel=\"bookmark\" title=\"Nicu\u0219or Dan a publicat un articol \u00een presa american\u0103, \u00een care laud\u0103 lupt\u0103torii din mun\u021bi para\u0219uta\u021bi de SUA \u0219i pe pre\u0219edintele Trump\">Nicu\u0219or Dan a publicat un articol \u00een presa american\u0103, \u00een care laud\u0103 lupt\u0103torii din&#8230;<\/a><\/h3>\n<div class=\"td-module-meta-info\"><a href=\"https:\/\/r3media.ro\/category\/actualitate\/\" class=\"td-post-category\">ACTUALITATE<\/a><span class=\"td-post-author-name\"><a href=\"https:\/\/r3media.ro\/author\/redactia\/\">Redac\u021bia<\/a><span>&#8211;<\/span><\/span><span class=\"td-post-date\"><time class=\"entry-date updated td-module-date\" datetime=\"2026-07-02T12:17:31+03:00\">02\/07\/2026<\/time><\/span><\/div>\n<\/div>\n<\/div>\n<\/div>\n<div class=\"td-block-span6\">\n<div class=\"td_module_8 td_module_wrap\">\n<div class=\"item-details\">\n<h3 class=\"entry-title td-module-title\"><a href=\"https:\/\/r3media.ro\/suc-cico-bautura-carbogazoasa-fructe-naturala\/\" rel=\"bookmark\" title=\"Sucul CICO, subiect de ironii azi, era singura b\u0103utura carbogazoas\u0103 f\u0103cut EXCLUSIV din fructe \u0219i f\u0103r\u0103 conservan\u021bi chimici\">Sucul CICO, subiect de ironii azi, era singura b\u0103utura carbogazoas\u0103 f\u0103cut EXCLUSIV din fructe&#8230;<\/a><\/h3>\n<div class=\"td-module-meta-info\"><a href=\"https:\/\/r3media.ro\/category\/actualitate\/\" class=\"td-post-category\">ACTUALITATE<\/a><span class=\"td-post-author-name\"><a href=\"https:\/\/r3media.ro\/author\/radu_ursan\/\">Radu Ursan<\/a><span>&#8211;<\/span><\/span><span class=\"td-post-date\"><time class=\"entry-date updated td-module-date\" datetime=\"2026-07-01T18:44:17+03:00\">01\/07\/2026<\/time><\/span><\/div>\n<\/div>\n<\/div>\n<\/div>\n<\/div>\n<\/div>\n<div class=\"td-load-more-wrap td-load-more-infinite-wrap\" id=\"infinite-lm-tdi_20\"><a href=\"https:\/\/r3media.ro\/scandalul-rachetelor-patriot-zguduie-polonia-varsovia-declasifica-tot-ajutorul-militar-acordat-ucrainei\/\" class=\"td_ajax_load_more td_ajax_load_more_js\" aria-label=\"\u00cenc\u0103rca\u021bi mai multe\" id=\"next-page-tdi_20\" data-td_block_id=\"tdi_20\">\u00cenc\u0103rca\u021bi mai multe<\/a><\/div>\n<\/div>\n<div class=\"td_block_wrap tdb_single_comments tdi_21 tdb-comm-layout2 td-pb-border-top td_block_template_1\" data-td-block-uid=\"tdi_21\">\n<div class=\"tdb-block-inner td-fix-index\">\n<div class=\"comments\" id=\"comments\">\n<div id=\"respond\" class=\"comment-respond\">\n<h3 id=\"reply-title\" class=\"comment-reply-title\">AI CEVA DE SPUS? <small><a rel=\"nofollow\" id=\"cancel-comment-reply-link\" href=\"https:\/\/r3media.ro\/scandalul-rachetelor-patriot-zguduie-polonia-varsovia-declasifica-tot-ajutorul-militar-acordat-ucrainei\/#respond\">Renun\u021ba\u021bi la r\u0103spuns<\/a><\/small><\/h3>\n<div class=\"comment-form-input-wrap td-form-comment\">\n<div class=\"td-warning-comment\">V\u0103 rug\u0103m s\u0103 introduce\u021bi comentariul dvs.!<\/div>\n<\/div>\n<div class=\"comment-form-input-wrap td-form-author\">\n<div class=\"td-warning-author\">Introduce\u021bi aici numele dvs.<\/div>\n<\/div>\n<div class=\"comment-form-input-wrap td-form-email\">\n<div class=\"td-warning-email-error\">A\u021bi introdus o adres\u0103 de e-mail incorect\u0103!<\/div>\n<div class=\"td-warning-email\">V\u0103 rug\u0103m s\u0103 introduce\u021bi adresa dvs. de e-mail aici<\/div>\n<\/div>\n<\/div>\n<\/div>\n<\/div>\n<\/div>\n<\/div>\n<\/div>\n<div class=\"vc_column tdi_23  wpb_column vc_column_container tdc-column td-pb-span4 td-is-sticky\">\n<div class=\"wpb_wrapper\" data-sticky-enabled-on=\"W3RydWUsdHJ1ZSx0cnVlLHRydWVd\" data-sticky-offset=\"20\" data-sticky-is-width-auto=\"W2ZhbHNlLGZhbHNlLGZhbHNlLGZhbHNlXQ==\">\n<div class=\"wpb_wrapper td_block_wrap vc_widget_sidebar tdi_25 \">\n<div class=\"td_block_wrap td_block_7 td_block_widget tdi_26 td-pb-border-top td_block_template_1 td-column-1 td_block_padding\" data-td-block-uid=\"tdi_26\">\n<div class=\"td-block-title-wrap\">\n<h4 class=\"block-title td-block-title\"><span class=\"td-pulldown-size\">Articole RELA\u021aIONATE<\/span><\/h4>\n<\/div>\n<div id=\"tdi_26\" class=\"td_block_inner\">\n<div class=\"td-block-span12\">\n<div class=\"td_module_6 td_module_wrap td-animation-stack\">\n<div class=\"td-module-thumb\"><a href=\"https:\/\/r3media.ro\/ioan-aurel-pop-lege-vexler-razboi-istoria\/\" rel=\"bookmark\" class=\"td-image-wrap \" title=\"Ioan-Aurel Pop critic\u0103 legea Vexler \u00eentr-un articol de neratat: Nu putem s\u0103 ducem un r\u0103zboi cu istoria\"><img loading=\"lazy\" decoding=\"async\" class=\"entry-thumb\" src=\"https:\/\/r3media.ro\/wp-content\/uploads\/2021\/11\/ioan-aurel-pop-patriotism-e1783881771310-100x70.jpg\" alt title=\"Ioan-Aurel Pop critic\u0103 legea Vexler \u00eentr-un articol de neratat: Nu putem s\u0103 ducem un r\u0103zboi cu istoria\" width=\"100\" height=\"70\"><\/a><\/div>\n<div class=\"item-details\">\n<h3 class=\"entry-title td-module-title\"><a href=\"https:\/\/r3media.ro\/ioan-aurel-pop-lege-vexler-razboi-istoria\/\" rel=\"bookmark\" title=\"Ioan-Aurel Pop critic\u0103 legea Vexler \u00eentr-un articol de neratat: Nu putem s\u0103 ducem un r\u0103zboi cu istoria\">Ioan-Aurel Pop critic\u0103 legea Vexler \u00eentr-un articol de neratat: Nu putem&#8230;<\/a><\/h3>\n<div class=\"td-module-meta-info\"><span class=\"td-post-date\"><time class=\"entry-date updated td-module-date\" datetime=\"2026-07-12T21:42:54+03:00\">12\/07\/2026<\/time><\/span><\/div>\n<\/div>\n<\/div>\n<\/div>\n<div class=\"td-block-span12\">\n<div class=\"td_module_6 td_module_wrap td-animation-stack\">\n<div class=\"td-module-thumb\"><a href=\"https:\/\/r3media.ro\/13-iulie-sf-dimitrie-bucuresti-soborul-sfantului-arhanghel-gavriil\/\" rel=\"bookmark\" class=\"td-image-wrap \" title=\"Calendarul zilei 13 iulie: Aducerea moa\u0219telor Sf. Dimitrie cel Nou la Bucure\u0219ti. Soborul Sf\u00e2ntului Arhanghel Gavriil\"><img loading=\"lazy\" decoding=\"async\" class=\"entry-thumb\" src=\"https:\/\/r3media.ro\/wp-content\/uploads\/2022\/07\/sddefault-2-100x70.jpg\" alt title=\"Calendarul zilei 13 iulie: Aducerea moa\u0219telor Sf. Dimitrie cel Nou la Bucure\u0219ti. Soborul Sf\u00e2ntului Arhanghel Gavriil\" width=\"100\" height=\"70\"><\/a><\/div>\n<div class=\"item-details\">\n<h3 class=\"entry-title td-module-title\"><a href=\"https:\/\/r3media.ro\/13-iulie-sf-dimitrie-bucuresti-soborul-sfantului-arhanghel-gavriil\/\" rel=\"bookmark\" title=\"Calendarul zilei 13 iulie: Aducerea moa\u0219telor Sf. Dimitrie cel Nou la Bucure\u0219ti. Soborul Sf\u00e2ntului Arhanghel Gavriil\">Calendarul zilei 13 iulie: Aducerea moa\u0219telor Sf. Dimitrie cel Nou la&#8230;<\/a><\/h3>\n<div class=\"td-module-meta-info\"><span class=\"td-post-date\"><time class=\"entry-date updated td-module-date\" datetime=\"2026-07-12T21:13:13+03:00\">12\/07\/2026<\/time><\/span><\/div>\n<\/div>\n<\/div>\n<\/div>\n<div class=\"td-block-span12\">\n<div class=\"td_module_6 td_module_wrap td-animation-stack\">\n<div class=\"td-module-thumb\"><a href=\"https:\/\/r3media.ro\/senatorul-american-lindsey-graham-a-murit\/\" rel=\"bookmark\" class=\"td-image-wrap \" title=\"Senatorul american Lindsey Graham a murit la 71 de ani, dup\u0103 o \u201eboal\u0103 scurt\u0103 \u0219i brusc\u0103\u201d\"><img loading=\"lazy\" decoding=\"async\" class=\"entry-thumb\" src=\"https:\/\/r3media.ro\/wp-content\/uploads\/2024\/04\/graham-zelenski-100x70.jpeg\" alt title=\"Senatorul american Lindsey Graham a murit la 71 de ani, dup\u0103 o \u201eboal\u0103 scurt\u0103 \u0219i brusc\u0103\u201d\" width=\"100\" height=\"70\"><\/a><\/div>\n<div class=\"item-details\">\n<h3 class=\"entry-title td-module-title\"><a href=\"https:\/\/r3media.ro\/senatorul-american-lindsey-graham-a-murit\/\" rel=\"bookmark\" title=\"Senatorul american Lindsey Graham a murit la 71 de ani, dup\u0103 o \u201eboal\u0103 scurt\u0103 \u0219i brusc\u0103\u201d\">Senatorul american Lindsey Graham a murit la 71 de ani, dup\u0103&#8230;<\/a><\/h3>\n<div class=\"td-module-meta-info\"><span class=\"td-post-date\"><time class=\"entry-date updated td-module-date\" datetime=\"2026-07-12T20:22:23+03:00\">12\/07\/2026<\/time><\/span><\/div>\n<\/div>\n<\/div>\n<\/div>\n<div class=\"td-block-span12\">\n<div class=\"td_module_6 td_module_wrap td-animation-stack\">\n<div class=\"td-module-thumb\"><a href=\"https:\/\/r3media.ro\/ce-ne-facem-cu-atatia-prosti\/\" rel=\"bookmark\" class=\"td-image-wrap \" title=\"Ce ne facem cu at\u00e2\u021bia pro\u0219ti?\"><img loading=\"lazy\" decoding=\"async\" class=\"entry-thumb\" src=\"https:\/\/r3media.ro\/wp-content\/uploads\/2026\/07\/rascoala-1907-100x70.jpg\" alt title=\"Ce ne facem cu at\u00e2\u021bia pro\u0219ti?\" width=\"100\" height=\"70\"><\/a><\/div>\n<div class=\"item-details\">\n<h3 class=\"entry-title td-module-title\"><a href=\"https:\/\/r3media.ro\/ce-ne-facem-cu-atatia-prosti\/\" rel=\"bookmark\" title=\"Ce ne facem cu at\u00e2\u021bia pro\u0219ti?\">Ce ne facem cu at\u00e2\u021bia pro\u0219ti?<\/a><\/h3>\n<div class=\"td-module-meta-info\"><span class=\"td-post-date\"><time class=\"entry-date updated td-module-date\" datetime=\"2026-07-12T14:11:45+03:00\">12\/07\/2026<\/time><\/span><\/div>\n<\/div>\n<\/div>\n<\/div>\n<div class=\"td-block-span12\">\n<div class=\"td_module_6 td_module_wrap td-animation-stack\">\n<div class=\"td-module-thumb\"><a href=\"https:\/\/r3media.ro\/guvernul-sanchez-demoleaza-monumentul-de-la-majadahonda-ion-mota-vasile-marin-lupta-rzaboiul-civil-spaniol-comunisti\/\" rel=\"bookmark\" class=\"td-image-wrap \" title=\"Guvernul Sanchez demoleaz\u0103 Monumentul de la Majadahonda, dedicat lui Ion Mo\u021ba \u0219i Vasile Marin, rom\u00e2nii care au luptat \u00eempotriva comuni\u0219tilor \u00een R\u0103zboiul Civil Spaniol\"><img loading=\"lazy\" decoding=\"async\" class=\"entry-thumb\" src=\"https:\/\/r3media.ro\/wp-content\/uploads\/2023\/07\/pedro-sanchez-e1690449856110-100x70.jpg\" alt title=\"Guvernul Sanchez demoleaz\u0103 Monumentul de la Majadahonda, dedicat lui Ion Mo\u021ba \u0219i Vasile Marin, rom\u00e2nii care au luptat \u00eempotriva comuni\u0219tilor \u00een R\u0103zboiul Civil Spaniol\" width=\"100\" height=\"70\"><\/a><\/div>\n<div class=\"item-details\">\n<h3 class=\"entry-title td-module-title\"><a href=\"https:\/\/r3media.ro\/guvernul-sanchez-demoleaza-monumentul-de-la-majadahonda-ion-mota-vasile-marin-lupta-rzaboiul-civil-spaniol-comunisti\/\" rel=\"bookmark\" title=\"Guvernul Sanchez demoleaz\u0103 Monumentul de la Majadahonda, dedicat lui Ion Mo\u021ba \u0219i Vasile Marin, rom\u00e2nii care au luptat \u00eempotriva comuni\u0219tilor \u00een R\u0103zboiul Civil Spaniol\">Guvernul Sanchez demoleaz\u0103 Monumentul de la Majadahonda, dedicat lui Ion Mo\u021ba&#8230;<\/a><\/h3>\n<div class=\"td-module-meta-info\"><span class=\"td-post-date\"><time class=\"entry-date updated td-module-date\" datetime=\"2026-07-12T01:11:49+03:00\">12\/07\/2026<\/time><\/span><\/div>\n<\/div>\n<\/div>\n<\/div>\n<div class=\"td-block-span12\">\n<div class=\"td_module_6 td_module_wrap td-animation-stack\">\n<div class=\"td-module-thumb\"><a href=\"https:\/\/r3media.ro\/sofer-surpriza-neplacuta-benzinarie-austria-oprit-apa-portbagaj\/\" rel=\"bookmark\" class=\"td-image-wrap \" title=\"Un \u0219ofer a avut parte de o surpriz\u0103 nepl\u0103cut\u0103 la benzin\u0103rie dup\u0103 ce a oprit un minut \u0219i 28 de secunde pentru a scoate o sticl\u0103 de ap\u0103 din portbagaj\"><img loading=\"lazy\" decoding=\"async\" class=\"entry-thumb\" src=\"https:\/\/r3media.ro\/wp-content\/uploads\/2026\/07\/benzinarie-100x70.jpg\" alt title=\"Un \u0219ofer a avut parte de o surpriz\u0103 nepl\u0103cut\u0103 la benzin\u0103rie dup\u0103 ce a oprit un minut \u0219i 28 de secunde pentru a scoate o sticl\u0103 de ap\u0103 din portbagaj\" width=\"100\" height=\"70\"><\/a><\/div>\n<div class=\"item-details\">\n<h3 class=\"entry-title td-module-title\"><a href=\"https:\/\/r3media.ro\/sofer-surpriza-neplacuta-benzinarie-austria-oprit-apa-portbagaj\/\" rel=\"bookmark\" title=\"Un \u0219ofer a avut parte de o surpriz\u0103 nepl\u0103cut\u0103 la benzin\u0103rie dup\u0103 ce a oprit un minut \u0219i 28 de secunde pentru a scoate o sticl\u0103 de ap\u0103 din portbagaj\">Un \u0219ofer a avut parte de o surpriz\u0103 nepl\u0103cut\u0103 la benzin\u0103rie&#8230;<\/a><\/h3>\n<div class=\"td-module-meta-info\"><span class=\"td-post-date\"><time class=\"entry-date updated td-module-date\" datetime=\"2026-07-11T13:00:01+03:00\">11\/07\/2026<\/time><\/span><\/div>\n<\/div>\n<\/div>\n<\/div>\n<div class=\"td-block-span12\">\n<div class=\"td_module_6 td_module_wrap td-animation-stack\">\n<div class=\"td-module-thumb\"><a href=\"https:\/\/r3media.ro\/ministerul-apararii-nationale-detectare-tinte-aeriene-granita-ucraina\/\" rel=\"bookmark\" class=\"td-image-wrap \" title=\"Ministerul Ap\u0103r\u0103rii Na\u021bionale e detectat \u021binte aeriene la grani\u021ba cu Ucraina\"><img loading=\"lazy\" decoding=\"async\" class=\"entry-thumb\" src=\"https:\/\/r3media.ro\/wp-content\/uploads\/2023\/09\/drone-1-100x70.webp\" alt title=\"Ministerul Ap\u0103r\u0103rii Na\u021bionale e detectat \u021binte aeriene la grani\u021ba cu Ucraina\" width=\"100\" height=\"70\"><\/a><\/div>\n<div class=\"item-details\">\n<h3 class=\"entry-title td-module-title\"><a href=\"https:\/\/r3media.ro\/ministerul-apararii-nationale-detectare-tinte-aeriene-granita-ucraina\/\" rel=\"bookmark\" title=\"Ministerul Ap\u0103r\u0103rii Na\u021bionale e detectat \u021binte aeriene la grani\u021ba cu Ucraina\">Ministerul Ap\u0103r\u0103rii Na\u021bionale e detectat \u021binte aeriene la grani\u021ba cu Ucraina<\/a><\/h3>\n<div class=\"td-module-meta-info\"><span class=\"td-post-date\"><time class=\"entry-date updated td-module-date\" datetime=\"2026-07-11T11:50:15+03:00\">11\/07\/2026<\/time><\/span><\/div>\n<\/div>\n<\/div>\n<\/div>\n<\/div>\n<\/div>\n<aside class=\"td_block_template_1 widget widget_recent_comments\">\n<h4 class=\"block-title\"><span>INTR\u0102 \u00ceN DISCU\u021aIE!<\/span><\/h4>\n<ul id=\"recentcomments\">\n<li class=\"recentcomments\"><span class=\"comment-author-link\">Eu<\/span> la <a href=\"https:\/\/r3media.ro\/guvernul-sanchez-demoleaza-monumentul-de-la-majadahonda-ion-mota-vasile-marin-lupta-rzaboiul-civil-spaniol-comunisti\/#comment-40267\">Guvernul Sanchez demoleaz\u0103 Monumentul de la Majadahonda, dedicat lui Ion Mo\u021ba \u0219i Vasile Marin, rom\u00e2nii care au luptat \u00eempotriva comuni\u0219tilor \u00een R\u0103zboiul Civil Spaniol<\/a><\/li>\n<li class=\"recentcomments\"><span class=\"comment-author-link\">Constantin<\/span> la <a href=\"https:\/\/r3media.ro\/guvernul-sanchez-demoleaza-monumentul-de-la-majadahonda-ion-mota-vasile-marin-lupta-rzaboiul-civil-spaniol-comunisti\/#comment-40266\">Guvernul Sanchez demoleaz\u0103 Monumentul de la Majadahonda, dedicat lui Ion Mo\u021ba \u0219i Vasile Marin, rom\u00e2nii care au luptat \u00eempotriva comuni\u0219tilor \u00een R\u0103zboiul Civil Spaniol<\/a><\/li>\n<li class=\"recentcomments\"><span class=\"comment-author-link\">Redac\u021bia<\/span> la <a href=\"https:\/\/r3media.ro\/ins-migratia-internationala-a-reusit-sa-stabilizeze-populatia-rezidenta-a-romaniei\/#comment-40264\">Pre\u0219edintele Institutului Na\u021bional de Statistic\u0103 (INS): Migra\u021bia interna\u021bional\u0103 a reu\u0219it s\u0103 stabilizeze popula\u021bia rezident\u0103 a Rom\u00e2niei<\/a><\/li>\n<li class=\"recentcomments\"><span class=\"comment-author-link\">Redac\u021bia<\/span> la <a href=\"https:\/\/r3media.ro\/ins-migratia-internationala-a-reusit-sa-stabilizeze-populatia-rezidenta-a-romaniei\/#comment-40263\">Pre\u0219edintele Institutului Na\u021bional de Statistic\u0103 (INS): Migra\u021bia interna\u021bional\u0103 a reu\u0219it s\u0103 stabilizeze popula\u021bia rezident\u0103 a Rom\u00e2niei<\/a><\/li>\n<li class=\"recentcomments\"><span class=\"comment-author-link\">anonim<\/span> la <a href=\"https:\/\/r3media.ro\/guvernul-sanchez-demoleaza-monumentul-de-la-majadahonda-ion-mota-vasile-marin-lupta-rzaboiul-civil-spaniol-comunisti\/#comment-40262\">Guvernul Sanchez demoleaz\u0103 Monumentul de la Majadahonda, dedicat lui Ion Mo\u021ba \u0219i Vasile Marin, rom\u00e2nii care au luptat \u00eempotriva comuni\u0219tilor \u00een R\u0103zboiul Civil Spaniol<\/a><\/li>\n<li class=\"recentcomments\"><span class=\"comment-author-link\">Huhu<\/span> la <a href=\"https:\/\/r3media.ro\/sofer-surpriza-neplacuta-benzinarie-austria-oprit-apa-portbagaj\/#comment-40261\">Un \u0219ofer a avut parte de o surpriz\u0103 nepl\u0103cut\u0103 la benzin\u0103rie dup\u0103 ce a oprit un minut \u0219i 28 de secunde pentru a scoate o sticl\u0103 de ap\u0103 din portbagaj<\/a><\/li>\n<li class=\"recentcomments\"><span class=\"comment-author-link\">Gulagu&#8217;<\/span> la <a href=\"https:\/\/r3media.ro\/ins-migratia-internationala-a-reusit-sa-stabilizeze-populatia-rezidenta-a-romaniei\/#comment-40260\">Pre\u0219edintele Institutului Na\u021bional de Statistic\u0103 (INS): Migra\u021bia interna\u021bional\u0103 a reu\u0219it s\u0103 stabilizeze popula\u021bia rezident\u0103 a Rom\u00e2niei<\/a><\/li>\n<\/ul>\n<\/aside>\n<aside class=\"td_block_template_1 widget widget_search\">\n<h4 class=\"block-title\"><span>CAUT\u0102 \u0218I VEI G\u0102SI<\/span><\/h4>\n<\/aside>\n<\/div>\n<\/div>\n<\/div>\n<\/div>\n<\/div>\n<\/div>\n<\/div>\n<p><span class=\"td-page-meta\"><\/span><span class=\"td-page-meta\"><span class=\"td-page-meta\"><\/span><\/span><span class=\"td-page-meta\"><\/span><\/article>\n<\/p>\n<div class=\"td_block_wrap tdb_single_content tdi_18 td-pb-border-top td_block_template_1 td-post-content tagdiv-type\" data-td-block-uid=\"tdi_18\">\n<div class=\"tdb-block-inner td-fix-index\">\n<p><strong>Acuzat de opozi\u021bie c\u0103 ar fi trimis \u00een secret Kievului rachete interceptoare esen\u021biale pentru ap\u0103rarea aerian\u0103 a \u021b\u0103rii, ministrul polonez al Ap\u0103r\u0103rii a dispus desecretizarea tuturor dona\u021biilor de armament f\u0103cute Ucrainei \u00eentre 2022 \u0219i 2026 \u0219i a cerut contrainforma\u021biilor militare s\u0103 afle cine a scurs informa\u021biile.<\/strong><\/p>\n<p>Scandalul politic declan\u0219at \u00een <a href=\"https:\/\/r3media.ro\/polonia-nu-mai-cedeaza-ucrainei-ultimele-sale-avioane-mig-29\/\" target=\"_blank\" rel=\"noopener\">Polonia<\/a> de presupusul transfer secret de rachete interceptoare pentru sistemele americane Patriot c\u0103tre Ucraina continu\u0103 s\u0103 produc\u0103 unde de \u0219oc la Var\u0219ovia, relateaz\u0103 publica\u021bia <a href=\"https:\/\/strana.today\/news\/508408-oppozitsija-v-polshe-obvinila-pravitelstvo-v-skrytykh-postavkakh-vooruzhenij-kievu.html\" target=\"_blank\" rel=\"noopener\">Strana<\/a>.<\/p>\n<p>Controversa a pornit dup\u0103 ce Krzysztof Bosak, vicepre\u0219edinte al Sejmului \u0219i copre\u0219edinte al partidului de extrem\u0103 dreapta Confedera\u021bia, a afirmat c\u0103 guvernul ar fi transferat \u00een secret, \u00een luna martie, rachete interceptoare PAC-3 c\u0103tre Kiev \u2014 muni\u021bii considerate esen\u021biale pentru ap\u0103rarea antibalistic\u0103 a Poloniei. Acuza\u021biile au fost preluate rapid de Lege \u0219i Justi\u021bie (PiS), aflat \u00een opozi\u021bie.<\/p>\n<p>Fostul ministru al Ap\u0103r\u0103rii, Mariusz B\u0142aszczak, a cerut guvernului explica\u021bii urgente, argument\u00e2nd c\u0103 rachetele Patriot sunt un element-cheie al scutului aerian polonez.<\/p>\n<h2>R\u0103spunsul guvernului: declasificare total\u0103<\/h2>\n<p>Ministrul Ap\u0103r\u0103rii, W\u0142adys\u0142aw Kosiniak-Kamysz, a respins acuza\u021biile \u0219i a anun\u021bat c\u0103, \u00een urma consult\u0103rilor cu premierul Donald Tusk, a dispus declasificarea informa\u021biilor privind \u00eentregul ajutor militar acordat de Polonia Ucrainei \u00een perioada 2022\u20132026, potrivit Strana.<\/p>\n<p>\u201eDup\u0103 consultarea cu premierul Donald Tusk, ac\u021bion\u00e2nd cu responsabilitate fa\u021b\u0103 de opinia public\u0103 \u0219i \u00een conformitate cu legea, am dispus declasificarea tuturor dona\u021biilor pentru Ucraina din anii 2022\u20132026\u201d, a scris ministrul pe platforma X.<\/p>\n<p>Potrivit \u0219efului Ministerului Ap\u0103r\u0103rii, livr\u0103rile de armament c\u0103tre for\u021bele ucrainene au \u00eenceput sub guvernul anterior al PiS, c\u00e2nd portofoliul Ap\u0103r\u0103rii era de\u021binut chiar de Mariusz B\u0142aszczak. Kosiniak-Kamysz a subliniat c\u0103 fiecare transfer a fost comunicat \u0219efului statului \u2014 mai \u00eent\u00e2i lui Andrzej Duda, iar \u00een prezent lui Karol Nawrocki.<\/p>\n<h2>Ancheta contrainforma\u021biilor<\/h2>\n<p>\u00cen paralel, ministrul a dat instruc\u021biuni Serviciului de Contrainforma\u021bii Militare (SKW) s\u0103 stabileasc\u0103 cine a \u00eencercat s\u0103 dezv\u0103luie \u00een mod deliberat secrete de stat \u2014 m\u0103sur\u0103 semnalat\u0103 tot de Strana.<\/p>\n<p>\u201eNe afl\u0103m \u00een condi\u021bii de r\u0103zboi \u00een apropierea frontierei noastre, iar orice ac\u021biune \u00eempotriva interesului na\u021bional al Poloniei pune \u00een pericol securitatea cet\u0103\u021benilor polonezi\u201d, a avertizat Kosiniak-Kamysz.<\/p>\n<h2>Tab\u0103ra preziden\u021bial\u0103 contraatac\u0103<\/h2>\n<p>Marcin Przydacz, \u0219eful Biroului de Politici Interna\u021bionale al Cancelariei preziden\u021biale, sus\u021bine c\u0103 Var\u0219ovia \u0219i-ar fi cedat locul pe lista de livr\u0103ri americane \u00een favoarea Kievului:<\/p>\n<p>\u201eAm continuat s\u0103 fim \u00een fruntea cozii, cu ucrainenii \u00een spatele nostru, iar guvernul \u0219i-a cedat locul Ucrainei, rezultatul fiind c\u0103 Polonia a trebuit s\u0103 a\u0219tepte mai mult\u201d, a declarat acesta.<\/p>\n<p>\u00centr-un interviu acordat postului TVN24 \u0219i relatat de <a href=\"https:\/\/www.pravda.com.ua\/eng\/news\/2026\/07\/10\/8043349\/\" target=\"_blank\" rel=\"noopener\">Ukrainska Pravda<\/a>, Kosiniak-Kamysz a ap\u0103rat ferm decizia, calific\u00e2nd drept iresponsabile criticile venite din anturajul preziden\u021bial.<\/p>\n<p>Ministrul a sus\u021binut c\u0103 sprijinul militar pentru Ucraina este \u00een interesul na\u021bional al Poloniei \u0219i a afirmat c\u0103 ar prefera ca rachetele poloneze Patriot s\u0103 intercepteze rachete ruse\u0219ti deasupra Kievului dec\u00e2t deasupra Var\u0219oviei.<\/p>\n<p>Tot Ukrainska Pravda relateaz\u0103 c\u0103 Przydacz afirmase, pe 9 iulie, c\u0103 ministrul adjunct al Ap\u0103r\u0103rii, Cezary Tomczyk, ar fi jucat un rol-cheie \u00een decizia de transfer.<\/p>\n<h2>Contextul<\/h2>\n<p>Disputa a izbucnit dup\u0103 ce pre\u0219edintele ucrainean Volodimir Zelenski a avertizat c\u0103 \u021bara sa r\u0103m\u00e2ne f\u0103r\u0103 rachete Patriot, singurele capabile s\u0103 intercepteze rachetele balistice ruse\u0219ti, pe fondul presiunii asupra stocurilor occidentale generate de conflictul din Orientul Mijlociu.<\/p>\n<p>\u00cen martie, ministrul german al Ap\u0103r\u0103rii, Boris Pistorius, a \u00eencercat s\u0103 mobilizeze \u00eempreun\u0103 cu alte state europene peste 30 de rachete Patriot pentru Ucraina, iar la reuniunea Grupului de Contact pentru Ap\u0103rarea Ucrainei de la Ramstein, din aprilie, partea ucrainean\u0103 a mul\u021bumit Germaniei, Olandei, Spaniei \u0219i Poloniei pentru livr\u0103rile suplimentare.<\/p>\n<p>Tensiunile survin \u00eentr-un moment delicat pentru rela\u021bia Var\u0219ovia\u2013Kiev, marcat\u0103 \u0219i de dispute pe teme istorice.<\/p>\n<p>Anterior, premierul Donald Tusk f\u0103cuse apel la pruden\u021b\u0103 \u00een exprimarea sprijinului pentru Ucraina \u00een cadrul summitului NATO, informa\u021bie relatat\u0103 de Strana.<\/p>\n<div class=\"crp_related     crp-masonry\">\n<h2>\u00ceN CONTEXT<\/h2>\n<ul>\n<li><a href=\"https:\/\/r3media.ro\/polonia-nu-mai-cedeaza-ucrainei-ultimele-sale-avioane-mig-29\/\" class=\"crp_link post-119243\"><span class=\"crp_title\">Polonia nu mai cedeaz\u0103 Ucrainei ultimele sale avioane MiG-29<\/span><\/a><\/li>\n<li><a href=\"https:\/\/r3media.ro\/owen-matthews-the-spectator-ucrainenii-si-au-pierdut-increderea-in-zelenski\/\" class=\"crp_link post-111839\"><span class=\"crp_title\">Owen Matthews, The Spectator: Ucrainenii \u0219i-au pierdut \u00eencrederea \u00een Zelenski<\/span><\/a><\/li>\n<li><a href=\"https:\/\/r3media.ro\/polonia-critici-dure-zelenski-grupari-masacru-lech-walesa\/\" class=\"crp_link post-117415\"><span class=\"crp_title\">Polonia \u00eel critic\u0103 dur pe Zelenski pentru onorarea unei grup\u0103ri acuzate c\u0103 a masacrat\u2026<\/span><\/a><\/li>\n<li><a href=\"https:\/\/r3media.ro\/polonezi-nemti-exasperati-beneficii-refugiati-ucraineni-ajutor-acordat-ucraina-tari-sprijin-kiev\/\" class=\"crp_link post-113757\"><span class=\"crp_title\">Polonezii \u0219i nem\u021bii sunt tot mai exaspera\u021bi de beneficiile pentru refugia\u021bii ucraineni \u0219i\u2026<\/span><\/a><\/li>\n<li><a href=\"https:\/\/r3media.ro\/romania-ar-trebui-sa-sustina-planul-trump-de-pace-pentru-ucraina\/\" class=\"crp_link post-114245\"><span class=\"crp_title\">Rom\u00e2nia ar trebui s\u0103 sus\u021bin\u0103 \u201eplanul Trump\u201d de pace pentru Ucraina<\/span><\/a><\/li>\n<li><a href=\"https:\/\/r3media.ro\/guvernul-tusk-bani-spitale-polonia-ucraina-polonezi-romani-fonduri-kiev\/\" class=\"crp_link post-114222\"><span class=\"crp_title\">Guvernul Tusk nu mai are bani pentru spitalele din Polonia, dar are pentru Ucraina.\u2026<\/span><\/a><\/li>\n<li><a href=\"https:\/\/r3media.ro\/discurs-fulminant-presedinte-polonia-karol-nawrocki-unitate-suveranitate-respingere-adoptare-moneda-euro-ue\/\" class=\"crp_link post-112181\"><span class=\"crp_title\">Discurs fulminant al noului pre\u0219edinte al Poloniei | Karol Nawrocki a promis unitate,\u2026<\/span><\/a><\/li>\n<li><a href=\"https:\/\/r3media.ro\/discursul-integral-al-premierului-ungariei-viktor-orban-de-la-baile-tusnad-bugetul-ue-este-un-buget-de-razboi-sper-sa-avem-o-alianta-pentru-pace-cu-romanii\/\" class=\"crp_link post-111993\"><span class=\"crp_title\">Discursul INTEGRAL al premierului Ungariei, Viktor Orban, de la B\u0103ile Tu\u0219nad: Bugetul UE\u2026<\/span><\/a><\/li>\n<\/ul>\n<\/div>\n<\/div>\n<\/div>\n<p>[analyse_source url=&#8221;https:\/\/r3media.ro\/scandalul-rachetelor-patriot-zguduie-polonia-varsovia-declasifica-tot-ajutorul-militar-acordat-ucrainei\/&#8221;]<\/p>\n","protected":false},"excerpt":{"rendered":"<p>[analyse_image type=&#8221;featured&#8221; src=&#8221;https:\/\/r3media.ro\/wp-content\/uploads\/2026\/06\/nawrocki-zelenski-polonia-ucraina-e1781965607666.jpghttps:\/\/r3media.ro\/wp-content\/uploads\/2026\/06\/nawrocki-zelenski-polonia-ucraina-e1781965607666.jpg&#8221;] PRIM PLANScandalul rachetelor Patriot zguduie Polonia: Var\u0219ovia declasific\u0103 tot ajutorul militar acordat Ucrainei PRIM PLAN\u0218TIRI Scandalul rachetelor Patriot zguduie Polonia: Var\u0219ovia declasific\u0103 tot ajutorul militar acordat Ucrainei Radu Ursan 12\/07\/2026 Sursa foto: Colaj Acuzat de opozi\u021bie c\u0103 ar fi trimis \u00een secret Kievului rachete interceptoare esen\u021biale pentru ap\u0103rarea aerian\u0103 a \u021b\u0103rii, ministrul [&hellip;]<\/p>\n","protected":false},"author":1,"featured_media":0,"comment_status":"open","ping_status":"","sticky":false,"template":"","format":"standard","meta":{"footnotes":""},"categories":[89],"tags":[226,93],"class_list":["post-2039935","post","type-post","status-publish","format-standard","hentry","category-romania","tag-crawlmanager","tag-r3media-ro"],"_links":{"self":[{"href":"https:\/\/analyse.optim.biz\/index.php?rest_route=\/wp\/v2\/posts\/2039935","targetHints":{"allow":["GET"]}}],"collection":[{"href":"https:\/\/analyse.optim.biz\/index.php?rest_route=\/wp\/v2\/posts"}],"about":[{"href":"https:\/\/analyse.optim.biz\/index.php?rest_route=\/wp\/v2\/types\/post"}],"author":[{"embeddable":true,"href":"https:\/\/analyse.optim.biz\/index.php?rest_route=\/wp\/v2\/users\/1"}],"replies":[{"embeddable":true,"href":"https:\/\/analyse.optim.biz\/index.php?rest_route=%2Fwp%2Fv2%2Fcomments&post=2039935"}],"version-history":[{"count":0,"href":"https:\/\/analyse.optim.biz\/index.php?rest_route=\/wp\/v2\/posts\/2039935\/revisions"}],"wp:attachment":[{"href":"https:\/\/analyse.optim.biz\/index.php?rest_route=%2Fwp%2Fv2%2Fmedia&parent=2039935"}],"wp:term":[{"taxonomy":"category","embeddable":true,"href":"https:\/\/analyse.optim.biz\/index.php?rest_route=%2Fwp%2Fv2%2Fcategories&post=2039935"},{"taxonomy":"post_tag","embeddable":true,"href":"https:\/\/analyse.optim.biz\/index.php?rest_route=%2Fwp%2Fv2%2Ftags&post=2039935"}],"curies":[{"name":"wp","href":"https:\/\/api.w.org\/{rel}","templated":true}]}}