{"id":2039933,"date":"2026-07-12T17:22:23","date_gmt":"2026-07-12T14:22:23","guid":{"rendered":"https:\/\/analyse.optim.biz\/?p=2039933"},"modified":"2026-07-12T17:22:23","modified_gmt":"2026-07-12T14:22:23","slug":"senatorul-american-lindsey-graham-a-murit-la-71-de-ani-dupa-o-boala-scurta-si-brusca","status":"publish","type":"post","link":"https:\/\/analyse.optim.biz\/?p=2039933","title":{"rendered":"Senatorul american Lindsey Graham a murit la 71 de ani, dup\u0103 o \u201eboal\u0103 scurt\u0103 \u0219i brusc\u0103\u201d"},"content":{"rendered":"<p>[analyse_image type=&#8221;featured&#8221; src=&#8221;https:\/\/r3media.ro\/wp-content\/uploads\/2024\/04\/graham-zelenski-e1713868446432.jpeghttps:\/\/r3media.ro\/wp-content\/uploads\/2024\/04\/graham-zelenski-e1713868446432.jpeg&#8221;]<\/p>\n<article id=\"template-id-109\" class=\"post-109 tdb_templates type-tdb_templates status-publish post\">\n<div id=\"tdi_2\" class=\"tdc-zone\">\n<div class=\"tdc_zone tdi_3  wpb_row td-pb-row\">\n<div id=\"tdi_4\" class=\"tdc-row\">\n<div class=\"vc_row tdi_5  wpb_row td-pb-row\">\n<div class=\"vc_column tdi_7  wpb_column vc_column_container tdc-column td-pb-span8\">\n<div class=\"wpb_wrapper\">\n<div class=\"td_block_wrap tdb_breadcrumbs tdi_8 td-pb-border-top td_block_template_1 tdb-breadcrumbs \" data-td-block-uid=\"tdi_8\">\n<div class=\"tdb-block-inner td-fix-index\"><span><a title=\"Vede\u021bi toate articolele \u00een FEATURED\" class=\"tdb-entry-crumb\" href=\"https:\/\/r3media.ro\/category\/featured\/\">FEATURED<\/a><\/span><span class=\"tdb-bred-no-url-last\">Senatorul american Lindsey Graham a murit la 71 de ani, dup\u0103 o&#8230;<\/span><\/div>\n<\/div>\n<div class=\"td_block_wrap tdb_single_categories tdi_9 td-pb-border-top td_block_template_1 \" data-td-block-uid=\"tdi_9\">\n<div class=\"tdb-category td-fix-index\"><a class=\"tdb-entry-category\" href=\"https:\/\/r3media.ro\/category\/featured\/\">FEATURED<\/a><a class=\"tdb-entry-category\" href=\"https:\/\/r3media.ro\/category\/stiri\/\">\u0218TIRI<\/a><\/div>\n<\/div>\n<div class=\"td_block_wrap tdb_title tdi_10 tdb-single-title td-pb-border-top td_block_template_1\" data-td-block-uid=\"tdi_10\">\n<div class=\"tdb-block-inner td-fix-index\">\n<h1 class=\"tdb-title-text\">Senatorul american Lindsey Graham a murit la 71 de ani, dup\u0103 o \u201eboal\u0103 scurt\u0103 \u0219i brusc\u0103\u201d<\/h1>\n<\/div>\n<\/div>\n<div class=\"vc_row_inner tdi_12  vc_row vc_inner wpb_row td-pb-row\">\n<div class=\"vc_column_inner tdi_14  wpb_column vc_column_container tdc-inner-column td-pb-span12\">\n<div class=\"vc_column-inner\">\n<div class=\"wpb_wrapper\">\n<div class=\"td_block_wrap tdb_single_author tdi_15 td-pb-border-top td_block_template_1 tdb-post-meta\" data-td-block-uid=\"tdi_15\">\n<div class=\"tdb-block-inner td-fix-index\">\n<div class=\"tdb-author-name-wrap\"><a class=\"tdb-author-name\" href=\"https:\/\/r3media.ro\/author\/radu_ursan\/\">Radu Ursan<\/a><\/div>\n<\/div>\n<\/div>\n<div class=\"td_block_wrap tdb_single_date tdi_16 td-pb-border-top td_block_template_1 tdb-post-meta\" data-td-block-uid=\"tdi_16\">\n<div class=\"tdb-block-inner td-fix-index\"><time class=\"entry-date updated td-module-date\" datetime=\"2026-07-12T20:22:23+03:00\">12\/07\/2026<\/time><\/div>\n<\/div>\n<\/div>\n<\/div>\n<\/div>\n<\/div>\n<div class=\"td_block_wrap tdb_single_featured_image tdi_17 tdb-content-horiz-left td-pb-border-top td_block_template_1\" data-td-block-uid=\"tdi_17\">\n<div class=\"tdb-block-inner td-fix-index\">\n<figure><figcaption class=\"tdb-caption-text\">Sursa foto: president.gov.ua<\/figcaption><\/figure>\n<\/div>\n<\/div>\n<div class=\"td_block_wrap tdb_single_content tdi_18 td-pb-border-top td_block_template_1 td-post-content tagdiv-type\" data-td-block-uid=\"tdi_18\">\n<div class=\"tdb-block-inner td-fix-index\">\n<p><strong>Politicianul republican, unul dintre cei mai apropia\u021bi alia\u021bi ai lui Donald Trump \u0219i un sus\u021bin\u0103tor constant al Ucrainei, s-a stins s\u00e2mb\u0103t\u0103 sear\u0103, la mai pu\u021bin de 24 de ore dup\u0103 o vizit\u0103 la Kiev, unde se \u00eent\u00e2lnise cu Volodimir Zelenski.<\/strong><\/p>\n<p>Senatorul american Lindsey Graham a \u00eencetat din via\u021b\u0103 s\u00e2mb\u0103t\u0103 sear\u0103, 11 iulie, la v\u00e2rsta de 71 de ani, \u00een urma unei \u201eboli scurte \u0219i bru\u0219te\u201d, a anun\u021bat biroul s\u0103u \u00eentr-un comunicat.<\/p>\n<p>\u201e\u00cen seara zilei de s\u00e2mb\u0103t\u0103, 11 iulie, senatorul american Lindsey Graham a trecut \u00een nefiin\u021b\u0103 din cauza unei boli scurte \u0219i bru\u0219te\u201d, se arat\u0103 \u00een comunicat.<\/p>\n<p>\u201eFamilia senatorului Graham apreciaz\u0103 rug\u0103ciunile \u00een aceste momente \u0219i solicit\u0103 s\u0103 \u00eei fie respectat\u0103 intimitatea \u00een aceast\u0103 perioad\u0103 incredibil de dificil\u0103.\u201d<\/p>\n<p>Alte detalii despre circumstan\u021bele decesului nu au fost f\u0103cute publice imediat. \u00cenregistrarea unui apel de urgen\u021b\u0103 efectuat s\u00e2mb\u0103t\u0103 sear\u0103 c\u0103tre o re\u0219edin\u021b\u0103 a senatorului men\u021bioneaz\u0103 \u00eens\u0103 o interven\u021bie pentru stop cardiac.<\/p>\n<h2>Ultima apari\u021bie public\u0103, la Kiev<\/h2>\n<p>Cu doar o zi \u00eenainte de deces, vineri, Graham se afla \u00eentr-o vizit\u0103 oficial\u0103 \u00een Ucraina, unde s-a \u00eent\u00e2lnit cu pre\u0219edintele Volodimir Zelenski. Senatorul urma s\u0103 fie invitat duminic\u0103 \u00een emisiunea \u201eMeet the Press\u201d de la NBC News, potrivit postului american de televiziune.<\/p>\n<p>Pre\u0219edintele Donald Trump i-a adus un omagiu \u00eentr-o postare pe re\u021beaua Truth Social:<\/p>\n<p>\u201eSenatorul Lindsey Graham, unul dintre cei mai mari oameni \u0219i senatori pe care i-am cunoscut vreodat\u0103, a murit! A fost mereu activ \u0219i a fost un adev\u0103rat patriot american. Lindsey ne va lipsi extrem de mult!!!\u201d<\/p>\n<p>Pre\u0219edintele Israelului, Isaac Herzog, s-a declarat \u201e\u0219ocat \u0219i profund \u00eendurerat la aflarea ve\u0219tii despre trecerea brusc\u0103 \u00een nefiin\u021b\u0103 a marelui patriot american, un mare prieten al Israelului \u0219i prietenul meu drag\u201d.<\/p>\n<h2>Trei decenii \u00een politica american\u0103<\/h2>\n<p>N\u0103scut pe 9 iulie 1955, \u00een localitatea Central, statul South Carolina, Graham a absolvit Universitatea din South Carolina, unde a ob\u021binut \u0219i o diplom\u0103 \u00een drept.<\/p>\n<p>Dup\u0103 o perioad\u0103 petrecut\u0103 \u00een armat\u0103 \u0219i c\u00e2\u021biva ani de practic\u0103 privat\u0103 \u00een avocatur\u0103, a activat un mandat \u00een Camera Reprezentan\u021bilor din South Carolina, iar doi ani mai t\u00e2rziu a fost ales \u00een Camera Reprezentan\u021bilor a SUA, ca reprezentant al Districtului Trei din South Carolina.<\/p>\n<p>\u00cen 2002 a candidat pentru locul din Senat ocupat anterior de Strom Thurmond, pe care l-a c\u00e2\u0219tigat, urm\u00e2nd s\u0103 ob\u021bin\u0103 apoi dou\u0103 mandate de reelectare, \u00een 2008 \u0219i 2014, la diferen\u021be mari de voturi.<\/p>\n<p>Chiar \u0219i \u00een 2014, c\u00e2nd grupuri conservatoare l-au amenin\u021bat cu o contracandidatur\u0103 la alegerile primare din cauza rolului s\u0103u \u00een dezbaterea privind imigra\u021bia din 2013, niciun contracandidat serios nu s-a impus \u00een tab\u0103ra republican\u0103.<\/p>\n<p>\u00cen 2016 a candidat pentru nominalizarea republican\u0103 la alegerile preziden\u021biale, dar s-a retras \u00eenainte de alegerile primare.<\/p>\n<h2>\u201eUliul\u201d politicii externe americane<\/h2>\n<p>Graham a fost un adept vocal al unei politici externe dure, \u00eempotriva Rusiei \u0219i a Iranului.<\/p>\n<p>La \u00eenceputul acestei luni s-a pozi\u021bionat ferm \u00eempotriva liniilor ini\u021biale ale memorandumului de \u00een\u021belegere semnat de pre\u0219edintele Trump cu Teheranul.<\/p>\n<p>De\u0219i ini\u021bial a fost un critic al lui Donald Trump \u0219i al mi\u0219c\u0103rii conservatoare Tea Party, aflat\u0103 atunci \u00een plin\u0103 ascensiune, Graham a devenit ulterior unul dintre cei mai apropia\u021bi alia\u021bi \u0219i ap\u0103r\u0103tori ai pre\u0219edintelui.<\/p>\n<div class=\"crp_related     crp-masonry\">\n<h2>\u00ceN CONTEXT<\/h2>\n<ul>\n<li><a href=\"https:\/\/r3media.ro\/discursul-integral-al-premierului-ungariei-viktor-orban-de-la-baile-tusnad-bugetul-ue-este-un-buget-de-razboi-sper-sa-avem-o-alianta-pentru-pace-cu-romanii\/\" class=\"crp_link post-111993\"><span class=\"crp_title\">Discursul INTEGRAL al premierului Ungariei, Viktor Orban, de la B\u0103ile Tu\u0219nad: Bugetul UE\u2026<\/span><\/a><\/li>\n<li><a href=\"https:\/\/r3media.ro\/titus-corlatean-sua-mic-dejun-cu-rugaciune-decidenti-europeni-inclusiv-bucuresti-adaptare-schimbare-profunda-presedinte-romania-donald-trump\/\" class=\"crp_link post-115054\"><span class=\"crp_title\">Titus Corl\u0103\u021bean a trebuit s\u0103 mearg\u0103 \u00een SUA ca s\u0103 \u00een\u021beleag\u0103 despre ce este vorba: Cei mai\u2026<\/span><\/a><\/li>\n<li><a href=\"https:\/\/r3media.ro\/de-la-nord-stream-la-groenlanda-europa-fata-cu-optiunile-strategice\/\" class=\"crp_link post-114894\"><span class=\"crp_title\">De la Nord Stream la Groenlanda. Europa fa\u021b\u0103 cu op\u021biunile strategice<\/span><\/a><\/li>\n<li><a href=\"https:\/\/r3media.ro\/owen-matthews-the-spectator-ucrainenii-si-au-pierdut-increderea-in-zelenski\/\" class=\"crp_link post-111839\"><span class=\"crp_title\">Owen Matthews, The Spectator: Ucrainenii \u0219i-au pierdut \u00eencrederea \u00een Zelenski<\/span><\/a><\/li>\n<li><a href=\"https:\/\/r3media.ro\/avem-dovezile-trump-e-nebun\/\" class=\"crp_link post-115486\"><span class=\"crp_title\">Avem dovezile: Trump e nebun!<\/span><\/a><\/li>\n<li><a href=\"https:\/\/r3media.ro\/romania-ar-trebui-sa-sustina-planul-trump-de-pace-pentru-ucraina\/\" class=\"crp_link post-114245\"><span class=\"crp_title\">Rom\u00e2nia ar trebui s\u0103 sus\u021bin\u0103 \u201eplanul Trump\u201d de pace pentru Ucraina<\/span><\/a><\/li>\n<li><a href=\"https:\/\/r3media.ro\/sua-cenzura-in-numele-libertatii-de-exprimare-emisiunea-lui-jimmy-kimmel-scoasa-de-pe-post-in-urma-comentariilor-ofensatoare-fata-de-trump-dupa-moartea-lui-charlie-kirk\/\" class=\"crp_link post-113183\"><span class=\"crp_title\">SUA: Cenzur\u0103 \u00een numele libert\u0103\u021bii de exprimare? Emisiunea lui Jimmy Kimmel, scoas\u0103 de pe\u2026<\/span><\/a><\/li>\n<li><a href=\"https:\/\/r3media.ro\/vicepresedinte-bundestag-omid-nouripour-ursula-von-der-leyen-data-afara-trump-intalnire-casa-alba-informatie-falsa\/\" class=\"crp_link post-112528\"><span class=\"crp_title\">Vicepre\u0219edintele Bundestagului a precizat c\u0103 Ursula von der Leyen ar fi fost umilit\u0103 de\u2026<\/span><\/a><\/li>\n<\/ul>\n<\/div>\n<\/div>\n<\/div>\n<div class=\"td_block_wrap tdb_single_tags tdi_19 td-pb-border-top td_block_template_1\" data-td-block-uid=\"tdi_19\">\n<div class=\"tdb-block-inner td-fix-index\">\n<ul class=\"tdb-tags\">\n<li><span>SUBIECTE FIERBIN\u021aI<\/span><\/li>\n<li><a href=\"https:\/\/r3media.ro\/tag\/donald-trump\/\">donald trump<\/a><\/li>\n<li><a href=\"https:\/\/r3media.ro\/tag\/lindsay-graham\/\">lindsay graham<\/a><\/li>\n<li><a href=\"https:\/\/r3media.ro\/tag\/razboi-rusia-ucraina\/\">razboi rusia ucraina<\/a><\/li>\n<\/ul>\n<\/div>\n<\/div>\n<div class=\"td_block_wrap td_block_9 tdi_20 td_with_ajax_pagination td-pb-border-top td_block_template_1 td-column-2 td_block_padding td_block_bot_line\" data-td-block-uid=\"tdi_20\">\n<div class=\"td-block-title-wrap\">\n<h4 class=\"block-title td-block-title\"><span class=\"td-pulldown-size\">CITE\u0218TE MAI MULT<\/span><\/h4>\n<\/div>\n<div id=\"tdi_20\" class=\"td_block_inner\">\n<div class=\"td-block-row\">\n<div class=\"td-block-span6\">\n<div class=\"td_module_8 td_module_wrap\">\n<div class=\"item-details\">\n<h3 class=\"entry-title td-module-title\"><a href=\"https:\/\/r3media.ro\/o-femeie-mentalitate-femei-moderne-printese-disney\/\" rel=\"bookmark\" title=\"VIDEO | O femeie critic\u0103 mentalitatea femeii moderne care distruge rela\u021bia cu b\u0103rbatul s\u0103u: Suntem crescute \u00een ideea de prin\u021bese, dar nu suntem la Disney\">VIDEO | O femeie critic\u0103 mentalitatea femeii moderne care distruge rela\u021bia cu b\u0103rbatul s\u0103u:&#8230;<\/a><\/h3>\n<div class=\"td-module-meta-info\"><a href=\"https:\/\/r3media.ro\/category\/actualitate\/\" class=\"td-post-category\">ACTUALITATE<\/a><span class=\"td-post-author-name\"><a href=\"https:\/\/r3media.ro\/author\/teodor_stan\/\">Teodor Stan<\/a><span>&#8211;<\/span><\/span><span class=\"td-post-date\"><time class=\"entry-date updated td-module-date\" datetime=\"2026-07-10T12:47:58+03:00\">10\/07\/2026<\/time><\/span><\/div>\n<\/div>\n<\/div>\n<\/div>\n<div class=\"td-block-span6\">\n<div class=\"td_module_8 td_module_wrap\">\n<div class=\"item-details\">\n<h3 class=\"entry-title td-module-title\"><a href=\"https:\/\/r3media.ro\/sofer-surpriza-neplacuta-benzinarie-austria-oprit-apa-portbagaj\/\" rel=\"bookmark\" title=\"Un \u0219ofer a avut parte de o surpriz\u0103 nepl\u0103cut\u0103 la benzin\u0103rie dup\u0103 ce a oprit un minut \u0219i 28 de secunde pentru a scoate o sticl\u0103 de ap\u0103 din portbagaj\">Un \u0219ofer a avut parte de o surpriz\u0103 nepl\u0103cut\u0103 la benzin\u0103rie dup\u0103 ce a&#8230;<\/a><\/h3>\n<div class=\"td-module-meta-info\"><a href=\"https:\/\/r3media.ro\/category\/featured\/\" class=\"td-post-category\">FEATURED<\/a><span class=\"td-post-author-name\"><a href=\"https:\/\/r3media.ro\/author\/oana\/\">Oana Ivan<\/a><span>&#8211;<\/span><\/span><span class=\"td-post-date\"><time class=\"entry-date updated td-module-date\" datetime=\"2026-07-11T13:00:01+03:00\">11\/07\/2026<\/time><\/span><\/div>\n<\/div>\n<\/div>\n<\/div>\n<\/div>\n<div class=\"td-block-row\">\n<div class=\"td-block-span6\">\n<div class=\"td_module_8 td_module_wrap\">\n<div class=\"item-details\">\n<h3 class=\"entry-title td-module-title\"><a href=\"https:\/\/r3media.ro\/guvernul-sanchez-demoleaza-monumentul-de-la-majadahonda-ion-mota-vasile-marin-lupta-rzaboiul-civil-spaniol-comunisti\/\" rel=\"bookmark\" title=\"Guvernul Sanchez demoleaz\u0103 Monumentul de la Majadahonda, dedicat lui Ion Mo\u021ba \u0219i Vasile Marin, rom\u00e2nii care au luptat \u00eempotriva comuni\u0219tilor \u00een R\u0103zboiul Civil Spaniol\">Guvernul Sanchez demoleaz\u0103 Monumentul de la Majadahonda, dedicat lui Ion Mo\u021ba \u0219i Vasile Marin,&#8230;<\/a><\/h3>\n<div class=\"td-module-meta-info\"><a href=\"https:\/\/r3media.ro\/category\/featured\/\" class=\"td-post-category\">FEATURED<\/a><span class=\"td-post-author-name\"><a href=\"https:\/\/r3media.ro\/author\/oana\/\">Oana Ivan<\/a><span>&#8211;<\/span><\/span><span class=\"td-post-date\"><time class=\"entry-date updated td-module-date\" datetime=\"2026-07-12T01:11:49+03:00\">12\/07\/2026<\/time><\/span><\/div>\n<\/div>\n<\/div>\n<\/div>\n<div class=\"td-block-span6\">\n<div class=\"td_module_8 td_module_wrap\">\n<div class=\"item-details\">\n<h3 class=\"entry-title td-module-title\"><a href=\"https:\/\/r3media.ro\/cutremur-5-5-grade-scara-richter-resimtit-cehia-slovacia\/\" rel=\"bookmark\" title=\"Cutremur de 5.5 grade pe scara Richter. S-a resim\u021bit \u00een Cehia \u0219i Slovacia\">Cutremur de 5.5 grade pe scara Richter. S-a resim\u021bit \u00een Cehia \u0219i Slovacia<\/a><\/h3>\n<div class=\"td-module-meta-info\"><a href=\"https:\/\/r3media.ro\/category\/actualitate\/\" class=\"td-post-category\">ACTUALITATE<\/a><span class=\"td-post-author-name\"><a href=\"https:\/\/r3media.ro\/author\/oana\/\">Oana Ivan<\/a><span>&#8211;<\/span><\/span><span class=\"td-post-date\"><time class=\"entry-date updated td-module-date\" datetime=\"2026-07-09T20:48:24+03:00\">09\/07\/2026<\/time><\/span><\/div>\n<\/div>\n<\/div>\n<\/div>\n<\/div>\n<div class=\"td-block-row\">\n<div class=\"td-block-span6\">\n<div class=\"td_module_8 td_module_wrap\">\n<div class=\"item-details\">\n<h3 class=\"entry-title td-module-title\"><a href=\"https:\/\/r3media.ro\/presedintele-croatiei-interesele-poporului-ursula-von-der-leyen\/\" rel=\"bookmark\" title=\"Pre\u0219edintele Croa\u021biei spune c\u0103 este obligat s\u0103 apere interesele poporului s\u0103u, \u201enu s\u0103 urmez orbe\u0219te trenduri sau s\u0103 repet ca un papagal frazele care \u00eei plac Ursulei von der Leyen\u201d\">Pre\u0219edintele Croa\u021biei spune c\u0103 este obligat s\u0103 apere interesele poporului s\u0103u, \u201enu s\u0103 urmez&#8230;<\/a><\/h3>\n<div class=\"td-module-meta-info\"><a href=\"https:\/\/r3media.ro\/category\/actualitate\/\" class=\"td-post-category\">ACTUALITATE<\/a><span class=\"td-post-author-name\"><a href=\"https:\/\/r3media.ro\/author\/radu_ursan\/\">Radu Ursan<\/a><span>&#8211;<\/span><\/span><span class=\"td-post-date\"><time class=\"entry-date updated td-module-date\" datetime=\"2026-07-08T22:42:08+03:00\">08\/07\/2026<\/time><\/span><\/div>\n<\/div>\n<\/div>\n<\/div>\n<div class=\"td-block-span6\">\n<div class=\"td_module_8 td_module_wrap\">\n<div class=\"item-details\">\n<h3 class=\"entry-title td-module-title\"><a href=\"https:\/\/r3media.ro\/femeie-cumparat-automobil-electric-mana-a-doua-surpriza-plecat-masina\/\" rel=\"bookmark\" title=\"O femeie care \u0219i-a achizi\u021bionat un automobil electric la m\u00e2na a doua a avut parte de o surpriz\u0103 imediat dup\u0103 ce a plecat cu ma\u0219ina\">O femeie care \u0219i-a achizi\u021bionat un automobil electric la m\u00e2na a doua a avut&#8230;<\/a><\/h3>\n<div class=\"td-module-meta-info\"><a href=\"https:\/\/r3media.ro\/category\/actualitate\/\" class=\"td-post-category\">ACTUALITATE<\/a><span class=\"td-post-author-name\"><a href=\"https:\/\/r3media.ro\/author\/oana\/\">Oana Ivan<\/a><span>&#8211;<\/span><\/span><span class=\"td-post-date\"><time class=\"entry-date updated td-module-date\" datetime=\"2026-07-08T19:56:23+03:00\">08\/07\/2026<\/time><\/span><\/div>\n<\/div>\n<\/div>\n<\/div>\n<\/div>\n<div class=\"td-block-row\">\n<div class=\"td-block-span6\">\n<div class=\"td_module_8 td_module_wrap\">\n<div class=\"item-details\">\n<h3 class=\"entry-title td-module-title\"><a href=\"https:\/\/r3media.ro\/lectii-de-inapoiere\/\" rel=\"bookmark\" title=\"Lec\u021bii de \u00eenapoiere\">Lec\u021bii de \u00eenapoiere<\/a><\/h3>\n<div class=\"td-module-meta-info\"><a href=\"https:\/\/r3media.ro\/category\/opinii\/\" class=\"td-post-category\">OPINII<\/a><span class=\"td-post-author-name\"><a href=\"https:\/\/r3media.ro\/author\/tru\/\">TRU (Traian Ungureanu)<\/a><span>&#8211;<\/span><\/span><span class=\"td-post-date\"><time class=\"entry-date updated td-module-date\" datetime=\"2026-07-07T14:50:09+03:00\">07\/07\/2026<\/time><\/span><\/div>\n<\/div>\n<\/div>\n<\/div>\n<div class=\"td-block-span6\">\n<div class=\"td_module_8 td_module_wrap\">\n<div class=\"item-details\">\n<h3 class=\"entry-title td-module-title\"><a href=\"https:\/\/r3media.ro\/dreptate-pentru-memoria-lui-mircea-vulcanescu\/\" rel=\"bookmark\" title=\"Dreptate pentru memoria lui Mircea Vulc\u0103nescu\">Dreptate pentru memoria lui Mircea Vulc\u0103nescu<\/a><\/h3>\n<div class=\"td-module-meta-info\"><a href=\"https:\/\/r3media.ro\/category\/opinii\/\" class=\"td-post-category\">OPINII<\/a><span class=\"td-post-author-name\"><a href=\"https:\/\/r3media.ro\/author\/bogdan-munteanu\/\">Bogdan Munteanu<\/a><span>&#8211;<\/span><\/span><span class=\"td-post-date\"><time class=\"entry-date updated td-module-date\" datetime=\"2026-07-03T15:27:06+03:00\">03\/07\/2026<\/time><\/span><\/div>\n<\/div>\n<\/div>\n<\/div>\n<\/div>\n<div class=\"td-block-row\">\n<div class=\"td-block-span6\">\n<div class=\"td_module_8 td_module_wrap\">\n<div class=\"item-details\">\n<h3 class=\"entry-title td-module-title\"><a href=\"https:\/\/r3media.ro\/un-baietel-de-10-ani-are-nevoie-urgent-de-930-000-de-euro-pentru-a-trai-apelul-parintelui-alexandru-lungu\/\" rel=\"bookmark\" title=\"Un b\u0103ie\u021bel de 10 ani are nevoie URGENT de 930.000 de euro pentru a tr\u0103i. Apelul p\u0103rintelui Alexandru Lungu\">Un b\u0103ie\u021bel de 10 ani are nevoie URGENT de 930.000 de euro pentru a&#8230;<\/a><\/h3>\n<div class=\"td-module-meta-info\"><a href=\"https:\/\/r3media.ro\/category\/actualitate\/\" class=\"td-post-category\">ACTUALITATE<\/a><span class=\"td-post-author-name\"><a href=\"https:\/\/r3media.ro\/author\/redactia\/\">Redac\u021bia<\/a><span>&#8211;<\/span><\/span><span class=\"td-post-date\"><time class=\"entry-date updated td-module-date\" datetime=\"2026-07-01T14:14:11+03:00\">01\/07\/2026<\/time><\/span><\/div>\n<\/div>\n<\/div>\n<\/div>\n<div class=\"td-block-span6\">\n<div class=\"td_module_8 td_module_wrap\">\n<div class=\"item-details\">\n<h3 class=\"entry-title td-module-title\"><a href=\"https:\/\/r3media.ro\/solutie-istorica-curtea-de-apel-bucuresti-mircea-vulcanescu-nu-e-criminal-de-razboi\/\" rel=\"bookmark\" title=\"Solu\u021bie istoric\u0103 a Cur\u021bii de Apel Bucure\u0219ti \u00een cazul \u201eMircea Vulc\u0103nescu\u201d\">Solu\u021bie istoric\u0103 a Cur\u021bii de Apel Bucure\u0219ti \u00een cazul \u201eMircea Vulc\u0103nescu\u201d<\/a><\/h3>\n<div class=\"td-module-meta-info\"><a href=\"https:\/\/r3media.ro\/category\/actualitate\/\" class=\"td-post-category\">ACTUALITATE<\/a><span class=\"td-post-author-name\"><a href=\"https:\/\/r3media.ro\/author\/redactia\/\">Redac\u021bia<\/a><span>&#8211;<\/span><\/span><span class=\"td-post-date\"><time class=\"entry-date updated td-module-date\" datetime=\"2026-07-02T16:26:05+03:00\">02\/07\/2026<\/time><\/span><\/div>\n<\/div>\n<\/div>\n<\/div>\n<\/div>\n<div class=\"td-block-row\">\n<div class=\"td-block-span6\">\n<div class=\"td_module_8 td_module_wrap\">\n<div class=\"item-details\">\n<h3 class=\"entry-title td-module-title\"><a href=\"https:\/\/r3media.ro\/nicusor-dan-articol-presa-americana-luptatori-munti-trump\/\" rel=\"bookmark\" title=\"Nicu\u0219or Dan a publicat un articol \u00een presa american\u0103, \u00een care laud\u0103 lupt\u0103torii din mun\u021bi para\u0219uta\u021bi de SUA \u0219i pe pre\u0219edintele Trump\">Nicu\u0219or Dan a publicat un articol \u00een presa american\u0103, \u00een care laud\u0103 lupt\u0103torii din&#8230;<\/a><\/h3>\n<div class=\"td-module-meta-info\"><a href=\"https:\/\/r3media.ro\/category\/actualitate\/\" class=\"td-post-category\">ACTUALITATE<\/a><span class=\"td-post-author-name\"><a href=\"https:\/\/r3media.ro\/author\/redactia\/\">Redac\u021bia<\/a><span>&#8211;<\/span><\/span><span class=\"td-post-date\"><time class=\"entry-date updated td-module-date\" datetime=\"2026-07-02T12:17:31+03:00\">02\/07\/2026<\/time><\/span><\/div>\n<\/div>\n<\/div>\n<\/div>\n<div class=\"td-block-span6\">\n<div class=\"td_module_8 td_module_wrap\">\n<div class=\"item-details\">\n<h3 class=\"entry-title td-module-title\"><a href=\"https:\/\/r3media.ro\/suc-cico-bautura-carbogazoasa-fructe-naturala\/\" rel=\"bookmark\" title=\"Sucul CICO, subiect de ironii azi, era singura b\u0103utura carbogazoas\u0103 f\u0103cut EXCLUSIV din fructe \u0219i f\u0103r\u0103 conservan\u021bi chimici\">Sucul CICO, subiect de ironii azi, era singura b\u0103utura carbogazoas\u0103 f\u0103cut EXCLUSIV din fructe&#8230;<\/a><\/h3>\n<div class=\"td-module-meta-info\"><a href=\"https:\/\/r3media.ro\/category\/actualitate\/\" class=\"td-post-category\">ACTUALITATE<\/a><span class=\"td-post-author-name\"><a href=\"https:\/\/r3media.ro\/author\/radu_ursan\/\">Radu Ursan<\/a><span>&#8211;<\/span><\/span><span class=\"td-post-date\"><time class=\"entry-date updated td-module-date\" datetime=\"2026-07-01T18:44:17+03:00\">01\/07\/2026<\/time><\/span><\/div>\n<\/div>\n<\/div>\n<\/div>\n<\/div>\n<\/div>\n<div class=\"td-load-more-wrap td-load-more-infinite-wrap\" id=\"infinite-lm-tdi_20\"><a href=\"https:\/\/r3media.ro\/senatorul-american-lindsey-graham-a-murit\/\" class=\"td_ajax_load_more td_ajax_load_more_js\" aria-label=\"\u00cenc\u0103rca\u021bi mai multe\" id=\"next-page-tdi_20\" data-td_block_id=\"tdi_20\">\u00cenc\u0103rca\u021bi mai multe<\/a><\/div>\n<\/div>\n<div class=\"td_block_wrap tdb_single_comments tdi_21 tdb-comm-layout2 td-pb-border-top td_block_template_1\" data-td-block-uid=\"tdi_21\">\n<div class=\"tdb-block-inner td-fix-index\">\n<div class=\"comments\" id=\"comments\">\n<div id=\"respond\" class=\"comment-respond\">\n<h3 id=\"reply-title\" class=\"comment-reply-title\">AI CEVA DE SPUS? <small><a rel=\"nofollow\" id=\"cancel-comment-reply-link\" href=\"https:\/\/r3media.ro\/senatorul-american-lindsey-graham-a-murit\/#respond\">Renun\u021ba\u021bi la r\u0103spuns<\/a><\/small><\/h3>\n<div class=\"comment-form-input-wrap td-form-comment\">\n<div class=\"td-warning-comment\">V\u0103 rug\u0103m s\u0103 introduce\u021bi comentariul dvs.!<\/div>\n<\/div>\n<div class=\"comment-form-input-wrap td-form-author\">\n<div class=\"td-warning-author\">Introduce\u021bi aici numele dvs.<\/div>\n<\/div>\n<div class=\"comment-form-input-wrap td-form-email\">\n<div class=\"td-warning-email-error\">A\u021bi introdus o adres\u0103 de e-mail incorect\u0103!<\/div>\n<div class=\"td-warning-email\">V\u0103 rug\u0103m s\u0103 introduce\u021bi adresa dvs. de e-mail aici<\/div>\n<\/div>\n<\/div>\n<\/div>\n<\/div>\n<\/div>\n<\/div>\n<\/div>\n<div class=\"vc_column tdi_23  wpb_column vc_column_container tdc-column td-pb-span4 td-is-sticky\">\n<div class=\"wpb_wrapper\" data-sticky-enabled-on=\"W3RydWUsdHJ1ZSx0cnVlLHRydWVd\" data-sticky-offset=\"20\" data-sticky-is-width-auto=\"W2ZhbHNlLGZhbHNlLGZhbHNlLGZhbHNlXQ==\">\n<div class=\"wpb_wrapper td_block_wrap vc_widget_sidebar tdi_25 \">\n<div class=\"td_block_wrap td_block_7 td_block_widget tdi_26 td-pb-border-top td_block_template_1 td-column-1 td_block_padding\" data-td-block-uid=\"tdi_26\">\n<div class=\"td-block-title-wrap\">\n<h4 class=\"block-title td-block-title\"><span class=\"td-pulldown-size\">Articole RELA\u021aIONATE<\/span><\/h4>\n<\/div>\n<div id=\"tdi_26\" class=\"td_block_inner\">\n<div class=\"td-block-span12\">\n<div class=\"td_module_6 td_module_wrap td-animation-stack\">\n<div class=\"td-module-thumb\"><a href=\"https:\/\/r3media.ro\/ioan-aurel-pop-lege-vexler-razboi-istoria\/\" rel=\"bookmark\" class=\"td-image-wrap \" title=\"Ioan-Aurel Pop critic\u0103 legea Vexler \u00eentr-un articol de neratat: Nu putem s\u0103 ducem un r\u0103zboi cu istoria\"><img loading=\"lazy\" decoding=\"async\" class=\"entry-thumb\" src=\"https:\/\/r3media.ro\/wp-content\/uploads\/2021\/11\/ioan-aurel-pop-patriotism-e1783881771310-100x70.jpg\" alt title=\"Ioan-Aurel Pop critic\u0103 legea Vexler \u00eentr-un articol de neratat: Nu putem s\u0103 ducem un r\u0103zboi cu istoria\" width=\"100\" height=\"70\"><\/a><\/div>\n<div class=\"item-details\">\n<h3 class=\"entry-title td-module-title\"><a href=\"https:\/\/r3media.ro\/ioan-aurel-pop-lege-vexler-razboi-istoria\/\" rel=\"bookmark\" title=\"Ioan-Aurel Pop critic\u0103 legea Vexler \u00eentr-un articol de neratat: Nu putem s\u0103 ducem un r\u0103zboi cu istoria\">Ioan-Aurel Pop critic\u0103 legea Vexler \u00eentr-un articol de neratat: Nu putem&#8230;<\/a><\/h3>\n<div class=\"td-module-meta-info\"><span class=\"td-post-date\"><time class=\"entry-date updated td-module-date\" datetime=\"2026-07-12T21:42:54+03:00\">12\/07\/2026<\/time><\/span><\/div>\n<\/div>\n<\/div>\n<\/div>\n<div class=\"td-block-span12\">\n<div class=\"td_module_6 td_module_wrap td-animation-stack\">\n<div class=\"td-module-thumb\"><a href=\"https:\/\/r3media.ro\/13-iulie-sf-dimitrie-bucuresti-soborul-sfantului-arhanghel-gavriil\/\" rel=\"bookmark\" class=\"td-image-wrap \" title=\"Calendarul zilei 13 iulie: Aducerea moa\u0219telor Sf. Dimitrie cel Nou la Bucure\u0219ti. Soborul Sf\u00e2ntului Arhanghel Gavriil\"><img loading=\"lazy\" decoding=\"async\" class=\"entry-thumb\" src=\"https:\/\/r3media.ro\/wp-content\/uploads\/2022\/07\/sddefault-2-100x70.jpg\" alt title=\"Calendarul zilei 13 iulie: Aducerea moa\u0219telor Sf. Dimitrie cel Nou la Bucure\u0219ti. Soborul Sf\u00e2ntului Arhanghel Gavriil\" width=\"100\" height=\"70\"><\/a><\/div>\n<div class=\"item-details\">\n<h3 class=\"entry-title td-module-title\"><a href=\"https:\/\/r3media.ro\/13-iulie-sf-dimitrie-bucuresti-soborul-sfantului-arhanghel-gavriil\/\" rel=\"bookmark\" title=\"Calendarul zilei 13 iulie: Aducerea moa\u0219telor Sf. Dimitrie cel Nou la Bucure\u0219ti. Soborul Sf\u00e2ntului Arhanghel Gavriil\">Calendarul zilei 13 iulie: Aducerea moa\u0219telor Sf. Dimitrie cel Nou la&#8230;<\/a><\/h3>\n<div class=\"td-module-meta-info\"><span class=\"td-post-date\"><time class=\"entry-date updated td-module-date\" datetime=\"2026-07-12T21:13:13+03:00\">12\/07\/2026<\/time><\/span><\/div>\n<\/div>\n<\/div>\n<\/div>\n<div class=\"td-block-span12\">\n<div class=\"td_module_6 td_module_wrap td-animation-stack\">\n<div class=\"td-module-thumb\"><a href=\"https:\/\/r3media.ro\/scandalul-rachetelor-patriot-zguduie-polonia-varsovia-declasifica-tot-ajutorul-militar-acordat-ucrainei\/\" rel=\"bookmark\" class=\"td-image-wrap \" title=\"Scandalul rachetelor Patriot zguduie Polonia: Var\u0219ovia declasific\u0103 tot ajutorul militar acordat Ucrainei\"><img loading=\"lazy\" decoding=\"async\" class=\"entry-thumb\" src=\"https:\/\/r3media.ro\/wp-content\/uploads\/2026\/06\/nawrocki-zelenski-polonia-ucraina-100x70.jpg\" alt title=\"Scandalul rachetelor Patriot zguduie Polonia: Var\u0219ovia declasific\u0103 tot ajutorul militar acordat Ucrainei\" width=\"100\" height=\"70\"><\/a><\/div>\n<div class=\"item-details\">\n<h3 class=\"entry-title td-module-title\"><a href=\"https:\/\/r3media.ro\/scandalul-rachetelor-patriot-zguduie-polonia-varsovia-declasifica-tot-ajutorul-militar-acordat-ucrainei\/\" rel=\"bookmark\" title=\"Scandalul rachetelor Patriot zguduie Polonia: Var\u0219ovia declasific\u0103 tot ajutorul militar acordat Ucrainei\">Scandalul rachetelor Patriot zguduie Polonia: Var\u0219ovia declasific\u0103 tot ajutorul militar acordat&#8230;<\/a><\/h3>\n<div class=\"td-module-meta-info\"><span class=\"td-post-date\"><time class=\"entry-date updated td-module-date\" datetime=\"2026-07-12T20:43:04+03:00\">12\/07\/2026<\/time><\/span><\/div>\n<\/div>\n<\/div>\n<\/div>\n<div class=\"td-block-span12\">\n<div class=\"td_module_6 td_module_wrap td-animation-stack\">\n<div class=\"td-module-thumb\"><a href=\"https:\/\/r3media.ro\/ce-ne-facem-cu-atatia-prosti\/\" rel=\"bookmark\" class=\"td-image-wrap \" title=\"Ce ne facem cu at\u00e2\u021bia pro\u0219ti?\"><img loading=\"lazy\" decoding=\"async\" class=\"entry-thumb\" src=\"https:\/\/r3media.ro\/wp-content\/uploads\/2026\/07\/rascoala-1907-100x70.jpg\" alt title=\"Ce ne facem cu at\u00e2\u021bia pro\u0219ti?\" width=\"100\" height=\"70\"><\/a><\/div>\n<div class=\"item-details\">\n<h3 class=\"entry-title td-module-title\"><a href=\"https:\/\/r3media.ro\/ce-ne-facem-cu-atatia-prosti\/\" rel=\"bookmark\" title=\"Ce ne facem cu at\u00e2\u021bia pro\u0219ti?\">Ce ne facem cu at\u00e2\u021bia pro\u0219ti?<\/a><\/h3>\n<div class=\"td-module-meta-info\"><span class=\"td-post-date\"><time class=\"entry-date updated td-module-date\" datetime=\"2026-07-12T14:11:45+03:00\">12\/07\/2026<\/time><\/span><\/div>\n<\/div>\n<\/div>\n<\/div>\n<div class=\"td-block-span12\">\n<div class=\"td_module_6 td_module_wrap td-animation-stack\">\n<div class=\"td-module-thumb\"><a href=\"https:\/\/r3media.ro\/guvernul-sanchez-demoleaza-monumentul-de-la-majadahonda-ion-mota-vasile-marin-lupta-rzaboiul-civil-spaniol-comunisti\/\" rel=\"bookmark\" class=\"td-image-wrap \" title=\"Guvernul Sanchez demoleaz\u0103 Monumentul de la Majadahonda, dedicat lui Ion Mo\u021ba \u0219i Vasile Marin, rom\u00e2nii care au luptat \u00eempotriva comuni\u0219tilor \u00een R\u0103zboiul Civil Spaniol\"><img loading=\"lazy\" decoding=\"async\" class=\"entry-thumb\" src=\"https:\/\/r3media.ro\/wp-content\/uploads\/2023\/07\/pedro-sanchez-e1690449856110-100x70.jpg\" alt title=\"Guvernul Sanchez demoleaz\u0103 Monumentul de la Majadahonda, dedicat lui Ion Mo\u021ba \u0219i Vasile Marin, rom\u00e2nii care au luptat \u00eempotriva comuni\u0219tilor \u00een R\u0103zboiul Civil Spaniol\" width=\"100\" height=\"70\"><\/a><\/div>\n<div class=\"item-details\">\n<h3 class=\"entry-title td-module-title\"><a href=\"https:\/\/r3media.ro\/guvernul-sanchez-demoleaza-monumentul-de-la-majadahonda-ion-mota-vasile-marin-lupta-rzaboiul-civil-spaniol-comunisti\/\" rel=\"bookmark\" title=\"Guvernul Sanchez demoleaz\u0103 Monumentul de la Majadahonda, dedicat lui Ion Mo\u021ba \u0219i Vasile Marin, rom\u00e2nii care au luptat \u00eempotriva comuni\u0219tilor \u00een R\u0103zboiul Civil Spaniol\">Guvernul Sanchez demoleaz\u0103 Monumentul de la Majadahonda, dedicat lui Ion Mo\u021ba&#8230;<\/a><\/h3>\n<div class=\"td-module-meta-info\"><span class=\"td-post-date\"><time class=\"entry-date updated td-module-date\" datetime=\"2026-07-12T01:11:49+03:00\">12\/07\/2026<\/time><\/span><\/div>\n<\/div>\n<\/div>\n<\/div>\n<div class=\"td-block-span12\">\n<div class=\"td_module_6 td_module_wrap td-animation-stack\">\n<div class=\"td-module-thumb\"><a href=\"https:\/\/r3media.ro\/sofer-surpriza-neplacuta-benzinarie-austria-oprit-apa-portbagaj\/\" rel=\"bookmark\" class=\"td-image-wrap \" title=\"Un \u0219ofer a avut parte de o surpriz\u0103 nepl\u0103cut\u0103 la benzin\u0103rie dup\u0103 ce a oprit un minut \u0219i 28 de secunde pentru a scoate o sticl\u0103 de ap\u0103 din portbagaj\"><img loading=\"lazy\" decoding=\"async\" class=\"entry-thumb\" src=\"https:\/\/r3media.ro\/wp-content\/uploads\/2026\/07\/benzinarie-100x70.jpg\" alt title=\"Un \u0219ofer a avut parte de o surpriz\u0103 nepl\u0103cut\u0103 la benzin\u0103rie dup\u0103 ce a oprit un minut \u0219i 28 de secunde pentru a scoate o sticl\u0103 de ap\u0103 din portbagaj\" width=\"100\" height=\"70\"><\/a><\/div>\n<div class=\"item-details\">\n<h3 class=\"entry-title td-module-title\"><a href=\"https:\/\/r3media.ro\/sofer-surpriza-neplacuta-benzinarie-austria-oprit-apa-portbagaj\/\" rel=\"bookmark\" title=\"Un \u0219ofer a avut parte de o surpriz\u0103 nepl\u0103cut\u0103 la benzin\u0103rie dup\u0103 ce a oprit un minut \u0219i 28 de secunde pentru a scoate o sticl\u0103 de ap\u0103 din portbagaj\">Un \u0219ofer a avut parte de o surpriz\u0103 nepl\u0103cut\u0103 la benzin\u0103rie&#8230;<\/a><\/h3>\n<div class=\"td-module-meta-info\"><span class=\"td-post-date\"><time class=\"entry-date updated td-module-date\" datetime=\"2026-07-11T13:00:01+03:00\">11\/07\/2026<\/time><\/span><\/div>\n<\/div>\n<\/div>\n<\/div>\n<div class=\"td-block-span12\">\n<div class=\"td_module_6 td_module_wrap td-animation-stack\">\n<div class=\"td-module-thumb\"><a href=\"https:\/\/r3media.ro\/ministerul-apararii-nationale-detectare-tinte-aeriene-granita-ucraina\/\" rel=\"bookmark\" class=\"td-image-wrap \" title=\"Ministerul Ap\u0103r\u0103rii Na\u021bionale e detectat \u021binte aeriene la grani\u021ba cu Ucraina\"><img loading=\"lazy\" decoding=\"async\" class=\"entry-thumb\" src=\"https:\/\/r3media.ro\/wp-content\/uploads\/2023\/09\/drone-1-100x70.webp\" alt title=\"Ministerul Ap\u0103r\u0103rii Na\u021bionale e detectat \u021binte aeriene la grani\u021ba cu Ucraina\" width=\"100\" height=\"70\"><\/a><\/div>\n<div class=\"item-details\">\n<h3 class=\"entry-title td-module-title\"><a href=\"https:\/\/r3media.ro\/ministerul-apararii-nationale-detectare-tinte-aeriene-granita-ucraina\/\" rel=\"bookmark\" title=\"Ministerul Ap\u0103r\u0103rii Na\u021bionale e detectat \u021binte aeriene la grani\u021ba cu Ucraina\">Ministerul Ap\u0103r\u0103rii Na\u021bionale e detectat \u021binte aeriene la grani\u021ba cu Ucraina<\/a><\/h3>\n<div class=\"td-module-meta-info\"><span class=\"td-post-date\"><time class=\"entry-date updated td-module-date\" datetime=\"2026-07-11T11:50:15+03:00\">11\/07\/2026<\/time><\/span><\/div>\n<\/div>\n<\/div>\n<\/div>\n<\/div>\n<\/div>\n<aside class=\"td_block_template_1 widget widget_recent_comments\">\n<h4 class=\"block-title\"><span>INTR\u0102 \u00ceN DISCU\u021aIE!<\/span><\/h4>\n<ul id=\"recentcomments\">\n<li class=\"recentcomments\"><span class=\"comment-author-link\">Eu<\/span> la <a href=\"https:\/\/r3media.ro\/guvernul-sanchez-demoleaza-monumentul-de-la-majadahonda-ion-mota-vasile-marin-lupta-rzaboiul-civil-spaniol-comunisti\/#comment-40267\">Guvernul Sanchez demoleaz\u0103 Monumentul de la Majadahonda, dedicat lui Ion Mo\u021ba \u0219i Vasile Marin, rom\u00e2nii care au luptat \u00eempotriva comuni\u0219tilor \u00een R\u0103zboiul Civil Spaniol<\/a><\/li>\n<li class=\"recentcomments\"><span class=\"comment-author-link\">Constantin<\/span> la <a href=\"https:\/\/r3media.ro\/guvernul-sanchez-demoleaza-monumentul-de-la-majadahonda-ion-mota-vasile-marin-lupta-rzaboiul-civil-spaniol-comunisti\/#comment-40266\">Guvernul Sanchez demoleaz\u0103 Monumentul de la Majadahonda, dedicat lui Ion Mo\u021ba \u0219i Vasile Marin, rom\u00e2nii care au luptat \u00eempotriva comuni\u0219tilor \u00een R\u0103zboiul Civil Spaniol<\/a><\/li>\n<li class=\"recentcomments\"><span class=\"comment-author-link\">Redac\u021bia<\/span> la <a href=\"https:\/\/r3media.ro\/ins-migratia-internationala-a-reusit-sa-stabilizeze-populatia-rezidenta-a-romaniei\/#comment-40264\">Pre\u0219edintele Institutului Na\u021bional de Statistic\u0103 (INS): Migra\u021bia interna\u021bional\u0103 a reu\u0219it s\u0103 stabilizeze popula\u021bia rezident\u0103 a Rom\u00e2niei<\/a><\/li>\n<li class=\"recentcomments\"><span class=\"comment-author-link\">Redac\u021bia<\/span> la <a href=\"https:\/\/r3media.ro\/ins-migratia-internationala-a-reusit-sa-stabilizeze-populatia-rezidenta-a-romaniei\/#comment-40263\">Pre\u0219edintele Institutului Na\u021bional de Statistic\u0103 (INS): Migra\u021bia interna\u021bional\u0103 a reu\u0219it s\u0103 stabilizeze popula\u021bia rezident\u0103 a Rom\u00e2niei<\/a><\/li>\n<li class=\"recentcomments\"><span class=\"comment-author-link\">anonim<\/span> la <a href=\"https:\/\/r3media.ro\/guvernul-sanchez-demoleaza-monumentul-de-la-majadahonda-ion-mota-vasile-marin-lupta-rzaboiul-civil-spaniol-comunisti\/#comment-40262\">Guvernul Sanchez demoleaz\u0103 Monumentul de la Majadahonda, dedicat lui Ion Mo\u021ba \u0219i Vasile Marin, rom\u00e2nii care au luptat \u00eempotriva comuni\u0219tilor \u00een R\u0103zboiul Civil Spaniol<\/a><\/li>\n<li class=\"recentcomments\"><span class=\"comment-author-link\">Huhu<\/span> la <a href=\"https:\/\/r3media.ro\/sofer-surpriza-neplacuta-benzinarie-austria-oprit-apa-portbagaj\/#comment-40261\">Un \u0219ofer a avut parte de o surpriz\u0103 nepl\u0103cut\u0103 la benzin\u0103rie dup\u0103 ce a oprit un minut \u0219i 28 de secunde pentru a scoate o sticl\u0103 de ap\u0103 din portbagaj<\/a><\/li>\n<li class=\"recentcomments\"><span class=\"comment-author-link\">Gulagu&#8217;<\/span> la <a href=\"https:\/\/r3media.ro\/ins-migratia-internationala-a-reusit-sa-stabilizeze-populatia-rezidenta-a-romaniei\/#comment-40260\">Pre\u0219edintele Institutului Na\u021bional de Statistic\u0103 (INS): Migra\u021bia interna\u021bional\u0103 a reu\u0219it s\u0103 stabilizeze popula\u021bia rezident\u0103 a Rom\u00e2niei<\/a><\/li>\n<\/ul>\n<\/aside>\n<aside class=\"td_block_template_1 widget widget_search\">\n<h4 class=\"block-title\"><span>CAUT\u0102 \u0218I VEI G\u0102SI<\/span><\/h4>\n<\/aside>\n<\/div>\n<\/div>\n<\/div>\n<\/div>\n<\/div>\n<\/div>\n<\/div>\n<p><span class=\"td-page-meta\"><\/span><span class=\"td-page-meta\"><span class=\"td-page-meta\"><\/span><\/span><span class=\"td-page-meta\"><\/span><\/article>\n<\/p>\n<div class=\"td_block_wrap tdb_single_content tdi_18 td-pb-border-top td_block_template_1 td-post-content tagdiv-type\" data-td-block-uid=\"tdi_18\">\n<div class=\"tdb-block-inner td-fix-index\">\n<p><strong>Politicianul republican, unul dintre cei mai apropia\u021bi alia\u021bi ai lui Donald Trump \u0219i un sus\u021bin\u0103tor constant al Ucrainei, s-a stins s\u00e2mb\u0103t\u0103 sear\u0103, la mai pu\u021bin de 24 de ore dup\u0103 o vizit\u0103 la Kiev, unde se \u00eent\u00e2lnise cu Volodimir Zelenski.<\/strong><\/p>\n<p>Senatorul american Lindsey Graham a \u00eencetat din via\u021b\u0103 s\u00e2mb\u0103t\u0103 sear\u0103, 11 iulie, la v\u00e2rsta de 71 de ani, \u00een urma unei \u201eboli scurte \u0219i bru\u0219te\u201d, a anun\u021bat biroul s\u0103u \u00eentr-un comunicat.<\/p>\n<p>\u201e\u00cen seara zilei de s\u00e2mb\u0103t\u0103, 11 iulie, senatorul american Lindsey Graham a trecut \u00een nefiin\u021b\u0103 din cauza unei boli scurte \u0219i bru\u0219te\u201d, se arat\u0103 \u00een comunicat.<\/p>\n<p>\u201eFamilia senatorului Graham apreciaz\u0103 rug\u0103ciunile \u00een aceste momente \u0219i solicit\u0103 s\u0103 \u00eei fie respectat\u0103 intimitatea \u00een aceast\u0103 perioad\u0103 incredibil de dificil\u0103.\u201d<\/p>\n<p>Alte detalii despre circumstan\u021bele decesului nu au fost f\u0103cute publice imediat. \u00cenregistrarea unui apel de urgen\u021b\u0103 efectuat s\u00e2mb\u0103t\u0103 sear\u0103 c\u0103tre o re\u0219edin\u021b\u0103 a senatorului men\u021bioneaz\u0103 \u00eens\u0103 o interven\u021bie pentru stop cardiac.<\/p>\n<h2>Ultima apari\u021bie public\u0103, la Kiev<\/h2>\n<p>Cu doar o zi \u00eenainte de deces, vineri, Graham se afla \u00eentr-o vizit\u0103 oficial\u0103 \u00een Ucraina, unde s-a \u00eent\u00e2lnit cu pre\u0219edintele Volodimir Zelenski. Senatorul urma s\u0103 fie invitat duminic\u0103 \u00een emisiunea \u201eMeet the Press\u201d de la NBC News, potrivit postului american de televiziune.<\/p>\n<p>Pre\u0219edintele Donald Trump i-a adus un omagiu \u00eentr-o postare pe re\u021beaua Truth Social:<\/p>\n<p>\u201eSenatorul Lindsey Graham, unul dintre cei mai mari oameni \u0219i senatori pe care i-am cunoscut vreodat\u0103, a murit! A fost mereu activ \u0219i a fost un adev\u0103rat patriot american. Lindsey ne va lipsi extrem de mult!!!\u201d<\/p>\n<p>Pre\u0219edintele Israelului, Isaac Herzog, s-a declarat \u201e\u0219ocat \u0219i profund \u00eendurerat la aflarea ve\u0219tii despre trecerea brusc\u0103 \u00een nefiin\u021b\u0103 a marelui patriot american, un mare prieten al Israelului \u0219i prietenul meu drag\u201d.<\/p>\n<h2>Trei decenii \u00een politica american\u0103<\/h2>\n<p>N\u0103scut pe 9 iulie 1955, \u00een localitatea Central, statul South Carolina, Graham a absolvit Universitatea din South Carolina, unde a ob\u021binut \u0219i o diplom\u0103 \u00een drept.<\/p>\n<p>Dup\u0103 o perioad\u0103 petrecut\u0103 \u00een armat\u0103 \u0219i c\u00e2\u021biva ani de practic\u0103 privat\u0103 \u00een avocatur\u0103, a activat un mandat \u00een Camera Reprezentan\u021bilor din South Carolina, iar doi ani mai t\u00e2rziu a fost ales \u00een Camera Reprezentan\u021bilor a SUA, ca reprezentant al Districtului Trei din South Carolina.<\/p>\n<p>\u00cen 2002 a candidat pentru locul din Senat ocupat anterior de Strom Thurmond, pe care l-a c\u00e2\u0219tigat, urm\u00e2nd s\u0103 ob\u021bin\u0103 apoi dou\u0103 mandate de reelectare, \u00een 2008 \u0219i 2014, la diferen\u021be mari de voturi.<\/p>\n<p>Chiar \u0219i \u00een 2014, c\u00e2nd grupuri conservatoare l-au amenin\u021bat cu o contracandidatur\u0103 la alegerile primare din cauza rolului s\u0103u \u00een dezbaterea privind imigra\u021bia din 2013, niciun contracandidat serios nu s-a impus \u00een tab\u0103ra republican\u0103.<\/p>\n<p>\u00cen 2016 a candidat pentru nominalizarea republican\u0103 la alegerile preziden\u021biale, dar s-a retras \u00eenainte de alegerile primare.<\/p>\n<h2>\u201eUliul\u201d politicii externe americane<\/h2>\n<p>Graham a fost un adept vocal al unei politici externe dure, \u00eempotriva Rusiei \u0219i a Iranului.<\/p>\n<p>La \u00eenceputul acestei luni s-a pozi\u021bionat ferm \u00eempotriva liniilor ini\u021biale ale memorandumului de \u00een\u021belegere semnat de pre\u0219edintele Trump cu Teheranul.<\/p>\n<p>De\u0219i ini\u021bial a fost un critic al lui Donald Trump \u0219i al mi\u0219c\u0103rii conservatoare Tea Party, aflat\u0103 atunci \u00een plin\u0103 ascensiune, Graham a devenit ulterior unul dintre cei mai apropia\u021bi alia\u021bi \u0219i ap\u0103r\u0103tori ai pre\u0219edintelui.<\/p>\n<div class=\"crp_related     crp-masonry\">\n<h2>\u00ceN CONTEXT<\/h2>\n<ul>\n<li><a href=\"https:\/\/r3media.ro\/discursul-integral-al-premierului-ungariei-viktor-orban-de-la-baile-tusnad-bugetul-ue-este-un-buget-de-razboi-sper-sa-avem-o-alianta-pentru-pace-cu-romanii\/\" class=\"crp_link post-111993\"><span class=\"crp_title\">Discursul INTEGRAL al premierului Ungariei, Viktor Orban, de la B\u0103ile Tu\u0219nad: Bugetul UE\u2026<\/span><\/a><\/li>\n<li><a href=\"https:\/\/r3media.ro\/titus-corlatean-sua-mic-dejun-cu-rugaciune-decidenti-europeni-inclusiv-bucuresti-adaptare-schimbare-profunda-presedinte-romania-donald-trump\/\" class=\"crp_link post-115054\"><span class=\"crp_title\">Titus Corl\u0103\u021bean a trebuit s\u0103 mearg\u0103 \u00een SUA ca s\u0103 \u00een\u021beleag\u0103 despre ce este vorba: Cei mai\u2026<\/span><\/a><\/li>\n<li><a href=\"https:\/\/r3media.ro\/de-la-nord-stream-la-groenlanda-europa-fata-cu-optiunile-strategice\/\" class=\"crp_link post-114894\"><span class=\"crp_title\">De la Nord Stream la Groenlanda. Europa fa\u021b\u0103 cu op\u021biunile strategice<\/span><\/a><\/li>\n<li><a href=\"https:\/\/r3media.ro\/owen-matthews-the-spectator-ucrainenii-si-au-pierdut-increderea-in-zelenski\/\" class=\"crp_link post-111839\"><span class=\"crp_title\">Owen Matthews, The Spectator: Ucrainenii \u0219i-au pierdut \u00eencrederea \u00een Zelenski<\/span><\/a><\/li>\n<li><a href=\"https:\/\/r3media.ro\/avem-dovezile-trump-e-nebun\/\" class=\"crp_link post-115486\"><span class=\"crp_title\">Avem dovezile: Trump e nebun!<\/span><\/a><\/li>\n<li><a href=\"https:\/\/r3media.ro\/romania-ar-trebui-sa-sustina-planul-trump-de-pace-pentru-ucraina\/\" class=\"crp_link post-114245\"><span class=\"crp_title\">Rom\u00e2nia ar trebui s\u0103 sus\u021bin\u0103 \u201eplanul Trump\u201d de pace pentru Ucraina<\/span><\/a><\/li>\n<li><a href=\"https:\/\/r3media.ro\/sua-cenzura-in-numele-libertatii-de-exprimare-emisiunea-lui-jimmy-kimmel-scoasa-de-pe-post-in-urma-comentariilor-ofensatoare-fata-de-trump-dupa-moartea-lui-charlie-kirk\/\" class=\"crp_link post-113183\"><span class=\"crp_title\">SUA: Cenzur\u0103 \u00een numele libert\u0103\u021bii de exprimare? Emisiunea lui Jimmy Kimmel, scoas\u0103 de pe\u2026<\/span><\/a><\/li>\n<li><a href=\"https:\/\/r3media.ro\/vicepresedinte-bundestag-omid-nouripour-ursula-von-der-leyen-data-afara-trump-intalnire-casa-alba-informatie-falsa\/\" class=\"crp_link post-112528\"><span class=\"crp_title\">Vicepre\u0219edintele Bundestagului a precizat c\u0103 Ursula von der Leyen ar fi fost umilit\u0103 de\u2026<\/span><\/a><\/li>\n<\/ul>\n<\/div>\n<\/div>\n<\/div>\n<p>[analyse_source url=&#8221;https:\/\/r3media.ro\/senatorul-american-lindsey-graham-a-murit\/&#8221;]<\/p>\n","protected":false},"excerpt":{"rendered":"<p>[analyse_image type=&#8221;featured&#8221; src=&#8221;https:\/\/r3media.ro\/wp-content\/uploads\/2024\/04\/graham-zelenski-e1713868446432.jpeghttps:\/\/r3media.ro\/wp-content\/uploads\/2024\/04\/graham-zelenski-e1713868446432.jpeg&#8221;] FEATUREDSenatorul american Lindsey Graham a murit la 71 de ani, dup\u0103 o&#8230; FEATURED\u0218TIRI Senatorul american Lindsey Graham a murit la 71 de ani, dup\u0103 o \u201eboal\u0103 scurt\u0103 \u0219i brusc\u0103\u201d Radu Ursan 12\/07\/2026 Sursa foto: president.gov.ua Politicianul republican, unul dintre cei mai apropia\u021bi alia\u021bi ai lui Donald Trump \u0219i un sus\u021bin\u0103tor constant al [&hellip;]<\/p>\n","protected":false},"author":1,"featured_media":0,"comment_status":"open","ping_status":"","sticky":false,"template":"","format":"standard","meta":{"footnotes":""},"categories":[89],"tags":[226,93],"class_list":["post-2039933","post","type-post","status-publish","format-standard","hentry","category-romania","tag-crawlmanager","tag-r3media-ro"],"_links":{"self":[{"href":"https:\/\/analyse.optim.biz\/index.php?rest_route=\/wp\/v2\/posts\/2039933","targetHints":{"allow":["GET"]}}],"collection":[{"href":"https:\/\/analyse.optim.biz\/index.php?rest_route=\/wp\/v2\/posts"}],"about":[{"href":"https:\/\/analyse.optim.biz\/index.php?rest_route=\/wp\/v2\/types\/post"}],"author":[{"embeddable":true,"href":"https:\/\/analyse.optim.biz\/index.php?rest_route=\/wp\/v2\/users\/1"}],"replies":[{"embeddable":true,"href":"https:\/\/analyse.optim.biz\/index.php?rest_route=%2Fwp%2Fv2%2Fcomments&post=2039933"}],"version-history":[{"count":0,"href":"https:\/\/analyse.optim.biz\/index.php?rest_route=\/wp\/v2\/posts\/2039933\/revisions"}],"wp:attachment":[{"href":"https:\/\/analyse.optim.biz\/index.php?rest_route=%2Fwp%2Fv2%2Fmedia&parent=2039933"}],"wp:term":[{"taxonomy":"category","embeddable":true,"href":"https:\/\/analyse.optim.biz\/index.php?rest_route=%2Fwp%2Fv2%2Fcategories&post=2039933"},{"taxonomy":"post_tag","embeddable":true,"href":"https:\/\/analyse.optim.biz\/index.php?rest_route=%2Fwp%2Fv2%2Ftags&post=2039933"}],"curies":[{"name":"wp","href":"https:\/\/api.w.org\/{rel}","templated":true}]}}