{"id":2039930,"date":"2026-07-12T18:13:13","date_gmt":"2026-07-12T15:13:13","guid":{"rendered":"https:\/\/analyse.optim.biz\/?p=2039930"},"modified":"2026-07-12T18:13:13","modified_gmt":"2026-07-12T15:13:13","slug":"calendarul-zilei-13-iulie-aducerea-moastelor-sf-dimitrie-cel-nou-la-bucuresti-soborul-sfantului-arhanghel-gavriil","status":"publish","type":"post","link":"https:\/\/analyse.optim.biz\/?p=2039930","title":{"rendered":"Calendarul zilei 13 iulie: Aducerea moa\u0219telor Sf. Dimitrie cel Nou la Bucure\u0219ti. Soborul Sf\u00e2ntului Arhanghel Gavriil"},"content":{"rendered":"<p>[analyse_image type=&#8221;featured&#8221; src=&#8221;https:\/\/r3media.ro\/wp-content\/uploads\/2022\/07\/sddefault-2.jpghttps:\/\/r3media.ro\/wp-content\/uploads\/2022\/07\/sddefault-2.jpg&#8221;]<\/p>\n<article id=\"template-id-109\" class=\"post-109 tdb_templates type-tdb_templates status-publish post\">\n<div id=\"tdi_2\" class=\"tdc-zone\">\n<div class=\"tdc_zone tdi_3  wpb_row td-pb-row\">\n<div id=\"tdi_4\" class=\"tdc-row\">\n<div class=\"vc_row tdi_5  wpb_row td-pb-row\">\n<div class=\"vc_column tdi_7  wpb_column vc_column_container tdc-column td-pb-span8\">\n<div class=\"wpb_wrapper\">\n<div class=\"td_block_wrap tdb_breadcrumbs tdi_8 td-pb-border-top td_block_template_1 tdb-breadcrumbs \" data-td-block-uid=\"tdi_8\">\n<div class=\"tdb-block-inner td-fix-index\"><span><a title=\"Vede\u021bi toate articolele \u00een PRIM PLAN\" class=\"tdb-entry-crumb\" href=\"https:\/\/r3media.ro\/category\/stiri-prim-plan\/\">PRIM PLAN<\/a><\/span><span class=\"tdb-bred-no-url-last\">Calendarul zilei 13 iulie: Aducerea moa\u0219telor Sf. Dimitrie cel Nou la Bucure\u0219ti&#8230;.<\/span><\/div>\n<\/div>\n<div class=\"td_block_wrap tdb_single_categories tdi_9 td-pb-border-top td_block_template_1 \" data-td-block-uid=\"tdi_9\">\n<div class=\"tdb-category td-fix-index\"><a class=\"tdb-entry-category\" href=\"https:\/\/r3media.ro\/category\/stiri-prim-plan\/\">PRIM PLAN<\/a><a class=\"tdb-entry-category\" href=\"https:\/\/r3media.ro\/category\/stiri\/\">\u0218TIRI<\/a><a class=\"tdb-entry-category\" href=\"https:\/\/r3media.ro\/category\/video-news\/\">VIDEO<\/a><\/div>\n<\/div>\n<div class=\"td_block_wrap tdb_title tdi_10 tdb-single-title td-pb-border-top td_block_template_1\" data-td-block-uid=\"tdi_10\">\n<div class=\"tdb-block-inner td-fix-index\">\n<h1 class=\"tdb-title-text\">Calendarul zilei 13 iulie: Aducerea moa\u0219telor Sf. Dimitrie cel Nou la Bucure\u0219ti. Soborul Sf\u00e2ntului Arhanghel Gavriil<\/h1>\n<\/div>\n<\/div>\n<div class=\"vc_row_inner tdi_12  vc_row vc_inner wpb_row td-pb-row\">\n<div class=\"vc_column_inner tdi_14  wpb_column vc_column_container tdc-inner-column td-pb-span12\">\n<div class=\"vc_column-inner\">\n<div class=\"wpb_wrapper\">\n<div class=\"td_block_wrap tdb_single_author tdi_15 td-pb-border-top td_block_template_1 tdb-post-meta\" data-td-block-uid=\"tdi_15\">\n<div class=\"tdb-block-inner td-fix-index\">\n<div class=\"tdb-author-name-wrap\"><a class=\"tdb-author-name\" href=\"https:\/\/r3media.ro\/author\/redactia\/\">Redac\u021bia<\/a><\/div>\n<\/div>\n<\/div>\n<div class=\"td_block_wrap tdb_single_date tdi_16 td-pb-border-top td_block_template_1 tdb-post-meta\" data-td-block-uid=\"tdi_16\">\n<div class=\"tdb-block-inner td-fix-index\"><time class=\"entry-date updated td-module-date\" datetime=\"2026-07-12T21:13:13+03:00\">12\/07\/2026<\/time><\/div>\n<\/div>\n<\/div>\n<\/div>\n<\/div>\n<\/div>\n<div class=\"td_block_wrap tdb_single_content tdi_18 td-pb-border-top td_block_template_1 td-post-content tagdiv-type\" data-td-block-uid=\"tdi_18\">\n<div class=\"tdb-block-inner td-fix-index\">\n<p><strong>Pe 13 iulie Biserica face pomenirea aducerii moa\u0219telor Sf\u00e2ntului Cuvios Dimitrie cel Nou au fost a\u0219ezate \u00een Catedrala Mitropolitan\u0103 din Bucure\u0219ti \u2014 actuala Catedral\u0103 Patriarhal\u0103 de pe Dealul Mitropoliei.<\/strong><\/p>\n<p>Este una dintre pu\u021binele s\u0103rb\u0103tori din calendarul ortodox rom\u00e2n dedicate nu vie\u021bii unui sf\u00e2nt, ci sosirii lui \u00eentr-un ora\u0219.<\/p>\n<p>Povestea \u00eencepe \u00een timpul R\u0103zboiului Ruso-Turc din 1768\u20131774, purtat \u0219i la sud de Dun\u0103re. Generalul rus Petru Salt\u00e2cov a trecut fluviul \u0219i a ocupat, printre altele, satul Basarabov, \u00een apropierea Rusciucului (Ruse de azi), unde se aflau moa\u0219tele unui cioban devenit pustnic \u00een secolul al XIII-lea, cinstit de localnici de aproape cinci veacuri.<\/p>\n<p>Pentru ca racla s\u0103 nu fie profanat\u0103, generalul a hot\u0103r\u00e2t s\u0103 o ridice \u0219i s\u0103 o trimit\u0103 \u00een Rusia. Cortegiul a ajuns \u00eens\u0103 la Bucure\u0219ti.<\/p>\n<p>Aici, un negustor bogat \u0219i influent, Hagi Dimitrie \u2014 despre care sursele spun c\u0103 era macedorom\u00e2n \u2014, \u00eempreun\u0103 cu mitropolitul Grigorie al II-lea al \u021a\u0103rii Rom\u00e2ne\u0219ti, l-au rugat pe general s\u0103 lase moa\u0219tele \u00een \u021bar\u0103, ca m\u00e2ng\u00e2iere pentru pagubele \u0219i suferin\u021bele \u00eendurate de rom\u00e2ni \u00een timpul r\u0103zboiului. Argumentul a c\u00e2nt\u0103rit: Salt\u00e2cov a cedat.<\/p>\n<p>A luat cu sine doar m\u00e2na dreapt\u0103 a sf\u00e2ntului, trimis\u0103 la Kiev, unde se p\u0103streaz\u0103 \u00een Lavra Pecerska. Restul moa\u0219telor au fost a\u0219ezate \u00een Catedrala Mitropolitan\u0103 pe 13 iulie 1774.<\/p>\n<p>Ce a urmat a transformat un episod de r\u0103zboi \u00eentr-un cult local durabil. \u00cen 1786, mitropolitul Grigorie al II-lea a comandat pentru moa\u0219te o racl\u0103 de lemn \u00eembr\u0103cat\u0103 cu tabl\u0103 de argint, iar \u00eentre 1792 \u0219i 1793 mitropolitul Filaret al II-lea l-a proclamat oficial pe Sf\u00e2ntul Dimitrie ocrotitor al Catedralei \u0219i al ora\u0219ului Bucure\u0219ti. Memoria Bisericii i-a atribuit interven\u021bii \u00een momentele grele ale Capitalei: ciuma din 1813\u20131815, seceta din 1827, holera din 1831, marele incendiu din 1847.<\/p>\n<p>Canonizarea sa general\u0103 a venit abia \u00een 1955, la propunerea patriarhului Justinian Marina, cu zi de pr\u0103znuire pe 27 octombrie \u2014 dar bucure\u0219tenii urcaser\u0103 deja, timp de aproape dou\u0103 secole, Dealul Mitropoliei ca s\u0103 se \u00eenchine la racla lui.<\/p>\n<h2><strong>Soborul Sfantului Arhanghel Gavriil<\/strong><\/h2>\n<p>Arhanghelul Gavriil este una dintre c\u0103peteniile \u00eengerilor vestitori ai voii lui Dumnezeu. Dup\u0103 m\u0103rturiile Sfintei Scripturii \u0219i ale Sfintei Tradi\u021bii, Arhanghelul Gavriil a fost cel care l-a \u00eenv\u0103\u021bat pe Moise, \u00een pustiul Egiptului, s\u0103 scrie prima carte a Vechiului Testament, Facerea (Geneza).<\/p>\n<p>Sf\u00e2ntul Arhanghel Gavriil a t\u00e2lcuit Prorocului Daniil vedeniile cele minunate, referitoare la ceea ce se va \u00eent\u00e2mpla \u00een vremurile din urm\u0103. I-a mai spus despre eliberarea poporului lui Dumnezeu din robia Babilonului \u0219i despre vremea venirii celei dint\u00e2i a lui Hristos \u00een lume, prin \u00eentruparea cea din Preacurata Fecioar\u0103.<\/p>\n<p>cesta s-a ar\u0103tat Sfintei Ana, mama Maicii Domnului, care se t\u00e2nguia \u00een gr\u0103dina sa pentru c\u0103 nu se \u00eenvrednicise de na\u0219terea de prunci, rug\u00e2ndu-se cu lacrimi lui Dumnezeu, \u0219i i-a spus c\u0103 va na\u0219te pe fiica cea aleas\u0103 pentru a fi Maica M\u00e2ntuitorului, Care avea s\u0103 vin\u0103 spre izb\u0103virea neamului omenesc.<\/p>\n<p>Tot Arhanghelul Gavriil i-a vestit Sf\u00e2ntului Proroc Zaharia c\u0103 Elisabeta va na\u0219te pe \u00cenaintemerg\u0103torul Domnului, Sf\u00e2ntul Ioan Botez\u0103torul.<\/p>\n<p>De asemenea, Arhanghelul Gavriil a adus vestea cea bun\u0103 Sfintei Fecioare Maria. Reprezentat \u00een iconografia Bisericii Ortodoxe ca av\u00e2nd \u00een m\u00e2ini floarea de crin, Sf\u00e2ntul Arhanghel Gavriil mai este s\u0103rb\u0103torit \u0219i la 8 noiembrie, \u00eempreun\u0103 cu Sf\u00e2ntul Arhanghel Mihail.<\/p>\n<p>S\u0103rbatoarea din 13 iulie dateaz\u0103 din secolul al IX-lea, potrivit cre\u015ftinortodox.ro.Sf\u00e2ntul Arhanghel Gavriil mai este pomenit pe 26 martie, \u00een ziua de dup\u0103 Buna Vestire, pe 8 noiembrie c\u00e2nd s\u0103rb\u0103torim Soborul Sfin\u021bilor Arhangheli Mihail \u0219i Gavriil \u0219i pe 13 iulie, c\u00e2nd se face pomenire de toate minunile s\u0103v\u00e2r\u0219ite de Sf\u00e2ntul Arhanghel Gavriil.<\/p>\n<div class=\"crp_related     crp-masonry\">\n<h2>\u00ceN CONTEXT<\/h2>\n<ul>\n<li><a href=\"https:\/\/r3media.ro\/calendarul-zilei-26-octombrie-sf-dimitrie-dumitru-izvoratorul-de-mir-ocrotitorul-craiovei\/\" class=\"crp_link post-4638\"><span class=\"crp_title\">Calendarul zilei 26 octombrie: Sf. Dimitrie (Dumitru), Izvor\u00e2torul de Mir, ocrotitorul Craiovei<\/span><\/a><\/li>\n<li><a href=\"https:\/\/r3media.ro\/calendarul-zilei-21-august-moartea-domnitorului-si-marelui-om-de-cultura-dimitrie-cantemir\/\" class=\"crp_link post-79402\"><span class=\"crp_title\">Calendarul zilei 21 august: 302 de ani de la moartea domnitorului \u0219i marelui om de cultur\u0103,\u2026<\/span><\/a><\/li>\n<li><a href=\"https:\/\/r3media.ro\/calendarul-zilei-4-ianuarie-soborul-sfintilor-70-de-apostoli\/\" class=\"crp_link post-34856\"><span class=\"crp_title\">Calendarul zilei 4 ianuarie: Soborul Sfin\u021bilor 70 de apostoli<\/span><\/a><\/li>\n<li><a href=\"https:\/\/r3media.ro\/calendarul-zilei-18-decembrie-sf-cuvios-daniil-sihastrul-duhovnicul-sf-stefan-cel-mare\/\" class=\"crp_link post-86710\"><span class=\"crp_title\">Calendarul zilei 18 decembrie: Sf. Cuvios Daniil Sihastrul, duhovnicul Sf. \u0218tefan cel Mare<\/span><\/a><\/li>\n<li><a href=\"https:\/\/r3media.ro\/calendarul-zilei-22-iunie-sf-ierarh-grigorie-dascalul-mitropolitul-tarii-romanesti-sf-sfintit-mc-eusebiu-episcopul-samosatei\/\" class=\"crp_link post-48963\"><span class=\"crp_title\">Calendarul zilei 22 iunie: Sf. Ierarh Grigorie Dasc\u0103lul, Mitropolitul \u021a\u0103rii Rom\u00e2ne\u0219ti; Sf.\u2026<\/span><\/a><\/li>\n<li><a href=\"https:\/\/r3media.ro\/calendarul-zilei-2-august-aducerea-moastelor-sfantului-intai-mucenic-si-arhidiacon-stefan\/\" class=\"crp_link post-99006\"><span class=\"crp_title\">Calendarul zilei 2 august: Aducerea moa\u015ftelor Sf\u00e2ntului \u00cent\u00e2i Mucenic \u015fi Arhidiacon \u015etefan<\/span><\/a><\/li>\n<li><a href=\"https:\/\/r3media.ro\/6-iulie-sf-cuv-dometie-cel-milostiv-de-la-ramet-si-mama-sa-sf-cuv-filotimia-sf-cuv-sisoe-cel-mare\/\" class=\"crp_link post-119451\"><span class=\"crp_title\">Calendarul zilei 6 iulie: Sf. Cuv. Dometie cel Milostiv de la R\u00e2me\u021b \u0219i mama sa, Sf. Cuv.\u2026<\/span><\/a><\/li>\n<li><a href=\"https:\/\/r3media.ro\/calendarul-zilei-9-mai-sf-proroc-isaia-sf-mc-hristofor-aducerea-la-bari-a-moastelor-sf-ier-nicolae\/\" class=\"crp_link post-94576\"><span class=\"crp_title\">Calendarul zilei 9 mai: Sf. Proroc Isaia; Sf. Mc. Hristofor; Aducerea la Bari a moa\u0219telor\u2026<\/span><\/a><\/li>\n<\/ul>\n<\/div>\n<\/div>\n<\/div>\n<div class=\"td_block_wrap tdb_single_tags tdi_19 td-pb-border-top td_block_template_1\" data-td-block-uid=\"tdi_19\">\n<div class=\"tdb-block-inner td-fix-index\">\n<ul class=\"tdb-tags\">\n<li><span>SUBIECTE FIERBIN\u021aI<\/span><\/li>\n<li><a href=\"https:\/\/r3media.ro\/tag\/calendar-ortodox\/\">calendar ortodox<\/a><\/li>\n<li><a href=\"https:\/\/r3media.ro\/tag\/calendarul-zilei\/\">calendarul zilei<\/a><\/li>\n<li><a href=\"https:\/\/r3media.ro\/tag\/calendarul-zilei-13-iulie\/\">calendarul zilei 13 iulie<\/a><\/li>\n<\/ul>\n<\/div>\n<\/div>\n<div class=\"td_block_wrap td_block_9 tdi_20 td_with_ajax_pagination td-pb-border-top td_block_template_1 td-column-2 td_block_padding td_block_bot_line\" data-td-block-uid=\"tdi_20\">\n<div class=\"td-block-title-wrap\">\n<h4 class=\"block-title td-block-title\"><span class=\"td-pulldown-size\">CITE\u0218TE MAI MULT<\/span><\/h4>\n<\/div>\n<div id=\"tdi_20\" class=\"td_block_inner\">\n<div class=\"td-block-row\">\n<div class=\"td-block-span6\">\n<div class=\"td_module_8 td_module_wrap\">\n<div class=\"item-details\">\n<h3 class=\"entry-title td-module-title\"><a href=\"https:\/\/r3media.ro\/o-femeie-mentalitate-femei-moderne-printese-disney\/\" rel=\"bookmark\" title=\"VIDEO | O femeie critic\u0103 mentalitatea femeii moderne care distruge rela\u021bia cu b\u0103rbatul s\u0103u: Suntem crescute \u00een ideea de prin\u021bese, dar nu suntem la Disney\">VIDEO | O femeie critic\u0103 mentalitatea femeii moderne care distruge rela\u021bia cu b\u0103rbatul s\u0103u:&#8230;<\/a><\/h3>\n<div class=\"td-module-meta-info\"><a href=\"https:\/\/r3media.ro\/category\/actualitate\/\" class=\"td-post-category\">ACTUALITATE<\/a><span class=\"td-post-author-name\"><a href=\"https:\/\/r3media.ro\/author\/teodor_stan\/\">Teodor Stan<\/a><span>&#8211;<\/span><\/span><span class=\"td-post-date\"><time class=\"entry-date updated td-module-date\" datetime=\"2026-07-10T12:47:58+03:00\">10\/07\/2026<\/time><\/span><\/div>\n<\/div>\n<\/div>\n<\/div>\n<div class=\"td-block-span6\">\n<div class=\"td_module_8 td_module_wrap\">\n<div class=\"item-details\">\n<h3 class=\"entry-title td-module-title\"><a href=\"https:\/\/r3media.ro\/sofer-surpriza-neplacuta-benzinarie-austria-oprit-apa-portbagaj\/\" rel=\"bookmark\" title=\"Un \u0219ofer a avut parte de o surpriz\u0103 nepl\u0103cut\u0103 la benzin\u0103rie dup\u0103 ce a oprit un minut \u0219i 28 de secunde pentru a scoate o sticl\u0103 de ap\u0103 din portbagaj\">Un \u0219ofer a avut parte de o surpriz\u0103 nepl\u0103cut\u0103 la benzin\u0103rie dup\u0103 ce a&#8230;<\/a><\/h3>\n<div class=\"td-module-meta-info\"><a href=\"https:\/\/r3media.ro\/category\/featured\/\" class=\"td-post-category\">FEATURED<\/a><span class=\"td-post-author-name\"><a href=\"https:\/\/r3media.ro\/author\/oana\/\">Oana Ivan<\/a><span>&#8211;<\/span><\/span><span class=\"td-post-date\"><time class=\"entry-date updated td-module-date\" datetime=\"2026-07-11T13:00:01+03:00\">11\/07\/2026<\/time><\/span><\/div>\n<\/div>\n<\/div>\n<\/div>\n<\/div>\n<div class=\"td-block-row\">\n<div class=\"td-block-span6\">\n<div class=\"td_module_8 td_module_wrap\">\n<div class=\"item-details\">\n<h3 class=\"entry-title td-module-title\"><a href=\"https:\/\/r3media.ro\/guvernul-sanchez-demoleaza-monumentul-de-la-majadahonda-ion-mota-vasile-marin-lupta-rzaboiul-civil-spaniol-comunisti\/\" rel=\"bookmark\" title=\"Guvernul Sanchez demoleaz\u0103 Monumentul de la Majadahonda, dedicat lui Ion Mo\u021ba \u0219i Vasile Marin, rom\u00e2nii care au luptat \u00eempotriva comuni\u0219tilor \u00een R\u0103zboiul Civil Spaniol\">Guvernul Sanchez demoleaz\u0103 Monumentul de la Majadahonda, dedicat lui Ion Mo\u021ba \u0219i Vasile Marin,&#8230;<\/a><\/h3>\n<div class=\"td-module-meta-info\"><a href=\"https:\/\/r3media.ro\/category\/featured\/\" class=\"td-post-category\">FEATURED<\/a><span class=\"td-post-author-name\"><a href=\"https:\/\/r3media.ro\/author\/oana\/\">Oana Ivan<\/a><span>&#8211;<\/span><\/span><span class=\"td-post-date\"><time class=\"entry-date updated td-module-date\" datetime=\"2026-07-12T01:11:49+03:00\">12\/07\/2026<\/time><\/span><\/div>\n<\/div>\n<\/div>\n<\/div>\n<div class=\"td-block-span6\">\n<div class=\"td_module_8 td_module_wrap\">\n<div class=\"item-details\">\n<h3 class=\"entry-title td-module-title\"><a href=\"https:\/\/r3media.ro\/cutremur-5-5-grade-scara-richter-resimtit-cehia-slovacia\/\" rel=\"bookmark\" title=\"Cutremur de 5.5 grade pe scara Richter. S-a resim\u021bit \u00een Cehia \u0219i Slovacia\">Cutremur de 5.5 grade pe scara Richter. S-a resim\u021bit \u00een Cehia \u0219i Slovacia<\/a><\/h3>\n<div class=\"td-module-meta-info\"><a href=\"https:\/\/r3media.ro\/category\/actualitate\/\" class=\"td-post-category\">ACTUALITATE<\/a><span class=\"td-post-author-name\"><a href=\"https:\/\/r3media.ro\/author\/oana\/\">Oana Ivan<\/a><span>&#8211;<\/span><\/span><span class=\"td-post-date\"><time class=\"entry-date updated td-module-date\" datetime=\"2026-07-09T20:48:24+03:00\">09\/07\/2026<\/time><\/span><\/div>\n<\/div>\n<\/div>\n<\/div>\n<\/div>\n<div class=\"td-block-row\">\n<div class=\"td-block-span6\">\n<div class=\"td_module_8 td_module_wrap\">\n<div class=\"item-details\">\n<h3 class=\"entry-title td-module-title\"><a href=\"https:\/\/r3media.ro\/presedintele-croatiei-interesele-poporului-ursula-von-der-leyen\/\" rel=\"bookmark\" title=\"Pre\u0219edintele Croa\u021biei spune c\u0103 este obligat s\u0103 apere interesele poporului s\u0103u, \u201enu s\u0103 urmez orbe\u0219te trenduri sau s\u0103 repet ca un papagal frazele care \u00eei plac Ursulei von der Leyen\u201d\">Pre\u0219edintele Croa\u021biei spune c\u0103 este obligat s\u0103 apere interesele poporului s\u0103u, \u201enu s\u0103 urmez&#8230;<\/a><\/h3>\n<div class=\"td-module-meta-info\"><a href=\"https:\/\/r3media.ro\/category\/actualitate\/\" class=\"td-post-category\">ACTUALITATE<\/a><span class=\"td-post-author-name\"><a href=\"https:\/\/r3media.ro\/author\/radu_ursan\/\">Radu Ursan<\/a><span>&#8211;<\/span><\/span><span class=\"td-post-date\"><time class=\"entry-date updated td-module-date\" datetime=\"2026-07-08T22:42:08+03:00\">08\/07\/2026<\/time><\/span><\/div>\n<\/div>\n<\/div>\n<\/div>\n<div class=\"td-block-span6\">\n<div class=\"td_module_8 td_module_wrap\">\n<div class=\"item-details\">\n<h3 class=\"entry-title td-module-title\"><a href=\"https:\/\/r3media.ro\/femeie-cumparat-automobil-electric-mana-a-doua-surpriza-plecat-masina\/\" rel=\"bookmark\" title=\"O femeie care \u0219i-a achizi\u021bionat un automobil electric la m\u00e2na a doua a avut parte de o surpriz\u0103 imediat dup\u0103 ce a plecat cu ma\u0219ina\">O femeie care \u0219i-a achizi\u021bionat un automobil electric la m\u00e2na a doua a avut&#8230;<\/a><\/h3>\n<div class=\"td-module-meta-info\"><a href=\"https:\/\/r3media.ro\/category\/actualitate\/\" class=\"td-post-category\">ACTUALITATE<\/a><span class=\"td-post-author-name\"><a href=\"https:\/\/r3media.ro\/author\/oana\/\">Oana Ivan<\/a><span>&#8211;<\/span><\/span><span class=\"td-post-date\"><time class=\"entry-date updated td-module-date\" datetime=\"2026-07-08T19:56:23+03:00\">08\/07\/2026<\/time><\/span><\/div>\n<\/div>\n<\/div>\n<\/div>\n<\/div>\n<div class=\"td-block-row\">\n<div class=\"td-block-span6\">\n<div class=\"td_module_8 td_module_wrap\">\n<div class=\"item-details\">\n<h3 class=\"entry-title td-module-title\"><a href=\"https:\/\/r3media.ro\/lectii-de-inapoiere\/\" rel=\"bookmark\" title=\"Lec\u021bii de \u00eenapoiere\">Lec\u021bii de \u00eenapoiere<\/a><\/h3>\n<div class=\"td-module-meta-info\"><a href=\"https:\/\/r3media.ro\/category\/opinii\/\" class=\"td-post-category\">OPINII<\/a><span class=\"td-post-author-name\"><a href=\"https:\/\/r3media.ro\/author\/tru\/\">TRU (Traian Ungureanu)<\/a><span>&#8211;<\/span><\/span><span class=\"td-post-date\"><time class=\"entry-date updated td-module-date\" datetime=\"2026-07-07T14:50:09+03:00\">07\/07\/2026<\/time><\/span><\/div>\n<\/div>\n<\/div>\n<\/div>\n<div class=\"td-block-span6\">\n<div class=\"td_module_8 td_module_wrap\">\n<div class=\"item-details\">\n<h3 class=\"entry-title td-module-title\"><a href=\"https:\/\/r3media.ro\/dreptate-pentru-memoria-lui-mircea-vulcanescu\/\" rel=\"bookmark\" title=\"Dreptate pentru memoria lui Mircea Vulc\u0103nescu\">Dreptate pentru memoria lui Mircea Vulc\u0103nescu<\/a><\/h3>\n<div class=\"td-module-meta-info\"><a href=\"https:\/\/r3media.ro\/category\/opinii\/\" class=\"td-post-category\">OPINII<\/a><span class=\"td-post-author-name\"><a href=\"https:\/\/r3media.ro\/author\/bogdan-munteanu\/\">Bogdan Munteanu<\/a><span>&#8211;<\/span><\/span><span class=\"td-post-date\"><time class=\"entry-date updated td-module-date\" datetime=\"2026-07-03T15:27:06+03:00\">03\/07\/2026<\/time><\/span><\/div>\n<\/div>\n<\/div>\n<\/div>\n<\/div>\n<div class=\"td-block-row\">\n<div class=\"td-block-span6\">\n<div class=\"td_module_8 td_module_wrap\">\n<div class=\"item-details\">\n<h3 class=\"entry-title td-module-title\"><a href=\"https:\/\/r3media.ro\/un-baietel-de-10-ani-are-nevoie-urgent-de-930-000-de-euro-pentru-a-trai-apelul-parintelui-alexandru-lungu\/\" rel=\"bookmark\" title=\"Un b\u0103ie\u021bel de 10 ani are nevoie URGENT de 930.000 de euro pentru a tr\u0103i. Apelul p\u0103rintelui Alexandru Lungu\">Un b\u0103ie\u021bel de 10 ani are nevoie URGENT de 930.000 de euro pentru a&#8230;<\/a><\/h3>\n<div class=\"td-module-meta-info\"><a href=\"https:\/\/r3media.ro\/category\/actualitate\/\" class=\"td-post-category\">ACTUALITATE<\/a><span class=\"td-post-author-name\"><a href=\"https:\/\/r3media.ro\/author\/redactia\/\">Redac\u021bia<\/a><span>&#8211;<\/span><\/span><span class=\"td-post-date\"><time class=\"entry-date updated td-module-date\" datetime=\"2026-07-01T14:14:11+03:00\">01\/07\/2026<\/time><\/span><\/div>\n<\/div>\n<\/div>\n<\/div>\n<div class=\"td-block-span6\">\n<div class=\"td_module_8 td_module_wrap\">\n<div class=\"item-details\">\n<h3 class=\"entry-title td-module-title\"><a href=\"https:\/\/r3media.ro\/solutie-istorica-curtea-de-apel-bucuresti-mircea-vulcanescu-nu-e-criminal-de-razboi\/\" rel=\"bookmark\" title=\"Solu\u021bie istoric\u0103 a Cur\u021bii de Apel Bucure\u0219ti \u00een cazul \u201eMircea Vulc\u0103nescu\u201d\">Solu\u021bie istoric\u0103 a Cur\u021bii de Apel Bucure\u0219ti \u00een cazul \u201eMircea Vulc\u0103nescu\u201d<\/a><\/h3>\n<div class=\"td-module-meta-info\"><a href=\"https:\/\/r3media.ro\/category\/actualitate\/\" class=\"td-post-category\">ACTUALITATE<\/a><span class=\"td-post-author-name\"><a href=\"https:\/\/r3media.ro\/author\/redactia\/\">Redac\u021bia<\/a><span>&#8211;<\/span><\/span><span class=\"td-post-date\"><time class=\"entry-date updated td-module-date\" datetime=\"2026-07-02T16:26:05+03:00\">02\/07\/2026<\/time><\/span><\/div>\n<\/div>\n<\/div>\n<\/div>\n<\/div>\n<div class=\"td-block-row\">\n<div class=\"td-block-span6\">\n<div class=\"td_module_8 td_module_wrap\">\n<div class=\"item-details\">\n<h3 class=\"entry-title td-module-title\"><a href=\"https:\/\/r3media.ro\/nicusor-dan-articol-presa-americana-luptatori-munti-trump\/\" rel=\"bookmark\" title=\"Nicu\u0219or Dan a publicat un articol \u00een presa american\u0103, \u00een care laud\u0103 lupt\u0103torii din mun\u021bi para\u0219uta\u021bi de SUA \u0219i pe pre\u0219edintele Trump\">Nicu\u0219or Dan a publicat un articol \u00een presa american\u0103, \u00een care laud\u0103 lupt\u0103torii din&#8230;<\/a><\/h3>\n<div class=\"td-module-meta-info\"><a href=\"https:\/\/r3media.ro\/category\/actualitate\/\" class=\"td-post-category\">ACTUALITATE<\/a><span class=\"td-post-author-name\"><a href=\"https:\/\/r3media.ro\/author\/redactia\/\">Redac\u021bia<\/a><span>&#8211;<\/span><\/span><span class=\"td-post-date\"><time class=\"entry-date updated td-module-date\" datetime=\"2026-07-02T12:17:31+03:00\">02\/07\/2026<\/time><\/span><\/div>\n<\/div>\n<\/div>\n<\/div>\n<div class=\"td-block-span6\">\n<div class=\"td_module_8 td_module_wrap\">\n<div class=\"item-details\">\n<h3 class=\"entry-title td-module-title\"><a href=\"https:\/\/r3media.ro\/suc-cico-bautura-carbogazoasa-fructe-naturala\/\" rel=\"bookmark\" title=\"Sucul CICO, subiect de ironii azi, era singura b\u0103utura carbogazoas\u0103 f\u0103cut EXCLUSIV din fructe \u0219i f\u0103r\u0103 conservan\u021bi chimici\">Sucul CICO, subiect de ironii azi, era singura b\u0103utura carbogazoas\u0103 f\u0103cut EXCLUSIV din fructe&#8230;<\/a><\/h3>\n<div class=\"td-module-meta-info\"><a href=\"https:\/\/r3media.ro\/category\/actualitate\/\" class=\"td-post-category\">ACTUALITATE<\/a><span class=\"td-post-author-name\"><a href=\"https:\/\/r3media.ro\/author\/radu_ursan\/\">Radu Ursan<\/a><span>&#8211;<\/span><\/span><span class=\"td-post-date\"><time class=\"entry-date updated td-module-date\" datetime=\"2026-07-01T18:44:17+03:00\">01\/07\/2026<\/time><\/span><\/div>\n<\/div>\n<\/div>\n<\/div>\n<\/div>\n<\/div>\n<div class=\"td-load-more-wrap td-load-more-infinite-wrap\" id=\"infinite-lm-tdi_20\"><a href=\"https:\/\/r3media.ro\/13-iulie-sf-dimitrie-bucuresti-soborul-sfantului-arhanghel-gavriil\/\" class=\"td_ajax_load_more td_ajax_load_more_js\" aria-label=\"\u00cenc\u0103rca\u021bi mai multe\" id=\"next-page-tdi_20\" data-td_block_id=\"tdi_20\">\u00cenc\u0103rca\u021bi mai multe<\/a><\/div>\n<\/div>\n<div class=\"td_block_wrap tdb_single_comments tdi_21 tdb-comm-layout2 td-pb-border-top td_block_template_1\" data-td-block-uid=\"tdi_21\">\n<div class=\"tdb-block-inner td-fix-index\">\n<div class=\"comments\" id=\"comments\">\n<div id=\"respond\" class=\"comment-respond\">\n<h3 id=\"reply-title\" class=\"comment-reply-title\">AI CEVA DE SPUS? <small><a rel=\"nofollow\" id=\"cancel-comment-reply-link\" href=\"https:\/\/r3media.ro\/13-iulie-sf-dimitrie-bucuresti-soborul-sfantului-arhanghel-gavriil\/#respond\">Renun\u021ba\u021bi la r\u0103spuns<\/a><\/small><\/h3>\n<div class=\"comment-form-input-wrap td-form-comment\">\n<div class=\"td-warning-comment\">V\u0103 rug\u0103m s\u0103 introduce\u021bi comentariul dvs.!<\/div>\n<\/div>\n<div class=\"comment-form-input-wrap td-form-author\">\n<div class=\"td-warning-author\">Introduce\u021bi aici numele dvs.<\/div>\n<\/div>\n<div class=\"comment-form-input-wrap td-form-email\">\n<div class=\"td-warning-email-error\">A\u021bi introdus o adres\u0103 de e-mail incorect\u0103!<\/div>\n<div class=\"td-warning-email\">V\u0103 rug\u0103m s\u0103 introduce\u021bi adresa dvs. de e-mail aici<\/div>\n<\/div>\n<\/div>\n<\/div>\n<\/div>\n<\/div>\n<\/div>\n<\/div>\n<div class=\"vc_column tdi_23  wpb_column vc_column_container tdc-column td-pb-span4 td-is-sticky\">\n<div class=\"wpb_wrapper\" data-sticky-enabled-on=\"W3RydWUsdHJ1ZSx0cnVlLHRydWVd\" data-sticky-offset=\"20\" data-sticky-is-width-auto=\"W2ZhbHNlLGZhbHNlLGZhbHNlLGZhbHNlXQ==\">\n<div class=\"wpb_wrapper td_block_wrap vc_widget_sidebar tdi_25 \">\n<div class=\"td_block_wrap td_block_7 td_block_widget tdi_26 td-pb-border-top td_block_template_1 td-column-1 td_block_padding\" data-td-block-uid=\"tdi_26\">\n<div class=\"td-block-title-wrap\">\n<h4 class=\"block-title td-block-title\"><span class=\"td-pulldown-size\">Articole RELA\u021aIONATE<\/span><\/h4>\n<\/div>\n<div id=\"tdi_26\" class=\"td_block_inner\">\n<div class=\"td-block-span12\">\n<div class=\"td_module_6 td_module_wrap td-animation-stack\">\n<div class=\"td-module-thumb\"><a href=\"https:\/\/r3media.ro\/ioan-aurel-pop-lege-vexler-razboi-istoria\/\" rel=\"bookmark\" class=\"td-image-wrap \" title=\"Ioan-Aurel Pop critic\u0103 legea Vexler \u00eentr-un articol de neratat: Nu putem s\u0103 ducem un r\u0103zboi cu istoria\"><img loading=\"lazy\" decoding=\"async\" class=\"entry-thumb\" src=\"https:\/\/r3media.ro\/wp-content\/uploads\/2021\/11\/ioan-aurel-pop-patriotism-e1783881771310-100x70.jpg\" alt title=\"Ioan-Aurel Pop critic\u0103 legea Vexler \u00eentr-un articol de neratat: Nu putem s\u0103 ducem un r\u0103zboi cu istoria\" width=\"100\" height=\"70\"><\/a><\/div>\n<div class=\"item-details\">\n<h3 class=\"entry-title td-module-title\"><a href=\"https:\/\/r3media.ro\/ioan-aurel-pop-lege-vexler-razboi-istoria\/\" rel=\"bookmark\" title=\"Ioan-Aurel Pop critic\u0103 legea Vexler \u00eentr-un articol de neratat: Nu putem s\u0103 ducem un r\u0103zboi cu istoria\">Ioan-Aurel Pop critic\u0103 legea Vexler \u00eentr-un articol de neratat: Nu putem&#8230;<\/a><\/h3>\n<div class=\"td-module-meta-info\"><span class=\"td-post-date\"><time class=\"entry-date updated td-module-date\" datetime=\"2026-07-12T21:42:54+03:00\">12\/07\/2026<\/time><\/span><\/div>\n<\/div>\n<\/div>\n<\/div>\n<div class=\"td-block-span12\">\n<div class=\"td_module_6 td_module_wrap td-animation-stack\">\n<div class=\"td-module-thumb\"><a href=\"https:\/\/r3media.ro\/scandalul-rachetelor-patriot-zguduie-polonia-varsovia-declasifica-tot-ajutorul-militar-acordat-ucrainei\/\" rel=\"bookmark\" class=\"td-image-wrap \" title=\"Scandalul rachetelor Patriot zguduie Polonia: Var\u0219ovia declasific\u0103 tot ajutorul militar acordat Ucrainei\"><img loading=\"lazy\" decoding=\"async\" class=\"entry-thumb\" src=\"https:\/\/r3media.ro\/wp-content\/uploads\/2026\/06\/nawrocki-zelenski-polonia-ucraina-100x70.jpg\" alt title=\"Scandalul rachetelor Patriot zguduie Polonia: Var\u0219ovia declasific\u0103 tot ajutorul militar acordat Ucrainei\" width=\"100\" height=\"70\"><\/a><\/div>\n<div class=\"item-details\">\n<h3 class=\"entry-title td-module-title\"><a href=\"https:\/\/r3media.ro\/scandalul-rachetelor-patriot-zguduie-polonia-varsovia-declasifica-tot-ajutorul-militar-acordat-ucrainei\/\" rel=\"bookmark\" title=\"Scandalul rachetelor Patriot zguduie Polonia: Var\u0219ovia declasific\u0103 tot ajutorul militar acordat Ucrainei\">Scandalul rachetelor Patriot zguduie Polonia: Var\u0219ovia declasific\u0103 tot ajutorul militar acordat&#8230;<\/a><\/h3>\n<div class=\"td-module-meta-info\"><span class=\"td-post-date\"><time class=\"entry-date updated td-module-date\" datetime=\"2026-07-12T20:43:04+03:00\">12\/07\/2026<\/time><\/span><\/div>\n<\/div>\n<\/div>\n<\/div>\n<div class=\"td-block-span12\">\n<div class=\"td_module_6 td_module_wrap td-animation-stack\">\n<div class=\"td-module-thumb\"><a href=\"https:\/\/r3media.ro\/senatorul-american-lindsey-graham-a-murit\/\" rel=\"bookmark\" class=\"td-image-wrap \" title=\"Senatorul american Lindsey Graham a murit la 71 de ani, dup\u0103 o \u201eboal\u0103 scurt\u0103 \u0219i brusc\u0103\u201d\"><img loading=\"lazy\" decoding=\"async\" class=\"entry-thumb\" src=\"https:\/\/r3media.ro\/wp-content\/uploads\/2024\/04\/graham-zelenski-100x70.jpeg\" alt title=\"Senatorul american Lindsey Graham a murit la 71 de ani, dup\u0103 o \u201eboal\u0103 scurt\u0103 \u0219i brusc\u0103\u201d\" width=\"100\" height=\"70\"><\/a><\/div>\n<div class=\"item-details\">\n<h3 class=\"entry-title td-module-title\"><a href=\"https:\/\/r3media.ro\/senatorul-american-lindsey-graham-a-murit\/\" rel=\"bookmark\" title=\"Senatorul american Lindsey Graham a murit la 71 de ani, dup\u0103 o \u201eboal\u0103 scurt\u0103 \u0219i brusc\u0103\u201d\">Senatorul american Lindsey Graham a murit la 71 de ani, dup\u0103&#8230;<\/a><\/h3>\n<div class=\"td-module-meta-info\"><span class=\"td-post-date\"><time class=\"entry-date updated td-module-date\" datetime=\"2026-07-12T20:22:23+03:00\">12\/07\/2026<\/time><\/span><\/div>\n<\/div>\n<\/div>\n<\/div>\n<div class=\"td-block-span12\">\n<div class=\"td_module_6 td_module_wrap td-animation-stack\">\n<div class=\"td-module-thumb\"><a href=\"https:\/\/r3media.ro\/ce-ne-facem-cu-atatia-prosti\/\" rel=\"bookmark\" class=\"td-image-wrap \" title=\"Ce ne facem cu at\u00e2\u021bia pro\u0219ti?\"><img loading=\"lazy\" decoding=\"async\" class=\"entry-thumb\" src=\"https:\/\/r3media.ro\/wp-content\/uploads\/2026\/07\/rascoala-1907-100x70.jpg\" alt title=\"Ce ne facem cu at\u00e2\u021bia pro\u0219ti?\" width=\"100\" height=\"70\"><\/a><\/div>\n<div class=\"item-details\">\n<h3 class=\"entry-title td-module-title\"><a href=\"https:\/\/r3media.ro\/ce-ne-facem-cu-atatia-prosti\/\" rel=\"bookmark\" title=\"Ce ne facem cu at\u00e2\u021bia pro\u0219ti?\">Ce ne facem cu at\u00e2\u021bia pro\u0219ti?<\/a><\/h3>\n<div class=\"td-module-meta-info\"><span class=\"td-post-date\"><time class=\"entry-date updated td-module-date\" datetime=\"2026-07-12T14:11:45+03:00\">12\/07\/2026<\/time><\/span><\/div>\n<\/div>\n<\/div>\n<\/div>\n<div class=\"td-block-span12\">\n<div class=\"td_module_6 td_module_wrap td-animation-stack\">\n<div class=\"td-module-thumb\"><a href=\"https:\/\/r3media.ro\/guvernul-sanchez-demoleaza-monumentul-de-la-majadahonda-ion-mota-vasile-marin-lupta-rzaboiul-civil-spaniol-comunisti\/\" rel=\"bookmark\" class=\"td-image-wrap \" title=\"Guvernul Sanchez demoleaz\u0103 Monumentul de la Majadahonda, dedicat lui Ion Mo\u021ba \u0219i Vasile Marin, rom\u00e2nii care au luptat \u00eempotriva comuni\u0219tilor \u00een R\u0103zboiul Civil Spaniol\"><img loading=\"lazy\" decoding=\"async\" class=\"entry-thumb\" src=\"https:\/\/r3media.ro\/wp-content\/uploads\/2023\/07\/pedro-sanchez-e1690449856110-100x70.jpg\" alt title=\"Guvernul Sanchez demoleaz\u0103 Monumentul de la Majadahonda, dedicat lui Ion Mo\u021ba \u0219i Vasile Marin, rom\u00e2nii care au luptat \u00eempotriva comuni\u0219tilor \u00een R\u0103zboiul Civil Spaniol\" width=\"100\" height=\"70\"><\/a><\/div>\n<div class=\"item-details\">\n<h3 class=\"entry-title td-module-title\"><a href=\"https:\/\/r3media.ro\/guvernul-sanchez-demoleaza-monumentul-de-la-majadahonda-ion-mota-vasile-marin-lupta-rzaboiul-civil-spaniol-comunisti\/\" rel=\"bookmark\" title=\"Guvernul Sanchez demoleaz\u0103 Monumentul de la Majadahonda, dedicat lui Ion Mo\u021ba \u0219i Vasile Marin, rom\u00e2nii care au luptat \u00eempotriva comuni\u0219tilor \u00een R\u0103zboiul Civil Spaniol\">Guvernul Sanchez demoleaz\u0103 Monumentul de la Majadahonda, dedicat lui Ion Mo\u021ba&#8230;<\/a><\/h3>\n<div class=\"td-module-meta-info\"><span class=\"td-post-date\"><time class=\"entry-date updated td-module-date\" datetime=\"2026-07-12T01:11:49+03:00\">12\/07\/2026<\/time><\/span><\/div>\n<\/div>\n<\/div>\n<\/div>\n<div class=\"td-block-span12\">\n<div class=\"td_module_6 td_module_wrap td-animation-stack\">\n<div class=\"td-module-thumb\"><a href=\"https:\/\/r3media.ro\/sofer-surpriza-neplacuta-benzinarie-austria-oprit-apa-portbagaj\/\" rel=\"bookmark\" class=\"td-image-wrap \" title=\"Un \u0219ofer a avut parte de o surpriz\u0103 nepl\u0103cut\u0103 la benzin\u0103rie dup\u0103 ce a oprit un minut \u0219i 28 de secunde pentru a scoate o sticl\u0103 de ap\u0103 din portbagaj\"><img loading=\"lazy\" decoding=\"async\" class=\"entry-thumb\" src=\"https:\/\/r3media.ro\/wp-content\/uploads\/2026\/07\/benzinarie-100x70.jpg\" alt title=\"Un \u0219ofer a avut parte de o surpriz\u0103 nepl\u0103cut\u0103 la benzin\u0103rie dup\u0103 ce a oprit un minut \u0219i 28 de secunde pentru a scoate o sticl\u0103 de ap\u0103 din portbagaj\" width=\"100\" height=\"70\"><\/a><\/div>\n<div class=\"item-details\">\n<h3 class=\"entry-title td-module-title\"><a href=\"https:\/\/r3media.ro\/sofer-surpriza-neplacuta-benzinarie-austria-oprit-apa-portbagaj\/\" rel=\"bookmark\" title=\"Un \u0219ofer a avut parte de o surpriz\u0103 nepl\u0103cut\u0103 la benzin\u0103rie dup\u0103 ce a oprit un minut \u0219i 28 de secunde pentru a scoate o sticl\u0103 de ap\u0103 din portbagaj\">Un \u0219ofer a avut parte de o surpriz\u0103 nepl\u0103cut\u0103 la benzin\u0103rie&#8230;<\/a><\/h3>\n<div class=\"td-module-meta-info\"><span class=\"td-post-date\"><time class=\"entry-date updated td-module-date\" datetime=\"2026-07-11T13:00:01+03:00\">11\/07\/2026<\/time><\/span><\/div>\n<\/div>\n<\/div>\n<\/div>\n<div class=\"td-block-span12\">\n<div class=\"td_module_6 td_module_wrap td-animation-stack\">\n<div class=\"td-module-thumb\"><a href=\"https:\/\/r3media.ro\/ministerul-apararii-nationale-detectare-tinte-aeriene-granita-ucraina\/\" rel=\"bookmark\" class=\"td-image-wrap \" title=\"Ministerul Ap\u0103r\u0103rii Na\u021bionale e detectat \u021binte aeriene la grani\u021ba cu Ucraina\"><img loading=\"lazy\" decoding=\"async\" class=\"entry-thumb\" src=\"https:\/\/r3media.ro\/wp-content\/uploads\/2023\/09\/drone-1-100x70.webp\" alt title=\"Ministerul Ap\u0103r\u0103rii Na\u021bionale e detectat \u021binte aeriene la grani\u021ba cu Ucraina\" width=\"100\" height=\"70\"><\/a><\/div>\n<div class=\"item-details\">\n<h3 class=\"entry-title td-module-title\"><a href=\"https:\/\/r3media.ro\/ministerul-apararii-nationale-detectare-tinte-aeriene-granita-ucraina\/\" rel=\"bookmark\" title=\"Ministerul Ap\u0103r\u0103rii Na\u021bionale e detectat \u021binte aeriene la grani\u021ba cu Ucraina\">Ministerul Ap\u0103r\u0103rii Na\u021bionale e detectat \u021binte aeriene la grani\u021ba cu Ucraina<\/a><\/h3>\n<div class=\"td-module-meta-info\"><span class=\"td-post-date\"><time class=\"entry-date updated td-module-date\" datetime=\"2026-07-11T11:50:15+03:00\">11\/07\/2026<\/time><\/span><\/div>\n<\/div>\n<\/div>\n<\/div>\n<\/div>\n<\/div>\n<aside class=\"td_block_template_1 widget widget_recent_comments\">\n<h4 class=\"block-title\"><span>INTR\u0102 \u00ceN DISCU\u021aIE!<\/span><\/h4>\n<ul id=\"recentcomments\">\n<li class=\"recentcomments\"><span class=\"comment-author-link\">Eu<\/span> la <a href=\"https:\/\/r3media.ro\/guvernul-sanchez-demoleaza-monumentul-de-la-majadahonda-ion-mota-vasile-marin-lupta-rzaboiul-civil-spaniol-comunisti\/#comment-40267\">Guvernul Sanchez demoleaz\u0103 Monumentul de la Majadahonda, dedicat lui Ion Mo\u021ba \u0219i Vasile Marin, rom\u00e2nii care au luptat \u00eempotriva comuni\u0219tilor \u00een R\u0103zboiul Civil Spaniol<\/a><\/li>\n<li class=\"recentcomments\"><span class=\"comment-author-link\">Constantin<\/span> la <a href=\"https:\/\/r3media.ro\/guvernul-sanchez-demoleaza-monumentul-de-la-majadahonda-ion-mota-vasile-marin-lupta-rzaboiul-civil-spaniol-comunisti\/#comment-40266\">Guvernul Sanchez demoleaz\u0103 Monumentul de la Majadahonda, dedicat lui Ion Mo\u021ba \u0219i Vasile Marin, rom\u00e2nii care au luptat \u00eempotriva comuni\u0219tilor \u00een R\u0103zboiul Civil Spaniol<\/a><\/li>\n<li class=\"recentcomments\"><span class=\"comment-author-link\">Redac\u021bia<\/span> la <a href=\"https:\/\/r3media.ro\/ins-migratia-internationala-a-reusit-sa-stabilizeze-populatia-rezidenta-a-romaniei\/#comment-40264\">Pre\u0219edintele Institutului Na\u021bional de Statistic\u0103 (INS): Migra\u021bia interna\u021bional\u0103 a reu\u0219it s\u0103 stabilizeze popula\u021bia rezident\u0103 a Rom\u00e2niei<\/a><\/li>\n<li class=\"recentcomments\"><span class=\"comment-author-link\">Redac\u021bia<\/span> la <a href=\"https:\/\/r3media.ro\/ins-migratia-internationala-a-reusit-sa-stabilizeze-populatia-rezidenta-a-romaniei\/#comment-40263\">Pre\u0219edintele Institutului Na\u021bional de Statistic\u0103 (INS): Migra\u021bia interna\u021bional\u0103 a reu\u0219it s\u0103 stabilizeze popula\u021bia rezident\u0103 a Rom\u00e2niei<\/a><\/li>\n<li class=\"recentcomments\"><span class=\"comment-author-link\">anonim<\/span> la <a href=\"https:\/\/r3media.ro\/guvernul-sanchez-demoleaza-monumentul-de-la-majadahonda-ion-mota-vasile-marin-lupta-rzaboiul-civil-spaniol-comunisti\/#comment-40262\">Guvernul Sanchez demoleaz\u0103 Monumentul de la Majadahonda, dedicat lui Ion Mo\u021ba \u0219i Vasile Marin, rom\u00e2nii care au luptat \u00eempotriva comuni\u0219tilor \u00een R\u0103zboiul Civil Spaniol<\/a><\/li>\n<li class=\"recentcomments\"><span class=\"comment-author-link\">Huhu<\/span> la <a href=\"https:\/\/r3media.ro\/sofer-surpriza-neplacuta-benzinarie-austria-oprit-apa-portbagaj\/#comment-40261\">Un \u0219ofer a avut parte de o surpriz\u0103 nepl\u0103cut\u0103 la benzin\u0103rie dup\u0103 ce a oprit un minut \u0219i 28 de secunde pentru a scoate o sticl\u0103 de ap\u0103 din portbagaj<\/a><\/li>\n<li class=\"recentcomments\"><span class=\"comment-author-link\">Gulagu&#8217;<\/span> la <a href=\"https:\/\/r3media.ro\/ins-migratia-internationala-a-reusit-sa-stabilizeze-populatia-rezidenta-a-romaniei\/#comment-40260\">Pre\u0219edintele Institutului Na\u021bional de Statistic\u0103 (INS): Migra\u021bia interna\u021bional\u0103 a reu\u0219it s\u0103 stabilizeze popula\u021bia rezident\u0103 a Rom\u00e2niei<\/a><\/li>\n<\/ul>\n<\/aside>\n<aside class=\"td_block_template_1 widget widget_search\">\n<h4 class=\"block-title\"><span>CAUT\u0102 \u0218I VEI G\u0102SI<\/span><\/h4>\n<\/aside>\n<\/div>\n<\/div>\n<\/div>\n<\/div>\n<\/div>\n<\/div>\n<\/div>\n<p><span class=\"td-page-meta\"><\/span><span class=\"td-page-meta\"><span class=\"td-page-meta\"><\/span><\/span><span class=\"td-page-meta\"><\/span><\/article>\n<\/p>\n<div class=\"td_block_wrap tdb_single_content tdi_18 td-pb-border-top td_block_template_1 td-post-content tagdiv-type\" data-td-block-uid=\"tdi_18\">\n<div class=\"tdb-block-inner td-fix-index\">\n<p><strong>Pe 13 iulie Biserica face pomenirea aducerii moa\u0219telor Sf\u00e2ntului Cuvios Dimitrie cel Nou au fost a\u0219ezate \u00een Catedrala Mitropolitan\u0103 din Bucure\u0219ti \u2014 actuala Catedral\u0103 Patriarhal\u0103 de pe Dealul Mitropoliei.<\/strong><\/p>\n<p>Este una dintre pu\u021binele s\u0103rb\u0103tori din calendarul ortodox rom\u00e2n dedicate nu vie\u021bii unui sf\u00e2nt, ci sosirii lui \u00eentr-un ora\u0219.<\/p>\n<p>Povestea \u00eencepe \u00een timpul R\u0103zboiului Ruso-Turc din 1768\u20131774, purtat \u0219i la sud de Dun\u0103re. Generalul rus Petru Salt\u00e2cov a trecut fluviul \u0219i a ocupat, printre altele, satul Basarabov, \u00een apropierea Rusciucului (Ruse de azi), unde se aflau moa\u0219tele unui cioban devenit pustnic \u00een secolul al XIII-lea, cinstit de localnici de aproape cinci veacuri.<\/p>\n<p>Pentru ca racla s\u0103 nu fie profanat\u0103, generalul a hot\u0103r\u00e2t s\u0103 o ridice \u0219i s\u0103 o trimit\u0103 \u00een Rusia. Cortegiul a ajuns \u00eens\u0103 la Bucure\u0219ti.<\/p>\n<p>Aici, un negustor bogat \u0219i influent, Hagi Dimitrie \u2014 despre care sursele spun c\u0103 era macedorom\u00e2n \u2014, \u00eempreun\u0103 cu mitropolitul Grigorie al II-lea al \u021a\u0103rii Rom\u00e2ne\u0219ti, l-au rugat pe general s\u0103 lase moa\u0219tele \u00een \u021bar\u0103, ca m\u00e2ng\u00e2iere pentru pagubele \u0219i suferin\u021bele \u00eendurate de rom\u00e2ni \u00een timpul r\u0103zboiului. Argumentul a c\u00e2nt\u0103rit: Salt\u00e2cov a cedat.<\/p>\n<p>A luat cu sine doar m\u00e2na dreapt\u0103 a sf\u00e2ntului, trimis\u0103 la Kiev, unde se p\u0103streaz\u0103 \u00een Lavra Pecerska. Restul moa\u0219telor au fost a\u0219ezate \u00een Catedrala Mitropolitan\u0103 pe 13 iulie 1774.<\/p>\n<p>Ce a urmat a transformat un episod de r\u0103zboi \u00eentr-un cult local durabil. \u00cen 1786, mitropolitul Grigorie al II-lea a comandat pentru moa\u0219te o racl\u0103 de lemn \u00eembr\u0103cat\u0103 cu tabl\u0103 de argint, iar \u00eentre 1792 \u0219i 1793 mitropolitul Filaret al II-lea l-a proclamat oficial pe Sf\u00e2ntul Dimitrie ocrotitor al Catedralei \u0219i al ora\u0219ului Bucure\u0219ti. Memoria Bisericii i-a atribuit interven\u021bii \u00een momentele grele ale Capitalei: ciuma din 1813\u20131815, seceta din 1827, holera din 1831, marele incendiu din 1847.<\/p>\n<p>Canonizarea sa general\u0103 a venit abia \u00een 1955, la propunerea patriarhului Justinian Marina, cu zi de pr\u0103znuire pe 27 octombrie \u2014 dar bucure\u0219tenii urcaser\u0103 deja, timp de aproape dou\u0103 secole, Dealul Mitropoliei ca s\u0103 se \u00eenchine la racla lui.<\/p>\n<h2><strong>Soborul Sfantului Arhanghel Gavriil<\/strong><\/h2>\n<p>Arhanghelul Gavriil este una dintre c\u0103peteniile \u00eengerilor vestitori ai voii lui Dumnezeu. Dup\u0103 m\u0103rturiile Sfintei Scripturii \u0219i ale Sfintei Tradi\u021bii, Arhanghelul Gavriil a fost cel care l-a \u00eenv\u0103\u021bat pe Moise, \u00een pustiul Egiptului, s\u0103 scrie prima carte a Vechiului Testament, Facerea (Geneza).<\/p>\n<p>Sf\u00e2ntul Arhanghel Gavriil a t\u00e2lcuit Prorocului Daniil vedeniile cele minunate, referitoare la ceea ce se va \u00eent\u00e2mpla \u00een vremurile din urm\u0103. I-a mai spus despre eliberarea poporului lui Dumnezeu din robia Babilonului \u0219i despre vremea venirii celei dint\u00e2i a lui Hristos \u00een lume, prin \u00eentruparea cea din Preacurata Fecioar\u0103.<\/p>\n<p>cesta s-a ar\u0103tat Sfintei Ana, mama Maicii Domnului, care se t\u00e2nguia \u00een gr\u0103dina sa pentru c\u0103 nu se \u00eenvrednicise de na\u0219terea de prunci, rug\u00e2ndu-se cu lacrimi lui Dumnezeu, \u0219i i-a spus c\u0103 va na\u0219te pe fiica cea aleas\u0103 pentru a fi Maica M\u00e2ntuitorului, Care avea s\u0103 vin\u0103 spre izb\u0103virea neamului omenesc.<\/p>\n<p>Tot Arhanghelul Gavriil i-a vestit Sf\u00e2ntului Proroc Zaharia c\u0103 Elisabeta va na\u0219te pe \u00cenaintemerg\u0103torul Domnului, Sf\u00e2ntul Ioan Botez\u0103torul.<\/p>\n<p>De asemenea, Arhanghelul Gavriil a adus vestea cea bun\u0103 Sfintei Fecioare Maria. Reprezentat \u00een iconografia Bisericii Ortodoxe ca av\u00e2nd \u00een m\u00e2ini floarea de crin, Sf\u00e2ntul Arhanghel Gavriil mai este s\u0103rb\u0103torit \u0219i la 8 noiembrie, \u00eempreun\u0103 cu Sf\u00e2ntul Arhanghel Mihail.<\/p>\n<p>S\u0103rbatoarea din 13 iulie dateaz\u0103 din secolul al IX-lea, potrivit cre\u015ftinortodox.ro.Sf\u00e2ntul Arhanghel Gavriil mai este pomenit pe 26 martie, \u00een ziua de dup\u0103 Buna Vestire, pe 8 noiembrie c\u00e2nd s\u0103rb\u0103torim Soborul Sfin\u021bilor Arhangheli Mihail \u0219i Gavriil \u0219i pe 13 iulie, c\u00e2nd se face pomenire de toate minunile s\u0103v\u00e2r\u0219ite de Sf\u00e2ntul Arhanghel Gavriil.<\/p>\n<div class=\"crp_related     crp-masonry\">\n<h2>\u00ceN CONTEXT<\/h2>\n<ul>\n<li><a href=\"https:\/\/r3media.ro\/calendarul-zilei-26-octombrie-sf-dimitrie-dumitru-izvoratorul-de-mir-ocrotitorul-craiovei\/\" class=\"crp_link post-4638\"><span class=\"crp_title\">Calendarul zilei 26 octombrie: Sf. Dimitrie (Dumitru), Izvor\u00e2torul de Mir, ocrotitorul Craiovei<\/span><\/a><\/li>\n<li><a href=\"https:\/\/r3media.ro\/calendarul-zilei-21-august-moartea-domnitorului-si-marelui-om-de-cultura-dimitrie-cantemir\/\" class=\"crp_link post-79402\"><span class=\"crp_title\">Calendarul zilei 21 august: 302 de ani de la moartea domnitorului \u0219i marelui om de cultur\u0103,\u2026<\/span><\/a><\/li>\n<li><a href=\"https:\/\/r3media.ro\/calendarul-zilei-4-ianuarie-soborul-sfintilor-70-de-apostoli\/\" class=\"crp_link post-34856\"><span class=\"crp_title\">Calendarul zilei 4 ianuarie: Soborul Sfin\u021bilor 70 de apostoli<\/span><\/a><\/li>\n<li><a href=\"https:\/\/r3media.ro\/calendarul-zilei-18-decembrie-sf-cuvios-daniil-sihastrul-duhovnicul-sf-stefan-cel-mare\/\" class=\"crp_link post-86710\"><span class=\"crp_title\">Calendarul zilei 18 decembrie: Sf. Cuvios Daniil Sihastrul, duhovnicul Sf. \u0218tefan cel Mare<\/span><\/a><\/li>\n<li><a href=\"https:\/\/r3media.ro\/calendarul-zilei-22-iunie-sf-ierarh-grigorie-dascalul-mitropolitul-tarii-romanesti-sf-sfintit-mc-eusebiu-episcopul-samosatei\/\" class=\"crp_link post-48963\"><span class=\"crp_title\">Calendarul zilei 22 iunie: Sf. Ierarh Grigorie Dasc\u0103lul, Mitropolitul \u021a\u0103rii Rom\u00e2ne\u0219ti; Sf.\u2026<\/span><\/a><\/li>\n<li><a href=\"https:\/\/r3media.ro\/calendarul-zilei-2-august-aducerea-moastelor-sfantului-intai-mucenic-si-arhidiacon-stefan\/\" class=\"crp_link post-99006\"><span class=\"crp_title\">Calendarul zilei 2 august: Aducerea moa\u015ftelor Sf\u00e2ntului \u00cent\u00e2i Mucenic \u015fi Arhidiacon \u015etefan<\/span><\/a><\/li>\n<li><a href=\"https:\/\/r3media.ro\/6-iulie-sf-cuv-dometie-cel-milostiv-de-la-ramet-si-mama-sa-sf-cuv-filotimia-sf-cuv-sisoe-cel-mare\/\" class=\"crp_link post-119451\"><span class=\"crp_title\">Calendarul zilei 6 iulie: Sf. Cuv. Dometie cel Milostiv de la R\u00e2me\u021b \u0219i mama sa, Sf. Cuv.\u2026<\/span><\/a><\/li>\n<li><a href=\"https:\/\/r3media.ro\/calendarul-zilei-9-mai-sf-proroc-isaia-sf-mc-hristofor-aducerea-la-bari-a-moastelor-sf-ier-nicolae\/\" class=\"crp_link post-94576\"><span class=\"crp_title\">Calendarul zilei 9 mai: Sf. Proroc Isaia; Sf. Mc. Hristofor; Aducerea la Bari a moa\u0219telor\u2026<\/span><\/a><\/li>\n<\/ul>\n<\/div>\n<\/div>\n<\/div>\n<p>[analyse_source url=&#8221;https:\/\/r3media.ro\/13-iulie-sf-dimitrie-bucuresti-soborul-sfantului-arhanghel-gavriil\/&#8221;]<\/p>\n","protected":false},"excerpt":{"rendered":"<p>[analyse_image type=&#8221;featured&#8221; src=&#8221;https:\/\/r3media.ro\/wp-content\/uploads\/2022\/07\/sddefault-2.jpghttps:\/\/r3media.ro\/wp-content\/uploads\/2022\/07\/sddefault-2.jpg&#8221;] PRIM PLANCalendarul zilei 13 iulie: Aducerea moa\u0219telor Sf. Dimitrie cel Nou la Bucure\u0219ti&#8230;. PRIM PLAN\u0218TIRIVIDEO Calendarul zilei 13 iulie: Aducerea moa\u0219telor Sf. Dimitrie cel Nou la Bucure\u0219ti. Soborul Sf\u00e2ntului Arhanghel Gavriil Redac\u021bia 12\/07\/2026 Pe 13 iulie Biserica face pomenirea aducerii moa\u0219telor Sf\u00e2ntului Cuvios Dimitrie cel Nou au fost a\u0219ezate \u00een Catedrala Mitropolitan\u0103 [&hellip;]<\/p>\n","protected":false},"author":1,"featured_media":0,"comment_status":"open","ping_status":"","sticky":false,"template":"","format":"standard","meta":{"footnotes":""},"categories":[89],"tags":[226,93],"class_list":["post-2039930","post","type-post","status-publish","format-standard","hentry","category-romania","tag-crawlmanager","tag-r3media-ro"],"_links":{"self":[{"href":"https:\/\/analyse.optim.biz\/index.php?rest_route=\/wp\/v2\/posts\/2039930","targetHints":{"allow":["GET"]}}],"collection":[{"href":"https:\/\/analyse.optim.biz\/index.php?rest_route=\/wp\/v2\/posts"}],"about":[{"href":"https:\/\/analyse.optim.biz\/index.php?rest_route=\/wp\/v2\/types\/post"}],"author":[{"embeddable":true,"href":"https:\/\/analyse.optim.biz\/index.php?rest_route=\/wp\/v2\/users\/1"}],"replies":[{"embeddable":true,"href":"https:\/\/analyse.optim.biz\/index.php?rest_route=%2Fwp%2Fv2%2Fcomments&post=2039930"}],"version-history":[{"count":0,"href":"https:\/\/analyse.optim.biz\/index.php?rest_route=\/wp\/v2\/posts\/2039930\/revisions"}],"wp:attachment":[{"href":"https:\/\/analyse.optim.biz\/index.php?rest_route=%2Fwp%2Fv2%2Fmedia&parent=2039930"}],"wp:term":[{"taxonomy":"category","embeddable":true,"href":"https:\/\/analyse.optim.biz\/index.php?rest_route=%2Fwp%2Fv2%2Fcategories&post=2039930"},{"taxonomy":"post_tag","embeddable":true,"href":"https:\/\/analyse.optim.biz\/index.php?rest_route=%2Fwp%2Fv2%2Ftags&post=2039930"}],"curies":[{"name":"wp","href":"https:\/\/api.w.org\/{rel}","templated":true}]}}