{"id":2039760,"date":"2026-07-12T09:28:27","date_gmt":"2026-07-12T06:28:27","guid":{"rendered":"https:\/\/analyse.optim.biz\/?p=2039760"},"modified":"2026-07-12T09:28:27","modified_gmt":"2026-07-12T06:28:27","slug":"motociclistul-mort-in-accidentul-de-pe-centura-radautiului-a-fost-sanctionat-in-iunie-pentru-viteza-excesiva","status":"publish","type":"post","link":"https:\/\/analyse.optim.biz\/?p=2039760","title":{"rendered":"Motociclistul mort \u00een accidentul de pe centura R\u0103d\u0103u\u021biului a fost sanc\u021bionat \u00een iunie pentru vitez\u0103 excesiv\u0103"},"content":{"rendered":"<p>[analyse_image type=&#8221;featured&#8221; src=&#8221;https:\/\/www.informatiata.ro\/wp-content\/uploads\/2026\/07\/motociclist-accident-894&#215;1024.jpg&#8221;]<\/p>\n<div class=\"td-post-content tagdiv-type\">\n<div class=\"td-post-featured-image\"><a href=\"https:\/\/www.informatiata.ro\/wp-content\/uploads\/2026\/07\/motociclist-accident-scaled.jpg\" data-caption><img loading=\"lazy\" decoding=\"async\" width=\"696\" height=\"797\" class=\"entry-thumb td-modal-image\" src=\"https:\/\/www.informatiata.ro\/wp-content\/uploads\/2026\/07\/motociclist-accident-696x797.jpg\" alt title=\"motociclist accident\"><img loading=\"lazy\" decoding=\"async\" width=\"696\" height=\"797\" class=\"entry-thumb td-modal-image\" src=\"https:\/\/www.informatiata.ro\/wp-content\/uploads\/2026\/07\/motociclist-accident-696x797.jpg\" alt title=\"motociclist accident\"><\/a><\/div>\n<p>Motociclistul mort \u00een accidentul de pe centura R\u0103d\u0103u\u021biului a fost sanc\u021bionat \u00een iunie pentru vitez\u0103 excesiv\u0103. <\/p>\n<p>Accidentul rutier de s\u00e2mb\u0103t\u0103 noapte s-a produs tot din cauza vitezei. <\/p>\n<div class=\"td-a-rec td-a-rec-id-content_inlineright  tdi_7 td_block_template_1\"><img loading=\"lazy\" decoding=\"async\" class=\"aligncenter size-full wp-image-65536\" src=\"https:\/\/www.informatiata.ro\/wp-content\/uploads\/2026\/07\/SAVCOM-4.gif\" alt width=\"299\" height=\"250\"><img loading=\"lazy\" decoding=\"async\" class=\"aligncenter size-full wp-image-65536\" src=\"https:\/\/www.informatiata.ro\/wp-content\/uploads\/2026\/07\/SAVCOM-4.gif\" alt width=\"299\" height=\"250\"><img loading=\"lazy\" decoding=\"async\" class=\"aligncenter size-full wp-image-65537\" src=\"https:\/\/www.informatiata.ro\/wp-content\/uploads\/2026\/07\/FACOS-3.gif\" alt width=\"300\" height=\"250\"><img loading=\"lazy\" decoding=\"async\" class=\"aligncenter size-full wp-image-65537\" src=\"https:\/\/www.informatiata.ro\/wp-content\/uploads\/2026\/07\/FACOS-3.gif\" alt width=\"300\" height=\"250\"><\/div>\n<p>Cu ocazia primelor verific\u0103ri, s-a stabilit faptul c\u0103, \u021aab\u00eec\u0103 Denis, de 24 ani din loc.Costisa, com. Fr\u0103t\u0103u\u021bii Noi, conducea motocicleta marca Suzuki pe centura ocolitoare a mun.R\u0103d\u0103u\u021bi.<\/p>\n<p> \u00cen momentul \u00een care a ajuns \u00een zona KM3 s-a dezechilibrat \u0219i a c\u0103zut pe carosabil.<\/p>\n<p>\u00cen spatele s\u0103u se deplasau tot \u00een calitate de conduc\u0103tori de motociclete doi amici.<\/p>\n<p>Din cele relatate verbal de c\u0103tre martorii oculari, a rezultat faptul c\u0103, pe fondul neadapt\u0103rii vitezei pe un sector de drum \u00een curb\u0103 la dreapta, numitul \u021aab\u00eec\u0103 Denis deplas\u00e2ndu-se \u00een zona axului drumului DNCRD, a pierdut controlul asupra ghidonului motocicletei. <\/p>\n<p>Motocicleta a p\u0103truns pe contrasens, dup\u0103 care a derapat pe partea carosabil\u0103, a intrat \u00een contact cu solul pe partea lateral\u0103, iar dup\u0103 ce a parcurs o distan\u021b\u0103 de aproximativ 100 de metri pe sol, t\u00e2n\u0103rul a fost proiectat \u00een \u0219an\u021bul de pe partea st\u00e2nga a drumului public. <\/p>\n<p>Acesta a r\u0103mas \u00een stare de incon\u0219tien\u021b\u0103 \u00een afara p\u0103r\u021bii carosabile p\u00e2n\u0103 la sosirea la fa\u021ba locului a echipajelor specializate de interven\u021bie din cadrul Serviciului Jude\u021bean de Ambulan\u021b\u0103 Suceava \u0219i Deta\u0219amentului de Pompieri R\u0103d\u0103u\u021bi. <\/p>\n<p>Cadrele de la Ambulan\u021b\u0103 l-au transportat pe motociclist pe partea carosabil\u0103 \u00een vederea efectu\u0103rii manevrelor de resuscitare, care nu au avut rezultat, echipajele medicale prezente la fa\u021ba locului declar\u00e2nd decesul persoanei.<\/p>\n<p>La data de 30.06.2026, \u021aab\u00eec\u0103 Denis a fost depistat de c\u0103tre lucr\u0103torii din cadrul Poli\u021biei Municipiului R\u0103d\u0103u\u021bi-Compartimentul Rutier circul\u00e2nd pe DN17A com. Marginea cu motocicleta marca Honda, cu viteza de 119 km\/h \u00een localitate pe un sector de drum cu limitare la 50 km\/h. <\/p>\n<p>T\u00e2n\u0103rul a fost atunci sanc\u021bionat contraven\u021bional, fiindu-i re\u021binut permisul de conducere pentru o perioad\u0103 de 90 de zile, eliber\u00e2ndu-se dovad\u0103 cu drept de circula\u021bie. <\/p>\n<\/div>\n<p>[analyse_source url=&#8221;https:\/\/www.informatiata.ro\/motociclist-mort-in-accident-din-cauza-vitezei\/&#8221;]<\/p>\n","protected":false},"excerpt":{"rendered":"<p>[analyse_image type=&#8221;featured&#8221; src=&#8221;https:\/\/www.informatiata.ro\/wp-content\/uploads\/2026\/07\/motociclist-accident-894&#215;1024.jpg&#8221;] Motociclistul mort \u00een accidentul de pe centura R\u0103d\u0103u\u021biului a fost sanc\u021bionat \u00een iunie pentru vitez\u0103 excesiv\u0103. Accidentul rutier de s\u00e2mb\u0103t\u0103 noapte s-a produs tot din cauza vitezei. Cu ocazia primelor verific\u0103ri, s-a stabilit faptul c\u0103, \u021aab\u00eec\u0103 Denis, de 24 ani din loc.Costisa, com. Fr\u0103t\u0103u\u021bii Noi, conducea motocicleta marca Suzuki pe centura ocolitoare [&hellip;]<\/p>\n","protected":false},"author":1,"featured_media":0,"comment_status":"open","ping_status":"","sticky":false,"template":"","format":"standard","meta":{"footnotes":""},"categories":[89],"tags":[226,167],"class_list":["post-2039760","post","type-post","status-publish","format-standard","hentry","category-romania","tag-crawlmanager","tag-informatiata-ro"],"_links":{"self":[{"href":"https:\/\/analyse.optim.biz\/index.php?rest_route=\/wp\/v2\/posts\/2039760","targetHints":{"allow":["GET"]}}],"collection":[{"href":"https:\/\/analyse.optim.biz\/index.php?rest_route=\/wp\/v2\/posts"}],"about":[{"href":"https:\/\/analyse.optim.biz\/index.php?rest_route=\/wp\/v2\/types\/post"}],"author":[{"embeddable":true,"href":"https:\/\/analyse.optim.biz\/index.php?rest_route=\/wp\/v2\/users\/1"}],"replies":[{"embeddable":true,"href":"https:\/\/analyse.optim.biz\/index.php?rest_route=%2Fwp%2Fv2%2Fcomments&post=2039760"}],"version-history":[{"count":0,"href":"https:\/\/analyse.optim.biz\/index.php?rest_route=\/wp\/v2\/posts\/2039760\/revisions"}],"wp:attachment":[{"href":"https:\/\/analyse.optim.biz\/index.php?rest_route=%2Fwp%2Fv2%2Fmedia&parent=2039760"}],"wp:term":[{"taxonomy":"category","embeddable":true,"href":"https:\/\/analyse.optim.biz\/index.php?rest_route=%2Fwp%2Fv2%2Fcategories&post=2039760"},{"taxonomy":"post_tag","embeddable":true,"href":"https:\/\/analyse.optim.biz\/index.php?rest_route=%2Fwp%2Fv2%2Ftags&post=2039760"}],"curies":[{"name":"wp","href":"https:\/\/api.w.org\/{rel}","templated":true}]}}