{"id":203973,"date":"2014-05-29T23:46:54","date_gmt":"2014-05-29T20:46:54","guid":{"rendered":"https:\/\/analyse.optim.biz\/?p=203973"},"modified":"2014-05-29T23:46:54","modified_gmt":"2014-05-29T20:46:54","slug":"premierul-anunta-urmatorii-liberali-pe-lista-dna-crin-antonescu-o-declaratie-regretabila","status":"publish","type":"post","link":"https:\/\/analyse.optim.biz\/?p=203973","title":{"rendered":"Premierul anun\u0163\u0103 urm\u0103torii liberali pe lista DNA. Crin Antonescu: o declara\u021bie \u201eregretabil\u0103\u201d"},"content":{"rendered":"<div class=\"entry data-app-meta data-app-meta-article\" data-embed-base-url-canonical=\"https:\/\/www.digi24.ro\/embed\/stiri\/actualitate\/politica\/premierul-anunta-urmatorii-liberali-pe-lista-dna-crin-antonescu-o-declaratie-regretabila-249798\">\n<p data-index=\"1\">\u00centrebat despre descinderile procurorilor la pre\u0219edintele Consiliului Jude\u021bean Cluj Horea Uioreanu (PNL) \u0219i la primarul fin Piatra Neam\u021b Gheorghe \u0218tefan (PDL), Victor Ponta a spus: \u201eCred c\u0103 fac parte din lupta \u00eempotriva baronilor declan\u0219at\u0103 de domnul Antonescu. Cred c\u0103 urmeaz\u0103 Petrache \u0219i Filipescu\u201d.<\/p>\n<p data-index=\"2\">\u201e<span>Dac\u0103 nu mai e B\u0103sescu, e Antonescu acum, care&#8230; tot aia e!\u201d, a spus Victor Ponta.<\/span><\/p>\n<p data-index=\"3\">Replica lui Crin Antonescu nu s-a l\u0103sat a\u0219teptat\u0103.<\/p>\n<p data-index=\"4\">\u201e<span>E o declara\u021bie cu totul regretabil\u0103, pentru c\u0103 \u00eemi aduc aminte cum premierul \u00een repetate r\u00e2nduri l-am criticat pe domnul B\u0103sescu c\u00e2nd sugera c\u0103 s-ar putea deschide o urm\u0103rire penal\u0103, un dosar, c\u00e2nd califica oameni drept infractori f\u0103r\u0103 s\u0103 fi fost condamna\u021bi definitiv. Dac\u0103 a f\u0103cut o asemenea declara\u021bie e foarte grav.\u201d, a spus Crin Antonescu.<\/span><\/p>\n<p data-index=\"5\">\u201e<span>E nedemocratic, anormal \u00eentr-un stat de drept ca altcineva dec\u00e2t instan\u021bele abilitate s\u0103 anun\u021be sau chiar s\u0103 fac\u0103 prognoze \u00een leg\u0103tur\u0103 cu lucruri at\u00e2t de grave.\u00a0<\/span><\/p>\n<\/div>\n<p> Source URL: https:\/\/www.digi24.ro\/stiri\/actualitate\/politica\/premierul-anunta-urmatorii-liberali-pe-lista-dna-crin-antonescu-o-declaratie-regretabila-249798<\/p>\n","protected":false},"excerpt":{"rendered":"<p>\u00centrebat despre descinderile procurorilor la pre\u0219edintele Consiliului Jude\u021bean Cluj Horea Uioreanu (PNL) \u0219i la primarul fin Piatra Neam\u021b Gheorghe \u0218tefan (PDL), Victor Ponta a spus: \u201eCred c\u0103 fac parte din lupta \u00eempotriva baronilor declan\u0219at\u0103 de domnul Antonescu. Cred c\u0103 urmeaz\u0103 Petrache \u0219i Filipescu\u201d. \u201eDac\u0103 nu mai e B\u0103sescu, e Antonescu acum, care&#8230; tot aia e!\u201d, [&hellip;]<\/p>\n","protected":false},"author":1,"featured_media":203974,"comment_status":"open","ping_status":"","sticky":false,"template":"","format":"standard","meta":{"footnotes":""},"categories":[2],"tags":[11],"class_list":["post-203973","post","type-post","status-publish","format-standard","has-post-thumbnail","hentry","category-politics","tag-digi24"],"_links":{"self":[{"href":"https:\/\/analyse.optim.biz\/index.php?rest_route=\/wp\/v2\/posts\/203973","targetHints":{"allow":["GET"]}}],"collection":[{"href":"https:\/\/analyse.optim.biz\/index.php?rest_route=\/wp\/v2\/posts"}],"about":[{"href":"https:\/\/analyse.optim.biz\/index.php?rest_route=\/wp\/v2\/types\/post"}],"author":[{"embeddable":true,"href":"https:\/\/analyse.optim.biz\/index.php?rest_route=\/wp\/v2\/users\/1"}],"replies":[{"embeddable":true,"href":"https:\/\/analyse.optim.biz\/index.php?rest_route=%2Fwp%2Fv2%2Fcomments&post=203973"}],"version-history":[{"count":0,"href":"https:\/\/analyse.optim.biz\/index.php?rest_route=\/wp\/v2\/posts\/203973\/revisions"}],"wp:featuredmedia":[{"embeddable":true,"href":"https:\/\/analyse.optim.biz\/index.php?rest_route=\/wp\/v2\/media\/203974"}],"wp:attachment":[{"href":"https:\/\/analyse.optim.biz\/index.php?rest_route=%2Fwp%2Fv2%2Fmedia&parent=203973"}],"wp:term":[{"taxonomy":"category","embeddable":true,"href":"https:\/\/analyse.optim.biz\/index.php?rest_route=%2Fwp%2Fv2%2Fcategories&post=203973"},{"taxonomy":"post_tag","embeddable":true,"href":"https:\/\/analyse.optim.biz\/index.php?rest_route=%2Fwp%2Fv2%2Ftags&post=203973"}],"curies":[{"name":"wp","href":"https:\/\/api.w.org\/{rel}","templated":true}]}}