{"id":203962,"date":"2014-05-30T11:35:51","date_gmt":"2014-05-30T08:35:51","guid":{"rendered":"https:\/\/analyse.optim.biz\/?p=203962"},"modified":"2014-05-30T11:35:51","modified_gmt":"2014-05-30T08:35:51","slug":"mircea-diaconu-si-a-ridicat-mandatul-pentru-pe-nu-candidez-la-presedintie-eu-imi-vad-lungul-nasului","status":"publish","type":"post","link":"https:\/\/analyse.optim.biz\/?p=203962","title":{"rendered":"Mircea Diaconu \u015fi-a ridicat mandatul pentru PE: \u201eNu candidez la Pre\u015fedin\u0163ie, eu \u00eemi v\u0103d lungul nasului\u201d"},"content":{"rendered":"<div class=\"entry data-app-meta data-app-meta-article\" data-embed-base-url-canonical=\"https:\/\/www.digi24.ro\/embed\/stiri\/actualitate\/politica\/mircea-diaconu-si-a-ridicat-mandatul-pentru-pe-nu-candidez-la-presedintie-eu-imi-vad-lungul-nasului-249934\">\n<p data-index=\"1\">Declara\u021bia a fost f\u0103cut\u0103 \u00een condi\u021biile \u00een care <a href=\"https:\/\/www.digi24.ro\/Stiri\/Digi24\/Actualitate\/Politica\/Scenariul+candidaturii+lui+Mircea+Diaconu+la+Cotroceni+cu+spriji\" target=\"_blank\" data-skip-linkfix=\"1\" rel=\"noopener\">scenariul unui candidat independent sus\u021binut de PSD<\/a> la alegerile preziden\u021biale este vehiculat din nou, dup\u0103 ce<strong> Victor Ponta<\/strong> a spus c\u0103 nu exclude varianta <strong>Mircea Diaconu<\/strong> pentru Cotroceni.<\/p>\n<p data-index=\"2\">Mircea Diaconu a venit la BEC la ora 10.00 \u015fi \u015fi-a ridicat rapid mandatul, dup\u0103 care a ie\u015fit din sediul BEC. El a fost aclamat de un grup de simpatizan\u0163i, care strigau: \u201eMircea nu fur\u0103, nu minte, de aia \u00eel vrem pre\u015fedinte\u201d. Diaconu le-a f\u0103cut semn s\u0103 \u00eenceteze \u015fi le-a spus: \u201eHai, m\u0103, termina\u0163i!\u201d.<\/p>\n<p data-index=\"3\">\u00centrebat de jurnali\u015fti dac\u0103 va candida la Pre\u015fedin\u0163ie, el a r\u0103spuns negativ, preciz\u00e2nd c\u0103 acesta este un lucru serios, care ar trebui tratat ca atare \u015fi de partide. El a spus c\u0103, \u201emiraculos aproape\u201d, a fost votat cu aproape 7% pentru a deveni europarlamentar.<\/p>\n<p data-index=\"4\">Totu\u0219i,<a href=\"https:\/\/www.digi24.ro\/Stiri\/Digi24\/Actualitate\/Politica\/Vasile+Dancu+Mircea+Diaconu+experiment+PSD+nu+antisistem\" target=\"_blank\" data-skip-linkfix=\"1\" rel=\"noopener\"> sociologul <strong>Vasile D\u00e2ncu<\/strong> a declarat<\/a> zilele trecute la<strong> Digi24<\/strong> c\u0103 \u0219tie \u201edin interior\u201d c\u0103 Mircea Diaconu a fost sprijinit \u00een alegeri de PSD \u0219i acest fapt a produs confuzie \u00een r\u00e2ndul aleg\u0103torilor.<\/p>\n<p data-index=\"5\">\u201eN-am c\u00e2\u015ftigat dec\u00e2t povar\u0103 \u015fi responsabilitate\u201d, a declarat, vineri, Mircea Diaconu.\u00a0El a men\u0163ionat c\u0103 are, ca parlamentar, p\u00e2rghii limitate pentru a r\u0103spunde \u00eencrederii acordate de cei care l-au votat, scrie Mediafax.<\/p>\n<p data-index=\"6\">Diaconu a mai spus c\u0103 va lansa, la ora 18.30, o carte la Bookfest, de care este foarte m\u00e2ndru \u015fi pe care o consider\u0103, spre deosebire de dob\u00e2ndirea mandatului de europarlamentar, una dintre adev\u0103ratele sale realiz\u0103ri. Actorul a plecat apoi de la sediul BEC.<\/p>\n<\/div>\n<p> Source URL: https:\/\/www.digi24.ro\/stiri\/actualitate\/politica\/mircea-diaconu-si-a-ridicat-mandatul-pentru-pe-nu-candidez-la-presedintie-eu-imi-vad-lungul-nasului-249934<\/p>\n","protected":false},"excerpt":{"rendered":"<p>Declara\u021bia a fost f\u0103cut\u0103 \u00een condi\u021biile \u00een care scenariul unui candidat independent sus\u021binut de PSD la alegerile preziden\u021biale este vehiculat din nou, dup\u0103 ce Victor Ponta a spus c\u0103 nu exclude varianta Mircea Diaconu pentru Cotroceni. Mircea Diaconu a venit la BEC la ora 10.00 \u015fi \u015fi-a ridicat rapid mandatul, dup\u0103 care a ie\u015fit din [&hellip;]<\/p>\n","protected":false},"author":1,"featured_media":203963,"comment_status":"open","ping_status":"","sticky":false,"template":"","format":"standard","meta":{"footnotes":""},"categories":[2],"tags":[11],"class_list":["post-203962","post","type-post","status-publish","format-standard","has-post-thumbnail","hentry","category-politics","tag-digi24"],"_links":{"self":[{"href":"https:\/\/analyse.optim.biz\/index.php?rest_route=\/wp\/v2\/posts\/203962","targetHints":{"allow":["GET"]}}],"collection":[{"href":"https:\/\/analyse.optim.biz\/index.php?rest_route=\/wp\/v2\/posts"}],"about":[{"href":"https:\/\/analyse.optim.biz\/index.php?rest_route=\/wp\/v2\/types\/post"}],"author":[{"embeddable":true,"href":"https:\/\/analyse.optim.biz\/index.php?rest_route=\/wp\/v2\/users\/1"}],"replies":[{"embeddable":true,"href":"https:\/\/analyse.optim.biz\/index.php?rest_route=%2Fwp%2Fv2%2Fcomments&post=203962"}],"version-history":[{"count":0,"href":"https:\/\/analyse.optim.biz\/index.php?rest_route=\/wp\/v2\/posts\/203962\/revisions"}],"wp:featuredmedia":[{"embeddable":true,"href":"https:\/\/analyse.optim.biz\/index.php?rest_route=\/wp\/v2\/media\/203963"}],"wp:attachment":[{"href":"https:\/\/analyse.optim.biz\/index.php?rest_route=%2Fwp%2Fv2%2Fmedia&parent=203962"}],"wp:term":[{"taxonomy":"category","embeddable":true,"href":"https:\/\/analyse.optim.biz\/index.php?rest_route=%2Fwp%2Fv2%2Fcategories&post=203962"},{"taxonomy":"post_tag","embeddable":true,"href":"https:\/\/analyse.optim.biz\/index.php?rest_route=%2Fwp%2Fv2%2Ftags&post=203962"}],"curies":[{"name":"wp","href":"https:\/\/api.w.org\/{rel}","templated":true}]}}