{"id":203948,"date":"2014-05-30T13:41:56","date_gmt":"2014-05-30T10:41:56","guid":{"rendered":"https:\/\/analyse.optim.biz\/?p=203948"},"modified":"2014-05-30T13:41:56","modified_gmt":"2014-05-30T10:41:56","slug":"liderii-pmp-suparati-ca-au-fost-ignorati-de-pnl-si-pdl","status":"publish","type":"post","link":"https:\/\/analyse.optim.biz\/?p=203948","title":{"rendered":"Liderii PMP, sup\u0103ra\u021bi c\u0103 au fost ignora\u021bi de PNL \u0219i PDL"},"content":{"rendered":"<div class=\"entry data-app-meta data-app-meta-article\" data-embed-base-url-canonical=\"https:\/\/www.digi24.ro\/embed\/stiri\/actualitate\/politica\/liderii-pmp-suparati-ca-au-fost-ignorati-de-pnl-si-pdl-249981\">\n<p data-index=\"1\">\u201e<span>Cred c\u0103 este o atitudine arogant\u0103 pentru c\u0103 \u015fi PNL \u015fi PDL au f\u0103cut un scor mult sub a\u015ftept\u0103rile declarate \u00eenainte de campanie\u201d, a spus Teodor Baconschi.<\/span><\/p>\n<p data-index=\"2\">\u201e<span>Sigur c\u0103 e foarte bine c\u0103 se coaguleaz\u0103 for\u021bele dreapta, dar ele trebuie s\u0103 se coaguleze \u00een jurul unor valori \u015fi oameni cu reputa\u0163ie necompromis\u0103. Am impresia c\u0103 s-a f\u0103cut o discu\u0163ie \u00een c\u00e2teva birouri pentru salvarea unor func\u0163ii\u201d, a ad\u0103ugat T. Baconschi.\u00a0<\/span><\/p>\n<\/div>\n<p> Source URL: https:\/\/www.digi24.ro\/stiri\/actualitate\/politica\/liderii-pmp-suparati-ca-au-fost-ignorati-de-pnl-si-pdl-249981<\/p>\n","protected":false},"excerpt":{"rendered":"<p>\u201eCred c\u0103 este o atitudine arogant\u0103 pentru c\u0103 \u015fi PNL \u015fi PDL au f\u0103cut un scor mult sub a\u015ftept\u0103rile declarate \u00eenainte de campanie\u201d, a spus Teodor Baconschi. \u201eSigur c\u0103 e foarte bine c\u0103 se coaguleaz\u0103 for\u021bele dreapta, dar ele trebuie s\u0103 se coaguleze \u00een jurul unor valori \u015fi oameni cu reputa\u0163ie necompromis\u0103. Am impresia c\u0103 [&hellip;]<\/p>\n","protected":false},"author":1,"featured_media":203949,"comment_status":"open","ping_status":"","sticky":false,"template":"","format":"standard","meta":{"footnotes":""},"categories":[2],"tags":[11],"class_list":["post-203948","post","type-post","status-publish","format-standard","has-post-thumbnail","hentry","category-politics","tag-digi24"],"_links":{"self":[{"href":"https:\/\/analyse.optim.biz\/index.php?rest_route=\/wp\/v2\/posts\/203948","targetHints":{"allow":["GET"]}}],"collection":[{"href":"https:\/\/analyse.optim.biz\/index.php?rest_route=\/wp\/v2\/posts"}],"about":[{"href":"https:\/\/analyse.optim.biz\/index.php?rest_route=\/wp\/v2\/types\/post"}],"author":[{"embeddable":true,"href":"https:\/\/analyse.optim.biz\/index.php?rest_route=\/wp\/v2\/users\/1"}],"replies":[{"embeddable":true,"href":"https:\/\/analyse.optim.biz\/index.php?rest_route=%2Fwp%2Fv2%2Fcomments&post=203948"}],"version-history":[{"count":0,"href":"https:\/\/analyse.optim.biz\/index.php?rest_route=\/wp\/v2\/posts\/203948\/revisions"}],"wp:featuredmedia":[{"embeddable":true,"href":"https:\/\/analyse.optim.biz\/index.php?rest_route=\/wp\/v2\/media\/203949"}],"wp:attachment":[{"href":"https:\/\/analyse.optim.biz\/index.php?rest_route=%2Fwp%2Fv2%2Fmedia&parent=203948"}],"wp:term":[{"taxonomy":"category","embeddable":true,"href":"https:\/\/analyse.optim.biz\/index.php?rest_route=%2Fwp%2Fv2%2Fcategories&post=203948"},{"taxonomy":"post_tag","embeddable":true,"href":"https:\/\/analyse.optim.biz\/index.php?rest_route=%2Fwp%2Fv2%2Ftags&post=203948"}],"curies":[{"name":"wp","href":"https:\/\/api.w.org\/{rel}","templated":true}]}}