{"id":203937,"date":"2014-05-30T14:31:42","date_gmt":"2014-05-30T11:31:42","guid":{"rendered":"https:\/\/analyse.optim.biz\/?p=203937"},"modified":"2014-05-30T14:31:42","modified_gmt":"2014-05-30T11:31:42","slug":"partidele-amana-nominalizarea-prezidentiabililor","status":"publish","type":"post","link":"https:\/\/analyse.optim.biz\/?p=203937","title":{"rendered":"Partidele am\u00e2n\u0103 nominalizarea preziden\u021biabililor"},"content":{"rendered":"<div class=\"entry data-app-meta data-app-meta-article\" data-embed-base-url-canonical=\"https:\/\/www.digi24.ro\/embed\/stiri\/actualitate\/politica\/partidele-amana-nominalizarea-prezidentiabililor-250007\">\n<p data-index=\"1\">Crin Antonescu nu a abandonat ideea de a candida la alegerile preziden\u0163iale din partea dreptei unite, chiar dac\u0103 va deveni o \u0163int\u0103 pentru adversarii politici.<\/p>\n<p data-index=\"2\">Klaus Iohannis evit\u0103 s\u0103 spun\u0103 dac\u0103 va intra \u00een cursa pentru fotoliul preziden\u0163ial.<\/p>\n<p data-index=\"3\">\u201eNu discut\u0103m acum cine va fi candidatul nostru pentru pre\u0219edin\u021bia Rom\u00e2niei. Lucru cert este c\u0103 dorim s\u0103 mergem \u00eempreun\u0103 la preziden\u021biale, lucru cert este c\u0103 vom avea candidat unic\u201d, a declarat Klaus Iohannis, prim-vicepresedinte demisionar al PNL.<\/p>\n<p data-index=\"4\">Nici \u00een tab\u0103ra puterii, lucrurile nu sunt clare. Victor Ponta nu spune clar dac\u0103 accept\u0103 nominalizarea pentru alegerile preziden\u0163iale. El sus\u0163ine c\u0103 prefer\u0103 s\u0103-\u015fi men\u0163in\u0103 postul de premier p\u00e2n\u0103 \u00een 2016 \u015fi arunc\u0103 pe pia\u0163\u0103 un nou nume de preziden\u0163iabil. <\/p>\n<p data-index=\"5\">\u201e<span>Poate fi domnul Diaconu, poate fi oricum un personaj pe care nu ai nevoie s\u0103-l faci cunoscut\u201d, a spus Victor Ponta.<\/span><\/p>\n<p data-index=\"6\">\u201eNu e cazul. Astea sunt prostii, cro\u0219et\u0103, parca suntem pe marginea \u0219an\u021bului \u0219i partidele trebuie s\u0103 o ia \u00een serios\u201d, replicat Mircea Diaconu.<\/p>\n<p data-index=\"7\">Dreapta unit\u0103 \u015fi-a propus s\u0103 nominalizeze un candidat la alegerile preziden\u0163iale p\u00e2n\u0103 pe 15 iulie, iar puterea va lua o decizie \u00een septembrie, cu o lun\u0103 \u00eenainte de \u00eenceperea campaneiei electorale.\u00a0<\/p>\n<\/div>\n<p> Source URL: https:\/\/www.digi24.ro\/stiri\/actualitate\/politica\/partidele-amana-nominalizarea-prezidentiabililor-250007<\/p>\n","protected":false},"excerpt":{"rendered":"<p>Crin Antonescu nu a abandonat ideea de a candida la alegerile preziden\u0163iale din partea dreptei unite, chiar dac\u0103 va deveni o \u0163int\u0103 pentru adversarii politici. Klaus Iohannis evit\u0103 s\u0103 spun\u0103 dac\u0103 va intra \u00een cursa pentru fotoliul preziden\u0163ial. \u201eNu discut\u0103m acum cine va fi candidatul nostru pentru pre\u0219edin\u021bia Rom\u00e2niei. Lucru cert este c\u0103 dorim s\u0103 [&hellip;]<\/p>\n","protected":false},"author":1,"featured_media":203938,"comment_status":"open","ping_status":"","sticky":false,"template":"","format":"standard","meta":{"footnotes":""},"categories":[2],"tags":[11],"class_list":["post-203937","post","type-post","status-publish","format-standard","has-post-thumbnail","hentry","category-politics","tag-digi24"],"_links":{"self":[{"href":"https:\/\/analyse.optim.biz\/index.php?rest_route=\/wp\/v2\/posts\/203937","targetHints":{"allow":["GET"]}}],"collection":[{"href":"https:\/\/analyse.optim.biz\/index.php?rest_route=\/wp\/v2\/posts"}],"about":[{"href":"https:\/\/analyse.optim.biz\/index.php?rest_route=\/wp\/v2\/types\/post"}],"author":[{"embeddable":true,"href":"https:\/\/analyse.optim.biz\/index.php?rest_route=\/wp\/v2\/users\/1"}],"replies":[{"embeddable":true,"href":"https:\/\/analyse.optim.biz\/index.php?rest_route=%2Fwp%2Fv2%2Fcomments&post=203937"}],"version-history":[{"count":0,"href":"https:\/\/analyse.optim.biz\/index.php?rest_route=\/wp\/v2\/posts\/203937\/revisions"}],"wp:featuredmedia":[{"embeddable":true,"href":"https:\/\/analyse.optim.biz\/index.php?rest_route=\/wp\/v2\/media\/203938"}],"wp:attachment":[{"href":"https:\/\/analyse.optim.biz\/index.php?rest_route=%2Fwp%2Fv2%2Fmedia&parent=203937"}],"wp:term":[{"taxonomy":"category","embeddable":true,"href":"https:\/\/analyse.optim.biz\/index.php?rest_route=%2Fwp%2Fv2%2Fcategories&post=203937"},{"taxonomy":"post_tag","embeddable":true,"href":"https:\/\/analyse.optim.biz\/index.php?rest_route=%2Fwp%2Fv2%2Ftags&post=203937"}],"curies":[{"name":"wp","href":"https:\/\/api.w.org\/{rel}","templated":true}]}}