{"id":203926,"date":"2014-05-30T17:32:24","date_gmt":"2014-05-30T14:32:24","guid":{"rendered":"https:\/\/analyse.optim.biz\/?p=203926"},"modified":"2014-05-30T17:32:24","modified_gmt":"2014-05-30T14:32:24","slug":"pmp-vrea-o-alianta-cu-partidele-de-dreapta-dar-refuza-fuziunea","status":"publish","type":"post","link":"https:\/\/analyse.optim.biz\/?p=203926","title":{"rendered":"PMP vrea o alian\u021b\u0103 cu partidele de dreapta, dar refuz\u0103 fuziunea"},"content":{"rendered":"<div class=\"entry data-app-meta data-app-meta-article\" data-embed-base-url-canonical=\"https:\/\/www.digi24.ro\/embed\/stiri\/actualitate\/politica\/pmp-vrea-o-alianta-cu-partidele-de-dreapta-dar-refuza-fuziunea-250094\">\n<p data-index=\"1\">Candidatul trebuie s\u0103 se angajeze c\u0103 va continua politica pre\u015fedintelui Traian B\u0103sescu. Sunt decizii luate \u00een forul de conducere a partidului. Au ap\u0103rut \u00eens\u0103 \u015fi primele disensiuni printre membrii Mi\u015fc\u0103rii Populare. Theodor Paleologu consider\u0103 rezultatele \u00een alegeri un dezastru electoral \u015fi cere ca cei responsabili s\u0103 nu mai fac\u0103 parte din conducerea partidului.<\/p>\n<p data-index=\"2\">Partidul Mi\u015fcarea Popular\u0103 a fost dat deoparte la negocierile pentru formarea unei alian\u0163e de dreapta. Chiar \u015fi a\u015fa, reprezentan\u0163ii partidului le transmit liderilior PNL \u015fi PDL c\u0103 s-ar implica \u00eentr-un proiect anti-PSD, dar au \u015fi ei condi\u0163ii. Iar asul pe care consider\u0103 c\u0103 \u00eel au \u00een m\u00e2nec\u0103 este tocmai faptul c\u0103 <strong>sus\u0163in proiectele lui Traian B\u0103sescu.<\/strong><\/p>\n<p data-index=\"3\">\u201eDac<span>\u0103<\/span> va exista un candidat credibil \u015fi puternic care s\u0103 \u00eel inving\u0103 pe <span>Victor Ponta,<\/span> noi vom pune um\u0103rul. <span>E<\/span>ste fundamental c<span>\u0103<\/span> cel pe care <span>\u00ee<\/span>l vom <span>sus\u021bine<\/span> noi s<span>\u0103<\/span><span>\u00ee\u0219<\/span>i asume <span>\u0219<\/span>i aceast<span>\u0103<\/span> linie politic\u0103 pe care PMP o promoveaz<span>\u0103<\/span>\u201d, <span>spune<\/span><strong>Eugen Tomac<\/strong>, pre\u015fedintele PMP.<\/p>\n<p data-index=\"4\">F\u0103r\u0103 sprijinul electoratului care <span>\u00ee<\/span>l <span>sus\u021bine<\/span> pe <span>pre\u0219edintele<\/span> Traian <span>B\u0103sescu<\/span>, dreapta nu are \u015fanse reale.<\/p>\n<p data-index=\"5\">Ini\u0163ial, reprezentan\u0163ii PMP au crititcat faptul c\u0103 au fost exclu\u015fi de la negocierile ini\u0163iate de PDL \u015fi PNL.<\/p>\n<p data-index=\"6\">\u201eCred c\u0103 este o atitudine arogant\u0103 pentru c\u0103 \u015fi PNL \u015fi PDL au f\u0103cut un scor mult sub a\u015ftept\u0103rile declarate \u00eenainte de campanie. <span lang=\"en-US\">A<\/span>m impresia c\u0103 s-a f\u0103cut o discu\u0163ie \u00een c\u00e2teva birouri pentru salvarea unor func\u0163ii\u201d, <span>crede<\/span> Teodor Baconschi, membru PMP.<\/p>\n<p data-index=\"7\">Pe 7 <span>iunie<\/span> va avea loc primul congres al Partidului Mi\u015fcarea Popular\u0103 \u00een care va fi aleas\u0103 <span>conducerea<\/span> forma\u0163iunii.<\/p>\n<p data-index=\"8\">Teodor Paleologu, membru PMP, cere ca viitorii lideri s\u0103 fie deschi\u015fi la negociere cu PNL \u015fi PDL. \u00cen plus, el este de p\u0103rere c\u0103 cei care au condus campania electoral\u0103 pentru europarlamentare ar trebui s\u0103 fac\u0103 un pas \u00eenapoi.<\/p>\n<p data-index=\"9\">\u201eM-am \u0163inut departe de aceast\u0103 campanie pe care am considerat-o ineficient\u0103 \u015fi chiar contraproductiv\u0103, cum e afi\u015ful acela cu \u201eRidic\u0103m Rom\u00e2nia\u201d. Nu \u015ftiu cine a putut s\u0103 fac\u0103 un afi\u015f at\u00e2t de prost. <span>A<\/span>m crezut c\u0103 este o glum\u0103 a adversarilor. E foarte caraghios\u201d, <span lang=\"en-US\">spune<\/span><strong>Theodor Paleologu<\/strong>, membru PMP.<\/p>\n<p data-index=\"10\">P\u00een\u0103 acum, singurul care a anun\u0163at oficial c\u0103 va candida la \u015fefia partidului Mi\u015fcarea Popular\u0103 este Adrian Papahagi.<\/p>\n<\/div>\n<p> Source URL: https:\/\/www.digi24.ro\/stiri\/actualitate\/politica\/pmp-vrea-o-alianta-cu-partidele-de-dreapta-dar-refuza-fuziunea-250094<\/p>\n","protected":false},"excerpt":{"rendered":"<p>Candidatul trebuie s\u0103 se angajeze c\u0103 va continua politica pre\u015fedintelui Traian B\u0103sescu. Sunt decizii luate \u00een forul de conducere a partidului. Au ap\u0103rut \u00eens\u0103 \u015fi primele disensiuni printre membrii Mi\u015fc\u0103rii Populare. Theodor Paleologu consider\u0103 rezultatele \u00een alegeri un dezastru electoral \u015fi cere ca cei responsabili s\u0103 nu mai fac\u0103 parte din conducerea partidului. Partidul Mi\u015fcarea [&hellip;]<\/p>\n","protected":false},"author":1,"featured_media":203927,"comment_status":"open","ping_status":"","sticky":false,"template":"","format":"standard","meta":{"footnotes":""},"categories":[2],"tags":[11],"class_list":["post-203926","post","type-post","status-publish","format-standard","has-post-thumbnail","hentry","category-politics","tag-digi24"],"_links":{"self":[{"href":"https:\/\/analyse.optim.biz\/index.php?rest_route=\/wp\/v2\/posts\/203926","targetHints":{"allow":["GET"]}}],"collection":[{"href":"https:\/\/analyse.optim.biz\/index.php?rest_route=\/wp\/v2\/posts"}],"about":[{"href":"https:\/\/analyse.optim.biz\/index.php?rest_route=\/wp\/v2\/types\/post"}],"author":[{"embeddable":true,"href":"https:\/\/analyse.optim.biz\/index.php?rest_route=\/wp\/v2\/users\/1"}],"replies":[{"embeddable":true,"href":"https:\/\/analyse.optim.biz\/index.php?rest_route=%2Fwp%2Fv2%2Fcomments&post=203926"}],"version-history":[{"count":0,"href":"https:\/\/analyse.optim.biz\/index.php?rest_route=\/wp\/v2\/posts\/203926\/revisions"}],"wp:featuredmedia":[{"embeddable":true,"href":"https:\/\/analyse.optim.biz\/index.php?rest_route=\/wp\/v2\/media\/203927"}],"wp:attachment":[{"href":"https:\/\/analyse.optim.biz\/index.php?rest_route=%2Fwp%2Fv2%2Fmedia&parent=203926"}],"wp:term":[{"taxonomy":"category","embeddable":true,"href":"https:\/\/analyse.optim.biz\/index.php?rest_route=%2Fwp%2Fv2%2Fcategories&post=203926"},{"taxonomy":"post_tag","embeddable":true,"href":"https:\/\/analyse.optim.biz\/index.php?rest_route=%2Fwp%2Fv2%2Ftags&post=203926"}],"curies":[{"name":"wp","href":"https:\/\/api.w.org\/{rel}","templated":true}]}}