{"id":2039037,"date":"2026-07-11T22:19:16","date_gmt":"2026-07-11T19:19:16","guid":{"rendered":"https:\/\/analyse.optim.biz\/?p=2039037"},"modified":"2026-07-11T22:19:16","modified_gmt":"2026-07-11T19:19:16","slug":"seixas-to-discover-a-new-universe-sunday-as-rider-hits-ninth-day-of-racing","status":"publish","type":"post","link":"https:\/\/analyse.optim.biz\/?p=2039037","title":{"rendered":"Seixas \u2018To Discover a New Universe\u2019 Sunday as Rider Hits Ninth Day of Racing"},"content":{"rendered":"<p>[analyse_image type=&#8221;featured&#8221; src=&#8221;https:\/\/velo-cdn.outsideonline.com\/wp-content\/uploads\/2026\/07\/GettyImages-2284877772.jpg&#8221;]<\/p>\n<div class=\"content-wrap fp-contentTarget\">\n<div class=\"article-body\">\n<div class=\"mb-base-loose flex flex-wrap gap-(--spacing-base)\">\n<div class=\"fp-remove flex items-center justify-start gap-(--spacing-base-tight)\"><span class=\"font-utility-2 font-bold text-primary\">Shane Stokes<\/span><\/div>\n<\/div>\n<div class=\"pub-date font-utility-2 text-secondary\">Updated July 11, 2026 04:30PM<\/div>\n<\/div>\n<p>Starting Sunday, Paul Seixas is going where he\u2019s never gone before.<\/p>\n<p>The 19 year old is already riding his first Tour de France and, indeed, the first grand tour of his career.<\/p>\n<p>But when he lines out on Sunday he\u2019ll be forging new ground: specifically, he\u2019s never raced more than eight days in a row before.<\/p>\n<p>That means a massive voyage of discovery and also a degree of risk that things could go pear shaped.<\/p>\n<p>The common wisdom in pro cycling is that young riders make their grand tour debuts in either the Giro d\u2019Italia or Vuelta a Espa\u00f1a. Tadej Poga\u010dar did that. Jonas Vingegaard did that. Remco Evenepoel did that.<\/p>\n<p>In fact, go through the list those in the top ten and everyone other rider followed this route.<\/p>\n<p>Not Seixas, which highlights the risk that he is taking.<\/p>\n<p>Factor in his age\u2014he\u2019s the youngest rider to ride the Tour in 89 years\u2014and you can understand how things could unravel.<\/p>\n<div class=\"ad-placeholder-wrapper relative w-full border-t border-b border-border-light col-span-full my-3 md:col-span-10 md:col-start-2\">\n<div class=\"mb-[30px] min-h-[30px] text-center\"><span class=\"font-utility-4 font-medium tracking-[1px] text-neutral-500 uppercase\">ADVERTISEMENT<\/span><\/div>\n<\/div>\n<p>\u201cIt\u2019s clear that we\u2019re entering into a new situation,\u201d Decathlon CGA CGM directeur sportif Julien Jurdie admitted, speaking to Cyclism\u2019Actu. \u201cIt\u2019s clear that we\u2019re doing the ninth stage tomorrow, and he has never done more stages during his career, his young career.<\/p>\n<p>\u201cSo there you have it. We are going to discover a new universe with him. We\u2019re going to help him so that everything goes well.<\/p>\n<p>\u201cBut it is clear that tomorrow, we will have to be careful because\u2026tomorrow evening we will talk again and maybe nothing will have happened on this stage. But I prefer to be careful.\u201d<\/p>\n<h2>\u2018There\u2019s nothing very normal with Paul Seixas\u2019<\/h2>\n<figure id=\"attachment_992610\" class=\"pom-image-wrap photo-alignnone\"><img decoding=\"async\" alt=\"Paul Seixas raced over the Col du Tourmalet this week (Photo: Jean-Christophe Chartre \/ Hans Lucas via AFP)\" loading=\"lazy\" width=\"2400\" height=\"1600\" class=\"alignnone size-full wp-image-992610\" src=\"https:\/\/velo-cdn.outsideonline.com\/wp-content\/uploads\/2026\/07\/GettyImages-2284877772.jpg?width=3840&amp;auto=webp&amp;quality=75&amp;fit=cover\"><figcaption class=\"pom-caption\"><span class=\"article__caption\">Paul Seixas raced over the Col du Tourmalet this week (Photo: Jean-Christophe Chartre \/ Hans Lucas via AFP)<\/span><\/figcaption><\/figure>\n<p>Seixas has long been seen as a huge talent but he has jumped up a level this year, taking seven wins including three stages and the GC at the Itzulia Basque Country, as well as Fl\u00e8che Wallonne.<\/p>\n<p>Equally importantly, he finished second to Poga\u010dar in Strade Bianche and was the only one not dropped by the Slovenian when he went all out on the C\u00f4te de la Redoute in Li\u00e8ge-Bastogne-Li\u00e8ge.<\/p>\n<div class=\"ad-placeholder-wrapper relative w-full border-t border-b border-border-light col-span-full my-3 md:col-span-10 md:col-start-2\">\n<div class=\"mb-[30px] min-h-[30px] text-center\"><span class=\"font-utility-4 font-medium tracking-[1px] text-neutral-500 uppercase\">ADVERTISEMENT<\/span><\/div>\n<\/div>\n<p>The duo remained together for another 21 kilometers, Seixas trading pulls with a rider eight years his senior. He put in such a good performance that Poga\u010dar began to believe the race would come down to a sprint.<\/p>\n<p>And while he was eventually dropped on the C\u00f4te de la Roche-aux-Faucons, Seixas\u2019 performance and his runner-up slot underlined his talent once again.<\/p>\n<p>Riding his first Tour so early is a huge gamble but one Seixas wanted to take. He\u2019s now sixth overall, 3:55 behind Poga\u010dar.<\/p>\n<p>So how does Jurdie weigh up his performance after eight stages? Is he surprised, or is what he has done normal?<\/p>\n<p>\u201cNormal? I don\u2019t know if that\u2019s the word because at 19 years old he was ninth [in Barcelona], was fifth on a Pyrenean stage, and was also fourth in a stage at the start of the Tour,\u201d he replied.<\/p>\n<p>\u201cThat\u2019s it, there\u2019s nothing very normal with Paul Seixas.\u201d<\/p>\n<h2>\u2018The lights are green\u2019<\/h2>\n<figure id=\"attachment_992611\" class=\"pom-image-wrap photo-alignnone\"><img decoding=\"async\" alt=\"A spectator holds a placard urging Paul Seixas on in what is his first Tour (Photo: Anne-Christine Poujoulat \/ AFP)\" loading=\"lazy\" width=\"2400\" height=\"1600\" class=\"alignnone size-full wp-image-992611\" src=\"https:\/\/velo-cdn.outsideonline.com\/wp-content\/uploads\/2026\/07\/GettyImages-2284714561.jpg?width=3840&amp;auto=webp&amp;quality=75&amp;fit=cover\"><figcaption class=\"pom-caption\"><span class=\"article__caption\">A spectator holds a placard urging Paul Seixas on in what is his first Tour (Photo: Anne-Christine Poujoulat \/ AFP)<\/span><\/figcaption><\/figure>\n<p>Stage 9 of the Tour is a tough one. It\u2019s not as difficult as Thursday\u2019s stage to Gavarnie-G\u00e8dre, which crossed the Tourmalet and featured an uphill finish, but it will take a lot out of the riders.<\/p>\n<div class=\"ad-placeholder-wrapper relative w-full border-t border-b border-border-light col-span-full my-3 md:col-span-10 md:col-start-2\">\n<div class=\"mb-[30px] min-h-[30px] text-center\"><span class=\"font-utility-4 font-medium tracking-[1px] text-neutral-500 uppercase\">ADVERTISEMENT<\/span><\/div>\n<\/div>\n<p>It has officially four climbs, including the category two Suc au May, but outside those it is still continuously up and down.<\/p>\n<p>It racks up a total of 3300 vertical meters and will be extremely draining, despite the surprise decision Saturday to shorten it.<\/p>\n<p>Seixas and his team will hope that his first time racing over eight days won\u2019t start to weigh heavily on him, that he will fare well and that Monday\u2019s rest day will enable him to recharge and be ready for week two.<\/p>\n<p>This is, as stated, a voyage of discovery. Even if media speculation that he might challenge Poga\u010dar for the win has died down, he will keep pushing hard and will hope for the best possible GC result.<\/p>\n<p>\u201cHe\u2019s feeling good, the sensations are good,\u201d Jurdie said.<\/p>\n<p>\u201cWe\u2019ll do a proper assessment after this 9th stage, but the recovery is good. So for now, all the lights are green.\u201d<\/p>\n<div class=\"ad-placeholder-wrapper relative w-full border-t border-b border-border-light col-span-full my-3 md:col-span-10 md:col-start-2\">\n<div class=\"mb-[30px] min-h-[30px] text-center\"><span class=\"font-utility-4 font-medium tracking-[1px] text-neutral-500 uppercase\">ADVERTISEMENT<\/span><\/div>\n<\/div>\n<p>That remains the case even if Seixas continues to wear bandages on both his arms, a result of his big crash and withdrawal from the Tour Auvergne-Rh\u00f4ne-Alpes.<\/p>\n<p>That is, Jurdie said, just a precautionary measure to ensure that the wounds continue to heal and that perspiration doesn\u2019t have a negative effect.<\/p>\n<p>As for the weather conditions, which could potentially get even hotter, Jurdie said the team will continue working well to adapt to the temperatures.<\/p>\n<p>For now, though, he has no major concerns.<\/p>\n<p>\u201cPaul is doing very well,\u201d he said.<\/p>\n<\/div>\n<div class=\"article-body\">\n<div class=\"mb-base-loose flex flex-wrap gap-(--spacing-base)\">\n<div class=\"fp-remove flex items-center justify-start gap-(--spacing-base-tight)\"><span class=\"font-utility-2 font-bold text-primary\">Shane Stokes<\/span><\/div>\n<\/div>\n<div class=\"pub-date font-utility-2 text-secondary\">Updated July 11, 2026 04:30PM<\/div>\n<\/div>\n<p>[analyse_source url=&#8221;https:\/\/velo.outsideonline.com\/road\/road-racing\/tour-de-france\/seixas-discover-new-universe\/&#8221;]<\/p>\n","protected":false},"excerpt":{"rendered":"<p>[analyse_image type=&#8221;featured&#8221; src=&#8221;https:\/\/velo-cdn.outsideonline.com\/wp-content\/uploads\/2026\/07\/GettyImages-2284877772.jpg&#8221;] Shane Stokes Updated July 11, 2026 04:30PM Starting Sunday, Paul Seixas is going where he\u2019s never gone before. The 19 year old is already riding his first Tour de France and, indeed, the first grand tour of his career. But when he lines out on Sunday he\u2019ll be forging new ground: specifically, [&hellip;]<\/p>\n","protected":false},"author":1,"featured_media":0,"comment_status":"open","ping_status":"","sticky":false,"template":"","format":"standard","meta":{"footnotes":""},"categories":[2],"tags":[226,71],"class_list":["post-2039037","post","type-post","status-publish","format-standard","hentry","category-politics","tag-crawlmanager","tag-velo-outsideonline-com"],"_links":{"self":[{"href":"https:\/\/analyse.optim.biz\/index.php?rest_route=\/wp\/v2\/posts\/2039037","targetHints":{"allow":["GET"]}}],"collection":[{"href":"https:\/\/analyse.optim.biz\/index.php?rest_route=\/wp\/v2\/posts"}],"about":[{"href":"https:\/\/analyse.optim.biz\/index.php?rest_route=\/wp\/v2\/types\/post"}],"author":[{"embeddable":true,"href":"https:\/\/analyse.optim.biz\/index.php?rest_route=\/wp\/v2\/users\/1"}],"replies":[{"embeddable":true,"href":"https:\/\/analyse.optim.biz\/index.php?rest_route=%2Fwp%2Fv2%2Fcomments&post=2039037"}],"version-history":[{"count":0,"href":"https:\/\/analyse.optim.biz\/index.php?rest_route=\/wp\/v2\/posts\/2039037\/revisions"}],"wp:attachment":[{"href":"https:\/\/analyse.optim.biz\/index.php?rest_route=%2Fwp%2Fv2%2Fmedia&parent=2039037"}],"wp:term":[{"taxonomy":"category","embeddable":true,"href":"https:\/\/analyse.optim.biz\/index.php?rest_route=%2Fwp%2Fv2%2Fcategories&post=2039037"},{"taxonomy":"post_tag","embeddable":true,"href":"https:\/\/analyse.optim.biz\/index.php?rest_route=%2Fwp%2Fv2%2Ftags&post=2039037"}],"curies":[{"name":"wp","href":"https:\/\/api.w.org\/{rel}","templated":true}]}}