{"id":2039034,"date":"2026-07-11T16:43:25","date_gmt":"2026-07-11T13:43:25","guid":{"rendered":"https:\/\/analyse.optim.biz\/?p=2039034"},"modified":"2026-07-11T16:43:25","modified_gmt":"2026-07-11T13:43:25","slug":"tour-de-france-shortens-stage-9-due-to-red-alert-heat-wave","status":"publish","type":"post","link":"https:\/\/analyse.optim.biz\/?p=2039034","title":{"rendered":"Tour de France Shortens Stage 9 Due to &#8216;Red Alert&#8217; Heat Wave"},"content":{"rendered":"<p>[analyse_image type=&#8221;featured&#8221; src=&#8221;https:\/\/velo-cdn.outsideonline.com\/wp-content\/uploads\/2026\/07\/GettyImages-2284331617-1-scaled.jpg&#8221;]<\/p>\n<div class=\"content-wrap fp-contentTarget\">\n<div class=\"article-body\">\n<div class=\"mb-base-loose flex flex-wrap gap-(--spacing-base)\">\n<div class=\"fp-remove flex items-center justify-start gap-(--spacing-base-tight)\"><span class=\"font-utility-2 font-bold text-primary\">Andrew Hood<\/span><\/div>\n<\/div>\n<div class=\"pub-date font-utility-2 text-secondary\">Updated July 11, 2026 10:44AM<\/div>\n<\/div>\n<p>Extreme heat is forcing Tour de France organizers to shorten Sunday\u2019s ninth stage across central France after officials issued a health alert.<\/p>\n<p>In an extraordinary step, Tour organizers will cut 30km from the hilly route after authorities placed the Corr\u00e8ze region under its highest level red heatwave alert.<\/p>\n<p>The Tour\u2019s been broiling under extreme heat conditions since leaving Barcelona last week.<\/p>\n<p>Stage 8 winner Tim Merlier (Soudal Quick-Step) welcomed the decision.<\/p>\n<p>\u201cThat\u2019s not a bad idea,\u201d Merlier said. \u201cWe are now one week of racing and it was always above 35 Celsius. It\u2019s definitely a fight to have water and drinks between the cars.<\/p>\n<p>\u201cFor me it\u2019s a good idea to shorten the stage. There are not a lot of things they can do. It\u2019s good for the organization to try something.\u201d<\/p>\n<p>With temperatures expected to hit 100 Fahrenheit in Sunday\u2019s stage, race officials will trim the route from Malemort to Ussel from 185.5km to 155.5km.<\/p>\n<div class=\"ad-placeholder-wrapper relative w-full border-t border-b border-border-light col-span-full my-3 md:col-span-10 md:col-start-2\">\n<div class=\"mb-[30px] min-h-[30px] text-center\"><span class=\"font-utility-4 font-medium tracking-[1px] text-neutral-500 uppercase\">ADVERTISEMENT<\/span><\/div>\n<\/div>\n<p>Rather than following the original route, the peloton will leave Brive-la-Gaillarde via the D921 toward Lanteuil before rejoining the planned course with 147.8km remaining to the finish in Ussel.<\/p>\n<p>\u201cM\u00e9t\u00e9o-France has placed the department of Corr\u00e8ze on red alert due to an exceptionally intense heatwave,\u201d a statement read.<\/p>\n<p>\u201cThis decision has been made necessary by the exceptional weather conditions. It aims to ensure that the race can take place under conditions compatible with the red heatwave alert.\u201d<\/p>\n<p>Extreme heat has been at the center of the narrative of the 2026 Tour.<\/p>\n<p>This is not the first time that extreme heat has altered a race. The French national cycling championships were also shortened in late June.<\/p>\n<\/div>\n<div class=\"article-body\">\n<div class=\"mb-base-loose flex flex-wrap gap-(--spacing-base)\">\n<div class=\"fp-remove flex items-center justify-start gap-(--spacing-base-tight)\"><span class=\"font-utility-2 font-bold text-primary\">Andrew Hood<\/span><\/div>\n<\/div>\n<div class=\"pub-date font-utility-2 text-secondary\">Updated July 11, 2026 10:44AM<\/div>\n<\/div>\n<p>[analyse_source url=&#8221;https:\/\/velo.outsideonline.com\/road\/road-racing\/tour-de-france\/tour-de-france-shortens-stage-9-red-alert-heat-wave\/&#8221;]<\/p>\n","protected":false},"excerpt":{"rendered":"<p>[analyse_image type=&#8221;featured&#8221; src=&#8221;https:\/\/velo-cdn.outsideonline.com\/wp-content\/uploads\/2026\/07\/GettyImages-2284331617-1-scaled.jpg&#8221;] Andrew Hood Updated July 11, 2026 10:44AM Extreme heat is forcing Tour de France organizers to shorten Sunday\u2019s ninth stage across central France after officials issued a health alert. In an extraordinary step, Tour organizers will cut 30km from the hilly route after authorities placed the Corr\u00e8ze region under its highest level [&hellip;]<\/p>\n","protected":false},"author":1,"featured_media":0,"comment_status":"open","ping_status":"","sticky":false,"template":"","format":"standard","meta":{"footnotes":""},"categories":[2],"tags":[226,71],"class_list":["post-2039034","post","type-post","status-publish","format-standard","hentry","category-politics","tag-crawlmanager","tag-velo-outsideonline-com"],"_links":{"self":[{"href":"https:\/\/analyse.optim.biz\/index.php?rest_route=\/wp\/v2\/posts\/2039034","targetHints":{"allow":["GET"]}}],"collection":[{"href":"https:\/\/analyse.optim.biz\/index.php?rest_route=\/wp\/v2\/posts"}],"about":[{"href":"https:\/\/analyse.optim.biz\/index.php?rest_route=\/wp\/v2\/types\/post"}],"author":[{"embeddable":true,"href":"https:\/\/analyse.optim.biz\/index.php?rest_route=\/wp\/v2\/users\/1"}],"replies":[{"embeddable":true,"href":"https:\/\/analyse.optim.biz\/index.php?rest_route=%2Fwp%2Fv2%2Fcomments&post=2039034"}],"version-history":[{"count":0,"href":"https:\/\/analyse.optim.biz\/index.php?rest_route=\/wp\/v2\/posts\/2039034\/revisions"}],"wp:attachment":[{"href":"https:\/\/analyse.optim.biz\/index.php?rest_route=%2Fwp%2Fv2%2Fmedia&parent=2039034"}],"wp:term":[{"taxonomy":"category","embeddable":true,"href":"https:\/\/analyse.optim.biz\/index.php?rest_route=%2Fwp%2Fv2%2Fcategories&post=2039034"},{"taxonomy":"post_tag","embeddable":true,"href":"https:\/\/analyse.optim.biz\/index.php?rest_route=%2Fwp%2Fv2%2Ftags&post=2039034"}],"curies":[{"name":"wp","href":"https:\/\/api.w.org\/{rel}","templated":true}]}}