{"id":2038941,"date":"2026-07-11T10:36:55","date_gmt":"2026-07-11T07:36:55","guid":{"rendered":"https:\/\/analyse.optim.biz\/?p=2038941"},"modified":"2026-07-11T10:36:55","modified_gmt":"2026-07-11T07:36:55","slug":"avertisment-inginerul-alexandru-balcu-a-cere-doar-modificarea-oug-31-2002-inseamna-a-legitima-delictul-de-opinie-abrogati-oug-31-2002-acum","status":"publish","type":"post","link":"https:\/\/analyse.optim.biz\/?p=2038941","title":{"rendered":"AVERTISMENT! Inginerul Alexandru Balcu: A cere doar \u201cmodificarea\u201d OUG 31\/2002 \u00eenseamn\u0103 a legitima delictul de opinie \u2013 ABROGA\u021aI OUG 31\/2002 ACUM!"},"content":{"rendered":"<p>[analyse_image type=&#8221;featured&#8221; src=&#8221;https:\/\/www.incorectpolitic.com\/wp-content\/uploads\/2026\/07\/balcu-prima-linie.png&#8221;]<\/p>\n<div class=\"entry\">\n<p>Alexandru Balcu &amp; Sterie Ciumetti<br \/><strong>Incorect Politic<\/strong><br \/>\nIulie 10, 2026<\/p>\n<p><a href=\"https:\/\/www.incorectpolitic.com\/avertisment-inginerul-alexandru-balcu-a-cere-doar-modificarea-oug-31-2002-inseamna-a-legitima-delictul-de-opinie-abrogati-oug-31-2002-acum\/balcu-prima-linie\/\" rel=\"attachment wp-att-82008\"><img loading=\"lazy\" decoding=\"async\" class=\"size-full wp-image-82008 aligncenter\" src=\"https:\/\/www.incorectpolitic.com\/wp-content\/uploads\/2026\/07\/balcu-prima-linie.png\" alt width=\"1085\" height=\"655\"><\/a><\/p>\n<h2><strong>Inginerul Alexandru Balcu: A cere doar \u201cmodificarea\u201d OUG 31\/2002 \u00eenseamn\u0103 a legitima delictul de opinie \u2013 ABROGA\u021aI OUG 31\/2002<\/strong><\/h2>\n<p>\u00a0<\/p>\n<p>La articolul de pe ActiveNews, \u00een care este vorba despre mult-mediatizatul caz \u201cMihai Rapcea\u201d, am intervenit cu un comentariu.<\/p>\n<p>Am inten\u021bionat astfel s\u0103 l\u0103muresc unele aspecte ce se doresc escamotate (din la\u0219itate \u0219i o ne\u00een\u021belegere a mizei reale a luptei na\u021bionaliste), eu f\u0103c\u00e2nd parte din \u201elotul Eminescu\u201d, chiar ca personaj principal s\u0103 zic a\u0219a.<\/p>\n<p>Pe scurt, \u00een comentariul meu, care ar fi trebuit s\u0103 apar\u0103 la sec\u021biunea comentarii\u2026\u0219i n-a mai ap\u0103rut, atr\u0103geam aten\u021bia c\u0103 se confund\u0103 pruden\u021ba cu la\u0219itatea \u0219i c\u0103 \u201ca fi \u00een\u021belept ca \u0219erpii\u201d c\u00e2nd nu e cazul e doar la\u0219itate \u0219i at\u00e2t. \u0218i c\u0103 se na\u0219te un fel de na\u021bionalism de caviar, care \u00ee\u0219i alege luptele \u00een func\u021bie de \u201cpedigree-ul\u201d personalit\u0103\u021bii istorice sau culturale \u0219i pentru care OUG 31\/2002 \u201cnu e chiar a\u0219a r\u0103u\u201d, doar pe ici pe colo s\u0103 fie revizuit dar \u00een rest s\u0103 nu se schimbe nimic.<\/p>\n<p>Iat\u0103 comentariul:<\/p>\n<p><em>Intervin pentru a l\u0103muri ni\u0219te lucruri, c\u0103 tot v\u0103d c\u0103 ne \u00eenv\u00e2rtim \u00een jurul cozii: M\u0103 numesc Alexandru Balcu, eu sunt cel care \u00een video face salutul legionar \u00een fa\u021ba dispozitivului.<\/em><\/p>\n<p><em>Pentru c\u0103 nu m-am dezis de Mi\u0219carea Legionar\u0103 (am dat dou\u0103 declara\u021bii la Biroul Investiga\u021bii Crime, \u00een fa\u021ba comisarilor Isabela Drul\u0103, respectiv Marius Burduja), am primit arest preventiv \u0219i c\u0103tu\u0219e la m\u00e2ini \u0219i control judiciar (am intrat \u00een a 4-a lun\u0103 de control judiciar). Adic\u0103 termina\u021bi cu prostiile \u0219i la\u0219it\u0103\u021bile, eu chiar am f\u0103cut salutul legionar, a\u0219a cum se face, nu cu palma deschis\u0103 sau alte bazaconii!<\/em><\/p>\n<p><em>\u0218i ideea e c\u0103 \u00een \u021bara mea pot s\u0103 fac ce salut vreau eu, chiar sau mai ales salutul legionar, c\u0103 v\u0103d c\u0103 de Mi\u0219carea Legionar\u0103 se dezic to\u021bi koshervatorii. Ideea e de a cere r\u0103spicat abrogarea OUG 31\/2002 \u00een totalitatea ei, nu cum zice Academia Rom\u00e2n\u0103, c\u0103 da, legea e bun\u0103 c\u0103 \u00eei salt\u0103 pe \u201eextremi\u0219ti\u201d, doar de cultura noastr\u0103 s\u0103 nu se ating\u0103 nimeni (e \u00een regul\u0103, firesc, l\u0103udabil, s\u0103 s\u0103rim pentru Eminescu, Eliade, Goga), aaa, dar dac\u0103 e\u0219ti cu Codreanu sau Sima, la zdup cu tine!<\/em><\/p>\n<p><em>A\u0219a e, Mihai Tociu \u0219i Mihai Rapcea nu au avut s\u0103 zic a\u0219a nicio treab\u0103 cu salutul meu legionar, am declarat \u0219i asta la Poli\u021bie, dar am declarat ferm c\u0103 da, salutul legionar am vrut s\u0103 \u00eel fac \u0219i l-am f\u0103cut \u0219i nu m\u0103 dezic de asta!<\/em><\/p>\n<p>Se na\u0219te un na\u021bionalism de caviar (cum plastic spunea Pompiliu Diplan), \u00een care ne alegem, ca la pia\u021b\u0103, doar merele f\u0103r\u0103 pat\u0103.<\/p>\n<p>Legionarii r\u0103m\u00e2n iar\u0103\u0219i paria; practic se accept\u0103 tacit \u0219i la\u0219 faptul c\u0103 legea Vexler ar fi bun\u0103 \u00een esen\u021ba ei, c\u0103 p\u0103ze\u0219te \u021bara de legionari \u0219i fasci\u0219ti, doar c\u0103 mai d\u0103 loc la abuzuri \u0219i atunci intervine \u0219i Academia Rom\u00e2n\u0103 (care n-a mi\u0219cat un deget pentru Nicolae Paulescu) \u0219i \u00eei bate obrazul lui Vexler: bre, nu-i frumos!<\/p>\n<h3><span><strong>Asta este ideea: Abrogarea OUG 31\/2002, cu toate legile conexe (217\/2015, 157\/2018), 241\/2025!<\/strong><\/span><\/h3>\n<h3><strong>Ce a <a href=\"https:\/\/www.incorectpolitic.com\/curaj-adevar-si-libertate-senatorul-miron-manega-s-o-s-a-propus-abrogarea-legilor-delictului-de-opinie\/\">propus oficial<\/a> senatorul Dumitru Manea (Miron Manega) de la S.O.S.!<\/strong><\/h3>\n<p>\u00a0<\/p>\n<p>*<\/p>\n<h1><strong>Suntem OAMENI sau pigmei?<\/strong><\/h1>\n<p><em><strong>Nota lui Sterie Ciumetti:<\/strong><\/em><\/p>\n<p>Inginerul Alexandru Balcu ne d\u0103 o lec\u021bie care trebuie repetat\u0103 p\u00e2n\u0103 c\u00e2nd ne intr\u0103 \u00een cap.<\/p>\n<p><strong>Oamenii care cred c\u0103 dac\u0103 au pozi\u021bii moderate vor sc\u0103pa de prigoan\u0103 ar fi caraghio\u0219i dac\u0103 nu ar fi \u00eentuneca\u021bi de complicitatea lor la teroarea dezl\u0103n\u021buit\u0103 \u00een Rom\u00e2nia.<\/strong> Pentru c\u0103 pozi\u021biile moderate \u00een cazul terorii nu reprezint\u0103 dec\u00e2t o ru\u0219inoas\u0103 \u0219i condamnabil\u0103 complicitate.<\/p>\n<p><strong>To\u021bi cei care sus\u021bin cu jum\u0103tate de gur\u0103 c\u0103 legisla\u021bia aceasta trebuie modificat\u0103, nu abrogat\u0103, se \u00eencadreaz\u0103 \u00een tab\u0103ra celor care sunt complici la teroarea statal\u0103<\/strong>. Sunt complici cu institutul Elie Wiesel, cu Alexandru Florian, cu Silviu Vexler, cu fra\u021bii Muraru, cu C\u0103t\u0103lin Avramescu, cu Bogdan Ionescu \u0219i to\u021bi antirom\u00e2nii care vor s\u0103 ne \u0219tearg\u0103 istoria \u0219i s\u0103 ne ia dreptul de a g\u00e2ndi liber.<\/p>\n<p>A spune \u201cE bine s\u0103 se interzic\u0103 p\u0103rerile despre Hitler sau na\u021bional-socialism, dar l\u0103sa\u021bi-l pe Goga \u00een pace\u201d este echivalentul unui rob care \u00eengenuncheaz\u0103 \u00een fa\u021ba st\u0103p\u00e2nului \u0219i spune \u201cPo\u021bi controla discursul, dar las\u0103-mi doar un col\u021bi\u0219or mic \u0219i pentru mine\u201d, o pozi\u021bie de om slab, timorat, cu reflex pavlovian de c\u00e2ine b\u0103tut. Nu este tipul de om pe care l-au visat str\u0103mo\u0219ii no\u0219tri, nu este tipul de om prin care Rom\u00e2nie poate rena\u0219te. Nu este tipul de om de care este nevoie acum, \u00een plin\u0103 prigoan\u0103.<\/p>\n<p class=\"isSelectedEnd\">Cei care privesc cum ast\u0103zi sunt ancheta\u021bi, ridica\u021bi sau condamna\u021bi cei eticheta\u021bi drept \u201eextremi\u0219ti\u201d, convin\u0219i c\u0103 lor nu li se poate \u00eent\u00e2mpla nimic pentru c\u0103 sunt \u201emai modera\u021bi\u201d, \u00ee\u0219i fac o iluzie periculoas\u0103. C\u00e2nd statul \u00ee\u0219i arog\u0103 puterea de a decide ce opinii pot fi exprimate \u0219i care trebuie sanc\u021bionate, grani\u021bele nu r\u0103m\u00e2n fixe. Ceea ce ast\u0103zi este prezentat drept o m\u0103sur\u0103 excep\u021bional\u0103 poate deveni m\u00e2ine o practic\u0103 obi\u0219nuit\u0103, iar cercul celor viza\u021bi se poate l\u0103rgi treptat.<\/p>\n<p class=\"isSelectedEnd\">Istoria ofer\u0103 numeroase exemple \u00een care limit\u0103rile impuse ini\u021bial unor categorii restr\u00e2nse au fost extinse ulterior asupra unor grupuri tot mai largi. <strong>De aceea, cei care cred c\u0103 vor fi proteja\u021bi prin concesii succesive risc\u0103 s\u0103 descopere c\u0103 modera\u021bia lor nu le ofer\u0103 nicio garan\u021bie.<\/strong> Dac\u0103 principiul c\u0103 statul poate pedepsi exprimarea unor opinii este acceptat, disputa nu mai este dac\u0103 vor exista noi interdic\u021bii, ci doar unde va fi trasat\u0103 urm\u0103toarea linie.<\/p>\n<p class=\"isSelectedEnd\">Dac\u0103 personalit\u0103\u021bile din lumea conservatoare accept\u0103 faptul c\u0103 statul este \u00eendrept\u0103\u021bit s\u0103 pedepseasc\u0103 exprimarea unor opinii atunci \u00eenseamn\u0103 c\u0103 au pierdut din start. \u0218i mai \u00eenseamn\u0103 c\u0103 nu conserv\u0103 nimic, eventual doar frica. Mi\u0219carea conservatoare \u0219i-a ratat menirea prin la\u0219itatea exprimat\u0103 \u00een fa\u021ba abuzurilor. Inclusiv Claudiu T\u00e2rziu, promotorul campaniei STOP VEXLER, o campanie binevenit\u0103 \u0219i l\u0103udabil\u0103, nu merge p\u00e2n\u0103 la cap\u0103t. El cere doar abrogarea Legii Vexler, pe c\u00e2nd aceast\u0103 lege este altoit\u0103 pe trunchiul comun OUG 31\/2002, \u00eenceputul sau r\u0103d\u0103cina delictului de opinie din Rom\u00e2nia.<\/p>\n<p>Indiferent c\u00e2t e pre\u021bul la benzin\u0103, c\u00e2te companii se v\u00e2nd str\u0103inilor, c\u00e2t de rea este situa\u021bia din spitale sau cum \u00ee\u0219i bat joc guvernan\u021bii de via\u021ba rom\u00e2nilor, problemele pe care le avem nu pot fi rezolvate dac\u0103 nu avem voie s\u0103 vorbim liber. De aceea prioritatea oamenilor implica\u021bi \u00een via\u021ba cet\u0103\u021bii trebuie s\u0103 fie ABROGAREA OUG 31\/2002 pentru a restabili dreptul la liber\u0103 exprimare.<\/p>\n<p>Libertatea de exprimare nu este pus\u0103 la \u00eencercare atunci c\u00e2nd protejeaz\u0103 opinii unanim acceptate, ci atunci c\u00e2nd ap\u0103r\u0103 dreptul de a exprima idei controversate, incomode sau nepopulare. Cine accept\u0103 restr\u00e2ngerea acestui principiu doar pentru c\u0103 nu este de acord cu ce spun unii vor descoperi mai devreme sau mai t\u00e2rziu c\u0103 mecanismul creat va fi folosit \u0219i \u00eempotriva propriilor convingeri. Ast\u0103zi sunt vizate unele opinii, m\u00e2ine pot fi altele; iar dac\u0103 principiul libert\u0103\u021bii este abandonat pas cu pas, tot mai pu\u021bine idei vor r\u0103m\u00e2ne \u00een afara controlului statului, p\u00e2n\u0103 vom ajunge \u00eentr-o distopie orwellian\u0103.<\/p>\n<p>Inginerul Alexandru Balcu, s\u0103ltat de masca\u021bi a doua oar\u0103, \u00een Lotul Eminescu, trage un semnal de alarm\u0103.<\/p>\n<p><a href=\"https:\/\/www.incorectpolitic.com\/avertisment-inginerul-alexandru-balcu-a-cere-doar-modificarea-oug-31-2002-inseamna-a-legitima-delictul-de-opinie-abrogati-oug-31-2002-acum\/balcu-cavaler\/\" rel=\"attachment wp-att-82018\"><img loading=\"lazy\" decoding=\"async\" class=\"aligncenter wp-image-82018 lazyload\" src=\"https:\/\/www.incorectpolitic.com\/wp-content\/uploads\/2026\/07\/balcu-cavaler.png\" alt width=\"524\" height=\"786\"><\/a><\/p>\n<p><img loading=\"lazy\" decoding=\"async\" class=\"aligncenter wp-image-82018\" src=\"https:\/\/www.incorectpolitic.com\/wp-content\/uploads\/2026\/07\/balcu-cavaler.png\" alt width=\"524\" height=\"786\" data-eio=\"l\"><\/p>\n<p>Este capabil\u0103 societatea rom\u00e2neasc\u0103 s\u0103 con\u0219tientizeze pericolul?<\/p>\n<p>Este mi\u0219carea conservatoare capabil\u0103 s\u0103-\u0219i dep\u0103\u0219easc\u0103 frica?<\/p>\n<p>Este lumea na\u021bionalist\u0103 \u00een stare s\u0103-l apere pe Balcu f\u0103r\u0103 s\u0103 caute nod \u00een papur\u0103 pentru deziceri penibile? Ru\u0219ine celor care s-au dezis de acest OM.<\/p>\n<p>Publica\u021bia Incorect Politic va continua s\u0103 \u00eei sus\u021bin\u0103 necondi\u021bionat pe to\u021bi cei s\u0103lta\u021bi, re\u021binu\u021bi, aresta\u021bi \u0219i condamna\u021bi pe baza legisla\u021biei delictului de opinie. P\u00e2n\u0103 mai avem libertatea s\u0103 scriem, pute\u021bi conta pe sprijinul nostru.<\/p>\n<p>Ferici\u021bi cei prigoni\u021bi pentru dreptate.<\/p>\n<p><strong>Vincit omnia veritas.<\/strong><\/p>\n<p><a href=\"https:\/\/www.incorectpolitic.com\/inevitabilul-triumf-al-antisemitismului\/veritas-adevar-triumf\/\" rel=\"attachment wp-att-70082\"><img loading=\"lazy\" decoding=\"async\" class=\"size-full wp-image-70082 aligncenter lazyload\" src=\"https:\/\/www.incorectpolitic.com\/wp-content\/uploads\/2023\/09\/veritas-adevar-triumf.jpg\" alt width=\"944\" height=\"629\"><\/a><\/p>\n<p><img loading=\"lazy\" decoding=\"async\" class=\"size-full wp-image-70082 aligncenter\" src=\"https:\/\/www.incorectpolitic.com\/wp-content\/uploads\/2023\/09\/veritas-adevar-triumf.jpg\" alt width=\"944\" height=\"629\" data-eio=\"l\"><\/p>\n<p>\u00a0<\/p>\n<\/div>\n<div class=\"entry\">\n<p>Alexandru Balcu &amp; Sterie Ciumetti<br \/><strong>Incorect Politic<\/strong><br \/>\nIulie 10, 2026<\/p>\n<p><a href=\"https:\/\/www.incorectpolitic.com\/avertisment-inginerul-alexandru-balcu-a-cere-doar-modificarea-oug-31-2002-inseamna-a-legitima-delictul-de-opinie-abrogati-oug-31-2002-acum\/balcu-prima-linie\/\" rel=\"attachment wp-att-82008\"><img loading=\"lazy\" decoding=\"async\" class=\"size-full wp-image-82008 aligncenter\" src=\"https:\/\/www.incorectpolitic.com\/wp-content\/uploads\/2026\/07\/balcu-prima-linie.png\" alt width=\"1085\" height=\"655\"><\/a><\/p>\n<h2><strong>Inginerul Alexandru Balcu: A cere doar \u201cmodificarea\u201d OUG 31\/2002 \u00eenseamn\u0103 a legitima delictul de opinie \u2013 ABROGA\u021aI OUG 31\/2002<\/strong><\/h2>\n<p>\u00a0<\/p>\n<p>La articolul de pe ActiveNews, \u00een care este vorba despre mult-mediatizatul caz \u201cMihai Rapcea\u201d, am intervenit cu un comentariu.<\/p>\n<p>Am inten\u021bionat astfel s\u0103 l\u0103muresc unele aspecte ce se doresc escamotate (din la\u0219itate \u0219i o ne\u00een\u021belegere a mizei reale a luptei na\u021bionaliste), eu f\u0103c\u00e2nd parte din \u201elotul Eminescu\u201d, chiar ca personaj principal s\u0103 zic a\u0219a.<\/p>\n<p>Pe scurt, \u00een comentariul meu, care ar fi trebuit s\u0103 apar\u0103 la sec\u021biunea comentarii\u2026\u0219i n-a mai ap\u0103rut, atr\u0103geam aten\u021bia c\u0103 se confund\u0103 pruden\u021ba cu la\u0219itatea \u0219i c\u0103 \u201ca fi \u00een\u021belept ca \u0219erpii\u201d c\u00e2nd nu e cazul e doar la\u0219itate \u0219i at\u00e2t. \u0218i c\u0103 se na\u0219te un fel de na\u021bionalism de caviar, care \u00ee\u0219i alege luptele \u00een func\u021bie de \u201cpedigree-ul\u201d personalit\u0103\u021bii istorice sau culturale \u0219i pentru care OUG 31\/2002 \u201cnu e chiar a\u0219a r\u0103u\u201d, doar pe ici pe colo s\u0103 fie revizuit dar \u00een rest s\u0103 nu se schimbe nimic.<\/p>\n<p>Iat\u0103 comentariul:<\/p>\n<p><em>Intervin pentru a l\u0103muri ni\u0219te lucruri, c\u0103 tot v\u0103d c\u0103 ne \u00eenv\u00e2rtim \u00een jurul cozii: M\u0103 numesc Alexandru Balcu, eu sunt cel care \u00een video face salutul legionar \u00een fa\u021ba dispozitivului.<\/em><\/p>\n<p><em>Pentru c\u0103 nu m-am dezis de Mi\u0219carea Legionar\u0103 (am dat dou\u0103 declara\u021bii la Biroul Investiga\u021bii Crime, \u00een fa\u021ba comisarilor Isabela Drul\u0103, respectiv Marius Burduja), am primit arest preventiv \u0219i c\u0103tu\u0219e la m\u00e2ini \u0219i control judiciar (am intrat \u00een a 4-a lun\u0103 de control judiciar). Adic\u0103 termina\u021bi cu prostiile \u0219i la\u0219it\u0103\u021bile, eu chiar am f\u0103cut salutul legionar, a\u0219a cum se face, nu cu palma deschis\u0103 sau alte bazaconii!<\/em><\/p>\n<p><em>\u0218i ideea e c\u0103 \u00een \u021bara mea pot s\u0103 fac ce salut vreau eu, chiar sau mai ales salutul legionar, c\u0103 v\u0103d c\u0103 de Mi\u0219carea Legionar\u0103 se dezic to\u021bi koshervatorii. Ideea e de a cere r\u0103spicat abrogarea OUG 31\/2002 \u00een totalitatea ei, nu cum zice Academia Rom\u00e2n\u0103, c\u0103 da, legea e bun\u0103 c\u0103 \u00eei salt\u0103 pe \u201eextremi\u0219ti\u201d, doar de cultura noastr\u0103 s\u0103 nu se ating\u0103 nimeni (e \u00een regul\u0103, firesc, l\u0103udabil, s\u0103 s\u0103rim pentru Eminescu, Eliade, Goga), aaa, dar dac\u0103 e\u0219ti cu Codreanu sau Sima, la zdup cu tine!<\/em><\/p>\n<p><em>A\u0219a e, Mihai Tociu \u0219i Mihai Rapcea nu au avut s\u0103 zic a\u0219a nicio treab\u0103 cu salutul meu legionar, am declarat \u0219i asta la Poli\u021bie, dar am declarat ferm c\u0103 da, salutul legionar am vrut s\u0103 \u00eel fac \u0219i l-am f\u0103cut \u0219i nu m\u0103 dezic de asta!<\/em><\/p>\n<p>Se na\u0219te un na\u021bionalism de caviar (cum plastic spunea Pompiliu Diplan), \u00een care ne alegem, ca la pia\u021b\u0103, doar merele f\u0103r\u0103 pat\u0103.<\/p>\n<p>Legionarii r\u0103m\u00e2n iar\u0103\u0219i paria; practic se accept\u0103 tacit \u0219i la\u0219 faptul c\u0103 legea Vexler ar fi bun\u0103 \u00een esen\u021ba ei, c\u0103 p\u0103ze\u0219te \u021bara de legionari \u0219i fasci\u0219ti, doar c\u0103 mai d\u0103 loc la abuzuri \u0219i atunci intervine \u0219i Academia Rom\u00e2n\u0103 (care n-a mi\u0219cat un deget pentru Nicolae Paulescu) \u0219i \u00eei bate obrazul lui Vexler: bre, nu-i frumos!<\/p>\n<h3><span><strong>Asta este ideea: Abrogarea OUG 31\/2002, cu toate legile conexe (217\/2015, 157\/2018), 241\/2025!<\/strong><\/span><\/h3>\n<h3><strong>Ce a <a href=\"https:\/\/www.incorectpolitic.com\/curaj-adevar-si-libertate-senatorul-miron-manega-s-o-s-a-propus-abrogarea-legilor-delictului-de-opinie\/\">propus oficial<\/a> senatorul Dumitru Manea (Miron Manega) de la S.O.S.!<\/strong><\/h3>\n<p>\u00a0<\/p>\n<p>*<\/p>\n<h1><strong>Suntem OAMENI sau pigmei?<\/strong><\/h1>\n<p><em><strong>Nota lui Sterie Ciumetti:<\/strong><\/em><\/p>\n<p>Inginerul Alexandru Balcu ne d\u0103 o lec\u021bie care trebuie repetat\u0103 p\u00e2n\u0103 c\u00e2nd ne intr\u0103 \u00een cap.<\/p>\n<p><strong>Oamenii care cred c\u0103 dac\u0103 au pozi\u021bii moderate vor sc\u0103pa de prigoan\u0103 ar fi caraghio\u0219i dac\u0103 nu ar fi \u00eentuneca\u021bi de complicitatea lor la teroarea dezl\u0103n\u021buit\u0103 \u00een Rom\u00e2nia.<\/strong> Pentru c\u0103 pozi\u021biile moderate \u00een cazul terorii nu reprezint\u0103 dec\u00e2t o ru\u0219inoas\u0103 \u0219i condamnabil\u0103 complicitate.<\/p>\n<p><strong>To\u021bi cei care sus\u021bin cu jum\u0103tate de gur\u0103 c\u0103 legisla\u021bia aceasta trebuie modificat\u0103, nu abrogat\u0103, se \u00eencadreaz\u0103 \u00een tab\u0103ra celor care sunt complici la teroarea statal\u0103<\/strong>. Sunt complici cu institutul Elie Wiesel, cu Alexandru Florian, cu Silviu Vexler, cu fra\u021bii Muraru, cu C\u0103t\u0103lin Avramescu, cu Bogdan Ionescu \u0219i to\u021bi antirom\u00e2nii care vor s\u0103 ne \u0219tearg\u0103 istoria \u0219i s\u0103 ne ia dreptul de a g\u00e2ndi liber.<\/p>\n<p>A spune \u201cE bine s\u0103 se interzic\u0103 p\u0103rerile despre Hitler sau na\u021bional-socialism, dar l\u0103sa\u021bi-l pe Goga \u00een pace\u201d este echivalentul unui rob care \u00eengenuncheaz\u0103 \u00een fa\u021ba st\u0103p\u00e2nului \u0219i spune \u201cPo\u021bi controla discursul, dar las\u0103-mi doar un col\u021bi\u0219or mic \u0219i pentru mine\u201d, o pozi\u021bie de om slab, timorat, cu reflex pavlovian de c\u00e2ine b\u0103tut. Nu este tipul de om pe care l-au visat str\u0103mo\u0219ii no\u0219tri, nu este tipul de om prin care Rom\u00e2nie poate rena\u0219te. Nu este tipul de om de care este nevoie acum, \u00een plin\u0103 prigoan\u0103.<\/p>\n<p class=\"isSelectedEnd\">Cei care privesc cum ast\u0103zi sunt ancheta\u021bi, ridica\u021bi sau condamna\u021bi cei eticheta\u021bi drept \u201eextremi\u0219ti\u201d, convin\u0219i c\u0103 lor nu li se poate \u00eent\u00e2mpla nimic pentru c\u0103 sunt \u201emai modera\u021bi\u201d, \u00ee\u0219i fac o iluzie periculoas\u0103. C\u00e2nd statul \u00ee\u0219i arog\u0103 puterea de a decide ce opinii pot fi exprimate \u0219i care trebuie sanc\u021bionate, grani\u021bele nu r\u0103m\u00e2n fixe. Ceea ce ast\u0103zi este prezentat drept o m\u0103sur\u0103 excep\u021bional\u0103 poate deveni m\u00e2ine o practic\u0103 obi\u0219nuit\u0103, iar cercul celor viza\u021bi se poate l\u0103rgi treptat.<\/p>\n<p class=\"isSelectedEnd\">Istoria ofer\u0103 numeroase exemple \u00een care limit\u0103rile impuse ini\u021bial unor categorii restr\u00e2nse au fost extinse ulterior asupra unor grupuri tot mai largi. <strong>De aceea, cei care cred c\u0103 vor fi proteja\u021bi prin concesii succesive risc\u0103 s\u0103 descopere c\u0103 modera\u021bia lor nu le ofer\u0103 nicio garan\u021bie.<\/strong> Dac\u0103 principiul c\u0103 statul poate pedepsi exprimarea unor opinii este acceptat, disputa nu mai este dac\u0103 vor exista noi interdic\u021bii, ci doar unde va fi trasat\u0103 urm\u0103toarea linie.<\/p>\n<p class=\"isSelectedEnd\">Dac\u0103 personalit\u0103\u021bile din lumea conservatoare accept\u0103 faptul c\u0103 statul este \u00eendrept\u0103\u021bit s\u0103 pedepseasc\u0103 exprimarea unor opinii atunci \u00eenseamn\u0103 c\u0103 au pierdut din start. \u0218i mai \u00eenseamn\u0103 c\u0103 nu conserv\u0103 nimic, eventual doar frica. Mi\u0219carea conservatoare \u0219i-a ratat menirea prin la\u0219itatea exprimat\u0103 \u00een fa\u021ba abuzurilor. Inclusiv Claudiu T\u00e2rziu, promotorul campaniei STOP VEXLER, o campanie binevenit\u0103 \u0219i l\u0103udabil\u0103, nu merge p\u00e2n\u0103 la cap\u0103t. El cere doar abrogarea Legii Vexler, pe c\u00e2nd aceast\u0103 lege este altoit\u0103 pe trunchiul comun OUG 31\/2002, \u00eenceputul sau r\u0103d\u0103cina delictului de opinie din Rom\u00e2nia.<\/p>\n<p>Indiferent c\u00e2t e pre\u021bul la benzin\u0103, c\u00e2te companii se v\u00e2nd str\u0103inilor, c\u00e2t de rea este situa\u021bia din spitale sau cum \u00ee\u0219i bat joc guvernan\u021bii de via\u021ba rom\u00e2nilor, problemele pe care le avem nu pot fi rezolvate dac\u0103 nu avem voie s\u0103 vorbim liber. De aceea prioritatea oamenilor implica\u021bi \u00een via\u021ba cet\u0103\u021bii trebuie s\u0103 fie ABROGAREA OUG 31\/2002 pentru a restabili dreptul la liber\u0103 exprimare.<\/p>\n<p>Libertatea de exprimare nu este pus\u0103 la \u00eencercare atunci c\u00e2nd protejeaz\u0103 opinii unanim acceptate, ci atunci c\u00e2nd ap\u0103r\u0103 dreptul de a exprima idei controversate, incomode sau nepopulare. Cine accept\u0103 restr\u00e2ngerea acestui principiu doar pentru c\u0103 nu este de acord cu ce spun unii vor descoperi mai devreme sau mai t\u00e2rziu c\u0103 mecanismul creat va fi folosit \u0219i \u00eempotriva propriilor convingeri. Ast\u0103zi sunt vizate unele opinii, m\u00e2ine pot fi altele; iar dac\u0103 principiul libert\u0103\u021bii este abandonat pas cu pas, tot mai pu\u021bine idei vor r\u0103m\u00e2ne \u00een afara controlului statului, p\u00e2n\u0103 vom ajunge \u00eentr-o distopie orwellian\u0103.<\/p>\n<p>Inginerul Alexandru Balcu, s\u0103ltat de masca\u021bi a doua oar\u0103, \u00een Lotul Eminescu, trage un semnal de alarm\u0103.<\/p>\n<p><a href=\"https:\/\/www.incorectpolitic.com\/avertisment-inginerul-alexandru-balcu-a-cere-doar-modificarea-oug-31-2002-inseamna-a-legitima-delictul-de-opinie-abrogati-oug-31-2002-acum\/balcu-cavaler\/\" rel=\"attachment wp-att-82018\"><img loading=\"lazy\" decoding=\"async\" class=\"aligncenter wp-image-82018 lazyload\" src=\"https:\/\/www.incorectpolitic.com\/wp-content\/uploads\/2026\/07\/balcu-cavaler.png\" alt width=\"524\" height=\"786\"><\/a><\/p>\n<p><img loading=\"lazy\" decoding=\"async\" class=\"aligncenter wp-image-82018\" src=\"https:\/\/www.incorectpolitic.com\/wp-content\/uploads\/2026\/07\/balcu-cavaler.png\" alt width=\"524\" height=\"786\" data-eio=\"l\"><\/p>\n<p>Este capabil\u0103 societatea rom\u00e2neasc\u0103 s\u0103 con\u0219tientizeze pericolul?<\/p>\n<p>Este mi\u0219carea conservatoare capabil\u0103 s\u0103-\u0219i dep\u0103\u0219easc\u0103 frica?<\/p>\n<p>Este lumea na\u021bionalist\u0103 \u00een stare s\u0103-l apere pe Balcu f\u0103r\u0103 s\u0103 caute nod \u00een papur\u0103 pentru deziceri penibile? Ru\u0219ine celor care s-au dezis de acest OM.<\/p>\n<p>Publica\u021bia Incorect Politic va continua s\u0103 \u00eei sus\u021bin\u0103 necondi\u021bionat pe to\u021bi cei s\u0103lta\u021bi, re\u021binu\u021bi, aresta\u021bi \u0219i condamna\u021bi pe baza legisla\u021biei delictului de opinie. P\u00e2n\u0103 mai avem libertatea s\u0103 scriem, pute\u021bi conta pe sprijinul nostru.<\/p>\n<p>Ferici\u021bi cei prigoni\u021bi pentru dreptate.<\/p>\n<p><strong>Vincit omnia veritas.<\/strong><\/p>\n<p><a href=\"https:\/\/www.incorectpolitic.com\/inevitabilul-triumf-al-antisemitismului\/veritas-adevar-triumf\/\" rel=\"attachment wp-att-70082\"><img loading=\"lazy\" decoding=\"async\" class=\"size-full wp-image-70082 aligncenter lazyload\" src=\"https:\/\/www.incorectpolitic.com\/wp-content\/uploads\/2023\/09\/veritas-adevar-triumf.jpg\" alt width=\"944\" height=\"629\"><\/a><\/p>\n<p><img loading=\"lazy\" decoding=\"async\" class=\"size-full wp-image-70082 aligncenter\" src=\"https:\/\/www.incorectpolitic.com\/wp-content\/uploads\/2023\/09\/veritas-adevar-triumf.jpg\" alt width=\"944\" height=\"629\" data-eio=\"l\"><\/p>\n<p>\u00a0<\/p>\n<\/div>\n<article class=\"post-81436 post type-post status-publish entry includes-feat-image\">\n<div class=\"featured-image alignleft\"><a class=\"featured_post_link\" href=\"https:\/\/www.incorectpolitic.com\/curaj-adevar-si-libertate-senatorul-miron-manega-s-o-s-a-propus-abrogarea-legilor-delictului-de-opinie\/\" title=\"CURAJ, ADEV\u0102R \u0218I LIBERTATE! Senatorul Miron Manega (S.O.S.) a propus abrogarea legilor delictului de opinie!\"><img loading=\"lazy\" decoding=\"async\" width=\"150\" height=\"150\" src=\"https:\/\/www.incorectpolitic.com\/wp-content\/uploads\/2019\/04\/manega-150x150.png\" class=\"attachment-thumbnail size-thumbnail wp-post-image lazyload\" alt><img loading=\"lazy\" decoding=\"async\" width=\"150\" height=\"150\" src=\"https:\/\/www.incorectpolitic.com\/wp-content\/uploads\/2019\/04\/manega-150x150.png\" class=\"attachment-thumbnail size-thumbnail wp-post-image\" alt data-eio=\"l\"><\/a><\/div>\n<div class=\"entry-title\"><a class=\"featured_post_link\" href=\"https:\/\/www.incorectpolitic.com\/curaj-adevar-si-libertate-senatorul-miron-manega-s-o-s-a-propus-abrogarea-legilor-delictului-de-opinie\/\" title=\"CURAJ, ADEV\u0102R \u0218I LIBERTATE! Senatorul Miron Manega (S.O.S.) a propus abrogarea legilor delictului de opinie!\">CURAJ, ADEV\u0102R \u0218I LIBERTATE! Senatorul Miron Manega (S.O.S.) a propus abrogarea legilor delictului de opinie!<\/a><\/div>\n<\/article>\n<article class=\"post-80361 post type-post status-publish entry includes-feat-image\">\n<div class=\"featured-image alignleft\"><a class=\"featured_post_link\" href=\"https:\/\/www.incorectpolitic.com\/ultimul-fiu-al-daciei\/\" title=\"Ultimul Fiu al Daciei\"><img loading=\"lazy\" decoding=\"async\" width=\"100\" height=\"150\" src=\"https:\/\/www.incorectpolitic.com\/wp-content\/uploads\/2025\/10\/dac.jpeg\" class=\"attachment-thumbnail size-thumbnail wp-post-image lazyload\" alt><img loading=\"lazy\" decoding=\"async\" width=\"100\" height=\"150\" src=\"https:\/\/www.incorectpolitic.com\/wp-content\/uploads\/2025\/10\/dac.jpeg\" class=\"attachment-thumbnail size-thumbnail wp-post-image\" alt data-eio=\"l\"><\/a><\/div>\n<div class=\"entry-title\"><a class=\"featured_post_link\" href=\"https:\/\/www.incorectpolitic.com\/ultimul-fiu-al-daciei\/\" title=\"Ultimul Fiu al Daciei\">Ultimul Fiu al Daciei<\/a><\/div>\n<\/article>\n<article class=\"post-73927 post type-post status-publish entry includes-feat-image\">\n<div class=\"featured-image alignleft\"><a class=\"featured_post_link\" href=\"https:\/\/www.incorectpolitic.com\/cauzele-si-dinamica-antisemitismului\/\" title=\"Cauzele \u0219i Dinamica Antisemitismului\"><img loading=\"lazy\" decoding=\"async\" width=\"150\" height=\"150\" src=\"https:\/\/www.incorectpolitic.com\/wp-content\/uploads\/2018\/09\/bolshevik-jews-150x150.jpg\" class=\"attachment-thumbnail size-thumbnail wp-post-image lazyload\" alt><img loading=\"lazy\" decoding=\"async\" width=\"150\" height=\"150\" src=\"https:\/\/www.incorectpolitic.com\/wp-content\/uploads\/2018\/09\/bolshevik-jews-150x150.jpg\" class=\"attachment-thumbnail size-thumbnail wp-post-image\" alt data-eio=\"l\"><\/a><\/div>\n<div class=\"entry-title\"><a class=\"featured_post_link\" href=\"https:\/\/www.incorectpolitic.com\/cauzele-si-dinamica-antisemitismului\/\" title=\"Cauzele \u0219i Dinamica Antisemitismului\">Cauzele \u0219i Dinamica Antisemitismului<\/a><\/div>\n<\/article>\n<article class=\"post-72974 post type-post status-publish entry includes-feat-image\">\n<div class=\"featured-image alignleft\"><a class=\"featured_post_link\" href=\"https:\/\/www.incorectpolitic.com\/navalirea-jidanilor-de-vasile-alecsandri-piesa-interzisa\/\" title=\"N\u0103v\u0103lirea Jidanilor \u2013 de Vasile Alecsandri (Pies\u0103 interzis\u0103)\"><img loading=\"lazy\" decoding=\"async\" width=\"150\" height=\"150\" src=\"https:\/\/www.incorectpolitic.com\/wp-content\/uploads\/2024\/02\/jidani-navalire-2.png\" class=\"attachment-thumbnail size-thumbnail wp-post-image lazyload\" alt><img loading=\"lazy\" decoding=\"async\" width=\"150\" height=\"150\" src=\"https:\/\/www.incorectpolitic.com\/wp-content\/uploads\/2024\/02\/jidani-navalire-2.png\" class=\"attachment-thumbnail size-thumbnail wp-post-image\" alt data-eio=\"l\"><\/a><\/div>\n<div class=\"entry-title\"><a class=\"featured_post_link\" href=\"https:\/\/www.incorectpolitic.com\/navalirea-jidanilor-de-vasile-alecsandri-piesa-interzisa\/\" title=\"N\u0103v\u0103lirea Jidanilor \u2013 de Vasile Alecsandri (Pies\u0103 interzis\u0103)\">N\u0103v\u0103lirea Jidanilor \u2013 de Vasile Alecsandri (Pies\u0103 interzis\u0103)<\/a><\/div>\n<\/article>\n<article class=\"post-71879 post type-post status-publish entry includes-feat-image\">\n<div class=\"featured-image alignleft\"><a class=\"featured_post_link\" href=\"https:\/\/www.incorectpolitic.com\/europa-si-romania-in-anul-2050\/\" title=\"Europa \u0219i Rom\u00e2nia \u00een anul 2050\"><img loading=\"lazy\" decoding=\"async\" width=\"147\" height=\"150\" src=\"https:\/\/www.incorectpolitic.com\/wp-content\/uploads\/2024\/01\/Romania-2050-2.png\" class=\"attachment-thumbnail size-thumbnail wp-post-image lazyload\" alt><img loading=\"lazy\" decoding=\"async\" width=\"147\" height=\"150\" src=\"https:\/\/www.incorectpolitic.com\/wp-content\/uploads\/2024\/01\/Romania-2050-2.png\" class=\"attachment-thumbnail size-thumbnail wp-post-image\" alt data-eio=\"l\"><\/a><\/div>\n<div class=\"entry-title\"><a class=\"featured_post_link\" href=\"https:\/\/www.incorectpolitic.com\/europa-si-romania-in-anul-2050\/\" title=\"Europa \u0219i Rom\u00e2nia \u00een anul 2050\">Europa \u0219i Rom\u00e2nia \u00een anul 2050<\/a><\/div>\n<\/article>\n<article class=\"post-23854 post type-post status-publish entry includes-feat-image\">\n<div class=\"featured-image alignleft\"><a class=\"featured_post_link\" href=\"https:\/\/www.incorectpolitic.com\/vizita-papei-autonomie-alternativa\/\" title=\"Vizita Papei \u2013 Autonomie Alternativ\u0103\"><img loading=\"lazy\" decoding=\"async\" width=\"150\" height=\"150\" class=\"attachment-thumbnail size-thumbnail wp-post-image lazyload\" alt src=\"https:\/\/www.incorectpolitic.com\/wp-content\/uploads\/2019\/06\/uI2HFtR-150x150.jpg\"><img loading=\"lazy\" decoding=\"async\" width=\"150\" height=\"150\" src=\"https:\/\/www.incorectpolitic.com\/wp-content\/uploads\/2019\/06\/uI2HFtR-150x150.jpg\" class=\"attachment-thumbnail size-thumbnail wp-post-image\" alt data-eio=\"l\"><\/a><\/div>\n<div class=\"entry-title\"><a class=\"featured_post_link\" href=\"https:\/\/www.incorectpolitic.com\/vizita-papei-autonomie-alternativa\/\" title=\"Vizita Papei \u2013 Autonomie Alternativ\u0103\">Vizita Papei \u2013 Autonomie Alternativ\u0103<\/a><\/div>\n<\/article>\n<article class=\"post-72111 post type-post status-publish entry includes-feat-image\">\n<div class=\"featured-image alignleft\"><a class=\"featured_post_link\" href=\"https:\/\/www.incorectpolitic.com\/revelion-2023-2024-vine-anul-biruintei\/\" title=\"Revelion 2023 \u2013 2024 vine ANUL BIRUIN\u021aEI\"><img loading=\"lazy\" decoding=\"async\" width=\"150\" height=\"150\" src=\"https:\/\/www.incorectpolitic.com\/wp-content\/uploads\/2023\/12\/anul-biruintei.png\" class=\"attachment-thumbnail size-thumbnail wp-post-image lazyload\" alt><img loading=\"lazy\" decoding=\"async\" width=\"150\" height=\"150\" src=\"https:\/\/www.incorectpolitic.com\/wp-content\/uploads\/2023\/12\/anul-biruintei.png\" class=\"attachment-thumbnail size-thumbnail wp-post-image\" alt data-eio=\"l\"><\/a><\/div>\n<div class=\"entry-title\"><a class=\"featured_post_link\" href=\"https:\/\/www.incorectpolitic.com\/revelion-2023-2024-vine-anul-biruintei\/\" title=\"Revelion 2023 \u2013 2024 vine ANUL BIRUIN\u021aEI\">Revelion 2023 \u2013 2024 vine ANUL BIRUIN\u021aEI<\/a><\/div>\n<\/article>\n<article class=\"post-50139 post type-post status-publish entry includes-feat-image\">\n<div class=\"featured-image alignleft\"><a class=\"featured_post_link\" href=\"https:\/\/www.incorectpolitic.com\/analiza-strategiei-adoptata-de-guvern-pentru-combaterea-antisemitismului-xenofobiei-si-discursului-instigator-la-ura-2021-2023\/\" title=\"Analiza Strategiei Adoptat\u0103 de Guvern Pentru Combaterea \u201cantisemitismului, xenofobiei \u0219i discursului instigator la ur\u0103 2021-2023\u201d\"><img loading=\"lazy\" decoding=\"async\" width=\"150\" height=\"150\" src=\"https:\/\/www.incorectpolitic.com\/wp-content\/uploads\/2019\/08\/Jewish-censorship-e1421273251759-2-150x150.jpg\" class=\"attachment-thumbnail size-thumbnail wp-post-image lazyload\" alt><img loading=\"lazy\" decoding=\"async\" width=\"150\" height=\"150\" src=\"https:\/\/www.incorectpolitic.com\/wp-content\/uploads\/2019\/08\/Jewish-censorship-e1421273251759-2-150x150.jpg\" class=\"attachment-thumbnail size-thumbnail wp-post-image\" alt data-eio=\"l\"><\/a><\/div>\n<div class=\"entry-title\"><a class=\"featured_post_link\" href=\"https:\/\/www.incorectpolitic.com\/analiza-strategiei-adoptata-de-guvern-pentru-combaterea-antisemitismului-xenofobiei-si-discursului-instigator-la-ura-2021-2023\/\" title=\"Analiza Strategiei Adoptat\u0103 de Guvern Pentru Combaterea \u201cantisemitismului, xenofobiei \u0219i discursului instigator la ur\u0103 2021-2023\u201d\">Analiza Strategiei Adoptat\u0103 de Guvern Pentru Combaterea \u201cantisemitismului, xenofobiei \u0219i discursului instigator la ur\u0103 2021-2023\u201d<\/a><\/div>\n<\/article>\n<article class=\"post-70829 post type-post status-publish entry includes-feat-image\">\n<div class=\"featured-image alignleft\"><a class=\"featured_post_link\" href=\"https:\/\/www.incorectpolitic.com\/pozitia-unilaterala-a-pseudo-politicienilor-din-romania-si-a-bor-in-sustinerea-israelului-singurul-stat-terorist-din-lume-arata-ca-acestia-nu-au-o-fibra-cu-adevarat-nationala\/\" title=\"Pozi\u021bia unilateral\u0103 a pseudo politicienilor din Rom\u00e2nia \u0219i a BOR \u00een sus\u021binerea Israelului, singurul stat terorist din lume, arat\u0103 c\u0103 ace\u0219tia nu au o fibr\u0103 cu adev\u0103rat na\u021bional\u0103\"><img loading=\"lazy\" decoding=\"async\" width=\"150\" height=\"89\" src=\"https:\/\/www.incorectpolitic.com\/wp-content\/uploads\/2023\/08\/circumcision.png\" class=\"attachment-thumbnail size-thumbnail wp-post-image lazyload\" alt><img loading=\"lazy\" decoding=\"async\" width=\"150\" height=\"89\" src=\"https:\/\/www.incorectpolitic.com\/wp-content\/uploads\/2023\/08\/circumcision.png\" class=\"attachment-thumbnail size-thumbnail wp-post-image\" alt data-eio=\"l\"><\/a><\/div>\n<div class=\"entry-title\"><a class=\"featured_post_link\" href=\"https:\/\/www.incorectpolitic.com\/pozitia-unilaterala-a-pseudo-politicienilor-din-romania-si-a-bor-in-sustinerea-israelului-singurul-stat-terorist-din-lume-arata-ca-acestia-nu-au-o-fibra-cu-adevarat-nationala\/\" title=\"Pozi\u021bia unilateral\u0103 a pseudo politicienilor din Rom\u00e2nia \u0219i a BOR \u00een sus\u021binerea Israelului, singurul stat terorist din lume, arat\u0103 c\u0103 ace\u0219tia nu au o fibr\u0103 cu adev\u0103rat na\u021bional\u0103\">Pozi\u021bia unilateral\u0103 a pseudo politicienilor din Rom\u00e2nia \u0219i a BOR \u00een sus\u021binerea Israelului, singurul stat terorist din lume, arat\u0103 c\u0103 ace\u0219tia nu au o fibr\u0103 cu adev\u0103rat na\u021bional\u0103<\/a><\/div>\n<\/article>\n<article class=\"post-66937 post type-post status-publish entry includes-feat-image\">\n<div class=\"featured-image alignleft\"><a class=\"featured_post_link\" href=\"https:\/\/www.incorectpolitic.com\/agresiunea-impotriva-revizionistilor-istorici-si-efectele-linsajului-judiciar-de-la-nuremberg\/\" title=\"Agresiunea \u00eempotriva Revizioni\u0219tilor Istorici \u0219i efectele lin\u0219ajului judiciar de la Nurnberg\"><img loading=\"lazy\" decoding=\"async\" width=\"150\" height=\"100\" src=\"https:\/\/www.incorectpolitic.com\/wp-content\/uploads\/2023\/04\/image_2023-04-30_134634134.png\" class=\"attachment-thumbnail size-thumbnail wp-post-image lazyload\" alt><img loading=\"lazy\" decoding=\"async\" width=\"150\" height=\"100\" src=\"https:\/\/www.incorectpolitic.com\/wp-content\/uploads\/2023\/04\/image_2023-04-30_134634134.png\" class=\"attachment-thumbnail size-thumbnail wp-post-image\" alt data-eio=\"l\"><\/a><\/div>\n<div class=\"entry-title\"><a class=\"featured_post_link\" href=\"https:\/\/www.incorectpolitic.com\/agresiunea-impotriva-revizionistilor-istorici-si-efectele-linsajului-judiciar-de-la-nuremberg\/\" title=\"Agresiunea \u00eempotriva Revizioni\u0219tilor Istorici \u0219i efectele lin\u0219ajului judiciar de la Nurnberg\">Agresiunea \u00eempotriva Revizioni\u0219tilor Istorici \u0219i efectele lin\u0219ajului judiciar de la Nurnberg<\/a><\/div>\n<\/article>\n<article class=\"post-19111 post type-post status-publish entry includes-feat-image\">\n<div class=\"featured-image alignleft\"><a class=\"featured_post_link\" href=\"https:\/\/www.incorectpolitic.com\/despre-adevar\/\" title=\"Despre Adev\u0103r\"><img loading=\"lazy\" decoding=\"async\" width=\"150\" height=\"150\" src=\"https:\/\/www.incorectpolitic.com\/wp-content\/uploads\/2019\/02\/freedomfromchain-150x150.jpg\" class=\"attachment-thumbnail size-thumbnail wp-post-image lazyload\" alt><img loading=\"lazy\" decoding=\"async\" width=\"150\" height=\"150\" src=\"https:\/\/www.incorectpolitic.com\/wp-content\/uploads\/2019\/02\/freedomfromchain-150x150.jpg\" class=\"attachment-thumbnail size-thumbnail wp-post-image\" alt data-eio=\"l\"><\/a><\/div>\n<div class=\"entry-title\"><a class=\"featured_post_link\" href=\"https:\/\/www.incorectpolitic.com\/despre-adevar\/\" title=\"Despre Adev\u0103r\">Despre Adev\u0103r<\/a><\/div>\n<\/article>\n<article class=\"post-53767 post type-post status-publish entry includes-feat-image\">\n<div class=\"featured-image alignleft\"><a class=\"featured_post_link\" href=\"https:\/\/www.incorectpolitic.com\/dictionarul-coincidentelor-cine-sunt-iudeii-care-ne-au-influentat-tara-in-istoria-recenta\/\" title=\"DIC\u021aIONARUL COINCIDEN\u021aELOR  \u2013 Cine sunt iudeii care ne-au influen\u021bat \u021bara \u00een istoria recent\u0103\"><img loading=\"lazy\" decoding=\"async\" width=\"150\" height=\"150\" src=\"https:\/\/www.incorectpolitic.com\/wp-content\/uploads\/2021\/09\/coinc-150x150.png\" class=\"attachment-thumbnail size-thumbnail wp-post-image lazyload\" alt><img loading=\"lazy\" decoding=\"async\" width=\"150\" height=\"150\" src=\"https:\/\/www.incorectpolitic.com\/wp-content\/uploads\/2021\/09\/coinc-150x150.png\" class=\"attachment-thumbnail size-thumbnail wp-post-image\" alt data-eio=\"l\"><\/a><\/div>\n<div class=\"entry-title\"><a class=\"featured_post_link\" href=\"https:\/\/www.incorectpolitic.com\/dictionarul-coincidentelor-cine-sunt-iudeii-care-ne-au-influentat-tara-in-istoria-recenta\/\" title=\"DIC\u021aIONARUL COINCIDEN\u021aELOR  \u2013 Cine sunt iudeii care ne-au influen\u021bat \u021bara \u00een istoria recent\u0103\">DIC\u021aIONARUL COINCIDEN\u021aELOR  \u2013 Cine sunt iudeii care ne-au influen\u021bat \u021bara \u00een istoria recent\u0103<\/a><\/div>\n<\/article>\n<article class=\"post-51156 post type-post status-publish entry includes-feat-image\">\n<div class=\"featured-image alignleft\"><a class=\"featured_post_link\" href=\"https:\/\/www.incorectpolitic.com\/desertaciune-nu-aparare\/\" title=\"DE\u0218ERT\u0102CIUNE?! Nu, AP\u0102RARE!\"><img loading=\"lazy\" decoding=\"async\" width=\"150\" height=\"150\" class=\"attachment-thumbnail size-thumbnail wp-post-image lazyload\" alt src=\"https:\/\/www.incorectpolitic.com\/wp-content\/uploads\/2021\/06\/desertaciune-nu-aparare-150x150.jpg\"><img loading=\"lazy\" decoding=\"async\" width=\"150\" height=\"150\" src=\"https:\/\/www.incorectpolitic.com\/wp-content\/uploads\/2021\/06\/desertaciune-nu-aparare-150x150.jpg\" class=\"attachment-thumbnail size-thumbnail wp-post-image\" alt data-eio=\"l\"><\/a><\/div>\n<div class=\"entry-title\"><a class=\"featured_post_link\" href=\"https:\/\/www.incorectpolitic.com\/desertaciune-nu-aparare\/\" title=\"DE\u0218ERT\u0102CIUNE?! Nu, AP\u0102RARE!\">DE\u0218ERT\u0102CIUNE?! Nu, AP\u0102RARE!<\/a><\/div>\n<\/article>\n<article class=\"post-44728 post type-post status-publish entry includes-feat-image\">\n<div class=\"featured-image alignleft\"><a class=\"featured_post_link\" href=\"https:\/\/www.incorectpolitic.com\/resetarea-medicinei-sau-resetarea-omenirii-prin-nanotehnologie\/\" title=\"Resetarea Medicinei sau Resetarea Omenirii prin Nanotehnologie\"><img loading=\"lazy\" decoding=\"async\" width=\"150\" height=\"150\" src=\"https:\/\/www.incorectpolitic.com\/wp-content\/uploads\/2020\/12\/ed8a914d6d236c9d231903a8b2e79f63-150x150.gif\" class=\"attachment-thumbnail size-thumbnail wp-post-image lazyload\" alt><img loading=\"lazy\" decoding=\"async\" width=\"150\" height=\"150\" src=\"https:\/\/www.incorectpolitic.com\/wp-content\/uploads\/2020\/12\/ed8a914d6d236c9d231903a8b2e79f63-150x150.gif\" class=\"attachment-thumbnail size-thumbnail wp-post-image\" alt data-eio=\"l\"><\/a><\/div>\n<div class=\"entry-title\"><a class=\"featured_post_link\" href=\"https:\/\/www.incorectpolitic.com\/resetarea-medicinei-sau-resetarea-omenirii-prin-nanotehnologie\/\" title=\"Resetarea Medicinei sau Resetarea Omenirii prin Nanotehnologie\">Resetarea Medicinei sau Resetarea Omenirii prin Nanotehnologie<\/a><\/div>\n<\/article>\n<article class=\"post-43837 post type-post status-publish entry includes-feat-image\">\n<div class=\"featured-image alignleft\"><a class=\"featured_post_link\" href=\"https:\/\/www.incorectpolitic.com\/noul-legamant\/\" title=\"Noul Leg\u0103m\u00e2nt\"><img loading=\"lazy\" decoding=\"async\" width=\"150\" height=\"150\" src=\"https:\/\/www.incorectpolitic.com\/wp-content\/uploads\/2020\/12\/NL-150x150.jpg\" class=\"attachment-thumbnail size-thumbnail wp-post-image lazyload\" alt><img loading=\"lazy\" decoding=\"async\" width=\"150\" height=\"150\" src=\"https:\/\/www.incorectpolitic.com\/wp-content\/uploads\/2020\/12\/NL-150x150.jpg\" class=\"attachment-thumbnail size-thumbnail wp-post-image\" alt data-eio=\"l\"><\/a><\/div>\n<div class=\"entry-title\"><a class=\"featured_post_link\" href=\"https:\/\/www.incorectpolitic.com\/noul-legamant\/\" title=\"Noul Leg\u0103m\u00e2nt\">Noul Leg\u0103m\u00e2nt<\/a><\/div>\n<\/article>\n<article class=\"post-42525 post type-post status-publish entry includes-feat-image\">\n<div class=\"featured-image alignleft\"><a class=\"featured_post_link\" href=\"https:\/\/www.incorectpolitic.com\/vaccinarea-inseamna-crima-un-atentat-la-sanatatea-personala-la-integritatea-corporala-si-intimitatea-oricarui-om-liber-medicul-ce-vaccineaza-cu-forta-un-om-liber-merita-sa-fie-pedepsit-de-acesta\/\" title=\"Vaccinarea \u00eenseamn\u0103 crim\u0103, un atentat la s\u0103n\u0103tatea personal\u0103, la integritatea corporal\u0103 \u0219i intimitatea oric\u0103rui om liber. Medicul ce vaccineaz\u0103 cu for\u021ba un om liber merit\u0103 s\u0103 fie pedepsit de acesta\"><img loading=\"lazy\" decoding=\"async\" width=\"150\" height=\"150\" src=\"https:\/\/www.incorectpolitic.com\/wp-content\/uploads\/2020\/11\/syringe_0-150x150.jpg\" class=\"attachment-thumbnail size-thumbnail wp-post-image lazyload\" alt><img loading=\"lazy\" decoding=\"async\" width=\"150\" height=\"150\" src=\"https:\/\/www.incorectpolitic.com\/wp-content\/uploads\/2020\/11\/syringe_0-150x150.jpg\" class=\"attachment-thumbnail size-thumbnail wp-post-image\" alt data-eio=\"l\"><\/a><\/div>\n<div class=\"entry-title\"><a class=\"featured_post_link\" href=\"https:\/\/www.incorectpolitic.com\/vaccinarea-inseamna-crima-un-atentat-la-sanatatea-personala-la-integritatea-corporala-si-intimitatea-oricarui-om-liber-medicul-ce-vaccineaza-cu-forta-un-om-liber-merita-sa-fie-pedepsit-de-acesta\/\" title=\"Vaccinarea \u00eenseamn\u0103 crim\u0103, un atentat la s\u0103n\u0103tatea personal\u0103, la integritatea corporal\u0103 \u0219i intimitatea oric\u0103rui om liber. Medicul ce vaccineaz\u0103 cu for\u021ba un om liber merit\u0103 s\u0103 fie pedepsit de acesta\">Vaccinarea \u00eenseamn\u0103 crim\u0103, un atentat la s\u0103n\u0103tatea personal\u0103, la integritatea corporal\u0103 \u0219i intimitatea oric\u0103rui om liber. Medicul ce vaccineaz\u0103 cu for\u021ba un om liber merit\u0103 s\u0103 fie pedepsit de acesta<\/a><\/div>\n<\/article>\n<article class=\"post-38338 post type-post status-publish entry includes-feat-image\">\n<div class=\"featured-image alignleft\"><a class=\"featured_post_link\" href=\"https:\/\/www.incorectpolitic.com\/trebuie-sa-distrugem-suprematia-jidoveasca\/\" title=\"Trebuie s\u0103 distrugem superma\u021bia jidoveasc\u0103!\"><img loading=\"lazy\" decoding=\"async\" width=\"150\" height=\"150\" src=\"https:\/\/www.incorectpolitic.com\/wp-content\/uploads\/2018\/11\/GunoiOPS-150x150.png\" class=\"attachment-thumbnail size-thumbnail wp-post-image lazyload\" alt><img loading=\"lazy\" decoding=\"async\" width=\"150\" height=\"150\" src=\"https:\/\/www.incorectpolitic.com\/wp-content\/uploads\/2018\/11\/GunoiOPS-150x150.png\" class=\"attachment-thumbnail size-thumbnail wp-post-image\" alt data-eio=\"l\"><\/a><\/div>\n<div class=\"entry-title\"><a class=\"featured_post_link\" href=\"https:\/\/www.incorectpolitic.com\/trebuie-sa-distrugem-suprematia-jidoveasca\/\" title=\"Trebuie s\u0103 distrugem superma\u021bia jidoveasc\u0103!\">Trebuie s\u0103 distrugem superma\u021bia jidoveasc\u0103!<\/a><\/div>\n<\/article>\n<article class=\"post-30776 post type-post status-publish entry includes-feat-image\">\n<div class=\"featured-image alignleft\"><a class=\"featured_post_link\" href=\"https:\/\/www.incorectpolitic.com\/da-ti-doua-palme-si-ridica-te\/\" title=\"D\u0103-\u021bi Dou\u0103 Palme \u0219i Ridic\u0103-te\"><img loading=\"lazy\" decoding=\"async\" width=\"150\" height=\"150\" src=\"https:\/\/www.incorectpolitic.com\/wp-content\/uploads\/2019\/11\/1-mai-620x350-150x150.jpg\" class=\"attachment-thumbnail size-thumbnail wp-post-image lazyload\" alt><img loading=\"lazy\" decoding=\"async\" width=\"150\" height=\"150\" src=\"https:\/\/www.incorectpolitic.com\/wp-content\/uploads\/2019\/11\/1-mai-620x350-150x150.jpg\" class=\"attachment-thumbnail size-thumbnail wp-post-image\" alt data-eio=\"l\"><\/a><\/div>\n<div class=\"entry-title\"><a class=\"featured_post_link\" href=\"https:\/\/www.incorectpolitic.com\/da-ti-doua-palme-si-ridica-te\/\" title=\"D\u0103-\u021bi Dou\u0103 Palme \u0219i Ridic\u0103-te\">D\u0103-\u021bi Dou\u0103 Palme \u0219i Ridic\u0103-te<\/a><\/div>\n<\/article>\n<article class=\"post-27862 post type-post status-publish entry includes-feat-image\">\n<div class=\"featured-image alignleft\"><a class=\"featured_post_link\" href=\"https:\/\/www.incorectpolitic.com\/scrisoare-deschisa-catre-neamul-romanesc\/\" title=\"Scrisoare Deschis\u0103 C\u0103tre Neamul Rom\u00e2nesc\"><img loading=\"lazy\" decoding=\"async\" width=\"150\" height=\"150\" src=\"https:\/\/www.incorectpolitic.com\/wp-content\/uploads\/2019\/09\/videoblocks-male-hand-reload-a-revolver-magnum-gun-without-bullets-magnum-revolver-and-empty-bullet-magnum-lead-round-nose-45-auto-rim-revolver-rounds_ha1focujz_thumbnail-full01-150x150.jpg\" class=\"attachment-thumbnail size-thumbnail wp-post-image lazyload\" alt><img loading=\"lazy\" decoding=\"async\" width=\"150\" height=\"150\" src=\"https:\/\/www.incorectpolitic.com\/wp-content\/uploads\/2019\/09\/videoblocks-male-hand-reload-a-revolver-magnum-gun-without-bullets-magnum-revolver-and-empty-bullet-magnum-lead-round-nose-45-auto-rim-revolver-rounds_ha1focujz_thumbnail-full01-150x150.jpg\" class=\"attachment-thumbnail size-thumbnail wp-post-image\" alt data-eio=\"l\"><\/a><\/div>\n<div class=\"entry-title\"><a class=\"featured_post_link\" href=\"https:\/\/www.incorectpolitic.com\/scrisoare-deschisa-catre-neamul-romanesc\/\" title=\"Scrisoare Deschis\u0103 C\u0103tre Neamul Rom\u00e2nesc\">Scrisoare Deschis\u0103 C\u0103tre Neamul Rom\u00e2nesc<\/a><\/div>\n<\/article>\n<article class=\"post-26255 post type-post status-publish entry includes-feat-image\">\n<div class=\"featured-image alignleft\"><a class=\"featured_post_link\" href=\"https:\/\/www.incorectpolitic.com\/sociologia-eliberarii-si-curentele-laterale-de-sedimentare-revolutionara\/\" title=\"Sociologia Eliber\u0103rii \u0219i Curentele Laterale de Sedimentare Revolu\u021bionar\u0103\"><img loading=\"lazy\" decoding=\"async\" width=\"150\" height=\"150\" src=\"https:\/\/www.incorectpolitic.com\/wp-content\/uploads\/2020\/12\/nm3-150x150.png\" class=\"attachment-thumbnail size-thumbnail wp-post-image lazyload\" alt><img loading=\"lazy\" decoding=\"async\" width=\"150\" height=\"150\" src=\"https:\/\/www.incorectpolitic.com\/wp-content\/uploads\/2020\/12\/nm3-150x150.png\" class=\"attachment-thumbnail size-thumbnail wp-post-image\" alt data-eio=\"l\"><\/a><\/div>\n<div class=\"entry-title\"><a class=\"featured_post_link\" href=\"https:\/\/www.incorectpolitic.com\/sociologia-eliberarii-si-curentele-laterale-de-sedimentare-revolutionara\/\" title=\"Sociologia Eliber\u0103rii \u0219i Curentele Laterale de Sedimentare Revolu\u021bionar\u0103\">Sociologia Eliber\u0103rii \u0219i Curentele Laterale de Sedimentare Revolu\u021bionar\u0103<\/a><\/div>\n<\/article>\n<article class=\"post-21977 post type-post status-publish entry includes-feat-image\">\n<div class=\"featured-image alignleft\"><a class=\"featured_post_link\" href=\"https:\/\/www.incorectpolitic.com\/impotriva-fatalismului\/\" title=\"\u00cempotriva Fatalismului\"><img loading=\"lazy\" decoding=\"async\" width=\"150\" height=\"150\" src=\"https:\/\/www.incorectpolitic.com\/wp-content\/uploads\/2019\/04\/thumb-150x150.jpg\" class=\"attachment-thumbnail size-thumbnail wp-post-image lazyload\" alt><img loading=\"lazy\" decoding=\"async\" width=\"150\" height=\"150\" src=\"https:\/\/www.incorectpolitic.com\/wp-content\/uploads\/2019\/04\/thumb-150x150.jpg\" class=\"attachment-thumbnail size-thumbnail wp-post-image\" alt data-eio=\"l\"><\/a><\/div>\n<div class=\"entry-title\"><a class=\"featured_post_link\" href=\"https:\/\/www.incorectpolitic.com\/impotriva-fatalismului\/\" title=\"\u00cempotriva Fatalismului\">\u00cempotriva Fatalismului<\/a><\/div>\n<\/article>\n<article class=\"post-20844 post type-post status-publish entry includes-feat-image\">\n<div class=\"featured-image alignleft\"><a class=\"featured_post_link\" href=\"https:\/\/www.incorectpolitic.com\/inceputul-etapei-post-globaliste-mass-media-ultimul-obstacol\/\" title=\"\u00cenceputul Etapei Post-Globaliste \u2013  Mass Media Ultimul Obstacol\"><img loading=\"lazy\" decoding=\"async\" width=\"150\" height=\"150\" src=\"https:\/\/www.incorectpolitic.com\/wp-content\/uploads\/2019\/03\/https___cdn.cnn_.com_cnnnext_dam_assets_181202123002-yellow-vest-protest-150x150.jpg\" class=\"attachment-thumbnail size-thumbnail wp-post-image lazyload\" alt><img loading=\"lazy\" decoding=\"async\" width=\"150\" height=\"150\" src=\"https:\/\/www.incorectpolitic.com\/wp-content\/uploads\/2019\/03\/https___cdn.cnn_.com_cnnnext_dam_assets_181202123002-yellow-vest-protest-150x150.jpg\" class=\"attachment-thumbnail size-thumbnail wp-post-image\" alt data-eio=\"l\"><\/a><\/div>\n<div class=\"entry-title\"><a class=\"featured_post_link\" href=\"https:\/\/www.incorectpolitic.com\/inceputul-etapei-post-globaliste-mass-media-ultimul-obstacol\/\" title=\"\u00cenceputul Etapei Post-Globaliste \u2013  Mass Media Ultimul Obstacol\">\u00cenceputul Etapei Post-Globaliste \u2013  Mass Media Ultimul Obstacol<\/a><\/div>\n<\/article>\n<article class=\"post-19704 post type-post status-publish entry includes-feat-image\">\n<div class=\"featured-image alignleft\"><a class=\"featured_post_link\" href=\"https:\/\/www.incorectpolitic.com\/mlastina-mass-media-serial-complet\/\" title=\"Mla\u0219tina Mass Media  \u2013 Serial Complet\"><img loading=\"lazy\" decoding=\"async\" width=\"150\" height=\"150\" src=\"https:\/\/www.incorectpolitic.com\/wp-content\/uploads\/2018\/06\/colaj-modificat-1-768x278-150x150.jpg\" class=\"attachment-thumbnail size-thumbnail wp-post-image lazyload\" alt><img loading=\"lazy\" decoding=\"async\" width=\"150\" height=\"150\" src=\"https:\/\/www.incorectpolitic.com\/wp-content\/uploads\/2018\/06\/colaj-modificat-1-768x278-150x150.jpg\" class=\"attachment-thumbnail size-thumbnail wp-post-image\" alt data-eio=\"l\"><\/a><\/div>\n<div class=\"entry-title\"><a class=\"featured_post_link\" href=\"https:\/\/www.incorectpolitic.com\/mlastina-mass-media-serial-complet\/\" title=\"Mla\u0219tina Mass Media  \u2013 Serial Complet\">Mla\u0219tina Mass Media  \u2013 Serial Complet<\/a><\/div>\n<\/article>\n<article class=\"post-5104 post type-post status-publish entry includes-feat-image\">\n<div class=\"featured-image alignleft\"><a class=\"featured_post_link\" href=\"https:\/\/www.incorectpolitic.com\/momentul-1937\/\" title=\"Momentul 1937\"><img loading=\"lazy\" decoding=\"async\" width=\"150\" height=\"150\" src=\"https:\/\/www.incorectpolitic.com\/wp-content\/uploads\/2018\/03\/capitanul-codreanu2003a-150x150.jpg\" class=\"attachment-thumbnail size-thumbnail wp-post-image lazyload\" alt><img loading=\"lazy\" decoding=\"async\" width=\"150\" height=\"150\" src=\"https:\/\/www.incorectpolitic.com\/wp-content\/uploads\/2018\/03\/capitanul-codreanu2003a-150x150.jpg\" class=\"attachment-thumbnail size-thumbnail wp-post-image\" alt data-eio=\"l\"><\/a><\/div>\n<div class=\"entry-title\"><a class=\"featured_post_link\" href=\"https:\/\/www.incorectpolitic.com\/momentul-1937\/\" title=\"Momentul 1937\">Momentul 1937<\/a><\/div>\n<\/article>\n<article class=\"post-16914 post type-post status-publish entry includes-feat-image\">\n<div class=\"featured-image alignleft\"><a class=\"featured_post_link\" href=\"https:\/\/www.incorectpolitic.com\/portretul-romanului-iudeo-crestin\/\" title=\"Portretul Rom\u00e2nului Iudeo-Cre\u0219tin Iubitor de Infanticid\"><img loading=\"lazy\" decoding=\"async\" width=\"150\" height=\"150\" src=\"https:\/\/www.incorectpolitic.com\/wp-content\/uploads\/2019\/01\/venn-150x150.jpg\" class=\"attachment-thumbnail size-thumbnail wp-post-image lazyload\" alt><img loading=\"lazy\" decoding=\"async\" width=\"150\" height=\"150\" src=\"https:\/\/www.incorectpolitic.com\/wp-content\/uploads\/2019\/01\/venn-150x150.jpg\" class=\"attachment-thumbnail size-thumbnail wp-post-image\" alt data-eio=\"l\"><\/a><\/div>\n<div class=\"entry-title\"><a class=\"featured_post_link\" href=\"https:\/\/www.incorectpolitic.com\/portretul-romanului-iudeo-crestin\/\" title=\"Portretul Rom\u00e2nului Iudeo-Cre\u0219tin Iubitor de Infanticid\">Portretul Rom\u00e2nului Iudeo-Cre\u0219tin Iubitor de Infanticid<\/a><\/div>\n<\/article>\n<article class=\"post-13899 post type-post status-publish entry includes-feat-image\">\n<div class=\"featured-image alignleft\"><a class=\"featured_post_link\" href=\"https:\/\/www.incorectpolitic.com\/manifest-impotriva-national-sionismului\/\" title=\"Manifest \u00cempotriva Na\u021bional-Sionismului din Rom\u00e2nia\"><img loading=\"lazy\" decoding=\"async\" width=\"150\" height=\"150\" src=\"https:\/\/www.incorectpolitic.com\/wp-content\/uploads\/2018\/10\/z1-150x150.png\" class=\"attachment-thumbnail size-thumbnail wp-post-image lazyload\" alt><img loading=\"lazy\" decoding=\"async\" width=\"150\" height=\"150\" src=\"https:\/\/www.incorectpolitic.com\/wp-content\/uploads\/2018\/10\/z1-150x150.png\" class=\"attachment-thumbnail size-thumbnail wp-post-image\" alt data-eio=\"l\"><\/a><\/div>\n<div class=\"entry-title\"><a class=\"featured_post_link\" href=\"https:\/\/www.incorectpolitic.com\/manifest-impotriva-national-sionismului\/\" title=\"Manifest \u00cempotriva Na\u021bional-Sionismului din Rom\u00e2nia\">Manifest \u00cempotriva Na\u021bional-Sionismului din Rom\u00e2nia<\/a><\/div>\n<\/article>\n<article class=\"post-7498 post type-post status-publish entry includes-feat-image\">\n<div class=\"featured-image alignleft\"><a class=\"featured_post_link\" href=\"https:\/\/www.incorectpolitic.com\/istorie-zydokomuna-cea-mai-completa-lista-a-nomenclaturii-iudeo-bolsevice-din-romania\/\" title=\"Istorie: \u017bYDOKOMUNA, Cea Mai Complet\u0103 List\u0103 a Nomenclaturii Iudeo-Bol\u0219evice din Rom\u00e2nia\"><img loading=\"lazy\" decoding=\"async\" width=\"150\" height=\"150\" src=\"https:\/\/www.incorectpolitic.com\/wp-content\/uploads\/2018\/06\/holocaustul-rosu-150x150.jpg\" class=\"attachment-thumbnail size-thumbnail wp-post-image lazyload\" alt><img loading=\"lazy\" decoding=\"async\" width=\"150\" height=\"150\" src=\"https:\/\/www.incorectpolitic.com\/wp-content\/uploads\/2018\/06\/holocaustul-rosu-150x150.jpg\" class=\"attachment-thumbnail size-thumbnail wp-post-image\" alt data-eio=\"l\"><\/a><\/div>\n<div class=\"entry-title\"><a class=\"featured_post_link\" href=\"https:\/\/www.incorectpolitic.com\/istorie-zydokomuna-cea-mai-completa-lista-a-nomenclaturii-iudeo-bolsevice-din-romania\/\" title=\"Istorie: \u017bYDOKOMUNA, Cea Mai Complet\u0103 List\u0103 a Nomenclaturii Iudeo-Bol\u0219evice din Rom\u00e2nia\">Istorie: \u017bYDOKOMUNA, Cea Mai Complet\u0103 List\u0103 a Nomenclaturii Iudeo-Bol\u0219evice din Rom\u00e2nia<\/a><\/div>\n<\/article>\n<article class=\"post-6413 post type-post status-publish entry includes-feat-image\">\n<div class=\"featured-image alignleft\"><a class=\"featured_post_link\" href=\"https:\/\/www.incorectpolitic.com\/iudaismul-este-un-proiect-politic\/\" title=\"Iudaismul Este Un Proiect Politic\"><img loading=\"lazy\" decoding=\"async\" width=\"150\" height=\"150\" src=\"https:\/\/www.incorectpolitic.com\/wp-content\/uploads\/2018\/05\/israelzionismjudaism5-150x150.jpeg\" class=\"attachment-thumbnail size-thumbnail wp-post-image lazyload\" alt><img loading=\"lazy\" decoding=\"async\" width=\"150\" height=\"150\" src=\"https:\/\/www.incorectpolitic.com\/wp-content\/uploads\/2018\/05\/israelzionismjudaism5-150x150.jpeg\" class=\"attachment-thumbnail size-thumbnail wp-post-image\" alt data-eio=\"l\"><\/a><\/div>\n<div class=\"entry-title\"><a class=\"featured_post_link\" href=\"https:\/\/www.incorectpolitic.com\/iudaismul-este-un-proiect-politic\/\" title=\"Iudaismul Este Un Proiect Politic\">Iudaismul Este Un Proiect Politic<\/a><\/div>\n<\/article>\n<article class=\"post-5089 post type-post status-publish entry includes-feat-image\">\n<div class=\"featured-image alignleft\"><a class=\"featured_post_link\" href=\"https:\/\/www.incorectpolitic.com\/exploziv-si-excluziv-interviul-interzis-in-presa-romaneasca\/\" title=\"EXPLOZIV \u0218I EXCLUSIV: Interviul INTERZIS \u00een Presa Rom\u00e2neasc\u0103\"><img loading=\"lazy\" decoding=\"async\" width=\"150\" height=\"150\" src=\"https:\/\/www.incorectpolitic.com\/wp-content\/uploads\/2018\/03\/gscz6z-150x150.gif\" class=\"attachment-thumbnail size-thumbnail wp-post-image lazyload\" alt><img loading=\"lazy\" decoding=\"async\" width=\"150\" height=\"150\" src=\"https:\/\/www.incorectpolitic.com\/wp-content\/uploads\/2018\/03\/gscz6z-150x150.gif\" class=\"attachment-thumbnail size-thumbnail wp-post-image\" alt data-eio=\"l\"><\/a><\/div>\n<div class=\"entry-title\"><a class=\"featured_post_link\" href=\"https:\/\/www.incorectpolitic.com\/exploziv-si-excluziv-interviul-interzis-in-presa-romaneasca\/\" title=\"EXPLOZIV \u0218I EXCLUSIV: Interviul INTERZIS \u00een Presa Rom\u00e2neasc\u0103\">EXPLOZIV \u0218I EXCLUSIV: Interviul INTERZIS \u00een Presa Rom\u00e2neasc\u0103<\/a><\/div>\n<\/article>\n<article class=\"post-1109 post type-post status-publish entry includes-feat-image\">\n<div class=\"featured-image alignleft\"><a class=\"featured_post_link\" href=\"https:\/\/www.incorectpolitic.com\/ofensiva-spirituala-poloniei\/\" title=\"Ofensiva Spiritual\u0103 a Poloniei\"><img loading=\"lazy\" decoding=\"async\" width=\"150\" height=\"150\" src=\"https:\/\/www.incorectpolitic.com\/wp-content\/uploads\/2017\/10\/jesus-with-whip3-150x150.jpg\" class=\"attachment-thumbnail size-thumbnail wp-post-image lazyload\" alt><img loading=\"lazy\" decoding=\"async\" width=\"150\" height=\"150\" src=\"https:\/\/www.incorectpolitic.com\/wp-content\/uploads\/2017\/10\/jesus-with-whip3-150x150.jpg\" class=\"attachment-thumbnail size-thumbnail wp-post-image\" alt data-eio=\"l\"><\/a><\/div>\n<div class=\"entry-title\"><a class=\"featured_post_link\" href=\"https:\/\/www.incorectpolitic.com\/ofensiva-spirituala-poloniei\/\" title=\"Ofensiva Spiritual\u0103 a Poloniei\">Ofensiva Spiritual\u0103 a Poloniei<\/a><\/div>\n<\/article>\n<article class=\"post-5673 post type-post status-publish entry includes-feat-image\">\n<div class=\"featured-image alignleft\"><a class=\"featured_post_link\" href=\"https:\/\/www.incorectpolitic.com\/biciul-prigonirii-romanilor-este-in-mana-jidanilor\/\" title=\"Biciul Prigonirii Rom\u00e2nilor Este \u00een M\u00e2na Jidanilor!\"><img loading=\"lazy\" decoding=\"async\" width=\"150\" height=\"150\" src=\"https:\/\/www.incorectpolitic.com\/wp-content\/uploads\/2018\/04\/S.-Vexler-si-B.-Netanyahu-150x150.jpg\" class=\"attachment-thumbnail size-thumbnail wp-post-image lazyload\" alt><img loading=\"lazy\" decoding=\"async\" width=\"150\" height=\"150\" src=\"https:\/\/www.incorectpolitic.com\/wp-content\/uploads\/2018\/04\/S.-Vexler-si-B.-Netanyahu-150x150.jpg\" class=\"attachment-thumbnail size-thumbnail wp-post-image\" alt data-eio=\"l\"><\/a><\/div>\n<div class=\"entry-title\"><a class=\"featured_post_link\" href=\"https:\/\/www.incorectpolitic.com\/biciul-prigonirii-romanilor-este-in-mana-jidanilor\/\" title=\"Biciul Prigonirii Rom\u00e2nilor Este \u00een M\u00e2na Jidanilor!\">Biciul Prigonirii Rom\u00e2nilor Este \u00een M\u00e2na Jidanilor!<\/a><\/div>\n<\/article>\n<article class=\"post-80464 post type-post status-publish entry includes-feat-image\">\n<div class=\"featured-image alignleft\"><a class=\"featured_post_link\" href=\"https:\/\/www.incorectpolitic.com\/talmudismul-este-esenta-satanismului\/\" title=\"TALMUDISMUL ESTE ESEN\u021aA SATANISMULUI\"><img loading=\"lazy\" decoding=\"async\" width=\"150\" height=\"150\" src=\"https:\/\/www.incorectpolitic.com\/wp-content\/uploads\/2020\/02\/vasile-zarnescu-150x150.png\" class=\"attachment-thumbnail size-thumbnail wp-post-image lazyload\" alt><img loading=\"lazy\" decoding=\"async\" width=\"150\" height=\"150\" src=\"https:\/\/www.incorectpolitic.com\/wp-content\/uploads\/2020\/02\/vasile-zarnescu-150x150.png\" class=\"attachment-thumbnail size-thumbnail wp-post-image\" alt data-eio=\"l\"><\/a><\/div>\n<div class=\"entry-title\"><a class=\"featured_post_link\" href=\"https:\/\/www.incorectpolitic.com\/talmudismul-este-esenta-satanismului\/\" title=\"TALMUDISMUL ESTE ESEN\u021aA SATANISMULUI\">TALMUDISMUL ESTE ESEN\u021aA SATANISMULUI<\/a><\/div>\n<\/article>\n<article class=\"post-20005 post type-post status-publish entry includes-feat-image\">\n<div class=\"featured-image alignleft\"><a class=\"featured_post_link\" href=\"https:\/\/www.incorectpolitic.com\/viciul-matematic-elementar-v-m-e-2\/\" title=\"Viciul Matematic Elementar (V.M.E.)\"><img loading=\"lazy\" decoding=\"async\" width=\"150\" height=\"150\" src=\"https:\/\/www.incorectpolitic.com\/wp-content\/uploads\/2017\/12\/tell-lie-vision-150x150.jpg\" class=\"attachment-thumbnail size-thumbnail wp-post-image lazyload\" alt><img loading=\"lazy\" decoding=\"async\" width=\"150\" height=\"150\" src=\"https:\/\/www.incorectpolitic.com\/wp-content\/uploads\/2017\/12\/tell-lie-vision-150x150.jpg\" class=\"attachment-thumbnail size-thumbnail wp-post-image\" alt data-eio=\"l\"><\/a><\/div>\n<div class=\"entry-title\"><a class=\"featured_post_link\" href=\"https:\/\/www.incorectpolitic.com\/viciul-matematic-elementar-v-m-e-2\/\" title=\"Viciul Matematic Elementar (V.M.E.)\">Viciul Matematic Elementar (V.M.E.)<\/a><\/div>\n<\/article>\n<p>[analyse_source url=&#8221;https:\/\/www.incorectpolitic.com\/avertisment-inginerul-alexandru-balcu-a-cere-doar-modificarea-oug-31-2002-inseamna-a-legitima-delictul-de-opinie-abrogati-oug-31-2002-acum\/&#8221;]<\/p>\n","protected":false},"excerpt":{"rendered":"<p>[analyse_image type=&#8221;featured&#8221; src=&#8221;https:\/\/www.incorectpolitic.com\/wp-content\/uploads\/2026\/07\/balcu-prima-linie.png&#8221;] Alexandru Balcu &amp; Sterie CiumettiIncorect Politic Iulie 10, 2026 Inginerul Alexandru Balcu: A cere doar \u201cmodificarea\u201d OUG 31\/2002 \u00eenseamn\u0103 a legitima delictul de opinie \u2013 ABROGA\u021aI OUG 31\/2002 \u00a0 La articolul de pe ActiveNews, \u00een care este vorba despre mult-mediatizatul caz \u201cMihai Rapcea\u201d, am intervenit cu un comentariu. Am inten\u021bionat astfel s\u0103 [&hellip;]<\/p>\n","protected":false},"author":1,"featured_media":0,"comment_status":"open","ping_status":"","sticky":false,"template":"","format":"standard","meta":{"footnotes":""},"categories":[89],"tags":[226,95],"class_list":["post-2038941","post","type-post","status-publish","format-standard","hentry","category-romania","tag-crawlmanager","tag-incorectpolitic-com"],"_links":{"self":[{"href":"https:\/\/analyse.optim.biz\/index.php?rest_route=\/wp\/v2\/posts\/2038941","targetHints":{"allow":["GET"]}}],"collection":[{"href":"https:\/\/analyse.optim.biz\/index.php?rest_route=\/wp\/v2\/posts"}],"about":[{"href":"https:\/\/analyse.optim.biz\/index.php?rest_route=\/wp\/v2\/types\/post"}],"author":[{"embeddable":true,"href":"https:\/\/analyse.optim.biz\/index.php?rest_route=\/wp\/v2\/users\/1"}],"replies":[{"embeddable":true,"href":"https:\/\/analyse.optim.biz\/index.php?rest_route=%2Fwp%2Fv2%2Fcomments&post=2038941"}],"version-history":[{"count":0,"href":"https:\/\/analyse.optim.biz\/index.php?rest_route=\/wp\/v2\/posts\/2038941\/revisions"}],"wp:attachment":[{"href":"https:\/\/analyse.optim.biz\/index.php?rest_route=%2Fwp%2Fv2%2Fmedia&parent=2038941"}],"wp:term":[{"taxonomy":"category","embeddable":true,"href":"https:\/\/analyse.optim.biz\/index.php?rest_route=%2Fwp%2Fv2%2Fcategories&post=2038941"},{"taxonomy":"post_tag","embeddable":true,"href":"https:\/\/analyse.optim.biz\/index.php?rest_route=%2Fwp%2Fv2%2Ftags&post=2038941"}],"curies":[{"name":"wp","href":"https:\/\/api.w.org\/{rel}","templated":true}]}}