{"id":2038832,"date":"2026-07-11T10:00:01","date_gmt":"2026-07-11T07:00:01","guid":{"rendered":"https:\/\/analyse.optim.biz\/?p=2038832"},"modified":"2026-07-11T10:00:01","modified_gmt":"2026-07-11T07:00:01","slug":"un-sofer-a-avut-parte-de-o-surpriza-neplacuta-la-benzinarie-dupa-ce-a-oprit-un-minut-si-28-de-secunde-pentru-a-scoate-o-sticla-de-apa-din-portbagaj","status":"publish","type":"post","link":"https:\/\/analyse.optim.biz\/?p=2038832","title":{"rendered":"Un \u0219ofer a avut parte de o surpriz\u0103 nepl\u0103cut\u0103 la benzin\u0103rie dup\u0103 ce a oprit un minut \u0219i 28 de secunde pentru a scoate o sticl\u0103 de ap\u0103 din portbagaj"},"content":{"rendered":"<p>[analyse_image type=&#8221;featured&#8221; src=&#8221;https:\/\/r3media.ro\/wp-content\/uploads\/2026\/07\/benzinarie-scaled-e1783763410602.jpghttps:\/\/r3media.ro\/wp-content\/uploads\/2026\/07\/benzinarie-scaled-e1783763410602.jpg&#8221;]<\/p>\n<article id=\"template-id-109\" class=\"post-109 tdb_templates type-tdb_templates status-publish post\">\n<div id=\"tdi_2\" class=\"tdc-zone\">\n<div class=\"tdc_zone tdi_3  wpb_row td-pb-row\">\n<div id=\"tdi_4\" class=\"tdc-row\">\n<div class=\"vc_row tdi_5  wpb_row td-pb-row\">\n<div class=\"vc_column tdi_7  wpb_column vc_column_container tdc-column td-pb-span8\">\n<div class=\"wpb_wrapper\">\n<div class=\"td_block_wrap tdb_breadcrumbs tdi_8 td-pb-border-top td_block_template_1 tdb-breadcrumbs \" data-td-block-uid=\"tdi_8\">\n<div class=\"tdb-block-inner td-fix-index\"><span><a title=\"Vede\u021bi toate articolele \u00een FEATURED\" class=\"tdb-entry-crumb\" href=\"https:\/\/r3media.ro\/category\/featured\/\">FEATURED<\/a><\/span><span class=\"tdb-bred-no-url-last\">Un \u0219ofer a avut parte de o surpriz\u0103 nepl\u0103cut\u0103 la benzin\u0103rie dup\u0103&#8230;<\/span><\/div>\n<\/div>\n<div class=\"td_block_wrap tdb_single_categories tdi_9 td-pb-border-top td_block_template_1 \" data-td-block-uid=\"tdi_9\">\n<div class=\"tdb-category td-fix-index\"><a class=\"tdb-entry-category\" href=\"https:\/\/r3media.ro\/category\/featured\/\">FEATURED<\/a><a class=\"tdb-entry-category\" href=\"https:\/\/r3media.ro\/category\/stiri\/\">\u0218TIRI<\/a><\/div>\n<\/div>\n<div class=\"td_block_wrap tdb_title tdi_10 tdb-single-title td-pb-border-top td_block_template_1\" data-td-block-uid=\"tdi_10\">\n<div class=\"tdb-block-inner td-fix-index\">\n<h1 class=\"tdb-title-text\">Un \u0219ofer a avut parte de o surpriz\u0103 nepl\u0103cut\u0103 la benzin\u0103rie dup\u0103 ce a oprit un minut \u0219i 28 de secunde pentru a scoate o sticl\u0103 de ap\u0103 din portbagaj<\/h1>\n<\/div>\n<\/div>\n<div class=\"vc_row_inner tdi_12  vc_row vc_inner wpb_row td-pb-row\">\n<div class=\"vc_column_inner tdi_14  wpb_column vc_column_container tdc-inner-column td-pb-span12\">\n<div class=\"vc_column-inner\">\n<div class=\"wpb_wrapper\">\n<div class=\"td_block_wrap tdb_single_author tdi_15 td-pb-border-top td_block_template_1 tdb-post-meta\" data-td-block-uid=\"tdi_15\">\n<div class=\"tdb-block-inner td-fix-index\">\n<div class=\"tdb-author-name-wrap\"><a class=\"tdb-author-name\" href=\"https:\/\/r3media.ro\/author\/oana\/\">Oana Ivan<\/a><\/div>\n<\/div>\n<\/div>\n<div class=\"td_block_wrap tdb_single_date tdi_16 td-pb-border-top td_block_template_1 tdb-post-meta\" data-td-block-uid=\"tdi_16\">\n<div class=\"tdb-block-inner td-fix-index\"><time class=\"entry-date updated td-module-date\" datetime=\"2026-07-11T13:00:01+03:00\">11\/07\/2026<\/time><\/div>\n<\/div>\n<\/div>\n<\/div>\n<\/div>\n<\/div>\n<div class=\"td_block_wrap tdb_single_featured_image tdi_17 tdb-content-horiz-left td-pb-border-top td_block_template_1\" data-td-block-uid=\"tdi_17\">\n<div class=\"tdb-block-inner td-fix-index\">\n<figure><figcaption class=\"tdb-caption-text\">Surs\u0103 &#8211; Unsplash<\/figcaption><\/figure>\n<\/div>\n<\/div>\n<div class=\"td_block_wrap tdb_single_content tdi_18 td-pb-border-top td_block_template_1 td-post-content tagdiv-type\" data-td-block-uid=\"tdi_18\">\n<div class=\"tdb-block-inner td-fix-index\">\n<p><strong>O mic\u0103 benzin\u0103rie din Wollersdorf-Steinabruckl, \u00een districtul Wiener Neustadt din Austria, \u0219i-a f\u0103cut un renume nu doar prin pre\u021burile sale mici. Oricine opre\u0219te acolo, dar nu alimenteaz\u0103 este imediat taxat. De\u0219i exist\u0103 indicatoare la intrare, acestea sunt destul de mici \u0219i oarecum \u00eendep\u0103rtate, iar un \u0219ofer a avut parte de o surpriz\u0103, potrivit <a href=\"https:\/\/www.krone.at\/4199025\" target=\"_blank\" rel=\"noopener\">Krone<\/a>.<\/strong><\/p>\n<p>Jakob P. a oprit la benzin\u0103rie pentru a-\u0219i scoate o sticl\u0103 de ap\u0103 din portbagaj. Doi\u0103 s\u0103pt\u0103m\u00e2ni mai t\u00e2rziu a primit acas\u0103 o scrisoare de la un avocat \u00een care i se cereau 372 de euro.<\/p>\n<p>\u201eAm fost \u00een incint\u0103 exact un minut \u0219i 28 de secunde\u201d, a spus acesta.<\/p>\n<p>De atunci, el a contactat serviciul de consiliere juridic\u0103 OAMTC \u0219i un avocat.<\/p>\n<p>\u201eAm fost sf\u0103tuit \u00een mod explicit s\u0103 ignor pur \u0219i simplu aceast\u0103 scrisoare deocamdat\u0103 \u0219i s\u0103 a\u0219tept s\u0103 v\u0103d dac\u0103 duce \u00eentr-adev\u0103r la un proces\u201d, a spus el.<\/p>\n<p>Anita K. s-a confruntat la r\u00e2ndul ei cu o situa\u021bie similar\u0103. A oprit al\u0103turi de so\u021bul pentru o scurt\u0103 pauz\u0103 cu motocicletele. Ambii au primit c\u00e2te o cerere de plat\u0103, \u00eens\u0103 lor li s-a zis c\u0103 ar putea achita \u0219i \u00een rate.<\/p>\n<p>Scrisoarea primit\u0103 este, de asemenea, formulat\u0103 \u00een mod clar foarte agresiv.<\/p>\n<h2><strong>Un \u0219ofer a avut parte de o surpriz\u0103 nepl\u0103cut\u0103 la benzin\u0103rie. Ce spun reprezentan\u021bii sta\u021biei de alimentare<\/strong><\/h2>\n<p>\u00a0<\/p>\n<p>Ziarul \u201eKrone\u201d l-a confruntat pe operatorul benzin\u0103riei, Nikoll Bibaj, \u00een aceast\u0103 privin\u021b\u0103. El s-a justificat spun\u00e2nd c\u0103 este o proprietate privat\u0103. Acesta sus\u021bine c\u0103 oprirea scurt\u0103, \u00eentoarcerea sau ac\u021biuni similare sunt interzise acolo. Nici m\u0103car nu ai voie s\u0103 faci o oprire scurt\u0103 pentru a compara pre\u021burile combustibilului.<\/p>\n<p>\u201ePre\u021burile se v\u0103d de pe \u0219osea\u201d, a spus proprietarul.<\/p>\n<p>Acesta a vrut deja s\u0103 rezilieze contractul cu compania de monitorizare.<\/p>\n<p>\u201eDar, din p\u0103cate, acest lucru nu este posibil p\u00e2n\u0103 la sf\u00e2r\u0219itul anului\u201d, a explicat Bibaj.<\/p>\n<p>Camera de Comer\u021b este con\u0219tient\u0103 de astfel de cazuri.<\/p>\n<p>\u201eEste important de men\u021bionat c\u0103 exist\u0103 \u00eentr-adev\u0103r benzin\u0103rii care se afl\u0103 sub o presiune at\u00e2t de intens\u0103 \u0219i nu pot g\u0103si nicio alt\u0103 modalitate de a face fa\u021b\u0103\u201d, a spus Michael Steinparzer de la divizia responsabil\u0103 de Transport \u0219i Trafic.<\/p>\n<p>\u201eCei afecta\u021bi pot fi sf\u0103tui\u021bi s\u0103 solicite consiliere de la Asocia\u021bia Consumatorilor din Austria (VKI), Camera Muncii, Automobil Clubul Austriac (\u00d6AMTC) sau Automobil Clubul, Motocicletul \u0219i Turismul Austriac (ARB\u00d6)\u201d, adaug\u0103 el.<\/p>\n<p>Benzin\u0103rie a fost \u00eentre timp \u00eenchis\u0103. Totu\u0219i, traficul de tranzit este \u00eenc\u0103 interzis. Contractul cu compania de monitorizare continu\u0103 s\u0103 verifice meticulos fiecare client. Acesta mai este valabil acum p\u00e2n\u0103 la sf\u00e2r\u0219itul anului.<\/p>\n<div class=\"crp_related     crp-masonry\">\n<h2>\u00ceN CONTEXT<\/h2>\n<ul>\n<li><a href=\"https:\/\/r3media.ro\/fara-tine-in-google-r3media-dispare-iata-ce-poti-face-in-10-secunde\/\" class=\"crp_link post-119031\"><span class=\"crp_title\">F\u0103r\u0103 tine \u00een Google, R3media dispare. Iat\u0103 ce po\u021bi face \u00een 10 secunde<\/span><\/a><\/li>\n<li><a href=\"https:\/\/r3media.ro\/soferi-romani-siguranta-trafic\/\" class=\"crp_link post-117750\"><span class=\"crp_title\">Doi din trei \u0219oferi rom\u00e2ni se simt \u00een siguran\u021b\u0103 \u00een trafic, cel mai ridicat nivel din istoria\u2026<\/span><\/a><\/li>\n<\/ul>\n<\/div>\n<\/div>\n<\/div>\n<div class=\"td_block_wrap tdb_single_tags tdi_19 td-pb-border-top td_block_template_1\" data-td-block-uid=\"tdi_19\">\n<div class=\"tdb-block-inner td-fix-index\">\n<ul class=\"tdb-tags\">\n<li><span>SUBIECTE FIERBIN\u021aI<\/span><\/li>\n<li><a href=\"https:\/\/r3media.ro\/tag\/benzinarie\/\">benzinarie<\/a><\/li>\n<li><a href=\"https:\/\/r3media.ro\/tag\/soferi\/\">soferi<\/a><\/li>\n<\/ul>\n<\/div>\n<\/div>\n<div class=\"td_block_wrap td_block_9 tdi_20 td_with_ajax_pagination td-pb-border-top td_block_template_1 td-column-2 td_block_padding td_block_bot_line\" data-td-block-uid=\"tdi_20\">\n<div class=\"td-block-title-wrap\">\n<h4 class=\"block-title td-block-title\"><span class=\"td-pulldown-size\">CITE\u0218TE MAI MULT<\/span><\/h4>\n<\/div>\n<div id=\"tdi_20\" class=\"td_block_inner\">\n<div class=\"td-block-row\">\n<div class=\"td-block-span6\">\n<div class=\"td_module_8 td_module_wrap\">\n<div class=\"item-details\">\n<h3 class=\"entry-title td-module-title\"><a href=\"https:\/\/r3media.ro\/cutremur-5-5-grade-scara-richter-resimtit-cehia-slovacia\/\" rel=\"bookmark\" title=\"Cutremur de 5.5 grade pe scara Richter. S-a resim\u021bit \u00een Cehia \u0219i Slovacia\">Cutremur de 5.5 grade pe scara Richter. S-a resim\u021bit \u00een Cehia \u0219i Slovacia<\/a><\/h3>\n<div class=\"td-module-meta-info\"><a href=\"https:\/\/r3media.ro\/category\/actualitate\/\" class=\"td-post-category\">ACTUALITATE<\/a><span class=\"td-post-author-name\"><a href=\"https:\/\/r3media.ro\/author\/oana\/\">Oana Ivan<\/a><span>&#8211;<\/span><\/span><span class=\"td-post-date\"><time class=\"entry-date updated td-module-date\" datetime=\"2026-07-09T20:48:24+03:00\">09\/07\/2026<\/time><\/span><\/div>\n<\/div>\n<\/div>\n<\/div>\n<div class=\"td-block-span6\">\n<div class=\"td_module_8 td_module_wrap\">\n<div class=\"item-details\">\n<h3 class=\"entry-title td-module-title\"><a href=\"https:\/\/r3media.ro\/presedintele-croatiei-interesele-poporului-ursula-von-der-leyen\/\" rel=\"bookmark\" title=\"Pre\u0219edintele Croa\u021biei spune c\u0103 este obligat s\u0103 apere interesele poporului s\u0103u, \u201enu s\u0103 urmez orbe\u0219te trenduri sau s\u0103 repet ca un papagal frazele care \u00eei plac Ursulei von der Leyen\u201d\">Pre\u0219edintele Croa\u021biei spune c\u0103 este obligat s\u0103 apere interesele poporului s\u0103u, \u201enu s\u0103 urmez&#8230;<\/a><\/h3>\n<div class=\"td-module-meta-info\"><a href=\"https:\/\/r3media.ro\/category\/actualitate\/\" class=\"td-post-category\">ACTUALITATE<\/a><span class=\"td-post-author-name\"><a href=\"https:\/\/r3media.ro\/author\/radu_ursan\/\">Radu Ursan<\/a><span>&#8211;<\/span><\/span><span class=\"td-post-date\"><time class=\"entry-date updated td-module-date\" datetime=\"2026-07-08T22:42:08+03:00\">08\/07\/2026<\/time><\/span><\/div>\n<\/div>\n<\/div>\n<\/div>\n<\/div>\n<div class=\"td-block-row\">\n<div class=\"td-block-span6\">\n<div class=\"td_module_8 td_module_wrap\">\n<div class=\"item-details\">\n<h3 class=\"entry-title td-module-title\"><a href=\"https:\/\/r3media.ro\/femeie-cumparat-automobil-electric-mana-a-doua-surpriza-plecat-masina\/\" rel=\"bookmark\" title=\"O femeie care \u0219i-a achizi\u021bionat un automobil electric la m\u00e2na a doua a avut parte de o surpriz\u0103 imediat dup\u0103 ce a plecat cu ma\u0219ina\">O femeie care \u0219i-a achizi\u021bionat un automobil electric la m\u00e2na a doua a avut&#8230;<\/a><\/h3>\n<div class=\"td-module-meta-info\"><a href=\"https:\/\/r3media.ro\/category\/actualitate\/\" class=\"td-post-category\">ACTUALITATE<\/a><span class=\"td-post-author-name\"><a href=\"https:\/\/r3media.ro\/author\/oana\/\">Oana Ivan<\/a><span>&#8211;<\/span><\/span><span class=\"td-post-date\"><time class=\"entry-date updated td-module-date\" datetime=\"2026-07-08T19:56:23+03:00\">08\/07\/2026<\/time><\/span><\/div>\n<\/div>\n<\/div>\n<\/div>\n<div class=\"td-block-span6\">\n<div class=\"td_module_8 td_module_wrap\">\n<div class=\"item-details\">\n<h3 class=\"entry-title td-module-title\"><a href=\"https:\/\/r3media.ro\/lectii-de-inapoiere\/\" rel=\"bookmark\" title=\"Lec\u021bii de \u00eenapoiere\">Lec\u021bii de \u00eenapoiere<\/a><\/h3>\n<div class=\"td-module-meta-info\"><a href=\"https:\/\/r3media.ro\/category\/opinii\/\" class=\"td-post-category\">OPINII<\/a><span class=\"td-post-author-name\"><a href=\"https:\/\/r3media.ro\/author\/tru\/\">TRU (Traian Ungureanu)<\/a><span>&#8211;<\/span><\/span><span class=\"td-post-date\"><time class=\"entry-date updated td-module-date\" datetime=\"2026-07-07T14:50:09+03:00\">07\/07\/2026<\/time><\/span><\/div>\n<\/div>\n<\/div>\n<\/div>\n<\/div>\n<div class=\"td-block-row\">\n<div class=\"td-block-span6\">\n<div class=\"td_module_8 td_module_wrap\">\n<div class=\"item-details\">\n<h3 class=\"entry-title td-module-title\"><a href=\"https:\/\/r3media.ro\/dreptate-pentru-memoria-lui-mircea-vulcanescu\/\" rel=\"bookmark\" title=\"Dreptate pentru memoria lui Mircea Vulc\u0103nescu\">Dreptate pentru memoria lui Mircea Vulc\u0103nescu<\/a><\/h3>\n<div class=\"td-module-meta-info\"><a href=\"https:\/\/r3media.ro\/category\/opinii\/\" class=\"td-post-category\">OPINII<\/a><span class=\"td-post-author-name\"><a href=\"https:\/\/r3media.ro\/author\/bogdan-munteanu\/\">Bogdan Munteanu<\/a><span>&#8211;<\/span><\/span><span class=\"td-post-date\"><time class=\"entry-date updated td-module-date\" datetime=\"2026-07-03T15:27:06+03:00\">03\/07\/2026<\/time><\/span><\/div>\n<\/div>\n<\/div>\n<\/div>\n<div class=\"td-block-span6\">\n<div class=\"td_module_8 td_module_wrap\">\n<div class=\"item-details\">\n<h3 class=\"entry-title td-module-title\"><a href=\"https:\/\/r3media.ro\/un-baietel-de-10-ani-are-nevoie-urgent-de-930-000-de-euro-pentru-a-trai-apelul-parintelui-alexandru-lungu\/\" rel=\"bookmark\" title=\"Un b\u0103ie\u021bel de 10 ani are nevoie URGENT de 930.000 de euro pentru a tr\u0103i. Apelul p\u0103rintelui Alexandru Lungu\">Un b\u0103ie\u021bel de 10 ani are nevoie URGENT de 930.000 de euro pentru a&#8230;<\/a><\/h3>\n<div class=\"td-module-meta-info\"><a href=\"https:\/\/r3media.ro\/category\/actualitate\/\" class=\"td-post-category\">ACTUALITATE<\/a><span class=\"td-post-author-name\"><a href=\"https:\/\/r3media.ro\/author\/redactia\/\">Redac\u021bia<\/a><span>&#8211;<\/span><\/span><span class=\"td-post-date\"><time class=\"entry-date updated td-module-date\" datetime=\"2026-07-01T14:14:11+03:00\">01\/07\/2026<\/time><\/span><\/div>\n<\/div>\n<\/div>\n<\/div>\n<\/div>\n<div class=\"td-block-row\">\n<div class=\"td-block-span6\">\n<div class=\"td_module_8 td_module_wrap\">\n<div class=\"item-details\">\n<h3 class=\"entry-title td-module-title\"><a href=\"https:\/\/r3media.ro\/solutie-istorica-curtea-de-apel-bucuresti-mircea-vulcanescu-nu-e-criminal-de-razboi\/\" rel=\"bookmark\" title=\"Solu\u021bie istoric\u0103 a Cur\u021bii de Apel Bucure\u0219ti \u00een cazul \u201eMircea Vulc\u0103nescu\u201d\">Solu\u021bie istoric\u0103 a Cur\u021bii de Apel Bucure\u0219ti \u00een cazul \u201eMircea Vulc\u0103nescu\u201d<\/a><\/h3>\n<div class=\"td-module-meta-info\"><a href=\"https:\/\/r3media.ro\/category\/actualitate\/\" class=\"td-post-category\">ACTUALITATE<\/a><span class=\"td-post-author-name\"><a href=\"https:\/\/r3media.ro\/author\/redactia\/\">Redac\u021bia<\/a><span>&#8211;<\/span><\/span><span class=\"td-post-date\"><time class=\"entry-date updated td-module-date\" datetime=\"2026-07-02T16:26:05+03:00\">02\/07\/2026<\/time><\/span><\/div>\n<\/div>\n<\/div>\n<\/div>\n<div class=\"td-block-span6\">\n<div class=\"td_module_8 td_module_wrap\">\n<div class=\"item-details\">\n<h3 class=\"entry-title td-module-title\"><a href=\"https:\/\/r3media.ro\/nicusor-dan-articol-presa-americana-luptatori-munti-trump\/\" rel=\"bookmark\" title=\"Nicu\u0219or Dan a publicat un articol \u00een presa american\u0103, \u00een care laud\u0103 lupt\u0103torii din mun\u021bi para\u0219uta\u021bi de SUA \u0219i pe pre\u0219edintele Trump\">Nicu\u0219or Dan a publicat un articol \u00een presa american\u0103, \u00een care laud\u0103 lupt\u0103torii din&#8230;<\/a><\/h3>\n<div class=\"td-module-meta-info\"><a href=\"https:\/\/r3media.ro\/category\/actualitate\/\" class=\"td-post-category\">ACTUALITATE<\/a><span class=\"td-post-author-name\"><a href=\"https:\/\/r3media.ro\/author\/redactia\/\">Redac\u021bia<\/a><span>&#8211;<\/span><\/span><span class=\"td-post-date\"><time class=\"entry-date updated td-module-date\" datetime=\"2026-07-02T12:17:31+03:00\">02\/07\/2026<\/time><\/span><\/div>\n<\/div>\n<\/div>\n<\/div>\n<\/div>\n<div class=\"td-block-row\">\n<div class=\"td-block-span6\">\n<div class=\"td_module_8 td_module_wrap\">\n<div class=\"item-details\">\n<h3 class=\"entry-title td-module-title\"><a href=\"https:\/\/r3media.ro\/suc-cico-bautura-carbogazoasa-fructe-naturala\/\" rel=\"bookmark\" title=\"Sucul CICO, subiect de ironii azi, era singura b\u0103utura carbogazoas\u0103 f\u0103cut EXCLUSIV din fructe \u0219i f\u0103r\u0103 conservan\u021bi chimici\">Sucul CICO, subiect de ironii azi, era singura b\u0103utura carbogazoas\u0103 f\u0103cut EXCLUSIV din fructe&#8230;<\/a><\/h3>\n<div class=\"td-module-meta-info\"><a href=\"https:\/\/r3media.ro\/category\/actualitate\/\" class=\"td-post-category\">ACTUALITATE<\/a><span class=\"td-post-author-name\"><a href=\"https:\/\/r3media.ro\/author\/radu_ursan\/\">Radu Ursan<\/a><span>&#8211;<\/span><\/span><span class=\"td-post-date\"><time class=\"entry-date updated td-module-date\" datetime=\"2026-07-01T18:44:17+03:00\">01\/07\/2026<\/time><\/span><\/div>\n<\/div>\n<\/div>\n<\/div>\n<div class=\"td-block-span6\">\n<div class=\"td_module_8 td_module_wrap\">\n<div class=\"item-details\">\n<h3 class=\"entry-title td-module-title\"><a href=\"https:\/\/r3media.ro\/femei-germania-teama-piscina-dezastru-clientela\/\" rel=\"bookmark\" title=\"Femeile din Germania se tem s\u0103 mai mearg\u0103 la piscin\u0103: Un dezastru, din cauza \u201eclientelei\u201d\">Femeile din Germania se tem s\u0103 mai mearg\u0103 la piscin\u0103: Un dezastru, din cauza&#8230;<\/a><\/h3>\n<div class=\"td-module-meta-info\"><a href=\"https:\/\/r3media.ro\/category\/actualitate\/\" class=\"td-post-category\">ACTUALITATE<\/a><span class=\"td-post-author-name\"><a href=\"https:\/\/r3media.ro\/author\/oana\/\">Oana Ivan<\/a><span>&#8211;<\/span><\/span><span class=\"td-post-date\"><time class=\"entry-date updated td-module-date\" datetime=\"2026-07-01T13:57:25+03:00\">01\/07\/2026<\/time><\/span><\/div>\n<\/div>\n<\/div>\n<\/div>\n<\/div>\n<div class=\"td-block-row\">\n<div class=\"td-block-span6\">\n<div class=\"td_module_8 td_module_wrap\">\n<div class=\"item-details\">\n<h3 class=\"entry-title td-module-title\"><a href=\"https:\/\/r3media.ro\/subiecte-bac-istorie-2026-elevi-examen-varianta-rezerva-canicula\/\" rel=\"bookmark\" title=\"Bac Istorie 2026: Ce le-a picat elevilor \u0219i ce se \u00eent\u00e2mpl\u0103 cu cei care nu au reu\u0219it s\u0103 ajung\u0103 la examen din cauza caniculei\">Bac Istorie 2026: Ce le-a picat elevilor \u0219i ce se \u00eent\u00e2mpl\u0103 cu cei care&#8230;<\/a><\/h3>\n<div class=\"td-module-meta-info\"><a href=\"https:\/\/r3media.ro\/category\/actualitate\/\" class=\"td-post-category\">ACTUALITATE<\/a><span class=\"td-post-author-name\"><a href=\"https:\/\/r3media.ro\/author\/oana\/\">Oana Ivan<\/a><span>&#8211;<\/span><\/span><span class=\"td-post-date\"><time class=\"entry-date updated td-module-date\" datetime=\"2026-07-01T11:13:55+03:00\">01\/07\/2026<\/time><\/span><\/div>\n<\/div>\n<\/div>\n<\/div>\n<div class=\"td-block-span6\">\n<div class=\"td_module_8 td_module_wrap\">\n<div class=\"item-details\">\n<h3 class=\"entry-title td-module-title\"><a href=\"https:\/\/r3media.ro\/tuborg-campanie-tineri-sport\/\" rel=\"bookmark\" title=\"Tuborg lanseaz\u0103 o campanie \u00een care transmite tinerilor c\u0103 nu e nevoie s\u0103 se a\u0219eze la casa lor sau s\u0103 fac\u0103 sport\">Tuborg lanseaz\u0103 o campanie \u00een care transmite tinerilor c\u0103 nu e nevoie s\u0103 se&#8230;<\/a><\/h3>\n<div class=\"td-module-meta-info\"><a href=\"https:\/\/r3media.ro\/category\/actualitate\/\" class=\"td-post-category\">ACTUALITATE<\/a><span class=\"td-post-author-name\"><a href=\"https:\/\/r3media.ro\/author\/radu_ursan\/\">Radu Ursan<\/a><span>&#8211;<\/span><\/span><span class=\"td-post-date\"><time class=\"entry-date updated td-module-date\" datetime=\"2026-06-30T15:29:43+03:00\">30\/06\/2026<\/time><\/span><\/div>\n<\/div>\n<\/div>\n<\/div>\n<\/div>\n<\/div>\n<div class=\"td-load-more-wrap td-load-more-infinite-wrap\" id=\"infinite-lm-tdi_20\"><a href=\"https:\/\/r3media.ro\/sofer-surpriza-neplacuta-benzinarie-austria-oprit-apa-portbagaj\/\" class=\"td_ajax_load_more td_ajax_load_more_js\" aria-label=\"\u00cenc\u0103rca\u021bi mai multe\" id=\"next-page-tdi_20\" data-td_block_id=\"tdi_20\">\u00cenc\u0103rca\u021bi mai multe<\/a><\/div>\n<\/div>\n<div class=\"td_block_wrap tdb_single_comments tdi_21 tdb-comm-layout2 td-pb-border-top td_block_template_1\" data-td-block-uid=\"tdi_21\">\n<div class=\"tdb-block-inner td-fix-index\">\n<div class=\"comments\" id=\"comments\">\n<div id=\"respond\" class=\"comment-respond\">\n<h3 id=\"reply-title\" class=\"comment-reply-title\">AI CEVA DE SPUS? <small><a rel=\"nofollow\" id=\"cancel-comment-reply-link\" href=\"https:\/\/r3media.ro\/sofer-surpriza-neplacuta-benzinarie-austria-oprit-apa-portbagaj\/#respond\">Renun\u021ba\u021bi la r\u0103spuns<\/a><\/small><\/h3>\n<div class=\"comment-form-input-wrap td-form-comment\">\n<div class=\"td-warning-comment\">V\u0103 rug\u0103m s\u0103 introduce\u021bi comentariul dvs.!<\/div>\n<\/div>\n<div class=\"comment-form-input-wrap td-form-author\">\n<div class=\"td-warning-author\">Introduce\u021bi aici numele dvs.<\/div>\n<\/div>\n<div class=\"comment-form-input-wrap td-form-email\">\n<div class=\"td-warning-email-error\">A\u021bi introdus o adres\u0103 de e-mail incorect\u0103!<\/div>\n<div class=\"td-warning-email\">V\u0103 rug\u0103m s\u0103 introduce\u021bi adresa dvs. de e-mail aici<\/div>\n<\/div>\n<\/div>\n<\/div>\n<\/div>\n<\/div>\n<\/div>\n<\/div>\n<div class=\"vc_column tdi_23  wpb_column vc_column_container tdc-column td-pb-span4 td-is-sticky\">\n<div class=\"wpb_wrapper\" data-sticky-enabled-on=\"W3RydWUsdHJ1ZSx0cnVlLHRydWVd\" data-sticky-offset=\"20\" data-sticky-is-width-auto=\"W2ZhbHNlLGZhbHNlLGZhbHNlLGZhbHNlXQ==\">\n<div class=\"wpb_wrapper td_block_wrap vc_widget_sidebar tdi_25 \">\n<div class=\"td_block_wrap td_block_7 td_block_widget tdi_26 td-pb-border-top td_block_template_1 td-column-1 td_block_padding\" data-td-block-uid=\"tdi_26\">\n<div class=\"td-block-title-wrap\">\n<h4 class=\"block-title td-block-title\"><span class=\"td-pulldown-size\">Articole RELA\u021aIONATE<\/span><\/h4>\n<\/div>\n<div id=\"tdi_26\" class=\"td_block_inner\">\n<div class=\"td-block-span12\">\n<div class=\"td_module_6 td_module_wrap td-animation-stack\">\n<div class=\"td-module-thumb\"><a href=\"https:\/\/r3media.ro\/ministerul-apararii-nationale-detectare-tinte-aeriene-granita-ucraina\/\" rel=\"bookmark\" class=\"td-image-wrap \" title=\"Ministerul Ap\u0103r\u0103rii Na\u021bionale e detectat \u021binte aeriene la grani\u021ba cu Ucraina\"><img loading=\"lazy\" decoding=\"async\" class=\"entry-thumb\" src=\"https:\/\/r3media.ro\/wp-content\/uploads\/2023\/09\/drone-1-100x70.webp\" alt title=\"Ministerul Ap\u0103r\u0103rii Na\u021bionale e detectat \u021binte aeriene la grani\u021ba cu Ucraina\" width=\"100\" height=\"70\"><\/a><\/div>\n<div class=\"item-details\">\n<h3 class=\"entry-title td-module-title\"><a href=\"https:\/\/r3media.ro\/ministerul-apararii-nationale-detectare-tinte-aeriene-granita-ucraina\/\" rel=\"bookmark\" title=\"Ministerul Ap\u0103r\u0103rii Na\u021bionale e detectat \u021binte aeriene la grani\u021ba cu Ucraina\">Ministerul Ap\u0103r\u0103rii Na\u021bionale e detectat \u021binte aeriene la grani\u021ba cu Ucraina<\/a><\/h3>\n<div class=\"td-module-meta-info\"><span class=\"td-post-date\"><time class=\"entry-date updated td-module-date\" datetime=\"2026-07-11T11:50:15+03:00\">11\/07\/2026<\/time><\/span><\/div>\n<\/div>\n<\/div>\n<\/div>\n<div class=\"td-block-span12\">\n<div class=\"td_module_6 td_module_wrap td-animation-stack\">\n<div class=\"td-module-thumb\"><a href=\"https:\/\/r3media.ro\/petrisor-peiu-decizii-premier-aur\/\" rel=\"bookmark\" class=\"td-image-wrap \" title=\"Primele 3 decizii pe care le va lua un premier AUR. Petri\u0219or Peiu: Toat\u0103 lumea va putea s\u0103 vad\u0103 cine a decis, ce s-a decis \u0219i mai ales, cum s-a decis\"><img loading=\"lazy\" decoding=\"async\" class=\"entry-thumb\" src=\"https:\/\/r3media.ro\/wp-content\/uploads\/2025\/02\/peiu-2-750x374-1-100x70.jpg\" alt title=\"Primele 3 decizii pe care le va lua un premier AUR. Petri\u0219or Peiu: Toat\u0103 lumea va putea s\u0103 vad\u0103 cine a decis, ce s-a decis \u0219i mai ales, cum s-a decis\" width=\"100\" height=\"70\"><\/a><\/div>\n<div class=\"item-details\">\n<h3 class=\"entry-title td-module-title\"><a href=\"https:\/\/r3media.ro\/petrisor-peiu-decizii-premier-aur\/\" rel=\"bookmark\" title=\"Primele 3 decizii pe care le va lua un premier AUR. Petri\u0219or Peiu: Toat\u0103 lumea va putea s\u0103 vad\u0103 cine a decis, ce s-a decis \u0219i mai ales, cum s-a decis\">Primele 3 decizii pe care le va lua un premier AUR&#8230;.<\/a><\/h3>\n<div class=\"td-module-meta-info\"><span class=\"td-post-date\"><time class=\"entry-date updated td-module-date\" datetime=\"2026-07-11T11:36:27+03:00\">11\/07\/2026<\/time><\/span><\/div>\n<\/div>\n<\/div>\n<\/div>\n<div class=\"td-block-span12\">\n<div class=\"td_module_6 td_module_wrap td-animation-stack\">\n<div class=\"td-module-thumb\"><a href=\"https:\/\/r3media.ro\/radu-georgescu-maxim-capitalism-anii-2000-garsoniera-salarii\/\" rel=\"bookmark\" class=\"td-image-wrap \" title=\"Radu Georgescu: Maximul capitalismului \u00een Rom\u00e2nia, cred eu, a fost \u00een perioada 2000\u20132008. Atunci \u00ee\u021bi cump\u0103rai o garsonier\u0103 cu 10 salarii. Ast\u0103zi ai nevoie de 100\"><img loading=\"lazy\" decoding=\"async\" class=\"entry-thumb\" src=\"https:\/\/r3media.ro\/wp-content\/uploads\/2025\/08\/radu-georgescu-100x70.png\" alt title=\"Radu Georgescu: Maximul capitalismului \u00een Rom\u00e2nia, cred eu, a fost \u00een perioada 2000\u20132008. Atunci \u00ee\u021bi cump\u0103rai o garsonier\u0103 cu 10 salarii. Ast\u0103zi ai nevoie de 100\" width=\"100\" height=\"70\"><\/a><\/div>\n<div class=\"item-details\">\n<h3 class=\"entry-title td-module-title\"><a href=\"https:\/\/r3media.ro\/radu-georgescu-maxim-capitalism-anii-2000-garsoniera-salarii\/\" rel=\"bookmark\" title=\"Radu Georgescu: Maximul capitalismului \u00een Rom\u00e2nia, cred eu, a fost \u00een perioada 2000\u20132008. Atunci \u00ee\u021bi cump\u0103rai o garsonier\u0103 cu 10 salarii. Ast\u0103zi ai nevoie de 100\">Radu Georgescu: Maximul capitalismului \u00een Rom\u00e2nia, cred eu, a fost \u00een&#8230;<\/a><\/h3>\n<div class=\"td-module-meta-info\"><span class=\"td-post-date\"><time class=\"entry-date updated td-module-date\" datetime=\"2026-07-11T00:25:39+03:00\">11\/07\/2026<\/time><\/span><\/div>\n<\/div>\n<\/div>\n<\/div>\n<div class=\"td-block-span12\">\n<div class=\"td_module_6 td_module_wrap td-animation-stack\">\n<div class=\"td-module-thumb\"><a href=\"https:\/\/r3media.ro\/calendarul-zilei-11-iulie-sf-mare-mc-eufimia-sf-olga-cea-intocmai-cu-apostolii-si-luminatoarea-rusiei\/\" rel=\"bookmark\" class=\"td-image-wrap \" title=\"Calendarul zilei 11 iulie: Sf. Mare Mc. Eufimia; Sf. Olga, cea \u00eentocmai cu Apostolii \u0219i lumin\u0103toarea Rusiei\"><img loading=\"lazy\" decoding=\"async\" class=\"entry-thumb\" src=\"https:\/\/r3media.ro\/wp-content\/uploads\/2024\/07\/sfanta-olga-tarina-cea-intocmai-cu-apostolii-302345-100x70.jpg\" alt title=\"Calendarul zilei 11 iulie: Sf. Mare Mc. Eufimia; Sf. Olga, cea \u00eentocmai cu Apostolii \u0219i lumin\u0103toarea Rusiei\" width=\"100\" height=\"70\"><\/a><\/div>\n<div class=\"item-details\">\n<h3 class=\"entry-title td-module-title\"><a href=\"https:\/\/r3media.ro\/calendarul-zilei-11-iulie-sf-mare-mc-eufimia-sf-olga-cea-intocmai-cu-apostolii-si-luminatoarea-rusiei\/\" rel=\"bookmark\" title=\"Calendarul zilei 11 iulie: Sf. Mare Mc. Eufimia; Sf. Olga, cea \u00eentocmai cu Apostolii \u0219i lumin\u0103toarea Rusiei\">Calendarul zilei 11 iulie: Sf. Mare Mc. Eufimia; Sf. Olga, cea&#8230;<\/a><\/h3>\n<div class=\"td-module-meta-info\"><span class=\"td-post-date\"><time class=\"entry-date updated td-module-date\" datetime=\"2026-07-10T20:40:25+03:00\">10\/07\/2026<\/time><\/span><\/div>\n<\/div>\n<\/div>\n<\/div>\n<div class=\"td-block-span12\">\n<div class=\"td_module_6 td_module_wrap td-animation-stack\">\n<div class=\"td-module-thumb\"><a href=\"https:\/\/r3media.ro\/gheorghe-piperea-euro-digital-obligatie-certificat-vaccinare\/\" rel=\"bookmark\" class=\"td-image-wrap \" title=\"Europarlamentarul Gheorghe Piperea: Op\u021biunea pentru euro digital se va putea transforma \u00een obliga\u021bie de facto, a\u0219a cum a fost \u0219i cu certificatele de vaccinare\"><img loading=\"lazy\" decoding=\"async\" class=\"entry-thumb\" src=\"https:\/\/r3media.ro\/wp-content\/uploads\/2026\/07\/euro-digital-100x70.jpg\" alt title=\"Europarlamentarul Gheorghe Piperea: Op\u021biunea pentru euro digital se va putea transforma \u00een obliga\u021bie de facto, a\u0219a cum a fost \u0219i cu certificatele de vaccinare\" width=\"100\" height=\"70\"><\/a><\/div>\n<div class=\"item-details\">\n<h3 class=\"entry-title td-module-title\"><a href=\"https:\/\/r3media.ro\/gheorghe-piperea-euro-digital-obligatie-certificat-vaccinare\/\" rel=\"bookmark\" title=\"Europarlamentarul Gheorghe Piperea: Op\u021biunea pentru euro digital se va putea transforma \u00een obliga\u021bie de facto, a\u0219a cum a fost \u0219i cu certificatele de vaccinare\">Europarlamentarul Gheorghe Piperea: Op\u021biunea pentru euro digital se va putea transforma&#8230;<\/a><\/h3>\n<div class=\"td-module-meta-info\"><span class=\"td-post-date\"><time class=\"entry-date updated td-module-date\" datetime=\"2026-07-10T15:59:44+03:00\">10\/07\/2026<\/time><\/span><\/div>\n<\/div>\n<\/div>\n<\/div>\n<div class=\"td-block-span12\">\n<div class=\"td_module_6 td_module_wrap td-animation-stack\">\n<div class=\"td-module-thumb\"><a href=\"https:\/\/r3media.ro\/ins-migratia-internationala-a-reusit-sa-stabilizeze-populatia-rezidenta-a-romaniei\/\" rel=\"bookmark\" class=\"td-image-wrap \" title=\"Pre\u0219edintele Institutului Na\u021bional de Statistic\u0103 (INS): Migra\u021bia interna\u021bional\u0103 a reu\u0219it s\u0103 stabilizeze popula\u021bia rezident\u0103 a Rom\u00e2niei\"><img loading=\"lazy\" decoding=\"async\" class=\"entry-thumb\" src=\"https:\/\/r3media.ro\/wp-content\/uploads\/2026\/06\/muncitori-sri-lanka-e1782133584948-100x70.png\" alt title=\"Pre\u0219edintele Institutului Na\u021bional de Statistic\u0103 (INS): Migra\u021bia interna\u021bional\u0103 a reu\u0219it s\u0103 stabilizeze popula\u021bia rezident\u0103 a Rom\u00e2niei\" width=\"100\" height=\"70\"><\/a><\/div>\n<div class=\"item-details\">\n<h3 class=\"entry-title td-module-title\"><a href=\"https:\/\/r3media.ro\/ins-migratia-internationala-a-reusit-sa-stabilizeze-populatia-rezidenta-a-romaniei\/\" rel=\"bookmark\" title=\"Pre\u0219edintele Institutului Na\u021bional de Statistic\u0103 (INS): Migra\u021bia interna\u021bional\u0103 a reu\u0219it s\u0103 stabilizeze popula\u021bia rezident\u0103 a Rom\u00e2niei\">Pre\u0219edintele Institutului Na\u021bional de Statistic\u0103 (INS): Migra\u021bia interna\u021bional\u0103 a reu\u0219it s\u0103&#8230;<\/a><\/h3>\n<div class=\"td-module-meta-info\"><span class=\"td-post-date\"><time class=\"entry-date updated td-module-date\" datetime=\"2026-07-10T15:35:35+03:00\">10\/07\/2026<\/time><\/span><\/div>\n<\/div>\n<\/div>\n<\/div>\n<div class=\"td-block-span12\">\n<div class=\"td_module_6 td_module_wrap td-animation-stack\">\n<div class=\"td-module-thumb\"><a href=\"https:\/\/r3media.ro\/o-femeie-mentalitate-femei-moderne-printese-disney\/\" rel=\"bookmark\" class=\"td-image-wrap \" title=\"VIDEO | O femeie critic\u0103 mentalitatea femeii moderne care distruge rela\u021bia cu b\u0103rbatul s\u0103u: Suntem crescute \u00een ideea de prin\u021bese, dar nu suntem la Disney\"><img loading=\"lazy\" decoding=\"async\" class=\"entry-thumb\" src=\"https:\/\/r3media.ro\/wp-content\/uploads\/2026\/07\/anisa-sandulache-femei-barbati-100x70.jpg\" alt title=\"VIDEO | O femeie critic\u0103 mentalitatea femeii moderne care distruge rela\u021bia cu b\u0103rbatul s\u0103u: Suntem crescute \u00een ideea de prin\u021bese, dar nu suntem la Disney\" width=\"100\" height=\"70\"><\/a><\/div>\n<div class=\"item-details\">\n<h3 class=\"entry-title td-module-title\"><a href=\"https:\/\/r3media.ro\/o-femeie-mentalitate-femei-moderne-printese-disney\/\" rel=\"bookmark\" title=\"VIDEO | O femeie critic\u0103 mentalitatea femeii moderne care distruge rela\u021bia cu b\u0103rbatul s\u0103u: Suntem crescute \u00een ideea de prin\u021bese, dar nu suntem la Disney\">VIDEO | O femeie critic\u0103 mentalitatea femeii moderne care distruge rela\u021bia&#8230;<\/a><\/h3>\n<div class=\"td-module-meta-info\"><span class=\"td-post-date\"><time class=\"entry-date updated td-module-date\" datetime=\"2026-07-10T12:47:58+03:00\">10\/07\/2026<\/time><\/span><\/div>\n<\/div>\n<\/div>\n<\/div>\n<\/div>\n<\/div>\n<aside class=\"td_block_template_1 widget widget_recent_comments\">\n<h4 class=\"block-title\"><span>INTR\u0102 \u00ceN DISCU\u021aIE!<\/span><\/h4>\n<ul id=\"recentcomments\">\n<li class=\"recentcomments\"><span class=\"comment-author-link\">Redac\u021bia<\/span> la <a href=\"https:\/\/r3media.ro\/ins-migratia-internationala-a-reusit-sa-stabilizeze-populatia-rezidenta-a-romaniei\/#comment-40257\">Pre\u0219edintele Institutului Na\u021bional de Statistic\u0103 (INS): Migra\u021bia interna\u021bional\u0103 a reu\u0219it s\u0103 stabilizeze popula\u021bia rezident\u0103 a Rom\u00e2niei<\/a><\/li>\n<li class=\"recentcomments\"><span class=\"comment-author-link\">Mincinos<\/span> la <a href=\"https:\/\/r3media.ro\/ins-migratia-internationala-a-reusit-sa-stabilizeze-populatia-rezidenta-a-romaniei\/#comment-40256\">Pre\u0219edintele Institutului Na\u021bional de Statistic\u0103 (INS): Migra\u021bia interna\u021bional\u0103 a reu\u0219it s\u0103 stabilizeze popula\u021bia rezident\u0103 a Rom\u00e2niei<\/a><\/li>\n<li class=\"recentcomments\"><span class=\"comment-author-link\">Mitic\u0103<\/span> la <a href=\"https:\/\/r3media.ro\/theodor-paleologu-rascoala-1907\/#comment-40255\">Theodor Paleologu a \u00eencercat s\u0103 minimizeze num\u0103rul mor\u021bilor R\u0103scoalei de la 1907, dar a fost nevoit s\u0103 retracteze dup\u0103 reac\u021bia public\u0103<\/a><\/li>\n<li class=\"recentcomments\"><span class=\"comment-author-link\">Mitic\u0103<\/span> la <a href=\"https:\/\/r3media.ro\/barbat-45-ani-mort-cazut-trotineta-electrica-constanta\/#comment-40254\">Un b\u0103rbat de 45 de ani a murit dup\u0103 ce a c\u0103zut de pe trotineta electric\u0103<\/a><\/li>\n<li class=\"recentcomments\"><span class=\"comment-author-link\">Nicu<\/span> la <a href=\"https:\/\/r3media.ro\/parlamentari-afd-interogati-politie-fluturare-drapel-germania-bundestag-video\/#comment-40253\">VIDEO | Parlamentarii AfD au fost interoga\u021bi de poli\u021bie pentru c\u0103 au fluturat drapelul Germaniei la balconul Bundestagului<\/a><\/li>\n<li class=\"recentcomments\"><span class=\"comment-author-link\">Nicu<\/span> la <a href=\"https:\/\/r3media.ro\/theodor-paleologu-rascoala-1907\/#comment-40252\">Theodor Paleologu a \u00eencercat s\u0103 minimizeze num\u0103rul mor\u021bilor R\u0103scoalei de la 1907, dar a fost nevoit s\u0103 retracteze dup\u0103 reac\u021bia public\u0103<\/a><\/li>\n<li class=\"recentcomments\"><span class=\"comment-author-link\">Nicu<\/span> la <a href=\"https:\/\/r3media.ro\/stefan-popescu-romania-intariri-nato-vorbe\/#comment-40251\">\u0218tefan Popescu: Rom\u00e2nia a cerut \u00eent\u0103riri din partea NATO, dar a primit doar vorbe frumoase<\/a><\/li>\n<\/ul>\n<\/aside>\n<aside class=\"td_block_template_1 widget widget_search\">\n<h4 class=\"block-title\"><span>CAUT\u0102 \u0218I VEI G\u0102SI<\/span><\/h4>\n<\/aside>\n<\/div>\n<\/div>\n<\/div>\n<\/div>\n<\/div>\n<\/div>\n<\/div>\n<p><span class=\"td-page-meta\"><\/span><span class=\"td-page-meta\"><span class=\"td-page-meta\"><\/span><\/span><span class=\"td-page-meta\"><\/span><\/article>\n<\/p>\n<div class=\"td_block_wrap tdb_single_content tdi_18 td-pb-border-top td_block_template_1 td-post-content tagdiv-type\" data-td-block-uid=\"tdi_18\">\n<div class=\"tdb-block-inner td-fix-index\">\n<p><strong>O mic\u0103 benzin\u0103rie din Wollersdorf-Steinabruckl, \u00een districtul Wiener Neustadt din Austria, \u0219i-a f\u0103cut un renume nu doar prin pre\u021burile sale mici. Oricine opre\u0219te acolo, dar nu alimenteaz\u0103 este imediat taxat. De\u0219i exist\u0103 indicatoare la intrare, acestea sunt destul de mici \u0219i oarecum \u00eendep\u0103rtate, iar un \u0219ofer a avut parte de o surpriz\u0103, potrivit <a href=\"https:\/\/www.krone.at\/4199025\" target=\"_blank\" rel=\"noopener\">Krone<\/a>.<\/strong><\/p>\n<p>Jakob P. a oprit la benzin\u0103rie pentru a-\u0219i scoate o sticl\u0103 de ap\u0103 din portbagaj. Doi\u0103 s\u0103pt\u0103m\u00e2ni mai t\u00e2rziu a primit acas\u0103 o scrisoare de la un avocat \u00een care i se cereau 372 de euro.<\/p>\n<p>\u201eAm fost \u00een incint\u0103 exact un minut \u0219i 28 de secunde\u201d, a spus acesta.<\/p>\n<p>De atunci, el a contactat serviciul de consiliere juridic\u0103 OAMTC \u0219i un avocat.<\/p>\n<p>\u201eAm fost sf\u0103tuit \u00een mod explicit s\u0103 ignor pur \u0219i simplu aceast\u0103 scrisoare deocamdat\u0103 \u0219i s\u0103 a\u0219tept s\u0103 v\u0103d dac\u0103 duce \u00eentr-adev\u0103r la un proces\u201d, a spus el.<\/p>\n<p>Anita K. s-a confruntat la r\u00e2ndul ei cu o situa\u021bie similar\u0103. A oprit al\u0103turi de so\u021bul pentru o scurt\u0103 pauz\u0103 cu motocicletele. Ambii au primit c\u00e2te o cerere de plat\u0103, \u00eens\u0103 lor li s-a zis c\u0103 ar putea achita \u0219i \u00een rate.<\/p>\n<p>Scrisoarea primit\u0103 este, de asemenea, formulat\u0103 \u00een mod clar foarte agresiv.<\/p>\n<h2><strong>Un \u0219ofer a avut parte de o surpriz\u0103 nepl\u0103cut\u0103 la benzin\u0103rie. Ce spun reprezentan\u021bii sta\u021biei de alimentare<\/strong><\/h2>\n<p>\u00a0<\/p>\n<p>Ziarul \u201eKrone\u201d l-a confruntat pe operatorul benzin\u0103riei, Nikoll Bibaj, \u00een aceast\u0103 privin\u021b\u0103. El s-a justificat spun\u00e2nd c\u0103 este o proprietate privat\u0103. Acesta sus\u021bine c\u0103 oprirea scurt\u0103, \u00eentoarcerea sau ac\u021biuni similare sunt interzise acolo. Nici m\u0103car nu ai voie s\u0103 faci o oprire scurt\u0103 pentru a compara pre\u021burile combustibilului.<\/p>\n<p>\u201ePre\u021burile se v\u0103d de pe \u0219osea\u201d, a spus proprietarul.<\/p>\n<p>Acesta a vrut deja s\u0103 rezilieze contractul cu compania de monitorizare.<\/p>\n<p>\u201eDar, din p\u0103cate, acest lucru nu este posibil p\u00e2n\u0103 la sf\u00e2r\u0219itul anului\u201d, a explicat Bibaj.<\/p>\n<p>Camera de Comer\u021b este con\u0219tient\u0103 de astfel de cazuri.<\/p>\n<p>\u201eEste important de men\u021bionat c\u0103 exist\u0103 \u00eentr-adev\u0103r benzin\u0103rii care se afl\u0103 sub o presiune at\u00e2t de intens\u0103 \u0219i nu pot g\u0103si nicio alt\u0103 modalitate de a face fa\u021b\u0103\u201d, a spus Michael Steinparzer de la divizia responsabil\u0103 de Transport \u0219i Trafic.<\/p>\n<p>\u201eCei afecta\u021bi pot fi sf\u0103tui\u021bi s\u0103 solicite consiliere de la Asocia\u021bia Consumatorilor din Austria (VKI), Camera Muncii, Automobil Clubul Austriac (\u00d6AMTC) sau Automobil Clubul, Motocicletul \u0219i Turismul Austriac (ARB\u00d6)\u201d, adaug\u0103 el.<\/p>\n<p>Benzin\u0103rie a fost \u00eentre timp \u00eenchis\u0103. Totu\u0219i, traficul de tranzit este \u00eenc\u0103 interzis. Contractul cu compania de monitorizare continu\u0103 s\u0103 verifice meticulos fiecare client. Acesta mai este valabil acum p\u00e2n\u0103 la sf\u00e2r\u0219itul anului.<\/p>\n<div class=\"crp_related     crp-masonry\">\n<h2>\u00ceN CONTEXT<\/h2>\n<ul>\n<li><a href=\"https:\/\/r3media.ro\/fara-tine-in-google-r3media-dispare-iata-ce-poti-face-in-10-secunde\/\" class=\"crp_link post-119031\"><span class=\"crp_title\">F\u0103r\u0103 tine \u00een Google, R3media dispare. Iat\u0103 ce po\u021bi face \u00een 10 secunde<\/span><\/a><\/li>\n<li><a href=\"https:\/\/r3media.ro\/soferi-romani-siguranta-trafic\/\" class=\"crp_link post-117750\"><span class=\"crp_title\">Doi din trei \u0219oferi rom\u00e2ni se simt \u00een siguran\u021b\u0103 \u00een trafic, cel mai ridicat nivel din istoria\u2026<\/span><\/a><\/li>\n<\/ul>\n<\/div>\n<\/div>\n<\/div>\n<p>[analyse_source url=&#8221;https:\/\/r3media.ro\/sofer-surpriza-neplacuta-benzinarie-austria-oprit-apa-portbagaj\/&#8221;]<\/p>\n","protected":false},"excerpt":{"rendered":"<p>[analyse_image type=&#8221;featured&#8221; src=&#8221;https:\/\/r3media.ro\/wp-content\/uploads\/2026\/07\/benzinarie-scaled-e1783763410602.jpghttps:\/\/r3media.ro\/wp-content\/uploads\/2026\/07\/benzinarie-scaled-e1783763410602.jpg&#8221;] FEATUREDUn \u0219ofer a avut parte de o surpriz\u0103 nepl\u0103cut\u0103 la benzin\u0103rie dup\u0103&#8230; FEATURED\u0218TIRI Un \u0219ofer a avut parte de o surpriz\u0103 nepl\u0103cut\u0103 la benzin\u0103rie dup\u0103 ce a oprit un minut \u0219i 28 de secunde pentru a scoate o sticl\u0103 de ap\u0103 din portbagaj Oana Ivan 11\/07\/2026 Surs\u0103 &#8211; Unsplash O mic\u0103 benzin\u0103rie [&hellip;]<\/p>\n","protected":false},"author":1,"featured_media":0,"comment_status":"open","ping_status":"","sticky":false,"template":"","format":"standard","meta":{"footnotes":""},"categories":[89],"tags":[226,93],"class_list":["post-2038832","post","type-post","status-publish","format-standard","hentry","category-romania","tag-crawlmanager","tag-r3media-ro"],"_links":{"self":[{"href":"https:\/\/analyse.optim.biz\/index.php?rest_route=\/wp\/v2\/posts\/2038832","targetHints":{"allow":["GET"]}}],"collection":[{"href":"https:\/\/analyse.optim.biz\/index.php?rest_route=\/wp\/v2\/posts"}],"about":[{"href":"https:\/\/analyse.optim.biz\/index.php?rest_route=\/wp\/v2\/types\/post"}],"author":[{"embeddable":true,"href":"https:\/\/analyse.optim.biz\/index.php?rest_route=\/wp\/v2\/users\/1"}],"replies":[{"embeddable":true,"href":"https:\/\/analyse.optim.biz\/index.php?rest_route=%2Fwp%2Fv2%2Fcomments&post=2038832"}],"version-history":[{"count":0,"href":"https:\/\/analyse.optim.biz\/index.php?rest_route=\/wp\/v2\/posts\/2038832\/revisions"}],"wp:attachment":[{"href":"https:\/\/analyse.optim.biz\/index.php?rest_route=%2Fwp%2Fv2%2Fmedia&parent=2038832"}],"wp:term":[{"taxonomy":"category","embeddable":true,"href":"https:\/\/analyse.optim.biz\/index.php?rest_route=%2Fwp%2Fv2%2Fcategories&post=2038832"},{"taxonomy":"post_tag","embeddable":true,"href":"https:\/\/analyse.optim.biz\/index.php?rest_route=%2Fwp%2Fv2%2Ftags&post=2038832"}],"curies":[{"name":"wp","href":"https:\/\/api.w.org\/{rel}","templated":true}]}}