{"id":2038581,"date":"2026-07-10T12:06:52","date_gmt":"2026-07-10T09:06:52","guid":{"rendered":"https:\/\/analyse.optim.biz\/?p=2038581"},"modified":"2026-07-10T12:06:52","modified_gmt":"2026-07-10T09:06:52","slug":"ce-s-a-ales-de-promisiunea-lui-bolojan-de-la-inceput-de-mandat-ca-va-salva-economia-a-preluat-o-tara-cu-o-prognoza-de-crestere-de-24-pentru-2026-iar-datele-oficiale-arata-acum-o-scadere-de-12-o","status":"publish","type":"post","link":"https:\/\/analyse.optim.biz\/?p=2038581","title":{"rendered":"Ce s-a ales de promisiunea lui Bolojan de la \u00eenceput de mandat c\u0103 va salva economia. A preluat o \u021bar\u0103 cu o prognoz\u0103 de cre\u0219tere de 2,4% pentru 2026, iar datele oficiale arat\u0103 acum o sc\u0103dere de -1,2%. O gaur\u0103 de peste 70 de miliarde de lei"},"content":{"rendered":"<p>[analyse_image type=&#8221;featured&#8221; src=&#8221;https:\/\/ortodoxinfo.ro\/wp-content\/uploads\/2026\/07\/8053170-mediafax_foto-andreea_alexandru-scaled.jpghttps:\/\/ortodoxinfo.ro\/wp-content\/uploads\/2026\/07\/8053170-mediafax_foto-andreea_alexandru-scaled.jpg&#8221;]<\/p>\n<article id=\"post-247253\" class=\"post-247253 post type-post status-publish format-standard has-post-thumbnail category-asasinii-tarii\">\n<header class=\"single-header\">\n<aside class=\"breadcrumb-wrap breadcrumb-yoast s-breadcrumb\">\n<div class=\"breadcrumb-inner\"><span><span><a href=\"https:\/\/ortodoxinfo.ro\/\">Prima pagin\u0103<\/a><\/span> \u00bb <span><a href=\"https:\/\/ortodoxinfo.ro\/blog\/\">Blog<\/a><\/span> \u00bb <span class=\"breadcrumb_last\" aria-current=\"page\">Ce s-a ales de promisiunea lui Bolojan de la \u00eenceput de mandat c\u0103 va salva economia. A preluat o \u021bar\u0103 cu o prognoz\u0103 de cre\u0219tere de 2,4% pentru 2026, iar datele oficiale arat\u0103 acum o sc\u0103dere de -1,2%. O gaur\u0103 de peste 70 de miliarde de lei<\/span><\/span><\/div>\n<\/aside>\n<h1 class=\"s-title fw-headline\">Ce s-a ales de promisiunea lui Bolojan de la \u00eenceput de mandat c\u0103 va salva economia. A preluat o \u021bar\u0103 cu o prognoz\u0103 de cre\u0219tere de 2,4% pentru 2026, iar datele oficiale arat\u0103 acum o sc\u0103dere de -1,2%. O gaur\u0103 de peste 70 de miliarde de lei<\/h1>\n<div class=\"single-meta meta-s-default yes-0\">\n<div class=\"smeta-in\"><a class=\"meta-el meta-avatar\" href=\"https:\/\/ortodoxinfo.ro\/author\/redactor\/\"><img loading=\"lazy\" decoding=\"async\" alt=\"OrtodoxINFO\" src=\"https:\/\/secure.gravatar.com\/avatar\/21010332354a182ce4de6016685c5586f21c51866d0ec5bc8ef383240b3c3e02?s=120&amp;r=g\" class=\"avatar avatar-120 photo\" height=\"120\" width=\"120\"><\/a><\/p>\n<div class=\"smeta-sec\">\n<div class=\"p-meta\">\n<div class=\"meta-inner is-meta\"><span class=\"meta-el meta-date\"><time datetime=\"2026-07-10T15:06:52+03:00\">10 iulie 2026<\/time><\/span><span class=\"meta-el meta-category meta-bold\"><a class=\"meta-separate category-19885\" href=\"https:\/\/ortodoxinfo.ro\/category\/anti-sistem\/anti-romanism\/asasinii-tarii\/\">Asasinii \u021b\u0103rii<\/a><\/span><span class=\"meta-el meta-view\">5.8k vizualiz\u0103ri\t\t<\/span><span class=\"meta-el meta-comment mobile-last-meta tablet-last-meta\"><a href=\"https:\/\/ortodoxinfo.ro\/2026\/07\/10\/ce-s-a-ales-de-promisiunea-lui-bolojan-de-la-inceput-de-mandat-ca-va-salva-economia-a-preluat-o-tara-cu-o-prognoza-de-crestere-de-24-pentru-2026-iar-datele-oficiale-arata-acum-o-scadere-de-12-o\/#comments\">1 comentariu<\/a><\/span><\/div>\n<\/div>\n<\/div>\n<\/div>\n<div class=\"smeta-extra\">\n<div class=\"t-shared-sec tooltips-n has-read-meta is-color\">\n<div class=\"t-shared-header is-meta\"><span class=\"share-label\">Share<\/span><\/div>\n<\/div>\n<div class=\"single-right-meta single-time-read is-meta\"><span class=\"meta-el meta-read\">5 Min Read<\/span><\/div>\n<\/div>\n<\/div>\n<\/header>\n<div class=\"grid-container\">\n<div class=\"s-ct\">\n<div class=\"s-feat-outer\">\n<div class=\"s-feat\">\n<div class=\"featured-lightbox-trigger\" data-source=\"https:\/\/ortodoxinfo.ro\/wp-content\/uploads\/2026\/07\/8053170-mediafax_foto-andreea_alexandru-scaled.jpg\" data-caption data-attribution><img fetchpriority=\"high\" decoding=\"async\" width=\"860\" height=\"573\" src=\"https:\/\/ortodoxinfo.ro\/wp-content\/uploads\/2026\/07\/8053170-mediafax_foto-andreea_alexandru-scaled-860x573.jpg\" class=\"attachment-foxiz_crop_o1 size-foxiz_crop_o1 wp-post-image\" alt loading=\"eager\"><\/div>\n<\/div>\n<\/div>\n<div class=\"s-ct-wrap has-lsl\">\n<div class=\"s-ct-inner\">\n<div class=\"l-shared-sec-outer show-mobile\">\n<div class=\"l-shared-sec\">\n<div class=\"l-shared-header meta-text\"><span class=\"share-label\">SHARE<\/span><\/div>\n<\/div>\n<\/div>\n<div class=\"e-ct-outer\">\n<div class=\"entry-top\">\n<div id=\"custom_html-3\" class=\"widget_text widget entry-widget clearfix widget_custom_html\">\n<div class=\"textwidget custom-html-widget\">\n<div><small><br \/>\n    OrtodoxINFO este supus unui sabotaj sistematic din partea reprezentan\u021bilor Google Rom\u00e2nia, at\u00e2t la afi\u0219\u0103ri c\u00e2t \u0219i \u00een rezultatele de c\u0103utare.<br \/>\n        Astfel c\u0103 veniturile din publicitate au sc\u0103zut de p\u00e2n\u0103 la <strong>10 ori<\/strong>. Situa\u021bia este similar\u0103 \u0219i pe Facebook.<\/p>\n<p>        V\u0103 invit\u0103m s\u0103 accesa\u021bi direct site-ul \u0219i s\u0103 v\u0103 abona\u021bi la notific\u0103ri.<\/p>\n<p>    Dac\u0103 dori\u021bi s\u0103 ne sus\u021bine\u021bi \u00een aceast\u0103 perioad\u0103 dificil\u0103, orice <a href=\"https:\/\/ortodoxinfo.ro\/donatii\/\">dona\u021bie<\/a> este binevenit\u0103.<br \/>\n    Dumnezeu s\u0103 v\u0103 r\u0103spl\u0103teasc\u0103!<br \/>\n<\/small><\/div>\n<\/div>\n<\/div>\n<\/div>\n<div class=\"entry-content rbct clearfix is-highlight-shares\">\n<div class=\"ruby-table-contents rbtoc table-left table-fw-single-col\">\n<div class=\"toc-header\"><span class=\"h3\">Sumar<\/span><\/div>\n<div class=\"toc-content h5\"><a href=\"https:\/\/ortodoxinfo.ro\/2026\/07\/10\/ce-s-a-ales-de-promisiunea-lui-bolojan-de-la-inceput-de-mandat-ca-va-salva-economia-a-preluat-o-tara-cu-o-prognoza-de-crestere-de-24-pentru-2026-iar-datele-oficiale-arata-acum-o-scadere-de-12-o\/#promisiuni-de-crestere-economica-la-inceput-de-mandat\" class=\"table-link no-link anchor-link\" data-index=\"rb-heading-index-0\">Promisiuni de cre\u0219tere economic\u0103 la \u00eenceput de mandat<\/a><a href=\"https:\/\/ortodoxinfo.ro\/2026\/07\/10\/ce-s-a-ales-de-promisiunea-lui-bolojan-de-la-inceput-de-mandat-ca-va-salva-economia-a-preluat-o-tara-cu-o-prognoza-de-crestere-de-24-pentru-2026-iar-datele-oficiale-arata-acum-o-scadere-de-12-o\/#prognoze-din-ce-in-ce-mai-proaste-dar-masurile-de-prabusire-a-consumului-au-fost-mentinute-de-ilie-bolojan\" class=\"table-link no-link anchor-link\" data-index=\"rb-heading-index-1\">Prognoze din ce \u00een ce mai proaste, dar m\u0103surile de pr\u0103bu\u0219ire a consumului au fost men\u021binute de Ilie Bolojan<\/a><a href=\"https:\/\/ortodoxinfo.ro\/2026\/07\/10\/ce-s-a-ales-de-promisiunea-lui-bolojan-de-la-inceput-de-mandat-ca-va-salva-economia-a-preluat-o-tara-cu-o-prognoza-de-crestere-de-24-pentru-2026-iar-datele-oficiale-arata-acum-o-scadere-de-12-o\/#de-la-crestere-la-prabusire-economica\" class=\"table-link no-link anchor-link\" data-index=\"rb-heading-index-2\">De la cre\u0219tere la pr\u0103bu\u0219ire economic\u0103<\/a><\/div>\n<\/div>\n<p id=\"p-0\">Guvernul Ilie Bolojan a pornit la drum, la mijlocul lui 2025, cu o promisiune de cre\u0219tere economic\u0103 de 2,4% \u00een 2026, conform datelor de la Comisia Na\u021bional\u0103 de Strategie \u0219i Prognoz\u0103 (CNSP). Cele mai recente cifre de la Institutul Na\u021bional de Statistic\u0103 (INS) arat\u0103, de fapt, o sc\u0103dere de -1,2%. Ratarea este, deci, de 3,6 puncte procentuale din PIB, care \u00eenseamn\u0103, \u00een lei, o pierdere de 72 de miliarde de lei, adic\u0103 peste 14 miliarde de euro.<\/p>\n<p id=\"p-1\">Trimestru de trimestru, datele CNSP au fost ajustate, pe m\u0103sur\u0103 ce guvernul Bolojan implementa cre\u0219terile de taxe \u0219i m\u0103surile de austeritate care au sufocat consumul. Cu toate acestea, guvernul Ilie Bolojan a continuat m\u0103surile de t\u0103ieri de venituri \u0219i de cre\u0219teri de taxe \u0219i rezultatul se reflect\u0103 \u00een pierderile de zeci de miliarde de lei din economia Rom\u00e2niei. Infla\u021bia, \u0219i ea venit\u0103 ca urmare a cre\u0219terii taxelor, a pus capac cu totul economiei \u0219i a aruncat \u00een aer puterea de cump\u0103rare a cet\u0103\u021benilor.<\/p>\n<p id=\"p-2\">\u201eInevitabil, va fi o lupt\u0103 serioas\u0103 s\u0103 reducem deficitele (\u2026) f\u0103r\u0103 s\u0103 sufere rom\u00e2nii foarte mult, f\u0103r\u0103 s\u0103 \u00eencetinim economia\u201d, spunea Ilie Bolojan pe 21 iunie 2025. \u0218i s-a \u021binut de cuv\u00e2nt. Economia nu a \u00eencetinit, ci s-a pr\u0103bu\u0219it.<\/p>\n<p>&lt;\/div id=\u201dpolls-6-loading\u201d class=\u201dwp-polls-loading\u201d&gt;\u00a0Loading \u2026<\/p>\n<h2 id=\"promisiuni-de-crestere-economica-la-inceput-de-mandat\" class=\"rb-heading-index-0\">Promisiuni de cre\u0219tere economic\u0103 la \u00eenceput de mandat<\/h2>\n<p id=\"p-9\">La mijlocul lui 2025, CNSP, organul guvernului pentru prognoze economice, pe care se bazeaz\u0103 inclusiv construc\u021bia bugetului anual al \u021b\u0103rii, prognoza un avans de 2,4% al economiei \u00een 2026.<\/p>\n<p id=\"p-11\">Ar fi urmat s\u0103 creasc\u0103 toate sectoarele economiei, de la industrie, la agricultur\u0103 sau servicii. \u0218i pe partea de utilizare ar fi urmat s\u0103 creasc\u0103 toate sectoarele: consum, investi\u021bii.<\/p>\n<p id=\"p-12\">De exemplu, industria ar fi urmat s\u0103 creasc\u0103 \u00een 2026 cu 1,4%, o cre\u0219tere mare dac\u0103 ne uit\u0103m la dezastrul industrial din ultimii 6 ani. De asemenea, agricultura ar fi urmat s\u0103 avanseze cu 3,1%.<\/p>\n<p id=\"p-13\">Consumul,\u00a0 care este coloana vertabral\u0103 a oric\u0103rei economii din lume, ar fi trebuit s\u0103 creasc\u0103 cu 2,5% \u0219i s\u0103 ajute economia s\u0103 \u021bin\u0103 capul la suprafa\u021b\u0103.<\/p>\n<h2 id=\"prognoze-din-ce-in-ce-mai-proaste-dar-masurile-de-prabusire-a-consumului-au-fost-mentinute-de-ilie-bolojan\" class=\"rb-heading-index-1\">Prognoze din ce \u00een ce mai proaste, dar m\u0103surile de pr\u0103bu\u0219ire a consumului au fost men\u021binute de Ilie Bolojan<\/h2>\n<p id=\"p-14\">Pesimismul guvernului Bolojan \u00een ceea ce prive\u0219te cre\u0219terea economic\u0103 a crescut constant, iar prognozele s-au \u00eenr\u0103ut\u0103\u021bit. De la o cre\u0219tere economic\u0103 prognozat\u0103 de 2,4% la \u00eenceput de mandat, ultima proognoz\u0103 a guvernului Bolojan este c\u0103 economia va avansa cu 0,1% \u00een 2026.<\/p>\n<div class=\"inline-single-ad ad_single_3_index alignfull\">\n<div class=\"ad-wrap ad-script-wrap\">\n<div class=\"ad-script non-adsense edge-padding\">\n<div>\n\u203c\ufe0f\u203c\ufe0f NU recunoa\u0219tem ca pre\u0219edinte al Rom\u00e2niei pe marioneta retard\u0103 Nicu\u0219or Dan! Rom\u00e2ni, boicota\u021bi aceast\u0103 f\u0103c\u0103tur\u0103, care ne face \u021bara de r\u00e2s! NU rom\u00e2nii l-au votat pe Nicusoro\u0219 &#8211; cu unele excep\u021bii de persoane infantile, manipulabile \u0219i chiar idioate &#8211; ci l-au ajutat Maia Soro\u0219, Emanuel Macrou \u0219i tr\u0103d\u0103torii de la B.E.C. \u0219i CCR!<br \/>\n La \u00eenchisoare cu cei care au fraudat alegerile!\n<\/div>\n<\/div>\n<\/div>\n<\/div>\n<p id=\"p-15\">Cu toate c\u0103, trimestru de trimestru, economia mergea din ce \u00een ce mai r\u0103u \u0219i prognozele se \u00eenr\u0103ut\u0103\u021beau, infla\u021bia a r\u0103mas la peste 10%, din cauza taxelor care au crescut, \u00een frunte cu TVA-ul. Concomitent, m\u0103surile de reducere a veniturilor popula\u021biei au lovit \u0219i mai tare \u00een puterea de cump\u0103rare, care, pe cale de consecin\u021b\u0103, au lovit consumul.<\/p>\n<h2 id=\"de-la-crestere-la-prabusire-economica\" class=\"rb-heading-index-2\">De la cre\u0219tere la pr\u0103bu\u0219ire economic\u0103<\/h2>\n<p id=\"p-18\">Nicio prognoz\u0103 serioas\u0103, ast\u0103zi, nu mai vede cre\u0219tere economic\u0103 \u00een Rom\u00e2nia. Dup\u0103 \u00eenc\u0103 un set de date-\u0219oc de la Institutul Na\u021bional de Statistic\u0103 (INS), lucrurile au devenit limpezi: economia Rom\u00e2niei, sub genrarea Bolojan, s-a pr\u0103bu\u0219it \u00een loc s\u0103 creasc\u0103, a\u0219a cum promitea executivul, \u00een termeni practici.<\/p>\n<p id=\"p-17\">&lt;\/div id=\u201dattachment_20948320\u2033 style=\u201dwidth: 793px\u201d class=\u201dwp-caption alignnone\u201d&gt;<\/p>\n<p id=\"p-19\" class=\"wp-caption-text\">Captur\u0103 comunicat INS 09.07.2026. Evolu\u021bia principalelor segmente economice \u00een Trimestrul I 2026 vs. Trimestrul I 2025.<\/p>\n<p id=\"p-21\">De exemplu, industria, care trebuia s\u0103 creasc\u0103 cu 1,4%, scade de fapt cu 0,2%. Agricultura, care trebuia s\u0103 se expandeze cu 3,1%, a stagnat. De fapt, to\u021bi indcatorii ar fi trebuit s\u0103 creasc\u0103, dar lucrurile s-au \u00eent\u00e2mplat exact pe dos. Nu este clar cine sau ce s-a c\u00e2\u0219tigat din toate m\u0103surile de austeritate \u0219i de cre\u0219teri de taxe, care au cauzat infla\u021bie, sc\u0103deri de venituri \u0219i criza economic\u0103.<\/p>\n<\/div>\n<\/div>\n<\/div>\n<div class=\"e-shared-sec entry-sec\">\n<div class=\"e-shared-header h4\"><span>Distribuie<\/span><\/div>\n<div class=\"rbbsl tooltips-n effect-fadeout is-bg\"><a class=\"share-action share-trigger icon-facebook\" aria-label=\"Share on Facebook\" href=\"https:\/\/www.facebook.com\/sharer.php?u=https%3A%2F%2Fortodoxinfo.ro%2F2026%2F07%2F10%2Fce-s-a-ales-de-promisiunea-lui-bolojan-de-la-inceput-de-mandat-ca-va-salva-economia-a-preluat-o-tara-cu-o-prognoza-de-crestere-de-24-pentru-2026-iar-datele-oficiale-arata-acum-o-scadere-de-12-o%2F\" data-title=\"Facebook\" rel=\"nofollow\"><span>Facebook<\/span><\/a><a class=\"share-action share-trigger icon-twitter\" aria-label=\"Share on X\" href=\"https:\/\/twitter.com\/intent\/tweet?text=Ce+s-a+ales+de+promisiunea+lui+Bolojan+de+la+%C3%AEnceput+de+mandat+c%C4%83+va+salva+economia.+A+preluat+o+%C8%9Bar%C4%83+cu+o+prognoz%C4%83+de+cre%C8%99tere+de+2%2C4%25+pentru+2026%2C+iar+datele+oficiale+arat%C4%83+acum+o+sc%C4%83dere+de+-1%2C2%25.+O+gaur%C4%83+de+peste+70+de+miliarde+de+lei&amp;url=https%3A%2F%2Fortodoxinfo.ro%2F2026%2F07%2F10%2Fce-s-a-ales-de-promisiunea-lui-bolojan-de-la-inceput-de-mandat-ca-va-salva-economia-a-preluat-o-tara-cu-o-prognoza-de-crestere-de-24-pentru-2026-iar-datele-oficiale-arata-acum-o-scadere-de-12-o%2F&amp;via=ortodoxinforo\" data-title=\"X\" rel=\"nofollow\"><span>X<\/span><\/a><a class=\"share-action icon-whatsapp is-web\" aria-label=\"Share on Whatsapp\" href=\"https:\/\/web.whatsapp.com\/send?text=Ce+s-a+ales+de+promisiunea+lui+Bolojan+de+la+%C3%AEnceput+de+mandat+c%C4%83+va+salva+economia.+A+preluat+o+%C8%9Bar%C4%83+cu+o+prognoz%C4%83+de+cre%C8%99tere+de+2%2C4%25+pentru+2026%2C+iar+datele+oficiale+arat%C4%83+acum+o+sc%C4%83dere+de+-1%2C2%25.+O+gaur%C4%83+de+peste+70+de+miliarde+de+lei%20%E2%98%9E%20https%3A%2F%2Fortodoxinfo.ro%2F2026%2F07%2F10%2Fce-s-a-ales-de-promisiunea-lui-bolojan-de-la-inceput-de-mandat-ca-va-salva-economia-a-preluat-o-tara-cu-o-prognoza-de-crestere-de-24-pentru-2026-iar-datele-oficiale-arata-acum-o-scadere-de-12-o%2F\" target=\"_blank\" data-title=\"WhatsApp\" rel=\"nofollow\"><span>Whatsapp<\/span><\/a><a class=\"share-action icon-whatsapp is-mobile\" aria-label=\"Share on Whatsapp\" href=\"\/\/send?text=Ce+s-a+ales+de+promisiunea+lui+Bolojan+de+la+%C3%AEnceput+de+mandat+c%C4%83+va+salva+economia.+A+preluat+o+%C8%9Bar%C4%83+cu+o+prognoz%C4%83+de+cre%C8%99tere+de+2%2C4%25+pentru+2026%2C+iar+datele+oficiale+arat%C4%83+acum+o+sc%C4%83dere+de+-1%2C2%25.+O+gaur%C4%83+de+peste+70+de+miliarde+de+lei%20%E2%98%9E%20https%3A%2F%2Fortodoxinfo.ro%2F2026%2F07%2F10%2Fce-s-a-ales-de-promisiunea-lui-bolojan-de-la-inceput-de-mandat-ca-va-salva-economia-a-preluat-o-tara-cu-o-prognoza-de-crestere-de-24-pentru-2026-iar-datele-oficiale-arata-acum-o-scadere-de-12-o%2F\" target=\"_blank\" data-title=\"WhatsApp\" rel=\"nofollow\"><span>Whatsapp<\/span><\/a><a class=\"share-action share-trigger icon-telegram\" aria-label=\"Share on Telegram\" href=\"https:\/\/t.me\/share\/?url=https%3A%2F%2Fortodoxinfo.ro%2F2026%2F07%2F10%2Fce-s-a-ales-de-promisiunea-lui-bolojan-de-la-inceput-de-mandat-ca-va-salva-economia-a-preluat-o-tara-cu-o-prognoza-de-crestere-de-24-pentru-2026-iar-datele-oficiale-arata-acum-o-scadere-de-12-o%2F&amp;text=Ce+s-a+ales+de+promisiunea+lui+Bolojan+de+la+%C3%AEnceput+de+mandat+c%C4%83+va+salva+economia.+A+preluat+o+%C8%9Bar%C4%83+cu+o+prognoz%C4%83+de+cre%C8%99tere+de+2%2C4%25+pentru+2026%2C+iar+datele+oficiale+arat%C4%83+acum+o+sc%C4%83dere+de+-1%2C2%25.+O+gaur%C4%83+de+peste+70+de+miliarde+de+lei\" data-title=\"Telegram\" rel=\"nofollow\"><span>Telegram<\/span><\/a><a class=\"share-action icon-copy copy-trigger\" aria-label=\"Copy Link\" href=\"https:\/\/ortodoxinfo.ro\/2026\/07\/10\/ce-s-a-ales-de-promisiunea-lui-bolojan-de-la-inceput-de-mandat-ca-va-salva-economia-a-preluat-o-tara-cu-o-prognoza-de-crestere-de-24-pentru-2026-iar-datele-oficiale-arata-acum-o-scadere-de-12-o\/\" data-copied=\"Copied!\" data-link=\"https:\/\/ortodoxinfo.ro\/2026\/07\/10\/ce-s-a-ales-de-promisiunea-lui-bolojan-de-la-inceput-de-mandat-ca-va-salva-economia-a-preluat-o-tara-cu-o-prognoza-de-crestere-de-24-pentru-2026-iar-datele-oficiale-arata-acum-o-scadere-de-12-o\/\" rel=\"nofollow\" data-copy=\"Copy Link\"><span>Copy Link<\/span><\/a><a class=\"share-action icon-print\" aria-label=\"Print\" rel=\"nofollow\" data-title=\"Print\"><span>Print<\/span><\/a><\/div>\n<\/div>\n<\/div>\n<div id=\"tabs\" class=\"dntplgn_form_wrapper\"><span><\/p>\n<h2>\u0218tirile sunt sub cenzur\u0103! Sprijini\u021bi OrtodoxINFO!<\/h2>\n<p>Guvernul nu dore\u0219te aflarea adev\u0103rului despre lovitura de stat \u0219i \u00eengenuncherea Rom\u00e2niei. \u00cencerc\u0103m s\u0103 men\u021binem viu acest site \u0219i s\u0103 v\u0103 punem la dispozi\u021bie informa\u021bii care s\u0103 fac\u0103 lumin\u0103 \u00een cea mai mare provocare pe care o tr\u0103im. Jurnalismul independent al portalului OrtodoxINFO func\u021bioneaz\u0103 strict cu ajutorul cititorilor.<br \/>\nNe pute\u021bi sprijini printr-o <b><a href=\"https:\/\/ortodoxinfo.ro\/donatii\/\">dona\u021bie bancar\u0103<\/a> sau prin PayPal, complet\u00e2nd formularul de mai jos.<\/b><\/span><\/p>\n<ul>\n<li><a href=\"https:\/\/ortodoxinfo.ro\/2026\/07\/10\/ce-s-a-ales-de-promisiunea-lui-bolojan-de-la-inceput-de-mandat-ca-va-salva-economia-a-preluat-o-tara-cu-o-prognoza-de-crestere-de-24-pentru-2026-iar-datele-oficiale-arata-acum-o-scadere-de-12-o\/#tabs-1\">Dona\u021bie lunar\u0103<\/a><\/li>\n<li><a href=\"https:\/\/ortodoxinfo.ro\/2026\/07\/10\/ce-s-a-ales-de-promisiunea-lui-bolojan-de-la-inceput-de-mandat-ca-va-salva-economia-a-preluat-o-tara-cu-o-prognoza-de-crestere-de-24-pentru-2026-iar-datele-oficiale-arata-acum-o-scadere-de-12-o\/#tabs-2\">Doar acum<\/a><\/li>\n<\/ul>\n<div id=\"tabs-1\"><img loading=\"lazy\" decoding=\"async\" alt border=\"0\" src=\"https:\/\/www.paypalobjects.com\/en_US\/i\/scr\/pixel.gif\" width=\"1\" height=\"1\"><\/div>\n<div id=\"tabs-2\">\n<p>\t\t     \u20ac<\/p>\n<p>\t\t    <img loading=\"lazy\" decoding=\"async\" alt border=\"0\" src=\"https:\/\/www.paypalobjects.com\/en_US\/i\/scr\/pixel.gif\" width=\"1\" height=\"1\"><\/div>\n<p>Mul\u021bumim celor care ne-au ajutat p\u00e2n\u0103 acum!\n\t<\/p><\/div>\n<div class=\"comment-box-wrap entry-sec\">\n<div class=\"comment-box-header\"><span class=\"h3\">1 comentariu<\/span><\/div>\n<div class=\"comment-holder\">\n<div id=\"comments\" class=\"comments-area\">\n<div class=\"rb-section\">\n<ul class=\"comment-list entry\">\n<li id=\"comment-250423\" class=\"comment even thread-even depth-1\">\n<article id=\"div-comment-250423\" class=\"comment-body\">\n<footer class=\"comment-meta\">\n<div class=\"comment-author vcard\"><img loading=\"lazy\" decoding=\"async\" alt src=\"https:\/\/secure.gravatar.com\/avatar\/132fd989bad4ee2d55aa9692aa73d0475d12ca598eaa976fcddf813d6586cb5e?s=100&amp;r=g\" class=\"avatar avatar-100 photo\" height=\"100\" width=\"100\"><b class=\"fn\">Magda<\/b><span class=\"says\">spune:<\/span><\/div>\n<div class=\"comment-metadata\"><a href=\"https:\/\/ortodoxinfo.ro\/2026\/07\/10\/ce-s-a-ales-de-promisiunea-lui-bolojan-de-la-inceput-de-mandat-ca-va-salva-economia-a-preluat-o-tara-cu-o-prognoza-de-crestere-de-24-pentru-2026-iar-datele-oficiale-arata-acum-o-scadere-de-12-o\/#comment-250423\"><time datetime=\"2026-07-10T16:40:02+03:00\">10 iulie 2026 la 16:40<\/time><\/a><\/div>\n<\/footer>\n<div class=\"comment-content\">\n<p>Industria noastr\u0103, economia noastr\u0103 sunt sublime, dar lipsesc cu des\u0103v\u00e2r\u0219ire. Agricultura noastr\u0103 hr\u0103ne\u0219te \u00eentreaga Europ\u0103, dar pe noi ne va \u00eenfometa, prognoza mincinoas\u0103 a guvernului p\u0103gubos v\u0103 va sufla \u00een fa\u021b\u0103 baloane de cl\u0103buci frumos colorate, care se vor sparge \u00een capu\u2019 p\u0103gub\u021bilor, contribuabililor, cet\u0103\u021benilor rom\u00e2ni, \u00een\u0219ela\u021bi, p\u0103gubi\u021bi, jefui\u021bi, teroriza\u021bi, prosti\u021bi, t\u00e2mpi\u021bi,<br \/>\nc\u0103s\u0103pi\u021bi d\u0103 35 d\u0103 ani d\u0103 partidele sistemului psdpnl usr udmr.<\/p>\n<\/div>\n<div class=\"reply\"><a rel=\"nofollow\" class=\"comment-reply-link\" href=\"https:\/\/ortodoxinfo.ro\/2026\/07\/10\/ce-s-a-ales-de-promisiunea-lui-bolojan-de-la-inceput-de-mandat-ca-va-salva-economia-a-preluat-o-tara-cu-o-prognoza-de-crestere-de-24-pentru-2026-iar-datele-oficiale-arata-acum-o-scadere-de-12-o\/#comment-250423\" data-commentid=\"250423\" data-postid=\"247253\" data-belowelement=\"div-comment-250423\" data-respondelement=\"respond\" data-replyto=\"R\u0103spunde-i lui Magda\" aria-label=\"R\u0103spunde-i lui Magda\">R\u0103spunde<\/a><\/div>\n<\/article>\n<\/li>\n<\/ul>\n<\/div>\n<div id=\"respond\" class=\"comment-respond\">\n<h3 id=\"reply-title\" class=\"comment-reply-title\">Las\u0103 un r\u0103spuns <small><a rel=\"nofollow\" id=\"cancel-comment-reply-link\" href=\"https:\/\/ortodoxinfo.ro\/2026\/07\/10\/ce-s-a-ales-de-promisiunea-lui-bolojan-de-la-inceput-de-mandat-ca-va-salva-economia-a-preluat-o-tara-cu-o-prognoza-de-crestere-de-24-pentru-2026-iar-datele-oficiale-arata-acum-o-scadere-de-12-o\/#respond\">Anuleaz\u0103 r\u0103spunsul<\/a><\/small><\/h3>\n<p class=\"comment-notes\"><span id=\"email-notes\">Adresa ta de email nu va fi publicat\u0103.<\/span><span class=\"required-field-message\">C\u00e2mpurile obligatorii sunt marcate cu <span class=\"required\">*<\/span><\/span><\/p>\n<\/div>\n<\/div>\n<\/div>\n<\/div>\n<\/div>\n<div class=\"sidebar-wrap single-sidebar\">\n<div class=\"sidebar-inner clearfix\">\n<div id=\"widget-post-2\" class=\"widget rb-section w-sidebar clearfix widget-post\">\n<div class=\"block-h widget-heading heading-layout-1\">\n<div class=\"heading-inner\">\n<h4 class=\"heading-title\"><span>Articole recente<\/span><\/h4>\n<\/div>\n<\/div>\n<div class=\"widget-p-listing\">\n<div class=\"p-wrap p-small p-list-small-2\" data-pid=\"247460\">\n<div class=\"feat-holder\">\n<div class=\"p-featured ratio-v1\"><a class=\"p-flink\" href=\"https:\/\/ortodoxinfo.ro\/2026\/07\/11\/trump-a-lasat-instructiuni-pentru-pentagon-in-situatia-in-care-ar-fi-asasinat-de-iran-sa-i-bombardati-cu-o-forta-cum-nu-s-a-mai-vazut\/\" title=\"Trump a l\u0103sat instruc\u021biuni pentru Pentagon, \u00een situa\u0163ia \u00een care ar fi asasinat de Iran. \u201eS\u0103-i bombarda\u021bi cu o for\u021b\u0103 cum nu s-a mai v\u0103zut\u201d\"><img decoding=\"async\" width=\"150\" height=\"150\" src=\"https:\/\/ortodoxinfo.ro\/wp-content\/uploads\/2026\/07\/Trump-1-2.webp-150x150.webp\" class=\"featured-img wp-post-image\" alt loading=\"lazy\"><\/a><\/div>\n<\/div>\n<div class=\"p-content\">\n<h5 class=\"entry-title\"><a class=\"p-url\" href=\"https:\/\/ortodoxinfo.ro\/2026\/07\/11\/trump-a-lasat-instructiuni-pentru-pentagon-in-situatia-in-care-ar-fi-asasinat-de-iran-sa-i-bombardati-cu-o-forta-cum-nu-s-a-mai-vazut\/\" rel=\"bookmark\">Trump a l\u0103sat instruc\u021biuni pentru Pentagon, \u00een situa\u0163ia \u00een care ar fi asasinat de Iran. \u201eS\u0103-i bombarda\u021bi cu o for\u021b\u0103 cum nu s-a mai v\u0103zut\u201d<\/a><\/h5>\n<div class=\"p-meta\">\n<div class=\"meta-inner is-meta\"><span class=\"meta-el meta-date\"><time datetime=\"2026-07-11T11:30:04+03:00\">11 iulie 2026<\/time><\/span><span class=\"meta-el meta-category meta-bold\"><a class=\"meta-separate category-20293\" href=\"https:\/\/ortodoxinfo.ro\/category\/anti-sistem\/al-iii-lea-razboi-mondial\/iran\/\">IRAN<\/a><\/span><span class=\"meta-el meta-view\">4.1k vizualiz\u0103ri\t\t<\/span><\/div>\n<\/div>\n<\/div>\n<\/div>\n<div class=\"p-wrap p-small p-list-small-2\" data-pid=\"247405\">\n<div class=\"feat-holder\">\n<div class=\"p-featured ratio-v1\"><a class=\"p-flink\" href=\"https:\/\/ortodoxinfo.ro\/2026\/07\/11\/parlamentul-european-a-validat-proiectul-euro-digital-o-noua-amenintare-la-adresa-libertatii-individuale\/\" title=\"Parlamentul European a validat proiectul euro digital, o nou\u0103 amenin\u021bare la adresa libert\u0103\u021bii individuale\"><img decoding=\"async\" width=\"150\" height=\"150\" src=\"https:\/\/ortodoxinfo.ro\/wp-content\/uploads\/2026\/07\/parlamentul-european-a-validat-proiectul-euro-digital-o-noua-amenintare-la-adresa-libertatii-individ-150x150.jpeg\" class=\"featured-img wp-post-image\" alt loading=\"lazy\"><\/a><\/div>\n<\/div>\n<div class=\"p-content\">\n<h5 class=\"entry-title\"><a class=\"p-url\" href=\"https:\/\/ortodoxinfo.ro\/2026\/07\/11\/parlamentul-european-a-validat-proiectul-euro-digital-o-noua-amenintare-la-adresa-libertatii-individuale\/\" rel=\"bookmark\">Parlamentul European a validat proiectul euro digital, o nou\u0103 amenin\u021bare la adresa libert\u0103\u021bii individuale<\/a><\/h5>\n<div class=\"p-meta\">\n<div class=\"meta-inner is-meta\"><span class=\"meta-el meta-date\"><time datetime=\"2026-07-11T09:33:48+03:00\">11 iulie 2026<\/time><\/span><span class=\"meta-el meta-category meta-bold\"><a class=\"meta-separate category-1981\" href=\"https:\/\/ortodoxinfo.ro\/category\/anti-sistem\/disparitia-banilor-cash\/\">Disparitia banilor cash<\/a><\/span><span class=\"meta-el meta-view\">4.8k vizualiz\u0103ri\t\t<\/span><\/div>\n<\/div>\n<\/div>\n<\/div>\n<div class=\"p-wrap p-small p-list-small-2\" data-pid=\"247242\">\n<div class=\"feat-holder\">\n<div class=\"p-featured ratio-v1\"><a class=\"p-flink\" href=\"https:\/\/ortodoxinfo.ro\/2026\/07\/10\/guvernul-demis-bolojan-vrea-ca-banii-din-pensii-private-sa-finanteze-industria-de-armament-avertismentul-asf-sumele-ar-putea-ajunge-la-alte-tari\/\" title=\"Guvernul demis Bolojan vrea ca banii din pensii private s\u0103 finan\u021beze industria de armament. Avertismentul ASF: Sumele ar putea ajunge la alte \u021b\u0103ri\"><img decoding=\"async\" width=\"150\" height=\"150\" src=\"https:\/\/ortodoxinfo.ro\/wp-content\/uploads\/2026\/07\/befunky-collage-20-150x150.jpg\" class=\"featured-img wp-post-image\" alt loading=\"lazy\"><\/a><\/div>\n<\/div>\n<div class=\"p-content\">\n<h5 class=\"entry-title\"><a class=\"p-url\" href=\"https:\/\/ortodoxinfo.ro\/2026\/07\/10\/guvernul-demis-bolojan-vrea-ca-banii-din-pensii-private-sa-finanteze-industria-de-armament-avertismentul-asf-sumele-ar-putea-ajunge-la-alte-tari\/\" rel=\"bookmark\">Guvernul demis Bolojan vrea ca banii din pensii private s\u0103 finan\u021beze industria de armament. Avertismentul ASF: Sumele ar putea ajunge la alte \u021b\u0103ri<\/a><\/h5>\n<div class=\"p-meta\">\n<div class=\"meta-inner is-meta\"><span class=\"meta-el meta-date\"><time datetime=\"2026-07-10T12:32:27+03:00\">10 iulie 2026<\/time><\/span><span class=\"meta-el meta-category meta-bold\"><a class=\"meta-separate category-19885\" href=\"https:\/\/ortodoxinfo.ro\/category\/anti-sistem\/anti-romanism\/asasinii-tarii\/\">Asasinii \u021b\u0103rii<\/a><\/span><span class=\"meta-el meta-view\">7.7k vizualiz\u0103ri\t\t<\/span><\/div>\n<\/div>\n<\/div>\n<\/div>\n<div class=\"p-wrap p-small p-list-small-2\" data-pid=\"247209\">\n<div class=\"feat-holder\">\n<div class=\"p-featured ratio-v1\"><a class=\"p-flink\" href=\"https:\/\/ortodoxinfo.ro\/2026\/07\/10\/botii-lui-bolojan-au-manipulat-sondajele-gandul-suspiciuni-despre-o-campanie-digitala-organizata\/\" title=\"Bo\u021bii lui Bolojan au manipulat sondajele G\u00e2ndul: suspiciuni despre o campanie digital\u0103 organizat\u0103\"><img decoding=\"async\" width=\"150\" height=\"150\" src=\"https:\/\/ortodoxinfo.ro\/wp-content\/uploads\/2026\/07\/bolojan-si-sondajele-gandul-suspiciuni-despre-o-neurocontent-150x150.jpg\" class=\"featured-img wp-post-image\" alt loading=\"lazy\"><\/a><\/div>\n<\/div>\n<div class=\"p-content\">\n<h5 class=\"entry-title\"><a class=\"p-url\" href=\"https:\/\/ortodoxinfo.ro\/2026\/07\/10\/botii-lui-bolojan-au-manipulat-sondajele-gandul-suspiciuni-despre-o-campanie-digitala-organizata\/\" rel=\"bookmark\">Bo\u021bii lui Bolojan au manipulat sondajele G\u00e2ndul: suspiciuni despre o campanie digital\u0103 organizat\u0103<\/a><\/h5>\n<div class=\"p-meta\">\n<div class=\"meta-inner is-meta\"><span class=\"meta-el meta-date\"><time datetime=\"2026-07-10T12:29:25+03:00\">10 iulie 2026<\/time><\/span><span class=\"meta-el meta-category meta-bold\"><a class=\"meta-separate category-17748\" href=\"https:\/\/ortodoxinfo.ro\/category\/anti-sistem\/globalizare\/neo-marxism\/\">Neo-marxism<\/a><\/span><span class=\"meta-el meta-view\">5.1k vizualiz\u0103ri\t\t<\/span><\/div>\n<\/div>\n<\/div>\n<\/div>\n<\/div>\n<\/div>\n<div id=\"custom_html-2\" class=\"widget_text widget rb-section w-sidebar clearfix widget_custom_html\">\n<div class=\"block-h widget-heading heading-layout-1\">\n<div class=\"heading-inner\">\n<h4 class=\"heading-title\"><span>DONA\u021aII \u00een cont bancar<\/span><\/h4>\n<\/div>\n<\/div>\n<div class=\"textwidget custom-html-widget\">\n<table class=\"donatii\">\n<tbody>\n<tr>\n<th colspan=\"2\"><strong><span>Asicia\u021bia SMI-B<\/span><\/strong><\/th>\n<\/tr>\n<tr>\n<th>Cont LEI<\/th>\n<td>RO67CECEB00030RON2081955<\/td>\n<\/tr>\n<tr>\n<th>Cont EURO<\/th>\n<td>RO33CECEB000C1EUR2081978<\/td>\n<\/tr>\n<tr>\n<th>Cod SWIFT<\/th>\n<td>CECEROBU<\/td>\n<\/tr>\n<tr>\n<th colspan=\"2\"><strong>CEC BANK SA<\/strong><\/th>\n<\/tr>\n<\/tbody>\n<\/table>\n<\/div>\n<\/div>\n<\/div>\n<\/div>\n<\/div>\n<\/article>\n<div class=\"entry-content rbct clearfix is-highlight-shares\">\n<div class=\"ruby-table-contents rbtoc table-left table-fw-single-col\">\n<div class=\"toc-header\"><span class=\"h3\">Sumar<\/span><\/div>\n<div class=\"toc-content h5\"><a href=\"https:\/\/ortodoxinfo.ro\/2026\/07\/10\/ce-s-a-ales-de-promisiunea-lui-bolojan-de-la-inceput-de-mandat-ca-va-salva-economia-a-preluat-o-tara-cu-o-prognoza-de-crestere-de-24-pentru-2026-iar-datele-oficiale-arata-acum-o-scadere-de-12-o\/#promisiuni-de-crestere-economica-la-inceput-de-mandat\" class=\"table-link no-link anchor-link\" data-index=\"rb-heading-index-0\">Promisiuni de cre\u0219tere economic\u0103 la \u00eenceput de mandat<\/a><a href=\"https:\/\/ortodoxinfo.ro\/2026\/07\/10\/ce-s-a-ales-de-promisiunea-lui-bolojan-de-la-inceput-de-mandat-ca-va-salva-economia-a-preluat-o-tara-cu-o-prognoza-de-crestere-de-24-pentru-2026-iar-datele-oficiale-arata-acum-o-scadere-de-12-o\/#prognoze-din-ce-in-ce-mai-proaste-dar-masurile-de-prabusire-a-consumului-au-fost-mentinute-de-ilie-bolojan\" class=\"table-link no-link anchor-link\" data-index=\"rb-heading-index-1\">Prognoze din ce \u00een ce mai proaste, dar m\u0103surile de pr\u0103bu\u0219ire a consumului au fost men\u021binute de Ilie Bolojan<\/a><a href=\"https:\/\/ortodoxinfo.ro\/2026\/07\/10\/ce-s-a-ales-de-promisiunea-lui-bolojan-de-la-inceput-de-mandat-ca-va-salva-economia-a-preluat-o-tara-cu-o-prognoza-de-crestere-de-24-pentru-2026-iar-datele-oficiale-arata-acum-o-scadere-de-12-o\/#de-la-crestere-la-prabusire-economica\" class=\"table-link no-link anchor-link\" data-index=\"rb-heading-index-2\">De la cre\u0219tere la pr\u0103bu\u0219ire economic\u0103<\/a><\/div>\n<\/div>\n<p id=\"p-0\">Guvernul Ilie Bolojan a pornit la drum, la mijlocul lui 2025, cu o promisiune de cre\u0219tere economic\u0103 de 2,4% \u00een 2026, conform datelor de la Comisia Na\u021bional\u0103 de Strategie \u0219i Prognoz\u0103 (CNSP). Cele mai recente cifre de la Institutul Na\u021bional de Statistic\u0103 (INS) arat\u0103, de fapt, o sc\u0103dere de -1,2%. Ratarea este, deci, de 3,6 puncte procentuale din PIB, care \u00eenseamn\u0103, \u00een lei, o pierdere de 72 de miliarde de lei, adic\u0103 peste 14 miliarde de euro.<\/p>\n<p id=\"p-1\">Trimestru de trimestru, datele CNSP au fost ajustate, pe m\u0103sur\u0103 ce guvernul Bolojan implementa cre\u0219terile de taxe \u0219i m\u0103surile de austeritate care au sufocat consumul. Cu toate acestea, guvernul Ilie Bolojan a continuat m\u0103surile de t\u0103ieri de venituri \u0219i de cre\u0219teri de taxe \u0219i rezultatul se reflect\u0103 \u00een pierderile de zeci de miliarde de lei din economia Rom\u00e2niei. Infla\u021bia, \u0219i ea venit\u0103 ca urmare a cre\u0219terii taxelor, a pus capac cu totul economiei \u0219i a aruncat \u00een aer puterea de cump\u0103rare a cet\u0103\u021benilor.<\/p>\n<p id=\"p-2\">\u201eInevitabil, va fi o lupt\u0103 serioas\u0103 s\u0103 reducem deficitele (\u2026) f\u0103r\u0103 s\u0103 sufere rom\u00e2nii foarte mult, f\u0103r\u0103 s\u0103 \u00eencetinim economia\u201d, spunea Ilie Bolojan pe 21 iunie 2025. \u0218i s-a \u021binut de cuv\u00e2nt. Economia nu a \u00eencetinit, ci s-a pr\u0103bu\u0219it.<\/p>\n<p>&lt;\/div id=\u201dpolls-6-loading\u201d class=\u201dwp-polls-loading\u201d&gt;\u00a0Loading \u2026<\/p>\n<h2 id=\"promisiuni-de-crestere-economica-la-inceput-de-mandat\" class=\"rb-heading-index-0\">Promisiuni de cre\u0219tere economic\u0103 la \u00eenceput de mandat<\/h2>\n<p id=\"p-9\">La mijlocul lui 2025, CNSP, organul guvernului pentru prognoze economice, pe care se bazeaz\u0103 inclusiv construc\u021bia bugetului anual al \u021b\u0103rii, prognoza un avans de 2,4% al economiei \u00een 2026.<\/p>\n<p id=\"p-11\">Ar fi urmat s\u0103 creasc\u0103 toate sectoarele economiei, de la industrie, la agricultur\u0103 sau servicii. \u0218i pe partea de utilizare ar fi urmat s\u0103 creasc\u0103 toate sectoarele: consum, investi\u021bii.<\/p>\n<p id=\"p-12\">De exemplu, industria ar fi urmat s\u0103 creasc\u0103 \u00een 2026 cu 1,4%, o cre\u0219tere mare dac\u0103 ne uit\u0103m la dezastrul industrial din ultimii 6 ani. De asemenea, agricultura ar fi urmat s\u0103 avanseze cu 3,1%.<\/p>\n<p id=\"p-13\">Consumul,\u00a0 care este coloana vertabral\u0103 a oric\u0103rei economii din lume, ar fi trebuit s\u0103 creasc\u0103 cu 2,5% \u0219i s\u0103 ajute economia s\u0103 \u021bin\u0103 capul la suprafa\u021b\u0103.<\/p>\n<h2 id=\"prognoze-din-ce-in-ce-mai-proaste-dar-masurile-de-prabusire-a-consumului-au-fost-mentinute-de-ilie-bolojan\" class=\"rb-heading-index-1\">Prognoze din ce \u00een ce mai proaste, dar m\u0103surile de pr\u0103bu\u0219ire a consumului au fost men\u021binute de Ilie Bolojan<\/h2>\n<p id=\"p-14\">Pesimismul guvernului Bolojan \u00een ceea ce prive\u0219te cre\u0219terea economic\u0103 a crescut constant, iar prognozele s-au \u00eenr\u0103ut\u0103\u021bit. De la o cre\u0219tere economic\u0103 prognozat\u0103 de 2,4% la \u00eenceput de mandat, ultima proognoz\u0103 a guvernului Bolojan este c\u0103 economia va avansa cu 0,1% \u00een 2026.<\/p>\n<div class=\"inline-single-ad ad_single_3_index alignfull\">\n<div class=\"ad-wrap ad-script-wrap\">\n<div class=\"ad-script non-adsense edge-padding\">\n<div>\n\u203c\ufe0f\u203c\ufe0f NU recunoa\u0219tem ca pre\u0219edinte al Rom\u00e2niei pe marioneta retard\u0103 Nicu\u0219or Dan! Rom\u00e2ni, boicota\u021bi aceast\u0103 f\u0103c\u0103tur\u0103, care ne face \u021bara de r\u00e2s! NU rom\u00e2nii l-au votat pe Nicusoro\u0219 &#8211; cu unele excep\u021bii de persoane infantile, manipulabile \u0219i chiar idioate &#8211; ci l-au ajutat Maia Soro\u0219, Emanuel Macrou \u0219i tr\u0103d\u0103torii de la B.E.C. \u0219i CCR!<br \/>\n La \u00eenchisoare cu cei care au fraudat alegerile!\n<\/div>\n<\/div>\n<\/div>\n<\/div>\n<p id=\"p-15\">Cu toate c\u0103, trimestru de trimestru, economia mergea din ce \u00een ce mai r\u0103u \u0219i prognozele se \u00eenr\u0103ut\u0103\u021beau, infla\u021bia a r\u0103mas la peste 10%, din cauza taxelor care au crescut, \u00een frunte cu TVA-ul. Concomitent, m\u0103surile de reducere a veniturilor popula\u021biei au lovit \u0219i mai tare \u00een puterea de cump\u0103rare, care, pe cale de consecin\u021b\u0103, au lovit consumul.<\/p>\n<h2 id=\"de-la-crestere-la-prabusire-economica\" class=\"rb-heading-index-2\">De la cre\u0219tere la pr\u0103bu\u0219ire economic\u0103<\/h2>\n<p id=\"p-18\">Nicio prognoz\u0103 serioas\u0103, ast\u0103zi, nu mai vede cre\u0219tere economic\u0103 \u00een Rom\u00e2nia. Dup\u0103 \u00eenc\u0103 un set de date-\u0219oc de la Institutul Na\u021bional de Statistic\u0103 (INS), lucrurile au devenit limpezi: economia Rom\u00e2niei, sub genrarea Bolojan, s-a pr\u0103bu\u0219it \u00een loc s\u0103 creasc\u0103, a\u0219a cum promitea executivul, \u00een termeni practici.<\/p>\n<p id=\"p-17\">&lt;\/div id=\u201dattachment_20948320\u2033 style=\u201dwidth: 793px\u201d class=\u201dwp-caption alignnone\u201d&gt;<\/p>\n<p id=\"p-19\" class=\"wp-caption-text\">Captur\u0103 comunicat INS 09.07.2026. Evolu\u021bia principalelor segmente economice \u00een Trimestrul I 2026 vs. Trimestrul I 2025.<\/p>\n<p id=\"p-21\">De exemplu, industria, care trebuia s\u0103 creasc\u0103 cu 1,4%, scade de fapt cu 0,2%. Agricultura, care trebuia s\u0103 se expandeze cu 3,1%, a stagnat. De fapt, to\u021bi indcatorii ar fi trebuit s\u0103 creasc\u0103, dar lucrurile s-au \u00eent\u00e2mplat exact pe dos. Nu este clar cine sau ce s-a c\u00e2\u0219tigat din toate m\u0103surile de austeritate \u0219i de cre\u0219teri de taxe, care au cauzat infla\u021bie, sc\u0103deri de venituri \u0219i criza economic\u0103.<\/p>\n<\/div>\n<p>[analyse_source url=&#8221;https:\/\/ortodoxinfo.ro\/2026\/07\/10\/ce-s-a-ales-de-promisiunea-lui-bolojan-de-la-inceput-de-mandat-ca-va-salva-economia-a-preluat-o-tara-cu-o-prognoza-de-crestere-de-24-pentru-2026-iar-datele-oficiale-arata-acum-o-scadere-de-12-o\/&#8221;]<\/p>\n","protected":false},"excerpt":{"rendered":"<p>[analyse_image type=&#8221;featured&#8221; src=&#8221;https:\/\/ortodoxinfo.ro\/wp-content\/uploads\/2026\/07\/8053170-mediafax_foto-andreea_alexandru-scaled.jpghttps:\/\/ortodoxinfo.ro\/wp-content\/uploads\/2026\/07\/8053170-mediafax_foto-andreea_alexandru-scaled.jpg&#8221;] Prima pagin\u0103 \u00bb Blog \u00bb Ce s-a ales de promisiunea lui Bolojan de la \u00eenceput de mandat c\u0103 va salva economia. A preluat o \u021bar\u0103 cu o prognoz\u0103 de cre\u0219tere de 2,4% pentru 2026, iar datele oficiale arat\u0103 acum o sc\u0103dere de -1,2%. O gaur\u0103 de peste 70 de miliarde de lei [&hellip;]<\/p>\n","protected":false},"author":1,"featured_media":0,"comment_status":"open","ping_status":"","sticky":false,"template":"","format":"standard","meta":{"footnotes":""},"categories":[89],"tags":[226,94],"class_list":["post-2038581","post","type-post","status-publish","format-standard","hentry","category-romania","tag-crawlmanager","tag-ortodoxinfo-ro"],"_links":{"self":[{"href":"https:\/\/analyse.optim.biz\/index.php?rest_route=\/wp\/v2\/posts\/2038581","targetHints":{"allow":["GET"]}}],"collection":[{"href":"https:\/\/analyse.optim.biz\/index.php?rest_route=\/wp\/v2\/posts"}],"about":[{"href":"https:\/\/analyse.optim.biz\/index.php?rest_route=\/wp\/v2\/types\/post"}],"author":[{"embeddable":true,"href":"https:\/\/analyse.optim.biz\/index.php?rest_route=\/wp\/v2\/users\/1"}],"replies":[{"embeddable":true,"href":"https:\/\/analyse.optim.biz\/index.php?rest_route=%2Fwp%2Fv2%2Fcomments&post=2038581"}],"version-history":[{"count":0,"href":"https:\/\/analyse.optim.biz\/index.php?rest_route=\/wp\/v2\/posts\/2038581\/revisions"}],"wp:attachment":[{"href":"https:\/\/analyse.optim.biz\/index.php?rest_route=%2Fwp%2Fv2%2Fmedia&parent=2038581"}],"wp:term":[{"taxonomy":"category","embeddable":true,"href":"https:\/\/analyse.optim.biz\/index.php?rest_route=%2Fwp%2Fv2%2Fcategories&post=2038581"},{"taxonomy":"post_tag","embeddable":true,"href":"https:\/\/analyse.optim.biz\/index.php?rest_route=%2Fwp%2Fv2%2Ftags&post=2038581"}],"curies":[{"name":"wp","href":"https:\/\/api.w.org\/{rel}","templated":true}]}}