{"id":2038579,"date":"2026-07-10T09:51:57","date_gmt":"2026-07-10T06:51:57","guid":{"rendered":"https:\/\/analyse.optim.biz\/?p=2038579"},"modified":"2026-07-10T09:51:57","modified_gmt":"2026-07-10T06:51:57","slug":"guvernul-demis-bolojan-vrea-ca-banii-din-pensii-private-sa-finanteze-industria-de-armament-avertismentul-asf-sumele-ar-putea-ajunge-la-alte-tari","status":"publish","type":"post","link":"https:\/\/analyse.optim.biz\/?p=2038579","title":{"rendered":"Guvernul demis Bolojan vrea ca banii din pensii private s\u0103 finan\u021beze industria de armament. Avertismentul ASF: Sumele ar putea ajunge la alte \u021b\u0103ri"},"content":{"rendered":"<p>[analyse_image type=&#8221;featured&#8221; src=&#8221;https:\/\/ortodoxinfo.ro\/wp-content\/uploads\/2026\/07\/befunky-collage-20.jpghttps:\/\/ortodoxinfo.ro\/wp-content\/uploads\/2026\/07\/befunky-collage-20.jpg&#8221;]<\/p>\n<article id=\"post-247242\" class=\"post-247242 post type-post status-publish format-standard has-post-thumbnail category-asasinii-tarii\">\n<header class=\"single-header\">\n<aside class=\"breadcrumb-wrap breadcrumb-yoast s-breadcrumb\">\n<div class=\"breadcrumb-inner\"><span><span><a href=\"https:\/\/ortodoxinfo.ro\/\">Prima pagin\u0103<\/a><\/span> \u00bb <span><a href=\"https:\/\/ortodoxinfo.ro\/blog\/\">Blog<\/a><\/span> \u00bb <span class=\"breadcrumb_last\" aria-current=\"page\">Guvernul demis Bolojan vrea ca banii din pensii private s\u0103 finan\u021beze industria de armament. Avertismentul ASF: Sumele ar putea ajunge la alte \u021b\u0103ri<\/span><\/span><\/div>\n<\/aside>\n<h1 class=\"s-title fw-headline\">Guvernul demis Bolojan vrea ca banii din pensii private s\u0103 finan\u021beze industria de armament. Avertismentul ASF: Sumele ar putea ajunge la alte \u021b\u0103ri<\/h1>\n<div class=\"single-meta meta-s-default yes-0\">\n<div class=\"smeta-in\"><a class=\"meta-el meta-avatar\" href=\"https:\/\/ortodoxinfo.ro\/author\/redactor\/\"><img loading=\"lazy\" decoding=\"async\" alt=\"OrtodoxINFO\" src=\"https:\/\/secure.gravatar.com\/avatar\/21010332354a182ce4de6016685c5586f21c51866d0ec5bc8ef383240b3c3e02?s=120&amp;r=g\" class=\"avatar avatar-120 photo\" height=\"120\" width=\"120\"><\/a><\/p>\n<div class=\"smeta-sec\">\n<div class=\"p-meta\">\n<div class=\"meta-inner is-meta\"><span class=\"meta-el meta-date\"><time datetime=\"2026-07-10T12:32:27+03:00\">10 iulie 2026<\/time><\/span><span class=\"meta-el meta-category meta-bold\"><a class=\"meta-separate category-19885\" href=\"https:\/\/ortodoxinfo.ro\/category\/anti-sistem\/anti-romanism\/asasinii-tarii\/\">Asasinii \u021b\u0103rii<\/a><\/span><span class=\"meta-el meta-view\">7.7k vizualiz\u0103ri\t\t<\/span><span class=\"meta-el meta-comment mobile-last-meta tablet-last-meta\"><a href=\"https:\/\/ortodoxinfo.ro\/2026\/07\/10\/guvernul-demis-bolojan-vrea-ca-banii-din-pensii-private-sa-finanteze-industria-de-armament-avertismentul-asf-sumele-ar-putea-ajunge-la-alte-tari\/#respond\">Comentarii<\/a><\/span><\/div>\n<\/div>\n<\/div>\n<\/div>\n<div class=\"smeta-extra\">\n<div class=\"t-shared-sec tooltips-n has-read-meta is-color\">\n<div class=\"t-shared-header is-meta\"><span class=\"share-label\">Share<\/span><\/div>\n<\/div>\n<div class=\"single-right-meta single-time-read is-meta\"><span class=\"meta-el meta-read\">9 Min Read<\/span><\/div>\n<\/div>\n<\/div>\n<\/header>\n<div class=\"grid-container\">\n<div class=\"s-ct\">\n<div class=\"s-feat-outer\">\n<div class=\"s-feat\">\n<div class=\"featured-lightbox-trigger\" data-source=\"https:\/\/ortodoxinfo.ro\/wp-content\/uploads\/2026\/07\/befunky-collage-20.jpg\" data-caption data-attribution><img fetchpriority=\"high\" decoding=\"async\" width=\"860\" height=\"449\" src=\"https:\/\/ortodoxinfo.ro\/wp-content\/uploads\/2026\/07\/befunky-collage-20-860x449.jpg\" class=\"attachment-foxiz_crop_o1 size-foxiz_crop_o1 wp-post-image\" alt loading=\"eager\"><\/div>\n<\/div>\n<\/div>\n<div class=\"s-ct-wrap has-lsl\">\n<div class=\"s-ct-inner\">\n<div class=\"l-shared-sec-outer show-mobile\">\n<div class=\"l-shared-sec\">\n<div class=\"l-shared-header meta-text\"><span class=\"share-label\">SHARE<\/span><\/div>\n<\/div>\n<\/div>\n<div class=\"e-ct-outer\">\n<div class=\"entry-top\">\n<div id=\"custom_html-3\" class=\"widget_text widget entry-widget clearfix widget_custom_html\">\n<div class=\"textwidget custom-html-widget\">\n<div><small><br \/>\n    OrtodoxINFO este supus unui sabotaj sistematic din partea reprezentan\u021bilor Google Rom\u00e2nia, at\u00e2t la afi\u0219\u0103ri c\u00e2t \u0219i \u00een rezultatele de c\u0103utare.<br \/>\n        Astfel c\u0103 veniturile din publicitate au sc\u0103zut de p\u00e2n\u0103 la <strong>10 ori<\/strong>. Situa\u021bia este similar\u0103 \u0219i pe Facebook.<\/p>\n<p>        V\u0103 invit\u0103m s\u0103 accesa\u021bi direct site-ul \u0219i s\u0103 v\u0103 abona\u021bi la notific\u0103ri.<\/p>\n<p>    Dac\u0103 dori\u021bi s\u0103 ne sus\u021bine\u021bi \u00een aceast\u0103 perioad\u0103 dificil\u0103, orice <a href=\"https:\/\/ortodoxinfo.ro\/donatii\/\">dona\u021bie<\/a> este binevenit\u0103.<br \/>\n    Dumnezeu s\u0103 v\u0103 r\u0103spl\u0103teasc\u0103!<br \/>\n<\/small><\/div>\n<\/div>\n<\/div>\n<\/div>\n<div class=\"entry-content rbct clearfix is-highlight-shares\">\n<div class=\"ruby-table-contents rbtoc table-left table-fw-single-col\">\n<div class=\"toc-header\"><span class=\"h3\">Sumar<\/span><\/div>\n<div class=\"toc-content h5\"><a href=\"https:\/\/ortodoxinfo.ro\/2026\/07\/10\/guvernul-demis-bolojan-vrea-ca-banii-din-pensii-private-sa-finanteze-industria-de-armament-avertismentul-asf-sumele-ar-putea-ajunge-la-alte-tari\/#guvernul-demis-vrea-adoptarea-proiectului\" class=\"table-link no-link anchor-link\" data-index=\"rb-heading-index-0\">Guvernul demis vrea adoptarea proiectului<\/a><a href=\"https:\/\/ortodoxinfo.ro\/2026\/07\/10\/guvernul-demis-bolojan-vrea-ca-banii-din-pensii-private-sa-finanteze-industria-de-armament-avertismentul-asf-sumele-ar-putea-ajunge-la-alte-tari\/#asf-fondurile-de-pensii-au-o-functie-sociala-nu-militara\" class=\"table-link no-link anchor-link\" data-index=\"rb-heading-index-1\">ASF: Fondurile de pensii au o func\u021bie social\u0103, nu militar\u0103<\/a><a href=\"https:\/\/ortodoxinfo.ro\/2026\/07\/10\/guvernul-demis-bolojan-vrea-ca-banii-din-pensii-private-sa-finanteze-industria-de-armament-avertismentul-asf-sumele-ar-putea-ajunge-la-alte-tari\/#pensionarii-beneficiari-ai-pilonului-ii-nu-pot-refuza-asemenea-investitii\" class=\"table-link no-link anchor-link\" data-index=\"rb-heading-index-2\">Pensionarii beneficiari ai Pilonului II nu pot refuza asemenea investi\u021bii<\/a><a href=\"https:\/\/ortodoxinfo.ro\/2026\/07\/10\/guvernul-demis-bolojan-vrea-ca-banii-din-pensii-private-sa-finanteze-industria-de-armament-avertismentul-asf-sumele-ar-putea-ajunge-la-alte-tari\/#doar-trei-companii-de-la-bursa-de-valori-bucuresti-ar-fi-eligibile\" class=\"table-link no-link anchor-link\" data-index=\"rb-heading-index-3\">Doar trei companii de la Bursa de Valori Bucure\u0219ti ar fi eligibile<\/a><a href=\"https:\/\/ortodoxinfo.ro\/2026\/07\/10\/guvernul-demis-bolojan-vrea-ca-banii-din-pensii-private-sa-finanteze-industria-de-armament-avertismentul-asf-sumele-ar-putea-ajunge-la-alte-tari\/#asf-cere-implicarea-csat\" class=\"table-link no-link anchor-link\" data-index=\"rb-heading-index-4\">ASF cere implicarea CSAT<\/a><a href=\"https:\/\/ortodoxinfo.ro\/2026\/07\/10\/guvernul-demis-bolojan-vrea-ca-banii-din-pensii-private-sa-finanteze-industria-de-armament-avertismentul-asf-sumele-ar-putea-ajunge-la-alte-tari\/#ce-prevede-concret-proiectul\" class=\"table-link no-link anchor-link\" data-index=\"rb-heading-index-5\">Ce prevede concret proiectul<\/a><\/div>\n<\/div>\n<p id=\"p-0\">De\u0219i demis \u0219i cu puteri limitate, Guvernul Bolojan vrea adoptarea unui proiect prin care fondurile de pensii administrate privat s\u0103 fie investite \u00een companii din domeniul ap\u0103r\u0103rii, securit\u0103\u021bii \u0219i industriei de armament conven\u021bional.<\/p>\n<p id=\"p-1\">Guvernul demis, condus de Ilie Bolojan, continu\u0103 asaltul asupra veniturilor pensionarilor. De aceast\u0103 dat\u0103 cei viza\u021bi sunt v\u00e2rstnicii care au investit \u00eentr-un fond de pensii privat. Potrivit unui proiect de lege, sus\u021binut de premierul demis, fondurile de pensii private ar urma s\u0103 fie investite \u00een domeniul ap\u0103r\u0103rii.<\/p>\n<p id=\"p-8\">Autoritatea de Supraveghere Financiar\u0103 (ASF) atrage aten\u021bia c\u0103, \u00een lipsa unor companii rom\u00e2ne\u0219ti suficient de mari \u0219i lichide pe Bursa de Valori Bucure\u0219ti, economiile v\u00e2rstnicilor ar putea ajunge s\u0103 finan\u021beze industria militar\u0103 a altor state.<\/p>\n<p id=\"p-9\">Potrivit speciali\u0219tilor ASF, planul de investi\u021bii \u00een domeniul ap\u0103r\u0103rii prezint\u0103 riscuri \u0219i recomand\u0103\u00a0ca ini\u021biativa s\u0103 fie analizat\u0103 \u0219i aprobat\u0103 inclusiv de Consiliul Suprem de Ap\u0103rare a \u021a\u0103rii (CSAT), noteaz\u0103 profit.ro.<\/p>\n<p id=\"p-10\">Printre investi\u021biile anun\u021bate \u00een industria na\u021bional\u0103 de ap\u0103rare se afl\u0103 noua fabric\u0103 de pulberi pentru muni\u021bie, care ar urma s\u0103 fie realizat\u0103 prin asocierea companiei de stat Pirochim SA Victoria cu grupul german Rheinmetall. A\u0219a cum G\u00e2ndul a scris, compania german\u0103 are \u00een spate un istoric controversat, marcat de un scandal de corup\u021bie \u00een Grecia.<\/p>\n<h2 id=\"guvernul-demis-vrea-adoptarea-proiectului\" class=\"rb-heading-index-0\">Guvernul demis vrea adoptarea proiectului<\/h2>\n<p id=\"p-11\">Ini\u021biativa legislativ\u0103 urm\u0103re\u0219te modificarea cadrului aplicabil fondurilor de pensii private, astfel \u00eenc\u00e2t acestea s\u0103 poat\u0103 investi \u00een valori mobiliare emise de societ\u0103\u021bi din domeniul ap\u0103r\u0103rii, securit\u0103\u021bii \u0219i industriei de armament conven\u021bional.<\/p>\n<p id=\"p-12\">Proiectul este justificat prin necesitatea mobiliz\u0103rii capitalului privat pentru dezvoltarea capacit\u0103\u021bilor industriale de ap\u0103rare, \u00een contextul cre\u0219terii cheltuielilor militare \u0219i al investi\u021biilor care urmeaz\u0103 s\u0103 fie realizate prin Programul european SAFE.<\/p>\n<p id=\"p-13\">Guvernul a transmis Parlamentului c\u0103 sus\u021bine adoptarea ini\u021biativei, formul\u00e2nd \u00een principal observa\u021bii \u0219i propuneri de tehnic\u0103 legislativ\u0103.<\/p>\n<h2 id=\"asf-fondurile-de-pensii-au-o-functie-sociala-nu-militara\" class=\"rb-heading-index-1\">ASF: Fondurile de pensii au o func\u021bie social\u0103, nu militar\u0103<\/h2>\n<p id=\"p-14\">Spre deosebire de pozi\u021bia favorabil\u0103 a Guvernului, analiza transmis\u0103 de ASF Executivului \u0219i Parlamentului enumer\u0103 numeroase riscuri asociate proiectului.<\/p>\n<div class=\"inline-single-ad ad_single_3_index alignfull\">\n<div class=\"ad-wrap ad-script-wrap\">\n<div class=\"ad-script non-adsense edge-padding\">\n<div>\n\u203c\ufe0f\u203c\ufe0f NU recunoa\u0219tem ca pre\u0219edinte al Rom\u00e2niei pe marioneta retard\u0103 Nicu\u0219or Dan! Rom\u00e2ni, boicota\u021bi aceast\u0103 f\u0103c\u0103tur\u0103, care ne face \u021bara de r\u00e2s! NU rom\u00e2nii l-au votat pe Nicusoro\u0219 &#8211; cu unele excep\u021bii de persoane infantile, manipulabile \u0219i chiar idioate &#8211; ci l-au ajutat Maia Soro\u0219, Emanuel Macrou \u0219i tr\u0103d\u0103torii de la B.E.C. \u0219i CCR!<br \/>\n La \u00eenchisoare cu cei care au fraudat alegerile!\n<\/div>\n<\/div>\n<\/div>\n<\/div>\n<p id=\"p-15\">Autoritatea aminte\u0219te c\u0103 abordarea tradi\u021bional\u0103 a legisla\u021biei europene, inclusiv a celei rom\u00e2ne\u0219ti, a fost excluderea din portofoliile fondurilor de pensii a unor industrii precum armamentul, jocurile de noroc, tutunul \u0219i alcoolul.<\/p>\n<p id=\"p-16\">Principiul etic invocat este c\u0103 \u201ebanii pentru b\u0103tr\u00e2ne\u021be nu pot s\u0103 finan\u021beze distrugerea s\u0103n\u0103t\u0103\u021bii \u0219i vie\u021bii cet\u0103\u021benilor\u201d.<\/p>\n<blockquote>\n<p id=\"p-17\">\u201eFondurile de pensii private administreaz\u0103 economiile obligatorii sau facultative ale popula\u021biei \u00een scopul exclusiv al asigur\u0103rii unui venit la pensionare, \u00eentr-un mediu de securitate financiar\u0103 a cet\u0103\u021benilor dup\u0103 retragerea din activitatea profesional\u0103, garant\u00e2ndu-le un nivel de trai decent \u0219i stabil pe termen lung\u201d, arat\u0103 ASF.<\/p>\n<\/blockquote>\n<p id=\"p-18\">Autoritatea arat\u0103 c\u0103 performan\u021bele financiare ale industriei de ap\u0103rare tind s\u0103 fie favorizate de conflictele armate, tensiunile geopolitice \u0219i cre\u0219terea cheltuielilor militare. \u00cen perioadele de stabilitate, companiile din domeniu ar putea \u00eenregistra sc\u0103deri care s\u0103 afecteze activele fondurilor de pensii.<\/p>\n<blockquote>\n<p id=\"p-19\">\u201eO astfel de dependen\u021b\u0103 structural\u0103 poate fi incompatibil\u0103 cu natura \u0219i obiectivul social al fondurilor de pensii private, care trebuie s\u0103 urm\u0103reasc\u0103 stabilitatea \u0219i protejarea intereselor participan\u021bilor pe termen lung\u201d, consider\u0103 ASF.<\/p>\n<\/blockquote>\n<h2 id=\"pensionarii-beneficiari-ai-pilonului-ii-nu-pot-refuza-asemenea-investitii\" class=\"rb-heading-index-2\">Pensionarii beneficiari ai Pilonului II nu pot refuza asemenea investi\u021bii<\/h2>\n<p id=\"p-20\">O alt\u0103 problem\u0103 semnalat\u0103 de ASF este lipsa consim\u021b\u0103m\u00e2ntului individual al participan\u021bilor.<\/p>\n<p id=\"p-21\">Participarea la Pilonul II este obligatorie pentru categoriile prev\u0103zute de lege, iar contribuabilii nu pot controla politica de investi\u021bii, nu pot exclude anumite sectoare \u0219i nici nu \u00ee\u0219i pot retrage banii \u00een func\u021bie de propriile convingeri etice.<\/p>\n<p id=\"p-22\">\u00cen aceste condi\u021bii, investi\u021biile \u00een industria armamentului ar putea determina milioane de persoane s\u0103 finan\u021beze indirect activit\u0103\u021bi contrare propriilor convingeri, f\u0103r\u0103 s\u0103 aib\u0103 o op\u021biune real\u0103.<\/p>\n<p id=\"p-23\">ASF atrage aten\u021bia \u0219i asupra riscului ca produsele sau tehnologiile finan\u021bate s\u0103 fie folosite \u00een conflicte armate, \u00een \u00eenc\u0103lc\u0103ri ale dreptului interna\u021bional ori \u00een ac\u021biuni care afecteaz\u0103 popula\u021bia civil\u0103.<\/p>\n<blockquote>\n<p id=\"p-24\">\u201eFondurile de pensii administrate privat, ca institu\u021bii cu rol social major, trebuie s\u0103 evite expunerea la riscuri reputa\u021bionale \u0219i etice\u201d, afirm\u0103 autoritatea.<\/p>\n<\/blockquote>\n<h2 id=\"doar-trei-companii-de-la-bursa-de-valori-bucuresti-ar-fi-eligibile\" class=\"rb-heading-index-3\">Doar trei companii de la Bursa de Valori Bucure\u0219ti ar fi eligibile<\/h2>\n<p id=\"p-25\">Un impediment important este dimensiunea redus\u0103 a industriei rom\u00e2ne\u0219ti de ap\u0103rare reprezentate la Bursa de Valori Bucure\u0219ti.<\/p>\n<p id=\"p-26\">Potrivit datelor prezentate de ASF, la BVB sunt listate ac\u021biunile a 347 de emiten\u021bi: 87 pe pia\u021ba reglementat\u0103 \u0219i 260 pe pia\u021ba AeRO. Dintre ace\u0219tia, numai cinci au drept obiect de activitate fabricarea de aeronave \u0219i nave spa\u021biale civile sau militare.<\/p>\n<p id=\"p-27\">Fondurile de pensii pot investi \u00eens\u0103 \u00een ac\u021biuni tranzac\u021bionate pe pie\u021be reglementate, ceea ce reduce num\u0103rul companiilor eligibile la trei Aerostar SA, IAR SA Bra\u0219ov \u0219i Turbomecanica SA.<\/p>\n<p id=\"p-28\">\u00cen cazul Aerostar \u0219i IAR Bra\u0219ov exist\u0103 ac\u021bionari majoritari care de\u021bin peste 60% din capital, ceea ce \u00eenseamn\u0103 c\u0103 num\u0103rul ac\u021biunilor disponibile efectiv la tranzac\u021bionare este redus.<\/p>\n<p id=\"p-29\">Turbomecanica nu are un ac\u021bionar majoritar, dar capitalizarea sa bursier\u0103 este de numai aproximativ 100 de milioane de lei.<\/p>\n<p id=\"p-30\">Prin compara\u021bie, fondurile de pensii private administrau, la 30 aprilie 2026, active totale de aproximativ 217 miliarde de lei.<\/p>\n<blockquote>\n<p id=\"p-31\">\u201eAstfel, exist\u0103 riscul ca fondurile de pensii din Rom\u00e2nia s\u0103 finan\u021beze industria de armament din alte state\u201d, avertizeaz\u0103 ASF.<\/p>\n<\/blockquote>\n<h2 id=\"asf-cere-implicarea-csat\" class=\"rb-heading-index-4\">ASF cere implicarea CSAT<\/h2>\n<p id=\"p-32\">\u00cen pofida criticilor formulate, ASF admite c\u0103, \u00een actualul context geopolitic, deschiderea fondurilor de pensii c\u0103tre industria de ap\u0103rare poate fi benefic\u0103 din perspectiva strategiei na\u021bionale, cu condi\u021bia respect\u0103rii principiilor pruden\u021biale \u0219i protej\u0103rii intereselor participan\u021bilor.<\/p>\n<blockquote>\n<p id=\"p-33\">\u201eUnul dintre aceste riscuri const\u0103 \u00een faptul c\u0103 disponibilit\u0103\u021bile financiare ale viitorilor pensionari rom\u00e2ni pot fi utilizate pentru finan\u021barea industriilor de ap\u0103rare din alte state\u201d, arat\u0103 autoritatea.<\/p>\n<\/blockquote>\n<p id=\"p-34\">ASF solicit\u0103 ca proiectul s\u0103 nu fie tratat exclusiv ca o modificare tehnic\u0103 a legisla\u021biei pensiilor private:<\/p>\n<blockquote>\n<p id=\"p-35\">\u201eAceast\u0103 ini\u021biativ\u0103 legislativ\u0103 ar trebui analizat\u0103 \u0219i aprobat\u0103 la nivelul institu\u021biilor statului cu competen\u021be \u00een acest domeniu: Guvernul Rom\u00e2niei, Consiliul Suprem de Ap\u0103rare a \u021a\u0103rii \u0219i Parlamentul Rom\u00e2niei\u201d.<\/p>\n<\/blockquote>\n<p id=\"p-36\">Recomandarea este sus\u021binut\u0103 \u0219i de Consiliul Legislativ, care a emis un aviz negativ. Institu\u021bia apreciaz\u0103 c\u0103 obiectul ini\u021biativei justific\u0103 o corelare riguroas\u0103 cu autorit\u0103\u021bile competente \u00een domeniul ap\u0103r\u0103rii, ordinii publice \u0219i securit\u0103\u021bii na\u021bionale.<\/p>\n<h2 id=\"ce-prevede-concret-proiectul\" class=\"rb-heading-index-5\">Ce prevede concret proiectul<\/h2>\n<blockquote>\n<p id=\"p-37\">Legisla\u021bia actual\u0103 permite administratorilor s\u0103 investeasc\u0103 p\u00e2n\u0103 la 50% din activele fondurilor \u00een ac\u021biuni \u0219i drepturi tranzac\u021bionate pe pie\u021be reglementate \u0219i supravegheate din Rom\u00e2nia, din Uniunea European\u0103, Spa\u021biul Economic European sau statele aderente la codurile de liberalizare ale OCDE.<\/p>\n<\/blockquote>\n<p id=\"p-38\">Proiectul stabile\u0219te expres c\u0103 aceste plasamente pot include investi\u021bii \u00een valori mobiliare emise de societ\u0103\u021bi care activeaz\u0103 \u00een ap\u0103rare, securitate, industria de armament conven\u021bional \u0219i domenii cu utilizare dual\u0103.<\/p>\n<p id=\"p-39\">Ar urma s\u0103 r\u0103m\u00e2n\u0103 interzise investi\u021biile \u00een companii implicate \u00een dezvoltarea, producerea, \u00eentre\u021binerea, folosirea, distribu\u021bia sau comercializarea armelor interzise prin tratatele interna\u021bionale la care Rom\u00e2nia este parte. Sunt men\u021bionate minele antipersonal, muni\u021biile cu dispersie, armele chimice \u0219i biologice, precum \u0219i alte arme considerate controversate.<\/p>\n<p id=\"p-40\">Ini\u021biatorii sus\u021bin c\u0103 proiectul ar produce un dublu beneficiu: diversificarea portofoliilor fondurilor de pensii \u0219i sprijinirea Strategiei na\u021bionale pentru industria de ap\u0103rare 2024-2030 prin utilizarea capitalului institu\u021bional autohton.<\/p>\n<p id=\"p-41\">Totodat\u0103, proiectul prevede c\u0103 normele ASF nu vor putea institui interdic\u021bii sectoriale generale care s\u0103 blocheze investi\u021biile \u00een industria conven\u021bional\u0103 de ap\u0103rare. Autoritatea ar urma s\u0103 \u00ee\u0219i modifice reglement\u0103rile secundare \u00een cel mult 90 de zile de la intrarea \u00een vigoare a legii.<\/p>\n<\/div>\n<\/div>\n<\/div>\n<div class=\"e-shared-sec entry-sec\">\n<div class=\"e-shared-header h4\"><span>Distribuie<\/span><\/div>\n<div class=\"rbbsl tooltips-n effect-fadeout is-bg\"><a class=\"share-action share-trigger icon-facebook\" aria-label=\"Share on Facebook\" href=\"https:\/\/www.facebook.com\/sharer.php?u=https%3A%2F%2Fortodoxinfo.ro%2F2026%2F07%2F10%2Fguvernul-demis-bolojan-vrea-ca-banii-din-pensii-private-sa-finanteze-industria-de-armament-avertismentul-asf-sumele-ar-putea-ajunge-la-alte-tari%2F\" data-title=\"Facebook\" rel=\"nofollow\"><span>Facebook<\/span><\/a><a class=\"share-action share-trigger icon-twitter\" aria-label=\"Share on X\" href=\"https:\/\/twitter.com\/intent\/tweet?text=Guvernul+demis+Bolojan+vrea+ca+banii+din+pensii+private+s%C4%83+finan%C8%9Beze+industria+de+armament.+Avertismentul+ASF%3A+Sumele+ar+putea+ajunge+la+alte+%C8%9B%C4%83ri&amp;url=https%3A%2F%2Fortodoxinfo.ro%2F2026%2F07%2F10%2Fguvernul-demis-bolojan-vrea-ca-banii-din-pensii-private-sa-finanteze-industria-de-armament-avertismentul-asf-sumele-ar-putea-ajunge-la-alte-tari%2F&amp;via=ortodoxinforo\" data-title=\"X\" rel=\"nofollow\"><span>X<\/span><\/a><a class=\"share-action icon-whatsapp is-web\" aria-label=\"Share on Whatsapp\" href=\"https:\/\/web.whatsapp.com\/send?text=Guvernul+demis+Bolojan+vrea+ca+banii+din+pensii+private+s%C4%83+finan%C8%9Beze+industria+de+armament.+Avertismentul+ASF%3A+Sumele+ar+putea+ajunge+la+alte+%C8%9B%C4%83ri%20%E2%98%9E%20https%3A%2F%2Fortodoxinfo.ro%2F2026%2F07%2F10%2Fguvernul-demis-bolojan-vrea-ca-banii-din-pensii-private-sa-finanteze-industria-de-armament-avertismentul-asf-sumele-ar-putea-ajunge-la-alte-tari%2F\" target=\"_blank\" data-title=\"WhatsApp\" rel=\"nofollow\"><span>Whatsapp<\/span><\/a><a class=\"share-action icon-whatsapp is-mobile\" aria-label=\"Share on Whatsapp\" href=\"\/\/send?text=Guvernul+demis+Bolojan+vrea+ca+banii+din+pensii+private+s%C4%83+finan%C8%9Beze+industria+de+armament.+Avertismentul+ASF%3A+Sumele+ar+putea+ajunge+la+alte+%C8%9B%C4%83ri%20%E2%98%9E%20https%3A%2F%2Fortodoxinfo.ro%2F2026%2F07%2F10%2Fguvernul-demis-bolojan-vrea-ca-banii-din-pensii-private-sa-finanteze-industria-de-armament-avertismentul-asf-sumele-ar-putea-ajunge-la-alte-tari%2F\" target=\"_blank\" data-title=\"WhatsApp\" rel=\"nofollow\"><span>Whatsapp<\/span><\/a><a class=\"share-action share-trigger icon-telegram\" aria-label=\"Share on Telegram\" href=\"https:\/\/t.me\/share\/?url=https%3A%2F%2Fortodoxinfo.ro%2F2026%2F07%2F10%2Fguvernul-demis-bolojan-vrea-ca-banii-din-pensii-private-sa-finanteze-industria-de-armament-avertismentul-asf-sumele-ar-putea-ajunge-la-alte-tari%2F&amp;text=Guvernul+demis+Bolojan+vrea+ca+banii+din+pensii+private+s%C4%83+finan%C8%9Beze+industria+de+armament.+Avertismentul+ASF%3A+Sumele+ar+putea+ajunge+la+alte+%C8%9B%C4%83ri\" data-title=\"Telegram\" rel=\"nofollow\"><span>Telegram<\/span><\/a><a class=\"share-action icon-copy copy-trigger\" aria-label=\"Copy Link\" href=\"https:\/\/ortodoxinfo.ro\/2026\/07\/10\/guvernul-demis-bolojan-vrea-ca-banii-din-pensii-private-sa-finanteze-industria-de-armament-avertismentul-asf-sumele-ar-putea-ajunge-la-alte-tari\/\" data-copied=\"Copied!\" data-link=\"https:\/\/ortodoxinfo.ro\/2026\/07\/10\/guvernul-demis-bolojan-vrea-ca-banii-din-pensii-private-sa-finanteze-industria-de-armament-avertismentul-asf-sumele-ar-putea-ajunge-la-alte-tari\/\" rel=\"nofollow\" data-copy=\"Copy Link\"><span>Copy Link<\/span><\/a><a class=\"share-action icon-print\" aria-label=\"Print\" rel=\"nofollow\" data-title=\"Print\"><span>Print<\/span><\/a><\/div>\n<\/div>\n<\/div>\n<div id=\"tabs\" class=\"dntplgn_form_wrapper\"><span><\/p>\n<h2>\u0218tirile sunt sub cenzur\u0103! Sprijini\u021bi OrtodoxINFO!<\/h2>\n<p>Guvernul nu dore\u0219te aflarea adev\u0103rului despre lovitura de stat \u0219i \u00eengenuncherea Rom\u00e2niei. \u00cencerc\u0103m s\u0103 men\u021binem viu acest site \u0219i s\u0103 v\u0103 punem la dispozi\u021bie informa\u021bii care s\u0103 fac\u0103 lumin\u0103 \u00een cea mai mare provocare pe care o tr\u0103im. Jurnalismul independent al portalului OrtodoxINFO func\u021bioneaz\u0103 strict cu ajutorul cititorilor.<br \/>\nNe pute\u021bi sprijini printr-o <b><a href=\"https:\/\/ortodoxinfo.ro\/donatii\/\">dona\u021bie bancar\u0103<\/a> sau prin PayPal, complet\u00e2nd formularul de mai jos.<\/b><\/span><\/p>\n<ul>\n<li><a href=\"https:\/\/ortodoxinfo.ro\/2026\/07\/10\/guvernul-demis-bolojan-vrea-ca-banii-din-pensii-private-sa-finanteze-industria-de-armament-avertismentul-asf-sumele-ar-putea-ajunge-la-alte-tari\/#tabs-1\">Dona\u021bie lunar\u0103<\/a><\/li>\n<li><a href=\"https:\/\/ortodoxinfo.ro\/2026\/07\/10\/guvernul-demis-bolojan-vrea-ca-banii-din-pensii-private-sa-finanteze-industria-de-armament-avertismentul-asf-sumele-ar-putea-ajunge-la-alte-tari\/#tabs-2\">Doar acum<\/a><\/li>\n<\/ul>\n<div id=\"tabs-1\"><img loading=\"lazy\" decoding=\"async\" alt border=\"0\" src=\"https:\/\/www.paypalobjects.com\/en_US\/i\/scr\/pixel.gif\" width=\"1\" height=\"1\"><\/div>\n<div id=\"tabs-2\">\n<p>\t\t     \u20ac<\/p>\n<p>\t\t    <img loading=\"lazy\" decoding=\"async\" alt border=\"0\" src=\"https:\/\/www.paypalobjects.com\/en_US\/i\/scr\/pixel.gif\" width=\"1\" height=\"1\"><\/div>\n<p>Mul\u021bumim celor care ne-au ajutat p\u00e2n\u0103 acum!\n\t<\/p><\/div>\n<div class=\"comment-box-wrap entry-sec\">\n<div class=\"comment-box-header\"><span class=\"h3\">Las\u0103 un comentariu<\/span><\/div>\n<div class=\"comment-holder no-comment\">\n<div id=\"comments\" class=\"comments-area\">\n<div id=\"respond\" class=\"comment-respond\">\n<h3 id=\"reply-title\" class=\"comment-reply-title\">Las\u0103 un r\u0103spuns <small><a rel=\"nofollow\" id=\"cancel-comment-reply-link\" href=\"https:\/\/ortodoxinfo.ro\/2026\/07\/10\/guvernul-demis-bolojan-vrea-ca-banii-din-pensii-private-sa-finanteze-industria-de-armament-avertismentul-asf-sumele-ar-putea-ajunge-la-alte-tari\/#respond\">Anuleaz\u0103 r\u0103spunsul<\/a><\/small><\/h3>\n<p class=\"comment-notes\"><span id=\"email-notes\">Adresa ta de email nu va fi publicat\u0103.<\/span><span class=\"required-field-message\">C\u00e2mpurile obligatorii sunt marcate cu <span class=\"required\">*<\/span><\/span><\/p>\n<\/div>\n<\/div>\n<\/div>\n<\/div>\n<\/div>\n<div class=\"sidebar-wrap single-sidebar\">\n<div class=\"sidebar-inner clearfix\">\n<div id=\"widget-post-2\" class=\"widget rb-section w-sidebar clearfix widget-post\">\n<div class=\"block-h widget-heading heading-layout-1\">\n<div class=\"heading-inner\">\n<h4 class=\"heading-title\"><span>Articole recente<\/span><\/h4>\n<\/div>\n<\/div>\n<div class=\"widget-p-listing\">\n<div class=\"p-wrap p-small p-list-small-2\" data-pid=\"247460\">\n<div class=\"feat-holder\">\n<div class=\"p-featured ratio-v1\"><a class=\"p-flink\" href=\"https:\/\/ortodoxinfo.ro\/2026\/07\/11\/trump-a-lasat-instructiuni-pentru-pentagon-in-situatia-in-care-ar-fi-asasinat-de-iran-sa-i-bombardati-cu-o-forta-cum-nu-s-a-mai-vazut\/\" title=\"Trump a l\u0103sat instruc\u021biuni pentru Pentagon, \u00een situa\u0163ia \u00een care ar fi asasinat de Iran. \u201eS\u0103-i bombarda\u021bi cu o for\u021b\u0103 cum nu s-a mai v\u0103zut\u201d\"><img decoding=\"async\" width=\"150\" height=\"150\" src=\"https:\/\/ortodoxinfo.ro\/wp-content\/uploads\/2026\/07\/Trump-1-2.webp-150x150.webp\" class=\"featured-img wp-post-image\" alt loading=\"lazy\"><\/a><\/div>\n<\/div>\n<div class=\"p-content\">\n<h5 class=\"entry-title\"><a class=\"p-url\" href=\"https:\/\/ortodoxinfo.ro\/2026\/07\/11\/trump-a-lasat-instructiuni-pentru-pentagon-in-situatia-in-care-ar-fi-asasinat-de-iran-sa-i-bombardati-cu-o-forta-cum-nu-s-a-mai-vazut\/\" rel=\"bookmark\">Trump a l\u0103sat instruc\u021biuni pentru Pentagon, \u00een situa\u0163ia \u00een care ar fi asasinat de Iran. \u201eS\u0103-i bombarda\u021bi cu o for\u021b\u0103 cum nu s-a mai v\u0103zut\u201d<\/a><\/h5>\n<div class=\"p-meta\">\n<div class=\"meta-inner is-meta\"><span class=\"meta-el meta-date\"><time datetime=\"2026-07-11T11:30:04+03:00\">11 iulie 2026<\/time><\/span><span class=\"meta-el meta-category meta-bold\"><a class=\"meta-separate category-20293\" href=\"https:\/\/ortodoxinfo.ro\/category\/anti-sistem\/al-iii-lea-razboi-mondial\/iran\/\">IRAN<\/a><\/span><span class=\"meta-el meta-view\">4.1k vizualiz\u0103ri\t\t<\/span><\/div>\n<\/div>\n<\/div>\n<\/div>\n<div class=\"p-wrap p-small p-list-small-2\" data-pid=\"247405\">\n<div class=\"feat-holder\">\n<div class=\"p-featured ratio-v1\"><a class=\"p-flink\" href=\"https:\/\/ortodoxinfo.ro\/2026\/07\/11\/parlamentul-european-a-validat-proiectul-euro-digital-o-noua-amenintare-la-adresa-libertatii-individuale\/\" title=\"Parlamentul European a validat proiectul euro digital, o nou\u0103 amenin\u021bare la adresa libert\u0103\u021bii individuale\"><img decoding=\"async\" width=\"150\" height=\"150\" src=\"https:\/\/ortodoxinfo.ro\/wp-content\/uploads\/2026\/07\/parlamentul-european-a-validat-proiectul-euro-digital-o-noua-amenintare-la-adresa-libertatii-individ-150x150.jpeg\" class=\"featured-img wp-post-image\" alt loading=\"lazy\"><\/a><\/div>\n<\/div>\n<div class=\"p-content\">\n<h5 class=\"entry-title\"><a class=\"p-url\" href=\"https:\/\/ortodoxinfo.ro\/2026\/07\/11\/parlamentul-european-a-validat-proiectul-euro-digital-o-noua-amenintare-la-adresa-libertatii-individuale\/\" rel=\"bookmark\">Parlamentul European a validat proiectul euro digital, o nou\u0103 amenin\u021bare la adresa libert\u0103\u021bii individuale<\/a><\/h5>\n<div class=\"p-meta\">\n<div class=\"meta-inner is-meta\"><span class=\"meta-el meta-date\"><time datetime=\"2026-07-11T09:33:48+03:00\">11 iulie 2026<\/time><\/span><span class=\"meta-el meta-category meta-bold\"><a class=\"meta-separate category-1981\" href=\"https:\/\/ortodoxinfo.ro\/category\/anti-sistem\/disparitia-banilor-cash\/\">Disparitia banilor cash<\/a><\/span><span class=\"meta-el meta-view\">4.8k vizualiz\u0103ri\t\t<\/span><\/div>\n<\/div>\n<\/div>\n<\/div>\n<div class=\"p-wrap p-small p-list-small-2\" data-pid=\"247253\">\n<div class=\"feat-holder\">\n<div class=\"p-featured ratio-v1\"><a class=\"p-flink\" href=\"https:\/\/ortodoxinfo.ro\/2026\/07\/10\/ce-s-a-ales-de-promisiunea-lui-bolojan-de-la-inceput-de-mandat-ca-va-salva-economia-a-preluat-o-tara-cu-o-prognoza-de-crestere-de-24-pentru-2026-iar-datele-oficiale-arata-acum-o-scadere-de-12-o\/\" title=\"Ce s-a ales de promisiunea lui Bolojan de la \u00eenceput de mandat c\u0103 va salva economia. A preluat o \u021bar\u0103 cu o prognoz\u0103 de cre\u0219tere de 2,4% pentru 2026, iar datele oficiale arat\u0103 acum o sc\u0103dere de -1,2%. O gaur\u0103 de peste 70 de miliarde de lei\"><img decoding=\"async\" width=\"150\" height=\"150\" src=\"https:\/\/ortodoxinfo.ro\/wp-content\/uploads\/2026\/07\/8053170-mediafax_foto-andreea_alexandru-scaled-150x150.jpg\" class=\"featured-img wp-post-image\" alt loading=\"lazy\"><\/a><\/div>\n<\/div>\n<div class=\"p-content\">\n<h5 class=\"entry-title\"><a class=\"p-url\" href=\"https:\/\/ortodoxinfo.ro\/2026\/07\/10\/ce-s-a-ales-de-promisiunea-lui-bolojan-de-la-inceput-de-mandat-ca-va-salva-economia-a-preluat-o-tara-cu-o-prognoza-de-crestere-de-24-pentru-2026-iar-datele-oficiale-arata-acum-o-scadere-de-12-o\/\" rel=\"bookmark\">Ce s-a ales de promisiunea lui Bolojan de la \u00eenceput de mandat c\u0103 va salva economia. A preluat o \u021bar\u0103 cu o prognoz\u0103 de cre\u0219tere de 2,4% pentru 2026, iar datele oficiale arat\u0103 acum o sc\u0103dere de -1,2%. O gaur\u0103 de peste 70 de miliarde de lei<\/a><\/h5>\n<div class=\"p-meta\">\n<div class=\"meta-inner is-meta\"><span class=\"meta-el meta-date\"><time datetime=\"2026-07-10T15:06:52+03:00\">10 iulie 2026<\/time><\/span><span class=\"meta-el meta-category meta-bold\"><a class=\"meta-separate category-19885\" href=\"https:\/\/ortodoxinfo.ro\/category\/anti-sistem\/anti-romanism\/asasinii-tarii\/\">Asasinii \u021b\u0103rii<\/a><\/span><span class=\"meta-el meta-view\">5.8k vizualiz\u0103ri\t\t<\/span><\/div>\n<\/div>\n<\/div>\n<\/div>\n<div class=\"p-wrap p-small p-list-small-2\" data-pid=\"247209\">\n<div class=\"feat-holder\">\n<div class=\"p-featured ratio-v1\"><a class=\"p-flink\" href=\"https:\/\/ortodoxinfo.ro\/2026\/07\/10\/botii-lui-bolojan-au-manipulat-sondajele-gandul-suspiciuni-despre-o-campanie-digitala-organizata\/\" title=\"Bo\u021bii lui Bolojan au manipulat sondajele G\u00e2ndul: suspiciuni despre o campanie digital\u0103 organizat\u0103\"><img decoding=\"async\" width=\"150\" height=\"150\" src=\"https:\/\/ortodoxinfo.ro\/wp-content\/uploads\/2026\/07\/bolojan-si-sondajele-gandul-suspiciuni-despre-o-neurocontent-150x150.jpg\" class=\"featured-img wp-post-image\" alt loading=\"lazy\"><\/a><\/div>\n<\/div>\n<div class=\"p-content\">\n<h5 class=\"entry-title\"><a class=\"p-url\" href=\"https:\/\/ortodoxinfo.ro\/2026\/07\/10\/botii-lui-bolojan-au-manipulat-sondajele-gandul-suspiciuni-despre-o-campanie-digitala-organizata\/\" rel=\"bookmark\">Bo\u021bii lui Bolojan au manipulat sondajele G\u00e2ndul: suspiciuni despre o campanie digital\u0103 organizat\u0103<\/a><\/h5>\n<div class=\"p-meta\">\n<div class=\"meta-inner is-meta\"><span class=\"meta-el meta-date\"><time datetime=\"2026-07-10T12:29:25+03:00\">10 iulie 2026<\/time><\/span><span class=\"meta-el meta-category meta-bold\"><a class=\"meta-separate category-17748\" href=\"https:\/\/ortodoxinfo.ro\/category\/anti-sistem\/globalizare\/neo-marxism\/\">Neo-marxism<\/a><\/span><span class=\"meta-el meta-view\">5.1k vizualiz\u0103ri\t\t<\/span><\/div>\n<\/div>\n<\/div>\n<\/div>\n<\/div>\n<\/div>\n<div id=\"custom_html-2\" class=\"widget_text widget rb-section w-sidebar clearfix widget_custom_html\">\n<div class=\"block-h widget-heading heading-layout-1\">\n<div class=\"heading-inner\">\n<h4 class=\"heading-title\"><span>DONA\u021aII \u00een cont bancar<\/span><\/h4>\n<\/div>\n<\/div>\n<div class=\"textwidget custom-html-widget\">\n<table class=\"donatii\">\n<tbody>\n<tr>\n<th colspan=\"2\"><strong><span>Asicia\u021bia SMI-B<\/span><\/strong><\/th>\n<\/tr>\n<tr>\n<th>Cont LEI<\/th>\n<td>RO67CECEB00030RON2081955<\/td>\n<\/tr>\n<tr>\n<th>Cont EURO<\/th>\n<td>RO33CECEB000C1EUR2081978<\/td>\n<\/tr>\n<tr>\n<th>Cod SWIFT<\/th>\n<td>CECEROBU<\/td>\n<\/tr>\n<tr>\n<th colspan=\"2\"><strong>CEC BANK SA<\/strong><\/th>\n<\/tr>\n<\/tbody>\n<\/table>\n<\/div>\n<\/div>\n<\/div>\n<\/div>\n<\/div>\n<\/article>\n<div class=\"entry-content rbct clearfix is-highlight-shares\">\n<div class=\"ruby-table-contents rbtoc table-left table-fw-single-col\">\n<div class=\"toc-header\"><span class=\"h3\">Sumar<\/span><\/div>\n<div class=\"toc-content h5\"><a href=\"https:\/\/ortodoxinfo.ro\/2026\/07\/10\/guvernul-demis-bolojan-vrea-ca-banii-din-pensii-private-sa-finanteze-industria-de-armament-avertismentul-asf-sumele-ar-putea-ajunge-la-alte-tari\/#guvernul-demis-vrea-adoptarea-proiectului\" class=\"table-link no-link anchor-link\" data-index=\"rb-heading-index-0\">Guvernul demis vrea adoptarea proiectului<\/a><a href=\"https:\/\/ortodoxinfo.ro\/2026\/07\/10\/guvernul-demis-bolojan-vrea-ca-banii-din-pensii-private-sa-finanteze-industria-de-armament-avertismentul-asf-sumele-ar-putea-ajunge-la-alte-tari\/#asf-fondurile-de-pensii-au-o-functie-sociala-nu-militara\" class=\"table-link no-link anchor-link\" data-index=\"rb-heading-index-1\">ASF: Fondurile de pensii au o func\u021bie social\u0103, nu militar\u0103<\/a><a href=\"https:\/\/ortodoxinfo.ro\/2026\/07\/10\/guvernul-demis-bolojan-vrea-ca-banii-din-pensii-private-sa-finanteze-industria-de-armament-avertismentul-asf-sumele-ar-putea-ajunge-la-alte-tari\/#pensionarii-beneficiari-ai-pilonului-ii-nu-pot-refuza-asemenea-investitii\" class=\"table-link no-link anchor-link\" data-index=\"rb-heading-index-2\">Pensionarii beneficiari ai Pilonului II nu pot refuza asemenea investi\u021bii<\/a><a href=\"https:\/\/ortodoxinfo.ro\/2026\/07\/10\/guvernul-demis-bolojan-vrea-ca-banii-din-pensii-private-sa-finanteze-industria-de-armament-avertismentul-asf-sumele-ar-putea-ajunge-la-alte-tari\/#doar-trei-companii-de-la-bursa-de-valori-bucuresti-ar-fi-eligibile\" class=\"table-link no-link anchor-link\" data-index=\"rb-heading-index-3\">Doar trei companii de la Bursa de Valori Bucure\u0219ti ar fi eligibile<\/a><a href=\"https:\/\/ortodoxinfo.ro\/2026\/07\/10\/guvernul-demis-bolojan-vrea-ca-banii-din-pensii-private-sa-finanteze-industria-de-armament-avertismentul-asf-sumele-ar-putea-ajunge-la-alte-tari\/#asf-cere-implicarea-csat\" class=\"table-link no-link anchor-link\" data-index=\"rb-heading-index-4\">ASF cere implicarea CSAT<\/a><a href=\"https:\/\/ortodoxinfo.ro\/2026\/07\/10\/guvernul-demis-bolojan-vrea-ca-banii-din-pensii-private-sa-finanteze-industria-de-armament-avertismentul-asf-sumele-ar-putea-ajunge-la-alte-tari\/#ce-prevede-concret-proiectul\" class=\"table-link no-link anchor-link\" data-index=\"rb-heading-index-5\">Ce prevede concret proiectul<\/a><\/div>\n<\/div>\n<p id=\"p-0\">De\u0219i demis \u0219i cu puteri limitate, Guvernul Bolojan vrea adoptarea unui proiect prin care fondurile de pensii administrate privat s\u0103 fie investite \u00een companii din domeniul ap\u0103r\u0103rii, securit\u0103\u021bii \u0219i industriei de armament conven\u021bional.<\/p>\n<p id=\"p-1\">Guvernul demis, condus de Ilie Bolojan, continu\u0103 asaltul asupra veniturilor pensionarilor. De aceast\u0103 dat\u0103 cei viza\u021bi sunt v\u00e2rstnicii care au investit \u00eentr-un fond de pensii privat. Potrivit unui proiect de lege, sus\u021binut de premierul demis, fondurile de pensii private ar urma s\u0103 fie investite \u00een domeniul ap\u0103r\u0103rii.<\/p>\n<p id=\"p-8\">Autoritatea de Supraveghere Financiar\u0103 (ASF) atrage aten\u021bia c\u0103, \u00een lipsa unor companii rom\u00e2ne\u0219ti suficient de mari \u0219i lichide pe Bursa de Valori Bucure\u0219ti, economiile v\u00e2rstnicilor ar putea ajunge s\u0103 finan\u021beze industria militar\u0103 a altor state.<\/p>\n<p id=\"p-9\">Potrivit speciali\u0219tilor ASF, planul de investi\u021bii \u00een domeniul ap\u0103r\u0103rii prezint\u0103 riscuri \u0219i recomand\u0103\u00a0ca ini\u021biativa s\u0103 fie analizat\u0103 \u0219i aprobat\u0103 inclusiv de Consiliul Suprem de Ap\u0103rare a \u021a\u0103rii (CSAT), noteaz\u0103 profit.ro.<\/p>\n<p id=\"p-10\">Printre investi\u021biile anun\u021bate \u00een industria na\u021bional\u0103 de ap\u0103rare se afl\u0103 noua fabric\u0103 de pulberi pentru muni\u021bie, care ar urma s\u0103 fie realizat\u0103 prin asocierea companiei de stat Pirochim SA Victoria cu grupul german Rheinmetall. A\u0219a cum G\u00e2ndul a scris, compania german\u0103 are \u00een spate un istoric controversat, marcat de un scandal de corup\u021bie \u00een Grecia.<\/p>\n<h2 id=\"guvernul-demis-vrea-adoptarea-proiectului\" class=\"rb-heading-index-0\">Guvernul demis vrea adoptarea proiectului<\/h2>\n<p id=\"p-11\">Ini\u021biativa legislativ\u0103 urm\u0103re\u0219te modificarea cadrului aplicabil fondurilor de pensii private, astfel \u00eenc\u00e2t acestea s\u0103 poat\u0103 investi \u00een valori mobiliare emise de societ\u0103\u021bi din domeniul ap\u0103r\u0103rii, securit\u0103\u021bii \u0219i industriei de armament conven\u021bional.<\/p>\n<p id=\"p-12\">Proiectul este justificat prin necesitatea mobiliz\u0103rii capitalului privat pentru dezvoltarea capacit\u0103\u021bilor industriale de ap\u0103rare, \u00een contextul cre\u0219terii cheltuielilor militare \u0219i al investi\u021biilor care urmeaz\u0103 s\u0103 fie realizate prin Programul european SAFE.<\/p>\n<p id=\"p-13\">Guvernul a transmis Parlamentului c\u0103 sus\u021bine adoptarea ini\u021biativei, formul\u00e2nd \u00een principal observa\u021bii \u0219i propuneri de tehnic\u0103 legislativ\u0103.<\/p>\n<h2 id=\"asf-fondurile-de-pensii-au-o-functie-sociala-nu-militara\" class=\"rb-heading-index-1\">ASF: Fondurile de pensii au o func\u021bie social\u0103, nu militar\u0103<\/h2>\n<p id=\"p-14\">Spre deosebire de pozi\u021bia favorabil\u0103 a Guvernului, analiza transmis\u0103 de ASF Executivului \u0219i Parlamentului enumer\u0103 numeroase riscuri asociate proiectului.<\/p>\n<div class=\"inline-single-ad ad_single_3_index alignfull\">\n<div class=\"ad-wrap ad-script-wrap\">\n<div class=\"ad-script non-adsense edge-padding\">\n<div>\n\u203c\ufe0f\u203c\ufe0f NU recunoa\u0219tem ca pre\u0219edinte al Rom\u00e2niei pe marioneta retard\u0103 Nicu\u0219or Dan! Rom\u00e2ni, boicota\u021bi aceast\u0103 f\u0103c\u0103tur\u0103, care ne face \u021bara de r\u00e2s! NU rom\u00e2nii l-au votat pe Nicusoro\u0219 &#8211; cu unele excep\u021bii de persoane infantile, manipulabile \u0219i chiar idioate &#8211; ci l-au ajutat Maia Soro\u0219, Emanuel Macrou \u0219i tr\u0103d\u0103torii de la B.E.C. \u0219i CCR!<br \/>\n La \u00eenchisoare cu cei care au fraudat alegerile!\n<\/div>\n<\/div>\n<\/div>\n<\/div>\n<p id=\"p-15\">Autoritatea aminte\u0219te c\u0103 abordarea tradi\u021bional\u0103 a legisla\u021biei europene, inclusiv a celei rom\u00e2ne\u0219ti, a fost excluderea din portofoliile fondurilor de pensii a unor industrii precum armamentul, jocurile de noroc, tutunul \u0219i alcoolul.<\/p>\n<p id=\"p-16\">Principiul etic invocat este c\u0103 \u201ebanii pentru b\u0103tr\u00e2ne\u021be nu pot s\u0103 finan\u021beze distrugerea s\u0103n\u0103t\u0103\u021bii \u0219i vie\u021bii cet\u0103\u021benilor\u201d.<\/p>\n<blockquote>\n<p id=\"p-17\">\u201eFondurile de pensii private administreaz\u0103 economiile obligatorii sau facultative ale popula\u021biei \u00een scopul exclusiv al asigur\u0103rii unui venit la pensionare, \u00eentr-un mediu de securitate financiar\u0103 a cet\u0103\u021benilor dup\u0103 retragerea din activitatea profesional\u0103, garant\u00e2ndu-le un nivel de trai decent \u0219i stabil pe termen lung\u201d, arat\u0103 ASF.<\/p>\n<\/blockquote>\n<p id=\"p-18\">Autoritatea arat\u0103 c\u0103 performan\u021bele financiare ale industriei de ap\u0103rare tind s\u0103 fie favorizate de conflictele armate, tensiunile geopolitice \u0219i cre\u0219terea cheltuielilor militare. \u00cen perioadele de stabilitate, companiile din domeniu ar putea \u00eenregistra sc\u0103deri care s\u0103 afecteze activele fondurilor de pensii.<\/p>\n<blockquote>\n<p id=\"p-19\">\u201eO astfel de dependen\u021b\u0103 structural\u0103 poate fi incompatibil\u0103 cu natura \u0219i obiectivul social al fondurilor de pensii private, care trebuie s\u0103 urm\u0103reasc\u0103 stabilitatea \u0219i protejarea intereselor participan\u021bilor pe termen lung\u201d, consider\u0103 ASF.<\/p>\n<\/blockquote>\n<h2 id=\"pensionarii-beneficiari-ai-pilonului-ii-nu-pot-refuza-asemenea-investitii\" class=\"rb-heading-index-2\">Pensionarii beneficiari ai Pilonului II nu pot refuza asemenea investi\u021bii<\/h2>\n<p id=\"p-20\">O alt\u0103 problem\u0103 semnalat\u0103 de ASF este lipsa consim\u021b\u0103m\u00e2ntului individual al participan\u021bilor.<\/p>\n<p id=\"p-21\">Participarea la Pilonul II este obligatorie pentru categoriile prev\u0103zute de lege, iar contribuabilii nu pot controla politica de investi\u021bii, nu pot exclude anumite sectoare \u0219i nici nu \u00ee\u0219i pot retrage banii \u00een func\u021bie de propriile convingeri etice.<\/p>\n<p id=\"p-22\">\u00cen aceste condi\u021bii, investi\u021biile \u00een industria armamentului ar putea determina milioane de persoane s\u0103 finan\u021beze indirect activit\u0103\u021bi contrare propriilor convingeri, f\u0103r\u0103 s\u0103 aib\u0103 o op\u021biune real\u0103.<\/p>\n<p id=\"p-23\">ASF atrage aten\u021bia \u0219i asupra riscului ca produsele sau tehnologiile finan\u021bate s\u0103 fie folosite \u00een conflicte armate, \u00een \u00eenc\u0103lc\u0103ri ale dreptului interna\u021bional ori \u00een ac\u021biuni care afecteaz\u0103 popula\u021bia civil\u0103.<\/p>\n<blockquote>\n<p id=\"p-24\">\u201eFondurile de pensii administrate privat, ca institu\u021bii cu rol social major, trebuie s\u0103 evite expunerea la riscuri reputa\u021bionale \u0219i etice\u201d, afirm\u0103 autoritatea.<\/p>\n<\/blockquote>\n<h2 id=\"doar-trei-companii-de-la-bursa-de-valori-bucuresti-ar-fi-eligibile\" class=\"rb-heading-index-3\">Doar trei companii de la Bursa de Valori Bucure\u0219ti ar fi eligibile<\/h2>\n<p id=\"p-25\">Un impediment important este dimensiunea redus\u0103 a industriei rom\u00e2ne\u0219ti de ap\u0103rare reprezentate la Bursa de Valori Bucure\u0219ti.<\/p>\n<p id=\"p-26\">Potrivit datelor prezentate de ASF, la BVB sunt listate ac\u021biunile a 347 de emiten\u021bi: 87 pe pia\u021ba reglementat\u0103 \u0219i 260 pe pia\u021ba AeRO. Dintre ace\u0219tia, numai cinci au drept obiect de activitate fabricarea de aeronave \u0219i nave spa\u021biale civile sau militare.<\/p>\n<p id=\"p-27\">Fondurile de pensii pot investi \u00eens\u0103 \u00een ac\u021biuni tranzac\u021bionate pe pie\u021be reglementate, ceea ce reduce num\u0103rul companiilor eligibile la trei Aerostar SA, IAR SA Bra\u0219ov \u0219i Turbomecanica SA.<\/p>\n<p id=\"p-28\">\u00cen cazul Aerostar \u0219i IAR Bra\u0219ov exist\u0103 ac\u021bionari majoritari care de\u021bin peste 60% din capital, ceea ce \u00eenseamn\u0103 c\u0103 num\u0103rul ac\u021biunilor disponibile efectiv la tranzac\u021bionare este redus.<\/p>\n<p id=\"p-29\">Turbomecanica nu are un ac\u021bionar majoritar, dar capitalizarea sa bursier\u0103 este de numai aproximativ 100 de milioane de lei.<\/p>\n<p id=\"p-30\">Prin compara\u021bie, fondurile de pensii private administrau, la 30 aprilie 2026, active totale de aproximativ 217 miliarde de lei.<\/p>\n<blockquote>\n<p id=\"p-31\">\u201eAstfel, exist\u0103 riscul ca fondurile de pensii din Rom\u00e2nia s\u0103 finan\u021beze industria de armament din alte state\u201d, avertizeaz\u0103 ASF.<\/p>\n<\/blockquote>\n<h2 id=\"asf-cere-implicarea-csat\" class=\"rb-heading-index-4\">ASF cere implicarea CSAT<\/h2>\n<p id=\"p-32\">\u00cen pofida criticilor formulate, ASF admite c\u0103, \u00een actualul context geopolitic, deschiderea fondurilor de pensii c\u0103tre industria de ap\u0103rare poate fi benefic\u0103 din perspectiva strategiei na\u021bionale, cu condi\u021bia respect\u0103rii principiilor pruden\u021biale \u0219i protej\u0103rii intereselor participan\u021bilor.<\/p>\n<blockquote>\n<p id=\"p-33\">\u201eUnul dintre aceste riscuri const\u0103 \u00een faptul c\u0103 disponibilit\u0103\u021bile financiare ale viitorilor pensionari rom\u00e2ni pot fi utilizate pentru finan\u021barea industriilor de ap\u0103rare din alte state\u201d, arat\u0103 autoritatea.<\/p>\n<\/blockquote>\n<p id=\"p-34\">ASF solicit\u0103 ca proiectul s\u0103 nu fie tratat exclusiv ca o modificare tehnic\u0103 a legisla\u021biei pensiilor private:<\/p>\n<blockquote>\n<p id=\"p-35\">\u201eAceast\u0103 ini\u021biativ\u0103 legislativ\u0103 ar trebui analizat\u0103 \u0219i aprobat\u0103 la nivelul institu\u021biilor statului cu competen\u021be \u00een acest domeniu: Guvernul Rom\u00e2niei, Consiliul Suprem de Ap\u0103rare a \u021a\u0103rii \u0219i Parlamentul Rom\u00e2niei\u201d.<\/p>\n<\/blockquote>\n<p id=\"p-36\">Recomandarea este sus\u021binut\u0103 \u0219i de Consiliul Legislativ, care a emis un aviz negativ. Institu\u021bia apreciaz\u0103 c\u0103 obiectul ini\u021biativei justific\u0103 o corelare riguroas\u0103 cu autorit\u0103\u021bile competente \u00een domeniul ap\u0103r\u0103rii, ordinii publice \u0219i securit\u0103\u021bii na\u021bionale.<\/p>\n<h2 id=\"ce-prevede-concret-proiectul\" class=\"rb-heading-index-5\">Ce prevede concret proiectul<\/h2>\n<blockquote>\n<p id=\"p-37\">Legisla\u021bia actual\u0103 permite administratorilor s\u0103 investeasc\u0103 p\u00e2n\u0103 la 50% din activele fondurilor \u00een ac\u021biuni \u0219i drepturi tranzac\u021bionate pe pie\u021be reglementate \u0219i supravegheate din Rom\u00e2nia, din Uniunea European\u0103, Spa\u021biul Economic European sau statele aderente la codurile de liberalizare ale OCDE.<\/p>\n<\/blockquote>\n<p id=\"p-38\">Proiectul stabile\u0219te expres c\u0103 aceste plasamente pot include investi\u021bii \u00een valori mobiliare emise de societ\u0103\u021bi care activeaz\u0103 \u00een ap\u0103rare, securitate, industria de armament conven\u021bional \u0219i domenii cu utilizare dual\u0103.<\/p>\n<p id=\"p-39\">Ar urma s\u0103 r\u0103m\u00e2n\u0103 interzise investi\u021biile \u00een companii implicate \u00een dezvoltarea, producerea, \u00eentre\u021binerea, folosirea, distribu\u021bia sau comercializarea armelor interzise prin tratatele interna\u021bionale la care Rom\u00e2nia este parte. Sunt men\u021bionate minele antipersonal, muni\u021biile cu dispersie, armele chimice \u0219i biologice, precum \u0219i alte arme considerate controversate.<\/p>\n<p id=\"p-40\">Ini\u021biatorii sus\u021bin c\u0103 proiectul ar produce un dublu beneficiu: diversificarea portofoliilor fondurilor de pensii \u0219i sprijinirea Strategiei na\u021bionale pentru industria de ap\u0103rare 2024-2030 prin utilizarea capitalului institu\u021bional autohton.<\/p>\n<p id=\"p-41\">Totodat\u0103, proiectul prevede c\u0103 normele ASF nu vor putea institui interdic\u021bii sectoriale generale care s\u0103 blocheze investi\u021biile \u00een industria conven\u021bional\u0103 de ap\u0103rare. Autoritatea ar urma s\u0103 \u00ee\u0219i modifice reglement\u0103rile secundare \u00een cel mult 90 de zile de la intrarea \u00een vigoare a legii.<\/p>\n<\/div>\n<p>[analyse_source url=&#8221;https:\/\/ortodoxinfo.ro\/2026\/07\/10\/guvernul-demis-bolojan-vrea-ca-banii-din-pensii-private-sa-finanteze-industria-de-armament-avertismentul-asf-sumele-ar-putea-ajunge-la-alte-tari\/&#8221;]<\/p>\n","protected":false},"excerpt":{"rendered":"<p>[analyse_image type=&#8221;featured&#8221; src=&#8221;https:\/\/ortodoxinfo.ro\/wp-content\/uploads\/2026\/07\/befunky-collage-20.jpghttps:\/\/ortodoxinfo.ro\/wp-content\/uploads\/2026\/07\/befunky-collage-20.jpg&#8221;] Prima pagin\u0103 \u00bb Blog \u00bb Guvernul demis Bolojan vrea ca banii din pensii private s\u0103 finan\u021beze industria de armament. Avertismentul ASF: Sumele ar putea ajunge la alte \u021b\u0103ri Guvernul demis Bolojan vrea ca banii din pensii private s\u0103 finan\u021beze industria de armament. Avertismentul ASF: Sumele ar putea ajunge la alte \u021b\u0103ri 10 [&hellip;]<\/p>\n","protected":false},"author":1,"featured_media":0,"comment_status":"open","ping_status":"","sticky":false,"template":"","format":"standard","meta":{"footnotes":""},"categories":[89],"tags":[226,94],"class_list":["post-2038579","post","type-post","status-publish","format-standard","hentry","category-romania","tag-crawlmanager","tag-ortodoxinfo-ro"],"_links":{"self":[{"href":"https:\/\/analyse.optim.biz\/index.php?rest_route=\/wp\/v2\/posts\/2038579","targetHints":{"allow":["GET"]}}],"collection":[{"href":"https:\/\/analyse.optim.biz\/index.php?rest_route=\/wp\/v2\/posts"}],"about":[{"href":"https:\/\/analyse.optim.biz\/index.php?rest_route=\/wp\/v2\/types\/post"}],"author":[{"embeddable":true,"href":"https:\/\/analyse.optim.biz\/index.php?rest_route=\/wp\/v2\/users\/1"}],"replies":[{"embeddable":true,"href":"https:\/\/analyse.optim.biz\/index.php?rest_route=%2Fwp%2Fv2%2Fcomments&post=2038579"}],"version-history":[{"count":0,"href":"https:\/\/analyse.optim.biz\/index.php?rest_route=\/wp\/v2\/posts\/2038579\/revisions"}],"wp:attachment":[{"href":"https:\/\/analyse.optim.biz\/index.php?rest_route=%2Fwp%2Fv2%2Fmedia&parent=2038579"}],"wp:term":[{"taxonomy":"category","embeddable":true,"href":"https:\/\/analyse.optim.biz\/index.php?rest_route=%2Fwp%2Fv2%2Fcategories&post=2038579"},{"taxonomy":"post_tag","embeddable":true,"href":"https:\/\/analyse.optim.biz\/index.php?rest_route=%2Fwp%2Fv2%2Ftags&post=2038579"}],"curies":[{"name":"wp","href":"https:\/\/api.w.org\/{rel}","templated":true}]}}