{"id":2038577,"date":"2026-07-11T06:33:48","date_gmt":"2026-07-11T03:33:48","guid":{"rendered":"https:\/\/analyse.optim.biz\/?p=2038577"},"modified":"2026-07-11T06:33:48","modified_gmt":"2026-07-11T03:33:48","slug":"parlamentul-european-a-validat-proiectul-euro-digital-o-noua-amenintare-la-adresa-libertatii-individuale","status":"publish","type":"post","link":"https:\/\/analyse.optim.biz\/?p=2038577","title":{"rendered":"Parlamentul European a validat proiectul euro digital, o nou\u0103 amenin\u021bare la adresa libert\u0103\u021bii individuale"},"content":{"rendered":"<p>[analyse_image type=&#8221;featured&#8221; src=&#8221;https:\/\/ortodoxinfo.ro\/wp-content\/uploads\/2026\/07\/parlamentul-european-a-validat-proiectul-euro-digital-o-noua-amenintare-la-adresa-libertatii-individ.jpeghttps:\/\/ortodoxinfo.ro\/wp-content\/uploads\/2026\/07\/parlamentul-european-a-validat-proiectul-euro-digital-o-noua-amenintare-la-adresa-libertatii-individ.jpeg&#8221;]<\/p>\n<article id=\"post-247405\" class=\"post-247405 post type-post status-publish format-standard has-post-thumbnail category-disparitia-banilor-cash tag-euro-digital\">\n<header class=\"single-header\">\n<aside class=\"breadcrumb-wrap breadcrumb-yoast s-breadcrumb\">\n<div class=\"breadcrumb-inner\"><span><span><a href=\"https:\/\/ortodoxinfo.ro\/\">Prima pagin\u0103<\/a><\/span> \u00bb <span><a href=\"https:\/\/ortodoxinfo.ro\/blog\/\">Blog<\/a><\/span> \u00bb <span class=\"breadcrumb_last\" aria-current=\"page\">Parlamentul European a validat proiectul euro digital, o nou\u0103 amenin\u021bare la adresa libert\u0103\u021bii individuale<\/span><\/span><\/div>\n<\/aside>\n<h1 class=\"s-title fw-headline\">Parlamentul European a validat proiectul euro digital, o nou\u0103 amenin\u021bare la adresa libert\u0103\u021bii individuale<\/h1>\n<div class=\"single-meta meta-s-default yes-0\">\n<div class=\"smeta-in\"><a class=\"meta-el meta-avatar\" href=\"https:\/\/ortodoxinfo.ro\/author\/redactor\/\"><img loading=\"lazy\" decoding=\"async\" alt=\"OrtodoxINFO\" src=\"https:\/\/secure.gravatar.com\/avatar\/21010332354a182ce4de6016685c5586f21c51866d0ec5bc8ef383240b3c3e02?s=120&amp;r=g\" class=\"avatar avatar-120 photo\" height=\"120\" width=\"120\"><\/a><\/p>\n<div class=\"smeta-sec\">\n<div class=\"p-meta\">\n<div class=\"meta-inner is-meta\"><span class=\"meta-el meta-date\"><time datetime=\"2026-07-11T09:33:48+03:00\">11 iulie 2026<\/time><\/span><span class=\"meta-el meta-category meta-bold\"><a class=\"meta-separate category-1981\" href=\"https:\/\/ortodoxinfo.ro\/category\/anti-sistem\/disparitia-banilor-cash\/\">Disparitia banilor cash<\/a><\/span><span class=\"meta-el meta-view\">4.8k vizualiz\u0103ri\t\t<\/span><span class=\"meta-el meta-comment mobile-last-meta tablet-last-meta\"><a href=\"https:\/\/ortodoxinfo.ro\/2026\/07\/11\/parlamentul-european-a-validat-proiectul-euro-digital-o-noua-amenintare-la-adresa-libertatii-individuale\/#respond\">Comentarii<\/a><\/span><\/div>\n<\/div>\n<\/div>\n<\/div>\n<div class=\"smeta-extra\">\n<div class=\"t-shared-sec tooltips-n has-read-meta is-color\">\n<div class=\"t-shared-header is-meta\"><span class=\"share-label\">Share<\/span><\/div>\n<\/div>\n<div class=\"single-right-meta single-time-read is-meta\"><span class=\"meta-el meta-read\">4 Min Read<\/span><\/div>\n<\/div>\n<\/div>\n<\/header>\n<div class=\"grid-container\">\n<div class=\"s-ct\">\n<div class=\"s-feat-outer\">\n<div class=\"s-feat\">\n<div class=\"featured-lightbox-trigger\" data-source=\"https:\/\/ortodoxinfo.ro\/wp-content\/uploads\/2026\/07\/parlamentul-european-a-validat-proiectul-euro-digital-o-noua-amenintare-la-adresa-libertatii-individ.jpeg\" data-caption data-attribution><img fetchpriority=\"high\" decoding=\"async\" width=\"860\" height=\"452\" src=\"https:\/\/ortodoxinfo.ro\/wp-content\/uploads\/2026\/07\/parlamentul-european-a-validat-proiectul-euro-digital-o-noua-amenintare-la-adresa-libertatii-individ-860x452.jpeg\" class=\"attachment-foxiz_crop_o1 size-foxiz_crop_o1 wp-post-image\" alt loading=\"eager\"><\/div>\n<\/div>\n<\/div>\n<div class=\"s-ct-wrap has-lsl\">\n<div class=\"s-ct-inner\">\n<div class=\"l-shared-sec-outer show-mobile\">\n<div class=\"l-shared-sec\">\n<div class=\"l-shared-header meta-text\"><span class=\"share-label\">SHARE<\/span><\/div>\n<\/div>\n<\/div>\n<div class=\"e-ct-outer\">\n<div class=\"entry-top\">\n<div id=\"custom_html-3\" class=\"widget_text widget entry-widget clearfix widget_custom_html\">\n<div class=\"textwidget custom-html-widget\">\n<div><small><br \/>\n    OrtodoxINFO este supus unui sabotaj sistematic din partea reprezentan\u021bilor Google Rom\u00e2nia, at\u00e2t la afi\u0219\u0103ri c\u00e2t \u0219i \u00een rezultatele de c\u0103utare.<br \/>\n        Astfel c\u0103 veniturile din publicitate au sc\u0103zut de p\u00e2n\u0103 la <strong>10 ori<\/strong>. Situa\u021bia este similar\u0103 \u0219i pe Facebook.<\/p>\n<p>        V\u0103 invit\u0103m s\u0103 accesa\u021bi direct site-ul \u0219i s\u0103 v\u0103 abona\u021bi la notific\u0103ri.<\/p>\n<p>    Dac\u0103 dori\u021bi s\u0103 ne sus\u021bine\u021bi \u00een aceast\u0103 perioad\u0103 dificil\u0103, orice <a href=\"https:\/\/ortodoxinfo.ro\/donatii\/\">dona\u021bie<\/a> este binevenit\u0103.<br \/>\n    Dumnezeu s\u0103 v\u0103 r\u0103spl\u0103teasc\u0103!<br \/>\n<\/small><\/div>\n<\/div>\n<\/div>\n<\/div>\n<div class=\"entry-content rbct clearfix is-highlight-shares\">\n<p data-path-to-node=\"0\"><strong>Decizia recent\u0103 a Parlamentului European de a relansa negocierile pentru implementarea euro digital a fost prezentat\u0103 la Bruxelles drept un succes major pentru \u201esuveranitatea economic\u0103\u201d, scrie <a href=\"https:\/\/www.boursorama.com\/actualite-economique\/actualites\/souverainete-europeenne-le-projet-de-l-euro-numerique-soutenu-par-le-parlement-europeen-la-bce-espere-un-lancement-en-2029-0faec506e79811e425c879c54bf50cf2\" target=\"_blank\" rel=\"noopener\">Bouorsorma<\/a>. \u00cen spatele retoricii institu\u021bionale se ascund \u00eens\u0103 vulnerabilit\u0103\u021bi majore pe care oficialii evit\u0103 s\u0103 le discute deschis. Dincolo de costurile uria\u0219e reclamate de sectorul bancar, centralizarea pl\u0103\u021bilor sub umbrela B\u0103ncii Centrale Europene creeaz\u0103 un precedent periculos pentru confiden\u021bialitatea datelor \u0219i deschide u\u0219a unui control de stat f\u0103r\u0103 precedent asupra tranzac\u021biilor private. \u00centr-o epoc\u0103 \u00een care digitalizarea elimin\u0103 treptat alternativele fizice, transformarea banilor \u00eentr-un instrument complet monitorizat de autorit\u0103\u021bi risc\u0103 s\u0103 limiteze sever autonomia financiar\u0103 a cet\u0103\u021benilor \u0219i s\u0103 sporeasc\u0103 vulnerabilitatea acestora \u00een fa\u021ba eventualelor abuzuri administrative sau erori de sistem,<\/strong><\/p>\n<p data-path-to-node=\"1\"><b data-index-in-node=\"0\" data-path-to-node=\"1\">Suveranitate european\u0103: proiectul euro digital este sus\u021binut de Parlamentul European, iar BCE sper\u0103 la o lansare \u00een 2029<\/b><\/p>\n<p data-path-to-node=\"2\">Euro digital ar reprezenta o alternativ\u0103 european\u0103 la sistemele de plat\u0103 electronic\u0103 gestionate de operatori priva\u021bi, \u00een cea mai mare parte americani, precum Visa, Mastercard \u0219i American Express, dar \u0219i PayPal, Apple Pay sau Google Pay.<\/p>\n<p data-path-to-node=\"3\">Un nou pas \u00eenainte c\u0103tre crearea versiunii dematerializate a monedei euro. Parlamentul European a validat joi, 9 iulie, la Strasbourg, reluarea discu\u021biilor privind proiectul euro digital, care erau aproape \u00een impas de trei ani.<\/p>\n<p data-path-to-node=\"4\">Eurodeputa\u021bii au aprobat cu o larg\u0103 majoritate (416 voturi pentru \u0219i 169 \u00eempotriv\u0103) decizia membrilor Comisiei pentru afaceri economice, care se pronun\u021baser\u0103 \u00een iunie pentru deschiderea negocierilor cu statele membre. Aceste discu\u021bii, care ar urma s\u0103 \u00eenceap\u0103 \u00een cur\u00e2nd, ar trebui s\u0103 permit\u0103 g\u0103sirea unui compromis cu cele 27 de state membre asupra proiectului de lege care vizeaz\u0103 crearea euro digital.<\/p>\n<p data-path-to-node=\"5\">Este un progres major pentru aceast\u0103 versiune dematerializat\u0103 a monedei euro, pe care Banca Central\u0103 European\u0103 (BCE) sper\u0103 s\u0103 o poat\u0103 lansa \u00een 2029, cu condi\u021bia ca legisla\u021bia necesar\u0103 s\u0103 fie adoptat\u0103 p\u00e2n\u0103 la sf\u00e2r\u0219itul anului. Utilizabil pentru pl\u0103\u021bi online, \u00een magazine sau \u00eentre persoane fizice, euro digital ar constitui o alternativ\u0103 european\u0103 la sistemele de plat\u0103 electronic\u0103 gestionate de operatori priva\u021bi, \u00een majoritate americani, cum ar fi Visa, Mastercard \u0219i American Express, dar \u0219i PayPal, Apple Pay sau Google Pay. Comisia European\u0103 propusese \u00eenc\u0103 din 2023 un proiect de lege pentru autorizarea euro digital, \u00eens\u0103 textul r\u0103m\u0103sese de atunci blocat \u00een Parlament, \u00een special din cauza temerilor legate de confiden\u021bialitatea pl\u0103\u021bilor \u0219i de protec\u021bia vie\u021bii private.<\/p>\n<p data-path-to-node=\"6\"><b data-index-in-node=\"0\" data-path-to-node=\"6\">Un cost astronomic<\/b><\/p>\n<p data-path-to-node=\"7\">De altfel, proiectul este comb\u0103tut vehement de sectorul bancar european, care \u00eei denun\u021b\u0103 costul astronomic \u0219i consider\u0103 c\u0103 acesta ar eclipsa solu\u021biile deja dezvoltate de industrie, precum platforma de pl\u0103\u021bi paneuropean\u0103 Wero. \u00cens\u0103 parlamentarii au renun\u021bat la reticen\u021be \u00een ultimele luni, \u00een numele ap\u0103r\u0103rii suveranit\u0103\u021bii europene \u00een domeniul pl\u0103\u021bilor.<\/p>\n<p data-path-to-node=\"8\">\u201eUnii prefer\u0103 s\u0103 v\u0103 sperie cu un scenariu distopic \u00een care euro digital ar fi folosit ca instrument de control\u201d, dar \u201ev\u0103 asigur c\u0103 mint, deoarece o majoritate din cadrul acestei adun\u0103ri a conceput un sistem care respect\u0103 cele mai stricte standarde de confiden\u021bialitate\u201d, a declarat \u00eenaintea votului europarlamentarul spaniol Fernando Navarrete Rojas (PPE, dreapta), raportorul Parlamentului pentru acest text.<\/p>\n<div class=\"inline-single-ad ad_single_3_index alignfull\">\n<div class=\"ad-wrap ad-script-wrap\">\n<div class=\"ad-script non-adsense edge-padding\">\n<div>\n\u203c\ufe0f\u203c\ufe0f NU recunoa\u0219tem ca pre\u0219edinte al Rom\u00e2niei pe marioneta retard\u0103 Nicu\u0219or Dan! Rom\u00e2ni, boicota\u021bi aceast\u0103 f\u0103c\u0103tur\u0103, care ne face \u021bara de r\u00e2s! NU rom\u00e2nii l-au votat pe Nicusoro\u0219 &#8211; cu unele excep\u021bii de persoane infantile, manipulabile \u0219i chiar idioate &#8211; ci l-au ajutat Maia Soro\u0219, Emanuel Macrou \u0219i tr\u0103d\u0103torii de la B.E.C. \u0219i CCR!<br \/>\n La \u00eenchisoare cu cei care au fraudat alegerile!\n<\/div>\n<\/div>\n<\/div>\n<\/div>\n<\/div>\n<div class=\"efoot efoot-commas h5\">\n<div class=\"efoot-bar tag-bar\"><span class=\"blabel is-meta\">TAGGED:<\/span><a href=\"https:\/\/ortodoxinfo.ro\/tag\/euro-digital\/\" rel=\"tag\">euro digital<\/a><\/div>\n<\/div>\n<\/div>\n<\/div>\n<div class=\"e-shared-sec entry-sec\">\n<div class=\"e-shared-header h4\"><span>Distribuie<\/span><\/div>\n<div class=\"rbbsl tooltips-n effect-fadeout is-bg\"><a class=\"share-action share-trigger icon-facebook\" aria-label=\"Share on Facebook\" href=\"https:\/\/www.facebook.com\/sharer.php?u=https%3A%2F%2Fortodoxinfo.ro%2F2026%2F07%2F11%2Fparlamentul-european-a-validat-proiectul-euro-digital-o-noua-amenintare-la-adresa-libertatii-individuale%2F\" data-title=\"Facebook\" rel=\"nofollow\"><span>Facebook<\/span><\/a><a class=\"share-action share-trigger icon-twitter\" aria-label=\"Share on X\" href=\"https:\/\/twitter.com\/intent\/tweet?text=Parlamentul+European+a+validat+proiectul+euro+digital%2C+o+nou%C4%83+amenin%C8%9Bare+la+adresa+libert%C4%83%C8%9Bii+individuale&amp;url=https%3A%2F%2Fortodoxinfo.ro%2F2026%2F07%2F11%2Fparlamentul-european-a-validat-proiectul-euro-digital-o-noua-amenintare-la-adresa-libertatii-individuale%2F&amp;via=ortodoxinforo\" data-title=\"X\" rel=\"nofollow\"><span>X<\/span><\/a><a class=\"share-action icon-whatsapp is-web\" aria-label=\"Share on Whatsapp\" href=\"https:\/\/web.whatsapp.com\/send?text=Parlamentul+European+a+validat+proiectul+euro+digital%2C+o+nou%C4%83+amenin%C8%9Bare+la+adresa+libert%C4%83%C8%9Bii+individuale%20%E2%98%9E%20https%3A%2F%2Fortodoxinfo.ro%2F2026%2F07%2F11%2Fparlamentul-european-a-validat-proiectul-euro-digital-o-noua-amenintare-la-adresa-libertatii-individuale%2F\" target=\"_blank\" data-title=\"WhatsApp\" rel=\"nofollow\"><span>Whatsapp<\/span><\/a><a class=\"share-action icon-whatsapp is-mobile\" aria-label=\"Share on Whatsapp\" href=\"\/\/send?text=Parlamentul+European+a+validat+proiectul+euro+digital%2C+o+nou%C4%83+amenin%C8%9Bare+la+adresa+libert%C4%83%C8%9Bii+individuale%20%E2%98%9E%20https%3A%2F%2Fortodoxinfo.ro%2F2026%2F07%2F11%2Fparlamentul-european-a-validat-proiectul-euro-digital-o-noua-amenintare-la-adresa-libertatii-individuale%2F\" target=\"_blank\" data-title=\"WhatsApp\" rel=\"nofollow\"><span>Whatsapp<\/span><\/a><a class=\"share-action share-trigger icon-telegram\" aria-label=\"Share on Telegram\" href=\"https:\/\/t.me\/share\/?url=https%3A%2F%2Fortodoxinfo.ro%2F2026%2F07%2F11%2Fparlamentul-european-a-validat-proiectul-euro-digital-o-noua-amenintare-la-adresa-libertatii-individuale%2F&amp;text=Parlamentul+European+a+validat+proiectul+euro+digital%2C+o+nou%C4%83+amenin%C8%9Bare+la+adresa+libert%C4%83%C8%9Bii+individuale\" data-title=\"Telegram\" rel=\"nofollow\"><span>Telegram<\/span><\/a><a class=\"share-action icon-copy copy-trigger\" aria-label=\"Copy Link\" href=\"https:\/\/ortodoxinfo.ro\/2026\/07\/11\/parlamentul-european-a-validat-proiectul-euro-digital-o-noua-amenintare-la-adresa-libertatii-individuale\/\" data-copied=\"Copied!\" data-link=\"https:\/\/ortodoxinfo.ro\/2026\/07\/11\/parlamentul-european-a-validat-proiectul-euro-digital-o-noua-amenintare-la-adresa-libertatii-individuale\/\" rel=\"nofollow\" data-copy=\"Copy Link\"><span>Copy Link<\/span><\/a><a class=\"share-action icon-print\" aria-label=\"Print\" rel=\"nofollow\" data-title=\"Print\"><span>Print<\/span><\/a><\/div>\n<\/div>\n<\/div>\n<div id=\"tabs\" class=\"dntplgn_form_wrapper\"><span><\/p>\n<h2>\u0218tirile sunt sub cenzur\u0103! Sprijini\u021bi OrtodoxINFO!<\/h2>\n<p>Guvernul nu dore\u0219te aflarea adev\u0103rului despre lovitura de stat \u0219i \u00eengenuncherea Rom\u00e2niei. \u00cencerc\u0103m s\u0103 men\u021binem viu acest site \u0219i s\u0103 v\u0103 punem la dispozi\u021bie informa\u021bii care s\u0103 fac\u0103 lumin\u0103 \u00een cea mai mare provocare pe care o tr\u0103im. Jurnalismul independent al portalului OrtodoxINFO func\u021bioneaz\u0103 strict cu ajutorul cititorilor.<br \/>\nNe pute\u021bi sprijini printr-o <b><a href=\"https:\/\/ortodoxinfo.ro\/donatii\/\">dona\u021bie bancar\u0103<\/a> sau prin PayPal, complet\u00e2nd formularul de mai jos.<\/b><\/span><\/p>\n<ul>\n<li><a href=\"https:\/\/ortodoxinfo.ro\/2026\/07\/11\/parlamentul-european-a-validat-proiectul-euro-digital-o-noua-amenintare-la-adresa-libertatii-individuale\/#tabs-1\">Dona\u021bie lunar\u0103<\/a><\/li>\n<li><a href=\"https:\/\/ortodoxinfo.ro\/2026\/07\/11\/parlamentul-european-a-validat-proiectul-euro-digital-o-noua-amenintare-la-adresa-libertatii-individuale\/#tabs-2\">Doar acum<\/a><\/li>\n<\/ul>\n<div id=\"tabs-1\"><img loading=\"lazy\" decoding=\"async\" alt border=\"0\" src=\"https:\/\/www.paypalobjects.com\/en_US\/i\/scr\/pixel.gif\" width=\"1\" height=\"1\"><\/div>\n<div id=\"tabs-2\">\n<p>\t\t     \u20ac<\/p>\n<p>\t\t    <img loading=\"lazy\" decoding=\"async\" alt border=\"0\" src=\"https:\/\/www.paypalobjects.com\/en_US\/i\/scr\/pixel.gif\" width=\"1\" height=\"1\"><\/div>\n<p>Mul\u021bumim celor care ne-au ajutat p\u00e2n\u0103 acum!\n\t<\/p><\/div>\n<div class=\"comment-box-wrap entry-sec\">\n<div class=\"comment-box-header\"><span class=\"h3\">Las\u0103 un comentariu<\/span><\/div>\n<div class=\"comment-holder no-comment\">\n<div id=\"comments\" class=\"comments-area\">\n<div id=\"respond\" class=\"comment-respond\">\n<h3 id=\"reply-title\" class=\"comment-reply-title\">Las\u0103 un r\u0103spuns <small><a rel=\"nofollow\" id=\"cancel-comment-reply-link\" href=\"https:\/\/ortodoxinfo.ro\/2026\/07\/11\/parlamentul-european-a-validat-proiectul-euro-digital-o-noua-amenintare-la-adresa-libertatii-individuale\/#respond\">Anuleaz\u0103 r\u0103spunsul<\/a><\/small><\/h3>\n<p class=\"comment-notes\"><span id=\"email-notes\">Adresa ta de email nu va fi publicat\u0103.<\/span><span class=\"required-field-message\">C\u00e2mpurile obligatorii sunt marcate cu <span class=\"required\">*<\/span><\/span><\/p>\n<\/div>\n<\/div>\n<\/div>\n<\/div>\n<\/div>\n<div class=\"sidebar-wrap single-sidebar\">\n<div class=\"sidebar-inner clearfix\">\n<div id=\"widget-post-2\" class=\"widget rb-section w-sidebar clearfix widget-post\">\n<div class=\"block-h widget-heading heading-layout-1\">\n<div class=\"heading-inner\">\n<h4 class=\"heading-title\"><span>Articole recente<\/span><\/h4>\n<\/div>\n<\/div>\n<div class=\"widget-p-listing\">\n<div class=\"p-wrap p-small p-list-small-2\" data-pid=\"247460\">\n<div class=\"feat-holder\">\n<div class=\"p-featured ratio-v1\"><a class=\"p-flink\" href=\"https:\/\/ortodoxinfo.ro\/2026\/07\/11\/trump-a-lasat-instructiuni-pentru-pentagon-in-situatia-in-care-ar-fi-asasinat-de-iran-sa-i-bombardati-cu-o-forta-cum-nu-s-a-mai-vazut\/\" title=\"Trump a l\u0103sat instruc\u021biuni pentru Pentagon, \u00een situa\u0163ia \u00een care ar fi asasinat de Iran. \u201eS\u0103-i bombarda\u021bi cu o for\u021b\u0103 cum nu s-a mai v\u0103zut\u201d\"><img decoding=\"async\" width=\"150\" height=\"150\" src=\"https:\/\/ortodoxinfo.ro\/wp-content\/uploads\/2026\/07\/Trump-1-2.webp-150x150.webp\" class=\"featured-img wp-post-image\" alt loading=\"lazy\"><\/a><\/div>\n<\/div>\n<div class=\"p-content\">\n<h5 class=\"entry-title\"><a class=\"p-url\" href=\"https:\/\/ortodoxinfo.ro\/2026\/07\/11\/trump-a-lasat-instructiuni-pentru-pentagon-in-situatia-in-care-ar-fi-asasinat-de-iran-sa-i-bombardati-cu-o-forta-cum-nu-s-a-mai-vazut\/\" rel=\"bookmark\">Trump a l\u0103sat instruc\u021biuni pentru Pentagon, \u00een situa\u0163ia \u00een care ar fi asasinat de Iran. \u201eS\u0103-i bombarda\u021bi cu o for\u021b\u0103 cum nu s-a mai v\u0103zut\u201d<\/a><\/h5>\n<div class=\"p-meta\">\n<div class=\"meta-inner is-meta\"><span class=\"meta-el meta-date\"><time datetime=\"2026-07-11T11:30:04+03:00\">11 iulie 2026<\/time><\/span><span class=\"meta-el meta-category meta-bold\"><a class=\"meta-separate category-20293\" href=\"https:\/\/ortodoxinfo.ro\/category\/anti-sistem\/al-iii-lea-razboi-mondial\/iran\/\">IRAN<\/a><\/span><span class=\"meta-el meta-view\">4.1k vizualiz\u0103ri\t\t<\/span><\/div>\n<\/div>\n<\/div>\n<\/div>\n<div class=\"p-wrap p-small p-list-small-2\" data-pid=\"247253\">\n<div class=\"feat-holder\">\n<div class=\"p-featured ratio-v1\"><a class=\"p-flink\" href=\"https:\/\/ortodoxinfo.ro\/2026\/07\/10\/ce-s-a-ales-de-promisiunea-lui-bolojan-de-la-inceput-de-mandat-ca-va-salva-economia-a-preluat-o-tara-cu-o-prognoza-de-crestere-de-24-pentru-2026-iar-datele-oficiale-arata-acum-o-scadere-de-12-o\/\" title=\"Ce s-a ales de promisiunea lui Bolojan de la \u00eenceput de mandat c\u0103 va salva economia. A preluat o \u021bar\u0103 cu o prognoz\u0103 de cre\u0219tere de 2,4% pentru 2026, iar datele oficiale arat\u0103 acum o sc\u0103dere de -1,2%. O gaur\u0103 de peste 70 de miliarde de lei\"><img decoding=\"async\" width=\"150\" height=\"150\" src=\"https:\/\/ortodoxinfo.ro\/wp-content\/uploads\/2026\/07\/8053170-mediafax_foto-andreea_alexandru-scaled-150x150.jpg\" class=\"featured-img wp-post-image\" alt loading=\"lazy\"><\/a><\/div>\n<\/div>\n<div class=\"p-content\">\n<h5 class=\"entry-title\"><a class=\"p-url\" href=\"https:\/\/ortodoxinfo.ro\/2026\/07\/10\/ce-s-a-ales-de-promisiunea-lui-bolojan-de-la-inceput-de-mandat-ca-va-salva-economia-a-preluat-o-tara-cu-o-prognoza-de-crestere-de-24-pentru-2026-iar-datele-oficiale-arata-acum-o-scadere-de-12-o\/\" rel=\"bookmark\">Ce s-a ales de promisiunea lui Bolojan de la \u00eenceput de mandat c\u0103 va salva economia. A preluat o \u021bar\u0103 cu o prognoz\u0103 de cre\u0219tere de 2,4% pentru 2026, iar datele oficiale arat\u0103 acum o sc\u0103dere de -1,2%. O gaur\u0103 de peste 70 de miliarde de lei<\/a><\/h5>\n<div class=\"p-meta\">\n<div class=\"meta-inner is-meta\"><span class=\"meta-el meta-date\"><time datetime=\"2026-07-10T15:06:52+03:00\">10 iulie 2026<\/time><\/span><span class=\"meta-el meta-category meta-bold\"><a class=\"meta-separate category-19885\" href=\"https:\/\/ortodoxinfo.ro\/category\/anti-sistem\/anti-romanism\/asasinii-tarii\/\">Asasinii \u021b\u0103rii<\/a><\/span><span class=\"meta-el meta-view\">5.8k vizualiz\u0103ri\t\t<\/span><\/div>\n<\/div>\n<\/div>\n<\/div>\n<div class=\"p-wrap p-small p-list-small-2\" data-pid=\"247242\">\n<div class=\"feat-holder\">\n<div class=\"p-featured ratio-v1\"><a class=\"p-flink\" href=\"https:\/\/ortodoxinfo.ro\/2026\/07\/10\/guvernul-demis-bolojan-vrea-ca-banii-din-pensii-private-sa-finanteze-industria-de-armament-avertismentul-asf-sumele-ar-putea-ajunge-la-alte-tari\/\" title=\"Guvernul demis Bolojan vrea ca banii din pensii private s\u0103 finan\u021beze industria de armament. Avertismentul ASF: Sumele ar putea ajunge la alte \u021b\u0103ri\"><img decoding=\"async\" width=\"150\" height=\"150\" src=\"https:\/\/ortodoxinfo.ro\/wp-content\/uploads\/2026\/07\/befunky-collage-20-150x150.jpg\" class=\"featured-img wp-post-image\" alt loading=\"lazy\"><\/a><\/div>\n<\/div>\n<div class=\"p-content\">\n<h5 class=\"entry-title\"><a class=\"p-url\" href=\"https:\/\/ortodoxinfo.ro\/2026\/07\/10\/guvernul-demis-bolojan-vrea-ca-banii-din-pensii-private-sa-finanteze-industria-de-armament-avertismentul-asf-sumele-ar-putea-ajunge-la-alte-tari\/\" rel=\"bookmark\">Guvernul demis Bolojan vrea ca banii din pensii private s\u0103 finan\u021beze industria de armament. Avertismentul ASF: Sumele ar putea ajunge la alte \u021b\u0103ri<\/a><\/h5>\n<div class=\"p-meta\">\n<div class=\"meta-inner is-meta\"><span class=\"meta-el meta-date\"><time datetime=\"2026-07-10T12:32:27+03:00\">10 iulie 2026<\/time><\/span><span class=\"meta-el meta-category meta-bold\"><a class=\"meta-separate category-19885\" href=\"https:\/\/ortodoxinfo.ro\/category\/anti-sistem\/anti-romanism\/asasinii-tarii\/\">Asasinii \u021b\u0103rii<\/a><\/span><span class=\"meta-el meta-view\">7.7k vizualiz\u0103ri\t\t<\/span><\/div>\n<\/div>\n<\/div>\n<\/div>\n<div class=\"p-wrap p-small p-list-small-2\" data-pid=\"247209\">\n<div class=\"feat-holder\">\n<div class=\"p-featured ratio-v1\"><a class=\"p-flink\" href=\"https:\/\/ortodoxinfo.ro\/2026\/07\/10\/botii-lui-bolojan-au-manipulat-sondajele-gandul-suspiciuni-despre-o-campanie-digitala-organizata\/\" title=\"Bo\u021bii lui Bolojan au manipulat sondajele G\u00e2ndul: suspiciuni despre o campanie digital\u0103 organizat\u0103\"><img decoding=\"async\" width=\"150\" height=\"150\" src=\"https:\/\/ortodoxinfo.ro\/wp-content\/uploads\/2026\/07\/bolojan-si-sondajele-gandul-suspiciuni-despre-o-neurocontent-150x150.jpg\" class=\"featured-img wp-post-image\" alt loading=\"lazy\"><\/a><\/div>\n<\/div>\n<div class=\"p-content\">\n<h5 class=\"entry-title\"><a class=\"p-url\" href=\"https:\/\/ortodoxinfo.ro\/2026\/07\/10\/botii-lui-bolojan-au-manipulat-sondajele-gandul-suspiciuni-despre-o-campanie-digitala-organizata\/\" rel=\"bookmark\">Bo\u021bii lui Bolojan au manipulat sondajele G\u00e2ndul: suspiciuni despre o campanie digital\u0103 organizat\u0103<\/a><\/h5>\n<div class=\"p-meta\">\n<div class=\"meta-inner is-meta\"><span class=\"meta-el meta-date\"><time datetime=\"2026-07-10T12:29:25+03:00\">10 iulie 2026<\/time><\/span><span class=\"meta-el meta-category meta-bold\"><a class=\"meta-separate category-17748\" href=\"https:\/\/ortodoxinfo.ro\/category\/anti-sistem\/globalizare\/neo-marxism\/\">Neo-marxism<\/a><\/span><span class=\"meta-el meta-view\">5.1k vizualiz\u0103ri\t\t<\/span><\/div>\n<\/div>\n<\/div>\n<\/div>\n<\/div>\n<\/div>\n<div id=\"custom_html-2\" class=\"widget_text widget rb-section w-sidebar clearfix widget_custom_html\">\n<div class=\"block-h widget-heading heading-layout-1\">\n<div class=\"heading-inner\">\n<h4 class=\"heading-title\"><span>DONA\u021aII \u00een cont bancar<\/span><\/h4>\n<\/div>\n<\/div>\n<div class=\"textwidget custom-html-widget\">\n<table class=\"donatii\">\n<tbody>\n<tr>\n<th colspan=\"2\"><strong><span>Asicia\u021bia SMI-B<\/span><\/strong><\/th>\n<\/tr>\n<tr>\n<th>Cont LEI<\/th>\n<td>RO67CECEB00030RON2081955<\/td>\n<\/tr>\n<tr>\n<th>Cont EURO<\/th>\n<td>RO33CECEB000C1EUR2081978<\/td>\n<\/tr>\n<tr>\n<th>Cod SWIFT<\/th>\n<td>CECEROBU<\/td>\n<\/tr>\n<tr>\n<th colspan=\"2\"><strong>CEC BANK SA<\/strong><\/th>\n<\/tr>\n<\/tbody>\n<\/table>\n<\/div>\n<\/div>\n<\/div>\n<\/div>\n<\/div>\n<\/article>\n<div class=\"entry-content rbct clearfix is-highlight-shares\">\n<p data-path-to-node=\"0\"><strong>Decizia recent\u0103 a Parlamentului European de a relansa negocierile pentru implementarea euro digital a fost prezentat\u0103 la Bruxelles drept un succes major pentru \u201esuveranitatea economic\u0103\u201d, scrie <a href=\"https:\/\/www.boursorama.com\/actualite-economique\/actualites\/souverainete-europeenne-le-projet-de-l-euro-numerique-soutenu-par-le-parlement-europeen-la-bce-espere-un-lancement-en-2029-0faec506e79811e425c879c54bf50cf2\" target=\"_blank\" rel=\"noopener\">Bouorsorma<\/a>. \u00cen spatele retoricii institu\u021bionale se ascund \u00eens\u0103 vulnerabilit\u0103\u021bi majore pe care oficialii evit\u0103 s\u0103 le discute deschis. Dincolo de costurile uria\u0219e reclamate de sectorul bancar, centralizarea pl\u0103\u021bilor sub umbrela B\u0103ncii Centrale Europene creeaz\u0103 un precedent periculos pentru confiden\u021bialitatea datelor \u0219i deschide u\u0219a unui control de stat f\u0103r\u0103 precedent asupra tranzac\u021biilor private. \u00centr-o epoc\u0103 \u00een care digitalizarea elimin\u0103 treptat alternativele fizice, transformarea banilor \u00eentr-un instrument complet monitorizat de autorit\u0103\u021bi risc\u0103 s\u0103 limiteze sever autonomia financiar\u0103 a cet\u0103\u021benilor \u0219i s\u0103 sporeasc\u0103 vulnerabilitatea acestora \u00een fa\u021ba eventualelor abuzuri administrative sau erori de sistem,<\/strong><\/p>\n<p data-path-to-node=\"1\"><b data-index-in-node=\"0\" data-path-to-node=\"1\">Suveranitate european\u0103: proiectul euro digital este sus\u021binut de Parlamentul European, iar BCE sper\u0103 la o lansare \u00een 2029<\/b><\/p>\n<p data-path-to-node=\"2\">Euro digital ar reprezenta o alternativ\u0103 european\u0103 la sistemele de plat\u0103 electronic\u0103 gestionate de operatori priva\u021bi, \u00een cea mai mare parte americani, precum Visa, Mastercard \u0219i American Express, dar \u0219i PayPal, Apple Pay sau Google Pay.<\/p>\n<p data-path-to-node=\"3\">Un nou pas \u00eenainte c\u0103tre crearea versiunii dematerializate a monedei euro. Parlamentul European a validat joi, 9 iulie, la Strasbourg, reluarea discu\u021biilor privind proiectul euro digital, care erau aproape \u00een impas de trei ani.<\/p>\n<p data-path-to-node=\"4\">Eurodeputa\u021bii au aprobat cu o larg\u0103 majoritate (416 voturi pentru \u0219i 169 \u00eempotriv\u0103) decizia membrilor Comisiei pentru afaceri economice, care se pronun\u021baser\u0103 \u00een iunie pentru deschiderea negocierilor cu statele membre. Aceste discu\u021bii, care ar urma s\u0103 \u00eenceap\u0103 \u00een cur\u00e2nd, ar trebui s\u0103 permit\u0103 g\u0103sirea unui compromis cu cele 27 de state membre asupra proiectului de lege care vizeaz\u0103 crearea euro digital.<\/p>\n<p data-path-to-node=\"5\">Este un progres major pentru aceast\u0103 versiune dematerializat\u0103 a monedei euro, pe care Banca Central\u0103 European\u0103 (BCE) sper\u0103 s\u0103 o poat\u0103 lansa \u00een 2029, cu condi\u021bia ca legisla\u021bia necesar\u0103 s\u0103 fie adoptat\u0103 p\u00e2n\u0103 la sf\u00e2r\u0219itul anului. Utilizabil pentru pl\u0103\u021bi online, \u00een magazine sau \u00eentre persoane fizice, euro digital ar constitui o alternativ\u0103 european\u0103 la sistemele de plat\u0103 electronic\u0103 gestionate de operatori priva\u021bi, \u00een majoritate americani, cum ar fi Visa, Mastercard \u0219i American Express, dar \u0219i PayPal, Apple Pay sau Google Pay. Comisia European\u0103 propusese \u00eenc\u0103 din 2023 un proiect de lege pentru autorizarea euro digital, \u00eens\u0103 textul r\u0103m\u0103sese de atunci blocat \u00een Parlament, \u00een special din cauza temerilor legate de confiden\u021bialitatea pl\u0103\u021bilor \u0219i de protec\u021bia vie\u021bii private.<\/p>\n<p data-path-to-node=\"6\"><b data-index-in-node=\"0\" data-path-to-node=\"6\">Un cost astronomic<\/b><\/p>\n<p data-path-to-node=\"7\">De altfel, proiectul este comb\u0103tut vehement de sectorul bancar european, care \u00eei denun\u021b\u0103 costul astronomic \u0219i consider\u0103 c\u0103 acesta ar eclipsa solu\u021biile deja dezvoltate de industrie, precum platforma de pl\u0103\u021bi paneuropean\u0103 Wero. \u00cens\u0103 parlamentarii au renun\u021bat la reticen\u021be \u00een ultimele luni, \u00een numele ap\u0103r\u0103rii suveranit\u0103\u021bii europene \u00een domeniul pl\u0103\u021bilor.<\/p>\n<p data-path-to-node=\"8\">\u201eUnii prefer\u0103 s\u0103 v\u0103 sperie cu un scenariu distopic \u00een care euro digital ar fi folosit ca instrument de control\u201d, dar \u201ev\u0103 asigur c\u0103 mint, deoarece o majoritate din cadrul acestei adun\u0103ri a conceput un sistem care respect\u0103 cele mai stricte standarde de confiden\u021bialitate\u201d, a declarat \u00eenaintea votului europarlamentarul spaniol Fernando Navarrete Rojas (PPE, dreapta), raportorul Parlamentului pentru acest text.<\/p>\n<div class=\"inline-single-ad ad_single_3_index alignfull\">\n<div class=\"ad-wrap ad-script-wrap\">\n<div class=\"ad-script non-adsense edge-padding\">\n<div>\n\u203c\ufe0f\u203c\ufe0f NU recunoa\u0219tem ca pre\u0219edinte al Rom\u00e2niei pe marioneta retard\u0103 Nicu\u0219or Dan! Rom\u00e2ni, boicota\u021bi aceast\u0103 f\u0103c\u0103tur\u0103, care ne face \u021bara de r\u00e2s! NU rom\u00e2nii l-au votat pe Nicusoro\u0219 &#8211; cu unele excep\u021bii de persoane infantile, manipulabile \u0219i chiar idioate &#8211; ci l-au ajutat Maia Soro\u0219, Emanuel Macrou \u0219i tr\u0103d\u0103torii de la B.E.C. \u0219i CCR!<br \/>\n La \u00eenchisoare cu cei care au fraudat alegerile!\n<\/div>\n<\/div>\n<\/div>\n<\/div>\n<\/div>\n<p>[analyse_source url=&#8221;https:\/\/ortodoxinfo.ro\/2026\/07\/11\/parlamentul-european-a-validat-proiectul-euro-digital-o-noua-amenintare-la-adresa-libertatii-individuale\/&#8221;]<\/p>\n","protected":false},"excerpt":{"rendered":"<p>[analyse_image type=&#8221;featured&#8221; src=&#8221;https:\/\/ortodoxinfo.ro\/wp-content\/uploads\/2026\/07\/parlamentul-european-a-validat-proiectul-euro-digital-o-noua-amenintare-la-adresa-libertatii-individ.jpeghttps:\/\/ortodoxinfo.ro\/wp-content\/uploads\/2026\/07\/parlamentul-european-a-validat-proiectul-euro-digital-o-noua-amenintare-la-adresa-libertatii-individ.jpeg&#8221;] Prima pagin\u0103 \u00bb Blog \u00bb Parlamentul European a validat proiectul euro digital, o nou\u0103 amenin\u021bare la adresa libert\u0103\u021bii individuale Parlamentul European a validat proiectul euro digital, o nou\u0103 amenin\u021bare la adresa libert\u0103\u021bii individuale 11 iulie 2026Disparitia banilor cash4.8k vizualiz\u0103ri Comentarii Share 4 Min Read SHARE OrtodoxINFO este supus unui sabotaj sistematic din [&hellip;]<\/p>\n","protected":false},"author":1,"featured_media":0,"comment_status":"open","ping_status":"","sticky":false,"template":"","format":"standard","meta":{"footnotes":""},"categories":[89],"tags":[226,94],"class_list":["post-2038577","post","type-post","status-publish","format-standard","hentry","category-romania","tag-crawlmanager","tag-ortodoxinfo-ro"],"_links":{"self":[{"href":"https:\/\/analyse.optim.biz\/index.php?rest_route=\/wp\/v2\/posts\/2038577","targetHints":{"allow":["GET"]}}],"collection":[{"href":"https:\/\/analyse.optim.biz\/index.php?rest_route=\/wp\/v2\/posts"}],"about":[{"href":"https:\/\/analyse.optim.biz\/index.php?rest_route=\/wp\/v2\/types\/post"}],"author":[{"embeddable":true,"href":"https:\/\/analyse.optim.biz\/index.php?rest_route=\/wp\/v2\/users\/1"}],"replies":[{"embeddable":true,"href":"https:\/\/analyse.optim.biz\/index.php?rest_route=%2Fwp%2Fv2%2Fcomments&post=2038577"}],"version-history":[{"count":0,"href":"https:\/\/analyse.optim.biz\/index.php?rest_route=\/wp\/v2\/posts\/2038577\/revisions"}],"wp:attachment":[{"href":"https:\/\/analyse.optim.biz\/index.php?rest_route=%2Fwp%2Fv2%2Fmedia&parent=2038577"}],"wp:term":[{"taxonomy":"category","embeddable":true,"href":"https:\/\/analyse.optim.biz\/index.php?rest_route=%2Fwp%2Fv2%2Fcategories&post=2038577"},{"taxonomy":"post_tag","embeddable":true,"href":"https:\/\/analyse.optim.biz\/index.php?rest_route=%2Fwp%2Fv2%2Ftags&post=2038577"}],"curies":[{"name":"wp","href":"https:\/\/api.w.org\/{rel}","templated":true}]}}