{"id":203852,"date":"2014-06-01T22:16:38","date_gmt":"2014-06-01T19:16:38","guid":{"rendered":"https:\/\/analyse.optim.biz\/?p=203852"},"modified":"2014-06-01T22:16:38","modified_gmt":"2014-06-01T19:16:38","slug":"unificarea-dreptei-e-nicolaescu-au-fost-tatonari-si-inainte-de-europarlamentare-c-predoiu-nu-au-fost-discutii-oficiale","status":"publish","type":"post","link":"https:\/\/analyse.optim.biz\/?p=203852","title":{"rendered":"Unificarea dreptei. E. Nicol\u0103escu: Au fost taton\u0103ri \u0219i \u00eenainte de europarlamentare. C. Predoiu: Nu au fost discu\u021bii oficiale"},"content":{"rendered":"<div class=\"entry data-app-meta data-app-meta-article\" data-embed-base-url-canonical=\"https:\/\/www.digi24.ro\/embed\/stiri\/actualitate\/politica\/unificarea-dreptei-e-nicolaescu-au-fost-tatonari-si-inainte-de-europarlamentare-c-predoiu-nu-au-fost-discutii-oficiale-250525\">\n<p data-index=\"1\">Invita\u021bi la emisiunea \u201eKilometrul 0\u201d, Eugen Nicol\u0103escu \u0219i C\u0103t\u0103lin Predoiu au vorbit despre <a href=\"http:\/\/bit.ly\/1rzo2C8\" target=\"_blank\" data-skip-linkfix=\"1\" rel=\"noopener\"><strong>eforturile de unificare a dreptei<\/strong><\/a>.<\/p>\n<p data-index=\"2\">Potrivit lui Eugen Nicol\u0103escu \u201eacest lucru s-a v\u0103zut cu ochiul liber c\u0103 trebuie s\u0103 se fac\u0103 dup\u0103 ie\u0219irea PNL din USL\u201d. \u201eDeci dup\u0103 25 februarie, c\u00e2nd noi am luat decizia clar\u0103 c\u0103 ne desprindem de acea construc\u021bie politic\u0103, noi nu aveam un alt drum. <em><strong>\u0218i sigur, dac\u0103 a\u021bi observat, au fost taton\u0103ri<\/strong><\/em>\u201d, a declarat vicepre\u0219edintele interimar al PNL. <\/p>\n<p data-index=\"3\">\u201e<span>Ne-am \u0219i preg\u0103tit foarte bine alegerile europarlamentare \u0219i pentru acest moment decisiv, p\u00e2n\u0103 la urm\u0103, \u00een care am semnat a doua zi dup\u0103 alegerile europarlamentare\u201d,<em><strong> a ad\u0103ugat Eugen Nicol\u0103escu.<\/strong><\/em><\/span><\/p>\n<p data-index=\"4\"><strong>\u201e<em><span>Nu au fost discu\u021bii oficiale \u00eenainte de 25 mai. Prima apropiere politic\u0103 a fost mo\u021biunea de cenzur\u0103, acolo au fost semn\u0103turi din partea ambelor partide. Din p\u0103cate, o mo\u021biune care a e\u0219uat, dar a ar\u0103tat clar c\u0103 exist\u0103 o inten\u021bie comun\u0103 de a face opozi\u021bie, de a sanc\u021biona derapajele Guvernului Ponta\u201d, a declarat, la r\u00e2ndul s\u0103u, C\u0103t\u0103lin Predoiu. <\/span><\/em><\/strong><\/p>\n<p data-index=\"5\">Liderii PNL \u015fi PDL s-au \u00eent\u00e2lnit, s\u0103pt\u0103m\u00e2na aceasta,<a href=\"https:\/\/www.digi24.ro\/Stiri\/Digi24\/Actualitate\/Politica\/Intalnire+PNL-PDL+negocieri+candidat+presedintie\" target=\"_blank\" data-skip-linkfix=\"1\" rel=\"noopener\"><strong> pentru primele negocieri oficiale<\/strong><\/a>. Vasile Blaga \u0219i Crin Antonescu au anun\u021bat c\u0103, \u00een toamn\u0103, cele dou\u0103 forma\u021biuni vor sus\u021bine un candidat comun la pre\u0219edin\u021bie \u0219i c\u0103 \u00eencep demersurile pentru fuziunea celor dou\u0103 partide.<\/p>\n<p data-index=\"6\">\u201e<span>Dac\u0103 \u0219i al\u021bii vor vrea s\u0103 se al\u0103ture, cu at\u00e2t mai bine, dar noi discut\u0103m o fuziune \u00een timp \u0219i o alian\u021b\u0103 imediat\u0103. Din seara asta suntem alia\u021bi\u201d, a spus Crin Antonescu.<\/span><\/p>\n<p data-index=\"7\">S\u00e2mb\u0103t\u0103, <a href=\"https:\/\/www.digi24.ro\/Stiri\/Digi24\/Actualitate\/Politica\/Crin+Antonescu+renunta+sa+mai+candideze+la+presedintia+Romaniei\" target=\"_blank\" data-skip-linkfix=\"1\" rel=\"noopener\"><strong>acesta a anun\u021bat c\u0103 renun\u021b\u0103<\/strong><\/a> s\u0103 mai candideze la pre\u0219edin\u021bia Rom\u00e2niei \u0219i a cerut dreptei unificate s\u0103 g\u0103seasc\u0103 rapid cel mai bun candidat posibil. Crin Antonescu a mai spus c\u0103 renun\u021b\u0103 \u0219i la conducerea interimar\u0103 a partidului.<\/p>\n<\/div>\n<p> Source URL: https:\/\/www.digi24.ro\/stiri\/actualitate\/politica\/unificarea-dreptei-e-nicolaescu-au-fost-tatonari-si-inainte-de-europarlamentare-c-predoiu-nu-au-fost-discutii-oficiale-250525<\/p>\n","protected":false},"excerpt":{"rendered":"<p>Invita\u021bi la emisiunea \u201eKilometrul 0\u201d, Eugen Nicol\u0103escu \u0219i C\u0103t\u0103lin Predoiu au vorbit despre eforturile de unificare a dreptei. Potrivit lui Eugen Nicol\u0103escu \u201eacest lucru s-a v\u0103zut cu ochiul liber c\u0103 trebuie s\u0103 se fac\u0103 dup\u0103 ie\u0219irea PNL din USL\u201d. \u201eDeci dup\u0103 25 februarie, c\u00e2nd noi am luat decizia clar\u0103 c\u0103 ne desprindem de acea construc\u021bie [&hellip;]<\/p>\n","protected":false},"author":1,"featured_media":203853,"comment_status":"open","ping_status":"","sticky":false,"template":"","format":"standard","meta":{"footnotes":""},"categories":[2],"tags":[11],"class_list":["post-203852","post","type-post","status-publish","format-standard","has-post-thumbnail","hentry","category-politics","tag-digi24"],"_links":{"self":[{"href":"https:\/\/analyse.optim.biz\/index.php?rest_route=\/wp\/v2\/posts\/203852","targetHints":{"allow":["GET"]}}],"collection":[{"href":"https:\/\/analyse.optim.biz\/index.php?rest_route=\/wp\/v2\/posts"}],"about":[{"href":"https:\/\/analyse.optim.biz\/index.php?rest_route=\/wp\/v2\/types\/post"}],"author":[{"embeddable":true,"href":"https:\/\/analyse.optim.biz\/index.php?rest_route=\/wp\/v2\/users\/1"}],"replies":[{"embeddable":true,"href":"https:\/\/analyse.optim.biz\/index.php?rest_route=%2Fwp%2Fv2%2Fcomments&post=203852"}],"version-history":[{"count":0,"href":"https:\/\/analyse.optim.biz\/index.php?rest_route=\/wp\/v2\/posts\/203852\/revisions"}],"wp:featuredmedia":[{"embeddable":true,"href":"https:\/\/analyse.optim.biz\/index.php?rest_route=\/wp\/v2\/media\/203853"}],"wp:attachment":[{"href":"https:\/\/analyse.optim.biz\/index.php?rest_route=%2Fwp%2Fv2%2Fmedia&parent=203852"}],"wp:term":[{"taxonomy":"category","embeddable":true,"href":"https:\/\/analyse.optim.biz\/index.php?rest_route=%2Fwp%2Fv2%2Fcategories&post=203852"},{"taxonomy":"post_tag","embeddable":true,"href":"https:\/\/analyse.optim.biz\/index.php?rest_route=%2Fwp%2Fv2%2Ftags&post=203852"}],"curies":[{"name":"wp","href":"https:\/\/api.w.org\/{rel}","templated":true}]}}