{"id":2038503,"date":"2026-07-11T09:04:34","date_gmt":"2026-07-11T06:04:34","guid":{"rendered":"https:\/\/analyse.optim.biz\/?p=2038503"},"modified":"2026-07-11T09:04:34","modified_gmt":"2026-07-11T06:04:34","slug":"red-bull-insists-its-all-rosy-at-the-tour-de-france-after-evenepoel-lashes-out-at-lipowitz","status":"publish","type":"post","link":"https:\/\/analyse.optim.biz\/?p=2038503","title":{"rendered":"Red Bull Insists It&#8217;s All Rosy at the Tour de France after Evenepoel Lashes out at Lipowitz"},"content":{"rendered":"<p>[analyse_image type=&#8221;featured&#8221; src=&#8221;https:\/\/velo-cdn.outsideonline.com\/wp-content\/uploads\/2026\/07\/GettyImages-2284354189-scaled.jpg&#8221;]<\/p>\n<div class=\"content-wrap fp-contentTarget\">\n<div class=\"article-body\">\n<div class=\"mb-base-loose flex flex-wrap gap-(--spacing-base)\"><!--$--><\/p>\n<div class=\"fp-remove flex items-center justify-start gap-(--spacing-base-tight)\"><span class=\"font-utility-2 font-bold text-primary\">Jim Cotton<\/span><\/div>\n<p><!--\/$--><\/div>\n<div class=\"pub-date font-utility-2 text-secondary\">Updated July 11, 2026 06:15AM<\/div>\n<div class=\"mt-base-loose\"><\/div>\n<\/div>\n<div class=\"tts-player relative w-full\">\n<div id=\"beyondwords-player\"><\/div>\n<\/div>\n<p>The footage is in: there\u2019s no beef between Remco Evenepoel and Florian Lipowitz at the Tour de France.<\/p>\n<p class=\"aspect-video\">\n<p>Red Bull-Bora-Hansgrohe moved fast to present a united front between its two co-leaders Friday after Evenepoel threw shade at Lipowitz in the aftermath of Thursday\u2019s stage.<\/p>\n<p>Evenepoel had gotten spicy with his teammate after Tadej Poga\u010dar blew the race apart in the Pyr\u00e9n\u00e9es.<\/p>\n<p>\u201cI asked for a lead-out and didn\u2019t get one,\u201d Evenepoel said Thursday. \u201cI was angry, and rightly so.<\/p>\n<p>\u201cIn the Volta a Catalunya, I led the way for him [<em>i.e., Lipowitz<\/em>] for 30 kilometers. I asked him to lead for one kilometer, but that didn\u2019t happen. That made me angry,\u201d Evenepoel said after Thursday\u2019s mountain stage.<\/p>\n<p>It was an outburst that no doubt proved worrisome for the Red Bull-Bora-Hansghrohe P.R. machine.<\/p>\n<p>Its debut as a <em>bona-fide<\/em> Tour de France superteam was going off the rails before the first rest day.<\/p>\n<p>Red Bull-Bora-Hansgrohe posted a reel to Instagram ahead of stage 7 on Friday to make it clear \u2013 Remco and Lipo are chill.<\/p>\n<div class=\"ad-placeholder-wrapper relative w-full border-t border-b border-border-light col-span-full my-3 md:col-span-10 md:col-start-2\">\n<div class=\"mb-[30px] min-h-[30px] text-center\"><span class=\"font-utility-4 font-medium tracking-[1px] text-neutral-500 uppercase\">ADVERTISEMENT<\/span><\/div>\n<div class=\"ad-placeholder -mt-[30px] mb-[30px] flex min-h-[250px] w-full items-center justify-center\">\n<div class=\"w-full \">\n<div id=\"in-content-leaderboard-in-content-leaderboard-I0-P0-CMI0\" class=\"flex justify-center text-left\"><\/div>\n<\/div>\n<\/div>\n<\/div>\n<p>\u201cWe\u2019re all good. You speak, and you forget,\u201d Evenepoel said in a video filmed on the team bus.<\/p>\n<p>\u201cYes, yes. Fourth for me, sixth for Lipo, that\u2019s pretty good,\u201d Evenepoel said Friday. \u201cThere were still two guys a bit in front, but we came in with all the other favorites for the podium, so that\u2019s a good day for us.<\/p>\n<p>\u201cThe first mountain stage is always special, but we managed to do it well.\u201d<\/p>\n<div class=\"o-embed\">\n<blockquote class=\"twitter-tweet\">\n<p lang=\"en\" dir=\"ltr\">&#8220;you two WILL do a nice video together for socials so help me god&#8221; &#8212; rbbh pr pic.twitter.com\/IAa8nNemfR<\/p>\n<p>\u2014 j \ud83d\udc0a\ud83e\udd84 i ve never complained (@_carlovino) July 10, 2026<\/p><\/blockquote>\n<\/div>\n<p>Lipowitz concurred.<\/p>\n<p>\u201cWe can be happy with yesterday,\u201d he said.<\/p>\n<h2>Red Bull\u2019s co-leader strategy under spotlight at Tour de France<\/h2>\n<figure id=\"attachment_992499\" class=\"pom-image-wrap photo-alignnone\"><img decoding=\"async\" alt=\"Evenepoel and Lipowitz are sharing leadership at the Tour de France.\" loading=\"lazy\" width=\"1200\" height=\"876\" class=\"alignnone size-large wp-image-992499\" src=\"https:\/\/velo-cdn.outsideonline.com\/wp-content\/uploads\/2026\/07\/GettyImages-2284905705-1200x876.jpg?width=3840&amp;auto=webp&amp;quality=75&amp;fit=cover\"><figcaption class=\"pom-caption\"><span class=\"article__caption\">Red Bull Bora Hansgrohe moved fast to present a united front after Evenepoel\u2019s outburst. <\/span> (Photo: Tim de Waele\/Getty Images)<\/figcaption><\/figure>\n<p>The reconciliation apparently smooths over any cracks in a leadership duo that\u2019s been under the spotlight since way before this Tour de France.<\/p>\n<p>Lipowitz and Evenepoel have both finished third behind Poga\u010dar and Jonas Vingegaard at the Tour: Evenepoel with Quick-Step in 2024, Lipowitz with Red Bull in 2025.<\/p>\n<p>Evenepoel\u2019s multi-million-dollar move to the ambitious German team this winter threw an awkward dynamic in the mix.<\/p>\n<p>How he and Lipowitz would coordinate (or not) was a Tour de France subplot\u00a0that bubbled to the surface when Poga\u010dar blew everybody\u2019s legs off in the Pyr\u00e9n\u00e9es.<\/p>\n<p>Team CEO Ralph Denk downplayed any tension when he spoke Thursday night on the <em>Inside Red Bull-Bora-Hansgrohe<\/em> podcast.<\/p>\n<p>\u201cThere was a bit of disagreement and a language barrier, but it happened in the heat of the moment,\u201d Denk said. \u201cIt was not a big thing.<\/p>\n<div class=\"ad-placeholder-wrapper relative w-full border-t border-b border-border-light col-span-full my-3 md:col-span-10 md:col-start-2\">\n<div class=\"mb-[30px] min-h-[30px] text-center\"><span class=\"font-utility-4 font-medium tracking-[1px] text-neutral-500 uppercase\">ADVERTISEMENT<\/span><\/div>\n<div class=\"ad-placeholder -mt-[30px] mb-[30px] flex min-h-[250px] w-full items-center justify-center\">\n<div class=\"w-full \">\n<div id=\"in-content-leaderboard-in-content-leaderboard-I1-P0-CMI0\" class=\"flex justify-center text-left\"><\/div>\n<\/div>\n<\/div>\n<\/div>\n<p>\u201cI saw them afterward and they had spoken about it. They sat together at dinner and were laughing. The subject is being made much bigger than it really was,\u201d Denk said.<\/p>\n<p>Evenepoel and Red Bull DS Zak Dempster both separately followed up in interviews ahead of stage 7: Remco\u2019s outburst was the product of a racing red-mist, not a leadership rift.<\/p>\n<p>\u201cEverything has been cleared up,\u201d Evenepoel told <i>Het Laatste Nieuws<\/i> on Friday. \u201cWhat happened yesterday is in the past. We can look forward again.\u201d<\/p>\n<p>And now there\u2019s the footage to prove it.<\/p>\n<p>Evenepoel is currently fourth behind Poga\u010dar at 3:30, just 3 seconds off the podium. Lipowitz is seventh at 4:00.<\/p>\n<p>Their cohesion might not be put to another serious test until the race reaches the Vosges next weekend.<\/p>\n<p><!-- --><span hidden aria-hidden=\"true\"><\/span><\/div>\n<div class=\"article-body\">\n<div class=\"mb-base-loose flex flex-wrap gap-(--spacing-base)\"><!--$--><\/p>\n<div class=\"fp-remove flex items-center justify-start gap-(--spacing-base-tight)\"><span class=\"font-utility-2 font-bold text-primary\">Jim Cotton<\/span><\/div>\n<p><!--\/$--><\/div>\n<div class=\"pub-date font-utility-2 text-secondary\">Updated July 11, 2026 06:15AM<\/div>\n<div class=\"mt-base-loose\"><\/div>\n<\/div>\n<p>[analyse_source url=&#8221;https:\/\/velo.outsideonline.com\/road\/road-racing\/tour-de-france\/evenepoel-lipowitz-again-tour-de-france-spat\/&#8221;]<\/p>\n","protected":false},"excerpt":{"rendered":"<p>[analyse_image type=&#8221;featured&#8221; src=&#8221;https:\/\/velo-cdn.outsideonline.com\/wp-content\/uploads\/2026\/07\/GettyImages-2284354189-scaled.jpg&#8221;] Jim Cotton Updated July 11, 2026 06:15AM The footage is in: there\u2019s no beef between Remco Evenepoel and Florian Lipowitz at the Tour de France. Red Bull-Bora-Hansgrohe moved fast to present a united front between its two co-leaders Friday after Evenepoel threw shade at Lipowitz in the aftermath of Thursday\u2019s stage. Evenepoel [&hellip;]<\/p>\n","protected":false},"author":1,"featured_media":0,"comment_status":"open","ping_status":"","sticky":false,"template":"","format":"standard","meta":{"footnotes":""},"categories":[2],"tags":[226,71],"class_list":["post-2038503","post","type-post","status-publish","format-standard","hentry","category-politics","tag-crawlmanager","tag-velo-outsideonline-com"],"_links":{"self":[{"href":"https:\/\/analyse.optim.biz\/index.php?rest_route=\/wp\/v2\/posts\/2038503","targetHints":{"allow":["GET"]}}],"collection":[{"href":"https:\/\/analyse.optim.biz\/index.php?rest_route=\/wp\/v2\/posts"}],"about":[{"href":"https:\/\/analyse.optim.biz\/index.php?rest_route=\/wp\/v2\/types\/post"}],"author":[{"embeddable":true,"href":"https:\/\/analyse.optim.biz\/index.php?rest_route=\/wp\/v2\/users\/1"}],"replies":[{"embeddable":true,"href":"https:\/\/analyse.optim.biz\/index.php?rest_route=%2Fwp%2Fv2%2Fcomments&post=2038503"}],"version-history":[{"count":0,"href":"https:\/\/analyse.optim.biz\/index.php?rest_route=\/wp\/v2\/posts\/2038503\/revisions"}],"wp:attachment":[{"href":"https:\/\/analyse.optim.biz\/index.php?rest_route=%2Fwp%2Fv2%2Fmedia&parent=2038503"}],"wp:term":[{"taxonomy":"category","embeddable":true,"href":"https:\/\/analyse.optim.biz\/index.php?rest_route=%2Fwp%2Fv2%2Fcategories&post=2038503"},{"taxonomy":"post_tag","embeddable":true,"href":"https:\/\/analyse.optim.biz\/index.php?rest_route=%2Fwp%2Fv2%2Ftags&post=2038503"}],"curies":[{"name":"wp","href":"https:\/\/api.w.org\/{rel}","templated":true}]}}