{"id":2038385,"date":"2026-07-10T20:13:23","date_gmt":"2026-07-10T17:13:23","guid":{"rendered":"https:\/\/analyse.optim.biz\/?p=2038385"},"modified":"2026-07-10T20:13:23","modified_gmt":"2026-07-10T17:13:23","slug":"ripensia-timisoara-incepe-traseul-in-cupa-romaniei-ros-galbenii-infrunta-vicecampioana-caras-severinului","status":"publish","type":"post","link":"https:\/\/analyse.optim.biz\/?p=2038385","title":{"rendered":"Ripensia Timi\u0219oara \u00eencepe traseul \u00een Cupa Rom\u00e2niei. Ro\u0219-galbenii \u00eenfrunt\u0103 vicecampioana Cara\u0219-Severinului"},"content":{"rendered":"<p>[analyse_image type=&#8221;featured&#8221; src=&#8221;https:\/\/www.opiniatimisoarei.ro\/wp-content\/uploads\/2026\/06\/ripensia-sacalaz-cupa-728&#215;336.pnghttps:\/\/www.opiniatimisoarei.ro\/wp-content\/uploads\/2026\/06\/ripensia-sacalaz-cupa.png&#8221;]<\/p>\n<div class=\"the_content\">\n<p><strong>TIMISOARA.<\/strong> Reunit\u0103 de numai 3 zile, c\u00e2\u0219tig\u0103toarea Cupei Rom\u00e2niei din Timi\u0219, Ripensia Timi\u0219oara joac\u0103 primul meci akl fazei regionale a \u00eentrecerii pe teren propriu.<\/p>\n<p><strong><span>CITE\u0218TE \u0218I:<\/span><a href=\"https:\/\/www.opiniatimisoarei.ro\/se-inchide-circulatia-prin-pasajul-solventul-la-timisoara-pana-la-craciun-dupa-o-pauza-de-jumatate-de-an-muncitorii-se-intorc-pe-santier-sa-puna-liniile-de-tramvai\/10\/07\/2026\">Se \u00eenchide circula\u021bia prin Pasajul Solventul la Timi\u0219oara p\u00e2n\u0103 la Cr\u0103ciun. Dup\u0103 o pauz\u0103 de jum\u0103tate de an, muncitorii se \u00eentorc pe \u0219antier s\u0103 pun\u0103 liniile de tramvai<\/a><\/strong><\/p>\n<p>Timi\u0219orenii primesc vizita lui CSM Caransebe\u0219. C\u0103r\u0103\u0219enii au \u00eenceput deja competi\u021bia, cu o victorie la scor de neprezentare \u00een fa\u021ba nou promovatei \u00een Liga 3, CS Drobeta Turnu Severin. Dragomir, cu o dubl\u0103, \u0219i Muste\u021ba au asigurat trei puncte importante pentru CSM.<\/p>\n<p>Ripensia a anun\u021bat deja c\u00e2teva transferuri \u00eenainte chiar de reluarea preg\u0103tirii. Portarul Mircea Iovicin, atacantul Demetris Cristodulo, ap\u0103r\u0103torul Flavius Najap sunt nout\u0103\u021bile forma\u021biei ro\u0219-galbene, \u00een timp ce R\u0103zvan Mihai Diaconu \u0219i R\u0103zvan Lungu-Gl\u0103van au semnat primele lor contracte de profesioni\u0219ti.<\/p>\n<p>Duelul dintre Ripensia \u0219i CSM Caransebe\u0219 este programat s\u00e2mb\u0103t\u0103, de la ora 18:00, pe stadionul din Ciarda Ro\u0219ie.<\/p>\n<p>Ripensia va juca apoi la mijlocul s\u0103pt\u0103m\u00e2nii viitoare pe terenul echipei din Drobeta Turnu Severin.<\/p>\n<p>***<\/p>\n<p><strong><span class=\"dia_suggestion w0\">Mai<\/span>\u00a0<span class=\"dia_suggestion w1\">multe<\/span>\u00a0<span class=\"dia_suggestion w2\">g\u0103si\u021bi<\/span>\u00a0pe\u00a0<span class=\"dia_suggestion w4\">pagina noastr<span class=\"dia_suggestion w0\">\u0103<\/span><\/span>\u00a0de\u00a0<a href=\"https:\/\/www.facebook.com\/OpiniaTM\/?ref=page_internal\" target=\"_blank\" rel=\"noopener\">Facebook opiniatimisoarei.ro<\/a>!<\/strong><\/p>\n<p><strong><span class=\"dia_suggestion w0\">Dac\u0103<\/span>\u00a0<span class=\"dia_suggestion w1\">a\u021bi<\/span>\u00a0fost martorii unui eveniment\u00a0<span class=\"dia_suggestion w6\">sau<\/span>\u00a0<span class=\"dia_suggestion w7\">ai<\/span>\u00a0unei\u00a0<span class=\"dia_suggestion w9\">situa\u021bii<\/span>\u00a0<span class=\"dia_suggestion w10\">neobi\u0219nuite<\/span>\u00a0<span class=\"dia_suggestion w11\">care<\/span>\u00a0ar\u00a0<span class=\"dia_suggestion w13\">putea<\/span>\u00a0deveni subiect de\u00a0<span class=\"dia_suggestion w17\">\u0219tire<\/span>,\u00a0<span class=\"dia_suggestion w18\">contacta\u021bi<\/span>-ne\u00a0<span class=\"dia_suggestion w20\">la<\/span>\u00a0<a href=\"https:\/\/www.opiniatimisoarei.ro\/cdn-cgi\/l\/email-protection\" class=\"__cf_email__\" data-cfemail=\"433126272220372a26032c332a2d2a22372a2e2a302c2231262a6d312c\">[email\u00a0protected]<\/a>,\u00a0 pe\u00a0<a href=\"https:\/\/www.facebook.com\/OpiniaTM\">FB<\/a>\u00a0sau pe contul nostru de\u00a0<a href=\"https:\/\/www.instagram.com\/opiniatimisoarei.ro\/\" target=\"_blank\" rel=\"noopener\">Instagram<\/a>!<\/strong><\/p>\n<p><strong><span>CITESTE SI:<\/span>\u00a0<a href=\"https:\/\/www.opiniatimisoarei.ro\/afli-primul-tot-ceea-ce-se-intampla-cu-adevarat-important-in-timisoara-si-in-regiune-cu-aplicatia-de-stiri-opinia-timisoarei-3-tipuri-de-alerte-te-tin-mereu-conectat-la-evenimente-descarca-gratuit-a\/31\/10\/2022\">Afli primul tot ceea ce se intampla cu adevarat important in Timisoara si in regiune cu Aplicatia de stiri Opinia Timisoarei. 3 tipuri de alerte te tin mereu conectat la evenimente. Descarca gratuit Aplicatia OT aici!<\/a><\/strong><\/p>\n<\/div>\n<p>[analyse_source url=&#8221;https:\/\/www.opiniatimisoarei.ro\/ripensia-timisoara-incepe-traseul-in-cupa-romaniei-ros-galbenii-infrunta-vicecampioana-caras-severinului\/10\/07\/2026&#8243;]<\/p>\n","protected":false},"excerpt":{"rendered":"<p>[analyse_image type=&#8221;featured&#8221; src=&#8221;https:\/\/www.opiniatimisoarei.ro\/wp-content\/uploads\/2026\/06\/ripensia-sacalaz-cupa-728&#215;336.pnghttps:\/\/www.opiniatimisoarei.ro\/wp-content\/uploads\/2026\/06\/ripensia-sacalaz-cupa.png&#8221;] TIMISOARA. Reunit\u0103 de numai 3 zile, c\u00e2\u0219tig\u0103toarea Cupei Rom\u00e2niei din Timi\u0219, Ripensia Timi\u0219oara joac\u0103 primul meci akl fazei regionale a \u00eentrecerii pe teren propriu. CITE\u0218TE \u0218I:Se \u00eenchide circula\u021bia prin Pasajul Solventul la Timi\u0219oara p\u00e2n\u0103 la Cr\u0103ciun. Dup\u0103 o pauz\u0103 de jum\u0103tate de an, muncitorii se \u00eentorc pe \u0219antier s\u0103 pun\u0103 liniile de [&hellip;]<\/p>\n","protected":false},"author":1,"featured_media":0,"comment_status":"open","ping_status":"","sticky":false,"template":"","format":"standard","meta":{"footnotes":""},"categories":[89],"tags":[226,190],"class_list":["post-2038385","post","type-post","status-publish","format-standard","hentry","category-romania","tag-crawlmanager","tag-opiniatimisoarei-ro"],"_links":{"self":[{"href":"https:\/\/analyse.optim.biz\/index.php?rest_route=\/wp\/v2\/posts\/2038385","targetHints":{"allow":["GET"]}}],"collection":[{"href":"https:\/\/analyse.optim.biz\/index.php?rest_route=\/wp\/v2\/posts"}],"about":[{"href":"https:\/\/analyse.optim.biz\/index.php?rest_route=\/wp\/v2\/types\/post"}],"author":[{"embeddable":true,"href":"https:\/\/analyse.optim.biz\/index.php?rest_route=\/wp\/v2\/users\/1"}],"replies":[{"embeddable":true,"href":"https:\/\/analyse.optim.biz\/index.php?rest_route=%2Fwp%2Fv2%2Fcomments&post=2038385"}],"version-history":[{"count":0,"href":"https:\/\/analyse.optim.biz\/index.php?rest_route=\/wp\/v2\/posts\/2038385\/revisions"}],"wp:attachment":[{"href":"https:\/\/analyse.optim.biz\/index.php?rest_route=%2Fwp%2Fv2%2Fmedia&parent=2038385"}],"wp:term":[{"taxonomy":"category","embeddable":true,"href":"https:\/\/analyse.optim.biz\/index.php?rest_route=%2Fwp%2Fv2%2Fcategories&post=2038385"},{"taxonomy":"post_tag","embeddable":true,"href":"https:\/\/analyse.optim.biz\/index.php?rest_route=%2Fwp%2Fv2%2Ftags&post=2038385"}],"curies":[{"name":"wp","href":"https:\/\/api.w.org\/{rel}","templated":true}]}}