{"id":2038382,"date":"2026-07-10T11:17:29","date_gmt":"2026-07-10T08:17:29","guid":{"rendered":"https:\/\/analyse.optim.biz\/?p=2038382"},"modified":"2026-07-10T11:17:29","modified_gmt":"2026-07-10T08:17:29","slug":"trei-rugbysti-de-la-scm-timisoara-titulari-in-meciul-cu-uruguayul-sportivii-ramasi-pe-bega-reiau-luni-antrenamentele","status":"publish","type":"post","link":"https:\/\/analyse.optim.biz\/?p=2038382","title":{"rendered":"Trei rugby\u0219ti de la SCM Timi\u0219oara, titulari \u00een meciul cu Uruguayul. Sportivii r\u0103ma\u0219i pe Bega reiau luni antrenamentele"},"content":{"rendered":"<p>[analyse_image type=&#8221;featured&#8221; src=&#8221;https:\/\/www.opiniatimisoarei.ro\/wp-content\/uploads\/2026\/07\/romania-chile-1-728&#215;336.pnghttps:\/\/www.opiniatimisoarei.ro\/wp-content\/uploads\/2026\/07\/romania-chile-1.png&#8221;]<\/p>\n<div class=\"the_content\">\n<p><strong>TIMISOARA.<\/strong> Na\u021bionala de rugby a Rom\u00e2niei joac\u0103 \u00een acest final de s\u0103pt\u0103m\u00e2n\u0103 al doilea meci din Nations Cup \u00eempotriva selec\u021bionatei Uruguayului, iar cei \u0219ase juc\u0103tori ai Timi\u0219oarei sunt \u00een lotul lui David Gerard.<\/p>\n<p><strong><span>CITE\u0218TE \u0218I:<\/span><a href=\"https:\/\/www.opiniatimisoarei.ro\/parfum-de-epoca-si-eleganta-de-odinioara-la-retroparada-verii-bijuterii-pe-patru-roti-pot-fi-admirate-nu-departe-de-timisoara\/10\/07\/2026\">Parfum de epoc\u0103 \u0219i elegan\u021b\u0103 de odinioar\u0103, la Retroparada Verii. Bijuterii pe patru ro\u021bi pot fi admirate nu departe de Timi\u0219oara<\/a><\/strong><\/p>\n<p>Dac\u0103 \u00een duelul cu Chile, 5 dintre timi\u0219oreni au \u00eenceput ca titulari, \u00een acest al doilea meci doar 3 sunt \u00een primul 15. Funda\u0219ul Marius Simionescu, aripile Iliesa Tiqe \u0219i Tevita Manumua sunt cei care vor juca din primul minut, \u00een timp ce Vlad Neculau, Tudor Butnariu \u0219i Gabriel Rupanu vor \u00eencepe pe banca de rezerve.<\/p>\n<p>Rom\u00e2nia \u00eenfrunt\u0103 Uruguayul s\u00e2mb\u0103t\u0103, 11 iulie, de la ora 20.00, la Montevideo, \u00een Nations Cup.<\/p>\n<p><span><strong>Rugby\u0219tii de la SCM Timi\u0219oara reiau preg\u0103tirea<\/strong><\/span><\/p>\n<p>Rugby\u0219tii din lotul timi\u0219orean ce au r\u0103mas la Timi\u0219oara revin luni la antrenamente pentu partea a doua a sezonului. \u00cen aceea\u0219i zi sportivii vor face \u0219i vizita medical\u0103.<\/p>\n<p>Mar\u021bi, 14 iulie, \u201eLeii\u201d vor pleca \u00eentr-un stagiu de preg\u0103tire de 4 zile la B\u0103ile Herculane, unul dedicat preg\u0103tirii fizice.<\/p>\n<p>Sezonul se reia la 1 august, c\u00e2nd timi\u0219orenii vor juca \u00een deplasare cu CSM \u0218tiin\u021ba Baia Mare, partid\u0103 restan\u021b\u0103 din prima rund\u0103 a campionatului.<\/p>\n<p>***<\/p>\n<p><strong><span class=\"dia_suggestion w0\">Mai<\/span>\u00a0<span class=\"dia_suggestion w1\">multe<\/span>\u00a0<span class=\"dia_suggestion w2\">g\u0103si\u021bi<\/span>\u00a0pe\u00a0<span class=\"dia_suggestion w4\">pagina noastr<span class=\"dia_suggestion w0\">\u0103<\/span><\/span>\u00a0de\u00a0<a href=\"https:\/\/www.facebook.com\/OpiniaTM\/?ref=page_internal\" target=\"_blank\" rel=\"noopener\">Facebook opiniatimisoarei.ro<\/a>!<\/strong><\/p>\n<p><strong><span class=\"dia_suggestion w0\">Dac\u0103<\/span>\u00a0<span class=\"dia_suggestion w1\">a\u021bi<\/span>\u00a0fost martorii unui eveniment\u00a0<span class=\"dia_suggestion w6\">sau<\/span>\u00a0<span class=\"dia_suggestion w7\">ai<\/span>\u00a0unei\u00a0<span class=\"dia_suggestion w9\">situa\u021bii<\/span>\u00a0<span class=\"dia_suggestion w10\">neobi\u0219nuite<\/span>\u00a0<span class=\"dia_suggestion w11\">care<\/span>\u00a0ar\u00a0<span class=\"dia_suggestion w13\">putea<\/span>\u00a0deveni subiect de\u00a0<span class=\"dia_suggestion w17\">\u0219tire<\/span>,\u00a0<span class=\"dia_suggestion w18\">contacta\u021bi<\/span>-ne\u00a0<span class=\"dia_suggestion w20\">la<\/span>\u00a0<a href=\"https:\/\/www.opiniatimisoarei.ro\/cdn-cgi\/l\/email-protection\" class=\"__cf_email__\" data-cfemail=\"6c1e09080d0f1805092c031c0502050d180501051f030d1e0905421e03\">[email\u00a0protected]<\/a>,\u00a0 pe\u00a0<a href=\"https:\/\/www.facebook.com\/OpiniaTM\">FB<\/a>\u00a0sau pe contul nostru de\u00a0<a href=\"https:\/\/www.instagram.com\/opiniatimisoarei.ro\/\" target=\"_blank\" rel=\"noopener\">Instagram<\/a>!<\/strong><\/p>\n<p><strong><span>CITESTE SI:<\/span>\u00a0<a href=\"https:\/\/www.opiniatimisoarei.ro\/afli-primul-tot-ceea-ce-se-intampla-cu-adevarat-important-in-timisoara-si-in-regiune-cu-aplicatia-de-stiri-opinia-timisoarei-3-tipuri-de-alerte-te-tin-mereu-conectat-la-evenimente-descarca-gratuit-a\/31\/10\/2022\">Afli primul tot ceea ce se intampla cu adevarat important in Timisoara si in regiune cu Aplicatia de stiri Opinia Timisoarei. 3 tipuri de alerte te tin mereu conectat la evenimente. Descarca gratuit Aplicatia OT aici!<\/a><\/strong><\/p>\n<\/div>\n<p>[analyse_source url=&#8221;https:\/\/www.opiniatimisoarei.ro\/trei-rugbysti-de-la-scm-timisoara-titulari-in-meciul-cu-uruguayul-sportivii-ramasi-pe-bega-reiau-luni-antrenamentele\/10\/07\/2026&#8243;]<\/p>\n","protected":false},"excerpt":{"rendered":"<p>[analyse_image type=&#8221;featured&#8221; src=&#8221;https:\/\/www.opiniatimisoarei.ro\/wp-content\/uploads\/2026\/07\/romania-chile-1-728&#215;336.pnghttps:\/\/www.opiniatimisoarei.ro\/wp-content\/uploads\/2026\/07\/romania-chile-1.png&#8221;] TIMISOARA. Na\u021bionala de rugby a Rom\u00e2niei joac\u0103 \u00een acest final de s\u0103pt\u0103m\u00e2n\u0103 al doilea meci din Nations Cup \u00eempotriva selec\u021bionatei Uruguayului, iar cei \u0219ase juc\u0103tori ai Timi\u0219oarei sunt \u00een lotul lui David Gerard. CITE\u0218TE \u0218I:Parfum de epoc\u0103 \u0219i elegan\u021b\u0103 de odinioar\u0103, la Retroparada Verii. Bijuterii pe patru ro\u021bi pot fi admirate nu [&hellip;]<\/p>\n","protected":false},"author":1,"featured_media":0,"comment_status":"open","ping_status":"","sticky":false,"template":"","format":"standard","meta":{"footnotes":""},"categories":[89],"tags":[226,190],"class_list":["post-2038382","post","type-post","status-publish","format-standard","hentry","category-romania","tag-crawlmanager","tag-opiniatimisoarei-ro"],"_links":{"self":[{"href":"https:\/\/analyse.optim.biz\/index.php?rest_route=\/wp\/v2\/posts\/2038382","targetHints":{"allow":["GET"]}}],"collection":[{"href":"https:\/\/analyse.optim.biz\/index.php?rest_route=\/wp\/v2\/posts"}],"about":[{"href":"https:\/\/analyse.optim.biz\/index.php?rest_route=\/wp\/v2\/types\/post"}],"author":[{"embeddable":true,"href":"https:\/\/analyse.optim.biz\/index.php?rest_route=\/wp\/v2\/users\/1"}],"replies":[{"embeddable":true,"href":"https:\/\/analyse.optim.biz\/index.php?rest_route=%2Fwp%2Fv2%2Fcomments&post=2038382"}],"version-history":[{"count":0,"href":"https:\/\/analyse.optim.biz\/index.php?rest_route=\/wp\/v2\/posts\/2038382\/revisions"}],"wp:attachment":[{"href":"https:\/\/analyse.optim.biz\/index.php?rest_route=%2Fwp%2Fv2%2Fmedia&parent=2038382"}],"wp:term":[{"taxonomy":"category","embeddable":true,"href":"https:\/\/analyse.optim.biz\/index.php?rest_route=%2Fwp%2Fv2%2Fcategories&post=2038382"},{"taxonomy":"post_tag","embeddable":true,"href":"https:\/\/analyse.optim.biz\/index.php?rest_route=%2Fwp%2Fv2%2Ftags&post=2038382"}],"curies":[{"name":"wp","href":"https:\/\/api.w.org\/{rel}","templated":true}]}}