{"id":2038366,"date":"2026-07-11T10:09:33","date_gmt":"2026-07-11T07:09:33","guid":{"rendered":"https:\/\/analyse.optim.biz\/?p=2038366"},"modified":"2026-07-11T10:09:33","modified_gmt":"2026-07-11T07:09:33","slug":"un-sucevean-beat-a-facut-scandal-si-a-sunat-la-112-pe-motiv-ca-nu-i-s-a-permis-sa-foloseasca-grupul-sanitar","status":"publish","type":"post","link":"https:\/\/analyse.optim.biz\/?p=2038366","title":{"rendered":"Un sucevean beat a f\u0103cut scandal \u0219i a sunat la 112 pe motiv c\u0103 nu i s-a permis s\u0103 foloseasc\u0103 grupul sanitar"},"content":{"rendered":"<p>[analyse_image type=&#8221;featured&#8221; src=&#8221;https:\/\/www.informatiata.ro\/wp-content\/uploads\/2026\/07\/bar-interventie-1024&#215;586.jpg&#8221;]<\/p>\n<div class=\"td-post-content tagdiv-type\">\n<div class=\"td-post-featured-image\"><a href=\"https:\/\/www.informatiata.ro\/wp-content\/uploads\/2026\/07\/bar-interventie-scaled.jpg\" data-caption><img loading=\"lazy\" decoding=\"async\" width=\"696\" height=\"398\" class=\"entry-thumb td-modal-image\" src=\"https:\/\/www.informatiata.ro\/wp-content\/uploads\/2026\/07\/bar-interventie-696x398.jpg\" alt title=\"bar interventie\"><img loading=\"lazy\" decoding=\"async\" width=\"696\" height=\"398\" class=\"entry-thumb td-modal-image\" src=\"https:\/\/www.informatiata.ro\/wp-content\/uploads\/2026\/07\/bar-interventie-696x398.jpg\" alt title=\"bar interventie\"><\/a><\/div>\n<p> Scandal aplanat de poli\u021bie, \u00eentr-un bar, dup\u0103 ce un b\u0103rbat beat nu a fost l\u0103sat s\u0103 foloseasc\u0103 veceul. <\/p>\n<p>Vineri, la ora 11.04, Poli\u021bia municipiului Suceava a fost sesizat\u0103 prin SNUAU 112 de c\u0103tre un b\u0103rbat despre faptul c\u0103 la un bar din cartierul Obcini e scandal \u0219i cineva amenin\u021b\u0103.<\/p>\n<div class=\"td-a-rec td-a-rec-id-content_inlineright  tdi_7 td_block_template_1\"><img loading=\"lazy\" decoding=\"async\" class=\"aligncenter size-full wp-image-65536\" src=\"https:\/\/www.informatiata.ro\/wp-content\/uploads\/2026\/07\/SAVCOM-4.gif\" alt width=\"299\" height=\"250\"><img loading=\"lazy\" decoding=\"async\" class=\"aligncenter size-full wp-image-65536\" src=\"https:\/\/www.informatiata.ro\/wp-content\/uploads\/2026\/07\/SAVCOM-4.gif\" alt width=\"299\" height=\"250\"><img loading=\"lazy\" decoding=\"async\" class=\"aligncenter size-full wp-image-65537\" src=\"https:\/\/www.informatiata.ro\/wp-content\/uploads\/2026\/07\/FACOS-3.gif\" alt width=\"300\" height=\"250\"><img loading=\"lazy\" decoding=\"async\" class=\"aligncenter size-full wp-image-65537\" src=\"https:\/\/www.informatiata.ro\/wp-content\/uploads\/2026\/07\/FACOS-3.gif\" alt width=\"300\" height=\"250\"><\/div>\n<p>La fa\u021ba locului, poli\u021bi\u0219tii au constatat c\u0103 apelantul era v\u0103dit sub influen\u021ba b\u0103uturilor alcoolice. <\/p>\n<p>Acesta a explicat c\u0103 a dorit s\u0103 foloseasc\u0103 toaleta barului, de\u0219i nu avea calitatea de client al acestuia, dar i-a fost interzis accesul de c\u0103tre proprietarul barului. <\/p>\n<p>Deoarece nu s-a constatat \u00een acest caz \u00eenc\u0103lcarea unei dispozi\u021bii legale, apelantul a fost ac\u021bionat contraven\u021bional cu 2. 000 lei amend\u0103. <\/p>\n<p>De asemenea, s-a \u00eentocmit proces verbal de constatare cu privire la fapta reclamat\u0103 din care rezult\u0103 c\u0103 aceasta nu se confirm\u0103.<\/p>\n<\/div>\n<p>[analyse_source url=&#8221;https:\/\/www.informatiata.ro\/scandal-cu-politia-pentru-un-veceu\/&#8221;]<\/p>\n","protected":false},"excerpt":{"rendered":"<p>[analyse_image type=&#8221;featured&#8221; src=&#8221;https:\/\/www.informatiata.ro\/wp-content\/uploads\/2026\/07\/bar-interventie-1024&#215;586.jpg&#8221;] Scandal aplanat de poli\u021bie, \u00eentr-un bar, dup\u0103 ce un b\u0103rbat beat nu a fost l\u0103sat s\u0103 foloseasc\u0103 veceul. Vineri, la ora 11.04, Poli\u021bia municipiului Suceava a fost sesizat\u0103 prin SNUAU 112 de c\u0103tre un b\u0103rbat despre faptul c\u0103 la un bar din cartierul Obcini e scandal \u0219i cineva amenin\u021b\u0103. La fa\u021ba locului, [&hellip;]<\/p>\n","protected":false},"author":1,"featured_media":0,"comment_status":"open","ping_status":"","sticky":false,"template":"","format":"standard","meta":{"footnotes":""},"categories":[89],"tags":[226,167],"class_list":["post-2038366","post","type-post","status-publish","format-standard","hentry","category-romania","tag-crawlmanager","tag-informatiata-ro"],"_links":{"self":[{"href":"https:\/\/analyse.optim.biz\/index.php?rest_route=\/wp\/v2\/posts\/2038366","targetHints":{"allow":["GET"]}}],"collection":[{"href":"https:\/\/analyse.optim.biz\/index.php?rest_route=\/wp\/v2\/posts"}],"about":[{"href":"https:\/\/analyse.optim.biz\/index.php?rest_route=\/wp\/v2\/types\/post"}],"author":[{"embeddable":true,"href":"https:\/\/analyse.optim.biz\/index.php?rest_route=\/wp\/v2\/users\/1"}],"replies":[{"embeddable":true,"href":"https:\/\/analyse.optim.biz\/index.php?rest_route=%2Fwp%2Fv2%2Fcomments&post=2038366"}],"version-history":[{"count":0,"href":"https:\/\/analyse.optim.biz\/index.php?rest_route=\/wp\/v2\/posts\/2038366\/revisions"}],"wp:attachment":[{"href":"https:\/\/analyse.optim.biz\/index.php?rest_route=%2Fwp%2Fv2%2Fmedia&parent=2038366"}],"wp:term":[{"taxonomy":"category","embeddable":true,"href":"https:\/\/analyse.optim.biz\/index.php?rest_route=%2Fwp%2Fv2%2Fcategories&post=2038366"},{"taxonomy":"post_tag","embeddable":true,"href":"https:\/\/analyse.optim.biz\/index.php?rest_route=%2Fwp%2Fv2%2Ftags&post=2038366"}],"curies":[{"name":"wp","href":"https:\/\/api.w.org\/{rel}","templated":true}]}}