{"id":2038192,"date":"2026-07-11T04:55:06","date_gmt":"2026-07-11T01:55:06","guid":{"rendered":"https:\/\/analyse.optim.biz\/?p=2038192"},"modified":"2026-07-11T04:55:06","modified_gmt":"2026-07-11T01:55:06","slug":"expertul-de-mediu-haritina-craita-a-oprit-taierile-din-cring","status":"publish","type":"post","link":"https:\/\/analyse.optim.biz\/?p=2038192","title":{"rendered":"Expertul de Mediu, Haritina Cr\u0103i\u021b\u0103, a oprit t\u0103ierile din Cr\u00eeng"},"content":{"rendered":"<p>[analyse_image type=&#8221;featured&#8221; src=&#8221;https:\/\/revistaverde.ro\/wp-content\/uploads\/2018\/01\/taieri-crang-1.jpg&#8221;]<\/p>\n<article id=\"post-15675\" class=\"post-15675 post type-post status-publish format-standard has-post-thumbnail hentry category-eco-tiri category-evnimente\">\n<header class=\"entry-header mh-clearfix\">\n<h1 class=\"entry-title\">Expertul de Mediu, Haritina Cr\u0103i\u021b\u0103, a oprit t\u0103ierile din Cr\u00eeng<\/h1>\n<p class=\"mh-meta entry-meta\"><span class=\"entry-meta-date updated\"><a href=\"https:\/\/revistaverde.ro\/2026\/07\/\">iulie 11, 2026<\/a><\/span><span class=\"entry-meta-author author vcard\"><a class=\"fn\" href=\"https:\/\/revistaverde.ro\/author\/revistaverdefrumoasa2017\/\">M\u0103rg\u0103rit GROSU<\/a><\/span><span class=\"entry-meta-categories\"><a href=\"https:\/\/revistaverde.ro\/category\/local\/eco-tiri\/\" rel=\"category tag\">Eco \u015etiri<\/a>, <a href=\"https:\/\/revistaverde.ro\/category\/local\/evnimente\/\" rel=\"category tag\">Evenimente<\/a><\/span><span class=\"entry-meta-comments\"><a class=\"mh-comment-scroll\" href=\"https:\/\/revistaverde.ro\/2026\/07\/11\/expertul-de-mediu-haritina-craita-a-oprit-taierile-din-cring\/#mh-comments\">0<\/a><\/span><\/p>\n<\/header>\n<div class=\"entry-content mh-clearfix\">\n<figure class=\"entry-thumbnail\"><img decoding=\"async\" src=\"https:\/\/revistaverde.ro\/wp-content\/uploads\/2018\/01\/taieri-crang-1-678x381.jpg\" alt title=\"taieri crang\"><\/figure>\n<h2 class=\"wp-block-heading\">VICTORIE ISTORIC\u0102 PENTRU P\u0102DUREA CR\u00c2NG!<\/h2>\n<p>Autorit\u0103\u021bile au fost obligate s\u0103 opreasc\u0103 t\u0103ierile!<\/p>\n<p>\u201cDragi prieteni \u0219i locuitori ai Buz\u0103ului, vin \u00een fa\u021ba voastr\u0103 cu o veste de o importan\u021b\u0103 deosebit\u0103 pentru pl\u0103m\u00e2nul verde al ora\u0219ului nostru, dar \u0219i cu date oficiale care arat\u0103 de ce a fost absolut necesar\u0103 implicarea mea.<\/p>\n<p>\u00cen calitate de cet\u0103\u021bean \u0219i de Expert Tehnic Judiciar \u00een protec\u021bia mediului, am considerat de datoria mea s\u0103 veghez la respectarea legii \u00een P\u0103durea Cr\u00e2ng. Dup\u0103 memorii tehnice argumentate \u0219i demersuri \u00een instan\u021b\u0103, autorit\u0103\u021bile silvice centrale au dispus m\u0103suri ferme!<\/p>\n<p>Ce s-a decis oficial \u0219i este confirmat de control:<\/p>\n<p>Direc\u021bia General\u0103 P\u0103duri din cadrul Ministerului Mediului a dispus SUSPENDAREA URGENT\u0102 a tuturor m\u0103surilor de autorizare a extragerii de mas\u0103 lemnoas\u0103 din P\u0103durea Cr\u00e2ng!<\/p>\n<p>Aceast\u0103 decizie istoric\u0103 de oprire a t\u0103ierilor este CONFIRMAT\u0102 oficial chiar de c\u0103tre Garda Forestier\u0103 Foc\u0219ani \u00een r\u0103spunsul scris pe care mi l-a trimis. Autorit\u0103\u021bile silvice au acum obliga\u021bia legal\u0103 de a revizui planul de exploatare (amenajamentul silvic) pentru a-l pune \u00een acord cu situa\u021bia juridic\u0103 stabilit\u0103 definitiv prin instan\u021bele de judecat\u0103 (Decizia nr. 332\/2026), care confirm\u0103 regimul de arie natural\u0103 protejat\u0103.<\/p>\n<p>Vreau s\u0103 subliniez un aspect esen\u021bial: stoparea t\u0103ierilor de c\u0103tre autorit\u0103\u021bi nu s-a f\u0103cut pentru ca acestea s\u0103 poat\u0103 comenta ulterior \u00een spa\u021biul public c\u0103 eu a\u0219 fi \u201cvinovat\u0103\u201d de blocarea activit\u0103\u021bilor administrative. Aceast\u0103 suspendare a fost dispus\u0103 de Minister deoarece exist\u0103 suspiciunea rezonabil\u0103 la nivel central c\u0103 sunt aspecte profund \u00een neregul\u0103 cu privire la modul \u00een care s-a exploatat p\u0103durea \u00een ultimii ani . . . \u0219i datele oficiale par s\u0103 confirme acest lucru.<\/p>\n<p>O analiz\u0103 atent\u0103 a documentelor scoate la iveal\u0103 un paradox silvic de o gravitate maxim\u0103, pe care l-am documentat \u00een timp:<\/p>\n<h2 class=\"wp-block-heading\">R\u0103sturnarea logicii silvice (Stejari vs. Ulmi):<\/h2>\n<p>Garda Forestier\u0103 justific\u0103 exploat\u0103rile masive din anii trecu\u021bi prin atacul ciupercii Ophiostoma novo-ulmi (care provoac\u0103 boala specific\u0103 ulmului). Logica de protec\u021bie a p\u0103durilor obliga la extragerea de urgen\u021b\u0103 a ulmilor bolnavi pentru a stopa focarul \u0219i a nu l\u0103sa boala s\u0103 se extind\u0103 \u00een p\u0103dure. \u00cen schimb, adresa oficial\u0103 a Ocolului Silvic Buz\u0103u ar\u0103ta c\u0103 starea de laten\u021b\u0103 impunea am\u00e2narea t\u0103ierilor la stejari.<\/p>\n<p>Cu toate acestea, s-a procedat exact invers: s-au extras masiv stejari, \u00een timp ce ulmii afecta\u021bi au fost l\u0103sa\u021bi \u00een p\u0103dure! Aspectele din teren dovedesc exact aceast\u0103 realitate revolt\u0103toare.<\/p>\n<p>Discrepan\u021ba uria\u0219\u0103 \u00een cazul stejarilor extra\u0219i: Adresa oficial\u0103 emis\u0103 de Prim\u0103ria Municipiului Buz\u0103u arat\u0103 c\u0103 din teren au fost extra\u0219i \u00een total 3.360 de stejari \u00een perioada 2022-2025.<\/p>\n<p>\u00cen schimb, \u00een sinteza oficial\u0103 de control a G\u0103rzii Forestiere Foc\u0219ani sunt men\u021biona\u021bi doar 2.089 de stejari.<\/p>\n<p>\u00centrebarea mea legitim\u0103, bazat\u0103 strict pe date matematice din acte publice, este: De unde provine aceast\u0103 diferen\u021b\u0103 uria\u0219\u0103 de 1.271 de piese, mai ales \u00een cazul stejarilor? Cum este posibil ca un num\u0103r at\u00e2t de mare de arbori extra\u0219i s\u0103 nu se reg\u0103seasc\u0103 \u00een eviden\u021ba de control a G\u0103rzii? S\u0103 fie vorba despre volume exploatate \u00een baza celor 9 acte (APV-uri) pe care Garda recunoa\u0219te \u00een scris c\u0103 le-a anulat sau casat ulterior \u00een aplica\u021bia SUMAL 2.0 dup\u0103 ce exploatarea fusese deja demarat\u0103?<\/p>\n<h2 class=\"wp-block-heading\">Solicit control strict de la nivel central!<\/h2>\n<p>Sper ca de aceast\u0103 dat\u0103 verificarea complet\u0103 s\u0103 se fac\u0103 strict la nivel central, direct de c\u0103tre Corpul de Control al Ministrului \u0219i Garda Forestier\u0103 Na\u021bional\u0103 de la Bucure\u0219ti. Solicit oficial acest lucru pentru a evita ca dosarul s\u0103 mai fie trimis spre verificare exact celor de la nivel local care i-au acoperit \u00een to\u021bi ace\u0219ti ani \u0219i le-au sus\u021binut activit\u0103\u021bile administrative discutabile.<\/p>\n<p>P\u0103durea Cr\u00e2ng este o r\u0103m\u0103\u0219i\u021b\u0103 valoroas\u0103 a Codrilor Vl\u0103siei. Ea apar\u021bine comunit\u0103\u021bii noastre \u0219i trebuie protejat\u0103 prin reguli stricte de conservare, nu transformat\u0103 \u00een mas\u0103 lemnoas\u0103 prin decizii administrative care contrazic normele fitosanitare.<\/p>\n<p>Aceast\u0103 suspendare a t\u0103ierilor este primul pas spre transparen\u021b\u0103 total\u0103. \u00cen perioada urm\u0103toare, voi \u00eenainta toate aceste documente oficiale contradictorii \u0219i probele str\u00e2nse c\u0103tre Corpul de Control al Ministrului, cer\u00e2nd o investiga\u021bie complet\u0103 \u0219i impar\u021bial\u0103.<\/p>\n<p>V\u0103 mul\u021bumesc tuturor celor care mi-a\u021bi fost al\u0103turi. Lupta pentru respectarea legii \u0219i a mediului continu\u0103!<\/p>\n<p>Distribui\u021bi mai departe pentru ca adev\u0103rul din actele oficiale s\u0103 ajung\u0103 la to\u021bi buzoienii!\u201d, a scris Hatitina Cr\u0103i\u021b\u0103 pe pagina sa de socializare.<\/p>\n<div class=\"col-md-2 col-sm-4 col-xs-4\"> .col-md-2 { float:left; width: 16.6667%; } <\/div>\n<div class=\"col-md-2 col-sm-4 col-xs-4\"> .col-md-2 { float:left; width: 16.6667%; } <\/p>\n<div class=\"fb-share-button\" data-href=\"https:\/\/revistaverde.ro\/2026\/07\/11\/expertul-de-mediu-haritina-craita-a-oprit-taierile-din-cring\/\" data-layout=\"button\" data-size=\"large\" data-mobile-iframe=\"true\"><a class=\"fb-xfbml-parse-ignore\" target=\"_blank\" href=\"https:\/\/www.facebook.com\/sharer\/sharer.php?u=https%3A%2F%2Frevistaverde.ro%2F2026%2F07%2F11%2Fexpertul-de-mediu-haritina-craita-a-oprit-taierile-din-cring%2F&amp;src=sdkpreparse\">Share<\/a><\/div>\n<\/div>\n<div class=\"col-md-2 col-sm-4 col-xs-4\"> .col-md-2 { float:left; width: 16.6667%; } <\/div>\n<\/div>\n<\/article>\n<div class=\"entry-content mh-clearfix\">\n<figure class=\"entry-thumbnail\"><img decoding=\"async\" src=\"https:\/\/revistaverde.ro\/wp-content\/uploads\/2018\/01\/taieri-crang-1-678x381.jpg\" alt title=\"taieri crang\"><\/figure>\n<h2 class=\"wp-block-heading\">VICTORIE ISTORIC\u0102 PENTRU P\u0102DUREA CR\u00c2NG!<\/h2>\n<p>Autorit\u0103\u021bile au fost obligate s\u0103 opreasc\u0103 t\u0103ierile!<\/p>\n<p>\u201cDragi prieteni \u0219i locuitori ai Buz\u0103ului, vin \u00een fa\u021ba voastr\u0103 cu o veste de o importan\u021b\u0103 deosebit\u0103 pentru pl\u0103m\u00e2nul verde al ora\u0219ului nostru, dar \u0219i cu date oficiale care arat\u0103 de ce a fost absolut necesar\u0103 implicarea mea.<\/p>\n<p>\u00cen calitate de cet\u0103\u021bean \u0219i de Expert Tehnic Judiciar \u00een protec\u021bia mediului, am considerat de datoria mea s\u0103 veghez la respectarea legii \u00een P\u0103durea Cr\u00e2ng. Dup\u0103 memorii tehnice argumentate \u0219i demersuri \u00een instan\u021b\u0103, autorit\u0103\u021bile silvice centrale au dispus m\u0103suri ferme!<\/p>\n<p>Ce s-a decis oficial \u0219i este confirmat de control:<\/p>\n<p>Direc\u021bia General\u0103 P\u0103duri din cadrul Ministerului Mediului a dispus SUSPENDAREA URGENT\u0102 a tuturor m\u0103surilor de autorizare a extragerii de mas\u0103 lemnoas\u0103 din P\u0103durea Cr\u00e2ng!<\/p>\n<p>Aceast\u0103 decizie istoric\u0103 de oprire a t\u0103ierilor este CONFIRMAT\u0102 oficial chiar de c\u0103tre Garda Forestier\u0103 Foc\u0219ani \u00een r\u0103spunsul scris pe care mi l-a trimis. Autorit\u0103\u021bile silvice au acum obliga\u021bia legal\u0103 de a revizui planul de exploatare (amenajamentul silvic) pentru a-l pune \u00een acord cu situa\u021bia juridic\u0103 stabilit\u0103 definitiv prin instan\u021bele de judecat\u0103 (Decizia nr. 332\/2026), care confirm\u0103 regimul de arie natural\u0103 protejat\u0103.<\/p>\n<p>Vreau s\u0103 subliniez un aspect esen\u021bial: stoparea t\u0103ierilor de c\u0103tre autorit\u0103\u021bi nu s-a f\u0103cut pentru ca acestea s\u0103 poat\u0103 comenta ulterior \u00een spa\u021biul public c\u0103 eu a\u0219 fi \u201cvinovat\u0103\u201d de blocarea activit\u0103\u021bilor administrative. Aceast\u0103 suspendare a fost dispus\u0103 de Minister deoarece exist\u0103 suspiciunea rezonabil\u0103 la nivel central c\u0103 sunt aspecte profund \u00een neregul\u0103 cu privire la modul \u00een care s-a exploatat p\u0103durea \u00een ultimii ani . . . \u0219i datele oficiale par s\u0103 confirme acest lucru.<\/p>\n<p>O analiz\u0103 atent\u0103 a documentelor scoate la iveal\u0103 un paradox silvic de o gravitate maxim\u0103, pe care l-am documentat \u00een timp:<\/p>\n<h2 class=\"wp-block-heading\">R\u0103sturnarea logicii silvice (Stejari vs. Ulmi):<\/h2>\n<p>Garda Forestier\u0103 justific\u0103 exploat\u0103rile masive din anii trecu\u021bi prin atacul ciupercii Ophiostoma novo-ulmi (care provoac\u0103 boala specific\u0103 ulmului). Logica de protec\u021bie a p\u0103durilor obliga la extragerea de urgen\u021b\u0103 a ulmilor bolnavi pentru a stopa focarul \u0219i a nu l\u0103sa boala s\u0103 se extind\u0103 \u00een p\u0103dure. \u00cen schimb, adresa oficial\u0103 a Ocolului Silvic Buz\u0103u ar\u0103ta c\u0103 starea de laten\u021b\u0103 impunea am\u00e2narea t\u0103ierilor la stejari.<\/p>\n<p>Cu toate acestea, s-a procedat exact invers: s-au extras masiv stejari, \u00een timp ce ulmii afecta\u021bi au fost l\u0103sa\u021bi \u00een p\u0103dure! Aspectele din teren dovedesc exact aceast\u0103 realitate revolt\u0103toare.<\/p>\n<p>Discrepan\u021ba uria\u0219\u0103 \u00een cazul stejarilor extra\u0219i: Adresa oficial\u0103 emis\u0103 de Prim\u0103ria Municipiului Buz\u0103u arat\u0103 c\u0103 din teren au fost extra\u0219i \u00een total 3.360 de stejari \u00een perioada 2022-2025.<\/p>\n<p>\u00cen schimb, \u00een sinteza oficial\u0103 de control a G\u0103rzii Forestiere Foc\u0219ani sunt men\u021biona\u021bi doar 2.089 de stejari.<\/p>\n<p>\u00centrebarea mea legitim\u0103, bazat\u0103 strict pe date matematice din acte publice, este: De unde provine aceast\u0103 diferen\u021b\u0103 uria\u0219\u0103 de 1.271 de piese, mai ales \u00een cazul stejarilor? Cum este posibil ca un num\u0103r at\u00e2t de mare de arbori extra\u0219i s\u0103 nu se reg\u0103seasc\u0103 \u00een eviden\u021ba de control a G\u0103rzii? S\u0103 fie vorba despre volume exploatate \u00een baza celor 9 acte (APV-uri) pe care Garda recunoa\u0219te \u00een scris c\u0103 le-a anulat sau casat ulterior \u00een aplica\u021bia SUMAL 2.0 dup\u0103 ce exploatarea fusese deja demarat\u0103?<\/p>\n<h2 class=\"wp-block-heading\">Solicit control strict de la nivel central!<\/h2>\n<p>Sper ca de aceast\u0103 dat\u0103 verificarea complet\u0103 s\u0103 se fac\u0103 strict la nivel central, direct de c\u0103tre Corpul de Control al Ministrului \u0219i Garda Forestier\u0103 Na\u021bional\u0103 de la Bucure\u0219ti. Solicit oficial acest lucru pentru a evita ca dosarul s\u0103 mai fie trimis spre verificare exact celor de la nivel local care i-au acoperit \u00een to\u021bi ace\u0219ti ani \u0219i le-au sus\u021binut activit\u0103\u021bile administrative discutabile.<\/p>\n<p>P\u0103durea Cr\u00e2ng este o r\u0103m\u0103\u0219i\u021b\u0103 valoroas\u0103 a Codrilor Vl\u0103siei. Ea apar\u021bine comunit\u0103\u021bii noastre \u0219i trebuie protejat\u0103 prin reguli stricte de conservare, nu transformat\u0103 \u00een mas\u0103 lemnoas\u0103 prin decizii administrative care contrazic normele fitosanitare.<\/p>\n<p>Aceast\u0103 suspendare a t\u0103ierilor este primul pas spre transparen\u021b\u0103 total\u0103. \u00cen perioada urm\u0103toare, voi \u00eenainta toate aceste documente oficiale contradictorii \u0219i probele str\u00e2nse c\u0103tre Corpul de Control al Ministrului, cer\u00e2nd o investiga\u021bie complet\u0103 \u0219i impar\u021bial\u0103.<\/p>\n<p>V\u0103 mul\u021bumesc tuturor celor care mi-a\u021bi fost al\u0103turi. Lupta pentru respectarea legii \u0219i a mediului continu\u0103!<\/p>\n<p>Distribui\u021bi mai departe pentru ca adev\u0103rul din actele oficiale s\u0103 ajung\u0103 la to\u021bi buzoienii!\u201d, a scris Hatitina Cr\u0103i\u021b\u0103 pe pagina sa de socializare.<\/p>\n<div class=\"col-md-2 col-sm-4 col-xs-4\"> .col-md-2 { float:left; width: 16.6667%; } <\/div>\n<div class=\"col-md-2 col-sm-4 col-xs-4\"> .col-md-2 { float:left; width: 16.6667%; } <\/p>\n<div class=\"fb-share-button\" data-href=\"https:\/\/revistaverde.ro\/2026\/07\/11\/expertul-de-mediu-haritina-craita-a-oprit-taierile-din-cring\/\" data-layout=\"button\" data-size=\"large\" data-mobile-iframe=\"true\"><a class=\"fb-xfbml-parse-ignore\" target=\"_blank\" href=\"https:\/\/www.facebook.com\/sharer\/sharer.php?u=https%3A%2F%2Frevistaverde.ro%2F2026%2F07%2F11%2Fexpertul-de-mediu-haritina-craita-a-oprit-taierile-din-cring%2F&amp;src=sdkpreparse\">Share<\/a><\/div>\n<\/div>\n<div class=\"col-md-2 col-sm-4 col-xs-4\"> .col-md-2 { float:left; width: 16.6667%; } <\/div>\n<\/div>\n<p>[analyse_source url=&#8221;https:\/\/revistaverde.ro\/2026\/07\/11\/expertul-de-mediu-haritina-craita-a-oprit-taierile-din-cring\/&#8221;]<\/p>\n","protected":false},"excerpt":{"rendered":"<p>[analyse_image type=&#8221;featured&#8221; src=&#8221;https:\/\/revistaverde.ro\/wp-content\/uploads\/2018\/01\/taieri-crang-1.jpg&#8221;] Expertul de Mediu, Haritina Cr\u0103i\u021b\u0103, a oprit t\u0103ierile din Cr\u00eeng iulie 11, 2026M\u0103rg\u0103rit GROSUEco \u015etiri, Evenimente0 VICTORIE ISTORIC\u0102 PENTRU P\u0102DUREA CR\u00c2NG! Autorit\u0103\u021bile au fost obligate s\u0103 opreasc\u0103 t\u0103ierile! \u201cDragi prieteni \u0219i locuitori ai Buz\u0103ului, vin \u00een fa\u021ba voastr\u0103 cu o veste de o importan\u021b\u0103 deosebit\u0103 pentru pl\u0103m\u00e2nul verde al ora\u0219ului nostru, dar [&hellip;]<\/p>\n","protected":false},"author":1,"featured_media":0,"comment_status":"open","ping_status":"","sticky":false,"template":"","format":"standard","meta":{"footnotes":""},"categories":[2],"tags":[226,57],"class_list":["post-2038192","post","type-post","status-publish","format-standard","hentry","category-politics","tag-crawlmanager","tag-revistaverde-ro"],"_links":{"self":[{"href":"https:\/\/analyse.optim.biz\/index.php?rest_route=\/wp\/v2\/posts\/2038192","targetHints":{"allow":["GET"]}}],"collection":[{"href":"https:\/\/analyse.optim.biz\/index.php?rest_route=\/wp\/v2\/posts"}],"about":[{"href":"https:\/\/analyse.optim.biz\/index.php?rest_route=\/wp\/v2\/types\/post"}],"author":[{"embeddable":true,"href":"https:\/\/analyse.optim.biz\/index.php?rest_route=\/wp\/v2\/users\/1"}],"replies":[{"embeddable":true,"href":"https:\/\/analyse.optim.biz\/index.php?rest_route=%2Fwp%2Fv2%2Fcomments&post=2038192"}],"version-history":[{"count":0,"href":"https:\/\/analyse.optim.biz\/index.php?rest_route=\/wp\/v2\/posts\/2038192\/revisions"}],"wp:attachment":[{"href":"https:\/\/analyse.optim.biz\/index.php?rest_route=%2Fwp%2Fv2%2Fmedia&parent=2038192"}],"wp:term":[{"taxonomy":"category","embeddable":true,"href":"https:\/\/analyse.optim.biz\/index.php?rest_route=%2Fwp%2Fv2%2Fcategories&post=2038192"},{"taxonomy":"post_tag","embeddable":true,"href":"https:\/\/analyse.optim.biz\/index.php?rest_route=%2Fwp%2Fv2%2Ftags&post=2038192"}],"curies":[{"name":"wp","href":"https:\/\/api.w.org\/{rel}","templated":true}]}}