{"id":2038058,"date":"2026-07-10T17:40:25","date_gmt":"2026-07-10T14:40:25","guid":{"rendered":"https:\/\/analyse.optim.biz\/?p=2038058"},"modified":"2026-07-10T17:40:25","modified_gmt":"2026-07-10T14:40:25","slug":"calendarul-zilei-11-iulie-sf-mare-mc-eufimia-sf-olga-cea-intocmai-cu-apostolii-si-luminatoarea-rusiei","status":"publish","type":"post","link":"https:\/\/analyse.optim.biz\/?p=2038058","title":{"rendered":"Calendarul zilei 11 iulie: Sf. Mare Mc. Eufimia; Sf. Olga, cea \u00eentocmai cu Apostolii \u0219i lumin\u0103toarea Rusiei"},"content":{"rendered":"<p>[analyse_image type=&#8221;featured&#8221; src=&#8221;https:\/\/r3media.ro\/wp-content\/uploads\/2024\/07\/sfanta-olga-tarina-cea-intocmai-cu-apostolii-302345-e1720644722722.jpghttps:\/\/r3media.ro\/wp-content\/uploads\/2024\/07\/sfanta-olga-tarina-cea-intocmai-cu-apostolii-302345-e1720644722722.jpg&#8221;]<\/p>\n<article id=\"template-id-109\" class=\"post-109 tdb_templates type-tdb_templates status-publish post\">\n<div id=\"tdi_2\" class=\"tdc-zone\">\n<div class=\"tdc_zone tdi_3  wpb_row td-pb-row\">\n<div id=\"tdi_4\" class=\"tdc-row\">\n<div class=\"vc_row tdi_5  wpb_row td-pb-row\">\n<div class=\"vc_column tdi_7  wpb_column vc_column_container tdc-column td-pb-span8\">\n<div class=\"wpb_wrapper\">\n<div class=\"td_block_wrap tdb_breadcrumbs tdi_8 td-pb-border-top td_block_template_1 tdb-breadcrumbs \" data-td-block-uid=\"tdi_8\">\n<div class=\"tdb-block-inner td-fix-index\"><span><a title=\"Vede\u021bi toate articolele \u00een PRIM PLAN\" class=\"tdb-entry-crumb\" href=\"https:\/\/r3media.ro\/category\/stiri-prim-plan\/\">PRIM PLAN<\/a><\/span><span class=\"tdb-bred-no-url-last\">Calendarul zilei 11 iulie: Sf. Mare Mc. Eufimia; Sf. Olga, cea \u00eentocmai&#8230;<\/span><\/div>\n<\/div>\n<div class=\"td_block_wrap tdb_single_categories tdi_9 td-pb-border-top td_block_template_1 \" data-td-block-uid=\"tdi_9\">\n<div class=\"tdb-category td-fix-index\"><a class=\"tdb-entry-category\" href=\"https:\/\/r3media.ro\/category\/stiri-prim-plan\/\">PRIM PLAN<\/a><a class=\"tdb-entry-category\" href=\"https:\/\/r3media.ro\/category\/stiri\/\">\u0218TIRI<\/a><\/div>\n<\/div>\n<div class=\"td_block_wrap tdb_title tdi_10 tdb-single-title td-pb-border-top td_block_template_1\" data-td-block-uid=\"tdi_10\">\n<div class=\"tdb-block-inner td-fix-index\">\n<h1 class=\"tdb-title-text\">Calendarul zilei 11 iulie: Sf. Mare Mc. Eufimia; Sf. Olga, cea \u00eentocmai cu Apostolii \u0219i lumin\u0103toarea Rusiei<\/h1>\n<\/div>\n<\/div>\n<div class=\"vc_row_inner tdi_12  vc_row vc_inner wpb_row td-pb-row\">\n<div class=\"vc_column_inner tdi_14  wpb_column vc_column_container tdc-inner-column td-pb-span12\">\n<div class=\"vc_column-inner\">\n<div class=\"wpb_wrapper\">\n<div class=\"td_block_wrap tdb_single_author tdi_15 td-pb-border-top td_block_template_1 tdb-post-meta\" data-td-block-uid=\"tdi_15\">\n<div class=\"tdb-block-inner td-fix-index\">\n<div class=\"tdb-author-name-wrap\"><a class=\"tdb-author-name\" href=\"https:\/\/r3media.ro\/author\/redactia\/\">Redac\u021bia<\/a><\/div>\n<\/div>\n<\/div>\n<div class=\"td_block_wrap tdb_single_date tdi_16 td-pb-border-top td_block_template_1 tdb-post-meta\" data-td-block-uid=\"tdi_16\">\n<div class=\"tdb-block-inner td-fix-index\"><time class=\"entry-date updated td-module-date\" datetime=\"2026-07-10T20:40:25+03:00\">10\/07\/2026<\/time><\/div>\n<\/div>\n<\/div>\n<\/div>\n<\/div>\n<\/div>\n<div class=\"td_block_wrap tdb_single_content tdi_18 td-pb-border-top td_block_template_1 td-post-content tagdiv-type\" data-td-block-uid=\"tdi_18\">\n<div class=\"tdb-block-inner td-fix-index\">\n<p><strong>Iat\u0103 prezentarea sfin\u021bilor din calendarul ortodox, din <a href=\"https:\/\/ziarullumina.ro\/teologie-si-spiritualitate\/sinaxar\/sf-mare-mc-eufimia-sf-olga-cea-intocmai-cu-apostolii-si-luminatoarea-rusiei-172865.html\" target=\"_blank\" rel=\"noopener\">Ziarul Lumina<\/a> al Patriarhiei Rom\u00e2ne:<\/strong><\/p>\n<p>\u00cen zilele \u00eemp\u0103ra\u0163ilor Marcian \u015fi Pulheria s-a f\u0103cut la Calcedon Sinod Mare (451) la care au participat 630 de Sfin\u0163i P\u0103rin\u0163i din toat\u0103 lumea.<\/p>\n<p>Ei au os\u00e2ndit erezia lui Dioscor \u015fi Eutihie, care spuneau c\u0103 Hristos a avut o singur\u0103 fire \u015fi o lucrare, nu dou\u0103 firi: dumnezeiasc\u0103 \u015fi omeneasc\u0103. Ast\u0103zi pomenim minunea care s-a f\u0103cut de cinstitele moa\u015fte ale Sfintei Muceni\u0163e Eufimia \u00een vremea acestui al 4-lea Sinod Ecumenic. Atunci, Sfin\u0163ii P\u0103rin\u0163i ai Bisericii au zis ereticilor s\u0103 \u00ee\u015fi scrie \u00eentr-o carte m\u0103rturisirea lor de credin\u0163\u0103, care urma s\u0103 fie pus\u0103 \u00een racla Sfintei Muceni\u0163e Eufimia, al\u0103turi de m\u0103rturisirea de credin\u0163\u0103 a dreptcredincio\u015filor. \u015ei pecetluind racla cu pecete \u00eemp\u0103r\u0103teasc\u0103, au pus p\u0103zitori, iar dup\u0103 trei zile de post \u015fi rug\u0103ciune, deschiz\u00e2nd racla, au g\u0103sit scrierea Sfin\u0163ilor P\u0103rin\u0163i \u00een m\u00e2na dreapt\u0103 a sfintei, iar pe aceea a ereticilor la picioarele ei. Sf\u00e2nta Eufimia s-a n\u0103scut la Calcedon \u00een \u0163inutul Bitiniei \u015fi a primit cununa muceniciei \u00een anul 307. Era o t\u00e2n\u0103r\u0103 fecioar\u0103 care \u00ee\u015fi \u00eenchinase via\u0163a M\u00e2ntuitorului Iisus Hristos. P\u00e2r\u00e2t\u0103 fiind c\u0103 este cre\u015ftin\u0103, a fost supus\u0103 la multe \u015fi cumplite chinuri, iar mai apoi a fost ars\u0103 de vie, primind astfel cunu\u00adna mucenicilor. Biserica o cinste\u015fte at\u00e2t la 11 iulie, c\u00e2nd sfintele ei moa\u015fte au f\u0103cut aceast\u0103 minune, c\u00e2t \u015fi la 16 septembrie, ziua ei de muceniceasc\u0103 p\u0103timire.<\/p>\n<p>Ast\u0103zi, Biserica noastr\u0103 ortodox\u0103 o cinste\u015fte \u015fi pe Sf\u00e2nta Olga, cea \u00eentocmai cu Apostolii \u015fi lumin\u0103toarea Rusiei, scrie <a href=\"https:\/\/ziarullumina.ro\/actualitate-religioasa\/documentar\/sfanta-olga-tarina-cea-intocmai-cu-apostolii-190940.html\" target=\"_blank\" rel=\"noopener\">Ziarul Lumina.<\/a><\/p>\n<p>Prea pu\u021bin cunoscut\u0103 din sinaxare, via\u021ba Sfintei Olga, cea \u00eentocmai cu Apostolii \u0219i lumin\u0103toarea Rusiei, se sprijin\u0103 pe doar c\u00e2teva surse de \u00eencredere. Istoria hagiografic\u0103 o identific\u0103 \u00een r\u00e2ndul \u00eemp\u0103r\u0103teselor m\u0103rturisitoare, care au primit harul \u0219i puterea de a aprinde \u00een mijlocul neamurilor p\u0103g\u00e2ne lumina cea adev\u0103rat\u0103 a credin\u021bei \u00een M\u00e2ntuitorul Hristos.<\/p>\n<p>Sf\u00e2nta \u00eemp\u0103r\u0103teas\u0103 Olga, cea supranumit\u0103 \u201elumin\u0103toare a Rusiei\u201d, a venit pe lume \u00een anul 890\/2 \u00een localitatea Vibuty, aproape de gubernia Pskov. Exist\u0103 mai multe teorii cu privire la originea sa social\u0103, printre care aceea c\u0103 ar fi fost fiica unui \u021b\u0103ran chipe\u0219, care ajuta oamenii s\u0103 treac\u0103 r\u00e2ul cu barca de pe o parte pe alta. Dup\u0103 alte relat\u0103ri ar fi avut chiar r\u0103d\u0103cini scandinave, numele s\u0103u fiind tradus \u00een fapt Helga. \u00cen anul 903, frumoasa guberneanc\u0103 este remarcat\u0103 de prin\u021bul Igor Rjurikovic, al doilea suveran al Kievului \u0219i monarh al \u00eentregii Rusii, care o ia de so\u021bie. Fata cu origini scandinave, de acum regin\u0103 a Rusiei, \u00eel aduce pe lume pe prin\u021bul Sviatoslav, mo\u0219tenitorul tronului \u0219i viitorul \u021bar. \u00cen anul 945, principele Igor cade victim\u0103 unui complot al r\u0103scula\u021bilor drevljani, l\u0103s\u00e2nd tronul \u00een m\u00e2inile uzurpatorilor. Regina Olga este nevoit\u0103 s\u0103 plece la Constantinopol pentru a c\u0103uta sprijin la tronul bizantin. Reu\u0219e\u0219te s\u0103 redob\u00e2ndeasc\u0103 tronul \u0219i o perioad\u0103, dat fiind faptul c\u0103 prin\u021bul nu avea v\u00e2rsta necesar\u0103 pentru a conduce, \u00een\u021beleapta \u021barin\u0103 men\u021bine pacea \u00een regat. Cucerit\u0103 de fru\u00admuse\u021bea cultului liturgic \u0219i a credin\u021bei cre\u0219tine, \u021barina prime\u0219te Taina Baptismal\u0103 la anul 957, dob\u00e2ndind \u00eendemnarea cre\u0219tineasc\u0103 dup\u0103 numele Sfintei \u00cemp\u0103r\u0103tese Elena. Dup\u0103 \u00eendeplinirea diligen\u021bei regale, Sf\u00e2nta Olga s-a dedicat cu totul lucr\u0103rii misionare de \u00eencre\u0219\u00adtinare a poporului s\u0103u. \u00cencerc\u0103rile ei misionare nu au izbutit \u00eentru totul, ru\u0219ii fiind \u00eenc\u0103 ata\u0219a\u021bi vechilor practici \u0219i credin\u021be p\u0103g\u00e2ne. Cu toate acestea, a reu\u0219it s\u0103 ridice o biseric\u0103 de lemn \u00een chiar inima Kievului, \u00eenchin\u00e2nd-o \u201eSfintei \u00cen\u021belepciuni\u201d, dup\u0103 cum v\u0103zuse la Constantinopol. A tr\u0103it p\u00e2n\u0103 la v\u00e2rsta de aproape 80 de ani, trec\u00e2nd la Domnul \u00een ziua de 11 iulie 969, \u00een ora\u0219ul Perislav. Dup\u0103 \u00eencre\u0219tinarea masiv\u0103 a ru\u0219ilor, venit\u0103 odat\u0103 cu preluarea tronului de \u0163arul sf\u00e2nt Vladimir (996), nepotul de s\u00e2nge al sfintei \u021barine, cultul ei cre\u0219te tot mai mult, devenind una dintre cele mai populare sfinte m\u0103rturisitoare ale \u00eentregii Rusii. Sf\u00e2ntul Vladimir ridic\u0103 \u00een cinstea ei o biseric\u0103, unde r\u00e2nduie\u0219te s\u0103 fie a\u0219ezate sfintele sale moa\u0219te (Grande Libro dei Santi. Vita, morte e miracoli dei principali santi del calendario liturgico, Rusiconi Libri, 2017, p. 166).<br \/>\nA primit Botezul la Constantinopol<\/p>\n<p>\u201eVia\u021ba Sfintei Olga\u201d reconfirm\u0103 \u00een\u021belep\u00adciunea \u0219i integritatea personalit\u0103\u021bii sale, r\u00e2nduite de Bunul Dumnezeu \u00een slujirea Adev\u0103rului. Tradi\u021bia hagiografic\u0103 men\u021bioneaz\u0103 faptul c\u0103, dup\u0103 moartea so\u021bului ei, a c\u0103l\u0103torit la Constantinopol pentru a primi Botezul cre\u0219tin. \u00cemp\u0103ratul bizantin, v\u0103z\u00e2ndu-i fru\u00admuse\u021bea chipului \u0219i noble\u021bea cu care \u00ee\u0219i purta demnitatea \u00eemp\u0103r\u0103teasc\u0103, a dorit pe dat\u0103 s\u0103 o ia de so\u021bie, cer\u00e2ndu-i ne\u00eent\u00e2rziat permisiunea de a-i deveni soa\u021b\u0103. \u021aarina \u00eens\u0103 l-a rugat pe acesta s\u0103 o \u00eeng\u0103duiasc\u0103 p\u00e2n\u0103 ce va deveni cre\u0219tin\u0103, exprim\u00e2ndu-\u0219i totodat\u0103 dorin\u021ba ca el \u00eensu\u0219i s\u0103-i fie na\u0219 de Botez. \u00cemp\u0103ratul a acceptat, dar dup\u0103 ce a primit Taina Unirii cu Hristos din ap\u0103 \u0219i din Duh, \u00eemp\u0103r\u0103teasa i-a dezv\u0103luit acestuia c\u0103 \u201enu poate primi s\u0103-i fie soa\u021b\u0103 celui ce-i este r\u00e2nduit de acum p\u0103rinte duhovnicesc prin voia lui Dumnezeu\u201d. \u0218i astfel, socotind cu dreptate sf\u00e2nt\u0103 \u00een\u021belepciunea cea dup\u0103 fire, sf\u00e2nta \u00eemp\u0103r\u0103teas\u0103 s-a p\u0103strat pe sine \u00een v\u0103duvie curat\u0103, pun\u00e2ndu-se cu totul \u00eentru slujirea Evangheliei M\u00e2ntuitorului Hristos (The Great Horologion, Massachusttes, 1997).<\/p>\n<p>Jertfa de credin\u021b\u0103 \u0219i de m\u0103rturisire a \u021barinei Olga a \u201epavat drumul spre cre\u0219tinarea \u00eentregului popor rus, \u00eemplinit\u0103 treizeci de ani mai t\u00e2rziu\u201d (400 Outstanding Women of the World and Costumology of their time, compiled by Minna Moscherosch Schmidt, Chicago, 1933, p. 343).<br \/>\n\u201eOrdinul Sfintei Olga\u201d<\/p>\n<p>\u021aarul Nicolae al Rusiei a fondat, \u00een anul 1916, primul \u201eOrdin al Sfintei Olga\u201d, dedicat r\u0103spl\u0103tirii distinselor doamne cre\u0219tine. \u201eAcest ordin era inspirat din vechiul cult al sfintei, cinstit\u0103 la Kiev, care \u00eencre\u0219tinase o mare parte din concitadinii s\u0103i \u0219i \u00een cele din urm\u0103 pe nepotul s\u0103u, marele principe Vladimir I al Kievului, la r\u00e2ndul s\u0103u cre\u0219tin fervent, care a adus credin\u021ba cre\u0219tin\u0103 \u00een \u00eentreaga Rusie. Acest ordin a fost ulterior redenumit de patriarhul Moscovei ca Ordinul Apostolic al Sfintei Olga, folosindu-l ca decora\u021bie pentru femeile cre\u0219tine. \u00cen anul 1936, Patriarhul Gheorghe al II-lea a fondat \u00een Grecia ordinul Sfintei Olga \u0219i al Sfintei Sofia, inspirat dup\u0103 vechiul ordin rusesc al Sfintei Olga, adaptat casei regale ortodoxe grece\u0219ti\u201d (Grande Libro dei Santi, p. 166).<\/p>\n<div class=\"crp_related     crp-masonry\">\n<h2>\u00ceN CONTEXT<\/h2>\n<ul>\n<li><a href=\"https:\/\/r3media.ro\/calendarul-zilei-16-septembrie-sf-mare-mucenita-eufimia\/\" class=\"crp_link post-54317\"><span class=\"crp_title\">Calendarul zilei 16 septembrie: Sf. Cuv. M\u0103rturisitor Sofian de la M\u0103n\u0103stirea Antim; Sf.\u2026<\/span><\/a><\/li>\n<li><a href=\"https:\/\/r3media.ro\/calendarul-zilei-22-iulie-sfanta-mironosita-si-intocmai-cu-apostolii-maria-magdalena-si-sfantul-preot-marturisitor-ilie-lacatusu\/\" class=\"crp_link post-111886\"><span class=\"crp_title\">Calendarul zilei 22 iulie: Sf\u00e2nta Mironosi\u021b\u0103 \u0219i \u00centocmai cu Apostolii Maria Magdalena \u0219i\u2026<\/span><\/a><\/li>\n<li><a href=\"https:\/\/r3media.ro\/calendarul-zilei-4-ianuarie-soborul-sfintilor-70-de-apostoli\/\" class=\"crp_link post-34856\"><span class=\"crp_title\">Calendarul zilei 4 ianuarie: Soborul Sfin\u021bilor 70 de apostoli<\/span><\/a><\/li>\n<li><a href=\"https:\/\/r3media.ro\/calendarul-zilei-25-iulie-81-de-la-finalizarea-campaniei-militare-de-eliberare-a-basarabiei-si-a-nordului-bucovinei-de-sub-ocupatie-sovietica\/\" class=\"crp_link post-51149\"><span class=\"crp_title\">Calendarul zilei 25 iulie: 84 de la finalizarea campaniei militare de eliberare a Basarabiei\u2026<\/span><\/a><\/li>\n<li><a href=\"https:\/\/r3media.ro\/calendarul-zilei-15-iulie-sfintii-mucenici-chiric-si-iulita-sfantul-vladimir-luminatorul-rusiei\/\" class=\"crp_link post-50582\"><span class=\"crp_title\">Calendarul zilei 15 iulie: Sfin\u021bii Mucenici Chiric \u0219i Iulita; Sf\u00e2ntul Vladimir, lumin\u0103torul Rusiei<\/span><\/a><\/li>\n<li><a href=\"https:\/\/r3media.ro\/calendarul-zilei-22-iunie-sf-ierarh-grigorie-dascalul-mitropolitul-tarii-romanesti-sf-sfintit-mc-eusebiu-episcopul-samosatei\/\" class=\"crp_link post-48963\"><span class=\"crp_title\">Calendarul zilei 22 iunie: Sf. Ierarh Grigorie Dasc\u0103lul, Mitropolitul \u021a\u0103rii Rom\u00e2ne\u0219ti; Sf.\u2026<\/span><\/a><\/li>\n<li><a href=\"https:\/\/r3media.ro\/calendarul-zilei-26-august-sfintii-adrian-si-natalia-cei-doi-soti-a-caror-dragoste-a-fost-mai-tare-decat-moartea-si-sunt-ocrotitorii-familiei\/\" class=\"crp_link post-26673\"><span class=\"crp_title\">Calendarul zilei 26 august: Sfin\u021bii Adrian \u0219i Natalia, cei doi so\u021bi a c\u0103ror dragoste a fost\u2026<\/span><\/a><\/li>\n<li><a href=\"https:\/\/r3media.ro\/postul-sfintilor-apostoli-petru-si-pavel\/\" class=\"crp_link post-23070\"><span class=\"crp_title\">\u00cencepe Postul Sfin\u021bilor Apostoli Petru \u0219i Pavel<\/span><\/a><\/li>\n<\/ul>\n<\/div>\n<\/div>\n<\/div>\n<div class=\"td_block_wrap tdb_single_tags tdi_19 td-pb-border-top td_block_template_1\" data-td-block-uid=\"tdi_19\">\n<div class=\"tdb-block-inner td-fix-index\">\n<ul class=\"tdb-tags\">\n<li><span>SUBIECTE FIERBIN\u021aI<\/span><\/li>\n<li><a href=\"https:\/\/r3media.ro\/tag\/calendar-ortodox\/\">calendar ortodox<\/a><\/li>\n<li><a href=\"https:\/\/r3media.ro\/tag\/calendarul-zilei\/\">calendarul zilei<\/a><\/li>\n<li><a href=\"https:\/\/r3media.ro\/tag\/calendarul-zilei-11-iulie\/\">calendarul zilei 11 iulie<\/a><\/li>\n<\/ul>\n<\/div>\n<\/div>\n<div class=\"td_block_wrap td_block_9 tdi_20 td_with_ajax_pagination td-pb-border-top td_block_template_1 td-column-2 td_block_padding td_block_bot_line\" data-td-block-uid=\"tdi_20\">\n<div class=\"td-block-title-wrap\">\n<h4 class=\"block-title td-block-title\"><span class=\"td-pulldown-size\">CITE\u0218TE MAI MULT<\/span><\/h4>\n<\/div>\n<div id=\"tdi_20\" class=\"td_block_inner\">\n<div class=\"td-block-row\">\n<div class=\"td-block-span6\">\n<div class=\"td_module_8 td_module_wrap\">\n<div class=\"item-details\">\n<h3 class=\"entry-title td-module-title\"><a href=\"https:\/\/r3media.ro\/cutremur-5-5-grade-scara-richter-resimtit-cehia-slovacia\/\" rel=\"bookmark\" title=\"Cutremur de 5.5 grade pe scara Richter. S-a resim\u021bit \u00een Cehia \u0219i Slovacia\">Cutremur de 5.5 grade pe scara Richter. S-a resim\u021bit \u00een Cehia \u0219i Slovacia<\/a><\/h3>\n<div class=\"td-module-meta-info\"><a href=\"https:\/\/r3media.ro\/category\/stiri-prim-plan\/\" class=\"td-post-category\">PRIM PLAN<\/a><span class=\"td-post-author-name\"><a href=\"https:\/\/r3media.ro\/author\/oana\/\">Oana Ivan<\/a><span>&#8211;<\/span><\/span><span class=\"td-post-date\"><time class=\"entry-date updated td-module-date\" datetime=\"2026-07-09T20:48:24+03:00\">09\/07\/2026<\/time><\/span><\/div>\n<\/div>\n<\/div>\n<\/div>\n<div class=\"td-block-span6\">\n<div class=\"td_module_8 td_module_wrap\">\n<div class=\"item-details\">\n<h3 class=\"entry-title td-module-title\"><a href=\"https:\/\/r3media.ro\/presedintele-croatiei-interesele-poporului-ursula-von-der-leyen\/\" rel=\"bookmark\" title=\"Pre\u0219edintele Croa\u021biei spune c\u0103 este obligat s\u0103 apere interesele poporului s\u0103u, \u201enu s\u0103 urmez orbe\u0219te trenduri sau s\u0103 repet ca un papagal frazele care \u00eei plac Ursulei von der Leyen\u201d\">Pre\u0219edintele Croa\u021biei spune c\u0103 este obligat s\u0103 apere interesele poporului s\u0103u, \u201enu s\u0103 urmez&#8230;<\/a><\/h3>\n<div class=\"td-module-meta-info\"><a href=\"https:\/\/r3media.ro\/category\/actualitate\/\" class=\"td-post-category\">ACTUALITATE<\/a><span class=\"td-post-author-name\"><a href=\"https:\/\/r3media.ro\/author\/radu_ursan\/\">Radu Ursan<\/a><span>&#8211;<\/span><\/span><span class=\"td-post-date\"><time class=\"entry-date updated td-module-date\" datetime=\"2026-07-08T22:42:08+03:00\">08\/07\/2026<\/time><\/span><\/div>\n<\/div>\n<\/div>\n<\/div>\n<\/div>\n<div class=\"td-block-row\">\n<div class=\"td-block-span6\">\n<div class=\"td_module_8 td_module_wrap\">\n<div class=\"item-details\">\n<h3 class=\"entry-title td-module-title\"><a href=\"https:\/\/r3media.ro\/femeie-cumparat-automobil-electric-mana-a-doua-surpriza-plecat-masina\/\" rel=\"bookmark\" title=\"O femeie care \u0219i-a achizi\u021bionat un automobil electric la m\u00e2na a doua a avut parte de o surpriz\u0103 imediat dup\u0103 ce a plecat cu ma\u0219ina\">O femeie care \u0219i-a achizi\u021bionat un automobil electric la m\u00e2na a doua a avut&#8230;<\/a><\/h3>\n<div class=\"td-module-meta-info\"><a href=\"https:\/\/r3media.ro\/category\/actualitate\/\" class=\"td-post-category\">ACTUALITATE<\/a><span class=\"td-post-author-name\"><a href=\"https:\/\/r3media.ro\/author\/oana\/\">Oana Ivan<\/a><span>&#8211;<\/span><\/span><span class=\"td-post-date\"><time class=\"entry-date updated td-module-date\" datetime=\"2026-07-08T19:56:23+03:00\">08\/07\/2026<\/time><\/span><\/div>\n<\/div>\n<\/div>\n<\/div>\n<div class=\"td-block-span6\">\n<div class=\"td_module_8 td_module_wrap\">\n<div class=\"item-details\">\n<h3 class=\"entry-title td-module-title\"><a href=\"https:\/\/r3media.ro\/lectii-de-inapoiere\/\" rel=\"bookmark\" title=\"Lec\u021bii de \u00eenapoiere\">Lec\u021bii de \u00eenapoiere<\/a><\/h3>\n<div class=\"td-module-meta-info\"><a href=\"https:\/\/r3media.ro\/category\/opinii\/\" class=\"td-post-category\">OPINII<\/a><span class=\"td-post-author-name\"><a href=\"https:\/\/r3media.ro\/author\/tru\/\">TRU (Traian Ungureanu)<\/a><span>&#8211;<\/span><\/span><span class=\"td-post-date\"><time class=\"entry-date updated td-module-date\" datetime=\"2026-07-07T14:50:09+03:00\">07\/07\/2026<\/time><\/span><\/div>\n<\/div>\n<\/div>\n<\/div>\n<\/div>\n<div class=\"td-block-row\">\n<div class=\"td-block-span6\">\n<div class=\"td_module_8 td_module_wrap\">\n<div class=\"item-details\">\n<h3 class=\"entry-title td-module-title\"><a href=\"https:\/\/r3media.ro\/dreptate-pentru-memoria-lui-mircea-vulcanescu\/\" rel=\"bookmark\" title=\"Dreptate pentru memoria lui Mircea Vulc\u0103nescu\">Dreptate pentru memoria lui Mircea Vulc\u0103nescu<\/a><\/h3>\n<div class=\"td-module-meta-info\"><a href=\"https:\/\/r3media.ro\/category\/opinii\/\" class=\"td-post-category\">OPINII<\/a><span class=\"td-post-author-name\"><a href=\"https:\/\/r3media.ro\/author\/bogdan-munteanu\/\">Bogdan Munteanu<\/a><span>&#8211;<\/span><\/span><span class=\"td-post-date\"><time class=\"entry-date updated td-module-date\" datetime=\"2026-07-03T15:27:06+03:00\">03\/07\/2026<\/time><\/span><\/div>\n<\/div>\n<\/div>\n<\/div>\n<div class=\"td-block-span6\">\n<div class=\"td_module_8 td_module_wrap\">\n<div class=\"item-details\">\n<h3 class=\"entry-title td-module-title\"><a href=\"https:\/\/r3media.ro\/un-baietel-de-10-ani-are-nevoie-urgent-de-930-000-de-euro-pentru-a-trai-apelul-parintelui-alexandru-lungu\/\" rel=\"bookmark\" title=\"Un b\u0103ie\u021bel de 10 ani are nevoie URGENT de 930.000 de euro pentru a tr\u0103i. Apelul p\u0103rintelui Alexandru Lungu\">Un b\u0103ie\u021bel de 10 ani are nevoie URGENT de 930.000 de euro pentru a&#8230;<\/a><\/h3>\n<div class=\"td-module-meta-info\"><a href=\"https:\/\/r3media.ro\/category\/actualitate\/\" class=\"td-post-category\">ACTUALITATE<\/a><span class=\"td-post-author-name\"><a href=\"https:\/\/r3media.ro\/author\/redactia\/\">Redac\u021bia<\/a><span>&#8211;<\/span><\/span><span class=\"td-post-date\"><time class=\"entry-date updated td-module-date\" datetime=\"2026-07-01T14:14:11+03:00\">01\/07\/2026<\/time><\/span><\/div>\n<\/div>\n<\/div>\n<\/div>\n<\/div>\n<div class=\"td-block-row\">\n<div class=\"td-block-span6\">\n<div class=\"td_module_8 td_module_wrap\">\n<div class=\"item-details\">\n<h3 class=\"entry-title td-module-title\"><a href=\"https:\/\/r3media.ro\/solutie-istorica-curtea-de-apel-bucuresti-mircea-vulcanescu-nu-e-criminal-de-razboi\/\" rel=\"bookmark\" title=\"Solu\u021bie istoric\u0103 a Cur\u021bii de Apel Bucure\u0219ti \u00een cazul \u201eMircea Vulc\u0103nescu\u201d\">Solu\u021bie istoric\u0103 a Cur\u021bii de Apel Bucure\u0219ti \u00een cazul \u201eMircea Vulc\u0103nescu\u201d<\/a><\/h3>\n<div class=\"td-module-meta-info\"><a href=\"https:\/\/r3media.ro\/category\/actualitate\/\" class=\"td-post-category\">ACTUALITATE<\/a><span class=\"td-post-author-name\"><a href=\"https:\/\/r3media.ro\/author\/redactia\/\">Redac\u021bia<\/a><span>&#8211;<\/span><\/span><span class=\"td-post-date\"><time class=\"entry-date updated td-module-date\" datetime=\"2026-07-02T16:26:05+03:00\">02\/07\/2026<\/time><\/span><\/div>\n<\/div>\n<\/div>\n<\/div>\n<div class=\"td-block-span6\">\n<div class=\"td_module_8 td_module_wrap\">\n<div class=\"item-details\">\n<h3 class=\"entry-title td-module-title\"><a href=\"https:\/\/r3media.ro\/nicusor-dan-articol-presa-americana-luptatori-munti-trump\/\" rel=\"bookmark\" title=\"Nicu\u0219or Dan a publicat un articol \u00een presa american\u0103, \u00een care laud\u0103 lupt\u0103torii din mun\u021bi para\u0219uta\u021bi de SUA \u0219i pe pre\u0219edintele Trump\">Nicu\u0219or Dan a publicat un articol \u00een presa american\u0103, \u00een care laud\u0103 lupt\u0103torii din&#8230;<\/a><\/h3>\n<div class=\"td-module-meta-info\"><a href=\"https:\/\/r3media.ro\/category\/actualitate\/\" class=\"td-post-category\">ACTUALITATE<\/a><span class=\"td-post-author-name\"><a href=\"https:\/\/r3media.ro\/author\/redactia\/\">Redac\u021bia<\/a><span>&#8211;<\/span><\/span><span class=\"td-post-date\"><time class=\"entry-date updated td-module-date\" datetime=\"2026-07-02T12:17:31+03:00\">02\/07\/2026<\/time><\/span><\/div>\n<\/div>\n<\/div>\n<\/div>\n<\/div>\n<div class=\"td-block-row\">\n<div class=\"td-block-span6\">\n<div class=\"td_module_8 td_module_wrap\">\n<div class=\"item-details\">\n<h3 class=\"entry-title td-module-title\"><a href=\"https:\/\/r3media.ro\/suc-cico-bautura-carbogazoasa-fructe-naturala\/\" rel=\"bookmark\" title=\"Sucul CICO, subiect de ironii azi, era singura b\u0103utura carbogazoas\u0103 f\u0103cut EXCLUSIV din fructe \u0219i f\u0103r\u0103 conservan\u021bi chimici\">Sucul CICO, subiect de ironii azi, era singura b\u0103utura carbogazoas\u0103 f\u0103cut EXCLUSIV din fructe&#8230;<\/a><\/h3>\n<div class=\"td-module-meta-info\"><a href=\"https:\/\/r3media.ro\/category\/actualitate\/\" class=\"td-post-category\">ACTUALITATE<\/a><span class=\"td-post-author-name\"><a href=\"https:\/\/r3media.ro\/author\/radu_ursan\/\">Radu Ursan<\/a><span>&#8211;<\/span><\/span><span class=\"td-post-date\"><time class=\"entry-date updated td-module-date\" datetime=\"2026-07-01T18:44:17+03:00\">01\/07\/2026<\/time><\/span><\/div>\n<\/div>\n<\/div>\n<\/div>\n<div class=\"td-block-span6\">\n<div class=\"td_module_8 td_module_wrap\">\n<div class=\"item-details\">\n<h3 class=\"entry-title td-module-title\"><a href=\"https:\/\/r3media.ro\/femei-germania-teama-piscina-dezastru-clientela\/\" rel=\"bookmark\" title=\"Femeile din Germania se tem s\u0103 mai mearg\u0103 la piscin\u0103: Un dezastru, din cauza \u201eclientelei\u201d\">Femeile din Germania se tem s\u0103 mai mearg\u0103 la piscin\u0103: Un dezastru, din cauza&#8230;<\/a><\/h3>\n<div class=\"td-module-meta-info\"><a href=\"https:\/\/r3media.ro\/category\/actualitate\/\" class=\"td-post-category\">ACTUALITATE<\/a><span class=\"td-post-author-name\"><a href=\"https:\/\/r3media.ro\/author\/oana\/\">Oana Ivan<\/a><span>&#8211;<\/span><\/span><span class=\"td-post-date\"><time class=\"entry-date updated td-module-date\" datetime=\"2026-07-01T13:57:25+03:00\">01\/07\/2026<\/time><\/span><\/div>\n<\/div>\n<\/div>\n<\/div>\n<\/div>\n<div class=\"td-block-row\">\n<div class=\"td-block-span6\">\n<div class=\"td_module_8 td_module_wrap\">\n<div class=\"item-details\">\n<h3 class=\"entry-title td-module-title\"><a href=\"https:\/\/r3media.ro\/subiecte-bac-istorie-2026-elevi-examen-varianta-rezerva-canicula\/\" rel=\"bookmark\" title=\"Bac Istorie 2026: Ce le-a picat elevilor \u0219i ce se \u00eent\u00e2mpl\u0103 cu cei care nu au reu\u0219it s\u0103 ajung\u0103 la examen din cauza caniculei\">Bac Istorie 2026: Ce le-a picat elevilor \u0219i ce se \u00eent\u00e2mpl\u0103 cu cei care&#8230;<\/a><\/h3>\n<div class=\"td-module-meta-info\"><a href=\"https:\/\/r3media.ro\/category\/actualitate\/\" class=\"td-post-category\">ACTUALITATE<\/a><span class=\"td-post-author-name\"><a href=\"https:\/\/r3media.ro\/author\/oana\/\">Oana Ivan<\/a><span>&#8211;<\/span><\/span><span class=\"td-post-date\"><time class=\"entry-date updated td-module-date\" datetime=\"2026-07-01T11:13:55+03:00\">01\/07\/2026<\/time><\/span><\/div>\n<\/div>\n<\/div>\n<\/div>\n<div class=\"td-block-span6\">\n<div class=\"td_module_8 td_module_wrap\">\n<div class=\"item-details\">\n<h3 class=\"entry-title td-module-title\"><a href=\"https:\/\/r3media.ro\/tuborg-campanie-tineri-sport\/\" rel=\"bookmark\" title=\"Tuborg lanseaz\u0103 o campanie \u00een care transmite tinerilor c\u0103 nu e nevoie s\u0103 se a\u0219eze la casa lor sau s\u0103 fac\u0103 sport\">Tuborg lanseaz\u0103 o campanie \u00een care transmite tinerilor c\u0103 nu e nevoie s\u0103 se&#8230;<\/a><\/h3>\n<div class=\"td-module-meta-info\"><a href=\"https:\/\/r3media.ro\/category\/actualitate\/\" class=\"td-post-category\">ACTUALITATE<\/a><span class=\"td-post-author-name\"><a href=\"https:\/\/r3media.ro\/author\/radu_ursan\/\">Radu Ursan<\/a><span>&#8211;<\/span><\/span><span class=\"td-post-date\"><time class=\"entry-date updated td-module-date\" datetime=\"2026-06-30T15:29:43+03:00\">30\/06\/2026<\/time><\/span><\/div>\n<\/div>\n<\/div>\n<\/div>\n<\/div>\n<\/div>\n<div class=\"td-load-more-wrap td-load-more-infinite-wrap\" id=\"infinite-lm-tdi_20\"><a href=\"https:\/\/r3media.ro\/calendarul-zilei-11-iulie-sf-mare-mc-eufimia-sf-olga-cea-intocmai-cu-apostolii-si-luminatoarea-rusiei\/\" class=\"td_ajax_load_more td_ajax_load_more_js\" aria-label=\"\u00cenc\u0103rca\u021bi mai multe\" id=\"next-page-tdi_20\" data-td_block_id=\"tdi_20\">\u00cenc\u0103rca\u021bi mai multe<\/a><\/div>\n<\/div>\n<div class=\"td_block_wrap tdb_single_comments tdi_21 tdb-comm-layout2 td-pb-border-top td_block_template_1\" data-td-block-uid=\"tdi_21\">\n<div class=\"tdb-block-inner td-fix-index\">\n<div class=\"comments\" id=\"comments\">\n<div id=\"respond\" class=\"comment-respond\">\n<h3 id=\"reply-title\" class=\"comment-reply-title\">AI CEVA DE SPUS? <small><a rel=\"nofollow\" id=\"cancel-comment-reply-link\" href=\"https:\/\/r3media.ro\/calendarul-zilei-11-iulie-sf-mare-mc-eufimia-sf-olga-cea-intocmai-cu-apostolii-si-luminatoarea-rusiei\/#respond\">Renun\u021ba\u021bi la r\u0103spuns<\/a><\/small><\/h3>\n<div class=\"comment-form-input-wrap td-form-comment\">\n<div class=\"td-warning-comment\">V\u0103 rug\u0103m s\u0103 introduce\u021bi comentariul dvs.!<\/div>\n<\/div>\n<div class=\"comment-form-input-wrap td-form-author\">\n<div class=\"td-warning-author\">Introduce\u021bi aici numele dvs.<\/div>\n<\/div>\n<div class=\"comment-form-input-wrap td-form-email\">\n<div class=\"td-warning-email-error\">A\u021bi introdus o adres\u0103 de e-mail incorect\u0103!<\/div>\n<div class=\"td-warning-email\">V\u0103 rug\u0103m s\u0103 introduce\u021bi adresa dvs. de e-mail aici<\/div>\n<\/div>\n<\/div>\n<\/div>\n<\/div>\n<\/div>\n<\/div>\n<\/div>\n<div class=\"vc_column tdi_23  wpb_column vc_column_container tdc-column td-pb-span4 td-is-sticky\">\n<div class=\"wpb_wrapper\" data-sticky-enabled-on=\"W3RydWUsdHJ1ZSx0cnVlLHRydWVd\" data-sticky-offset=\"20\" data-sticky-is-width-auto=\"W2ZhbHNlLGZhbHNlLGZhbHNlLGZhbHNlXQ==\">\n<div class=\"wpb_wrapper td_block_wrap vc_widget_sidebar tdi_25 \">\n<div class=\"td_block_wrap td_block_7 td_block_widget tdi_26 td-pb-border-top td_block_template_1 td-column-1 td_block_padding\" data-td-block-uid=\"tdi_26\">\n<div class=\"td-block-title-wrap\">\n<h4 class=\"block-title td-block-title\"><span class=\"td-pulldown-size\">Articole RELA\u021aIONATE<\/span><\/h4>\n<\/div>\n<div id=\"tdi_26\" class=\"td_block_inner\">\n<div class=\"td-block-span12\">\n<div class=\"td_module_6 td_module_wrap td-animation-stack\">\n<div class=\"td-module-thumb\"><a href=\"https:\/\/r3media.ro\/radu-georgescu-maxim-capitalism-anii-2000-garsoniera-salarii\/\" rel=\"bookmark\" class=\"td-image-wrap \" title=\"Radu Georgescu: Maximul capitalismului \u00een Rom\u00e2nia, cred eu, a fost \u00een perioada 2000\u20132008. Atunci \u00ee\u021bi cump\u0103rai o garsonier\u0103 cu 10 salarii. Ast\u0103zi ai nevoie de 100\"><img loading=\"lazy\" decoding=\"async\" class=\"entry-thumb\" src=\"https:\/\/r3media.ro\/wp-content\/uploads\/2025\/08\/radu-georgescu-100x70.png\" alt title=\"Radu Georgescu: Maximul capitalismului \u00een Rom\u00e2nia, cred eu, a fost \u00een perioada 2000\u20132008. Atunci \u00ee\u021bi cump\u0103rai o garsonier\u0103 cu 10 salarii. Ast\u0103zi ai nevoie de 100\" width=\"100\" height=\"70\"><\/a><\/div>\n<div class=\"item-details\">\n<h3 class=\"entry-title td-module-title\"><a href=\"https:\/\/r3media.ro\/radu-georgescu-maxim-capitalism-anii-2000-garsoniera-salarii\/\" rel=\"bookmark\" title=\"Radu Georgescu: Maximul capitalismului \u00een Rom\u00e2nia, cred eu, a fost \u00een perioada 2000\u20132008. Atunci \u00ee\u021bi cump\u0103rai o garsonier\u0103 cu 10 salarii. Ast\u0103zi ai nevoie de 100\">Radu Georgescu: Maximul capitalismului \u00een Rom\u00e2nia, cred eu, a fost \u00een&#8230;<\/a><\/h3>\n<div class=\"td-module-meta-info\"><span class=\"td-post-date\"><time class=\"entry-date updated td-module-date\" datetime=\"2026-07-11T00:25:39+03:00\">11\/07\/2026<\/time><\/span><\/div>\n<\/div>\n<\/div>\n<\/div>\n<div class=\"td-block-span12\">\n<div class=\"td_module_6 td_module_wrap td-animation-stack\">\n<div class=\"td-module-thumb\"><a href=\"https:\/\/r3media.ro\/gheorghe-piperea-euro-digital-obligatie-certificat-vaccinare\/\" rel=\"bookmark\" class=\"td-image-wrap \" title=\"Europarlamentarul Gheorghe Piperea: Op\u021biunea pentru euro digital se va putea transforma \u00een obliga\u021bie de facto, a\u0219a cum a fost \u0219i cu certificatele de vaccinare\"><img loading=\"lazy\" decoding=\"async\" class=\"entry-thumb\" src=\"https:\/\/r3media.ro\/wp-content\/uploads\/2026\/07\/euro-digital-100x70.jpg\" alt title=\"Europarlamentarul Gheorghe Piperea: Op\u021biunea pentru euro digital se va putea transforma \u00een obliga\u021bie de facto, a\u0219a cum a fost \u0219i cu certificatele de vaccinare\" width=\"100\" height=\"70\"><\/a><\/div>\n<div class=\"item-details\">\n<h3 class=\"entry-title td-module-title\"><a href=\"https:\/\/r3media.ro\/gheorghe-piperea-euro-digital-obligatie-certificat-vaccinare\/\" rel=\"bookmark\" title=\"Europarlamentarul Gheorghe Piperea: Op\u021biunea pentru euro digital se va putea transforma \u00een obliga\u021bie de facto, a\u0219a cum a fost \u0219i cu certificatele de vaccinare\">Europarlamentarul Gheorghe Piperea: Op\u021biunea pentru euro digital se va putea transforma&#8230;<\/a><\/h3>\n<div class=\"td-module-meta-info\"><span class=\"td-post-date\"><time class=\"entry-date updated td-module-date\" datetime=\"2026-07-10T15:59:44+03:00\">10\/07\/2026<\/time><\/span><\/div>\n<\/div>\n<\/div>\n<\/div>\n<div class=\"td-block-span12\">\n<div class=\"td_module_6 td_module_wrap td-animation-stack\">\n<div class=\"td-module-thumb\"><a href=\"https:\/\/r3media.ro\/ins-migratia-internationala-a-reusit-sa-stabilizeze-populatia-rezidenta-a-romaniei\/\" rel=\"bookmark\" class=\"td-image-wrap \" title=\"Pre\u0219edintele Institutului Na\u021bional de Statistic\u0103 (INS): Migra\u021bia interna\u021bional\u0103 a reu\u0219it s\u0103 stabilizeze popula\u021bia rezident\u0103 a Rom\u00e2niei\"><img loading=\"lazy\" decoding=\"async\" class=\"entry-thumb\" src=\"https:\/\/r3media.ro\/wp-content\/uploads\/2026\/06\/muncitori-sri-lanka-e1782133584948-100x70.png\" alt title=\"Pre\u0219edintele Institutului Na\u021bional de Statistic\u0103 (INS): Migra\u021bia interna\u021bional\u0103 a reu\u0219it s\u0103 stabilizeze popula\u021bia rezident\u0103 a Rom\u00e2niei\" width=\"100\" height=\"70\"><\/a><\/div>\n<div class=\"item-details\">\n<h3 class=\"entry-title td-module-title\"><a href=\"https:\/\/r3media.ro\/ins-migratia-internationala-a-reusit-sa-stabilizeze-populatia-rezidenta-a-romaniei\/\" rel=\"bookmark\" title=\"Pre\u0219edintele Institutului Na\u021bional de Statistic\u0103 (INS): Migra\u021bia interna\u021bional\u0103 a reu\u0219it s\u0103 stabilizeze popula\u021bia rezident\u0103 a Rom\u00e2niei\">Pre\u0219edintele Institutului Na\u021bional de Statistic\u0103 (INS): Migra\u021bia interna\u021bional\u0103 a reu\u0219it s\u0103&#8230;<\/a><\/h3>\n<div class=\"td-module-meta-info\"><span class=\"td-post-date\"><time class=\"entry-date updated td-module-date\" datetime=\"2026-07-10T15:35:35+03:00\">10\/07\/2026<\/time><\/span><\/div>\n<\/div>\n<\/div>\n<\/div>\n<div class=\"td-block-span12\">\n<div class=\"td_module_6 td_module_wrap td-animation-stack\">\n<div class=\"td-module-thumb\"><a href=\"https:\/\/r3media.ro\/o-femeie-mentalitate-femei-moderne-printese-disney\/\" rel=\"bookmark\" class=\"td-image-wrap \" title=\"VIDEO | O femeie critic\u0103 mentalitatea femeii moderne care distruge rela\u021bia cu b\u0103rbatul s\u0103u: Suntem crescute \u00een ideea de prin\u021bese, dar nu suntem la Disney\"><img loading=\"lazy\" decoding=\"async\" class=\"entry-thumb\" src=\"https:\/\/r3media.ro\/wp-content\/uploads\/2026\/07\/anisa-sandulache-femei-barbati-100x70.jpg\" alt title=\"VIDEO | O femeie critic\u0103 mentalitatea femeii moderne care distruge rela\u021bia cu b\u0103rbatul s\u0103u: Suntem crescute \u00een ideea de prin\u021bese, dar nu suntem la Disney\" width=\"100\" height=\"70\"><\/a><\/div>\n<div class=\"item-details\">\n<h3 class=\"entry-title td-module-title\"><a href=\"https:\/\/r3media.ro\/o-femeie-mentalitate-femei-moderne-printese-disney\/\" rel=\"bookmark\" title=\"VIDEO | O femeie critic\u0103 mentalitatea femeii moderne care distruge rela\u021bia cu b\u0103rbatul s\u0103u: Suntem crescute \u00een ideea de prin\u021bese, dar nu suntem la Disney\">VIDEO | O femeie critic\u0103 mentalitatea femeii moderne care distruge rela\u021bia&#8230;<\/a><\/h3>\n<div class=\"td-module-meta-info\"><span class=\"td-post-date\"><time class=\"entry-date updated td-module-date\" datetime=\"2026-07-10T12:47:58+03:00\">10\/07\/2026<\/time><\/span><\/div>\n<\/div>\n<\/div>\n<\/div>\n<div class=\"td-block-span12\">\n<div class=\"td_module_6 td_module_wrap td-animation-stack\">\n<div class=\"td-module-thumb\"><a href=\"https:\/\/r3media.ro\/guvernul-a-decis-ca-se-poate-suspenda-permisul-de-conducere-daca-aveti-amenzi-neplatite\/\" rel=\"bookmark\" class=\"td-image-wrap \" title=\"Guvernul a decis c\u0103 se poate suspenda permisul de conducere dac\u0103 ave\u021bi amenzi nepl\u0103tite\"><img loading=\"lazy\" decoding=\"async\" class=\"entry-thumb\" src=\"https:\/\/r3media.ro\/wp-content\/uploads\/2023\/11\/schimbare-permis-conducere-sofer-100x70.png\" alt title=\"Guvernul a decis c\u0103 se poate suspenda permisul de conducere dac\u0103 ave\u021bi amenzi nepl\u0103tite\" width=\"100\" height=\"70\"><\/a><\/div>\n<div class=\"item-details\">\n<h3 class=\"entry-title td-module-title\"><a href=\"https:\/\/r3media.ro\/guvernul-a-decis-ca-se-poate-suspenda-permisul-de-conducere-daca-aveti-amenzi-neplatite\/\" rel=\"bookmark\" title=\"Guvernul a decis c\u0103 se poate suspenda permisul de conducere dac\u0103 ave\u021bi amenzi nepl\u0103tite\">Guvernul a decis c\u0103 se poate suspenda permisul de conducere dac\u0103&#8230;<\/a><\/h3>\n<div class=\"td-module-meta-info\"><span class=\"td-post-date\"><time class=\"entry-date updated td-module-date\" datetime=\"2026-07-10T12:34:09+03:00\">10\/07\/2026<\/time><\/span><\/div>\n<\/div>\n<\/div>\n<\/div>\n<div class=\"td-block-span12\">\n<div class=\"td_module_6 td_module_wrap td-animation-stack\">\n<div class=\"td-module-thumb\"><a href=\"https:\/\/r3media.ro\/prima-victima-festival-beach-please\/\" rel=\"bookmark\" class=\"td-image-wrap \" title=\"Prima victim\u0103 a festivalului Beach Please: Un b\u0103rbat de 54 de ani a fost g\u0103sit mort \u00een parcare\"><img loading=\"lazy\" decoding=\"async\" class=\"entry-thumb\" src=\"https:\/\/r3media.ro\/wp-content\/uploads\/2026\/07\/beach-please-100x70.jpg\" alt title=\"Prima victim\u0103 a festivalului Beach Please: Un b\u0103rbat de 54 de ani a fost g\u0103sit mort \u00een parcare\" width=\"100\" height=\"70\"><\/a><\/div>\n<div class=\"item-details\">\n<h3 class=\"entry-title td-module-title\"><a href=\"https:\/\/r3media.ro\/prima-victima-festival-beach-please\/\" rel=\"bookmark\" title=\"Prima victim\u0103 a festivalului Beach Please: Un b\u0103rbat de 54 de ani a fost g\u0103sit mort \u00een parcare\">Prima victim\u0103 a festivalului Beach Please: Un b\u0103rbat de 54 de&#8230;<\/a><\/h3>\n<div class=\"td-module-meta-info\"><span class=\"td-post-date\"><time class=\"entry-date updated td-module-date\" datetime=\"2026-07-10T12:06:47+03:00\">10\/07\/2026<\/time><\/span><\/div>\n<\/div>\n<\/div>\n<\/div>\n<div class=\"td-block-span12\">\n<div class=\"td_module_6 td_module_wrap td-animation-stack\">\n<div class=\"td-module-thumb\"><a href=\"https:\/\/r3media.ro\/dezastru-demografic-romania-populatia-scadere\/\" rel=\"bookmark\" class=\"td-image-wrap \" title=\"Dezastru demografic: Popula\u021bia Rom\u00e2niei ar urma s\u0103 scad\u0103 p\u00e2n\u0103 la 15,6 milioane de locuitori\"><img loading=\"lazy\" decoding=\"async\" class=\"entry-thumb\" src=\"https:\/\/r3media.ro\/wp-content\/uploads\/2022\/08\/imagine-din-matasari-gorj-romania-100x70.jpg\" alt title=\"Dezastru demografic: Popula\u021bia Rom\u00e2niei ar urma s\u0103 scad\u0103 p\u00e2n\u0103 la 15,6 milioane de locuitori\" width=\"100\" height=\"70\"><\/a><\/div>\n<div class=\"item-details\">\n<h3 class=\"entry-title td-module-title\"><a href=\"https:\/\/r3media.ro\/dezastru-demografic-romania-populatia-scadere\/\" rel=\"bookmark\" title=\"Dezastru demografic: Popula\u021bia Rom\u00e2niei ar urma s\u0103 scad\u0103 p\u00e2n\u0103 la 15,6 milioane de locuitori\">Dezastru demografic: Popula\u021bia Rom\u00e2niei ar urma s\u0103 scad\u0103 p\u00e2n\u0103 la 15,6&#8230;<\/a><\/h3>\n<div class=\"td-module-meta-info\"><span class=\"td-post-date\"><time class=\"entry-date updated td-module-date\" datetime=\"2026-07-10T11:10:09+03:00\">10\/07\/2026<\/time><\/span><\/div>\n<\/div>\n<\/div>\n<\/div>\n<\/div>\n<\/div>\n<aside class=\"td_block_template_1 widget widget_recent_comments\">\n<h4 class=\"block-title\"><span>INTR\u0102 \u00ceN DISCU\u021aIE!<\/span><\/h4>\n<ul id=\"recentcomments\">\n<li class=\"recentcomments\"><span class=\"comment-author-link\">Redac\u021bia<\/span> la <a href=\"https:\/\/r3media.ro\/ins-migratia-internationala-a-reusit-sa-stabilizeze-populatia-rezidenta-a-romaniei\/#comment-40257\">Pre\u0219edintele Institutului Na\u021bional de Statistic\u0103 (INS): Migra\u021bia interna\u021bional\u0103 a reu\u0219it s\u0103 stabilizeze popula\u021bia rezident\u0103 a Rom\u00e2niei<\/a><\/li>\n<li class=\"recentcomments\"><span class=\"comment-author-link\">Mincinos<\/span> la <a href=\"https:\/\/r3media.ro\/ins-migratia-internationala-a-reusit-sa-stabilizeze-populatia-rezidenta-a-romaniei\/#comment-40256\">Pre\u0219edintele Institutului Na\u021bional de Statistic\u0103 (INS): Migra\u021bia interna\u021bional\u0103 a reu\u0219it s\u0103 stabilizeze popula\u021bia rezident\u0103 a Rom\u00e2niei<\/a><\/li>\n<li class=\"recentcomments\"><span class=\"comment-author-link\">Mitic\u0103<\/span> la <a href=\"https:\/\/r3media.ro\/theodor-paleologu-rascoala-1907\/#comment-40255\">Theodor Paleologu a \u00eencercat s\u0103 minimizeze num\u0103rul mor\u021bilor R\u0103scoalei de la 1907, dar a fost nevoit s\u0103 retracteze dup\u0103 reac\u021bia public\u0103<\/a><\/li>\n<li class=\"recentcomments\"><span class=\"comment-author-link\">Mitic\u0103<\/span> la <a href=\"https:\/\/r3media.ro\/barbat-45-ani-mort-cazut-trotineta-electrica-constanta\/#comment-40254\">Un b\u0103rbat de 45 de ani a murit dup\u0103 ce a c\u0103zut de pe trotineta electric\u0103<\/a><\/li>\n<li class=\"recentcomments\"><span class=\"comment-author-link\">Nicu<\/span> la <a href=\"https:\/\/r3media.ro\/parlamentari-afd-interogati-politie-fluturare-drapel-germania-bundestag-video\/#comment-40253\">VIDEO | Parlamentarii AfD au fost interoga\u021bi de poli\u021bie pentru c\u0103 au fluturat drapelul Germaniei la balconul Bundestagului<\/a><\/li>\n<li class=\"recentcomments\"><span class=\"comment-author-link\">Nicu<\/span> la <a href=\"https:\/\/r3media.ro\/theodor-paleologu-rascoala-1907\/#comment-40252\">Theodor Paleologu a \u00eencercat s\u0103 minimizeze num\u0103rul mor\u021bilor R\u0103scoalei de la 1907, dar a fost nevoit s\u0103 retracteze dup\u0103 reac\u021bia public\u0103<\/a><\/li>\n<li class=\"recentcomments\"><span class=\"comment-author-link\">Nicu<\/span> la <a href=\"https:\/\/r3media.ro\/stefan-popescu-romania-intariri-nato-vorbe\/#comment-40251\">\u0218tefan Popescu: Rom\u00e2nia a cerut \u00eent\u0103riri din partea NATO, dar a primit doar vorbe frumoase<\/a><\/li>\n<\/ul>\n<\/aside>\n<aside class=\"td_block_template_1 widget widget_search\">\n<h4 class=\"block-title\"><span>CAUT\u0102 \u0218I VEI G\u0102SI<\/span><\/h4>\n<\/aside>\n<\/div>\n<\/div>\n<\/div>\n<\/div>\n<\/div>\n<\/div>\n<\/div>\n<p><span class=\"td-page-meta\"><\/span><span class=\"td-page-meta\"><span class=\"td-page-meta\"><\/span><\/span><span class=\"td-page-meta\"><\/span><\/article>\n<\/p>\n<div class=\"td_block_wrap tdb_single_content tdi_18 td-pb-border-top td_block_template_1 td-post-content tagdiv-type\" data-td-block-uid=\"tdi_18\">\n<div class=\"tdb-block-inner td-fix-index\">\n<p><strong>Iat\u0103 prezentarea sfin\u021bilor din calendarul ortodox, din <a href=\"https:\/\/ziarullumina.ro\/teologie-si-spiritualitate\/sinaxar\/sf-mare-mc-eufimia-sf-olga-cea-intocmai-cu-apostolii-si-luminatoarea-rusiei-172865.html\" target=\"_blank\" rel=\"noopener\">Ziarul Lumina<\/a> al Patriarhiei Rom\u00e2ne:<\/strong><\/p>\n<p>\u00cen zilele \u00eemp\u0103ra\u0163ilor Marcian \u015fi Pulheria s-a f\u0103cut la Calcedon Sinod Mare (451) la care au participat 630 de Sfin\u0163i P\u0103rin\u0163i din toat\u0103 lumea.<\/p>\n<p>Ei au os\u00e2ndit erezia lui Dioscor \u015fi Eutihie, care spuneau c\u0103 Hristos a avut o singur\u0103 fire \u015fi o lucrare, nu dou\u0103 firi: dumnezeiasc\u0103 \u015fi omeneasc\u0103. Ast\u0103zi pomenim minunea care s-a f\u0103cut de cinstitele moa\u015fte ale Sfintei Muceni\u0163e Eufimia \u00een vremea acestui al 4-lea Sinod Ecumenic. Atunci, Sfin\u0163ii P\u0103rin\u0163i ai Bisericii au zis ereticilor s\u0103 \u00ee\u015fi scrie \u00eentr-o carte m\u0103rturisirea lor de credin\u0163\u0103, care urma s\u0103 fie pus\u0103 \u00een racla Sfintei Muceni\u0163e Eufimia, al\u0103turi de m\u0103rturisirea de credin\u0163\u0103 a dreptcredincio\u015filor. \u015ei pecetluind racla cu pecete \u00eemp\u0103r\u0103teasc\u0103, au pus p\u0103zitori, iar dup\u0103 trei zile de post \u015fi rug\u0103ciune, deschiz\u00e2nd racla, au g\u0103sit scrierea Sfin\u0163ilor P\u0103rin\u0163i \u00een m\u00e2na dreapt\u0103 a sfintei, iar pe aceea a ereticilor la picioarele ei. Sf\u00e2nta Eufimia s-a n\u0103scut la Calcedon \u00een \u0163inutul Bitiniei \u015fi a primit cununa muceniciei \u00een anul 307. Era o t\u00e2n\u0103r\u0103 fecioar\u0103 care \u00ee\u015fi \u00eenchinase via\u0163a M\u00e2ntuitorului Iisus Hristos. P\u00e2r\u00e2t\u0103 fiind c\u0103 este cre\u015ftin\u0103, a fost supus\u0103 la multe \u015fi cumplite chinuri, iar mai apoi a fost ars\u0103 de vie, primind astfel cunu\u00adna mucenicilor. Biserica o cinste\u015fte at\u00e2t la 11 iulie, c\u00e2nd sfintele ei moa\u015fte au f\u0103cut aceast\u0103 minune, c\u00e2t \u015fi la 16 septembrie, ziua ei de muceniceasc\u0103 p\u0103timire.<\/p>\n<p>Ast\u0103zi, Biserica noastr\u0103 ortodox\u0103 o cinste\u015fte \u015fi pe Sf\u00e2nta Olga, cea \u00eentocmai cu Apostolii \u015fi lumin\u0103toarea Rusiei, scrie <a href=\"https:\/\/ziarullumina.ro\/actualitate-religioasa\/documentar\/sfanta-olga-tarina-cea-intocmai-cu-apostolii-190940.html\" target=\"_blank\" rel=\"noopener\">Ziarul Lumina.<\/a><\/p>\n<p>Prea pu\u021bin cunoscut\u0103 din sinaxare, via\u021ba Sfintei Olga, cea \u00eentocmai cu Apostolii \u0219i lumin\u0103toarea Rusiei, se sprijin\u0103 pe doar c\u00e2teva surse de \u00eencredere. Istoria hagiografic\u0103 o identific\u0103 \u00een r\u00e2ndul \u00eemp\u0103r\u0103teselor m\u0103rturisitoare, care au primit harul \u0219i puterea de a aprinde \u00een mijlocul neamurilor p\u0103g\u00e2ne lumina cea adev\u0103rat\u0103 a credin\u021bei \u00een M\u00e2ntuitorul Hristos.<\/p>\n<p>Sf\u00e2nta \u00eemp\u0103r\u0103teas\u0103 Olga, cea supranumit\u0103 \u201elumin\u0103toare a Rusiei\u201d, a venit pe lume \u00een anul 890\/2 \u00een localitatea Vibuty, aproape de gubernia Pskov. Exist\u0103 mai multe teorii cu privire la originea sa social\u0103, printre care aceea c\u0103 ar fi fost fiica unui \u021b\u0103ran chipe\u0219, care ajuta oamenii s\u0103 treac\u0103 r\u00e2ul cu barca de pe o parte pe alta. Dup\u0103 alte relat\u0103ri ar fi avut chiar r\u0103d\u0103cini scandinave, numele s\u0103u fiind tradus \u00een fapt Helga. \u00cen anul 903, frumoasa guberneanc\u0103 este remarcat\u0103 de prin\u021bul Igor Rjurikovic, al doilea suveran al Kievului \u0219i monarh al \u00eentregii Rusii, care o ia de so\u021bie. Fata cu origini scandinave, de acum regin\u0103 a Rusiei, \u00eel aduce pe lume pe prin\u021bul Sviatoslav, mo\u0219tenitorul tronului \u0219i viitorul \u021bar. \u00cen anul 945, principele Igor cade victim\u0103 unui complot al r\u0103scula\u021bilor drevljani, l\u0103s\u00e2nd tronul \u00een m\u00e2inile uzurpatorilor. Regina Olga este nevoit\u0103 s\u0103 plece la Constantinopol pentru a c\u0103uta sprijin la tronul bizantin. Reu\u0219e\u0219te s\u0103 redob\u00e2ndeasc\u0103 tronul \u0219i o perioad\u0103, dat fiind faptul c\u0103 prin\u021bul nu avea v\u00e2rsta necesar\u0103 pentru a conduce, \u00een\u021beleapta \u021barin\u0103 men\u021bine pacea \u00een regat. Cucerit\u0103 de fru\u00admuse\u021bea cultului liturgic \u0219i a credin\u021bei cre\u0219tine, \u021barina prime\u0219te Taina Baptismal\u0103 la anul 957, dob\u00e2ndind \u00eendemnarea cre\u0219tineasc\u0103 dup\u0103 numele Sfintei \u00cemp\u0103r\u0103tese Elena. Dup\u0103 \u00eendeplinirea diligen\u021bei regale, Sf\u00e2nta Olga s-a dedicat cu totul lucr\u0103rii misionare de \u00eencre\u0219\u00adtinare a poporului s\u0103u. \u00cencerc\u0103rile ei misionare nu au izbutit \u00eentru totul, ru\u0219ii fiind \u00eenc\u0103 ata\u0219a\u021bi vechilor practici \u0219i credin\u021be p\u0103g\u00e2ne. Cu toate acestea, a reu\u0219it s\u0103 ridice o biseric\u0103 de lemn \u00een chiar inima Kievului, \u00eenchin\u00e2nd-o \u201eSfintei \u00cen\u021belepciuni\u201d, dup\u0103 cum v\u0103zuse la Constantinopol. A tr\u0103it p\u00e2n\u0103 la v\u00e2rsta de aproape 80 de ani, trec\u00e2nd la Domnul \u00een ziua de 11 iulie 969, \u00een ora\u0219ul Perislav. Dup\u0103 \u00eencre\u0219tinarea masiv\u0103 a ru\u0219ilor, venit\u0103 odat\u0103 cu preluarea tronului de \u0163arul sf\u00e2nt Vladimir (996), nepotul de s\u00e2nge al sfintei \u021barine, cultul ei cre\u0219te tot mai mult, devenind una dintre cele mai populare sfinte m\u0103rturisitoare ale \u00eentregii Rusii. Sf\u00e2ntul Vladimir ridic\u0103 \u00een cinstea ei o biseric\u0103, unde r\u00e2nduie\u0219te s\u0103 fie a\u0219ezate sfintele sale moa\u0219te (Grande Libro dei Santi. Vita, morte e miracoli dei principali santi del calendario liturgico, Rusiconi Libri, 2017, p. 166).<br \/>\nA primit Botezul la Constantinopol<\/p>\n<p>\u201eVia\u021ba Sfintei Olga\u201d reconfirm\u0103 \u00een\u021belep\u00adciunea \u0219i integritatea personalit\u0103\u021bii sale, r\u00e2nduite de Bunul Dumnezeu \u00een slujirea Adev\u0103rului. Tradi\u021bia hagiografic\u0103 men\u021bioneaz\u0103 faptul c\u0103, dup\u0103 moartea so\u021bului ei, a c\u0103l\u0103torit la Constantinopol pentru a primi Botezul cre\u0219tin. \u00cemp\u0103ratul bizantin, v\u0103z\u00e2ndu-i fru\u00admuse\u021bea chipului \u0219i noble\u021bea cu care \u00ee\u0219i purta demnitatea \u00eemp\u0103r\u0103teasc\u0103, a dorit pe dat\u0103 s\u0103 o ia de so\u021bie, cer\u00e2ndu-i ne\u00eent\u00e2rziat permisiunea de a-i deveni soa\u021b\u0103. \u021aarina \u00eens\u0103 l-a rugat pe acesta s\u0103 o \u00eeng\u0103duiasc\u0103 p\u00e2n\u0103 ce va deveni cre\u0219tin\u0103, exprim\u00e2ndu-\u0219i totodat\u0103 dorin\u021ba ca el \u00eensu\u0219i s\u0103-i fie na\u0219 de Botez. \u00cemp\u0103ratul a acceptat, dar dup\u0103 ce a primit Taina Unirii cu Hristos din ap\u0103 \u0219i din Duh, \u00eemp\u0103r\u0103teasa i-a dezv\u0103luit acestuia c\u0103 \u201enu poate primi s\u0103-i fie soa\u021b\u0103 celui ce-i este r\u00e2nduit de acum p\u0103rinte duhovnicesc prin voia lui Dumnezeu\u201d. \u0218i astfel, socotind cu dreptate sf\u00e2nt\u0103 \u00een\u021belepciunea cea dup\u0103 fire, sf\u00e2nta \u00eemp\u0103r\u0103teas\u0103 s-a p\u0103strat pe sine \u00een v\u0103duvie curat\u0103, pun\u00e2ndu-se cu totul \u00eentru slujirea Evangheliei M\u00e2ntuitorului Hristos (The Great Horologion, Massachusttes, 1997).<\/p>\n<p>Jertfa de credin\u021b\u0103 \u0219i de m\u0103rturisire a \u021barinei Olga a \u201epavat drumul spre cre\u0219tinarea \u00eentregului popor rus, \u00eemplinit\u0103 treizeci de ani mai t\u00e2rziu\u201d (400 Outstanding Women of the World and Costumology of their time, compiled by Minna Moscherosch Schmidt, Chicago, 1933, p. 343).<br \/>\n\u201eOrdinul Sfintei Olga\u201d<\/p>\n<p>\u021aarul Nicolae al Rusiei a fondat, \u00een anul 1916, primul \u201eOrdin al Sfintei Olga\u201d, dedicat r\u0103spl\u0103tirii distinselor doamne cre\u0219tine. \u201eAcest ordin era inspirat din vechiul cult al sfintei, cinstit\u0103 la Kiev, care \u00eencre\u0219tinase o mare parte din concitadinii s\u0103i \u0219i \u00een cele din urm\u0103 pe nepotul s\u0103u, marele principe Vladimir I al Kievului, la r\u00e2ndul s\u0103u cre\u0219tin fervent, care a adus credin\u021ba cre\u0219tin\u0103 \u00een \u00eentreaga Rusie. Acest ordin a fost ulterior redenumit de patriarhul Moscovei ca Ordinul Apostolic al Sfintei Olga, folosindu-l ca decora\u021bie pentru femeile cre\u0219tine. \u00cen anul 1936, Patriarhul Gheorghe al II-lea a fondat \u00een Grecia ordinul Sfintei Olga \u0219i al Sfintei Sofia, inspirat dup\u0103 vechiul ordin rusesc al Sfintei Olga, adaptat casei regale ortodoxe grece\u0219ti\u201d (Grande Libro dei Santi, p. 166).<\/p>\n<div class=\"crp_related     crp-masonry\">\n<h2>\u00ceN CONTEXT<\/h2>\n<ul>\n<li><a href=\"https:\/\/r3media.ro\/calendarul-zilei-16-septembrie-sf-mare-mucenita-eufimia\/\" class=\"crp_link post-54317\"><span class=\"crp_title\">Calendarul zilei 16 septembrie: Sf. Cuv. M\u0103rturisitor Sofian de la M\u0103n\u0103stirea Antim; Sf.\u2026<\/span><\/a><\/li>\n<li><a href=\"https:\/\/r3media.ro\/calendarul-zilei-22-iulie-sfanta-mironosita-si-intocmai-cu-apostolii-maria-magdalena-si-sfantul-preot-marturisitor-ilie-lacatusu\/\" class=\"crp_link post-111886\"><span class=\"crp_title\">Calendarul zilei 22 iulie: Sf\u00e2nta Mironosi\u021b\u0103 \u0219i \u00centocmai cu Apostolii Maria Magdalena \u0219i\u2026<\/span><\/a><\/li>\n<li><a href=\"https:\/\/r3media.ro\/calendarul-zilei-4-ianuarie-soborul-sfintilor-70-de-apostoli\/\" class=\"crp_link post-34856\"><span class=\"crp_title\">Calendarul zilei 4 ianuarie: Soborul Sfin\u021bilor 70 de apostoli<\/span><\/a><\/li>\n<li><a href=\"https:\/\/r3media.ro\/calendarul-zilei-25-iulie-81-de-la-finalizarea-campaniei-militare-de-eliberare-a-basarabiei-si-a-nordului-bucovinei-de-sub-ocupatie-sovietica\/\" class=\"crp_link post-51149\"><span class=\"crp_title\">Calendarul zilei 25 iulie: 84 de la finalizarea campaniei militare de eliberare a Basarabiei\u2026<\/span><\/a><\/li>\n<li><a href=\"https:\/\/r3media.ro\/calendarul-zilei-15-iulie-sfintii-mucenici-chiric-si-iulita-sfantul-vladimir-luminatorul-rusiei\/\" class=\"crp_link post-50582\"><span class=\"crp_title\">Calendarul zilei 15 iulie: Sfin\u021bii Mucenici Chiric \u0219i Iulita; Sf\u00e2ntul Vladimir, lumin\u0103torul Rusiei<\/span><\/a><\/li>\n<li><a href=\"https:\/\/r3media.ro\/calendarul-zilei-22-iunie-sf-ierarh-grigorie-dascalul-mitropolitul-tarii-romanesti-sf-sfintit-mc-eusebiu-episcopul-samosatei\/\" class=\"crp_link post-48963\"><span class=\"crp_title\">Calendarul zilei 22 iunie: Sf. Ierarh Grigorie Dasc\u0103lul, Mitropolitul \u021a\u0103rii Rom\u00e2ne\u0219ti; Sf.\u2026<\/span><\/a><\/li>\n<li><a href=\"https:\/\/r3media.ro\/calendarul-zilei-26-august-sfintii-adrian-si-natalia-cei-doi-soti-a-caror-dragoste-a-fost-mai-tare-decat-moartea-si-sunt-ocrotitorii-familiei\/\" class=\"crp_link post-26673\"><span class=\"crp_title\">Calendarul zilei 26 august: Sfin\u021bii Adrian \u0219i Natalia, cei doi so\u021bi a c\u0103ror dragoste a fost\u2026<\/span><\/a><\/li>\n<li><a href=\"https:\/\/r3media.ro\/postul-sfintilor-apostoli-petru-si-pavel\/\" class=\"crp_link post-23070\"><span class=\"crp_title\">\u00cencepe Postul Sfin\u021bilor Apostoli Petru \u0219i Pavel<\/span><\/a><\/li>\n<\/ul>\n<\/div>\n<\/div>\n<\/div>\n<p>[analyse_source url=&#8221;https:\/\/r3media.ro\/calendarul-zilei-11-iulie-sf-mare-mc-eufimia-sf-olga-cea-intocmai-cu-apostolii-si-luminatoarea-rusiei\/&#8221;]<\/p>\n","protected":false},"excerpt":{"rendered":"<p>[analyse_image type=&#8221;featured&#8221; src=&#8221;https:\/\/r3media.ro\/wp-content\/uploads\/2024\/07\/sfanta-olga-tarina-cea-intocmai-cu-apostolii-302345-e1720644722722.jpghttps:\/\/r3media.ro\/wp-content\/uploads\/2024\/07\/sfanta-olga-tarina-cea-intocmai-cu-apostolii-302345-e1720644722722.jpg&#8221;] PRIM PLANCalendarul zilei 11 iulie: Sf. Mare Mc. Eufimia; Sf. Olga, cea \u00eentocmai&#8230; PRIM PLAN\u0218TIRI Calendarul zilei 11 iulie: Sf. Mare Mc. Eufimia; Sf. Olga, cea \u00eentocmai cu Apostolii \u0219i lumin\u0103toarea Rusiei Redac\u021bia 10\/07\/2026 Iat\u0103 prezentarea sfin\u021bilor din calendarul ortodox, din Ziarul Lumina al Patriarhiei Rom\u00e2ne: \u00cen zilele \u00eemp\u0103ra\u0163ilor Marcian \u015fi Pulheria [&hellip;]<\/p>\n","protected":false},"author":1,"featured_media":0,"comment_status":"open","ping_status":"","sticky":false,"template":"","format":"standard","meta":{"footnotes":""},"categories":[89],"tags":[226,93],"class_list":["post-2038058","post","type-post","status-publish","format-standard","hentry","category-romania","tag-crawlmanager","tag-r3media-ro"],"_links":{"self":[{"href":"https:\/\/analyse.optim.biz\/index.php?rest_route=\/wp\/v2\/posts\/2038058","targetHints":{"allow":["GET"]}}],"collection":[{"href":"https:\/\/analyse.optim.biz\/index.php?rest_route=\/wp\/v2\/posts"}],"about":[{"href":"https:\/\/analyse.optim.biz\/index.php?rest_route=\/wp\/v2\/types\/post"}],"author":[{"embeddable":true,"href":"https:\/\/analyse.optim.biz\/index.php?rest_route=\/wp\/v2\/users\/1"}],"replies":[{"embeddable":true,"href":"https:\/\/analyse.optim.biz\/index.php?rest_route=%2Fwp%2Fv2%2Fcomments&post=2038058"}],"version-history":[{"count":0,"href":"https:\/\/analyse.optim.biz\/index.php?rest_route=\/wp\/v2\/posts\/2038058\/revisions"}],"wp:attachment":[{"href":"https:\/\/analyse.optim.biz\/index.php?rest_route=%2Fwp%2Fv2%2Fmedia&parent=2038058"}],"wp:term":[{"taxonomy":"category","embeddable":true,"href":"https:\/\/analyse.optim.biz\/index.php?rest_route=%2Fwp%2Fv2%2Fcategories&post=2038058"},{"taxonomy":"post_tag","embeddable":true,"href":"https:\/\/analyse.optim.biz\/index.php?rest_route=%2Fwp%2Fv2%2Ftags&post=2038058"}],"curies":[{"name":"wp","href":"https:\/\/api.w.org\/{rel}","templated":true}]}}