{"id":203757,"date":"2014-06-02T17:36:31","date_gmt":"2014-06-02T14:36:31","guid":{"rendered":"https:\/\/analyse.optim.biz\/?p=203757"},"modified":"2014-06-02T17:36:31","modified_gmt":"2014-06-02T14:36:31","slug":"victor-ponta-psd-negociaza-cu-ppdd-o-sa-incercam-chiar-si-in-opozitie-sa-nu-fim-singuri","status":"publish","type":"post","link":"https:\/\/analyse.optim.biz\/?p=203757","title":{"rendered":"Victor Ponta: PSD negociaz\u0103 cu PPDD. \u201eO s\u0103 \u00eencerc\u0103m, chiar \u0219i \u00een opozi\u021bie, s\u0103 nu fim singuri\u201d"},"content":{"rendered":"<div class=\"entry data-app-meta data-app-meta-article\" data-embed-base-url-canonical=\"https:\/\/www.digi24.ro\/embed\/stiri\/actualitate\/politica\/victor-ponta-psd-negociaza-cu-ppdd-o-sa-incercam-chiar-si-in-opozitie-sa-nu-fim-singuri-251038\">\n<p data-index=\"1\">\u201eAm discutat \u00een cadrul alian\u021bei de guvernare faptul c\u0103, practic, \u00een teritoriu se vor schimba majorit\u0103\u021bile. Am adus mul\u021bi consilieri PNL, acum pl\u0103tim pentru c\u0103 am fost corec\u021bi\u201d, a spus Victor Ponta.<\/p>\n<p data-index=\"2\">\u201eO s\u0103 \u00eencerc\u0103m, pe c\u00e2t posibil, chiar \u0219i \u00een opozi\u021bie, s\u0103 nu fim singuri\u201d, a mai spus el.<\/p>\n<p data-index=\"3\">PSD discut\u0103 \u00een teritoriu cu PPDD, pentru c\u0103 aceast\u0103 forma\u021biune are reprezentan\u021bi \u00een consiliile jude\u021bene, a psus premierul, care a ad\u0103ugat c\u0103 este posibil\u0103 \u0219i o alian\u021b\u0103 la nivel de Parlament cu PPDD.<\/p>\n<p data-index=\"4\">\u201eDac\u0103 este vorba despre proiecte legislative comune, sigur c\u0103 da\u201d, a r\u0103spus Victor Ponta la o \u00eentrebare a jurnali\u0219tilor.<\/p>\n<p data-index=\"5\">El a mai spus c\u0103 nu s-a discutat despre cooptarea PPDD la guvernare prin numirea de secretari de stat.<\/p>\n<p data-index=\"6\">\u201eAm discutat de faptul c\u0103 ei cu siguran\u021b\u0103 nu vor s\u0103 treac\u0103 \u00een alian\u021ba pro-B\u0103sescu, alian\u021ba Iohannis-Blaga, \u0219i atunci e normal s\u0103 putem s\u0103 colabor\u0103m \u0219i la nivel parlamentar \u0219i la nivel local. Nu \u0219tiu \u00een c\u00e2te jude\u021be, dar \u0219tiu c\u0103 ei se apuc\u0103 de schimbat toate majorit\u0103\u021bile \u0219i o s\u0103 vedem \u00een func\u021bie de cum se deruleaz\u0103 lucrurile\u201d, a mai spus el.<\/p>\n<p data-index=\"7\">Despre colaborarea cu PPDD<a href=\"https:\/\/www.digi24.ro\/Stiri\/Digi24\/Actualitate\/Politica\/Liviu+Dragnea+PSD+ar+vrea+alianta+cu+PPDD\" target=\"_blank\" data-skip-linkfix=\"1\" rel=\"noopener\"> a vorbit ast\u0103zi \u0219i pre\u0219edintele executiv al PSD, Liviu Dragnea<\/a>. Acesta a spus ast\u0103zi c\u0103 PSD \u00ee\u015fi dore\u015fte s\u0103 fac\u0103 majorit\u0103\u0163i cu PPDD \u00een toate consiliile jude\u0163ene \u015fi consiliile locale ale localit\u0103\u0163ilor mari \u0219i c\u0103 este posibil\u0103 inclusiv \u00eencheierea unei \u00een\u0163elegeri la nivel parlamentar \u00eentre cele dou\u0103 forma\u0163iuni.<\/p>\n<\/div>\n<p> Source URL: https:\/\/www.digi24.ro\/stiri\/actualitate\/politica\/victor-ponta-psd-negociaza-cu-ppdd-o-sa-incercam-chiar-si-in-opozitie-sa-nu-fim-singuri-251038<\/p>\n","protected":false},"excerpt":{"rendered":"<p>\u201eAm discutat \u00een cadrul alian\u021bei de guvernare faptul c\u0103, practic, \u00een teritoriu se vor schimba majorit\u0103\u021bile. Am adus mul\u021bi consilieri PNL, acum pl\u0103tim pentru c\u0103 am fost corec\u021bi\u201d, a spus Victor Ponta. \u201eO s\u0103 \u00eencerc\u0103m, pe c\u00e2t posibil, chiar \u0219i \u00een opozi\u021bie, s\u0103 nu fim singuri\u201d, a mai spus el. PSD discut\u0103 \u00een teritoriu cu [&hellip;]<\/p>\n","protected":false},"author":1,"featured_media":203758,"comment_status":"open","ping_status":"","sticky":false,"template":"","format":"standard","meta":{"footnotes":""},"categories":[2],"tags":[11],"class_list":["post-203757","post","type-post","status-publish","format-standard","has-post-thumbnail","hentry","category-politics","tag-digi24"],"_links":{"self":[{"href":"https:\/\/analyse.optim.biz\/index.php?rest_route=\/wp\/v2\/posts\/203757","targetHints":{"allow":["GET"]}}],"collection":[{"href":"https:\/\/analyse.optim.biz\/index.php?rest_route=\/wp\/v2\/posts"}],"about":[{"href":"https:\/\/analyse.optim.biz\/index.php?rest_route=\/wp\/v2\/types\/post"}],"author":[{"embeddable":true,"href":"https:\/\/analyse.optim.biz\/index.php?rest_route=\/wp\/v2\/users\/1"}],"replies":[{"embeddable":true,"href":"https:\/\/analyse.optim.biz\/index.php?rest_route=%2Fwp%2Fv2%2Fcomments&post=203757"}],"version-history":[{"count":0,"href":"https:\/\/analyse.optim.biz\/index.php?rest_route=\/wp\/v2\/posts\/203757\/revisions"}],"wp:featuredmedia":[{"embeddable":true,"href":"https:\/\/analyse.optim.biz\/index.php?rest_route=\/wp\/v2\/media\/203758"}],"wp:attachment":[{"href":"https:\/\/analyse.optim.biz\/index.php?rest_route=%2Fwp%2Fv2%2Fmedia&parent=203757"}],"wp:term":[{"taxonomy":"category","embeddable":true,"href":"https:\/\/analyse.optim.biz\/index.php?rest_route=%2Fwp%2Fv2%2Fcategories&post=203757"},{"taxonomy":"post_tag","embeddable":true,"href":"https:\/\/analyse.optim.biz\/index.php?rest_route=%2Fwp%2Fv2%2Ftags&post=203757"}],"curies":[{"name":"wp","href":"https:\/\/api.w.org\/{rel}","templated":true}]}}