{"id":203746,"date":"2014-06-02T22:27:13","date_gmt":"2014-06-02T19:27:13","guid":{"rendered":"https:\/\/analyse.optim.biz\/?p=203746"},"modified":"2014-06-02T22:27:13","modified_gmt":"2014-06-02T19:27:13","slug":"emil-hurezeanu-klaus-iohannis-este-un-om-care-nu-si-a-alterat-imaginea-de-posibil-salvator","status":"publish","type":"post","link":"https:\/\/analyse.optim.biz\/?p=203746","title":{"rendered":"Emil Hurezeanu: Klaus Iohannis este un om care nu \u0219i-a alterat imaginea de posibil salvator"},"content":{"rendered":"<div class=\"entry data-app-meta data-app-meta-article\" data-embed-base-url-canonical=\"https:\/\/www.digi24.ro\/embed\/stiri\/actualitate\/politica\/emil-hurezeanu-klaus-iohannis-este-un-om-care-nu-si-a-alterat-imaginea-de-posibil-salvator-251285\">\n<p data-index=\"1\">Jurnalistul a remarcat c\u0103, dup\u0103 alegerile europarlamentare, forma\u021biunile de dreapta au preluat ini\u021biativa pe scena politic\u0103.<\/p>\n<p data-index=\"2\">\u201e<span><em><strong>Cred c\u0103 dreapta, acum, speculeaz\u0103 oportun, foarte bine, noua situa\u021bie creat\u0103 \u00een teren. Chiar retragerea domnului Antonescu are un cifru strategic deliberat. Apari\u021bia dintr-unul dintre borcanele cu leacuri miraculoase a lui Klaus Iohannis se pare c\u0103, de aceast\u0103 dat\u0103, intr\u0103 \u00een reac\u021bii pozitive cu contextul. Sigur c\u0103 ceilal\u021bi au motive de \u00eengrijorare<\/strong><\/em>\u201d, a precizat Emil Hurezeanu.<\/span><\/p>\n<p data-index=\"3\">\u201e<span><em><strong>Dreapta are acest avantaj al unui preziden\u021biabil proasp\u0103t, foarte cunoscut \u0219i deja cu un portret digerat. E cazul lui Klaus Iohannis, un om care nu \u0219i-a alterat imaginea de posibil salvator \u00een momente critice. Care face politic\u0103 \u0219i nu face politic\u0103, care e, mai degrab\u0103, perceput ca un administrator<\/strong><\/em>\u201d, a mai spus jurnalistul. <\/span><\/p>\n<p data-index=\"4\">\u00cen opinia sa, Klaus Iohannis r\u0103spunde a\u0219tept\u0103rilor unei bune p\u0103r\u021bi a electoratului, care \u00ee\u0219i dore\u0219te la Cotroceni un om din afara sistemului.<\/p>\n<p data-index=\"5\">\u201e<span>\u00centr-o lume destul de r\u0103v\u0103\u0219it\u0103 \u0219i de neclar\u0103, cu personaje mai mult sau mai pu\u021bin erodate, el apare, din c\u00e2nd \u00een c\u00e2nd, ca un <em><strong>deus ex machina<\/strong><\/em>. Asta \u0219i este. Nimeni nu prea \u0219tie bine de unde vine, ce face, de fapt. \u00cen acela\u0219i timp, toat\u0103 lumea vrea ceva nou. Vrea pe cineva din afara sistemului\u201d, a concluzionat Emil Hurezeanu. \u00a0\u00a0<\/span><\/p>\n<p data-index=\"6\">Crin Antonescu\u00a0<a href=\"https:\/\/www.digi24.ro\/Stiri\/Digi24\/Actualitate\/Politica\/Crin+Antonescu+renunta+sa+mai+candideze+la+presedintia+Romaniei\" target=\"_blank\" data-skip-linkfix=\"1\" rel=\"noopener\"><strong>a anun\u021bat c\u0103 renun\u021b\u0103<\/strong><\/a>\u00a0s\u0103 mai candideze la pre\u0219edin\u021bia Rom\u00e2niei \u0219i a cerut dreptei unificate s\u0103 g\u0103seasc\u0103 rapid cel mai bun candidat posibil. Crin Antonescu a mai spus c\u0103 renun\u021b\u0103 \u0219i la conducerea interimar\u0103 a PNL.<\/p>\n<\/div>\n<p> Source URL: https:\/\/www.digi24.ro\/stiri\/actualitate\/politica\/emil-hurezeanu-klaus-iohannis-este-un-om-care-nu-si-a-alterat-imaginea-de-posibil-salvator-251285<\/p>\n","protected":false},"excerpt":{"rendered":"<p>Jurnalistul a remarcat c\u0103, dup\u0103 alegerile europarlamentare, forma\u021biunile de dreapta au preluat ini\u021biativa pe scena politic\u0103. \u201eCred c\u0103 dreapta, acum, speculeaz\u0103 oportun, foarte bine, noua situa\u021bie creat\u0103 \u00een teren. Chiar retragerea domnului Antonescu are un cifru strategic deliberat. Apari\u021bia dintr-unul dintre borcanele cu leacuri miraculoase a lui Klaus Iohannis se pare c\u0103, de aceast\u0103 dat\u0103, [&hellip;]<\/p>\n","protected":false},"author":1,"featured_media":203747,"comment_status":"open","ping_status":"","sticky":false,"template":"","format":"standard","meta":{"footnotes":""},"categories":[2],"tags":[11],"class_list":["post-203746","post","type-post","status-publish","format-standard","has-post-thumbnail","hentry","category-politics","tag-digi24"],"_links":{"self":[{"href":"https:\/\/analyse.optim.biz\/index.php?rest_route=\/wp\/v2\/posts\/203746","targetHints":{"allow":["GET"]}}],"collection":[{"href":"https:\/\/analyse.optim.biz\/index.php?rest_route=\/wp\/v2\/posts"}],"about":[{"href":"https:\/\/analyse.optim.biz\/index.php?rest_route=\/wp\/v2\/types\/post"}],"author":[{"embeddable":true,"href":"https:\/\/analyse.optim.biz\/index.php?rest_route=\/wp\/v2\/users\/1"}],"replies":[{"embeddable":true,"href":"https:\/\/analyse.optim.biz\/index.php?rest_route=%2Fwp%2Fv2%2Fcomments&post=203746"}],"version-history":[{"count":0,"href":"https:\/\/analyse.optim.biz\/index.php?rest_route=\/wp\/v2\/posts\/203746\/revisions"}],"wp:featuredmedia":[{"embeddable":true,"href":"https:\/\/analyse.optim.biz\/index.php?rest_route=\/wp\/v2\/media\/203747"}],"wp:attachment":[{"href":"https:\/\/analyse.optim.biz\/index.php?rest_route=%2Fwp%2Fv2%2Fmedia&parent=203746"}],"wp:term":[{"taxonomy":"category","embeddable":true,"href":"https:\/\/analyse.optim.biz\/index.php?rest_route=%2Fwp%2Fv2%2Fcategories&post=203746"},{"taxonomy":"post_tag","embeddable":true,"href":"https:\/\/analyse.optim.biz\/index.php?rest_route=%2Fwp%2Fv2%2Ftags&post=203746"}],"curies":[{"name":"wp","href":"https:\/\/api.w.org\/{rel}","templated":true}]}}