{"id":2037388,"date":"2026-07-06T18:49:11","date_gmt":"2026-07-06T15:49:11","guid":{"rendered":"https:\/\/analyse.optim.biz\/?p=2037388"},"modified":"2026-07-06T18:49:11","modified_gmt":"2026-07-06T15:49:11","slug":"avarii-grave-colterm-apa-calda-oprita-doua-zile-pe-aproape-200-de-strazi-din-timisoara","status":"publish","type":"post","link":"https:\/\/analyse.optim.biz\/?p=2037388","title":{"rendered":"Avarii grave Colterm. Apa cald\u0103 oprit\u0103 dou\u0103 zile pe aproape 200 de str\u0103zi din Timi\u0219oara"},"content":{"rendered":"<p>[analyse_image type=&#8221;featured&#8221; src=&#8221;https:\/\/www.opiniatimisoarei.ro\/wp-content\/uploads\/2016\/09\/apa-calda-700&#215;336.jpghttps:\/\/www.opiniatimisoarei.ro\/wp-content\/uploads\/2016\/09\/apa-calda.jpg&#8221;]<\/p>\n<div class=\"the_content\">\n<p><strong>TIMISOARA.<\/strong> Colterm opre\u0219te apa cald\u0103, la Timi\u0219oara, aproape dou\u0103 zile, pentru a remedia defec\u021biuni la re\u021beaua de distribu\u021bie.<\/p>\n<p><strong><span>CITE\u0218TE \u0218I:<\/span><a href=\"https:\/\/www.opiniatimisoarei.ro\/magistrala-verde-in-cautarea-unui-constructor-dispar-451-de-locuri-de-parcare-de-pe-calea-sagului-din-timisoara-iar-pe-un-tronson-masinile-vor-circula-pe-o-singura-banda\/06\/07\/2026\">Magistrala Verde, \u00een c\u0103utarea unui constructor. Dispar 451 de locuri de parcare de pe Calea \u0218agului din Timi\u0219oara, iar pe un tronson ma\u0219inile vor circula pe o singur\u0103 band\u0103<\/a><\/strong><\/p>\n<p>De mar\u021bi, 7 iulie 2026, ora 00:00, p\u00e2n\u0103 miercuri, 8 iulie 2026, ora 20:00, va fi \u00eentrerupt\u0103 furnizarea apei calde de consum pentru realizarea unor lucr\u0103ri de remediere a neetan\u0219eit\u0103\u021bilor la magistrala DN 700 din re\u021beaua primar\u0103 de termoficare a municipiului Timi\u0219oara, \u00een zona Bulevardului Corneliu Coposu nr. 20-22.<\/p>\n<p>Astfel vor fi afecta\u021bi mii de timi\u0219oreni, care locuiesc pe aproape 180 de str\u0103zi.<\/p>\n<p>Vor r\u0103m\u00e2ne f\u0103r\u0103 ap\u0103 cald\u0103 locuitorii de pe str\u0103zile: 16 Decembrie 1989, 1 Decembrie 1918, Actorilor, Aleea Gorni\u0219tilor, Aleea Icar, Aleea Inului, Aleea Mini\u0219, Aleea Muzicii, Aleea Nicolae Boboc, Aleea S\u0103n\u0103t\u0103\u021bii, Aleea Studen\u021bilor, Alex Vaida Voievod, Alexandru Averescu, Alexandru Odobescu, Ana Ip\u0103tescu, Arenei, Arhitect Duiliu Marcu, Arhitect Victor Vlad, Arie\u0219, Aron Pumnul, Astrilor, Aurelianus, Azuga, Azurului, B. Iscovescu, Banatul, Bradul, Bran, Bucegi, Bujorilor, Bulevardul Liviu Rebreanu, Bulevardul Regele Carol I, Cara\u0219, Carpa\u021bi, Calea Martirilor, Calea \u0218agului, Camil Grof\u0219oreanu, Castanilor, Cerceilor, Cerna, Citadelei, Cl\u0103bucet, Constantin Br\u0103iloiu, Constantin Noica, Corneliu Baran, Corneliu Coposu, Cosminului, Cozia, Crivaia, Cristalului, Curcubeului, Cutez\u0103torilor, Cluj, Diana, Daliei, Darwin, D\u00e2mbovi\u021ba, Deliblata, Diaconu Coresi, Dimitrie Kiriac, Dositei Obradovici, Dr. Ioan Mure\u0219an, Dr. Iosif Bulbuca, Drept\u0103\u021bii, Eneas, Eroilor, Eternit\u0103\u021bii, FC Ripensia, Feldioara, Filateliei, Florilor, Fraternit\u0103\u021bii, Fructelor, Frunzei, Gavril Musicescu, General Ion Dragalina, Gheorghe Doja, Glad, Gorunului, Gr\u0103dinii, Gutenberg, H\u0103rniciei, Hebe, Intr. Roma, Intrarea Apelor, Intrarea Clopotului, Intrarea Iederei, Intrarea Lung\u0103, Intrarea Mierlei, Intrarea Orizont, Intrarea R\u00e2ului, Intrarea Sabinei, Ion Ghica, Ioan Barac, Iovan Sterja Popovici, Iris, Izlaz, Iuliu Maniu, Lev Tolstoi, Luceaf\u0103rului, Ludwig von Ybl, M\u0103gura, Mare\u0219al Constantin Prezan, Martir Alexandru Ferkel \u0218uteu, Martir Andrei Istvan, Martir Angela Sava, Martir Claudiu Varcu\u0219, Martir Constantin G\u00eerjoab\u0103, Martir Dumitru Jug\u0103naru, Martir Elena Nicoar\u0103, Martir Eugen Nagy, Martir Gheorghe Cruceru, Martir Herman Sporer, Martir Ioan Stanciu, Martir Marius Apro, Martir Marius Ciopec, Martir Octavian \u021aintaru, Martir Slobodanca Ewinger, Martir \u0218tefan Mari\u0219, Martir V. Aparaschivei, Martir Vasile Balmu\u0219, Mehadia, Memorandului, Meziad, Milcov, Miori\u021ba, Mure\u0219, Mun\u021bilor, Nicolae Ilie\u0219u, Nicolae Labi\u0219, Nicolae Leonard, Nicolae V\u0103c\u0103rescu, Octavian Goga, Ofcea, Onoarei, Orion, Pepinierei, Petalelor, Pia\u021ba Aron Cotru\u0219, Pia\u021ba Sf. Iosif cel Nou, Pia\u021ba Vasile Adamachi, Pia\u021ba Vidraru, Plantelor, Platanilor, Pogonici, Poiana Rusc\u0103i, Poieni\u021bei, Prahova, Preyer, Ranetti, Rusu \u0218irianu, Salc\u00e2milor, S\u0103ge\u021bii, Sat Nou, Sepia, Sirius, Smeuri\u0219, Snagov, Socrates, Some\u0219, Stejarul, \u0218tiin\u021bei, Surorile Martie Caceu, T\u0103l\u0103ngii, Teatrului, Teodor V. P\u0103c\u0103\u021bean, Transilvania, Uranus, Vasile Lupu, Vasile Oni\u021biu, Vegeta\u021biei, Versului, Veveri\u021bei, Viitorului, V\u00e2lcea, Virgil Birou, Vi\u0219inului, Vl\u0103deasa, Vulturilor \u0219i Zarand.<\/p>\n<p>***<\/p>\n<p><strong><span class=\"dia_suggestion w0\">Mai<\/span>\u00a0<span class=\"dia_suggestion w1\">multe<\/span>\u00a0<span class=\"dia_suggestion w2\">g\u0103si\u021bi<\/span>\u00a0pe\u00a0<span class=\"dia_suggestion w4\">pagina noastr<span class=\"dia_suggestion w0\">\u0103<\/span><\/span>\u00a0de\u00a0<a href=\"https:\/\/www.facebook.com\/OpiniaTM\/?ref=page_internal\" target=\"_blank\" rel=\"noopener\">Facebook opiniatimisoarei.ro<\/a>!<\/strong><\/p>\n<p><strong><span class=\"dia_suggestion w0\">Dac\u0103<\/span>\u00a0<span class=\"dia_suggestion w1\">a\u021bi<\/span>\u00a0fost martorii unui eveniment\u00a0<span class=\"dia_suggestion w6\">sau<\/span>\u00a0<span class=\"dia_suggestion w7\">ai<\/span>\u00a0unei\u00a0<span class=\"dia_suggestion w9\">situa\u021bii<\/span>\u00a0<span class=\"dia_suggestion w10\">neobi\u0219nuite<\/span>\u00a0<span class=\"dia_suggestion w11\">care<\/span>\u00a0ar\u00a0<span class=\"dia_suggestion w13\">putea<\/span>\u00a0deveni subiect de\u00a0<span class=\"dia_suggestion w17\">\u0219tire<\/span>,\u00a0<span class=\"dia_suggestion w18\">contacta\u021bi<\/span>-ne\u00a0<span class=\"dia_suggestion w20\">la<\/span>\u00a0<a href=\"https:\/\/www.opiniatimisoarei.ro\/cdn-cgi\/l\/email-protection\" class=\"__cf_email__\" data-cfemail=\"483a2d2c292b3c212d082738212621293c2125213b27293a2d21663a27\">[email\u00a0protected]<\/a>,\u00a0 pe\u00a0<a href=\"https:\/\/www.facebook.com\/OpiniaTM\">FB<\/a>\u00a0sau pe contul nostru de\u00a0<a href=\"https:\/\/www.instagram.com\/opiniatimisoarei.ro\/\" target=\"_blank\" rel=\"noopener\">Instagram<\/a>!<\/strong><\/p>\n<p><strong><span>CITESTE SI:<\/span>\u00a0<a href=\"https:\/\/www.opiniatimisoarei.ro\/afli-primul-tot-ceea-ce-se-intampla-cu-adevarat-important-in-timisoara-si-in-regiune-cu-aplicatia-de-stiri-opinia-timisoarei-3-tipuri-de-alerte-te-tin-mereu-conectat-la-evenimente-descarca-gratuit-a\/31\/10\/2022\">Afli primul tot ceea ce se intampla cu adevarat important in Timisoara si in regiune cu Aplicatia de stiri Opinia Timisoarei. 3 tipuri de alerte te tin mereu conectat la evenimente. Descarca gratuit Aplicatia OT aici!<\/a><\/strong><\/p>\n<\/div>\n<p>[analyse_source url=&#8221;https:\/\/www.opiniatimisoarei.ro\/avarii-grave-colterm-apa-calda-oprita-pe-aproape-200-de-strazi-din-timisoara\/06\/07\/2026&#8243;]<\/p>\n","protected":false},"excerpt":{"rendered":"<p>[analyse_image type=&#8221;featured&#8221; src=&#8221;https:\/\/www.opiniatimisoarei.ro\/wp-content\/uploads\/2016\/09\/apa-calda-700&#215;336.jpghttps:\/\/www.opiniatimisoarei.ro\/wp-content\/uploads\/2016\/09\/apa-calda.jpg&#8221;] TIMISOARA. Colterm opre\u0219te apa cald\u0103, la Timi\u0219oara, aproape dou\u0103 zile, pentru a remedia defec\u021biuni la re\u021beaua de distribu\u021bie. CITE\u0218TE \u0218I:Magistrala Verde, \u00een c\u0103utarea unui constructor. Dispar 451 de locuri de parcare de pe Calea \u0218agului din Timi\u0219oara, iar pe un tronson ma\u0219inile vor circula pe o singur\u0103 band\u0103 De mar\u021bi, 7 iulie [&hellip;]<\/p>\n","protected":false},"author":1,"featured_media":0,"comment_status":"open","ping_status":"","sticky":false,"template":"","format":"standard","meta":{"footnotes":""},"categories":[89],"tags":[226,190],"class_list":["post-2037388","post","type-post","status-publish","format-standard","hentry","category-romania","tag-crawlmanager","tag-opiniatimisoarei-ro"],"_links":{"self":[{"href":"https:\/\/analyse.optim.biz\/index.php?rest_route=\/wp\/v2\/posts\/2037388","targetHints":{"allow":["GET"]}}],"collection":[{"href":"https:\/\/analyse.optim.biz\/index.php?rest_route=\/wp\/v2\/posts"}],"about":[{"href":"https:\/\/analyse.optim.biz\/index.php?rest_route=\/wp\/v2\/types\/post"}],"author":[{"embeddable":true,"href":"https:\/\/analyse.optim.biz\/index.php?rest_route=\/wp\/v2\/users\/1"}],"replies":[{"embeddable":true,"href":"https:\/\/analyse.optim.biz\/index.php?rest_route=%2Fwp%2Fv2%2Fcomments&post=2037388"}],"version-history":[{"count":0,"href":"https:\/\/analyse.optim.biz\/index.php?rest_route=\/wp\/v2\/posts\/2037388\/revisions"}],"wp:attachment":[{"href":"https:\/\/analyse.optim.biz\/index.php?rest_route=%2Fwp%2Fv2%2Fmedia&parent=2037388"}],"wp:term":[{"taxonomy":"category","embeddable":true,"href":"https:\/\/analyse.optim.biz\/index.php?rest_route=%2Fwp%2Fv2%2Fcategories&post=2037388"},{"taxonomy":"post_tag","embeddable":true,"href":"https:\/\/analyse.optim.biz\/index.php?rest_route=%2Fwp%2Fv2%2Ftags&post=2037388"}],"curies":[{"name":"wp","href":"https:\/\/api.w.org\/{rel}","templated":true}]}}