{"id":2037385,"date":"2026-07-08T12:52:11","date_gmt":"2026-07-08T09:52:11","guid":{"rendered":"https:\/\/analyse.optim.biz\/?p=2037385"},"modified":"2026-07-08T12:52:11","modified_gmt":"2026-07-08T09:52:11","slug":"a-ignorat-ordinul-de-protectie-si-s-a-dus-la-locuinta-mamei-tanarul-a-fost-retinut-ziarul-liber-in","status":"publish","type":"post","link":"https:\/\/analyse.optim.biz\/?p=2037385","title":{"rendered":"A ignorat ordinul de protec\u021bie \u0219i s-a dus la locuin\u021ba mamei. T\u00e2n\u0103rul a fost re\u021binut &#8211; Ziarul Liber in"},"content":{"rendered":"<p>[analyse_image type=&#8221;featured&#8221; src=&#8221;https:\/\/liberinteleorman.ro\/wp-content\/uploads\/2026\/01\/pol.jpg&#8221;]<\/p>\n<div class=\"entry-content single56__content single56__post_content single56__body_area\">\n<p>Poli\u021bi\u0219tii din cadrul Sec\u021biei 5 Poli\u021bie Rural\u0103 Dobrote\u0219ti efectueaz\u0103 cercet\u0103ri \u00een cadrul unui dosar penal, \u00eentocmit sub aspectul s\u0103v\u00e2r\u0219irii infrac\u021biunii de \u00eenc\u0103lcarea m\u0103surilor dispuse prin ordinul de protec\u021bie provizoriu, fa\u021b\u0103 de un t\u00e2n\u0103r.<\/p>\n<p>\u00cen fapt, la data de 6 iulie a.c., t\u00e2n\u0103rul s-ar fi apropiat de locuin\u021ba mamei sale, \u00eenc\u0103lc\u00e2nd astfel obliga\u021biile impuse prin ordin de protec\u021bie provizoriu.<\/p>\n<p>\u00cen urma administr\u0103rii probatoriului, acesta a fost re\u021binut.<\/p>\n<p>Cercet\u0103rile sunt continuate, sub coordonarea procurorului din cadrul Parchetului de pe l\u00e2ng\u0103 Judec\u0103toria Ro\u0219iori de Vede.<\/p>\n<\/div>\n<p>[analyse_source url=&#8221;https:\/\/liberinteleorman.ro\/a-ignorat-ordinul-de-protectie-si-s-a-dus-la-locuinta-mamei-tanarul-a-fost-retinut\/&#8221;]<\/p>\n","protected":false},"excerpt":{"rendered":"<p>[analyse_image type=&#8221;featured&#8221; src=&#8221;https:\/\/liberinteleorman.ro\/wp-content\/uploads\/2026\/01\/pol.jpg&#8221;] Poli\u021bi\u0219tii din cadrul Sec\u021biei 5 Poli\u021bie Rural\u0103 Dobrote\u0219ti efectueaz\u0103 cercet\u0103ri \u00een cadrul unui dosar penal, \u00eentocmit sub aspectul s\u0103v\u00e2r\u0219irii infrac\u021biunii de \u00eenc\u0103lcarea m\u0103surilor dispuse prin ordinul de protec\u021bie provizoriu, fa\u021b\u0103 de un t\u00e2n\u0103r. \u00cen fapt, la data de 6 iulie a.c., t\u00e2n\u0103rul s-ar fi apropiat de locuin\u021ba mamei sale, \u00eenc\u0103lc\u00e2nd astfel obliga\u021biile [&hellip;]<\/p>\n","protected":false},"author":1,"featured_media":0,"comment_status":"open","ping_status":"","sticky":false,"template":"","format":"standard","meta":{"footnotes":""},"categories":[89],"tags":[226,181],"class_list":["post-2037385","post","type-post","status-publish","format-standard","hentry","category-romania","tag-crawlmanager","tag-liberinteleorman-ro"],"_links":{"self":[{"href":"https:\/\/analyse.optim.biz\/index.php?rest_route=\/wp\/v2\/posts\/2037385","targetHints":{"allow":["GET"]}}],"collection":[{"href":"https:\/\/analyse.optim.biz\/index.php?rest_route=\/wp\/v2\/posts"}],"about":[{"href":"https:\/\/analyse.optim.biz\/index.php?rest_route=\/wp\/v2\/types\/post"}],"author":[{"embeddable":true,"href":"https:\/\/analyse.optim.biz\/index.php?rest_route=\/wp\/v2\/users\/1"}],"replies":[{"embeddable":true,"href":"https:\/\/analyse.optim.biz\/index.php?rest_route=%2Fwp%2Fv2%2Fcomments&post=2037385"}],"version-history":[{"count":0,"href":"https:\/\/analyse.optim.biz\/index.php?rest_route=\/wp\/v2\/posts\/2037385\/revisions"}],"wp:attachment":[{"href":"https:\/\/analyse.optim.biz\/index.php?rest_route=%2Fwp%2Fv2%2Fmedia&parent=2037385"}],"wp:term":[{"taxonomy":"category","embeddable":true,"href":"https:\/\/analyse.optim.biz\/index.php?rest_route=%2Fwp%2Fv2%2Fcategories&post=2037385"},{"taxonomy":"post_tag","embeddable":true,"href":"https:\/\/analyse.optim.biz\/index.php?rest_route=%2Fwp%2Fv2%2Ftags&post=2037385"}],"curies":[{"name":"wp","href":"https:\/\/api.w.org\/{rel}","templated":true}]}}