{"id":203735,"date":"2014-06-02T22:36:41","date_gmt":"2014-06-02T19:36:41","guid":{"rendered":"https:\/\/analyse.optim.biz\/?p=203735"},"modified":"2014-06-02T22:36:41","modified_gmt":"2014-06-02T19:36:41","slug":"analiza-alianta-pnl-pdl-schimba-planurile-prezidentiabililor","status":"publish","type":"post","link":"https:\/\/analyse.optim.biz\/?p=203735","title":{"rendered":"ANALIZ\u0102. Alian\u021ba PNL-PDL schimb\u0103 planurile preziden\u021biabililor"},"content":{"rendered":"<div class=\"entry data-app-meta data-app-meta-article\" data-embed-base-url-canonical=\"https:\/\/www.digi24.ro\/embed\/stiri\/actualitate\/politica\/analiza-alianta-pnl-pdl-schimba-planurile-prezidentiabililor-251288\">\n<p data-index=\"1\">A\u015fa cum se contureaz\u0103 scena politic\u0103 \u00een prezent, marea confruntare pentru pre\u015fedin\u0163ia Rom\u00e2niei se va da \u00eentre doi oameni &#8211; candidatul dreptei \u015fi cel al st\u00e2ngii. Deocamdat\u0103 nu a fost anun\u0163at oficial niciun nume, dar cele dou\u0103 blocuri politice se preg\u0103tesc s\u0103 \u00eei arunce \u00een lupt\u0103 pe <strong>Klaus Iohannis<\/strong> \u015fi pe<strong> Victor Ponta. <\/strong><\/p>\n<p data-index=\"2\"><strong>Klaus Iohannis<\/strong> a ajuns cel mai probabil candidat dup\u0103 retragerea lui<strong> Crin Antonescu<\/strong> at\u00e2t din func\u0163ia de pre\u015fedinte al PNL, c\u00e2t \u015fi din pozi\u0163ia de candidat pentru cea mai \u00eenalt\u0103 func\u0163ie \u00een stat. <\/p>\n<p data-index=\"3\">De cealalt\u0103 parte, st\u00e2nga, reunit\u0103 \u00een jurul PSD, \u00eel preg\u0103te\u015fte ca preziden\u0163iabil pe <strong>Victor Ponta<\/strong>. Premierul \u00eens\u0103 ezit\u0103 s\u0103 \u00ee\u015fi oficializeze candidatura din cel pu\u0163in dou\u0103 motive: pe de o parte, scorul ob\u0163inut de PSD la europarlamentare a fost sub a\u015ftept\u0103ri \u015fi, pe de alt\u0103 parte, decizia PNL \u015fi a PDL de a se coaliza l-a pus \u00een expectativ\u0103.<\/p>\n<p data-index=\"4\">Cert este c\u0103 at\u00e2t st\u00e2nga, c\u00e2t \u015fi dreapta au anun\u0163at dead-line-urile pentru oficializarea candidaturilor: PNL \u015fi PDL promit s\u0103 anun\u0163e un nume p\u00e2n\u0103 la \u00eenceputul lui august, iar PSD promite c\u0103 se va hot\u0103r\u00ee p\u00e2n\u0103 la \u00eenceputul lui septembrie. <\/p>\n<p data-index=\"5\">R\u0103m\u00e2ne \u00eens\u0103 de v\u0103zut ce se va \u00eent\u00e2mpla cu celelalte nume vehiculate p\u00e2n\u0103 acum c\u0103 s-ar putea \u00eenscrie \u00een cursa pentru Cotroceni. Primul este <strong>Mihai R\u0103zvan Ungureanu<\/strong>, premierul cu cel mai scurt mandat din istoria postdecembrist\u0103 a Rom\u00e2niei, care a declarat c\u0103 se va sacrifica dac\u0103 va fi nevoie pentru ca dreapta unit\u0103 s\u0103 c\u00e2\u015ftige. S\u0103 n-o uit\u0103m nici pe<strong> Elena Udrea<\/strong>, cea care ar fi putut fi prima femeie candidat pe pre\u015fedin\u0163ia Rom\u00e2niei, dar care cel mai probabil nu se va mai afla \u00een aceast\u0103 postur\u0103 dup\u0103 scorul slab ob\u0163inut de PMP la europarlamentare. \u0218i <strong>C\u0103t\u0103lin Predoiu<\/strong>, desemnat oficial, la sf\u00e2r\u0219itul anului trecut, drept candidatul PDL la preziden\u021biale, va trebui s\u0103 renun\u021be la cursa pentru Cotroceni dup\u0103 ce alian\u021ba dintre PDL \u0219i PNL \u00eel va sus\u021bine, foarte probabil, pe Klaus Iohannis.<\/p>\n<\/div>\n<p> Source URL: https:\/\/www.digi24.ro\/stiri\/actualitate\/politica\/analiza-alianta-pnl-pdl-schimba-planurile-prezidentiabililor-251288<\/p>\n","protected":false},"excerpt":{"rendered":"<p>A\u015fa cum se contureaz\u0103 scena politic\u0103 \u00een prezent, marea confruntare pentru pre\u015fedin\u0163ia Rom\u00e2niei se va da \u00eentre doi oameni &#8211; candidatul dreptei \u015fi cel al st\u00e2ngii. Deocamdat\u0103 nu a fost anun\u0163at oficial niciun nume, dar cele dou\u0103 blocuri politice se preg\u0103tesc s\u0103 \u00eei arunce \u00een lupt\u0103 pe Klaus Iohannis \u015fi pe Victor Ponta. Klaus Iohannis [&hellip;]<\/p>\n","protected":false},"author":1,"featured_media":203736,"comment_status":"open","ping_status":"","sticky":false,"template":"","format":"standard","meta":{"footnotes":""},"categories":[2],"tags":[11],"class_list":["post-203735","post","type-post","status-publish","format-standard","has-post-thumbnail","hentry","category-politics","tag-digi24"],"_links":{"self":[{"href":"https:\/\/analyse.optim.biz\/index.php?rest_route=\/wp\/v2\/posts\/203735","targetHints":{"allow":["GET"]}}],"collection":[{"href":"https:\/\/analyse.optim.biz\/index.php?rest_route=\/wp\/v2\/posts"}],"about":[{"href":"https:\/\/analyse.optim.biz\/index.php?rest_route=\/wp\/v2\/types\/post"}],"author":[{"embeddable":true,"href":"https:\/\/analyse.optim.biz\/index.php?rest_route=\/wp\/v2\/users\/1"}],"replies":[{"embeddable":true,"href":"https:\/\/analyse.optim.biz\/index.php?rest_route=%2Fwp%2Fv2%2Fcomments&post=203735"}],"version-history":[{"count":0,"href":"https:\/\/analyse.optim.biz\/index.php?rest_route=\/wp\/v2\/posts\/203735\/revisions"}],"wp:featuredmedia":[{"embeddable":true,"href":"https:\/\/analyse.optim.biz\/index.php?rest_route=\/wp\/v2\/media\/203736"}],"wp:attachment":[{"href":"https:\/\/analyse.optim.biz\/index.php?rest_route=%2Fwp%2Fv2%2Fmedia&parent=203735"}],"wp:term":[{"taxonomy":"category","embeddable":true,"href":"https:\/\/analyse.optim.biz\/index.php?rest_route=%2Fwp%2Fv2%2Fcategories&post=203735"},{"taxonomy":"post_tag","embeddable":true,"href":"https:\/\/analyse.optim.biz\/index.php?rest_route=%2Fwp%2Fv2%2Ftags&post=203735"}],"curies":[{"name":"wp","href":"https:\/\/api.w.org\/{rel}","templated":true}]}}