{"id":203721,"date":"2014-06-03T11:10:49","date_gmt":"2014-06-03T08:10:49","guid":{"rendered":"https:\/\/analyse.optim.biz\/?p=203721"},"modified":"2014-06-03T11:10:49","modified_gmt":"2014-06-03T08:10:49","slug":"v-ponta-intrebat-daca-se-teme-de-c-antonescu-si-k-iohannis-mi-e-frica-de-dumnezeu","status":"publish","type":"post","link":"https:\/\/analyse.optim.biz\/?p=203721","title":{"rendered":"V. Ponta, \u00eentrebat dac\u0103 se teme de C. Antonescu \u015fi K. Iohannis: &#8220;Mi-e fric\u0103 de Dumnezeu&#8221;"},"content":{"rendered":"<div class=\"entry data-app-meta data-app-meta-article\" data-embed-base-url-canonical=\"https:\/\/www.digi24.ro\/embed\/stiri\/actualitate\/politica\/v-ponta-intrebat-daca-se-teme-de-c-antonescu-si-k-iohannis-mi-e-frica-de-dumnezeu-251392\">\n<p data-index=\"1\">Solicitat de jurnali\u015fti s\u0103 comenteze afirma\u0163iile lui<strong> Crin Antonescu<\/strong> potrivit c\u0103rora <strong>Victor Ponta<\/strong> ar fi un conduc\u0103tor extrem de periculos, care sus\u0163ine teoria conspira\u0163ei \u015fi c\u0103ruia i-ar fi fric\u0103 de el \u015fi de Iohannis, premierul a precizat: \u201eMi-e fric\u0103 de Dumnezeu, cum cred c\u0103 v\u0103 e \u015fi dumneavoastr\u0103\u201d.<\/p>\n<p data-index=\"2\">\u201eCred c\u0103 suntem \u00eentr-un stadiu \u00een care trebuie s\u0103 uit\u0103m de lucrurile din trecut, de genul acesta de a face politic\u0103 \u015fi trebuie s\u0103 construim. \u015ei, din punctul meu de vedere, dup\u0103 alegerile pentru Parlamentul European, Rom\u00e2nia este \u00een pozi\u0163ia \u00een care putem construi, putem s\u0103 accentu\u0103m lucrurile bune din cre\u015fterea economic\u0103 &#8211; am v\u0103zut pe primele trei luni s-au creat \u00een sf\u00e2r\u015fit pestre 70.000 de noi locuri de munc\u0103 -, s\u0103 absorbim mai multe fonduri europene, s\u0103 combatem corup\u0163ia \u00een toate domeniile. Asta e direc\u0163ia \u00een care trebuie s\u0103 mergem. Genul \u0103sta de atacuri politice fac parte din trecut\u201d, a spus Ponta.<\/p>\n<\/div>\n<p> Source URL: https:\/\/www.digi24.ro\/stiri\/actualitate\/politica\/v-ponta-intrebat-daca-se-teme-de-c-antonescu-si-k-iohannis-mi-e-frica-de-dumnezeu-251392<\/p>\n","protected":false},"excerpt":{"rendered":"<p>Solicitat de jurnali\u015fti s\u0103 comenteze afirma\u0163iile lui Crin Antonescu potrivit c\u0103rora Victor Ponta ar fi un conduc\u0103tor extrem de periculos, care sus\u0163ine teoria conspira\u0163ei \u015fi c\u0103ruia i-ar fi fric\u0103 de el \u015fi de Iohannis, premierul a precizat: \u201eMi-e fric\u0103 de Dumnezeu, cum cred c\u0103 v\u0103 e \u015fi dumneavoastr\u0103\u201d. \u201eCred c\u0103 suntem \u00eentr-un stadiu \u00een care [&hellip;]<\/p>\n","protected":false},"author":1,"featured_media":203722,"comment_status":"open","ping_status":"","sticky":false,"template":"","format":"standard","meta":{"footnotes":""},"categories":[2],"tags":[11],"class_list":["post-203721","post","type-post","status-publish","format-standard","has-post-thumbnail","hentry","category-politics","tag-digi24"],"_links":{"self":[{"href":"https:\/\/analyse.optim.biz\/index.php?rest_route=\/wp\/v2\/posts\/203721","targetHints":{"allow":["GET"]}}],"collection":[{"href":"https:\/\/analyse.optim.biz\/index.php?rest_route=\/wp\/v2\/posts"}],"about":[{"href":"https:\/\/analyse.optim.biz\/index.php?rest_route=\/wp\/v2\/types\/post"}],"author":[{"embeddable":true,"href":"https:\/\/analyse.optim.biz\/index.php?rest_route=\/wp\/v2\/users\/1"}],"replies":[{"embeddable":true,"href":"https:\/\/analyse.optim.biz\/index.php?rest_route=%2Fwp%2Fv2%2Fcomments&post=203721"}],"version-history":[{"count":0,"href":"https:\/\/analyse.optim.biz\/index.php?rest_route=\/wp\/v2\/posts\/203721\/revisions"}],"wp:featuredmedia":[{"embeddable":true,"href":"https:\/\/analyse.optim.biz\/index.php?rest_route=\/wp\/v2\/media\/203722"}],"wp:attachment":[{"href":"https:\/\/analyse.optim.biz\/index.php?rest_route=%2Fwp%2Fv2%2Fmedia&parent=203721"}],"wp:term":[{"taxonomy":"category","embeddable":true,"href":"https:\/\/analyse.optim.biz\/index.php?rest_route=%2Fwp%2Fv2%2Fcategories&post=203721"},{"taxonomy":"post_tag","embeddable":true,"href":"https:\/\/analyse.optim.biz\/index.php?rest_route=%2Fwp%2Fv2%2Ftags&post=203721"}],"curies":[{"name":"wp","href":"https:\/\/api.w.org\/{rel}","templated":true}]}}