{"id":2037028,"date":"2026-07-10T06:00:39","date_gmt":"2026-07-10T03:00:39","guid":{"rendered":"https:\/\/analyse.optim.biz\/?p=2037028"},"modified":"2026-07-10T06:00:39","modified_gmt":"2026-07-10T03:00:39","slug":"prima-cresa-construita-de-la-zero-in-babadag-se-apropie-de-finalizare-ziarul-delta-tulcea","status":"publish","type":"post","link":"https:\/\/analyse.optim.biz\/?p=2037028","title":{"rendered":"Prima cre\u015f\u0103 construit\u0103 de la zero \u00een Babadag se apropie de finalizare &#8211; Ziarul Delta Tulcea"},"content":{"rendered":"<p>[analyse_image type=&#8221;featured&#8221; src=&#8221;https:\/\/ziaruldelta.ro\/wp-content\/uploads\/2026\/07\/Prima-cresa-e1783602637527.jpg&#8221;]<\/p>\n<article id=\"post-37395\" class=\"module single-post-module post-37395 post type-post status-publish format-standard has-post-thumbnail hentry category-economie et-has-post-format-content et_post_format-et-post-format-standard\">\n<div class=\"post-header\">\n<h1 class=\"entry-title\">Prima cre\u015f\u0103 construit\u0103 de la zero \u00een Babadag se apropie de finalizare<\/h1>\n<div class=\"post-meta vcard\">\n<p>Posted by <a href=\"https:\/\/ziaruldelta.ro\/author\/nicoleta-urmuz\/\" class=\"url fn\" title=\"Posts by Nicoleta URMUZ\" rel=\"author\">Nicoleta URMUZ<\/a> | <span class=\"updated\">Jul 10, 2026<\/span> | <a href=\"https:\/\/ziaruldelta.ro\/category\/economie\/\" rel=\"tag\">Economie<\/a> | <\/p>\n<\/div>\n<\/div>\n<div class=\"post-thumbnail header\"><img decoding=\"async\" src=\"https:\/\/ziaruldelta.ro\/wp-content\/uploads\/2026\/07\/Prima-cresa-1280x640.jpg\" alt=\"Prima cre\u015f\u0103 construit\u0103 de la zero \u00een Babadag se apropie de finalizare\"><\/div>\n<div class=\"post-wrap\">\n<div class=\"post-content entry-content\">\n<p>Prima cre\u015f\u0103 construit\u0103 de la zero \u00een ora\u015ful Babadag dup\u0103 Revolu\u0163ie este aproape finalizat\u0103. Potrivit primarului ora\u015fului Babadag, Georgian Caraman, constructorul a anun\u0163at c\u0103 obiectivul va fi predat \u00eenainte de termen, de\u015fi acesta este stabilit pentru sf\u00e2r\u015fitul lunii iulie.<\/p>\n<p>Potrivit edilului, lucr\u0103rile la interior au fost deja \u00eencheiate, iar dot\u0103rile necesare func\u0163ion\u0103rii au fost aduse \u015fi urmeaz\u0103 s\u0103 fie montate. \u00cen aceast\u0103 perioad\u0103, echipele de muncitori lucreaz\u0103 la amenaj\u0103rile exterioare, care includ \u00eemprejmuirea obiectivului, montarea covoarelor din tartan \u00een spa\u0163iile de joac\u0103, amenajarea spa\u0163iilor verzi \u015fi realizarea locurilor de parcare.<\/p>\n<blockquote>\n<p><img loading=\"lazy\" decoding=\"async\" class=\"size-medium wp-image-37397 alignleft\" src=\"https:\/\/ziaruldelta.ro\/wp-content\/uploads\/2026\/07\/prima-cresa-2-404x610.jpg\" alt width=\"404\" height=\"610\">\u201eCu toate c\u0103 \u00een ultimii ani am traversat cu to\u0163ii o perioad\u0103 complicat\u0103, cu multiple provoc\u0103ri, lucrurile \u00een ora\u015ful nostru merg \u00eenainte, se finalizeaz\u0103 proiecte esen\u0163iale pentru comunitate, se depun documenta\u0163ii pentru proiecte viitoare. \u00cen aceste zile se finalizeaz\u0103 lucr\u0103rile la prima cre\u015f\u0103 construit\u0103 de la zero, de dup\u0103 revolu\u0163ie, cu toate dot\u0103rile necesare pentru func\u0163ionarea \u00een condi\u0163ii optime. Cu toate c\u0103 termenul de finalizare al lucr\u0103rilor este la sf\u00e2r\u015fitul acestei luni, constructorul a dat asigur\u0103ri c\u0103 va preda obiectivul \u00eenainte de termen. \u00cen acest moment lucr\u0103rile la interior au fost finalizate, dot\u0103rile au fost aduse si urmeaz\u0103 a fi montate. Acum se lucreaz\u0103 la exterior, se \u00eemprejmuie\u015fte obiectivul, se monteaz\u0103 covoarele din tartan la locurile de joac\u0103 \u015fi se amenajeaz\u0103 spa\u0163iul verde \u015fi locurile de parcare\u201d, a declarat primarul ora\u015fului Babadag, Georgian Caraman.<\/p>\n<\/blockquote>\n<p>\u00cen paralel cu lucr\u0103rile executate de constructor, Prim\u0103ria Babadag desf\u0103\u015foar\u0103 interven\u0163iile necesare pentru racordarea cl\u0103dirii la utilit\u0103\u0163i \u015fi pentru devierea unei conducte care traverseaz\u0103 terenul pe care a fost construit\u0103 cre\u015fa.<\/p>\n<blockquote>\n<p>\u201eConcomitent cu toate aceste lucr\u0103ri, Prim\u0103ria are obliga\u0163ia de a realiza recordurile la utilit\u0103\u0163i \u015fi se ocup\u0103 de devierea unei conducte care traverseaz\u0103 terenul pe care este construit\u0103 cre\u015fa. Consider c\u0103 astfel de proiecte sunt esen\u0163iale pentru o comunitate care se respect\u0103, o comunitate care prive\u015fte cu \u00eencredere c\u0103tre viitor. Acest proiect care se apropie cu pa\u015fi repezi de finalizare, vine \u00een completarea investi\u0163iilor realizate \u00een infrastructura educa\u0163ional\u0103 \u00een ultima perioad\u0103. A\u015fadar, cu implicare total\u0103, cu mult\u0103 putere de munc\u0103 \u015fi cu o echip\u0103 profesionist\u0103 al\u0103turi de mine, continu\u0103m dezvoltarea ora\u015fului nostru\u201d, a transmis edilul.<\/p>\n<\/blockquote>\n<\/div>\n<\/div>\n<div class=\"post-footer\">\n<div class=\"social-icons ed-social-share-icons\">\n<p class=\"share-title\">Share:<\/p>\n<\/div>\n<div class=\"rating-stars\">\n<p id=\"rate-title\" class=\"rate-title\">Rate:<\/p>\n<\/div>\n<\/div>\n<\/article>\n<div class=\"post-content entry-content\">\n<p>Prima cre\u015f\u0103 construit\u0103 de la zero \u00een ora\u015ful Babadag dup\u0103 Revolu\u0163ie este aproape finalizat\u0103. Potrivit primarului ora\u015fului Babadag, Georgian Caraman, constructorul a anun\u0163at c\u0103 obiectivul va fi predat \u00eenainte de termen, de\u015fi acesta este stabilit pentru sf\u00e2r\u015fitul lunii iulie.<\/p>\n<p>Potrivit edilului, lucr\u0103rile la interior au fost deja \u00eencheiate, iar dot\u0103rile necesare func\u0163ion\u0103rii au fost aduse \u015fi urmeaz\u0103 s\u0103 fie montate. \u00cen aceast\u0103 perioad\u0103, echipele de muncitori lucreaz\u0103 la amenaj\u0103rile exterioare, care includ \u00eemprejmuirea obiectivului, montarea covoarelor din tartan \u00een spa\u0163iile de joac\u0103, amenajarea spa\u0163iilor verzi \u015fi realizarea locurilor de parcare.<\/p>\n<blockquote>\n<p><img loading=\"lazy\" decoding=\"async\" class=\"size-medium wp-image-37397 alignleft\" src=\"https:\/\/ziaruldelta.ro\/wp-content\/uploads\/2026\/07\/prima-cresa-2-404x610.jpg\" alt width=\"404\" height=\"610\">\u201eCu toate c\u0103 \u00een ultimii ani am traversat cu to\u0163ii o perioad\u0103 complicat\u0103, cu multiple provoc\u0103ri, lucrurile \u00een ora\u015ful nostru merg \u00eenainte, se finalizeaz\u0103 proiecte esen\u0163iale pentru comunitate, se depun documenta\u0163ii pentru proiecte viitoare. \u00cen aceste zile se finalizeaz\u0103 lucr\u0103rile la prima cre\u015f\u0103 construit\u0103 de la zero, de dup\u0103 revolu\u0163ie, cu toate dot\u0103rile necesare pentru func\u0163ionarea \u00een condi\u0163ii optime. Cu toate c\u0103 termenul de finalizare al lucr\u0103rilor este la sf\u00e2r\u015fitul acestei luni, constructorul a dat asigur\u0103ri c\u0103 va preda obiectivul \u00eenainte de termen. \u00cen acest moment lucr\u0103rile la interior au fost finalizate, dot\u0103rile au fost aduse si urmeaz\u0103 a fi montate. Acum se lucreaz\u0103 la exterior, se \u00eemprejmuie\u015fte obiectivul, se monteaz\u0103 covoarele din tartan la locurile de joac\u0103 \u015fi se amenajeaz\u0103 spa\u0163iul verde \u015fi locurile de parcare\u201d, a declarat primarul ora\u015fului Babadag, Georgian Caraman.<\/p>\n<\/blockquote>\n<p>\u00cen paralel cu lucr\u0103rile executate de constructor, Prim\u0103ria Babadag desf\u0103\u015foar\u0103 interven\u0163iile necesare pentru racordarea cl\u0103dirii la utilit\u0103\u0163i \u015fi pentru devierea unei conducte care traverseaz\u0103 terenul pe care a fost construit\u0103 cre\u015fa.<\/p>\n<blockquote>\n<p>\u201eConcomitent cu toate aceste lucr\u0103ri, Prim\u0103ria are obliga\u0163ia de a realiza recordurile la utilit\u0103\u0163i \u015fi se ocup\u0103 de devierea unei conducte care traverseaz\u0103 terenul pe care este construit\u0103 cre\u015fa. Consider c\u0103 astfel de proiecte sunt esen\u0163iale pentru o comunitate care se respect\u0103, o comunitate care prive\u015fte cu \u00eencredere c\u0103tre viitor. Acest proiect care se apropie cu pa\u015fi repezi de finalizare, vine \u00een completarea investi\u0163iilor realizate \u00een infrastructura educa\u0163ional\u0103 \u00een ultima perioad\u0103. A\u015fadar, cu implicare total\u0103, cu mult\u0103 putere de munc\u0103 \u015fi cu o echip\u0103 profesionist\u0103 al\u0103turi de mine, continu\u0103m dezvoltarea ora\u015fului nostru\u201d, a transmis edilul.<\/p>\n<\/blockquote>\n<\/div>\n<div class=\"post-content entry-content\">\n<p>Prima cre\u015f\u0103 construit\u0103 de la zero \u00een ora\u015ful Babadag dup\u0103 Revolu\u0163ie este aproape finalizat\u0103. Potrivit primarului ora\u015fului Babadag, Georgian Caraman, constructorul a anun\u0163at c\u0103 obiectivul va fi predat \u00eenainte de termen, de\u015fi acesta este stabilit pentru sf\u00e2r\u015fitul lunii iulie.<\/p>\n<p>Potrivit edilului, lucr\u0103rile la interior au fost deja \u00eencheiate, iar dot\u0103rile necesare func\u0163ion\u0103rii au fost aduse \u015fi urmeaz\u0103 s\u0103 fie montate. \u00cen aceast\u0103 perioad\u0103, echipele de muncitori lucreaz\u0103 la amenaj\u0103rile exterioare, care includ \u00eemprejmuirea obiectivului, montarea covoarelor din tartan \u00een spa\u0163iile de joac\u0103, amenajarea spa\u0163iilor verzi \u015fi realizarea locurilor de parcare.<\/p>\n<blockquote>\n<p><img loading=\"lazy\" decoding=\"async\" class=\"size-medium wp-image-37397 alignleft\" src=\"https:\/\/ziaruldelta.ro\/wp-content\/uploads\/2026\/07\/prima-cresa-2-404x610.jpg\" alt width=\"404\" height=\"610\">\u201eCu toate c\u0103 \u00een ultimii ani am traversat cu to\u0163ii o perioad\u0103 complicat\u0103, cu multiple provoc\u0103ri, lucrurile \u00een ora\u015ful nostru merg \u00eenainte, se finalizeaz\u0103 proiecte esen\u0163iale pentru comunitate, se depun documenta\u0163ii pentru proiecte viitoare. \u00cen aceste zile se finalizeaz\u0103 lucr\u0103rile la prima cre\u015f\u0103 construit\u0103 de la zero, de dup\u0103 revolu\u0163ie, cu toate dot\u0103rile necesare pentru func\u0163ionarea \u00een condi\u0163ii optime. Cu toate c\u0103 termenul de finalizare al lucr\u0103rilor este la sf\u00e2r\u015fitul acestei luni, constructorul a dat asigur\u0103ri c\u0103 va preda obiectivul \u00eenainte de termen. \u00cen acest moment lucr\u0103rile la interior au fost finalizate, dot\u0103rile au fost aduse si urmeaz\u0103 a fi montate. Acum se lucreaz\u0103 la exterior, se \u00eemprejmuie\u015fte obiectivul, se monteaz\u0103 covoarele din tartan la locurile de joac\u0103 \u015fi se amenajeaz\u0103 spa\u0163iul verde \u015fi locurile de parcare\u201d, a declarat primarul ora\u015fului Babadag, Georgian Caraman.<\/p>\n<\/blockquote>\n<p>\u00cen paralel cu lucr\u0103rile executate de constructor, Prim\u0103ria Babadag desf\u0103\u015foar\u0103 interven\u0163iile necesare pentru racordarea cl\u0103dirii la utilit\u0103\u0163i \u015fi pentru devierea unei conducte care traverseaz\u0103 terenul pe care a fost construit\u0103 cre\u015fa.<\/p>\n<blockquote>\n<p>\u201eConcomitent cu toate aceste lucr\u0103ri, Prim\u0103ria are obliga\u0163ia de a realiza recordurile la utilit\u0103\u0163i \u015fi se ocup\u0103 de devierea unei conducte care traverseaz\u0103 terenul pe care este construit\u0103 cre\u015fa. Consider c\u0103 astfel de proiecte sunt esen\u0163iale pentru o comunitate care se respect\u0103, o comunitate care prive\u015fte cu \u00eencredere c\u0103tre viitor. Acest proiect care se apropie cu pa\u015fi repezi de finalizare, vine \u00een completarea investi\u0163iilor realizate \u00een infrastructura educa\u0163ional\u0103 \u00een ultima perioad\u0103. A\u015fadar, cu implicare total\u0103, cu mult\u0103 putere de munc\u0103 \u015fi cu o echip\u0103 profesionist\u0103 al\u0103turi de mine, continu\u0103m dezvoltarea ora\u015fului nostru\u201d, a transmis edilul.<\/p>\n<\/blockquote>\n<\/div>\n<p>[analyse_source url=&#8221;https:\/\/ziaruldelta.ro\/2026\/07\/10\/prima-cresa-construita-de-la-zero-in-babadag-se-apropie-de-finalizare\/&#8221;]<\/p>\n","protected":false},"excerpt":{"rendered":"<p>[analyse_image type=&#8221;featured&#8221; src=&#8221;https:\/\/ziaruldelta.ro\/wp-content\/uploads\/2026\/07\/Prima-cresa-e1783602637527.jpg&#8221;] Prima cre\u015f\u0103 construit\u0103 de la zero \u00een Babadag se apropie de finalizare Posted by Nicoleta URMUZ | Jul 10, 2026 | Economie | Prima cre\u015f\u0103 construit\u0103 de la zero \u00een ora\u015ful Babadag dup\u0103 Revolu\u0163ie este aproape finalizat\u0103. Potrivit primarului ora\u015fului Babadag, Georgian Caraman, constructorul a anun\u0163at c\u0103 obiectivul va fi predat \u00eenainte [&hellip;]<\/p>\n","protected":false},"author":1,"featured_media":0,"comment_status":"open","ping_status":"","sticky":false,"template":"","format":"standard","meta":{"footnotes":""},"categories":[89],"tags":[226,206],"class_list":["post-2037028","post","type-post","status-publish","format-standard","hentry","category-romania","tag-crawlmanager","tag-ziaruldelta-ro"],"_links":{"self":[{"href":"https:\/\/analyse.optim.biz\/index.php?rest_route=\/wp\/v2\/posts\/2037028","targetHints":{"allow":["GET"]}}],"collection":[{"href":"https:\/\/analyse.optim.biz\/index.php?rest_route=\/wp\/v2\/posts"}],"about":[{"href":"https:\/\/analyse.optim.biz\/index.php?rest_route=\/wp\/v2\/types\/post"}],"author":[{"embeddable":true,"href":"https:\/\/analyse.optim.biz\/index.php?rest_route=\/wp\/v2\/users\/1"}],"replies":[{"embeddable":true,"href":"https:\/\/analyse.optim.biz\/index.php?rest_route=%2Fwp%2Fv2%2Fcomments&post=2037028"}],"version-history":[{"count":0,"href":"https:\/\/analyse.optim.biz\/index.php?rest_route=\/wp\/v2\/posts\/2037028\/revisions"}],"wp:attachment":[{"href":"https:\/\/analyse.optim.biz\/index.php?rest_route=%2Fwp%2Fv2%2Fmedia&parent=2037028"}],"wp:term":[{"taxonomy":"category","embeddable":true,"href":"https:\/\/analyse.optim.biz\/index.php?rest_route=%2Fwp%2Fv2%2Fcategories&post=2037028"},{"taxonomy":"post_tag","embeddable":true,"href":"https:\/\/analyse.optim.biz\/index.php?rest_route=%2Fwp%2Fv2%2Ftags&post=2037028"}],"curies":[{"name":"wp","href":"https:\/\/api.w.org\/{rel}","templated":true}]}}