{"id":2036942,"date":"2026-07-10T13:40:21","date_gmt":"2026-07-10T10:40:21","guid":{"rendered":"https:\/\/analyse.optim.biz\/?p=2036942"},"modified":"2026-07-10T13:40:21","modified_gmt":"2026-07-10T10:40:21","slug":"barbat-beat-crita-la-volan-prins-de-politisti-dupa-ce-tatal-sau-l-a-reclamat-la-112-stiri-suceava","status":"publish","type":"post","link":"https:\/\/analyse.optim.biz\/?p=2036942","title":{"rendered":"B\u0103rbat beat cri\u021b\u0103 la volan, prins de poli\u021bi\u0219ti dup\u0103 ce tat\u0103l s\u0103u l-a reclamat la 112 &#8211; Stiri Suceava"},"content":{"rendered":"<p>[analyse_image type=&#8221;featured&#8221; src=&#8221;https:\/\/www.informatiata.ro\/wp-content\/uploads\/2026\/07\/Screenshot_20260710_164437-1024&#215;857.jpg&#8221;]<\/p>\n<div class=\"td-post-content tagdiv-type\">\n<div class=\"td-post-featured-image\"><a href=\"https:\/\/www.informatiata.ro\/wp-content\/uploads\/2026\/07\/Screenshot_20260710_164437-scaled.jpg\" data-caption><img loading=\"lazy\" decoding=\"async\" width=\"696\" height=\"582\" class=\"entry-thumb td-modal-image\" src=\"https:\/\/www.informatiata.ro\/wp-content\/uploads\/2026\/07\/Screenshot_20260710_164437-696x582.jpg\" alt title=\"Screenshot_20260710_164437\"><img loading=\"lazy\" decoding=\"async\" width=\"696\" height=\"582\" class=\"entry-thumb td-modal-image\" src=\"https:\/\/www.informatiata.ro\/wp-content\/uploads\/2026\/07\/Screenshot_20260710_164437-696x582.jpg\" alt title=\"Screenshot_20260710_164437\"><\/a><\/div>\n<p>B\u0103rbat beat cri\u021b\u0103 la volan, prins de poli\u021bi\u0219ti dup\u0103 ce tat\u0103l s\u0103u l-a reclamat la 112. B\u0103tr\u00e2nul de 70 de ani nu l-a putut opri pe fiu s\u0103 nu plece spre Roman cu ma\u0219ina \u00een ciuda faptului c\u0103 era beat \u0219i a anun\u021bat Poli\u021bia. <\/p>\n<p>La data de 9 iulie, ora 20:33, un b\u0103rbat de 70 de ani din Moldovi\u021ba a apelat la 112, sesiz\u00e2nd faptul c\u0103 are divergen\u021be cu fiul s\u0103u pe fondul consumului de alcool. <\/p>\n<div class=\"td-a-rec td-a-rec-id-content_inlineright  tdi_7 td_block_template_1\"><img loading=\"lazy\" decoding=\"async\" class=\"aligncenter size-full wp-image-65536\" src=\"https:\/\/www.informatiata.ro\/wp-content\/uploads\/2026\/07\/SAVCOM-4.gif\" alt width=\"299\" height=\"250\"><img loading=\"lazy\" decoding=\"async\" class=\"aligncenter size-full wp-image-65536\" src=\"https:\/\/www.informatiata.ro\/wp-content\/uploads\/2026\/07\/SAVCOM-4.gif\" alt width=\"299\" height=\"250\"><img loading=\"lazy\" decoding=\"async\" class=\"aligncenter size-full wp-image-65537\" src=\"https:\/\/www.informatiata.ro\/wp-content\/uploads\/2026\/07\/FACOS-3.gif\" alt width=\"300\" height=\"250\"><img loading=\"lazy\" decoding=\"async\" class=\"aligncenter size-full wp-image-65537\" src=\"https:\/\/www.informatiata.ro\/wp-content\/uploads\/2026\/07\/FACOS-3.gif\" alt width=\"300\" height=\"250\"><\/div>\n<p>B\u0103rbatul de 43 de ani consumase b\u0103uturi alcoolice \u00een cursul zilei \u0219i inten\u021biona s\u0103 plece cu ma\u0219ina personal\u0103 spre municipiul Roman.<\/p>\n<p>Poli\u021bi\u0219tii Sec\u021biei 14 Poli\u021bie Rural\u0103 Vama s-au deplasat de urgen\u021b\u0103 la fa\u021ba locului, au aplanat conflictul familial \u0219i i-au atras aten\u021bia fiului asupra riscurilor \u0219i consecin\u021belor conducerii sub influen\u021ba alcoolului.<\/p>\n<p>Ulterior, suspect\u00e2nd c\u0103 b\u0103rbatul ar putea pleca totu\u0219i cu ma\u0219ina, poli\u021bi\u0219tii au efectuat patrul\u0103ri \u00een zon\u0103.<\/p>\n<p> \u00cen jurul orei 00:35 (10 iulie), au observat autoturismul oprit pe un drum adiacent DJ 176, iar pu\u021bin mai t\u00e2rziu l-au prins \u00een trafic pe DJ 176, \u00eentre Moldovi\u021ba \u0219i Vatra Moldovi\u021bei.<\/p>\n<p>La testarea cu etilometrul, conduc\u0103torul a prezentat o concentra\u021bie de 0,80 mg\/l alcool pur \u00een aerul expirat. <\/p>\n<p>\u0218oferul a fost condus la Spitalul Municipal C\u00e2mpulung Moldovenesc, unde i-au fost prelevate probe biologice de s\u00e2nge cu acordul s\u0103u.<\/p>\n<p>\u00cen cauz\u0103 a fost \u00eentocmit dosar penal sub aspectul s\u0103v\u00e2r\u0219irii infrac\u021biunii de conducere a unui vehicul sub influen\u021ba alcoolului. Dosarul va fi \u00eenaintat Parchetului de pe l\u00e2ng\u0103 Judec\u0103toria C\u00e2mpulung Moldovenesc.<\/p>\n<\/div>\n<p>[analyse_source url=&#8221;https:\/\/www.informatiata.ro\/prins-beat-la-volan-pt-ca-tata-a-sunat-la-112\/&#8221;]<\/p>\n","protected":false},"excerpt":{"rendered":"<p>[analyse_image type=&#8221;featured&#8221; src=&#8221;https:\/\/www.informatiata.ro\/wp-content\/uploads\/2026\/07\/Screenshot_20260710_164437-1024&#215;857.jpg&#8221;] B\u0103rbat beat cri\u021b\u0103 la volan, prins de poli\u021bi\u0219ti dup\u0103 ce tat\u0103l s\u0103u l-a reclamat la 112. B\u0103tr\u00e2nul de 70 de ani nu l-a putut opri pe fiu s\u0103 nu plece spre Roman cu ma\u0219ina \u00een ciuda faptului c\u0103 era beat \u0219i a anun\u021bat Poli\u021bia. La data de 9 iulie, ora 20:33, un [&hellip;]<\/p>\n","protected":false},"author":1,"featured_media":0,"comment_status":"open","ping_status":"","sticky":false,"template":"","format":"standard","meta":{"footnotes":""},"categories":[89],"tags":[226,167],"class_list":["post-2036942","post","type-post","status-publish","format-standard","hentry","category-romania","tag-crawlmanager","tag-informatiata-ro"],"_links":{"self":[{"href":"https:\/\/analyse.optim.biz\/index.php?rest_route=\/wp\/v2\/posts\/2036942","targetHints":{"allow":["GET"]}}],"collection":[{"href":"https:\/\/analyse.optim.biz\/index.php?rest_route=\/wp\/v2\/posts"}],"about":[{"href":"https:\/\/analyse.optim.biz\/index.php?rest_route=\/wp\/v2\/types\/post"}],"author":[{"embeddable":true,"href":"https:\/\/analyse.optim.biz\/index.php?rest_route=\/wp\/v2\/users\/1"}],"replies":[{"embeddable":true,"href":"https:\/\/analyse.optim.biz\/index.php?rest_route=%2Fwp%2Fv2%2Fcomments&post=2036942"}],"version-history":[{"count":0,"href":"https:\/\/analyse.optim.biz\/index.php?rest_route=\/wp\/v2\/posts\/2036942\/revisions"}],"wp:attachment":[{"href":"https:\/\/analyse.optim.biz\/index.php?rest_route=%2Fwp%2Fv2%2Fmedia&parent=2036942"}],"wp:term":[{"taxonomy":"category","embeddable":true,"href":"https:\/\/analyse.optim.biz\/index.php?rest_route=%2Fwp%2Fv2%2Fcategories&post=2036942"},{"taxonomy":"post_tag","embeddable":true,"href":"https:\/\/analyse.optim.biz\/index.php?rest_route=%2Fwp%2Fv2%2Ftags&post=2036942"}],"curies":[{"name":"wp","href":"https:\/\/api.w.org\/{rel}","templated":true}]}}