{"id":203670,"date":"2014-06-04T03:52:39","date_gmt":"2014-06-04T00:52:39","guid":{"rendered":"https:\/\/analyse.optim.biz\/?p=203670"},"modified":"2014-06-04T03:52:39","modified_gmt":"2014-06-04T00:52:39","slug":"vasile-blaga-se-intalneste-cu-joseph-daul-presedintele-partidului-popular-european","status":"publish","type":"post","link":"https:\/\/analyse.optim.biz\/?p=203670","title":{"rendered":"Vasile Blaga se \u00eent\u00e2lne\u015fte cu Joseph Daul, pre\u015fedintele Partidului Popular European"},"content":{"rendered":"<div class=\"entry data-app-meta data-app-meta-article\" data-embed-base-url-canonical=\"https:\/\/www.digi24.ro\/embed\/stiri\/actualitate\/politica\/vasile-blaga-se-intalneste-cu-joseph-daul-presedintele-partidului-popular-european-251846\">\n<p data-index=\"1\"><span><strong>Pre\u015fedintele Partidului Democrat Liberal, Vasile Blaga, se \u00eent\u00e2lne\u015fte miercuri la Bruxelles cu Joseph Daul, pre\u015fedintele Partidului Popular European.<\/strong><\/span><\/p>\n<p data-index=\"2\"><img decoding=\"async\" src=\"https:\/\/analyse.optim.biz\/wp-content\/uploads\/2024\/09\/agfzad00mwe2zmy4n2vjodljy2e4ngyyntbhztzintk4oddimw-thumb_.jpg\" data-skip-htmlfix=\"1\" title=\"agfzad00mwe2zmy4n2vjodljy2e4ngyyntbhztzintk4oddimw-thumb_\"><\/p>\n<p data-index=\"3\"><span><strong><a href=\"http:\/\/www.epp.eu\/\" target=\"_blank\" data-skip-linkfix=\"1\" rel=\"noopener\">FOTO: epp.eu<\/a><\/strong><\/span><\/p>\n<p data-index=\"4\">\u00cent\u00e2lnirea liderilor vine pe fondul discu\u0163iilor despre <a href=\"https:\/\/www.digi24.ro\/Stiri\/Digi24\/Actualitate\/Politica\/Negocieri+cu+scantei+intre+PNL+si+PDL\" target=\"_blank\" data-skip-linkfix=\"1\" rel=\"noopener\"><strong>fuziunea dintre PNL \u015fi PDL<\/strong><\/a> \u015fi <a href=\"https:\/\/www.digi24.ro\/Stiri\/Digi24\/Actualitate\/Politica\/Liberalii+cer+afilierea+la+PPE+Ideea+vehiculata+inca+din+2012+nu\" target=\"_blank\" data-skip-linkfix=\"1\" rel=\"noopener\"><strong>demersurile liberalilor de aderare la PPE<\/strong><\/a>.<\/p>\n<p data-index=\"5\">Noii europarlamentari liberali s-au al\u0103turat deja delega\u0163iei Rom\u00e2niei care va merge \u00een grupul popularilor europeni, iar <a href=\"https:\/\/www.digi24.ro\/Stiri\/Digi24\/Actualitate\/Politica\/Delegatia+deputatilor+PPE+din+Romania+va+fi+condusa+de+Theodor+S\" target=\"_blank\" data-skip-linkfix=\"1\" rel=\"noopener\"><strong>Adina V\u0103lean a fost aleas\u0103 co-pre\u015fedinte al delega\u0163iei al\u0103turi de Theodor Stolojan<\/strong><\/a>.<\/p>\n<p data-index=\"6\">Din acest grup fac parte 15 membri.<\/p>\n<p data-index=\"7\">Al\u0103turi de reprezentan\u0163ii PDL, PNL \u015fi UDMR, din delega\u0163ie mai fac parte \u015fi eurodeputa\u0163ii <strong>Partidului Mi\u015fcarea Popular\u0103<\/strong>.<\/p>\n<\/div>\n<p> Source URL: https:\/\/www.digi24.ro\/stiri\/actualitate\/politica\/vasile-blaga-se-intalneste-cu-joseph-daul-presedintele-partidului-popular-european-251846<\/p>\n","protected":false},"excerpt":{"rendered":"<p>Pre\u015fedintele Partidului Democrat Liberal, Vasile Blaga, se \u00eent\u00e2lne\u015fte miercuri la Bruxelles cu Joseph Daul, pre\u015fedintele Partidului Popular European. FOTO: epp.eu \u00cent\u00e2lnirea liderilor vine pe fondul discu\u0163iilor despre fuziunea dintre PNL \u015fi PDL \u015fi demersurile liberalilor de aderare la PPE. Noii europarlamentari liberali s-au al\u0103turat deja delega\u0163iei Rom\u00e2niei care va merge \u00een grupul popularilor europeni, iar [&hellip;]<\/p>\n","protected":false},"author":1,"featured_media":203671,"comment_status":"open","ping_status":"","sticky":false,"template":"","format":"standard","meta":{"footnotes":""},"categories":[2],"tags":[11],"class_list":["post-203670","post","type-post","status-publish","format-standard","has-post-thumbnail","hentry","category-politics","tag-digi24"],"_links":{"self":[{"href":"https:\/\/analyse.optim.biz\/index.php?rest_route=\/wp\/v2\/posts\/203670","targetHints":{"allow":["GET"]}}],"collection":[{"href":"https:\/\/analyse.optim.biz\/index.php?rest_route=\/wp\/v2\/posts"}],"about":[{"href":"https:\/\/analyse.optim.biz\/index.php?rest_route=\/wp\/v2\/types\/post"}],"author":[{"embeddable":true,"href":"https:\/\/analyse.optim.biz\/index.php?rest_route=\/wp\/v2\/users\/1"}],"replies":[{"embeddable":true,"href":"https:\/\/analyse.optim.biz\/index.php?rest_route=%2Fwp%2Fv2%2Fcomments&post=203670"}],"version-history":[{"count":0,"href":"https:\/\/analyse.optim.biz\/index.php?rest_route=\/wp\/v2\/posts\/203670\/revisions"}],"wp:featuredmedia":[{"embeddable":true,"href":"https:\/\/analyse.optim.biz\/index.php?rest_route=\/wp\/v2\/media\/203671"}],"wp:attachment":[{"href":"https:\/\/analyse.optim.biz\/index.php?rest_route=%2Fwp%2Fv2%2Fmedia&parent=203670"}],"wp:term":[{"taxonomy":"category","embeddable":true,"href":"https:\/\/analyse.optim.biz\/index.php?rest_route=%2Fwp%2Fv2%2Fcategories&post=203670"},{"taxonomy":"post_tag","embeddable":true,"href":"https:\/\/analyse.optim.biz\/index.php?rest_route=%2Fwp%2Fv2%2Ftags&post=203670"}],"curies":[{"name":"wp","href":"https:\/\/api.w.org\/{rel}","templated":true}]}}