{"id":2036423,"date":"2026-07-10T00:00:00","date_gmt":"2026-07-09T21:00:00","guid":{"rendered":"https:\/\/analyse.optim.biz\/?p=2036423"},"modified":"2026-07-10T00:00:00","modified_gmt":"2026-07-09T21:00:00","slug":"paradoxul-de-la-casimcea-confort-electric-de-lux-pe-bani-grei-in-timp-ce-siguranta-comunitatii-se-stinge-cu-second-hand","status":"publish","type":"post","link":"https:\/\/analyse.optim.biz\/?p=2036423","title":{"rendered":"Paradoxul de la Casimcea: Confort electric de lux pe bani grei, \u00een timp ce siguran\u021ba comunit\u0103\u021bii se stinge cu \u201esecond hand\u201d"},"content":{"rendered":"<p>[analyse_image type=&#8221;featured&#8221; src=&#8221;https:\/\/ziaruldetulcea.ro\/wp-content\/uploads\/2026\/07\/Gemini_Generated_Image_4ox9gw4ox9gw4ox9-640&#215;300.png&#8221;]<\/p>\n<div class=\"post\">\n<p dir=\"ltr\"><span><img loading=\"lazy\" decoding=\"async\" class=\"alignleft size-full wp-image-43808\" src=\"https:\/\/ziaruldetulcea.ro\/wp-content\/uploads\/2026\/07\/Gemini_Generated_Image_4ox9gw4ox9gw4ox9.png\" alt width=\"1365\" height=\"768\">O analiz\u0103 critic\u0103 asupra priorit\u0103\u021bilor financiare din administra\u021bia local\u0103 scoate la iveal\u0103 un contrast izbitor. \u00cen plin\u0103 criz\u0103 bugetar\u0103 na\u021bional\u0103, \u00een care premierul Ilie Bolojan cere insistent t\u0103ieri masive de costuri, reducerea aparatului administrativ \u0219i eliminarea cheltuielilor inutile cu flotele auto din institu\u021bii, Prim\u0103ria Casimcea a ales s\u0103 bifeze o achizi\u021bie public\u0103 greu de justificat moral: un SUV electric de lux.<\/span><\/p>\n<p dir=\"ltr\"><span>Lux chinezesc pe banii contribuabililor<\/span><\/p>\n<p><img loading=\"lazy\" decoding=\"async\" class=\"alignleft size-full wp-image-43809\" src=\"https:\/\/ziaruldetulcea.ro\/wp-content\/uploads\/2026\/07\/1748516978683840725e1fa.jpg\" alt width=\"400\" height=\"200\"><\/p>\n<p dir=\"ltr\"><span>Prin atribuire direct\u0103, institu\u021bia condus\u0103 de primarul Gheorghe \u021ailinc\u0103 a cump\u0103rat un BYD SEALION. Pre\u021bul? Nu mai pu\u021bin de 197.463 RON (aproximativ 39.400 EUR).<\/span><\/p>\n<p dir=\"ltr\"><span>\u00cen timp ce cet\u0103\u021benilor li se recomand\u0103 str\u00e2ngerea curelei, ale\u0219ii locali se vor deplasa la ad\u0103postul unor specifica\u021bii demne de segmentul premium:<\/span><\/p>\n<p>\u00a0<\/p>\n<p dir=\"ltr\"><span>* O herghelie electric\u0103 de 313 Cai Putere (230 kW).<\/span><\/p>\n<p dir=\"ltr\"><span>* Un ecran tactil inteligent \u0219i rotativ de 15.6 inch.<\/span><\/p>\n<p dir=\"ltr\"><span>* Interior futurist, izolare fonic\u0103 avansat\u0103 \u0219i o baterie Blade de 82.5 kWh, conceput\u0103 pentru confortul deplas\u0103rilor lungi \u0219i line.<\/span><\/p>\n<p dir=\"ltr\"><span>Aparatul administrativ local va rula, a\u0219adar, pe un covor de tehnologie fin\u0103, finan\u021bat integral din buzunarele publice.<\/span><\/p>\n<p>\u00a0<\/p>\n<p dir=\"ltr\"><span>\u00a0Siguran\u021ba cet\u0103\u021benilor, cump\u0103rat\u0103 \u201ela m\u00e2na a doua\u201d<\/span><\/p>\n<p dir=\"ltr\"><span>Adev\u0103ratul gust amar apare atunci c\u00e2nd compar\u0103m aceast\u0103 achizi\u021bie cu o alt\u0103 investi\u021bie, mult mai important\u0103 pentru comunitate. Cu doar un an \u00eenainte, Prim\u0103ria cump\u0103ra o ma\u0219in\u0103 de pompieri adus\u0103 la m\u00e2na a doua din Austria pentru a stinge incendiile ce devastau p\u0103\u0219unile comunei.<\/span><\/p>\n<p dir=\"ltr\"><span>Pre\u021bul autospecialei salvatoare? Doar 32.000 de euro. Timp de ani de zile, voluntarii din Casimcea au fost nevoi\u021bi s\u0103 sting\u0103 fl\u0103c\u0103rile improvizat, cu o vidanj\u0103 remorcat\u0103 de un tractor, din lips\u0103 de fonduri. C\u00e2nd \u00een sf\u00e2r\u0219it s-au g\u0103sit bani printr-o rectificare bugetar\u0103, s-a cump\u0103rat un vehicul rulat. \u00cen schimb, pentru confortul zilnic al prim\u0103riei, s-au g\u0103sit instant aproape 40.000 de euro pentru un SUV electric nou-nou\u021b.<\/span><\/p>\n<p>\u00a0<\/p>\n<p dir=\"ltr\"><span>\u00a0Sfidarea \u00eendemnurilor Guvernului Bolojan<\/span><\/p>\n<p>\u00a0<\/p>\n<p dir=\"ltr\"><span>Aceast\u0103 achizi\u021bie este o palm\u0103 b\u0103tut\u0103 pe obrazul reformei administrative promovate de la Bucure\u0219ti. Premierul Ilie Bolojan a oferit un exemplu personal la Guvern, reduc\u00e2nd la jum\u0103tate num\u0103rul de ma\u0219ini oficiale, anul\u00e2nd contracte de \u00eenchiriere de lux \u0219i cer\u00e2nd imperativ ca institu\u021biile publice s\u0103 \u00ee\u0219i reduc\u0103 cheltuielile cu minimum 10-25%.<\/span><\/p>\n<p dir=\"ltr\"><span>La Casimcea, ecoul austerit\u0103\u021bii s-a transformat \u00een zgomot de motor electric de 230 kW. \u00centr-o comun\u0103 \u00een care siguran\u021ba la incendiu a valorat 32.000 de euro (o ma\u0219in\u0103 second-hand din Austria), deplasarea edililor a primit prioritate maxim\u0103, fiind evaluat\u0103 la aproape 40.000 de euro. O dispropor\u021bie crunt\u0103 care arat\u0103 c\u0103, uneori, confortul celor din birouri c\u00e2nt\u0103re\u0219te mai greu dec\u00e2t siguran\u021ba celor din teren.<\/span><\/p>\n<p>\u00a0<\/p>\n<\/div>\n<p>[analyse_source url=&#8221;https:\/\/ziaruldetulcea.ro\/paradoxul-de-la-casimcea-confort-electric-de-lux-pe-bani-grei-in-timp-ce-siguranta-comunitatii-se-stinge-cu-second-hand\/&#8221;]<\/p>\n","protected":false},"excerpt":{"rendered":"<p>[analyse_image type=&#8221;featured&#8221; src=&#8221;https:\/\/ziaruldetulcea.ro\/wp-content\/uploads\/2026\/07\/Gemini_Generated_Image_4ox9gw4ox9gw4ox9-640&#215;300.png&#8221;] O analiz\u0103 critic\u0103 asupra priorit\u0103\u021bilor financiare din administra\u021bia local\u0103 scoate la iveal\u0103 un contrast izbitor. \u00cen plin\u0103 criz\u0103 bugetar\u0103 na\u021bional\u0103, \u00een care premierul Ilie Bolojan cere insistent t\u0103ieri masive de costuri, reducerea aparatului administrativ \u0219i eliminarea cheltuielilor inutile cu flotele auto din institu\u021bii, Prim\u0103ria Casimcea a ales s\u0103 bifeze o achizi\u021bie public\u0103 [&hellip;]<\/p>\n","protected":false},"author":1,"featured_media":0,"comment_status":"open","ping_status":"","sticky":false,"template":"","format":"standard","meta":{"footnotes":""},"categories":[89],"tags":[226,205],"class_list":["post-2036423","post","type-post","status-publish","format-standard","hentry","category-romania","tag-crawlmanager","tag-ziaruldetulcea-ro"],"_links":{"self":[{"href":"https:\/\/analyse.optim.biz\/index.php?rest_route=\/wp\/v2\/posts\/2036423","targetHints":{"allow":["GET"]}}],"collection":[{"href":"https:\/\/analyse.optim.biz\/index.php?rest_route=\/wp\/v2\/posts"}],"about":[{"href":"https:\/\/analyse.optim.biz\/index.php?rest_route=\/wp\/v2\/types\/post"}],"author":[{"embeddable":true,"href":"https:\/\/analyse.optim.biz\/index.php?rest_route=\/wp\/v2\/users\/1"}],"replies":[{"embeddable":true,"href":"https:\/\/analyse.optim.biz\/index.php?rest_route=%2Fwp%2Fv2%2Fcomments&post=2036423"}],"version-history":[{"count":0,"href":"https:\/\/analyse.optim.biz\/index.php?rest_route=\/wp\/v2\/posts\/2036423\/revisions"}],"wp:attachment":[{"href":"https:\/\/analyse.optim.biz\/index.php?rest_route=%2Fwp%2Fv2%2Fmedia&parent=2036423"}],"wp:term":[{"taxonomy":"category","embeddable":true,"href":"https:\/\/analyse.optim.biz\/index.php?rest_route=%2Fwp%2Fv2%2Fcategories&post=2036423"},{"taxonomy":"post_tag","embeddable":true,"href":"https:\/\/analyse.optim.biz\/index.php?rest_route=%2Fwp%2Fv2%2Ftags&post=2036423"}],"curies":[{"name":"wp","href":"https:\/\/api.w.org\/{rel}","templated":true}]}}