{"id":2036408,"date":"2026-07-09T11:19:41","date_gmt":"2026-07-09T08:19:41","guid":{"rendered":"https:\/\/analyse.optim.biz\/?p=2036408"},"modified":"2026-07-09T11:19:41","modified_gmt":"2026-07-09T08:19:41","slug":"garana-jazz-festival-sarbatoreste-30-de-ani-cu-artisti-din-11-tari","status":"publish","type":"post","link":"https:\/\/analyse.optim.biz\/?p=2036408","title":{"rendered":"G\u0103r\u00e2na Jazz Festival s\u0103rb\u0103tore\u0219te 30 de ani cu arti\u0219ti din 11 \u021b\u0103ri"},"content":{"rendered":"<p>[analyse_image type=&#8221;featured&#8221; src=&#8221;https:\/\/orasul-timisoara.ro\/wp-content\/uploads\/2026\/07\/Screenshot-2026-07-09-at-13.52.15.jpg&#8221;]<\/p>\n<article id=\"post-39590\" class=\"td-post-template-7 post-39590 post type-post status-publish format-standard has-post-thumbnail category-administratie category-evenimente-in-timisoara category-featured category-stiri-timisoara tag-banat tag-caras-severin-3 tag-consiliul-judetean-timis-2 tag-cultura-2 tag-evenimente-banat tag-festival-de-jazz tag-garana-2026 tag-garana-jazz-festival-2 tag-jazz tag-muzica-live tag-poiana-lupului tag-turism tag-visit-timis td-container-wrap\">\n<div class=\"td-full-screen-header-image-wrap\">\n<div class=\"td-container td-post-header\">\n<div class=\"td-crumb-container\">\n<div class=\"entry-crumbs\"><span><a title=\"Vede\u021bi toate articolele \u00een Administra\u021bie local\u0103\" class=\"entry-crumb\" href=\"https:\/\/orasul-timisoara.ro\/local-category\/administratie\/\">Administra\u021bie local\u0103<\/a><\/span><span class=\"td-bred-no-url-last\">G\u0103r\u00e2na Jazz Festival s\u0103rb\u0103tore\u0219te 30 de ani cu arti\u0219ti din 11 \u021b\u0103ri<\/span><\/div>\n<\/div>\n<div class=\"td-post-header-holder\">\n<div class=\"td-parallax-header\">\n<header class=\"td-post-title\">\n<ul class=\"td-category\">\n<li class=\"entry-category\"><a href=\"https:\/\/orasul-timisoara.ro\/local-category\/administratie\/\">Administra\u021bie local\u0103<\/a><\/li>\n<li class=\"entry-category\"><a href=\"https:\/\/orasul-timisoara.ro\/local-category\/evenimente-in-timisoara\/\">Evenimente in Timisoara<\/a><\/li>\n<li class=\"entry-category\"><a href=\"https:\/\/orasul-timisoara.ro\/local-category\/stiri-timisoara\/\">\u0218tiri Locale<\/a><\/li>\n<\/ul>\n<h1 class=\"entry-title\">G\u0103r\u00e2na Jazz Festival s\u0103rb\u0103tore\u0219te 30 de ani cu arti\u0219ti din 11 \u021b\u0103ri<\/h1>\n<div class=\"td-module-meta-info\">\n<div class=\"td-post-author-name\">\n<div class=\"td-author-by\">De c\u0103tre<\/div>\n<p><a href=\"https:\/\/orasul-timisoara.ro\/author\/timisoara\/\">redactia<\/a><\/p>\n<div class=\"td-author-line\"> &#8211; <\/div>\n<\/div>\n<p><span class=\"td-post-date\"><time class=\"entry-date updated td-module-date\" datetime=\"2026-07-09T14:19:41+03:00\">09\/07\/2026<\/time><\/span><\/div>\n<\/header>\n<\/div>\n<\/div>\n<\/div>\n<div id=\"td-full-screen-header-image\" class=\"td-image-gradient-style7\"><img decoding=\"async\" class=\"td-backstretch\" src=\"https:\/\/orasul-timisoara.ro\/wp-content\/uploads\/2026\/07\/Screenshot-2026-07-09-at-13.52.15.jpg\"><\/div>\n<\/div>\n<div class=\"td-container\">\n<div class=\"td-pb-row\">\n<div class=\"td-pb-span8 td-main-content\" role=\"main\">\n<div class=\"td-ss-main-content\">\n<div class=\"td-post-sharing-top\">\n<div class=\"td-post-sharing-classic\"><iframe title=\"topFacebookLike\" frameborder src=\"https:\/\/www.facebook.com\/plugins\/like.php?href=https:\/\/orasul-timisoara.ro\/local-39590\/&amp;layout=button_count&amp;show_faces=false&amp;width=105&amp;action=like&amp;colorscheme=light&amp;height=21\"><\/iframe><\/div>\n<div id=\"td_social_sharing_article_top\" class=\"td-post-sharing td-ps-bg td-ps-notext td-post-sharing-style1 \">\n<div class=\"td-post-sharing-visible\"><a class=\"td-social-sharing-button td-social-sharing-button-js td-social-network td-social-facebook\" href=\"https:\/\/www.facebook.com\/sharer.php?u=https%3A%2F%2Forasul-timisoara.ro%2Flocal-39590%2F\" title=\"Facebook\"><\/p>\n<div class=\"td-social-but-text\">Facebook<\/div>\n<p><\/a><a class=\"td-social-sharing-button td-social-sharing-button-js td-social-network td-social-twitter\" href=\"https:\/\/twitter.com\/intent\/tweet?text=G%C4%83r%C3%A2na+Jazz+Festival+s%C4%83rb%C4%83tore%C8%99te+30+de+ani+cu+arti%C8%99ti+din+11+%C8%9B%C4%83ri&amp;url=https%3A%2F%2Forasul-timisoara.ro%2Flocal-39590%2F&amp;via=orasultm\" title=\"Twitter\"><\/p>\n<div class=\"td-social-but-text\">Twitter<\/div>\n<p><\/a><a class=\"td-social-sharing-button td-social-sharing-button-js td-social-network td-social-whatsapp\" href=\"https:\/\/api.whatsapp.com\/send?text=G%C4%83r%C3%A2na+Jazz+Festival+s%C4%83rb%C4%83tore%C8%99te+30+de+ani+cu+arti%C8%99ti+din+11+%C8%9B%C4%83ri%20%0A%0A%20https:\/\/orasul-timisoara.ro\/local-39590\/\" title=\"WhatsApp\"><\/p>\n<div class=\"td-social-but-text\">WhatsApp<\/div>\n<p><\/a><a class=\"td-social-sharing-button td-social-sharing-button-js td-social-network td-social-linkedin\" href=\"https:\/\/www.linkedin.com\/shareArticle?mini=true&amp;url=https:\/\/orasul-timisoara.ro\/local-39590\/&amp;title=G%C4%83r%C3%A2na+Jazz+Festival+s%C4%83rb%C4%83tore%C8%99te+30+de+ani+cu+arti%C8%99ti+din+11+%C8%9B%C4%83ri\" title=\"Linkedin\"><\/p>\n<div class=\"td-social-but-text\">Linkedin<\/div>\n<p><\/a><a class=\"td-social-sharing-button td-social-sharing-button-js td-social-network td-social-reddit\" href=\"https:\/\/reddit.com\/submit?url=https:\/\/orasul-timisoara.ro\/local-39590\/&amp;title=G%C4%83r%C3%A2na+Jazz+Festival+s%C4%83rb%C4%83tore%C8%99te+30+de+ani+cu+arti%C8%99ti+din+11+%C8%9B%C4%83ri\" title=\"ReddIt\"><\/p>\n<div class=\"td-social-but-text\">ReddIt<\/div>\n<p><\/a><a class=\"td-social-sharing-button td-social-sharing-button-js td-social-network td-social-mail\" href=\"mailto:?subject=G%C4%83r%C3%A2na%20Jazz%20Festival%20s%C4%83rb%C4%83tore%C8%99te%2030%20de%20ani%20cu%20arti%C8%99ti%20din%2011%20%C8%9B%C4%83ri&amp;body=https:\/\/orasul-timisoara.ro\/local-39590\/\" title=\"Email\"><\/p>\n<div class=\"td-social-but-text\">Email<\/div>\n<p><\/a><a class=\"td-social-sharing-button td-social-sharing-button-js td-social-network td-social-print\" href=\"https:\/\/orasul-timisoara.ro\/local-39590\/\" title=\"Imprimare\"><\/p>\n<div class=\"td-social-but-text\">Imprimare<\/div>\n<p><\/a><\/div>\n<\/div>\n<\/div>\n<div class=\"td-post-content tagdiv-type\">\n<p class=\"wp-block-paragraph\">G\u0103r\u00e2na Jazz Festival, unul dintre cele mai importante evenimente culturale din Rom\u00e2nia \u0219i unul dintre cele mai apreciate festivaluri de jazz open-air din Europa Central\u0103 \u0219i de Est, revine \u00een perioada <strong>9-12 iulie 2026<\/strong> cu o edi\u021bie aniversar\u0103. Ajuns la <strong>30 de ani de existen\u021b\u0103<\/strong>, festivalul transform\u0103 din nou Poiana Lupului din G\u0103r\u00e2na \u00eentr-un loc de \u00eent\u00e2lnire pentru arti\u0219ti de renume interna\u021bional, iubitori ai jazzului \u0219i turi\u0219ti veni\u021bi din \u021bar\u0103 \u0219i din str\u0103in\u0103tate.<\/p>\n<p class=\"wp-block-paragraph\">Consiliul Jude\u021bean Timi\u0219 se num\u0103r\u0103 \u0219i \u00een acest an printre sus\u021bin\u0103torii evenimentului, consider\u00e2nd c\u0103 festivalul reprezint\u0103 unul dintre cele mai valoroase proiecte culturale ale regiunii \u0219i un ambasador al Banatului pe plan interna\u021bional.<\/p>\n<h2 class=\"wp-block-heading\">Trei decenii de jazz \u00een inima Banatului de munte<\/h2>\n<p class=\"wp-block-paragraph\">Pornit ca un eveniment dedicat unui public restr\u00e2ns, G\u0103r\u00e2na Jazz Festival s-a transformat, \u00een decursul a trei decenii, \u00eentr-un reper al vie\u021bii culturale rom\u00e2ne\u0219ti \u0219i \u00eentr-o destina\u021bie cunoscut\u0103 \u00een circuitul european al festivalurilor de jazz.<\/p>\n<p class=\"wp-block-paragraph\">Poiana Lupului, amplasat\u0103 \u00een peisajul spectaculos al Mun\u021bilor Semenic, ofer\u0103 de ani buni cadrul aparte care diferen\u021biaz\u0103 festivalul de multe alte evenimente muzicale. Atmosfera creat\u0103 de \u00eembinarea muzicii cu natura a contribuit decisiv la notorietatea \u0219i identitatea festivalului.<\/p>\n<p class=\"wp-block-paragraph\">\u00cen tot acest timp, pe scena de la G\u0103r\u00e2na au urcat arti\u0219ti consacra\u021bi ai jazzului mondial, iar evenimentul \u0219i-a construit o comunitate fidel\u0103 de spectatori care revin an de an pentru experien\u021ba unic\u0103 oferit\u0103 de acest loc.<\/p>\n<figure class=\"wp-block-gallery has-nested-images columns-default is-cropped wp-block-gallery-1 is-layout-flex wp-block-gallery-is-layout-flex\">\n<figure class=\"wp-block-image size-large\"><img loading=\"lazy\" decoding=\"async\" width=\"1920\" height=\"1080\" data-id=\"39593\" src=\"https:\/\/orasul-timisoara.ro\/wp-content\/uploads\/2026\/07\/Screenshot-2026-07-09-at-13.52.15.jpg\" alt class=\"wp-image-39593\"><\/figure>\n<figure class=\"wp-block-image size-large\"><img loading=\"lazy\" decoding=\"async\" width=\"1920\" height=\"1081\" data-id=\"39591\" src=\"https:\/\/orasul-timisoara.ro\/wp-content\/uploads\/2026\/07\/Screenshot-2026-07-09-at-13.52.30.jpg\" alt class=\"wp-image-39591\"><\/figure>\n<figure class=\"wp-block-image size-large\"><img loading=\"lazy\" decoding=\"async\" width=\"1920\" height=\"1080\" data-id=\"39594\" src=\"https:\/\/orasul-timisoara.ro\/wp-content\/uploads\/2026\/07\/Screenshot-2026-07-09-at-13.52.23.jpg\" alt class=\"wp-image-39594\"><\/figure>\n<figure class=\"wp-block-image size-large\"><img decoding=\"async\" loading=\"lazy\" width=\"1920\" height=\"1079\" data-id=\"39592\" src=\"https:\/\/orasul-timisoara.ro\/wp-content\/uploads\/2026\/07\/Screenshot-2026-07-09-at-13.52.39.jpg\" alt class=\"wp-image-39592\"><\/figure>\n<\/figure>\n<h2 class=\"wp-block-heading\">21 de proiecte muzicale din 11 \u021b\u0103ri<\/h2>\n<p class=\"wp-block-paragraph\">Edi\u021bia aniversar\u0103 din 2026 aduce \u00een fa\u021ba publicului <strong>21 de proiecte muzicale<\/strong> provenite din <strong>11 \u021b\u0103ri<\/strong>, confirm\u00e2nd caracterul interna\u021bional al festivalului.<\/p>\n<p class=\"wp-block-paragraph\">Programul este organizat pe mai multe scene \u0219i reune\u0219te at\u00e2t arti\u0219ti consacra\u021bi, c\u00e2t \u0219i nume aflate \u00een plin\u0103 afirmare, oferind publicului o selec\u021bie reprezentativ\u0103 pentru direc\u021biile actuale ale jazzului \u0219i ale muzicii contemporane.<\/p>\n<p class=\"wp-block-paragraph\">Organizatorii \u00ee\u0219i propun s\u0103 p\u0103streze spiritul care a consacrat festivalul \u00eenc\u0103 de la prima edi\u021bie: promovarea muzicii de calitate \u00eentr-un cadru natural spectaculos, unde publicul \u0219i arti\u0219tii \u00eemp\u0103rt\u0103\u0219esc aceea\u0219i experien\u021b\u0103 autentic\u0103.<\/p>\n<h2 class=\"wp-block-heading\">Consiliul Jude\u021bean Timi\u0219: Un festival care promoveaz\u0103 identitatea Banatului<\/h2>\n<p class=\"wp-block-paragraph\">Consiliul Jude\u021bean Timi\u0219 \u00ee\u0219i reafirm\u0103 sprijinul pentru G\u0103r\u00e2na Jazz Festival, apreciind rolul pe care acesta \u00eel are \u00een promovarea patrimoniului cultural \u0219i turistic al Banatului.<\/p>\n<p class=\"wp-block-paragraph\">Reprezentan\u021bii institu\u021biei subliniaz\u0103 c\u0103 festivalul vorbe\u0219te despre identitatea regiunii \u0219i despre capacitatea culturii de a crea leg\u0103turi \u00eentre oameni, contribuind \u00een acela\u0219i timp la dezvoltarea turismului \u0219i la promovarea imaginii Banatului \u00een \u021bar\u0103 \u0219i peste hotare.<\/p>\n<h2 class=\"wp-block-heading\">G\u0103r\u00e2na r\u0103m\u00e2ne una dintre destina\u021biile culturale ale verii<\/h2>\n<p class=\"wp-block-paragraph\">Dup\u0103 30 de edi\u021bii, G\u0103r\u00e2na Jazz Festival continu\u0103 s\u0103 fie unul dintre cele mai apreciate evenimente culturale organizate \u00een vestul Rom\u00e2niei, reunind \u00een fiecare an mii de spectatori \u00eentr-un decor natural spectaculos.<\/p>\n<p class=\"wp-block-paragraph\">Edi\u021bia din acest an promite patru zile de concerte, \u00eent\u00e2lniri cu arti\u0219ti din \u00eentreaga lume \u0219i experien\u021be muzicale care consolideaz\u0103 statutul G\u0103r\u00e2nei ca una dintre cele mai importante destina\u021bii dedicate jazzului din aceast\u0103 parte a Europei.<\/p>\n<\/div>\n<footer>\n<div class=\"td-post-source-tags\">\n<ul class=\"td-tags td-post-small-box clearfix\">\n<li><span>ETICHETE<\/span><\/li>\n<li><a href=\"https:\/\/orasul-timisoara.ro\/local-tag\/banat\/\">banat<\/a><\/li>\n<li><a href=\"https:\/\/orasul-timisoara.ro\/local-tag\/caras-severin-3\/\">Cara\u0219-Severin<\/a><\/li>\n<li><a href=\"https:\/\/orasul-timisoara.ro\/local-tag\/consiliul-judetean-timis-2\/\">Consiliul Jude\u021bean Timi\u0219<\/a><\/li>\n<li><a href=\"https:\/\/orasul-timisoara.ro\/local-tag\/cultura-2\/\">Cultur\u0103<\/a><\/li>\n<li><a href=\"https:\/\/orasul-timisoara.ro\/local-tag\/evenimente-banat\/\">evenimente Banat<\/a><\/li>\n<li><a href=\"https:\/\/orasul-timisoara.ro\/local-tag\/festival-de-jazz\/\">festival de jazz<\/a><\/li>\n<li><a href=\"https:\/\/orasul-timisoara.ro\/local-tag\/garana-2026\/\">G\u0103r\u00e2na 2026<\/a><\/li>\n<li><a href=\"https:\/\/orasul-timisoara.ro\/local-tag\/garana-jazz-festival-2\/\">G\u0103r\u00e2na Jazz Festival<\/a><\/li>\n<li><a href=\"https:\/\/orasul-timisoara.ro\/local-tag\/jazz\/\">jazz<\/a><\/li>\n<li><a href=\"https:\/\/orasul-timisoara.ro\/local-tag\/muzica-live\/\">muzic\u0103 live<\/a><\/li>\n<li><a href=\"https:\/\/orasul-timisoara.ro\/local-tag\/poiana-lupului\/\">Poiana Lupului<\/a><\/li>\n<li><a href=\"https:\/\/orasul-timisoara.ro\/local-tag\/turism\/\">turism<\/a><\/li>\n<li><a href=\"https:\/\/orasul-timisoara.ro\/local-tag\/visit-timis\/\">visit timis<\/a><\/li>\n<\/ul>\n<\/div>\n<div class=\"td-post-sharing-bottom\">\n<div class=\"td-post-sharing-classic\"><iframe title=\"bottomFacebookLike\" frameborder src=\"https:\/\/www.facebook.com\/plugins\/like.php?href=https:\/\/orasul-timisoara.ro\/local-39590\/&amp;layout=button_count&amp;show_faces=false&amp;width=105&amp;action=like&amp;colorscheme=light&amp;height=21\"><\/iframe><\/div>\n<div id=\"td_social_sharing_article_bottom\" class=\"td-post-sharing td-ps-bg td-ps-notext td-post-sharing-style1 \">\n<div class=\"td-post-sharing-visible\"><a class=\"td-social-sharing-button td-social-sharing-button-js td-social-network td-social-facebook\" href=\"https:\/\/www.facebook.com\/sharer.php?u=https%3A%2F%2Forasul-timisoara.ro%2Flocal-39590%2F\" title=\"Facebook\"><\/p>\n<div class=\"td-social-but-text\">Facebook<\/div>\n<p><\/a><a class=\"td-social-sharing-button td-social-sharing-button-js td-social-network td-social-twitter\" href=\"https:\/\/twitter.com\/intent\/tweet?text=G%C4%83r%C3%A2na+Jazz+Festival+s%C4%83rb%C4%83tore%C8%99te+30+de+ani+cu+arti%C8%99ti+din+11+%C8%9B%C4%83ri&amp;url=https%3A%2F%2Forasul-timisoara.ro%2Flocal-39590%2F&amp;via=orasultm\" title=\"Twitter\"><\/p>\n<div class=\"td-social-but-text\">Twitter<\/div>\n<p><\/a><a class=\"td-social-sharing-button td-social-sharing-button-js td-social-network td-social-whatsapp\" href=\"https:\/\/api.whatsapp.com\/send?text=G%C4%83r%C3%A2na+Jazz+Festival+s%C4%83rb%C4%83tore%C8%99te+30+de+ani+cu+arti%C8%99ti+din+11+%C8%9B%C4%83ri%20%0A%0A%20https:\/\/orasul-timisoara.ro\/local-39590\/\" title=\"WhatsApp\"><\/p>\n<div class=\"td-social-but-text\">WhatsApp<\/div>\n<p><\/a><a class=\"td-social-sharing-button td-social-sharing-button-js td-social-network td-social-linkedin\" href=\"https:\/\/www.linkedin.com\/shareArticle?mini=true&amp;url=https:\/\/orasul-timisoara.ro\/local-39590\/&amp;title=G%C4%83r%C3%A2na+Jazz+Festival+s%C4%83rb%C4%83tore%C8%99te+30+de+ani+cu+arti%C8%99ti+din+11+%C8%9B%C4%83ri\" title=\"Linkedin\"><\/p>\n<div class=\"td-social-but-text\">Linkedin<\/div>\n<p><\/a><a class=\"td-social-sharing-button td-social-sharing-button-js td-social-network td-social-reddit\" href=\"https:\/\/reddit.com\/submit?url=https:\/\/orasul-timisoara.ro\/local-39590\/&amp;title=G%C4%83r%C3%A2na+Jazz+Festival+s%C4%83rb%C4%83tore%C8%99te+30+de+ani+cu+arti%C8%99ti+din+11+%C8%9B%C4%83ri\" title=\"ReddIt\"><\/p>\n<div class=\"td-social-but-text\">ReddIt<\/div>\n<p><\/a><a class=\"td-social-sharing-button td-social-sharing-button-js td-social-network td-social-mail\" href=\"mailto:?subject=G%C4%83r%C3%A2na%20Jazz%20Festival%20s%C4%83rb%C4%83tore%C8%99te%2030%20de%20ani%20cu%20arti%C8%99ti%20din%2011%20%C8%9B%C4%83ri&amp;body=https:\/\/orasul-timisoara.ro\/local-39590\/\" title=\"Email\"><\/p>\n<div class=\"td-social-but-text\">Email<\/div>\n<p><\/a><a class=\"td-social-sharing-button td-social-sharing-button-js td-social-network td-social-print\" href=\"https:\/\/orasul-timisoara.ro\/local-39590\/\" title=\"Imprimare\"><\/p>\n<div class=\"td-social-but-text\">Imprimare<\/div>\n<p><\/a><\/div>\n<\/div>\n<\/div>\n<div class=\"td-block-row td-post-next-prev\">\n<div class=\"td-block-span6 td-post-prev-post\">\n<div class=\"td-post-next-prev-content\"><span>Articolul precedent<\/span><a href=\"https:\/\/orasul-timisoara.ro\/local-39587\/\">Alfred Simonis: Stadionul \u201eEroii Timi\u0219oarei\u201d trebuie finalizat c\u00e2t mai repede. CJ Timi\u0219 a virat \u00eenc\u0103 7 milioane de lei pentru finalizarea lucr\u0103rilor (video)<\/a><\/div>\n<\/div>\n<div class=\"td-block-span6 td-post-next-post\">\n<div class=\"td-post-next-prev-content\"><span>Articolul urm\u0103tor<\/span><a href=\"https:\/\/orasul-timisoara.ro\/local-39596\/\">Timi\u0219oara vrea s\u0103 mute toate s\u0103lile de jocuri de noroc \u00eentr-o zon\u0103 industrial\u0103<\/a><\/div>\n<\/div>\n<\/div>\n<div class=\"td-author-name vcard author\"><span class=\"fn\"><a href=\"https:\/\/orasul-timisoara.ro\/author\/timisoara\/\">redactia<\/a><\/span><\/div>\n<p><span class=\"td-page-meta\"><\/span><span class=\"td-page-meta\"><span class=\"td-page-meta\"><\/span><\/span><span class=\"td-page-meta\"><\/span><\/footer>\n<div class=\"td_block_wrap td_block_related_posts tdi_3 td_with_ajax_pagination td-pb-border-top td_block_template_8\" data-td-block-uid=\"tdi_3\">\n<h4 class=\"td-related-title td-block-title\"><a id=\"tdi_4\" class=\"td-related-left td-cur-simple-item\" data-td_filter_value data-td_block_id=\"tdi_3\" href=\"https:\/\/orasul-timisoara.ro\/local-39590\/\">ARTICOLE SIMILARE<\/a><a id=\"tdi_5\" class=\"td-related-right\" data-td_filter_value=\"td_related_more_from_author\" data-td_block_id=\"tdi_3\" href=\"https:\/\/orasul-timisoara.ro\/local-39590\/\">DE LA ACELA\u0218I AUTOR<\/a><\/h4>\n<div id=\"tdi_3\" class=\"td_block_inner\">\n<div class=\"td-related-row\">\n<div class=\"td-related-span4\">\n<div class=\"td_module_related_posts td-animation-stack td_mod_related_posts\">\n<div class=\"td-module-image\">\n<div class=\"td-module-thumb\"><a href=\"https:\/\/orasul-timisoara.ro\/local-39587\/\" rel=\"bookmark\" class=\"td-image-wrap \" title=\"Alfred Simonis: Stadionul \u201eEroii Timi\u0219oarei\u201d trebuie finalizat c\u00e2t mai repede. CJ Timi\u0219 a virat \u00eenc\u0103 7 milioane de lei pentru finalizarea lucr\u0103rilor (video)\"><img loading=\"lazy\" decoding=\"async\" class=\"entry-thumb\" src=\"https:\/\/orasul-timisoara.ro\/wp-content\/uploads\/2025\/11\/arena-eroii-timisoarei-2-436x300.jpg\" alt title=\"Alfred Simonis: Stadionul \u201eEroii Timi\u0219oarei\u201d trebuie finalizat c\u00e2t mai repede. CJ Timi\u0219 a virat \u00eenc\u0103 7 milioane de lei pentru finalizarea lucr\u0103rilor (video)\" width=\"218\" height=\"150\"><\/a><\/div>\n<\/div>\n<div class=\"item-details\">\n<h3 class=\"entry-title td-module-title\"><a href=\"https:\/\/orasul-timisoara.ro\/local-39587\/\" rel=\"bookmark\" title=\"Alfred Simonis: Stadionul \u201eEroii Timi\u0219oarei\u201d trebuie finalizat c\u00e2t mai repede. CJ Timi\u0219 a virat \u00eenc\u0103 7 milioane de lei pentru finalizarea lucr\u0103rilor (video)\">Alfred Simonis: Stadionul \u201eEroii Timi\u0219oarei\u201d trebuie finalizat c\u00e2t mai repede. CJ Timi\u0219 a virat \u00eenc\u0103 7 milioane de lei pentru finalizarea lucr\u0103rilor (video)<\/a><\/h3>\n<\/div>\n<\/div>\n<\/div>\n<div class=\"td-related-span4\">\n<div class=\"td_module_related_posts td-animation-stack td_mod_related_posts\">\n<div class=\"td-module-image\">\n<div class=\"td-module-thumb\"><a href=\"https:\/\/orasul-timisoara.ro\/local-39536\/\" rel=\"bookmark\" class=\"td-image-wrap \" title=\"Meteorologii anun\u021b\u0103 temperaturi de p\u00e2n\u0103 la 34 de grade \u00een Banat dup\u0103 10 iulie\"><img loading=\"lazy\" decoding=\"async\" class=\"entry-thumb\" src=\"https:\/\/orasul-timisoara.ro\/wp-content\/uploads\/2021\/08\/caldura-temperatura-termometru.jpg\" alt title=\"Meteorologii anun\u021b\u0103 temperaturi de p\u00e2n\u0103 la 34 de grade \u00een Banat dup\u0103 10 iulie\" width=\"218\" height=\"150\"><\/a><\/div>\n<\/div>\n<div class=\"item-details\">\n<h3 class=\"entry-title td-module-title\"><a href=\"https:\/\/orasul-timisoara.ro\/local-39536\/\" rel=\"bookmark\" title=\"Meteorologii anun\u021b\u0103 temperaturi de p\u00e2n\u0103 la 34 de grade \u00een Banat dup\u0103 10 iulie\">Meteorologii anun\u021b\u0103 temperaturi de p\u00e2n\u0103 la 34 de grade \u00een Banat dup\u0103 10 iulie<\/a><\/h3>\n<\/div>\n<\/div>\n<\/div>\n<div class=\"td-related-span4\">\n<div class=\"td_module_related_posts td-animation-stack td_mod_related_posts\">\n<div class=\"td-module-image\">\n<div class=\"td-module-thumb\"><a href=\"https:\/\/orasul-timisoara.ro\/local-39426\/\" rel=\"bookmark\" class=\"td-image-wrap \" title=\"Fosta baz\u0103 Uszoda din Timi\u0219oara ar putea fi transformat\u0103 \u00eentr-un campus cultural\"><img loading=\"lazy\" decoding=\"async\" class=\"entry-thumb\" src=\"https:\/\/orasul-timisoara.ro\/wp-content\/uploads\/2026\/06\/teren-baschet-uszoda-436x300.jpg\" alt title=\"Fosta baz\u0103 Uszoda din Timi\u0219oara ar putea fi transformat\u0103 \u00eentr-un campus cultural\" width=\"218\" height=\"150\"><\/a><\/div>\n<\/div>\n<div class=\"item-details\">\n<h3 class=\"entry-title td-module-title\"><a href=\"https:\/\/orasul-timisoara.ro\/local-39426\/\" rel=\"bookmark\" title=\"Fosta baz\u0103 Uszoda din Timi\u0219oara ar putea fi transformat\u0103 \u00eentr-un campus cultural\">Fosta baz\u0103 Uszoda din Timi\u0219oara ar putea fi transformat\u0103 \u00eentr-un campus cultural<\/a><\/h3>\n<\/div>\n<\/div>\n<\/div>\n<\/div>\n<\/div>\n<\/div>\n<div class=\"comments\" id=\"comments\">\n<div id=\"respond\" class=\"comment-respond\">\n<h3 id=\"reply-title\" class=\"comment-reply-title\">L\u0102SA\u021aI UN MESAJ<\/h3>\n<div class=\"comment-form-input-wrap td-form-comment\">\n<div class=\"td-warning-comment\">V\u0103 rug\u0103m s\u0103 introduce\u021bi comentariul dvs.!<\/div>\n<\/div>\n<div class=\"comment-form-input-wrap td-form-author\">\n<div class=\"td-warning-author\">Introduce\u021bi aici numele dvs.<\/div>\n<\/div>\n<div class=\"comment-form-input-wrap td-form-email\">\n<div class=\"td-warning-email-error\">A\u021bi introdus o adres\u0103 de e-mail incorect\u0103!<\/div>\n<div class=\"td-warning-email\">V\u0103 rug\u0103m s\u0103 introduce\u021bi adresa dvs. de e-mail aici<\/div>\n<\/div>\n<\/div>\n<p class=\"akismet_comment_form_privacy_notice\">Acest site folose\u0219te Akismet pentru a reduce spamul. <a href=\"https:\/\/akismet.com\/privacy\/\" target=\"_blank\" rel=\"nofollow noopener\">Afl\u0103 cum sunt procesate datele comentariilor tale<\/a>.<\/p>\n<\/div>\n<\/div>\n<\/div>\n<div class=\"td-pb-span4 td-main-sidebar\" role=\"complementary\">\n<div class=\"td-ss-main-sidebar\">\n<aside id=\"block-4\" class=\"td_block_template_8 widget block-4 widget_block widget_media_image\">\n<figure class=\"wp-block-image size-full\"><img decoding=\"async\" loading=\"lazy\" width=\"336\" height=\"280\" src=\"https:\/\/orasul-timisoara.ro\/wp-content\/uploads\/2024\/11\/ReTIM-Abonamentul-Verde-Google-Ads-336x280px.gif\" alt class=\"wp-image-29257\"><\/figure>\n<\/aside>\n<div class=\"td_block_wrap td_block_social_counter td_block_widget tdi_6 td-social-style5 td-social-boxed td-pb-border-top td_block_template_8\">\n<div class=\"td-block-title-wrap\">\n<h4 class=\"td-block-title\"><span>Urm\u0103re\u0219te-ne pe Social Media<\/span><\/h4>\n<\/div>\n<div class=\"td-social-list\">\n<div class=\"td_social_type td-pb-margin-side td_social_facebook\">\n<div class=\"td-social-box\"><span class=\"td_social_info td_social_info_counter\">344,595<\/span><span class=\"td_social_info td_social_info_name\">Fani<\/span><span class=\"td_social_button\"><a href=\"https:\/\/www.facebook.com\/247timisoara\" target=\"_blank\" rel=\"nofollow\">\u00cemi place<\/a><\/span><\/div>\n<\/div>\n<div class=\"td_social_type td-pb-margin-side td_social_instagram\">\n<div class=\"td-social-box\"><span class=\"td_social_info td_social_info_counter\">4,416<\/span><span class=\"td_social_info td_social_info_name\">Cititori<\/span><span class=\"td_social_button\"><a href=\"https:\/\/instagram.com\/orasultimisoararo\/\" target=\"_blank\" rel=\"nofollow\">Conecta\u021bi-v\u0103<\/a><\/span><\/div>\n<\/div>\n<div class=\"td_social_type td-pb-margin-side td_social_rss\">\n<div class=\"td-social-box\"><span class=\"td_social_info td_social_info_counter\">12,506<\/span><span class=\"td_social_info td_social_info_name\">Cititori<\/span><span class=\"td_social_button\"><a href=\"https:\/\/orasul-timisoara.ro\/feed\/\" target=\"_blank\" rel=\"nofollow\">Conecta\u021bi-v\u0103<\/a><\/span><\/div>\n<\/div>\n<div class=\"td_social_type td-pb-margin-side td_social_tiktok\">\n<div class=\"td-social-box\"><span class=\"td_social_info td_social_info_counter\">1,500<\/span><span class=\"td_social_info td_social_info_name\">Cititori<\/span><span class=\"td_social_button\"><a href=\"https:\/\/www.tiktok.com\/@orasultimisoara\" target=\"_blank\" rel=\"nofollow\">Conecta\u021bi-v\u0103<\/a><\/span><\/div>\n<\/div>\n<div class=\"td_social_type td-pb-margin-side td_social_twitter\">\n<div class=\"td-social-box\"><span class=\"td_social_info td_social_info_counter\">1,595<\/span><span class=\"td_social_info td_social_info_name\">Cititori<\/span><span class=\"td_social_button\"><a href=\"https:\/\/twitter.com\/orasultm\" target=\"_blank\" rel=\"nofollow\">Conecta\u021bi-v\u0103<\/a><\/span><\/div>\n<\/div>\n<div class=\"td_social_type td-pb-margin-side td_social_youtube\">\n<div class=\"td-social-box\"><span class=\"td_social_info td_social_info_counter\">3,506<\/span><span class=\"td_social_info td_social_info_name\">Abona\u021bi<\/span><span class=\"td_social_button\"><a href=\"https:\/\/www.youtube.com\/channel\/UCQNsQvs2XCSIm1Z-AHRturw?sub_confirmation=1\" target=\"_blank\" rel=\"nofollow\">Abona\u021bi-v\u0103<\/a><\/span><\/div>\n<\/div>\n<\/div>\n<\/div>\n<aside id=\"text-7\" class=\"td_block_template_8 widget text-7 widget_text\">\n<h4 class=\"td-block-title\"><span>C\u0103ut\u0103ri populare pe OTM<\/span><\/h4>\n<div class=\"textwidget\"><a href=\"https:\/\/orasul-timisoara.ro\/?s=timisoara\"><span>Timisoara<\/span><\/a><a href=\"https:\/\/orasul-timisoara.ro\/?s=calin+dobra\"><span>Calin Dobra<\/span><\/a><a href=\"https:\/\/orasul-timisoara.ro\/?s=primaria+timisoara\"><span>Primaria Timisoara<\/span><\/a><a href=\"https:\/\/orasul-timisoara.ro\/?s=dominic+fritz\"><span>Dominic Fritz<\/span><\/a><a href=\"https:\/\/orasul-timisoara.ro\/?s=nicolae+robu\"><span>Nicolae Robu<\/span><\/a><a href=\"https:\/\/orasul-timisoara.ro\/?s=consiliul+local+timisoara\">Consiliul Local Timisoara<\/a><a href=\"https:\/\/orasul-timisoara.ro\/?s=consiliul+judetean+timis\"><span>Consiliul Judetean Timis<\/span><\/a><a href=\"https:\/\/orasul-timisoara.ro\/?s=cjt\"><span>CJT<\/span><\/a><a href=\"https:\/\/orasul-timisoara.ro\/?s=Alfred+Simonis\"><span>Alfred Simonis<\/span><\/a><a href=\"https:\/\/orasul-timisoara.ro\/?s=PNL\"><span>PNL<\/span><\/a><a href=\"https:\/\/orasul-timisoara.ro\/?s=coronavirus\"><span>coronavirus<\/span><\/a><a href=\"https:\/\/orasul-timisoara.ro\/?s=teatru+timisoara\">teatru Timisoara<\/a><a href=\"https:\/\/orasul-timisoara.ro\/?s=restaurante\"><span>restaurante Timisoara<\/span><\/a><a href=\"https:\/\/orasul-timisoara.ro\/?s=diskoteka\"><span>Diskoteka<\/span><\/a><a href=\"https:\/\/orasul-timisoara.ro\/?s=iulius+town\"><span>Iulius Town<\/span><\/a><a href=\"https:\/\/orasul-timisoara.ro\/?s=iulius+mall\"><span>Iulius Mall<\/span><\/a><a href=\"https:\/\/orasul-timisoara.ro\/?s=stpt\"><span>STPT<\/span><\/a><a href=\"https:\/\/orasul-timisoara.ro\/?s=alin+nica\"><span>Alin Nica<\/span><\/a><a href=\"https:\/\/orasul-timisoara.ro\/?s=psd\"><span>PSD<\/span><\/a><a href=\"https:\/\/orasul-timisoara.ro\/?s=aeroport\"><span>Aeroportul International Timisoara<\/span><\/a><a href=\"https:\/\/orasul-timisoara.ro\/?s=babes\"><span>Spitalul Victor Babes Timisoara<\/span><\/a><a href=\"https:\/\/orasul-timisoara.ro\/?s=poli\"><span>Poli Timi\u0219oara<\/span><\/a><a href=\"https:\/\/orasul-timisoara.ro\/?s=carantina\"><span>carantina<\/span><\/a><a href=\"https:\/\/orasul-timisoara.ro\/?s=aquatim\"><span>Aquatim<\/span><\/a><a href=\"https:\/\/orasul-timisoara.ro\/local-category\/stiri-timisoara\/\"><span>Stiri Timisoara<\/span><\/a><a href=\"https:\/\/orasul-timisoara.ro\/local-category\/investitii-in-timisoara\/\"><span>Investi\u021bii in Timi\u0219oara<\/span><\/a><a href=\"https:\/\/orasul-timisoara.ro\/local-9463\/\"><span>shaorma<\/span><\/a><a href=\"https:\/\/orasul-timisoara.ro\/?s=trafic\"><span>trafic rutier<\/span><\/a><a href=\"https:\/\/orasul-timisoara.ro\/?s=politia\"><span>politia locala timisoara<\/span><\/a><a href=\"https:\/\/orasul-timisoara.ro\/?s=roxana\"><span>Roxana Iliescu<\/span><\/a><a href=\"https:\/\/orasul-timisoara.ro\/?s=colterm\"><span>Colterm<\/span><\/a><a href=\"https:\/\/orasul-timisoara.ro\/?s=latcau\"><span>Ruben La\u021bc\u0103u<\/span><\/a><a href=\"https:\/\/orasul-timisoara.ro\/?s=timis\"><span>\u0218tiri din Timi\u0219<\/span><\/a><a href=\"https:\/\/orasul-timisoara.ro\/?s=spital\"><span>Spitale din Timi\u0219oara<\/span><\/a><a href=\"https:\/\/orasul-timisoara.ro\/?s=tabara\"><span>Cosmin Tab\u0103r\u0103<\/span><\/a><\/div>\n<\/aside>\n<aside id=\"rss-2\" class=\"td_block_template_8 widget rss-2 widget_rss\">\n<h4 class=\"td-block-title\"><span><a class=\"rsswidget rss-widget-feed\" href=\"https:\/\/fashionfridays.ro\/feed\"><img decoding=\"async\" class=\"rss-widget-icon\" width=\"14\" height=\"14\" src=\"https:\/\/orasul-timisoara.ro\/wp-includes\/images\/rss.png\" alt=\"RSS\" loading=\"lazy\"><\/a><a class=\"rsswidget rss-widget-title\" href=\"https:\/\/fashionfridays.ro\/\">Fashion Fridays<\/a><\/span><\/h4>\n<ul>\n<li><a class=\"rsswidget\" href=\"https:\/\/fashionfridays.ro\/romania-devine-a-29-a-piata-vogue-o-noua-era-pentru-industria-locala-de-moda\/\">Rom\u00e2nia devine a 29-a pia\u021b\u0103 Vogue: o nou\u0103 er\u0103 pentru industria local\u0103 de mod\u0103<\/a>\n<div class=\"rssSummary\">Revista Vogue \u00ee\u0219i extinde prezen\u021ba global\u0103 \u0219i va fi lansat\u0103 oficial \u00een Rom\u00e2nia \u00een prim\u0103vara anului 2027, marc\u00e2nd intrarea pe cea de-a 29-a pia\u021b\u0103 interna\u021bional\u0103. Proiectul este realizat \u00een parteneriat cu AEMME Publishing, o companie media recent \u00eenfiin\u021bat\u0103, care va publica edi\u021bia local\u0103 sub licen\u021b\u0103. Noua edi\u021bie, Vogue Rom\u00e2nia, \u00ee\u0219i propune s\u0103 combine autoritatea global\u0103 [\u2026]<\/div>\n<\/li>\n<\/ul>\n<\/aside>\n<aside id=\"rss-4\" class=\"td_block_template_8 widget rss-4 widget_rss\">\n<h4 class=\"td-block-title\"><span><a class=\"rsswidget rss-widget-feed\" href=\"https:\/\/emasini.ro\/feed\"><img decoding=\"async\" class=\"rss-widget-icon\" width=\"14\" height=\"14\" src=\"https:\/\/orasul-timisoara.ro\/wp-includes\/images\/rss.png\" alt=\"RSS\" loading=\"lazy\"><\/a><a class=\"rsswidget rss-widget-title\" href=\"https:\/\/emasini.ro\/\">eMasini<\/a><\/span><\/h4>\n<ul>\n<li><a class=\"rsswidget\" href=\"https:\/\/emasini.ro\/dacia-analizeaza-lansarea-lui-hipster-automobilul-urban-de-doar-3-metri-lungime\/\">Dacia analizeaz\u0103 lansarea lui Hipster, automobilul urban de doar 3 metri lungime (video)<\/a>\n<div class=\"rssSummary\">Dacia ar putea introduce pe pia\u021b\u0103 unul dintre cele mai neobi\u0219nuite modele din istoria sa recent\u0103. Conceptul Hipster, prezentat anul trecut ca o reinterpretare radical\u0103 a automobilului urban accesibil, se afl\u0103 \u00een prezent \u00eentr-o etap\u0103 de evaluare, iar decizia privind produc\u021bia de serie va fi luat\u0103 \u00een func\u021bie de reac\u021bia publicului \u0219i de evolu\u021bia reglement\u0103rilor [\u2026]<\/div>\n<\/li>\n<\/ul>\n<\/aside>\n<\/div>\n<\/div>\n<\/div>\n<\/div>\n<\/article>\n<div class=\"td-post-content tagdiv-type\">\n<p class=\"wp-block-paragraph\">G\u0103r\u00e2na Jazz Festival, unul dintre cele mai importante evenimente culturale din Rom\u00e2nia \u0219i unul dintre cele mai apreciate festivaluri de jazz open-air din Europa Central\u0103 \u0219i de Est, revine \u00een perioada <strong>9-12 iulie 2026<\/strong> cu o edi\u021bie aniversar\u0103. Ajuns la <strong>30 de ani de existen\u021b\u0103<\/strong>, festivalul transform\u0103 din nou Poiana Lupului din G\u0103r\u00e2na \u00eentr-un loc de \u00eent\u00e2lnire pentru arti\u0219ti de renume interna\u021bional, iubitori ai jazzului \u0219i turi\u0219ti veni\u021bi din \u021bar\u0103 \u0219i din str\u0103in\u0103tate.<\/p>\n<p class=\"wp-block-paragraph\">Consiliul Jude\u021bean Timi\u0219 se num\u0103r\u0103 \u0219i \u00een acest an printre sus\u021bin\u0103torii evenimentului, consider\u00e2nd c\u0103 festivalul reprezint\u0103 unul dintre cele mai valoroase proiecte culturale ale regiunii \u0219i un ambasador al Banatului pe plan interna\u021bional.<\/p>\n<h2 class=\"wp-block-heading\">Trei decenii de jazz \u00een inima Banatului de munte<\/h2>\n<p class=\"wp-block-paragraph\">Pornit ca un eveniment dedicat unui public restr\u00e2ns, G\u0103r\u00e2na Jazz Festival s-a transformat, \u00een decursul a trei decenii, \u00eentr-un reper al vie\u021bii culturale rom\u00e2ne\u0219ti \u0219i \u00eentr-o destina\u021bie cunoscut\u0103 \u00een circuitul european al festivalurilor de jazz.<\/p>\n<p class=\"wp-block-paragraph\">Poiana Lupului, amplasat\u0103 \u00een peisajul spectaculos al Mun\u021bilor Semenic, ofer\u0103 de ani buni cadrul aparte care diferen\u021biaz\u0103 festivalul de multe alte evenimente muzicale. Atmosfera creat\u0103 de \u00eembinarea muzicii cu natura a contribuit decisiv la notorietatea \u0219i identitatea festivalului.<\/p>\n<p class=\"wp-block-paragraph\">\u00cen tot acest timp, pe scena de la G\u0103r\u00e2na au urcat arti\u0219ti consacra\u021bi ai jazzului mondial, iar evenimentul \u0219i-a construit o comunitate fidel\u0103 de spectatori care revin an de an pentru experien\u021ba unic\u0103 oferit\u0103 de acest loc.<\/p>\n<figure class=\"wp-block-gallery has-nested-images columns-default is-cropped wp-block-gallery-1 is-layout-flex wp-block-gallery-is-layout-flex\">\n<figure class=\"wp-block-image size-large\"><img loading=\"lazy\" decoding=\"async\" width=\"1920\" height=\"1080\" data-id=\"39593\" src=\"https:\/\/orasul-timisoara.ro\/wp-content\/uploads\/2026\/07\/Screenshot-2026-07-09-at-13.52.15.jpg\" alt class=\"wp-image-39593\"><\/figure>\n<figure class=\"wp-block-image size-large\"><img loading=\"lazy\" decoding=\"async\" width=\"1920\" height=\"1081\" data-id=\"39591\" src=\"https:\/\/orasul-timisoara.ro\/wp-content\/uploads\/2026\/07\/Screenshot-2026-07-09-at-13.52.30.jpg\" alt class=\"wp-image-39591\"><\/figure>\n<figure class=\"wp-block-image size-large\"><img loading=\"lazy\" decoding=\"async\" width=\"1920\" height=\"1080\" data-id=\"39594\" src=\"https:\/\/orasul-timisoara.ro\/wp-content\/uploads\/2026\/07\/Screenshot-2026-07-09-at-13.52.23.jpg\" alt class=\"wp-image-39594\"><\/figure>\n<figure class=\"wp-block-image size-large\"><img decoding=\"async\" loading=\"lazy\" width=\"1920\" height=\"1079\" data-id=\"39592\" src=\"https:\/\/orasul-timisoara.ro\/wp-content\/uploads\/2026\/07\/Screenshot-2026-07-09-at-13.52.39.jpg\" alt class=\"wp-image-39592\"><\/figure>\n<\/figure>\n<h2 class=\"wp-block-heading\">21 de proiecte muzicale din 11 \u021b\u0103ri<\/h2>\n<p class=\"wp-block-paragraph\">Edi\u021bia aniversar\u0103 din 2026 aduce \u00een fa\u021ba publicului <strong>21 de proiecte muzicale<\/strong> provenite din <strong>11 \u021b\u0103ri<\/strong>, confirm\u00e2nd caracterul interna\u021bional al festivalului.<\/p>\n<p class=\"wp-block-paragraph\">Programul este organizat pe mai multe scene \u0219i reune\u0219te at\u00e2t arti\u0219ti consacra\u021bi, c\u00e2t \u0219i nume aflate \u00een plin\u0103 afirmare, oferind publicului o selec\u021bie reprezentativ\u0103 pentru direc\u021biile actuale ale jazzului \u0219i ale muzicii contemporane.<\/p>\n<p class=\"wp-block-paragraph\">Organizatorii \u00ee\u0219i propun s\u0103 p\u0103streze spiritul care a consacrat festivalul \u00eenc\u0103 de la prima edi\u021bie: promovarea muzicii de calitate \u00eentr-un cadru natural spectaculos, unde publicul \u0219i arti\u0219tii \u00eemp\u0103rt\u0103\u0219esc aceea\u0219i experien\u021b\u0103 autentic\u0103.<\/p>\n<h2 class=\"wp-block-heading\">Consiliul Jude\u021bean Timi\u0219: Un festival care promoveaz\u0103 identitatea Banatului<\/h2>\n<p class=\"wp-block-paragraph\">Consiliul Jude\u021bean Timi\u0219 \u00ee\u0219i reafirm\u0103 sprijinul pentru G\u0103r\u00e2na Jazz Festival, apreciind rolul pe care acesta \u00eel are \u00een promovarea patrimoniului cultural \u0219i turistic al Banatului.<\/p>\n<p class=\"wp-block-paragraph\">Reprezentan\u021bii institu\u021biei subliniaz\u0103 c\u0103 festivalul vorbe\u0219te despre identitatea regiunii \u0219i despre capacitatea culturii de a crea leg\u0103turi \u00eentre oameni, contribuind \u00een acela\u0219i timp la dezvoltarea turismului \u0219i la promovarea imaginii Banatului \u00een \u021bar\u0103 \u0219i peste hotare.<\/p>\n<h2 class=\"wp-block-heading\">G\u0103r\u00e2na r\u0103m\u00e2ne una dintre destina\u021biile culturale ale verii<\/h2>\n<p class=\"wp-block-paragraph\">Dup\u0103 30 de edi\u021bii, G\u0103r\u00e2na Jazz Festival continu\u0103 s\u0103 fie unul dintre cele mai apreciate evenimente culturale organizate \u00een vestul Rom\u00e2niei, reunind \u00een fiecare an mii de spectatori \u00eentr-un decor natural spectaculos.<\/p>\n<p class=\"wp-block-paragraph\">Edi\u021bia din acest an promite patru zile de concerte, \u00eent\u00e2lniri cu arti\u0219ti din \u00eentreaga lume \u0219i experien\u021be muzicale care consolideaz\u0103 statutul G\u0103r\u00e2nei ca una dintre cele mai importante destina\u021bii dedicate jazzului din aceast\u0103 parte a Europei.<\/p>\n<\/div>\n<p>[analyse_source url=&#8221;https:\/\/orasul-timisoara.ro\/local-39590\/&#8221;]<\/p>\n","protected":false},"excerpt":{"rendered":"<p>[analyse_image type=&#8221;featured&#8221; src=&#8221;https:\/\/orasul-timisoara.ro\/wp-content\/uploads\/2026\/07\/Screenshot-2026-07-09-at-13.52.15.jpg&#8221;] Administra\u021bie local\u0103G\u0103r\u00e2na Jazz Festival s\u0103rb\u0103tore\u0219te 30 de ani cu arti\u0219ti din 11 \u021b\u0103ri Administra\u021bie local\u0103 Evenimente in Timisoara \u0218tiri Locale G\u0103r\u00e2na Jazz Festival s\u0103rb\u0103tore\u0219te 30 de ani cu arti\u0219ti din 11 \u021b\u0103ri De c\u0103tre redactia &#8211; 09\/07\/2026 Facebook Twitter WhatsApp Linkedin ReddIt Email Imprimare G\u0103r\u00e2na Jazz Festival, unul dintre cele mai importante [&hellip;]<\/p>\n","protected":false},"author":1,"featured_media":0,"comment_status":"open","ping_status":"","sticky":false,"template":"","format":"standard","meta":{"footnotes":""},"categories":[89],"tags":[226,189],"class_list":["post-2036408","post","type-post","status-publish","format-standard","hentry","category-romania","tag-crawlmanager","tag-orasul-timisoara-ro"],"_links":{"self":[{"href":"https:\/\/analyse.optim.biz\/index.php?rest_route=\/wp\/v2\/posts\/2036408","targetHints":{"allow":["GET"]}}],"collection":[{"href":"https:\/\/analyse.optim.biz\/index.php?rest_route=\/wp\/v2\/posts"}],"about":[{"href":"https:\/\/analyse.optim.biz\/index.php?rest_route=\/wp\/v2\/types\/post"}],"author":[{"embeddable":true,"href":"https:\/\/analyse.optim.biz\/index.php?rest_route=\/wp\/v2\/users\/1"}],"replies":[{"embeddable":true,"href":"https:\/\/analyse.optim.biz\/index.php?rest_route=%2Fwp%2Fv2%2Fcomments&post=2036408"}],"version-history":[{"count":0,"href":"https:\/\/analyse.optim.biz\/index.php?rest_route=\/wp\/v2\/posts\/2036408\/revisions"}],"wp:attachment":[{"href":"https:\/\/analyse.optim.biz\/index.php?rest_route=%2Fwp%2Fv2%2Fmedia&parent=2036408"}],"wp:term":[{"taxonomy":"category","embeddable":true,"href":"https:\/\/analyse.optim.biz\/index.php?rest_route=%2Fwp%2Fv2%2Fcategories&post=2036408"},{"taxonomy":"post_tag","embeddable":true,"href":"https:\/\/analyse.optim.biz\/index.php?rest_route=%2Fwp%2Fv2%2Ftags&post=2036408"}],"curies":[{"name":"wp","href":"https:\/\/api.w.org\/{rel}","templated":true}]}}