{"id":2036217,"date":"2026-07-10T06:29:43","date_gmt":"2026-07-10T03:29:43","guid":{"rendered":"https:\/\/analyse.optim.biz\/?p=2036217"},"modified":"2026-07-10T06:29:43","modified_gmt":"2026-07-10T03:29:43","slug":"ansamblul-folcloric-doina-casimcei-continua-sa-scrie-noi-capitole-ale-devenirii-sale-si-sa-aduca-acasa-premii-si-trofee","status":"publish","type":"post","link":"https:\/\/analyse.optim.biz\/?p=2036217","title":{"rendered":"Ansamblul Folcloric \u201eDoina Casimcei\u201d continu\u0103 s\u0103 scrie noi capitole ale devenirii sale \u0219i s\u0103 aduc\u0103 acas\u0103 premii \u0219i trofee"},"content":{"rendered":"<p>[analyse_image type=&#8221;featured&#8221; src=&#8221;https:\/\/dobrogeanews.b-cdn.net\/wp-content\/uploads\/2026\/07\/ansamblul-doina-casimcei-harsova1.jpg&#8221;]<\/p>\n<div id=\"post-71821\" class=\"entry single-default post-71821 post type-post status-publish format-standard has-post-thumbnail hentry category-info\">\n<div>\n<div class=\"ss-follow-wrapper ss-clearfix ss-regular-buttons ss-columns-1 ss-default-style\">\n<div class=\"ss-follow-column\" data-ss-sf-network-id=\"&quot;facebook&quot;\"><a href=\"https:\/\/www.facebook.com\/dobrogeanews\" class=\"ss-follow-network ss-facebook-color\" rel=\"nofollow noopener\" aria-label=\"facebook\" target=\"_blank\"><span class=\"ss-follow-network-label\">Urm\u0103re\u015fte-ne \u015fi pe Facebook!<\/span><span class=\"ss-follow-network-count\"><span class=\"ss-follow-network-count-number\">57K<\/span><span class=\"ss-follow-network-count-label\">Followers<\/span><\/span><\/a><\/div>\n<\/div>\n<\/div>\n<p>Ansamblul Folcloric \u201eDoina Casimcei\u201d este un grup de dans \u0219i muzic\u0103 tradi\u021bional\u0103 din \u021ainutul de piatr\u0103 , soare \u0219i v\u00e2nt al Casimcei, a fost \u00eenfiin\u021bat \u00een anul 2011 \u0219i de atunci, genera\u021bii dup\u0103 genera\u021bii \u00eenva\u021b\u0103 \u0219i transmit mai departe pove\u0219tile b\u0103tr\u00e2nilor cei vechi pentru care tradi\u021bia \u0219i obiceiurile str\u0103bune erau darul identit\u0103\u021bii oamenilor ar\u0219i de soarele Dobrogei.<\/p>\n<figure class=\"wp-block-image size-full is-resized\">\n<source type=\"image\/webp\" data-lazy-srcset=\"https:\/\/dobrogeanews.b-cdn.net\/wp-content\/uploads\/2026\/07\/ansamblul-doina-casimcei-harsova1.jpg.webp 2560w, https:\/\/dobrogeanews.b-cdn.net\/wp-content\/uploads\/2026\/07\/ansamblul-doina-casimcei-harsova1-300x152.jpg.webp 300w, https:\/\/dobrogeanews.b-cdn.net\/wp-content\/uploads\/2026\/07\/ansamblul-doina-casimcei-harsova1-1024x519.jpg.webp 1024w, https:\/\/dobrogeanews.b-cdn.net\/wp-content\/uploads\/2026\/07\/ansamblul-doina-casimcei-harsova1-768x389.jpg.webp 768w, https:\/\/dobrogeanews.b-cdn.net\/wp-content\/uploads\/2026\/07\/ansamblul-doina-casimcei-harsova1-1536x778.jpg.webp 1536w, https:\/\/dobrogeanews.b-cdn.net\/wp-content\/uploads\/2026\/07\/ansamblul-doina-casimcei-harsova1-2048x1038.jpg.webp 2048w\" sizes=\"(max-width: 640px) 100vw, 640px\" \/><br \/>\n<img loading=\"lazy\" decoding=\"async\" src=\"https:\/\/dobrogeanews.b-cdn.net\/wp-content\/uploads\/2026\/07\/ansamblul-doina-casimcei-harsova1.jpg\" alt=\"Doina Casimcei la Festivalul Vara Talentelor H\u00e2r\u0219ova 2026\" width=\"640\" height=\"324\"><\/figure>\n<p>Copiii au investit pasiune, talent, d\u0103ruire de-a lungul timpului \u0219i au dus numele \u201eCasimcea\u201d pe toate scenele pe care au fost prezen\u021bi, \u00een \u021bar\u0103 \u0219i \u00een str\u0103in\u0103tate. Administra\u021bia public\u0103 local\u0103, sponsorii din zon\u0103 i-au ajutat s\u0103 ajung\u0103 mereu acolo unde sunt invita\u021bi, s\u0103 povesteasc\u0103 \u00eentr-un mod cu totul inedit istoria devenirii poporului rom\u00e2n \u0219i, \u00eendeosebi, a p\u0103r\u021bii str\u0103vechi a Dobrogei, \u021binutul Casimcei. <\/p>\n<p>\u00centotdeauna, dar \u00eentotdeauna(!) s-au \u00eentors acas\u0103 cu medalii, trofee \u0219i diplome \u0219i, evident, cu dorin\u021ba de a fi tot mai buni.<\/p>\n<figure class=\"wp-block-image size-full is-resized\">\n<source type=\"image\/webp\" data-lazy-srcset=\"https:\/\/dobrogeanews.b-cdn.net\/wp-content\/uploads\/2026\/07\/ansamblul-doina-casimcei-harsova2.jpg.webp 2560w, https:\/\/dobrogeanews.b-cdn.net\/wp-content\/uploads\/2026\/07\/ansamblul-doina-casimcei-harsova2-300x246.jpg.webp 300w, https:\/\/dobrogeanews.b-cdn.net\/wp-content\/uploads\/2026\/07\/ansamblul-doina-casimcei-harsova2-1024x840.jpg.webp 1024w, https:\/\/dobrogeanews.b-cdn.net\/wp-content\/uploads\/2026\/07\/ansamblul-doina-casimcei-harsova2-768x630.jpg.webp 768w, https:\/\/dobrogeanews.b-cdn.net\/wp-content\/uploads\/2026\/07\/ansamblul-doina-casimcei-harsova2-1536x1260.jpg.webp 1536w, https:\/\/dobrogeanews.b-cdn.net\/wp-content\/uploads\/2026\/07\/ansamblul-doina-casimcei-harsova2-2048x1680.jpg.webp 2048w\" sizes=\"(max-width: 640px) 100vw, 640px\" \/><br \/>\n<img loading=\"lazy\" decoding=\"async\" src=\"https:\/\/dobrogeanews.b-cdn.net\/wp-content\/uploads\/2026\/07\/ansamblul-doina-casimcei-harsova2.jpg\" alt=\"Doina Casimcei la Festivalul Vara Talentelor H\u00e2r\u0219ova 2026\" width=\"640\" height=\"525\"><\/figure>\n<p>Ultima lor \u201eie\u0219ire\u2019 a fost la H\u00e2r\u0219ova, la Festivalul \u201eVara Talentelor\u201d, un festival structurat pe dou\u0103 mari sec\u021biuni: interpretare \u0219i jocuri populare.  Cei 29 de participan\u021bi de la Casimcea \u0219i-au pus sufletul pe scen\u0103 \u0219i au cucerit jura\u021bii \u0219i spectatorii \u0219i multe \u0219i valoroase premii:<\/p>\n<p>Premiul 1 grupul vocal (format din 14 fete)<\/p>\n<p>Premiul 1 special\u00a0 Vicovan Sophia Elena\u00a0\u00a0\u00a0 9 ani<\/p>\n<p>Premiul 1\u00a0 Ni\u021bu Anastasia 12 ani<\/p>\n<p>Premiul 2\u00a0 Bang\u0103l\u0103 Elena Loredana 14 ani<\/p>\n<p>Premiul 2\u00a0 Mavru Cristina\u00a0 Cristina 12 ani<\/p>\n<figure class=\"wp-block-image size-full is-resized\">\n<source type=\"image\/webp\" data-lazy-srcset=\"https:\/\/dobrogeanews.b-cdn.net\/wp-content\/uploads\/2026\/07\/ansamblul-doina-casimcei-harsova3.jpg.webp 2560w, https:\/\/dobrogeanews.b-cdn.net\/wp-content\/uploads\/2026\/07\/ansamblul-doina-casimcei-harsova3-300x246.jpg.webp 300w, https:\/\/dobrogeanews.b-cdn.net\/wp-content\/uploads\/2026\/07\/ansamblul-doina-casimcei-harsova3-1024x840.jpg.webp 1024w, https:\/\/dobrogeanews.b-cdn.net\/wp-content\/uploads\/2026\/07\/ansamblul-doina-casimcei-harsova3-768x630.jpg.webp 768w, https:\/\/dobrogeanews.b-cdn.net\/wp-content\/uploads\/2026\/07\/ansamblul-doina-casimcei-harsova3-1536x1260.jpg.webp 1536w, https:\/\/dobrogeanews.b-cdn.net\/wp-content\/uploads\/2026\/07\/ansamblul-doina-casimcei-harsova3-2048x1680.jpg.webp 2048w\" sizes=\"(max-width: 640px) 100vw, 640px\" \/><br \/>\n<img loading=\"lazy\" decoding=\"async\" src=\"https:\/\/dobrogeanews.b-cdn.net\/wp-content\/uploads\/2026\/07\/ansamblul-doina-casimcei-harsova3.jpg\" alt=\"Doina Casimcei la Festivalul Vara Talentelor H\u00e2r\u0219ova 2026\" width=\"640\" height=\"525\"><\/figure>\n<p>\u201eLa H\u00e2r\u0219ova a fost \u201e\u00eenc\u00e2lzirea\u201d pentru micii no\u0219tri eroi, de unde au venit cu un trofeu \u0219i cu numeroase premii. Binemeritate, \u00eendr\u0103znesc s\u0103 spun pentru c\u0103 ace\u0219ti copii chiar muncesc foarte mult, se preg\u0103tesc \u0219i au \u0219i rezultate \u0219colare deosebite. \u0218i nu este deloc u\u0219or. Spuneam c\u0103 \u0219i-au f\u0103cut \u00eenc\u0103lzirea pentru c\u0103 urmeaz\u0103 s\u0103 participe \u00een luna August la un festival \u00een Bulgaria, unde vor prezenta, cum \u0219tiu ei mai bine tradi\u021biile \u0219i folclorul rom\u00e2nesc, povestea at\u00e2t de frumoas\u0103 a Dobrogei cu notele ei unice.<\/p>\n<figure class=\"wp-block-image size-full is-resized\">\n<source type=\"image\/webp\" data-lazy-srcset=\"https:\/\/dobrogeanews.b-cdn.net\/wp-content\/uploads\/2026\/07\/ansamblul-doina-casimcei-harsova4.jpg.webp 2560w, https:\/\/dobrogeanews.b-cdn.net\/wp-content\/uploads\/2026\/07\/ansamblul-doina-casimcei-harsova4-300x246.jpg.webp 300w, https:\/\/dobrogeanews.b-cdn.net\/wp-content\/uploads\/2026\/07\/ansamblul-doina-casimcei-harsova4-1024x840.jpg.webp 1024w, https:\/\/dobrogeanews.b-cdn.net\/wp-content\/uploads\/2026\/07\/ansamblul-doina-casimcei-harsova4-768x630.jpg.webp 768w, https:\/\/dobrogeanews.b-cdn.net\/wp-content\/uploads\/2026\/07\/ansamblul-doina-casimcei-harsova4-1536x1260.jpg.webp 1536w, https:\/\/dobrogeanews.b-cdn.net\/wp-content\/uploads\/2026\/07\/ansamblul-doina-casimcei-harsova4-2048x1680.jpg.webp 2048w\" sizes=\"(max-width: 640px) 100vw, 640px\" \/><br \/>\n<img loading=\"lazy\" decoding=\"async\" src=\"https:\/\/dobrogeanews.b-cdn.net\/wp-content\/uploads\/2026\/07\/ansamblul-doina-casimcei-harsova4.jpg\" alt=\"Doina Casimcei la Festivalul Vara Talentelor H\u00e2r\u0219ova 2026\" width=\"640\" height=\"525\"><\/figure>\n<p>Suntem m\u00e2ndri de copiii no\u0219tri, suntem bucuro\u0219i c\u0103 reu\u0219im ca tradi\u021bia \u0219i obiceiurile str\u0103bune s\u0103 nu se sting\u0103 \u00een valul imens de modernitate \u00een care tr\u0103im la urma urmei. Istoria noastr\u0103, tradi\u021biile, obiceiurile str\u0103vechi, amintirile fiec\u0103rui casimcean, contribuie la identitatea noastr\u0103 s\u0103pat\u0103 \u00een pietrele astea str\u0103vechi de pe la \u00eenceputul lumii, b\u0103tute de v\u00e2nturi \u0219i arse de soarele Dobrogei. <\/p>\n<p>\u00cei vom sus\u021bine at\u00e2t c\u00e2t vom putea, s\u0103 mearg\u0103 peste tot \u00een \u021bar\u0103 \u0219i-n afara ei pentru c\u0103 \u00een felul acesta se va vorbi mereu despre Casimcea, oamenii ne vor descoperi \u0219i, poate, vor dori s\u0103 ne cunoasc\u0103 \u0219i aici, acas\u0103\u201d <\/p>\n<p>ne-a m\u0103rturisit Gheorghe \u021ailinc\u0103, primarul Comunei Casimcea.<\/p>\n<div class=\"monsterinsights-inline-popular-posts monsterinsights-inline-popular-posts-charlie monsterinsights-popular-posts-styled\">\n<div class=\"monsterinsights-inline-popular-posts-text\"><span class=\"monsterinsights-inline-popular-posts-label\">Vezi \u0219i:<\/span><\/p>\n<div class=\"monsterinsights-inline-popular-posts-post\"><a class=\"monsterinsights-inline-popular-posts-title\" href=\"https:\/\/www.dobrogeanews.ro\/santierul-naval-vard-shipyards-tulcea-nkt-eleonora-prima-nava-din-lume-de-pozare-a-cablurilor-care-functioneaza-cu-e-metanol-la-standardele-moderne-de-mediu\/\">\u0218antierul Naval Vard Shipyards Tulcea: NKT Eleonora, prima nav\u0103 din lume (de pozare a cablurilor) care func\u021bioneaz\u0103 cu e-metanol, la standardele moderne de mediu<\/a><\/div>\n<div class=\"monsterinsights-inline-popular-posts-post\"><a class=\"monsterinsights-inline-popular-posts-title\" href=\"https:\/\/www.dobrogeanews.ro\/dupa-aprobarea-bugetului-2026-la-babadag-se-deschid-alte-santiere-de-investitii\/\">Dup\u0103 aprobarea bugetului 2026, la Babadag se deschid alte \u0219antiere de investi\u021bii<\/a><\/div>\n<div class=\"monsterinsights-inline-popular-posts-post\"><a class=\"monsterinsights-inline-popular-posts-title\" href=\"https:\/\/www.dobrogeanews.ro\/eveniment-medical-de-exceptie-la-spitalul-judetean-de-urgenta-tulcea-alaturi-de-clubul-de-chirurgie-oncoplastica-a-sanului\/\">Eveniment medical de excep\u021bie la Spitalul Jude\u021bean de Urgen\u021b\u0103 Tulcea al\u0103turi de Clubul de Chirurgie Oncoplastic\u0103 a S\u00e2nului<\/a><\/div>\n<\/div>\n<\/div>\n<p class=\"has-text-align-center has-white-color has-text-color has-background\"><span><a href=\"https:\/\/news.google.com\/publications\/CAAqBwgKMIu5pgsw88O-Aw?ceid=RO:ro&amp;oc=3\">Urm\u0103ri\u0163i \u015etirile Dobrogeanews \u015fi pe Google News<\/a><\/span><\/p>\n<\/div>\n<div id=\"post-71821\" class=\"entry single-default post-71821 post type-post status-publish format-standard has-post-thumbnail hentry category-info\">\n<div>\n<div class=\"ss-follow-wrapper ss-clearfix ss-regular-buttons ss-columns-1 ss-default-style\">\n<div class=\"ss-follow-column\" data-ss-sf-network-id=\"&quot;facebook&quot;\"><a href=\"https:\/\/www.facebook.com\/dobrogeanews\" class=\"ss-follow-network ss-facebook-color\" rel=\"nofollow noopener\" aria-label=\"facebook\" target=\"_blank\"><span class=\"ss-follow-network-label\">Urm\u0103re\u015fte-ne \u015fi pe Facebook!<\/span><span class=\"ss-follow-network-count\"><span class=\"ss-follow-network-count-number\">57K<\/span><span class=\"ss-follow-network-count-label\">Followers<\/span><\/span><\/a><\/div>\n<\/div>\n<\/div>\n<p>Ansamblul Folcloric \u201eDoina Casimcei\u201d este un grup de dans \u0219i muzic\u0103 tradi\u021bional\u0103 din \u021ainutul de piatr\u0103 , soare \u0219i v\u00e2nt al Casimcei, a fost \u00eenfiin\u021bat \u00een anul 2011 \u0219i de atunci, genera\u021bii dup\u0103 genera\u021bii \u00eenva\u021b\u0103 \u0219i transmit mai departe pove\u0219tile b\u0103tr\u00e2nilor cei vechi pentru care tradi\u021bia \u0219i obiceiurile str\u0103bune erau darul identit\u0103\u021bii oamenilor ar\u0219i de soarele Dobrogei.<\/p>\n<figure class=\"wp-block-image size-full is-resized\">\n<source type=\"image\/webp\" data-lazy-srcset=\"https:\/\/dobrogeanews.b-cdn.net\/wp-content\/uploads\/2026\/07\/ansamblul-doina-casimcei-harsova1.jpg.webp 2560w, https:\/\/dobrogeanews.b-cdn.net\/wp-content\/uploads\/2026\/07\/ansamblul-doina-casimcei-harsova1-300x152.jpg.webp 300w, https:\/\/dobrogeanews.b-cdn.net\/wp-content\/uploads\/2026\/07\/ansamblul-doina-casimcei-harsova1-1024x519.jpg.webp 1024w, https:\/\/dobrogeanews.b-cdn.net\/wp-content\/uploads\/2026\/07\/ansamblul-doina-casimcei-harsova1-768x389.jpg.webp 768w, https:\/\/dobrogeanews.b-cdn.net\/wp-content\/uploads\/2026\/07\/ansamblul-doina-casimcei-harsova1-1536x778.jpg.webp 1536w, https:\/\/dobrogeanews.b-cdn.net\/wp-content\/uploads\/2026\/07\/ansamblul-doina-casimcei-harsova1-2048x1038.jpg.webp 2048w\" sizes=\"(max-width: 640px) 100vw, 640px\" \/><br \/>\n<img loading=\"lazy\" decoding=\"async\" src=\"https:\/\/dobrogeanews.b-cdn.net\/wp-content\/uploads\/2026\/07\/ansamblul-doina-casimcei-harsova1.jpg\" alt=\"Doina Casimcei la Festivalul Vara Talentelor H\u00e2r\u0219ova 2026\" width=\"640\" height=\"324\"><\/figure>\n<p>Copiii au investit pasiune, talent, d\u0103ruire de-a lungul timpului \u0219i au dus numele \u201eCasimcea\u201d pe toate scenele pe care au fost prezen\u021bi, \u00een \u021bar\u0103 \u0219i \u00een str\u0103in\u0103tate. Administra\u021bia public\u0103 local\u0103, sponsorii din zon\u0103 i-au ajutat s\u0103 ajung\u0103 mereu acolo unde sunt invita\u021bi, s\u0103 povesteasc\u0103 \u00eentr-un mod cu totul inedit istoria devenirii poporului rom\u00e2n \u0219i, \u00eendeosebi, a p\u0103r\u021bii str\u0103vechi a Dobrogei, \u021binutul Casimcei. <\/p>\n<p>\u00centotdeauna, dar \u00eentotdeauna(!) s-au \u00eentors acas\u0103 cu medalii, trofee \u0219i diplome \u0219i, evident, cu dorin\u021ba de a fi tot mai buni.<\/p>\n<figure class=\"wp-block-image size-full is-resized\">\n<source type=\"image\/webp\" data-lazy-srcset=\"https:\/\/dobrogeanews.b-cdn.net\/wp-content\/uploads\/2026\/07\/ansamblul-doina-casimcei-harsova2.jpg.webp 2560w, https:\/\/dobrogeanews.b-cdn.net\/wp-content\/uploads\/2026\/07\/ansamblul-doina-casimcei-harsova2-300x246.jpg.webp 300w, https:\/\/dobrogeanews.b-cdn.net\/wp-content\/uploads\/2026\/07\/ansamblul-doina-casimcei-harsova2-1024x840.jpg.webp 1024w, https:\/\/dobrogeanews.b-cdn.net\/wp-content\/uploads\/2026\/07\/ansamblul-doina-casimcei-harsova2-768x630.jpg.webp 768w, https:\/\/dobrogeanews.b-cdn.net\/wp-content\/uploads\/2026\/07\/ansamblul-doina-casimcei-harsova2-1536x1260.jpg.webp 1536w, https:\/\/dobrogeanews.b-cdn.net\/wp-content\/uploads\/2026\/07\/ansamblul-doina-casimcei-harsova2-2048x1680.jpg.webp 2048w\" sizes=\"(max-width: 640px) 100vw, 640px\" \/><br \/>\n<img loading=\"lazy\" decoding=\"async\" src=\"https:\/\/dobrogeanews.b-cdn.net\/wp-content\/uploads\/2026\/07\/ansamblul-doina-casimcei-harsova2.jpg\" alt=\"Doina Casimcei la Festivalul Vara Talentelor H\u00e2r\u0219ova 2026\" width=\"640\" height=\"525\"><\/figure>\n<p>Ultima lor \u201eie\u0219ire\u2019 a fost la H\u00e2r\u0219ova, la Festivalul \u201eVara Talentelor\u201d, un festival structurat pe dou\u0103 mari sec\u021biuni: interpretare \u0219i jocuri populare.  Cei 29 de participan\u021bi de la Casimcea \u0219i-au pus sufletul pe scen\u0103 \u0219i au cucerit jura\u021bii \u0219i spectatorii \u0219i multe \u0219i valoroase premii:<\/p>\n<p>Premiul 1 grupul vocal (format din 14 fete)<\/p>\n<p>Premiul 1 special\u00a0 Vicovan Sophia Elena\u00a0\u00a0\u00a0 9 ani<\/p>\n<p>Premiul 1\u00a0 Ni\u021bu Anastasia 12 ani<\/p>\n<p>Premiul 2\u00a0 Bang\u0103l\u0103 Elena Loredana 14 ani<\/p>\n<p>Premiul 2\u00a0 Mavru Cristina\u00a0 Cristina 12 ani<\/p>\n<figure class=\"wp-block-image size-full is-resized\">\n<source type=\"image\/webp\" data-lazy-srcset=\"https:\/\/dobrogeanews.b-cdn.net\/wp-content\/uploads\/2026\/07\/ansamblul-doina-casimcei-harsova3.jpg.webp 2560w, https:\/\/dobrogeanews.b-cdn.net\/wp-content\/uploads\/2026\/07\/ansamblul-doina-casimcei-harsova3-300x246.jpg.webp 300w, https:\/\/dobrogeanews.b-cdn.net\/wp-content\/uploads\/2026\/07\/ansamblul-doina-casimcei-harsova3-1024x840.jpg.webp 1024w, https:\/\/dobrogeanews.b-cdn.net\/wp-content\/uploads\/2026\/07\/ansamblul-doina-casimcei-harsova3-768x630.jpg.webp 768w, https:\/\/dobrogeanews.b-cdn.net\/wp-content\/uploads\/2026\/07\/ansamblul-doina-casimcei-harsova3-1536x1260.jpg.webp 1536w, https:\/\/dobrogeanews.b-cdn.net\/wp-content\/uploads\/2026\/07\/ansamblul-doina-casimcei-harsova3-2048x1680.jpg.webp 2048w\" sizes=\"(max-width: 640px) 100vw, 640px\" \/><br \/>\n<img loading=\"lazy\" decoding=\"async\" src=\"https:\/\/dobrogeanews.b-cdn.net\/wp-content\/uploads\/2026\/07\/ansamblul-doina-casimcei-harsova3.jpg\" alt=\"Doina Casimcei la Festivalul Vara Talentelor H\u00e2r\u0219ova 2026\" width=\"640\" height=\"525\"><\/figure>\n<p>\u201eLa H\u00e2r\u0219ova a fost \u201e\u00eenc\u00e2lzirea\u201d pentru micii no\u0219tri eroi, de unde au venit cu un trofeu \u0219i cu numeroase premii. Binemeritate, \u00eendr\u0103znesc s\u0103 spun pentru c\u0103 ace\u0219ti copii chiar muncesc foarte mult, se preg\u0103tesc \u0219i au \u0219i rezultate \u0219colare deosebite. \u0218i nu este deloc u\u0219or. Spuneam c\u0103 \u0219i-au f\u0103cut \u00eenc\u0103lzirea pentru c\u0103 urmeaz\u0103 s\u0103 participe \u00een luna August la un festival \u00een Bulgaria, unde vor prezenta, cum \u0219tiu ei mai bine tradi\u021biile \u0219i folclorul rom\u00e2nesc, povestea at\u00e2t de frumoas\u0103 a Dobrogei cu notele ei unice.<\/p>\n<figure class=\"wp-block-image size-full is-resized\">\n<source type=\"image\/webp\" data-lazy-srcset=\"https:\/\/dobrogeanews.b-cdn.net\/wp-content\/uploads\/2026\/07\/ansamblul-doina-casimcei-harsova4.jpg.webp 2560w, https:\/\/dobrogeanews.b-cdn.net\/wp-content\/uploads\/2026\/07\/ansamblul-doina-casimcei-harsova4-300x246.jpg.webp 300w, https:\/\/dobrogeanews.b-cdn.net\/wp-content\/uploads\/2026\/07\/ansamblul-doina-casimcei-harsova4-1024x840.jpg.webp 1024w, https:\/\/dobrogeanews.b-cdn.net\/wp-content\/uploads\/2026\/07\/ansamblul-doina-casimcei-harsova4-768x630.jpg.webp 768w, https:\/\/dobrogeanews.b-cdn.net\/wp-content\/uploads\/2026\/07\/ansamblul-doina-casimcei-harsova4-1536x1260.jpg.webp 1536w, https:\/\/dobrogeanews.b-cdn.net\/wp-content\/uploads\/2026\/07\/ansamblul-doina-casimcei-harsova4-2048x1680.jpg.webp 2048w\" sizes=\"(max-width: 640px) 100vw, 640px\" \/><br \/>\n<img loading=\"lazy\" decoding=\"async\" src=\"https:\/\/dobrogeanews.b-cdn.net\/wp-content\/uploads\/2026\/07\/ansamblul-doina-casimcei-harsova4.jpg\" alt=\"Doina Casimcei la Festivalul Vara Talentelor H\u00e2r\u0219ova 2026\" width=\"640\" height=\"525\"><\/figure>\n<p>Suntem m\u00e2ndri de copiii no\u0219tri, suntem bucuro\u0219i c\u0103 reu\u0219im ca tradi\u021bia \u0219i obiceiurile str\u0103bune s\u0103 nu se sting\u0103 \u00een valul imens de modernitate \u00een care tr\u0103im la urma urmei. Istoria noastr\u0103, tradi\u021biile, obiceiurile str\u0103vechi, amintirile fiec\u0103rui casimcean, contribuie la identitatea noastr\u0103 s\u0103pat\u0103 \u00een pietrele astea str\u0103vechi de pe la \u00eenceputul lumii, b\u0103tute de v\u00e2nturi \u0219i arse de soarele Dobrogei. <\/p>\n<p>\u00cei vom sus\u021bine at\u00e2t c\u00e2t vom putea, s\u0103 mearg\u0103 peste tot \u00een \u021bar\u0103 \u0219i-n afara ei pentru c\u0103 \u00een felul acesta se va vorbi mereu despre Casimcea, oamenii ne vor descoperi \u0219i, poate, vor dori s\u0103 ne cunoasc\u0103 \u0219i aici, acas\u0103\u201d <\/p>\n<p>ne-a m\u0103rturisit Gheorghe \u021ailinc\u0103, primarul Comunei Casimcea.<\/p>\n<div class=\"monsterinsights-inline-popular-posts monsterinsights-inline-popular-posts-charlie monsterinsights-popular-posts-styled\">\n<div class=\"monsterinsights-inline-popular-posts-text\"><span class=\"monsterinsights-inline-popular-posts-label\">Vezi \u0219i:<\/span><\/p>\n<div class=\"monsterinsights-inline-popular-posts-post\"><a class=\"monsterinsights-inline-popular-posts-title\" href=\"https:\/\/www.dobrogeanews.ro\/santierul-naval-vard-shipyards-tulcea-nkt-eleonora-prima-nava-din-lume-de-pozare-a-cablurilor-care-functioneaza-cu-e-metanol-la-standardele-moderne-de-mediu\/\">\u0218antierul Naval Vard Shipyards Tulcea: NKT Eleonora, prima nav\u0103 din lume (de pozare a cablurilor) care func\u021bioneaz\u0103 cu e-metanol, la standardele moderne de mediu<\/a><\/div>\n<div class=\"monsterinsights-inline-popular-posts-post\"><a class=\"monsterinsights-inline-popular-posts-title\" href=\"https:\/\/www.dobrogeanews.ro\/dupa-aprobarea-bugetului-2026-la-babadag-se-deschid-alte-santiere-de-investitii\/\">Dup\u0103 aprobarea bugetului 2026, la Babadag se deschid alte \u0219antiere de investi\u021bii<\/a><\/div>\n<div class=\"monsterinsights-inline-popular-posts-post\"><a class=\"monsterinsights-inline-popular-posts-title\" href=\"https:\/\/www.dobrogeanews.ro\/eveniment-medical-de-exceptie-la-spitalul-judetean-de-urgenta-tulcea-alaturi-de-clubul-de-chirurgie-oncoplastica-a-sanului\/\">Eveniment medical de excep\u021bie la Spitalul Jude\u021bean de Urgen\u021b\u0103 Tulcea al\u0103turi de Clubul de Chirurgie Oncoplastic\u0103 a S\u00e2nului<\/a><\/div>\n<\/div>\n<\/div>\n<p class=\"has-text-align-center has-white-color has-text-color has-background\"><span><a href=\"https:\/\/news.google.com\/publications\/CAAqBwgKMIu5pgsw88O-Aw?ceid=RO:ro&amp;oc=3\">Urm\u0103ri\u0163i \u015etirile Dobrogeanews \u015fi pe Google News<\/a><\/span><\/p>\n<\/div>\n<p>[analyse_source url=&#8221;https:\/\/www.dobrogeanews.ro\/ansamblul-folcloric-doina-casimcei-continua-sa-scrie-noi-capitol-ale-devenirii-sale-si-sa-aduca-acasa-premii-si-trofee\/&#8221;]<\/p>\n","protected":false},"excerpt":{"rendered":"<p>[analyse_image type=&#8221;featured&#8221; src=&#8221;https:\/\/dobrogeanews.b-cdn.net\/wp-content\/uploads\/2026\/07\/ansamblul-doina-casimcei-harsova1.jpg&#8221;] Urm\u0103re\u015fte-ne \u015fi pe Facebook!57KFollowers Ansamblul Folcloric \u201eDoina Casimcei\u201d este un grup de dans \u0219i muzic\u0103 tradi\u021bional\u0103 din \u021ainutul de piatr\u0103 , soare \u0219i v\u00e2nt al Casimcei, a fost \u00eenfiin\u021bat \u00een anul 2011 \u0219i de atunci, genera\u021bii dup\u0103 genera\u021bii \u00eenva\u021b\u0103 \u0219i transmit mai departe pove\u0219tile b\u0103tr\u00e2nilor cei vechi pentru care tradi\u021bia \u0219i obiceiurile [&hellip;]<\/p>\n","protected":false},"author":1,"featured_media":0,"comment_status":"open","ping_status":"","sticky":false,"template":"","format":"standard","meta":{"footnotes":""},"categories":[89],"tags":[226,223],"class_list":["post-2036217","post","type-post","status-publish","format-standard","hentry","category-romania","tag-crawlmanager","tag-dobrogeanews-ro"],"_links":{"self":[{"href":"https:\/\/analyse.optim.biz\/index.php?rest_route=\/wp\/v2\/posts\/2036217","targetHints":{"allow":["GET"]}}],"collection":[{"href":"https:\/\/analyse.optim.biz\/index.php?rest_route=\/wp\/v2\/posts"}],"about":[{"href":"https:\/\/analyse.optim.biz\/index.php?rest_route=\/wp\/v2\/types\/post"}],"author":[{"embeddable":true,"href":"https:\/\/analyse.optim.biz\/index.php?rest_route=\/wp\/v2\/users\/1"}],"replies":[{"embeddable":true,"href":"https:\/\/analyse.optim.biz\/index.php?rest_route=%2Fwp%2Fv2%2Fcomments&post=2036217"}],"version-history":[{"count":0,"href":"https:\/\/analyse.optim.biz\/index.php?rest_route=\/wp\/v2\/posts\/2036217\/revisions"}],"wp:attachment":[{"href":"https:\/\/analyse.optim.biz\/index.php?rest_route=%2Fwp%2Fv2%2Fmedia&parent=2036217"}],"wp:term":[{"taxonomy":"category","embeddable":true,"href":"https:\/\/analyse.optim.biz\/index.php?rest_route=%2Fwp%2Fv2%2Fcategories&post=2036217"},{"taxonomy":"post_tag","embeddable":true,"href":"https:\/\/analyse.optim.biz\/index.php?rest_route=%2Fwp%2Fv2%2Ftags&post=2036217"}],"curies":[{"name":"wp","href":"https:\/\/api.w.org\/{rel}","templated":true}]}}