{"id":2036113,"date":"2026-07-09T06:00:22","date_gmt":"2026-07-09T03:00:22","guid":{"rendered":"https:\/\/analyse.optim.biz\/?p=2036113"},"modified":"2026-07-09T06:00:22","modified_gmt":"2026-07-09T03:00:22","slug":"armata-le-cere-fermierilor-tulceni-sa-aiba-grija-cand-ies-la-treierat-sa-nu-dea-peste-drone-ziarul-delta","status":"publish","type":"post","link":"https:\/\/analyse.optim.biz\/?p=2036113","title":{"rendered":"Armata le cere fermierilor tulceni s\u0103 aib\u0103 grij\u0103 c\u00e2nd ies la treierat, s\u0103 nu dea peste drone &#8211; Ziarul Delta"},"content":{"rendered":"<p>[analyse_image type=&#8221;featured&#8221; src=&#8221;https:\/\/ziaruldelta.ro\/wp-content\/uploads\/2026\/07\/Armata-le-e1783518252603.jpg&#8221;]<\/p>\n<article id=\"post-37365\" class=\"module single-post-module post-37365 post type-post status-publish format-standard has-post-thumbnail hentry category-politica-administratie et-has-post-format-content et_post_format-et-post-format-standard\">\n<div class=\"post-header\">\n<h1 class=\"entry-title\">Armata le cere fermierilor tulceni s\u0103 aib\u0103 grij\u0103 c\u00e2nd ies la treierat, s\u0103 nu dea peste drone<\/h1>\n<div class=\"post-meta vcard\">\n<p>Posted by <a href=\"https:\/\/ziaruldelta.ro\/author\/nicoleta-urmuz\/\" class=\"url fn\" title=\"Posts by Nicoleta URMUZ\" rel=\"author\">Nicoleta URMUZ<\/a> | <span class=\"updated\">Jul 9, 2026<\/span> | <a href=\"https:\/\/ziaruldelta.ro\/category\/politica-administratie\/\" rel=\"tag\">Politica &#8211; Administratie<\/a> | <\/p>\n<\/div>\n<\/div>\n<div class=\"post-thumbnail header\"><img decoding=\"async\" src=\"https:\/\/ziaruldelta.ro\/wp-content\/uploads\/2026\/07\/Armata-le-1280x640.jpg\" alt=\"Armata le cere fermierilor tulceni s\u0103 aib\u0103 grij\u0103 c\u00e2nd ies la treierat, s\u0103 nu dea peste drone\"><\/div>\n<div class=\"post-wrap\">\n<div class=\"post-content entry-content\">\n<p><img loading=\"lazy\" decoding=\"async\" class=\"size-medium wp-image-37367 alignleft\" src=\"https:\/\/ziaruldelta.ro\/wp-content\/uploads\/2026\/07\/Armata-le-2-434x610.jpg\" alt width=\"434\" height=\"610\">\u00cen urma unei adrese transmise de Comandamentul For\u0163elor \u00centrunite din cadrul Ministerului Ap\u0103r\u0103rii Na\u0163ionale, autorit\u0103\u0163ile din jude\u0163ul Tulcea fac un apel c\u0103tre agricultori \u015fi fermieri ca, atunci c\u00e2nd descoper\u0103 obiecte suspecte, s\u0103 sune la 112, mai ales c\u0103 \u00een aceast\u0103 perioad\u0103 este sezonul de secerat.<\/p>\n<p>Fermierii sunt ruga\u0163i s\u0103 anun\u0163e astfel de situa\u0163ii, tocmai pentru a preveni o eventual\u0103 tragedie.<\/p>\n<p>Documentul a fost transmis Institu\u0163iei Prefectului \u2013 Jude\u0163ul Tulcea, care, la r\u00e2ndul s\u0103u, l-a \u00eenaintat tuturor prim\u0103riilor din jude\u0163. \u00cen adres\u0103 se precizeaz\u0103 c\u0103, \u00een contextul r\u0103zboiului dintre Ucraina \u015fi Rusia \u015fi al incidentelor recente \u00een care fragmente de drone au c\u0103zut pe teritoriul na\u0163ional, Comandamentul For\u0163elor \u00centrunite monitorizeaz\u0103 permanent situa\u0163ia pentru protejarea popula\u0163iei.<\/p>\n<blockquote>\n<p>\u201e\u00cen contextul dinamicii actuale de securitate din proximitatea grani\u0163elor Rom\u00e2niei \u015fi ca urmare a incidentelor recente \u00een care elemente ale unor vehicule aeriene (fragmente de drone) au c\u0103zut pe teritoriul na\u0163ional, Comandamentul For\u0163elor \u00centrunite monitorizeaz\u0103 continuu situa\u0163ia pentru a asigura protec\u0163ia popula\u0163iei. Pentru prevenirea oric\u0103ror evenimente tragice, v\u0103 adres\u0103m rug\u0103mintea de a interveni cu celeritate la demararea unei campanii urgente de informare \u015fi con\u015ftientizare \u00een r\u00e2ndul comunit\u0103\u0163ilor de fermieri\u201d, se arat\u0103 \u00een adresa Comandamentului For\u0163elor \u00centrunite din cadrul Ministerului Ap\u0103r\u0103rii Na\u0163ionale.<\/p>\n<\/blockquote>\n<p>Potrivit documentului, operatorii de combine \u015fi utilaje agricole trebuie s\u0103 manifeste vigilen\u0163\u0103 maxim\u0103 \u00een timpul treieratului, \u00een special \u00een zonele aflate \u00een apropierea grani\u0163ei \u015fi a cursurilor de ap\u0103. \u00cen cazul \u00een care sunt identificate obiecte suspecte, metalice sau de alt\u0103 natur\u0103, care pot sem\u0103na cu resturi de dron\u0103 ori echipamente militare, fermierii sunt avertiza\u0163i s\u0103 nu le ating\u0103, s\u0103 nu le mi\u015fte \u015fi s\u0103 nu \u00eencerce s\u0103 le deplaseze. De asemenea, zona trebuie p\u0103r\u0103sit\u0103 imediat, iar descoperirea raportat\u0103 de urgen\u0163\u0103 prin apel la 112.<\/p>\n<blockquote>\n<p>\u201eMinisterul Ap\u0103r\u0103rii Na\u0163ionale, \u00een cooperare cu celelalte structuri din domeniul securit\u0103\u0163ii \u015fi ap\u0103r\u0103rii na\u0163ionale, este preg\u0103tit s\u0103 intervin\u0103 imediat pentru neutralizarea oric\u0103ror pericole raportate\u201d, potrivit adresei.<\/p>\n<\/blockquote>\n<p>Reamintim c\u0103 o dron\u0103 c\u0103zut\u0103 \u00een urm\u0103 cu dou\u0103 luni, provenit\u0103 din r\u0103zboiul declan\u015fat de Rusia \u00een Ucraina, a fost descoperit\u0103 \u00eentr-un lan de rapi\u0163\u0103 din zona comunei Luncavi\u0163a. Ea a fost g\u0103sit\u0103 luni, 29 iunie, de un localnic, care a sunat la 112.<\/p>\n<p>Citi\u0163i continuarea \u00een edi\u0163ia tip\u0103rit\u0103 a Ziarului DELTA.<\/p>\n<\/div>\n<\/div>\n<div class=\"post-footer\">\n<div class=\"social-icons ed-social-share-icons\">\n<p class=\"share-title\">Share:<\/p>\n<\/div>\n<div class=\"rating-stars\">\n<p id=\"rate-title\" class=\"rate-title\">Rate:<\/p>\n<\/div>\n<\/div>\n<\/article>\n<div class=\"post-content entry-content\">\n<p><img loading=\"lazy\" decoding=\"async\" class=\"size-medium wp-image-37367 alignleft\" src=\"https:\/\/ziaruldelta.ro\/wp-content\/uploads\/2026\/07\/Armata-le-2-434x610.jpg\" alt width=\"434\" height=\"610\">\u00cen urma unei adrese transmise de Comandamentul For\u0163elor \u00centrunite din cadrul Ministerului Ap\u0103r\u0103rii Na\u0163ionale, autorit\u0103\u0163ile din jude\u0163ul Tulcea fac un apel c\u0103tre agricultori \u015fi fermieri ca, atunci c\u00e2nd descoper\u0103 obiecte suspecte, s\u0103 sune la 112, mai ales c\u0103 \u00een aceast\u0103 perioad\u0103 este sezonul de secerat.<\/p>\n<p>Fermierii sunt ruga\u0163i s\u0103 anun\u0163e astfel de situa\u0163ii, tocmai pentru a preveni o eventual\u0103 tragedie.<\/p>\n<p>Documentul a fost transmis Institu\u0163iei Prefectului \u2013 Jude\u0163ul Tulcea, care, la r\u00e2ndul s\u0103u, l-a \u00eenaintat tuturor prim\u0103riilor din jude\u0163. \u00cen adres\u0103 se precizeaz\u0103 c\u0103, \u00een contextul r\u0103zboiului dintre Ucraina \u015fi Rusia \u015fi al incidentelor recente \u00een care fragmente de drone au c\u0103zut pe teritoriul na\u0163ional, Comandamentul For\u0163elor \u00centrunite monitorizeaz\u0103 permanent situa\u0163ia pentru protejarea popula\u0163iei.<\/p>\n<blockquote>\n<p>\u201e\u00cen contextul dinamicii actuale de securitate din proximitatea grani\u0163elor Rom\u00e2niei \u015fi ca urmare a incidentelor recente \u00een care elemente ale unor vehicule aeriene (fragmente de drone) au c\u0103zut pe teritoriul na\u0163ional, Comandamentul For\u0163elor \u00centrunite monitorizeaz\u0103 continuu situa\u0163ia pentru a asigura protec\u0163ia popula\u0163iei. Pentru prevenirea oric\u0103ror evenimente tragice, v\u0103 adres\u0103m rug\u0103mintea de a interveni cu celeritate la demararea unei campanii urgente de informare \u015fi con\u015ftientizare \u00een r\u00e2ndul comunit\u0103\u0163ilor de fermieri\u201d, se arat\u0103 \u00een adresa Comandamentului For\u0163elor \u00centrunite din cadrul Ministerului Ap\u0103r\u0103rii Na\u0163ionale.<\/p>\n<\/blockquote>\n<p>Potrivit documentului, operatorii de combine \u015fi utilaje agricole trebuie s\u0103 manifeste vigilen\u0163\u0103 maxim\u0103 \u00een timpul treieratului, \u00een special \u00een zonele aflate \u00een apropierea grani\u0163ei \u015fi a cursurilor de ap\u0103. \u00cen cazul \u00een care sunt identificate obiecte suspecte, metalice sau de alt\u0103 natur\u0103, care pot sem\u0103na cu resturi de dron\u0103 ori echipamente militare, fermierii sunt avertiza\u0163i s\u0103 nu le ating\u0103, s\u0103 nu le mi\u015fte \u015fi s\u0103 nu \u00eencerce s\u0103 le deplaseze. De asemenea, zona trebuie p\u0103r\u0103sit\u0103 imediat, iar descoperirea raportat\u0103 de urgen\u0163\u0103 prin apel la 112.<\/p>\n<blockquote>\n<p>\u201eMinisterul Ap\u0103r\u0103rii Na\u0163ionale, \u00een cooperare cu celelalte structuri din domeniul securit\u0103\u0163ii \u015fi ap\u0103r\u0103rii na\u0163ionale, este preg\u0103tit s\u0103 intervin\u0103 imediat pentru neutralizarea oric\u0103ror pericole raportate\u201d, potrivit adresei.<\/p>\n<\/blockquote>\n<p>Reamintim c\u0103 o dron\u0103 c\u0103zut\u0103 \u00een urm\u0103 cu dou\u0103 luni, provenit\u0103 din r\u0103zboiul declan\u015fat de Rusia \u00een Ucraina, a fost descoperit\u0103 \u00eentr-un lan de rapi\u0163\u0103 din zona comunei Luncavi\u0163a. Ea a fost g\u0103sit\u0103 luni, 29 iunie, de un localnic, care a sunat la 112.<\/p>\n<p>Citi\u0163i continuarea \u00een edi\u0163ia tip\u0103rit\u0103 a Ziarului DELTA.<\/p>\n<\/div>\n<div class=\"post-content entry-content\">\n<p><img loading=\"lazy\" decoding=\"async\" class=\"size-medium wp-image-37367 alignleft\" src=\"https:\/\/ziaruldelta.ro\/wp-content\/uploads\/2026\/07\/Armata-le-2-434x610.jpg\" alt width=\"434\" height=\"610\">\u00cen urma unei adrese transmise de Comandamentul For\u0163elor \u00centrunite din cadrul Ministerului Ap\u0103r\u0103rii Na\u0163ionale, autorit\u0103\u0163ile din jude\u0163ul Tulcea fac un apel c\u0103tre agricultori \u015fi fermieri ca, atunci c\u00e2nd descoper\u0103 obiecte suspecte, s\u0103 sune la 112, mai ales c\u0103 \u00een aceast\u0103 perioad\u0103 este sezonul de secerat.<\/p>\n<p>Fermierii sunt ruga\u0163i s\u0103 anun\u0163e astfel de situa\u0163ii, tocmai pentru a preveni o eventual\u0103 tragedie.<\/p>\n<p>Documentul a fost transmis Institu\u0163iei Prefectului \u2013 Jude\u0163ul Tulcea, care, la r\u00e2ndul s\u0103u, l-a \u00eenaintat tuturor prim\u0103riilor din jude\u0163. \u00cen adres\u0103 se precizeaz\u0103 c\u0103, \u00een contextul r\u0103zboiului dintre Ucraina \u015fi Rusia \u015fi al incidentelor recente \u00een care fragmente de drone au c\u0103zut pe teritoriul na\u0163ional, Comandamentul For\u0163elor \u00centrunite monitorizeaz\u0103 permanent situa\u0163ia pentru protejarea popula\u0163iei.<\/p>\n<blockquote>\n<p>\u201e\u00cen contextul dinamicii actuale de securitate din proximitatea grani\u0163elor Rom\u00e2niei \u015fi ca urmare a incidentelor recente \u00een care elemente ale unor vehicule aeriene (fragmente de drone) au c\u0103zut pe teritoriul na\u0163ional, Comandamentul For\u0163elor \u00centrunite monitorizeaz\u0103 continuu situa\u0163ia pentru a asigura protec\u0163ia popula\u0163iei. Pentru prevenirea oric\u0103ror evenimente tragice, v\u0103 adres\u0103m rug\u0103mintea de a interveni cu celeritate la demararea unei campanii urgente de informare \u015fi con\u015ftientizare \u00een r\u00e2ndul comunit\u0103\u0163ilor de fermieri\u201d, se arat\u0103 \u00een adresa Comandamentului For\u0163elor \u00centrunite din cadrul Ministerului Ap\u0103r\u0103rii Na\u0163ionale.<\/p>\n<\/blockquote>\n<p>Potrivit documentului, operatorii de combine \u015fi utilaje agricole trebuie s\u0103 manifeste vigilen\u0163\u0103 maxim\u0103 \u00een timpul treieratului, \u00een special \u00een zonele aflate \u00een apropierea grani\u0163ei \u015fi a cursurilor de ap\u0103. \u00cen cazul \u00een care sunt identificate obiecte suspecte, metalice sau de alt\u0103 natur\u0103, care pot sem\u0103na cu resturi de dron\u0103 ori echipamente militare, fermierii sunt avertiza\u0163i s\u0103 nu le ating\u0103, s\u0103 nu le mi\u015fte \u015fi s\u0103 nu \u00eencerce s\u0103 le deplaseze. De asemenea, zona trebuie p\u0103r\u0103sit\u0103 imediat, iar descoperirea raportat\u0103 de urgen\u0163\u0103 prin apel la 112.<\/p>\n<blockquote>\n<p>\u201eMinisterul Ap\u0103r\u0103rii Na\u0163ionale, \u00een cooperare cu celelalte structuri din domeniul securit\u0103\u0163ii \u015fi ap\u0103r\u0103rii na\u0163ionale, este preg\u0103tit s\u0103 intervin\u0103 imediat pentru neutralizarea oric\u0103ror pericole raportate\u201d, potrivit adresei.<\/p>\n<\/blockquote>\n<p>Reamintim c\u0103 o dron\u0103 c\u0103zut\u0103 \u00een urm\u0103 cu dou\u0103 luni, provenit\u0103 din r\u0103zboiul declan\u015fat de Rusia \u00een Ucraina, a fost descoperit\u0103 \u00eentr-un lan de rapi\u0163\u0103 din zona comunei Luncavi\u0163a. Ea a fost g\u0103sit\u0103 luni, 29 iunie, de un localnic, care a sunat la 112.<\/p>\n<p>Citi\u0163i continuarea \u00een edi\u0163ia tip\u0103rit\u0103 a Ziarului DELTA.<\/p>\n<\/div>\n<p>[analyse_source url=&#8221;https:\/\/ziaruldelta.ro\/2026\/07\/09\/armata-le-cere-fermierilor-tulceni-sa-aiba-grija-cand-ies-la-treierat-sa-nu-dea-peste-drone\/&#8221;]<\/p>\n","protected":false},"excerpt":{"rendered":"<p>[analyse_image type=&#8221;featured&#8221; src=&#8221;https:\/\/ziaruldelta.ro\/wp-content\/uploads\/2026\/07\/Armata-le-e1783518252603.jpg&#8221;] Armata le cere fermierilor tulceni s\u0103 aib\u0103 grij\u0103 c\u00e2nd ies la treierat, s\u0103 nu dea peste drone Posted by Nicoleta URMUZ | Jul 9, 2026 | Politica &#8211; Administratie | \u00cen urma unei adrese transmise de Comandamentul For\u0163elor \u00centrunite din cadrul Ministerului Ap\u0103r\u0103rii Na\u0163ionale, autorit\u0103\u0163ile din jude\u0163ul Tulcea fac un apel c\u0103tre [&hellip;]<\/p>\n","protected":false},"author":1,"featured_media":0,"comment_status":"open","ping_status":"","sticky":false,"template":"","format":"standard","meta":{"footnotes":""},"categories":[89],"tags":[226,206],"class_list":["post-2036113","post","type-post","status-publish","format-standard","hentry","category-romania","tag-crawlmanager","tag-ziaruldelta-ro"],"_links":{"self":[{"href":"https:\/\/analyse.optim.biz\/index.php?rest_route=\/wp\/v2\/posts\/2036113","targetHints":{"allow":["GET"]}}],"collection":[{"href":"https:\/\/analyse.optim.biz\/index.php?rest_route=\/wp\/v2\/posts"}],"about":[{"href":"https:\/\/analyse.optim.biz\/index.php?rest_route=\/wp\/v2\/types\/post"}],"author":[{"embeddable":true,"href":"https:\/\/analyse.optim.biz\/index.php?rest_route=\/wp\/v2\/users\/1"}],"replies":[{"embeddable":true,"href":"https:\/\/analyse.optim.biz\/index.php?rest_route=%2Fwp%2Fv2%2Fcomments&post=2036113"}],"version-history":[{"count":0,"href":"https:\/\/analyse.optim.biz\/index.php?rest_route=\/wp\/v2\/posts\/2036113\/revisions"}],"wp:attachment":[{"href":"https:\/\/analyse.optim.biz\/index.php?rest_route=%2Fwp%2Fv2%2Fmedia&parent=2036113"}],"wp:term":[{"taxonomy":"category","embeddable":true,"href":"https:\/\/analyse.optim.biz\/index.php?rest_route=%2Fwp%2Fv2%2Fcategories&post=2036113"},{"taxonomy":"post_tag","embeddable":true,"href":"https:\/\/analyse.optim.biz\/index.php?rest_route=%2Fwp%2Fv2%2Ftags&post=2036113"}],"curies":[{"name":"wp","href":"https:\/\/api.w.org\/{rel}","templated":true}]}}