{"id":2036089,"date":"2026-07-09T18:17:48","date_gmt":"2026-07-09T15:17:48","guid":{"rendered":"https:\/\/analyse.optim.biz\/?p=2036089"},"modified":"2026-07-09T18:17:48","modified_gmt":"2026-07-09T15:17:48","slug":"un-barbat-de-45-de-ani-a-murit-dupa-ce-a-cazut-de-pe-trotineta-electrica","status":"publish","type":"post","link":"https:\/\/analyse.optim.biz\/?p=2036089","title":{"rendered":"Un b\u0103rbat de 45 de ani a murit dup\u0103 ce a c\u0103zut de pe trotineta electric\u0103"},"content":{"rendered":"<p>[analyse_image type=&#8221;featured&#8221; src=&#8221;https:\/\/r3media.ro\/wp-content\/uploads\/2025\/09\/control-judiciar-trotinetist-e1756835479843.pnghttps:\/\/r3media.ro\/wp-content\/uploads\/2025\/09\/control-judiciar-trotinetist-e1756835479843.pnghttps:\/\/r3media.ro\/wp-content\/uploads\/2025\/09\/control-judiciar-trotinetist-e1756835479843.png&#8221;]<\/p>\n<article id=\"post-119674\" class=\"post-119674 post type-post status-publish format-standard category-featured category-stiri tag-constanta tag-trotinete-electrice\">\n<div class=\"td-post-header\">\n<header class=\"td-post-title\">\n<h1 class=\"entry-title\">Un b\u0103rbat de 45 de ani a murit dup\u0103 ce a c\u0103zut de pe trotineta electric\u0103<\/h1>\n<div class=\"td-module-meta-info\">\n<div class=\"td-post-author-name\">\n<div class=\"td-author-by\">By<\/div>\n<p><a href=\"https:\/\/r3media.ro\/author\/oana\/\">Oana Ivan<\/a><\/p>\n<div class=\"td-author-line\"> &#8211;<\/div>\n<\/div>\n<p><span class=\"td-post-date\"><time class=\"entry-date updated td-module-date\" datetime=\"2026-07-09T21:17:48+03:00\">09\/07\/2026<\/time><\/span><\/p>\n<div class=\"td-post-comments\"><a href=\"https:\/\/r3media.ro\/barbat-45-ani-mort-cazut-trotineta-electrica-constanta\/#respond\">0<\/a><\/div>\n<\/div>\n<\/header>\n<\/div>\n<div class=\"td-post-content\">\n<div class=\"td-post-featured-image\">\n<figure><figcaption class=\"wp-caption-text\">Surs\u0103 &#8211; Unsplash<\/figcaption><\/figure>\n<\/div>\n<p><strong>Un b\u0103rbat de 45 de ani din Istria, Constan\u021ba, a murit dup\u0103 ce a c\u0103zut de pe <a href=\"https:\/\/r3media.ro\/tag\/trotinete-electrice\/\" target=\"_blank\" rel=\"noopener\">trotineta electric\u0103<\/a>. Accidentul a avut loc pe DJ226, \u00een zona Midia, potrivit <a href=\"https:\/\/www.ct100.ro\/un-barbat-a-murit-dupa-ce-a-cazut-de-pe-o-trotineta-electrica-pe-pista-de-biciclete-de-pe-dj-226-in-zona-midia\/\" target=\"_blank\" rel=\"noopener\">ct100<\/a>.<\/strong><\/p>\n<p>Poli\u021bi\u0219tii din cadrul Poli\u021biei ora\u0219ului N\u0103vodari au fost sesiza\u021bi, \u00een jurul orei 6.45, prin apel la 112, c\u0103 pe pista de biciclete se afl\u0103 o persoan\u0103 c\u0103zut\u0103 la sol, \u00een stare de incon\u0219tien\u021b\u0103.<\/p>\n<p>La fa\u021ba locului s-au deplasat poli\u021bi\u0219ti din cadrul Poli\u021biei ora\u0219ului N\u0103vodari, dar \u0219i ai Serviciului Siguran\u021b\u0103 Rutier\u0103. Ace\u0219tia au constatat c\u0103 sesizarea se confirm\u0103. Victima era un b\u0103rbat de 45 de ani, din Istria.<\/p>\n<h2><strong>B\u0103arbat mort dup\u0103 ce a c\u0103zut de pe trotineta electric\u0103<\/strong><\/h2>\n<p>\u00a0<\/p>\n<p>\u201eDin primele cercet\u0103ri a reie\u0219it c\u0103 b\u0103rbatul ar fi circulat cu o trotinet\u0103 electric\u0103 pe pista special amenajat\u0103 paralel cu DJ 226. La un moment dat, din cauze care urmeaz\u0103 s\u0103 fie stabilite ulterior, acesta ar fi c\u0103zut de pe trotinet\u0103 \u0219i s-ar fi lovit la cap\u201d, a anun\u021bat IPJ Constan\u021ba.<\/p>\n<p>La fa\u021ba locului a intervenit un echipaj medical, care a constatat decesul b\u0103rbatului. Trupul ne\u00eensufle\u021bit a fost transportat la morg\u0103, pentru efectuarea autopsiei \u0219i stabilirea cauzelor decesului.<\/p>\n<p>Poli\u021bi\u0219tii au \u00eentocmit dosar penal. Cercet\u0103rile continu\u0103 pentru stabilirea cu exactitate a cauzelor \u0219i \u00eemprejur\u0103rilor \u00een care s-a produs evenimentul.<\/p>\n<div class=\"crp_related     crp-masonry\">\n<h2>\u00ceN CONTEXT<\/h2>\n<ul>\n<li><a href=\"https:\/\/r3media.ro\/fara-tine-in-google-r3media-dispare-iata-ce-poti-face-in-10-secunde\/\" class=\"crp_link post-119031\"><span class=\"crp_title\">F\u0103r\u0103 tine \u00een Google, R3media dispare. Iat\u0103 ce po\u021bi face \u00een 10 secunde<\/span><\/a><\/li>\n<li><a href=\"https:\/\/r3media.ro\/drona-marina-constanta-explozie-mapn-razboi-rusia-ucraina-video\/\" class=\"crp_link post-117786\"><span class=\"crp_title\">VIDEO | O dron\u0103 marin\u0103 a explodat vineri \u00een Portul Constan\u021ba. MApN: Este de tipul celor\u2026<\/span><\/a><\/li>\n<\/ul>\n<\/div>\n<\/div>\n<footer>\n<div class=\"td-author-name vcard author\"><span class=\"fn\"><a href=\"https:\/\/r3media.ro\/author\/oana\/\">Oana Ivan<\/a><\/span><\/div>\n<p><span class=\"td-page-meta\"><\/span><span class=\"td-page-meta\"><span class=\"td-page-meta\"><\/span><\/span><span class=\"td-page-meta\"><\/span><\/footer>\n<\/article>\n<div class=\"td-post-content\">\n<div class=\"td-post-featured-image\">\n<figure><figcaption class=\"wp-caption-text\">Surs\u0103 &#8211; Unsplash<\/figcaption><\/figure>\n<\/div>\n<p><strong>Un b\u0103rbat de 45 de ani din Istria, Constan\u021ba, a murit dup\u0103 ce a c\u0103zut de pe <a href=\"https:\/\/r3media.ro\/tag\/trotinete-electrice\/\" target=\"_blank\" rel=\"noopener\">trotineta electric\u0103<\/a>. Accidentul a avut loc pe DJ226, \u00een zona Midia, potrivit <a href=\"https:\/\/www.ct100.ro\/un-barbat-a-murit-dupa-ce-a-cazut-de-pe-o-trotineta-electrica-pe-pista-de-biciclete-de-pe-dj-226-in-zona-midia\/\" target=\"_blank\" rel=\"noopener\">ct100<\/a>.<\/strong><\/p>\n<p>Poli\u021bi\u0219tii din cadrul Poli\u021biei ora\u0219ului N\u0103vodari au fost sesiza\u021bi, \u00een jurul orei 6.45, prin apel la 112, c\u0103 pe pista de biciclete se afl\u0103 o persoan\u0103 c\u0103zut\u0103 la sol, \u00een stare de incon\u0219tien\u021b\u0103.<\/p>\n<p>La fa\u021ba locului s-au deplasat poli\u021bi\u0219ti din cadrul Poli\u021biei ora\u0219ului N\u0103vodari, dar \u0219i ai Serviciului Siguran\u021b\u0103 Rutier\u0103. Ace\u0219tia au constatat c\u0103 sesizarea se confirm\u0103. Victima era un b\u0103rbat de 45 de ani, din Istria.<\/p>\n<h2><strong>B\u0103arbat mort dup\u0103 ce a c\u0103zut de pe trotineta electric\u0103<\/strong><\/h2>\n<p>\u00a0<\/p>\n<p>\u201eDin primele cercet\u0103ri a reie\u0219it c\u0103 b\u0103rbatul ar fi circulat cu o trotinet\u0103 electric\u0103 pe pista special amenajat\u0103 paralel cu DJ 226. La un moment dat, din cauze care urmeaz\u0103 s\u0103 fie stabilite ulterior, acesta ar fi c\u0103zut de pe trotinet\u0103 \u0219i s-ar fi lovit la cap\u201d, a anun\u021bat IPJ Constan\u021ba.<\/p>\n<p>La fa\u021ba locului a intervenit un echipaj medical, care a constatat decesul b\u0103rbatului. Trupul ne\u00eensufle\u021bit a fost transportat la morg\u0103, pentru efectuarea autopsiei \u0219i stabilirea cauzelor decesului.<\/p>\n<p>Poli\u021bi\u0219tii au \u00eentocmit dosar penal. Cercet\u0103rile continu\u0103 pentru stabilirea cu exactitate a cauzelor \u0219i \u00eemprejur\u0103rilor \u00een care s-a produs evenimentul.<\/p>\n<div class=\"crp_related     crp-masonry\">\n<h2>\u00ceN CONTEXT<\/h2>\n<ul>\n<li><a href=\"https:\/\/r3media.ro\/fara-tine-in-google-r3media-dispare-iata-ce-poti-face-in-10-secunde\/\" class=\"crp_link post-119031\"><span class=\"crp_title\">F\u0103r\u0103 tine \u00een Google, R3media dispare. Iat\u0103 ce po\u021bi face \u00een 10 secunde<\/span><\/a><\/li>\n<li><a href=\"https:\/\/r3media.ro\/drona-marina-constanta-explozie-mapn-razboi-rusia-ucraina-video\/\" class=\"crp_link post-117786\"><span class=\"crp_title\">VIDEO | O dron\u0103 marin\u0103 a explodat vineri \u00een Portul Constan\u021ba. MApN: Este de tipul celor\u2026<\/span><\/a><\/li>\n<\/ul>\n<\/div>\n<\/div>\n<p>[analyse_source url=&#8221;https:\/\/r3media.ro\/barbat-45-ani-mort-cazut-trotineta-electrica-constanta\/&#8221;]<\/p>\n","protected":false},"excerpt":{"rendered":"<p>[analyse_image type=&#8221;featured&#8221; src=&#8221;https:\/\/r3media.ro\/wp-content\/uploads\/2025\/09\/control-judiciar-trotinetist-e1756835479843.pnghttps:\/\/r3media.ro\/wp-content\/uploads\/2025\/09\/control-judiciar-trotinetist-e1756835479843.pnghttps:\/\/r3media.ro\/wp-content\/uploads\/2025\/09\/control-judiciar-trotinetist-e1756835479843.png&#8221;] Un b\u0103rbat de 45 de ani a murit dup\u0103 ce a c\u0103zut de pe trotineta electric\u0103 By Oana Ivan &#8211; 09\/07\/2026 0 Surs\u0103 &#8211; Unsplash Un b\u0103rbat de 45 de ani din Istria, Constan\u021ba, a murit dup\u0103 ce a c\u0103zut de pe trotineta electric\u0103. Accidentul a avut loc pe DJ226, \u00een zona [&hellip;]<\/p>\n","protected":false},"author":1,"featured_media":0,"comment_status":"open","ping_status":"","sticky":false,"template":"","format":"standard","meta":{"footnotes":""},"categories":[89],"tags":[226,93],"class_list":["post-2036089","post","type-post","status-publish","format-standard","hentry","category-romania","tag-crawlmanager","tag-r3media-ro"],"_links":{"self":[{"href":"https:\/\/analyse.optim.biz\/index.php?rest_route=\/wp\/v2\/posts\/2036089","targetHints":{"allow":["GET"]}}],"collection":[{"href":"https:\/\/analyse.optim.biz\/index.php?rest_route=\/wp\/v2\/posts"}],"about":[{"href":"https:\/\/analyse.optim.biz\/index.php?rest_route=\/wp\/v2\/types\/post"}],"author":[{"embeddable":true,"href":"https:\/\/analyse.optim.biz\/index.php?rest_route=\/wp\/v2\/users\/1"}],"replies":[{"embeddable":true,"href":"https:\/\/analyse.optim.biz\/index.php?rest_route=%2Fwp%2Fv2%2Fcomments&post=2036089"}],"version-history":[{"count":0,"href":"https:\/\/analyse.optim.biz\/index.php?rest_route=\/wp\/v2\/posts\/2036089\/revisions"}],"wp:attachment":[{"href":"https:\/\/analyse.optim.biz\/index.php?rest_route=%2Fwp%2Fv2%2Fmedia&parent=2036089"}],"wp:term":[{"taxonomy":"category","embeddable":true,"href":"https:\/\/analyse.optim.biz\/index.php?rest_route=%2Fwp%2Fv2%2Fcategories&post=2036089"},{"taxonomy":"post_tag","embeddable":true,"href":"https:\/\/analyse.optim.biz\/index.php?rest_route=%2Fwp%2Fv2%2Ftags&post=2036089"}],"curies":[{"name":"wp","href":"https:\/\/api.w.org\/{rel}","templated":true}]}}