{"id":2035931,"date":"2026-07-09T00:00:00","date_gmt":"2026-07-08T21:00:00","guid":{"rendered":"https:\/\/analyse.optim.biz\/?p=2035931"},"modified":"2026-07-09T00:00:00","modified_gmt":"2026-07-08T21:00:00","slug":"international-aerial-photographer-of-the-year-contest-highlights-the-world-from-above","status":"publish","type":"post","link":"https:\/\/analyse.optim.biz\/?p=2035931","title":{"rendered":"International Aerial Photographer of the Year Contest Highlights the World from Above"},"content":{"rendered":"<div class=\"entry-content prose-colossal max-w-none\">\n<div class=\"wp-block-group alignfull is-style-default entry-header is-vertical is-layout-flex wp-container-core-group-is-layout-fe9cc265 wp-block-group-is-layout-flex\">\n<figure class=\"colo-post-featured-image wp-block-post-featured-image\"><img loading=\"lazy\" decoding=\"async\" width=\"2000\" height=\"2000\" src=\"https:\/\/www.thisiscolossal.com\/wp-content\/uploads\/2026\/07\/aerialphotog-2.jpg\" class=\"attachment-post-thumbnail size-post-thumbnail wp-post-image\" alt=\"an aerial photograph of the Golden Gate Bridge in San Francisco framed through one of its tower&apos;s openings\" style=\"object-fit:cover\"><figcaption class=\"wp-element-caption\">Marcin Zaja\u0328c (Poland), \u201cGolden Gate Framed.\u201d All images \u00a9 the photographers, courtesy of International Aerial Photographer of the Year, shared with permission<\/figcaption><\/figure>\n<div class=\"wp-block-group post-title is-vertical is-layout-flex wp-container-core-group-is-layout-0bc941e6 wp-block-group-is-layout-flex\">\n<h1 class=\"alignfull wp-block-post-title\">International Aerial Photographer of the Year Contest Highlights the World from Above<\/h1>\n<div class=\"wp-block-group alignfull post-meta is-layout-flex wp-block-group-is-layout-flex\">\n<div class=\"wp-block-post-date\"><time datetime=\"2026-07-09T17:43:00-05:00\">July 9, 2026<\/time><\/div>\n<div class=\"taxonomy-category wp-block-post-terms\"><a class=\"category-nature\" href=\"https:\/\/www.thisiscolossal.com\/category\/nature\/\" rel=\"tag\">Nature<\/a><a class=\"category-photography\" href=\"https:\/\/www.thisiscolossal.com\/category\/photography\/\" rel=\"tag\">Photography<\/a><\/div>\n<div class=\"wp-block-post-author-name\"><a href=\"https:\/\/www.thisiscolossal.com\/author\/kmothes\/\" target=\"_self\" class=\"wp-block-post-author-name__link\">Kate Mothes<\/a><\/div>\n<\/div>\n<\/div>\n<div class=\"wp-block-group alignfull post-share-group is-layout-flow wp-block-group-is-layout-flow\">\n<div class=\"wp-block-group is-nowrap is-layout-flex wp-container-core-group-is-layout-6c531013 wp-block-group-is-layout-flex\">\n<ul class=\"wp-block-outermost-social-sharing has-visible-labels has-icon-color is-style-logos-only is-layout-flex wp-block-outermost-social-sharing-is-layout-flex\">\n<li style=\"color: #1c1e0d\" class=\"outermost-social-sharing-link outermost-social-sharing-link-facebook has-crow-color wp-block-outermost-social-sharing-link\">\n\t<a href=\"https:\/\/www.facebook.com\/sharer\/sharer.php?u=https%3A%2F%2Fwww.thisiscolossal.com%2F2026%2F07%2Finternational-aerial-photographer-of-the-year-contest-2026%2F&amp;title=International%20Aerial%20Photographer%20of%20the%20Year%20Contest%20Highlights%20the%20World%20from%20Above\" aria-label=\"Share\" rel=\"noopener nofollow\" target=\"_blank\" class=\"wp-block-outermost-social-sharing-link-anchor\"><br \/>\n\t\t\t\t<span class=\"wp-block-outermost-social-sharing-link-label \"><br \/>\n\t\t\tShare\t\t<\/span><br \/>\n\t<\/a>\n<\/li>\n<li style=\"color: #1c1e0d\" class=\"outermost-social-sharing-link outermost-social-sharing-link-mail has-crow-color wp-block-outermost-social-sharing-link\">\n\t<a href=\"https:\/\/www.thisiscolossal.com\/cdn-cgi\/l\/email-protection#81bef2f4e3ebe4e2f5bcc8eff5e4f3efe0f5e8eeefe0eda4b3b1c0e4f3e8e0eda4b3b1d1e9eef5eee6f3e0f1e9e4f3a4b3b1eee7a4b3b1f5e9e4a4b3b1d8e4e0f3a4b3b1c2eeeff5e4f2f5a4b3b1c9e8e6e9ede8e6e9f5f2a4b3b1f5e9e4a4b3b1d6eef3ede5a4b3b1e7f3eeeca4b3b1c0e3eef7e4a7e0ecf1bae3eee5f8bcc8eff5e4f3efe0f5e8eeefe0eda4b3b1c0e4f3e8e0eda4b3b1d1e9eef5eee6f3e0f1e9e4f3a4b3b1eee7a4b3b1f5e9e4a4b3b1d8e4e0f3a4b3b1c2eeeff5e4f2f5a4b3b1c9e8e6e9ede8e6e9f5f2a4b3b1f5e9e4a4b3b1d6eef3ede5a4b3b1e7f3eeeca4b3b1c0e3eef7e4a4b3b1a4c4b3a4b9b1a4b8b5a4b3b1e9f5f5f1f2a4b2c0a4b3c7a4b3c7f6f6f6aff5e9e8f2e8f2e2eeedeef2f2e0edafe2eeeca4b3c7b3b1b3b7a4b3c7b1b6a4b3c7e8eff5e4f3efe0f5e8eeefe0edace0e4f3e8e0edacf1e9eef5eee6f3e0f1e9e4f3aceee7acf5e9e4acf8e4e0f3ace2eeeff5e4f2f5acb3b1b3b7a4b3c7\" aria-label=\"Email\" class=\"wp-block-outermost-social-sharing-link-anchor\"><br \/>\n\t\t\t\t<span class=\"wp-block-outermost-social-sharing-link-label \"><br \/>\n\t\t\tEmail\t\t<\/span><br \/>\n\t<\/a>\n<\/li>\n<\/ul>\n<p><button class=\"simplefavorite-button preset\" data-postid=\"475702\" data-siteid=\"1\" data-groupid=\"1\" data-favoritecount=\"0\"><i class=\"sf-icon-bookmark\"><\/i>Bookmark<\/button>\n<\/div>\n<\/div>\n<\/div>\n<p>For a structure that was completed nearly 90 years ago, San Francisco\u2019s Golden Gate Bridge possesses a kind of timeless modernity. It\u2019s been the subject of countless photographs, often seen in the background from Baker Beach or from the overlook in Marin County. Its towers rise 500 feet from the roadway, but we typically can only see the structures from that level. For photographer Marcin Zaj\u0105c, a drone\u2019s-eye view revealed a unique perspective of this iconic landmark.<\/p>\n<p>Zaj\u0105c\u2019s image is one of 101 finalists in the 2026 <a href=\"https:\/\/www.internationalaerialphotographer.com\/\" target=\"_blank\" rel=\"noreferrer noopener\">International Aerial Photographer of the Year<\/a>, marking the second year of the competition. Photographers around the world submitted nearly 1,600 entries, with the top honor awarded to Azim Khan Ronnie, who draws on his background in journalism to capture human activities like fishing and harvesting crops.<\/p>\n<figure class=\"wp-block-image size-full\"><a href=\"https:\/\/www.thisiscolossal.com\/wp-content\/uploads\/2026\/07\/aerialphotog-7.jpg\" class=\"swipebox\" data-rel=\"lightbox-gallery-475702\" title=\"Azim Khan Ronnie (Bangladesh), \u201cHarvesting Red Chili\u201d\" data-rl_title=\"Azim Khan Ronnie (Bangladesh), \u201cHarvesting Red Chili\u201d\" data-rl_caption=\"Azim Khan Ronnie (Bangladesh), \u201cHarvesting Red Chili\u201d\"><img decoding=\"async\" loading=\"lazy\" width=\"2000\" height=\"1333\" src=\"https:\/\/www.thisiscolossal.com\/wp-content\/uploads\/2026\/07\/aerialphotog-7.jpg\" alt=\"an aerial photograph of agricultural workers harvesting red chili\" class=\"wp-image-475709\"><\/a><figcaption class=\"wp-element-caption\">Azim Khan Ronnie (Bangladesh), \u201cHarvesting Red Chili\u201d<\/figcaption><\/figure>\n<p>Photographs considered for the competition range from drone views to shots taken from airplanes or the tops of buildings. Subject matter ranges from erupting volcanoes and geological phenomena to architecture and cultural events. See the top 101 photos on the contest\u2019s <a href=\"https:\/\/internationalaerialphotographer.com\/\" target=\"_blank\" rel=\"noreferrer noopener\">website<\/a>.<\/p>\n<figure class=\"wp-block-image size-full\"><a href=\"https:\/\/www.thisiscolossal.com\/wp-content\/uploads\/2026\/07\/aerialphotog-14.jpg\" class=\"swipebox\" data-rel=\"lightbox-gallery-475702\" title=\"Vitaly Golovatyuk (Russia)\" data-rl_title=\"Vitaly Golovatyuk (Russia)\" data-rl_caption=\"Vitaly Golovatyuk (Russia)\"><img decoding=\"async\" loading=\"lazy\" width=\"2000\" height=\"1333\" src=\"https:\/\/www.thisiscolossal.com\/wp-content\/uploads\/2026\/07\/aerialphotog-14.jpg\" alt=\"an aerial photograph of a bird standing in the center of a round pond surrounded by red foliage\" class=\"wp-image-475735\"><\/a><figcaption class=\"wp-element-caption\">Vitaly Golovatyuk (Russia)<\/figcaption><\/figure>\n<figure class=\"wp-block-image size-full\"><a href=\"https:\/\/www.thisiscolossal.com\/wp-content\/uploads\/2026\/07\/aerialphotog-1.jpg\" class=\"swipebox\" data-rel=\"lightbox-gallery-475702\" title=\"Paolo Lazzarotti (Italy), \u201cComplete Rainbow\u201d\" data-rl_title=\"Paolo Lazzarotti (Italy), \u201cComplete Rainbow\u201d\" data-rl_caption=\"Paolo Lazzarotti (Italy), \u201cComplete Rainbow\u201d\"><img decoding=\"async\" loading=\"lazy\" width=\"2000\" height=\"1125\" src=\"https:\/\/www.thisiscolossal.com\/wp-content\/uploads\/2026\/07\/aerialphotog-1.jpg\" alt=\"an aerial photograph of an island landscape with a full-circle rainbow framing the view\" class=\"wp-image-475703\"><\/a><figcaption class=\"wp-element-caption\">Paolo Lazzarotti (Italy), \u201cComplete Rainbow\u201d<\/figcaption><\/figure>\n<figure class=\"wp-block-image size-full\"><a href=\"https:\/\/www.thisiscolossal.com\/wp-content\/uploads\/2026\/07\/aerialphotog-12.jpg\" class=\"swipebox\" data-rel=\"lightbox-gallery-475702\" title=\"Pawe\u0142 Jagie\u0142\u0142o (Poland), \u201cThe Valley of Forgotten Rivers\u201d\" data-rl_title=\"Pawe\u0142 Jagie\u0142\u0142o (Poland), \u201cThe Valley of Forgotten Rivers\u201d\" data-rl_caption=\"Pawe\u0142 Jagie\u0142\u0142o (Poland), \u201cThe Valley of Forgotten Rivers\u201d\"><img decoding=\"async\" loading=\"lazy\" width=\"2000\" height=\"1334\" src=\"https:\/\/www.thisiscolossal.com\/wp-content\/uploads\/2026\/07\/aerialphotog-12.jpg\" alt=\"an aerial photograph of myriad ridges of a desert landscape\" class=\"wp-image-475714\"><\/a><figcaption class=\"wp-element-caption\">Pawe\u0142 Jagie\u0142\u0142o (Poland), \u201cThe Valley of Forgotten Rivers\u201d<\/figcaption><\/figure>\n<figure class=\"wp-block-image size-full\"><a href=\"https:\/\/www.thisiscolossal.com\/wp-content\/uploads\/2026\/07\/aerialphotog-10.jpg\" class=\"swipebox\" data-rel=\"lightbox-gallery-475702\" title=\"Sanghamitra Sarkar (India), \u201cWari\u201d\" data-rl_title=\"Sanghamitra Sarkar (India), \u201cWari\u201d\" data-rl_caption=\"Sanghamitra Sarkar (India), \u201cWari\u201d\"><img decoding=\"async\" loading=\"lazy\" width=\"2000\" height=\"1500\" src=\"https:\/\/www.thisiscolossal.com\/wp-content\/uploads\/2026\/07\/aerialphotog-10.jpg\" alt=\"an aerial photograph of the annual pilgrimage of Wari in India, where hundreds of people lay down on the ground around a shrine\" class=\"wp-image-475712\"><\/a><figcaption class=\"wp-element-caption\">Sanghamitra Sarkar (India), \u201cWari\u201d<\/figcaption><\/figure>\n<figure class=\"wp-block-image size-full\"><a href=\"https:\/\/www.thisiscolossal.com\/wp-content\/uploads\/2026\/07\/aerialphotog-9.jpg\" class=\"swipebox\" data-rel=\"lightbox-gallery-475702\" title=\"Avishek Patra (India), \u201cConfluence\u201d\" data-rl_title=\"Avishek Patra (India), \u201cConfluence\u201d\" data-rl_caption=\"Avishek Patra (India), \u201cConfluence\u201d\"><img decoding=\"async\" loading=\"lazy\" width=\"2000\" height=\"3000\" src=\"https:\/\/www.thisiscolossal.com\/wp-content\/uploads\/2026\/07\/aerialphotog-9.jpg\" alt=\"an aerial photograph of a turquoise river floweing beneath a bridge\" class=\"wp-image-475711\"><\/a><figcaption class=\"wp-element-caption\">Avishek Patra (India), \u201cConfluence\u201d<\/figcaption><\/figure>\n<figure class=\"wp-block-image size-full\"><a href=\"https:\/\/www.thisiscolossal.com\/wp-content\/uploads\/2026\/07\/aerialphotog-5.jpg\" class=\"swipebox\" data-rel=\"lightbox-gallery-475702\" title=\"Fabio Pappalettera (Italy), \u201cTumbling White Horse\u201d\" data-rl_title=\"Fabio Pappalettera (Italy), \u201cTumbling White Horse\u201d\" data-rl_caption=\"Fabio Pappalettera (Italy), \u201cTumbling White Horse\u201d\"><img decoding=\"async\" loading=\"lazy\" width=\"2000\" height=\"1125\" src=\"https:\/\/www.thisiscolossal.com\/wp-content\/uploads\/2026\/07\/aerialphotog-5.jpg\" alt=\"an aerial photograph of a horse rolling around on the ground and rustling up dust\" class=\"wp-image-475707\"><\/a><figcaption class=\"wp-element-caption\">Fabio Pappalettera (Italy), \u201cTumbling White Horse\u201d<\/figcaption><\/figure>\n<figure class=\"wp-block-image size-full\"><a href=\"https:\/\/www.thisiscolossal.com\/wp-content\/uploads\/2026\/07\/aerialphotog-13.jpg\" class=\"swipebox\" data-rel=\"lightbox-gallery-475702\" title=\"Kah-Wai Lin (U.S.), \u201cThunder of Hooves\u201d\" data-rl_title=\"Kah-Wai Lin (U.S.), \u201cThunder of Hooves\u201d\" data-rl_caption=\"Kah-Wai Lin (U.S.), \u201cThunder of Hooves\u201d\"><img decoding=\"async\" loading=\"lazy\" width=\"2000\" height=\"1334\" src=\"https:\/\/www.thisiscolossal.com\/wp-content\/uploads\/2026\/07\/aerialphotog-13.jpg\" alt=\"an aerial photograph of stampeding horses in a dusty landscape\" class=\"wp-image-475715\"><\/a><figcaption class=\"wp-element-caption\">Kah-Wai Lin (U.S.), \u201cThunder of Hooves\u201d<\/figcaption><\/figure>\n<figure class=\"wp-block-image size-full\"><a href=\"https:\/\/www.thisiscolossal.com\/wp-content\/uploads\/2026\/07\/aerialphotog-8.jpg\" class=\"swipebox\" data-rel=\"lightbox-gallery-475702\" title=\"A.J. Rich (U.S.), \u201cSerration\u201d\" data-rl_title=\"A.J. Rich (U.S.), \u201cSerration\u201d\" data-rl_caption=\"A.J. Rich (U.S.), \u201cSerration\u201d\"><img decoding=\"async\" loading=\"lazy\" width=\"2000\" height=\"1500\" src=\"https:\/\/www.thisiscolossal.com\/wp-content\/uploads\/2026\/07\/aerialphotog-8.jpg\" alt=\"an aerial photograph of serrated ridges of a dry, desert landscape\" class=\"wp-image-475710\"><\/a><figcaption class=\"wp-element-caption\">A.J. Rich (U.S.), \u201cSerration\u201d<\/figcaption><\/figure>\n<figure class=\"wp-block-image size-full\"><a href=\"https:\/\/www.thisiscolossal.com\/wp-content\/uploads\/2026\/07\/aerialphotog-11.jpg\" class=\"swipebox\" data-rel=\"lightbox-gallery-475702\" title=\"Cl\u00e9ment Coudeyre (Iceland), \u201cThe Floor Is Lava\u201d\" data-rl_title=\"Cl\u00e9ment Coudeyre (Iceland), \u201cThe Floor Is Lava\u201d\" data-rl_caption=\"Cl\u00e9ment Coudeyre (Iceland), \u201cThe Floor Is Lava\u201d\"><img decoding=\"async\" loading=\"lazy\" width=\"2000\" height=\"3000\" src=\"https:\/\/www.thisiscolossal.com\/wp-content\/uploads\/2026\/07\/aerialphotog-11.jpg\" alt=\"an aerial photograph of an erupting volcano\" class=\"wp-image-475713\"><\/a><figcaption class=\"wp-element-caption\">Cl\u00e9ment Coudeyre (Iceland), \u201cThe Floor Is Lava\u201d<\/figcaption><\/figure>\n<figure class=\"wp-block-image size-full\"><a href=\"https:\/\/www.thisiscolossal.com\/wp-content\/uploads\/2026\/07\/aerialphotog-4.jpg\" class=\"swipebox\" data-rel=\"lightbox-gallery-475702\" title=\"C\u00e9dric Tamani (Switzerland), \u201cDownstream\u201d\" data-rl_title=\"C\u00e9dric Tamani (Switzerland), \u201cDownstream\u201d\" data-rl_caption=\"C\u00e9dric Tamani (Switzerland), \u201cDownstream\u201d\"><img decoding=\"async\" loading=\"lazy\" width=\"2000\" height=\"2000\" src=\"https:\/\/www.thisiscolossal.com\/wp-content\/uploads\/2026\/07\/aerialphotog-4.jpg\" alt=\"an aerial photograph of a nearly abstracted pattern of water flowing in a brown hue\" class=\"wp-image-475706\"><\/a><figcaption class=\"wp-element-caption\">C\u00e9dric Tamani (Switzerland), \u201cDownstream\u201d<\/figcaption><\/figure>\n<figure class=\"wp-block-image size-full\"><a href=\"https:\/\/www.thisiscolossal.com\/wp-content\/uploads\/2026\/07\/aerialphotog-3.jpg\" class=\"swipebox\" data-rel=\"lightbox-gallery-475702\" title=\"Luca Fucci (Italy), \u201cFlame Vein\u201d\" data-rl_title=\"Luca Fucci (Italy), \u201cFlame Vein\u201d\" data-rl_caption=\"Luca Fucci (Italy), \u201cFlame Vein\u201d\"><img decoding=\"async\" loading=\"lazy\" width=\"2000\" height=\"2667\" src=\"https:\/\/www.thisiscolossal.com\/wp-content\/uploads\/2026\/07\/aerialphotog-3.jpg\" alt=\"an aerial photograph of a river and streams flowing through a verdant landscape with dramatic shadows\" class=\"wp-image-475705\"><\/a><figcaption class=\"wp-element-caption\">Luca Fucci (Italy), \u201cFlame Vein\u201d<\/figcaption><\/figure>\n<aside class=\"after-entry\" role=\"complementary\" aria-label=\"After Entry\">\n<section id=\"block-16\" class=\"widget widget_block widget_text\">\n<p><mark style=\"background-color:#88caf0\" class=\"has-inline-color\"><strong>Do stories and artists like this matter to you?<\/strong><\/mark> Become a <a href=\"https:\/\/www.thisiscolossal.com\/members\/\" data-type=\"page\" data-id=\"118516\">Colossal Member<\/a> now, and support independent arts publishing.<\/p>\n<\/section>\n<section id=\"block-17\" class=\"widget widget_block\">\n<div class=\"wp-block-columns are-vertically-aligned-top is-layout-flex wp-container-core-columns-is-layout-28f84493 wp-block-columns-is-layout-flex\">\n<div class=\"wp-block-column is-vertically-aligned-top member-benefits is-layout-flow wp-block-column-is-layout-flow\" style=\"flex-basis:50%\">\n<ul class=\"wp-block-list\">\n<li>Hide advertising<\/li>\n<li>Save your favorite articles<\/li>\n<li>Get 15% off in the <a href=\"https:\/\/colossal.shop\/\">Colossal Shop<\/a><\/li>\n<li>Receive members-only newsletter<\/li>\n<li>Give 1% for art supplies in K-12 classrooms<\/li>\n<\/ul>\n<\/div>\n<div class=\"wp-block-column is-vertically-aligned-top member-options is-layout-flow wp-block-column-is-layout-flow\" style=\"flex-basis:50%\">\n<div class=\"wp-block-group is-vertical is-layout-flex wp-container-core-group-is-layout-fe9cc265 wp-block-group-is-layout-flex\">\n<h3 class=\"wp-block-heading\">Join us today!<\/h3>\n<div class=\"wp-block-buttons is-horizontal is-layout-flex wp-block-buttons-is-layout-flex\">\n<div class=\"wp-block-button\"><a class=\"wp-block-button__link has-crow-color has-verdigris-background-color has-text-color has-background has-link-color wp-element-button\" href=\"https:\/\/colossal.memberful.com\/checkout?plan=113464\">$7\/month<\/a><\/div>\n<div class=\"wp-block-button\"><a class=\"wp-block-button__link has-crow-color has-verdigris-background-color has-text-color has-background has-link-color wp-element-button\" href=\"https:\/\/colossal.memberful.com\/checkout?plan=113463\">$75\/year<\/a><\/div>\n<\/div>\n<div class=\"wp-block-buttons is-layout-flex wp-block-buttons-is-layout-flex\">\n<div class=\"wp-block-button\"><a class=\"wp-block-button__link has-crow-color has-chalk-background-color has-text-color has-background has-link-color wp-element-button\" href=\"https:\/\/www.thisiscolossal.com\/members\/\">Explore membership options<img decoding=\"async\" loading=\"lazy\" width=\"20\" height=\"21\" class=\"wp-image-327872\" style=\"width: 20px\" src=\"https:\/\/www.thisiscolossal.com\/wp-content\/uploads\/2024\/08\/arrow-left.svg\" alt><\/a><\/div>\n<\/div>\n<\/div>\n<\/div>\n<\/div>\n<\/section>\n<\/aside>\n<nav class=\"navigation post-navigation\" role=\"navigation\">\n<div class=\"nav-links\">\n<div class=\"nav-previous\"><a href=\"https:\/\/www.thisiscolossal.com\/2026\/07\/ana-elisa-egreja-still-life-oil-painting\/\" rel=\"prev\">Next article<\/a><\/div>\n<\/div>\n<\/nav><\/div>\n","protected":false},"excerpt":{"rendered":"<p>Marcin Zaja\u0328c (Poland), \u201cGolden Gate Framed.\u201d All images \u00a9 the photographers, courtesy of International Aerial Photographer of the Year, shared with permission International Aerial Photographer of the Year Contest Highlights the World from Above July 9, 2026 NaturePhotography Kate Mothes Share Email Bookmark For a structure that was completed nearly 90 years ago, San Francisco\u2019s [&hellip;]<\/p>\n","protected":false},"author":1,"featured_media":0,"comment_status":"open","ping_status":"","sticky":false,"template":"","format":"standard","meta":{"footnotes":""},"categories":[1],"tags":[226,270],"class_list":["post-2035931","post","type-post","status-publish","format-standard","hentry","category-uncategorized","tag-crawlmanager","tag-thisiscolossal-com"],"_links":{"self":[{"href":"https:\/\/analyse.optim.biz\/index.php?rest_route=\/wp\/v2\/posts\/2035931","targetHints":{"allow":["GET"]}}],"collection":[{"href":"https:\/\/analyse.optim.biz\/index.php?rest_route=\/wp\/v2\/posts"}],"about":[{"href":"https:\/\/analyse.optim.biz\/index.php?rest_route=\/wp\/v2\/types\/post"}],"author":[{"embeddable":true,"href":"https:\/\/analyse.optim.biz\/index.php?rest_route=\/wp\/v2\/users\/1"}],"replies":[{"embeddable":true,"href":"https:\/\/analyse.optim.biz\/index.php?rest_route=%2Fwp%2Fv2%2Fcomments&post=2035931"}],"version-history":[{"count":0,"href":"https:\/\/analyse.optim.biz\/index.php?rest_route=\/wp\/v2\/posts\/2035931\/revisions"}],"wp:attachment":[{"href":"https:\/\/analyse.optim.biz\/index.php?rest_route=%2Fwp%2Fv2%2Fmedia&parent=2035931"}],"wp:term":[{"taxonomy":"category","embeddable":true,"href":"https:\/\/analyse.optim.biz\/index.php?rest_route=%2Fwp%2Fv2%2Fcategories&post=2035931"},{"taxonomy":"post_tag","embeddable":true,"href":"https:\/\/analyse.optim.biz\/index.php?rest_route=%2Fwp%2Fv2%2Ftags&post=2035931"}],"curies":[{"name":"wp","href":"https:\/\/api.w.org\/{rel}","templated":true}]}}