{"id":203588,"date":"2014-06-05T12:07:40","date_gmt":"2014-06-05T09:07:40","guid":{"rendered":"https:\/\/analyse.optim.biz\/?p=203588"},"modified":"2014-06-05T12:07:40","modified_gmt":"2014-06-05T09:07:40","slug":"rusaliile-ajuta-inactivitatea-din-parlament-din-liber-in-liber-pana-la-vacanta-mare","status":"publish","type":"post","link":"https:\/\/analyse.optim.biz\/?p=203588","title":{"rendered":"Rusaliile ajut\u0103 (in)activitatea din Parlament. Din liber \u00een liber, p\u00e2n\u0103 la vacan\u0163a mare"},"content":{"rendered":"<div class=\"entry data-app-meta data-app-meta-article\" data-embed-base-url-canonical=\"https:\/\/www.digi24.ro\/embed\/stiri\/actualitate\/politica\/rusaliile-ajuta-inactivitatea-din-parlament-din-liber-in-liber-pana-la-vacanta-mare-252519\">\n<p data-index=\"1\">Chiar \u00eenainte de vacan\u0163a mare, deputa\u0163ii \u015fi-au mai luat o s\u0103pt\u0103m\u00e2na liber\u0103. Au plecat acas\u0103 \u00eenc\u0103 de mar\u0163i \u015fi vor r\u0103m\u00e2ne \u00een teritoriu p\u00e2n\u0103 lunea viitoare, inclusiv. C\u00e2\u0163iva deputa\u0163i ai opozi\u0163iei i-au trimis o scrisoare pre\u015fedintelui Camerei, Valeriu Zgonea, prin care \u00eei amintesc faptul c\u0103 au cam r\u0103mas \u00een urm\u0103.<\/p>\n<p data-index=\"2\">\u201eVizavi de activitatea parlamentar\u0103, sau mai bine zis de inactivitatea parlamentar\u0103, pentru c\u0103 \u00een momentul de fa\u0163\u0103, \u00een Camera Deputa\u0163ilor, \u00een comisiile de specialitate, sunt 427 de ini\u0163iative legislative, din care 378 au termenul de depunere a raportului dep\u0103\u015fit\u201d, a declarat <span>Gheorghe Tinel, liderul deputa\u0163ilor PDL.<\/span><\/p>\n<p data-index=\"3\">La aceast\u0103 situa\u0163ie s-a ajuns \u015fi din cauza campaniei electorale, care i-a \u0163inut departe de Parlament. Au venit o zi pe s\u0103pt\u0103m\u00e2n\u0103 ca s\u0103 \u00eencaseze diurnele de prezen\u0163\u0103. A\u015fa s-a ajuns \u015fi la un record: cea mai scurt\u0103 \u015fedin\u0163\u0103 din istoria Parlamentului: 23 de secunde.<\/p>\n<p data-index=\"4\">Deputatul neafiliat Remus Cernea a venit \u015fi el cu o solu\u0163ie pentru aducerea la zi a activit\u0103\u0163ilor: prelungirea sesiunii parlamentare. Conducerea Camerei a considerat, \u00eens\u0103, c\u0103 nu se justific\u0103 o astfel de m\u0103sur\u0103 extraordinar\u0103.<\/p>\n<p data-index=\"5\">\u201eEu sunt obligat ca pe 1 iulie s\u0103 \u00eenchid sesiunea ordinar\u0103 \u015fi s\u0103 deschid o sesiune extraordinar\u0103, doar dac\u0103 am probleme extraordinare, a\u015fa cum scrie \u00een Constitu\u0163ie. Eu m\u0103 uit la priorit\u0103\u0163ile Guvernului \u015fi la agenda Parlamentului Rom\u00e2niei. Dac\u0103 o termin p\u00e2n\u0103 \u00een iunie \u00eenseamn\u0103 c\u0103 sunt mul\u0163umit!\u201d, a sus\u0163inut <span>Valeriu Zgonea, pre\u015fedintele Camerei Deputa\u0163ilor.<\/span><\/p>\n<p data-index=\"6\">P\u00e2na la finalul sesiunii mai sunt trei saptam\u00e2ni. Ca s\u0103 termine toate cele 378 de legi restante, deputa\u0163ii ar trebui s\u0103 dezbat\u0103 63 de legi \u00een fiecare \u015fedin\u0163\u0103 de plen, performan\u0163\u0103 pe care nu au mai atins-o p\u00e2n\u0103 acum. \u00a0<\/p>\n<\/div>\n<p> Source URL: https:\/\/www.digi24.ro\/stiri\/actualitate\/politica\/rusaliile-ajuta-inactivitatea-din-parlament-din-liber-in-liber-pana-la-vacanta-mare-252519<\/p>\n","protected":false},"excerpt":{"rendered":"<p>Chiar \u00eenainte de vacan\u0163a mare, deputa\u0163ii \u015fi-au mai luat o s\u0103pt\u0103m\u00e2na liber\u0103. Au plecat acas\u0103 \u00eenc\u0103 de mar\u0163i \u015fi vor r\u0103m\u00e2ne \u00een teritoriu p\u00e2n\u0103 lunea viitoare, inclusiv. C\u00e2\u0163iva deputa\u0163i ai opozi\u0163iei i-au trimis o scrisoare pre\u015fedintelui Camerei, Valeriu Zgonea, prin care \u00eei amintesc faptul c\u0103 au cam r\u0103mas \u00een urm\u0103. \u201eVizavi de activitatea parlamentar\u0103, sau [&hellip;]<\/p>\n","protected":false},"author":1,"featured_media":203589,"comment_status":"open","ping_status":"","sticky":false,"template":"","format":"standard","meta":{"footnotes":""},"categories":[2],"tags":[11],"class_list":["post-203588","post","type-post","status-publish","format-standard","has-post-thumbnail","hentry","category-politics","tag-digi24"],"_links":{"self":[{"href":"https:\/\/analyse.optim.biz\/index.php?rest_route=\/wp\/v2\/posts\/203588","targetHints":{"allow":["GET"]}}],"collection":[{"href":"https:\/\/analyse.optim.biz\/index.php?rest_route=\/wp\/v2\/posts"}],"about":[{"href":"https:\/\/analyse.optim.biz\/index.php?rest_route=\/wp\/v2\/types\/post"}],"author":[{"embeddable":true,"href":"https:\/\/analyse.optim.biz\/index.php?rest_route=\/wp\/v2\/users\/1"}],"replies":[{"embeddable":true,"href":"https:\/\/analyse.optim.biz\/index.php?rest_route=%2Fwp%2Fv2%2Fcomments&post=203588"}],"version-history":[{"count":0,"href":"https:\/\/analyse.optim.biz\/index.php?rest_route=\/wp\/v2\/posts\/203588\/revisions"}],"wp:featuredmedia":[{"embeddable":true,"href":"https:\/\/analyse.optim.biz\/index.php?rest_route=\/wp\/v2\/media\/203589"}],"wp:attachment":[{"href":"https:\/\/analyse.optim.biz\/index.php?rest_route=%2Fwp%2Fv2%2Fmedia&parent=203588"}],"wp:term":[{"taxonomy":"category","embeddable":true,"href":"https:\/\/analyse.optim.biz\/index.php?rest_route=%2Fwp%2Fv2%2Fcategories&post=203588"},{"taxonomy":"post_tag","embeddable":true,"href":"https:\/\/analyse.optim.biz\/index.php?rest_route=%2Fwp%2Fv2%2Ftags&post=203588"}],"curies":[{"name":"wp","href":"https:\/\/api.w.org\/{rel}","templated":true}]}}