{"id":203577,"date":"2014-06-05T17:45:04","date_gmt":"2014-06-05T14:45:04","guid":{"rendered":"https:\/\/analyse.optim.biz\/?p=203577"},"modified":"2014-06-05T17:45:04","modified_gmt":"2014-06-05T14:45:04","slug":"udmr-e-membra-a-popularilor-europeni-dar-e-la-guvernare-cu-stanga-in-romania","status":"publish","type":"post","link":"https:\/\/analyse.optim.biz\/?p=203577","title":{"rendered":"UDMR e membr\u0103 a popularilor europeni, dar e la guvernare cu st\u00e2nga \u00een Rom\u00e2nia\u00a0"},"content":{"rendered":"<div class=\"entry data-app-meta data-app-meta-article\" data-embed-base-url-canonical=\"https:\/\/www.digi24.ro\/embed\/stiri\/actualitate\/politica\/udmr-e-membra-a-popularilor-europeni-dar-e-la-guvernare-cu-stanga-in-romania-252701\">\n<p data-index=\"1\">Europarlamentarii UDMR spun c\u0103 nu au primit repro\u015furi din partea colegilor popular-europeni pentru c\u0103, \u00een \u0163ar\u0103, Uniunea este la guvernare al\u0103turi de PSD. Ei spun c\u0103 alian\u0163e de guvernare formate din partide de dreapta \u015fi de st\u00e2nga exist\u0103 \u015fi \u00een Germania \u015fi Austria.<\/p>\n<p data-index=\"2\">\u201e<span>Eu cred c\u0103 sensul activit\u0103\u0163ii politice \u015fi ac\u0163iunii partidelor este acela de a asigura \u00eendeplinirea programelor proprii \u00een favoarea cet\u0103\u0163enilor pe care \u00eei reprezint\u0103. Nu v\u0103d nicio contradic\u0163ie c\u0103 suntem membri ai familiei PPE la nivel european \u015fi c\u0103 la nivel na\u0163ional, \u00een Rom\u00e2nia, avem o \u00een\u0163elegere, o coali\u0163ie de guvern\u0103m\u00e2nt\u201d, <\/span><span lang=\"en-US\">spune <\/span><span><strong>Iuliu Winkler<\/strong>, europarlamentar UDMR.<\/span><\/p>\n<p data-index=\"3\">\u00cen teritoriu, UDMR a \u00eenceput s\u0103 bat\u0103 palma cu partidele de dreapta. La Cluj, vicepre\u015fedintele Consiliului Jude\u0163ean, <strong>Vakar Istvan<\/strong>, a preluat, cu ajutorul consilierilor PNL \u015fi PDL, atribu\u0163iile pre\u015fedintelui Consiliului Jude\u0163ean, <strong>Horea Uioreanu<\/strong>, arestat preventiv.<\/p>\n<p data-index=\"4\">\u00centrebat dac\u0103 are inten\u0163ia de a face negocieri \u015fi cu UDMR, \u00een contextul \u00een care deja se \u00eentrevedea o colaborare la nivel european, <strong>Eugen Nicol\u0103escu<\/strong>, vicepre\u015fedinte PNL, a declarat: \u201e<span lang=\"en-US\">N<\/span><span>u am luat \u00een discu\u0163ie o asemnea ipotez\u0103, dar, din c\u00e2te \u015ftiu, la nivel local, asemenea discu\u0163ii sunt permise, cel pu\u0163in \u00een PNL, de o hot\u0103r\u00e2re mai veche a partidului. \u015ei la PDL este permis\u0103 o astfel de abordare.\u201d<\/span><\/p>\n<p data-index=\"5\">UDMR are \u00een guvern doi mini\u015ftri, pe <strong>Attila Korodi<\/strong> la Mediu \u015fi pe <strong>Kelemen Hunor<\/strong> la Cultur\u0103.\u00a0<\/p>\n<\/div>\n<p> Source URL: https:\/\/www.digi24.ro\/stiri\/actualitate\/politica\/udmr-e-membra-a-popularilor-europeni-dar-e-la-guvernare-cu-stanga-in-romania-252701<\/p>\n","protected":false},"excerpt":{"rendered":"<p>Europarlamentarii UDMR spun c\u0103 nu au primit repro\u015furi din partea colegilor popular-europeni pentru c\u0103, \u00een \u0163ar\u0103, Uniunea este la guvernare al\u0103turi de PSD. Ei spun c\u0103 alian\u0163e de guvernare formate din partide de dreapta \u015fi de st\u00e2nga exist\u0103 \u015fi \u00een Germania \u015fi Austria. \u201eEu cred c\u0103 sensul activit\u0103\u0163ii politice \u015fi ac\u0163iunii partidelor este acela de [&hellip;]<\/p>\n","protected":false},"author":1,"featured_media":203578,"comment_status":"open","ping_status":"","sticky":false,"template":"","format":"standard","meta":{"footnotes":""},"categories":[2],"tags":[11],"class_list":["post-203577","post","type-post","status-publish","format-standard","has-post-thumbnail","hentry","category-politics","tag-digi24"],"_links":{"self":[{"href":"https:\/\/analyse.optim.biz\/index.php?rest_route=\/wp\/v2\/posts\/203577","targetHints":{"allow":["GET"]}}],"collection":[{"href":"https:\/\/analyse.optim.biz\/index.php?rest_route=\/wp\/v2\/posts"}],"about":[{"href":"https:\/\/analyse.optim.biz\/index.php?rest_route=\/wp\/v2\/types\/post"}],"author":[{"embeddable":true,"href":"https:\/\/analyse.optim.biz\/index.php?rest_route=\/wp\/v2\/users\/1"}],"replies":[{"embeddable":true,"href":"https:\/\/analyse.optim.biz\/index.php?rest_route=%2Fwp%2Fv2%2Fcomments&post=203577"}],"version-history":[{"count":0,"href":"https:\/\/analyse.optim.biz\/index.php?rest_route=\/wp\/v2\/posts\/203577\/revisions"}],"wp:featuredmedia":[{"embeddable":true,"href":"https:\/\/analyse.optim.biz\/index.php?rest_route=\/wp\/v2\/media\/203578"}],"wp:attachment":[{"href":"https:\/\/analyse.optim.biz\/index.php?rest_route=%2Fwp%2Fv2%2Fmedia&parent=203577"}],"wp:term":[{"taxonomy":"category","embeddable":true,"href":"https:\/\/analyse.optim.biz\/index.php?rest_route=%2Fwp%2Fv2%2Fcategories&post=203577"},{"taxonomy":"post_tag","embeddable":true,"href":"https:\/\/analyse.optim.biz\/index.php?rest_route=%2Fwp%2Fv2%2Ftags&post=203577"}],"curies":[{"name":"wp","href":"https:\/\/api.w.org\/{rel}","templated":true}]}}